{"id":21335,"date":"2023-08-15T09:29:20","date_gmt":"2023-08-15T07:29:20","guid":{"rendered":"https:\/\/www.organisator.ch\/?p=21335"},"modified":"2023-09-08T10:29:43","modified_gmt":"2023-09-08T08:29:43","slug":"fuenf-kmu-fuer-das-finale-des-prix-svc-nordschweiz-2023-nominiert","status":"publish","type":"post","link":"https:\/\/www.organisator.ch\/fr\/management\/2023-08-15\/fuenf-kmu-fuer-das-finale-des-prix-svc-nordschweiz-2023-nominiert\/","title":{"rendered":"Cinq PME nomin\u00e9es pour la finale du Prix SVC Nordschweiz 2023"},"content":{"rendered":"<figure id=\"attachment_21336\" aria-describedby=\"caption-attachment-21336\" style=\"width: 680px\" class=\"wp-caption alignnone\"><img loading=\"lazy\" decoding=\"async\" class=\"size-full wp-image-21336\" src=\"https:\/\/www.organisator.ch\/wp-content\/uploads\/2023\/08\/Fuenf-KMU-fuer-das-Finale-des-Prix-SVC-Nordschweiz-2023-nominiert_Organisator.jpg\" alt=\"\" width=\"680\" height=\"468\" srcset=\"https:\/\/www.organisator.ch\/wp-content\/uploads\/2023\/08\/Fuenf-KMU-fuer-das-Finale-des-Prix-SVC-Nordschweiz-2023-nominiert_Organisator.jpg 680w, https:\/\/www.organisator.ch\/wp-content\/uploads\/2023\/08\/Fuenf-KMU-fuer-das-Finale-des-Prix-SVC-Nordschweiz-2023-nominiert_Organisator-18x12.jpg 18w, https:\/\/www.organisator.ch\/wp-content\/uploads\/2023\/08\/Fuenf-KMU-fuer-das-Finale-des-Prix-SVC-Nordschweiz-2023-nominiert_Organisator-375x258.jpg 375w, https:\/\/www.organisator.ch\/wp-content\/uploads\/2023\/08\/Fuenf-KMU-fuer-das-Finale-des-Prix-SVC-Nordschweiz-2023-nominiert_Organisator-509x350.jpg 509w\" sizes=\"auto, (max-width: 680px) 100vw, 680px\" \/><figcaption id=\"caption-attachment-21336\" class=\"wp-caption-text\">Ce troph\u00e9e sera \u00e0 nouveau en jeu le 14 novembre 2023 lors de la remise du Prix SVC Nordschweiz 2023. (Photo : Thomas Berner)<\/figcaption><\/figure>\n<p>L'organisme responsable et l'initiateur de la remise des Prix SVC est le Swiss Venture Club, une association ind\u00e9pendante de promotion et de soutien des PME en Suisse. Les remises de prix, qui constituent l'activit\u00e9 la plus visible du SVC, sont devenues des manifestations connues dans toute la Suisse, organis\u00e9es entre-temps dans huit r\u00e9gions \u00e9conomiques et tous les deux ans. C'est dans cet esprit que le SVC distingue \u00e0 nouveau, avec le Prix SVC Nordschweiz 2023, des PME exemplaires qui convainquent par leurs produits et services innovants, leur culture d'entreprise, la qualit\u00e9 de leurs collaborateurs et de leur management ainsi que par leur r\u00e9ussite durable. La condition pr\u00e9alable \u00e0 la nomination par le jury est un fort ancrage dans la r\u00e9gion.<\/p>\n<p>La remise des prix aura lieu le mardi 14 novembre 2023 au Congress Center Basel. Sont attendus 1'200 invit\u00e9s issus des milieux \u00e9conomiques, scientifiques, politiques et culturels. La c\u00e9r\u00e9monie sera anim\u00e9e par Dani von Wattenwyl. Toutes les entreprises finalistes 2023 de cette ann\u00e9e sont une fois de plus des success stories impressionnantes de la r\u00e9gion \u00e9conomique de la Suisse du Nord (par ordre alphab\u00e9tique) :<\/p>\n<h3>Bertschi AG<\/h3>\n<p>Bertschi AG est un prestataire de services logistiques actif au niveau mondial, sp\u00e9cialis\u00e9 dans les produits liquides et en vrac pour l'industrie chimique. Pionni\u00e8re dans le transport ferroviaire combin\u00e9 transalpin, l'entreprise familiale est \u00e0 l'avant-garde lorsqu'il s'agit de durabilit\u00e9 et de s\u00e9curit\u00e9 dans le transport de marchandises. Chaque ann\u00e9e, plus de 200 millions de kilom\u00e8tres de camions sont \u00e9limin\u00e9s, Bertschi, leader europ\u00e9en du transport intermodal de produits chimiques, transf\u00e9rant activement le trafic de la route vers le rail et les voies navigables. Le groupe Bertschi, dont le si\u00e8ge principal est \u00e0 D\u00fcrren\u00e4sch, est actif dans le monde entier avec 3 200 collaborateurs r\u00e9partis sur 74 sites dans 38 pays. Le pr\u00e9sident du conseil d'administration et actionnaire majoritaire est Hans-J\u00f6rg Bertschi, le CEO est Jan Arnet. Trois repr\u00e9sentants de la troisi\u00e8me g\u00e9n\u00e9ration sont actifs dans la direction de l'entreprise familiale.<br \/>\n<a href=\"http:\/\/www.bertschi.com\" target=\"_blank\" rel=\"noopener\">www.bertschi.com<\/a><\/p>\n<h3>Infors HT<\/h3>\n<p>Infors HT, dont le si\u00e8ge est \u00e0 Bottmingen, d\u00e9veloppe et produit depuis plus de 58 ans des solutions high-tech pour la biotechnologie. Sp\u00e9cialis\u00e9e dans les bior\u00e9acteurs, les incubateurs \u00e0 agitation et les logiciels de contr\u00f4le des bioproc\u00e9d\u00e9s, l'entreprise implique directement ses clients dans le d\u00e9veloppement des produits et con\u00e7oit ainsi des solutions orient\u00e9es vers la pratique. Les produits sont utilis\u00e9s dans le monde entier dans la recherche et le d\u00e9veloppement ainsi que dans la production, comme par exemple dans l'industrie biopharmaceutique, l'industrie alimentaire ou encore la technologie agricole. L'entreprise familiale, qui emploie pr\u00e8s de 300 personnes, dont 150 au si\u00e8ge principal en Suisse, dispose d'un r\u00e9seau de distribution mondial et d'un solide r\u00e9seau de fournisseurs de confiance. Le propri\u00e9taire est Alexander Hawrylenko.<br \/>\n<a href=\"http:\/\/www.infors-ht.com\" target=\"_blank\" rel=\"noopener\">www.infors-ht.com<\/a><\/p>\n<h3>Schelling AG<\/h3>\n<p>Schelling AG est une entreprise familiale avec plus de 145 ans de tradition. En tant que fabricant d'emballages et de pr\u00e9sentoirs haut de gamme en carton ondul\u00e9 et compact, ainsi que de produits imprim\u00e9s, de notices d'emballage, de sachets et d'\u00e9tiquettes, l'entreprise propose \u00e0 ses clients un service complet. Pionni\u00e8re dans le secteur, l'entreprise d\u00e9veloppe des solutions d'emballage \u00e0 partir de mati\u00e8res premi\u00e8res naturelles qui \u00e9tablissent de nouvelles r\u00e9f\u00e9rences. Citons par exemple les sachets 100 % sans microplastiques et les sachets biod\u00e9gradables. L'entreprise traditionnelle, dont le si\u00e8ge est \u00e0 Rupperswil, dispose de cinq sites en Suisse et en Allemagne, employant au total 600 personnes, et distribue ses solutions d'emballage et d'impression \u00e0 l'\u00e9chelle internationale. Le propri\u00e9taire, CEO et VRP est Beat M. Schelling.<br \/>\n<a href=\"http:\/\/www.schelling.ch\" target=\"_blank\" rel=\"noopener\">www.schelling.ch<\/a><\/p>\n<h3>St\u00f6cklin Logistik AG<\/h3>\n<p>Le groupe St\u00f6cklin, dont le si\u00e8ge est \u00e0 Laufen, est depuis 1934 un partenaire comp\u00e9tent pour des solutions logistiques innovantes et sp\u00e9cifiques aux clients dans le monde entier. En tant qu'int\u00e9grateur de syst\u00e8mes exp\u00e9riment\u00e9 au niveau international, St\u00f6cklin accompagne ses clients de la planification et de l'\u00e9tude de projet jusqu'\u00e0 la livraison de syst\u00e8mes complets cl\u00e9s en main dans le domaine de la logistique de stockage et de la gestion automatis\u00e9e des stocks. L'objectif de St\u00f6cklin Logistik AG est de stocker les produits en utilisant le moins de place possible, de les g\u00e9rer de mani\u00e8re fiable et de les transporter et de les pr\u00e9parer le plus rapidement possible avec un minimum de personnel. Environ 500 employ\u00e9s travaillent pour St\u00f6cklin dans le monde entier. Urs Gr\u00fctter est pr\u00e9sident et d\u00e9l\u00e9gu\u00e9 du conseil d'administration.<br \/>\n<a href=\"http:\/\/www.stoecklin.com\" target=\"_blank\" rel=\"noopener\">www.stoecklin.com<\/a><\/p>\n<h3>Groupe Wyniger - Le Teufelhof B\u00e2le SA<\/h3>\n<p>Le groupe Wyniger, issu de la maison d'h\u00f4tes et de culture \"Der Teufelhof Basel\", est une entreprise g\u00e9r\u00e9e par ses propri\u00e9taires et implant\u00e9e dans la r\u00e9gion de B\u00e2le, sp\u00e9cialis\u00e9e dans la gastronomie et l'h\u00f4tellerie. Le groupe d'entreprises comprend en outre diff\u00e9rentes entreprises culturelles et artisanales, un service de restauration ainsi qu'un Facility Management et des entreprises de services. Les \u00e9tablissements sont tous g\u00e9r\u00e9s individuellement et positionn\u00e9s sous leur propre marque. La maison traditionnelle Teufelhof, qui comprend un h\u00f4tel, un restaurant, un th\u00e9\u00e2tre, un bar et un caf\u00e9, une brasserie ainsi qu'un magasin de vins, est situ\u00e9e au c\u0153ur de la vieille ville de B\u00e2le. Le groupe emploie environ 500 personnes. Raphael Wyniger en est le propri\u00e9taire, le CEO et le VRP.<br \/>\n<a href=\"http:\/\/www.wyniger.com\" target=\"_blank\" rel=\"noopener\">www.wyniger.com<\/a> \/ <a href=\"https:\/\/www.teufelhof.com\/\" target=\"_blank\" rel=\"noopener\">www.teufelhof.com<\/a><\/p>","protected":false},"excerpt":{"rendered":"<p>Le 14 novembre 2023, le r\u00e9seau d'entrepreneurs Swiss Venture Club (SVC) d\u00e9cernera pour la onzi\u00e8me fois le Prix SVC Nordschweiz. Parmi une centaine d'entreprises de la r\u00e9gion, le jury compos\u00e9 de dix-sept experts et pr\u00e9sid\u00e9 par Bernhard B. Fischer, responsable de la client\u00e8le entreprises du nord-ouest de la Suisse, Credit Suisse (Suisse) SA, a d\u00e9sign\u00e9 cinq entreprises finalistes.<\/p>","protected":false},"author":4,"featured_media":21336,"comment_status":"closed","ping_status":"closed","sticky":false,"template":"","format":"standard","meta":{"_acf_changed":false,"_yoast_wpseo_focuskw":"Prix SVC Nordschweiz 2023","_yoast_wpseo_metadesc":"Das Unternehmernetzwerk Swiss Venture Club (SVC) vergibt am 14. November den Prix SVC Nordschweiz 2023. F\u00fcnf KMU sind nominiert.","articlekey":"","footnotes":""},"categories":[28],"tags":[66,3877,466,492],"class_list":["post-21335","post","type-post","status-publish","format-standard","has-post-thumbnail","hentry","category-management","tag-awards","tag-prix-svc-nordschweiz","tag-swiss-venture-club","tag-unternehmen"],"acf":[],"yoast_head":"<!-- This site is optimized with the Yoast SEO plugin v27.5 - https:\/\/yoast.com\/product\/yoast-seo-wordpress\/ -->\n<title>F\u00fcnf KMU f\u00fcr das Finale des Prix SVC Nordschweiz 2023 nominiert - Organisator<\/title>\n<meta name=\"description\" content=\"Das Unternehmernetzwerk Swiss Venture Club (SVC) vergibt am 14. November den Prix SVC Nordschweiz 2023. F\u00fcnf KMU sind nominiert.\" \/>\n<meta name=\"robots\" content=\"index, follow, max-snippet:-1, max-image-preview:large, max-video-preview:-1\" \/>\n<link rel=\"canonical\" href=\"https:\/\/www.organisator.ch\/fr\/gestion-2\/2023-08-15\/fuenf-kmu-fuer-das-finale-des-prix-svc-nordschweiz-2023-nominiert\/\" \/>\n<meta property=\"og:locale\" content=\"fr_FR\" \/>\n<meta property=\"og:type\" content=\"article\" \/>\n<meta property=\"og:title\" content=\"F\u00fcnf KMU f\u00fcr das Finale des Prix SVC Nordschweiz 2023 nominiert\" \/>\n<meta property=\"og:description\" content=\"Das Unternehmernetzwerk Swiss Venture Club (SVC) vergibt am 14. November den Prix SVC Nordschweiz 2023. F\u00fcnf KMU sind nominiert.\" \/>\n<meta property=\"og:url\" content=\"https:\/\/www.organisator.ch\/fr\/gestion-2\/2023-08-15\/fuenf-kmu-fuer-das-finale-des-prix-svc-nordschweiz-2023-nominiert\/\" \/>\n<meta property=\"og:site_name\" content=\"Organisator\" \/>\n<meta property=\"article:publisher\" content=\"https:\/\/www.facebook.com\/OrganisatorFachmagazin\" \/>\n<meta property=\"article:published_time\" content=\"2023-08-15T07:29:20+00:00\" \/>\n<meta property=\"article:modified_time\" content=\"2023-09-08T08:29:43+00:00\" \/>\n<meta property=\"og:image\" content=\"https:\/\/www.organisator.ch\/wp-content\/uploads\/2023\/08\/Fuenf-KMU-fuer-das-Finale-des-Prix-SVC-Nordschweiz-2023-nominiert_Organisator.jpg\" \/>\n\t<meta property=\"og:image:width\" content=\"680\" \/>\n\t<meta property=\"og:image:height\" content=\"468\" \/>\n\t<meta property=\"og:image:type\" content=\"image\/jpeg\" \/>\n<meta name=\"author\" content=\"thomas.berner\" \/>\n<meta name=\"twitter:card\" content=\"summary_large_image\" \/>\n<meta name=\"twitter:title\" content=\"F\u00fcnf #KMU f\u00fcr das Finale des Prix #SVC #Nordschweiz 2023 nominiert\" \/>\n<meta name=\"twitter:description\" content=\"Das Unternehmernetzwerk Swiss Venture Club (#SVC) vergibt am 14. November den Prix SVC #Nordschweiz 2023. F\u00fcnf KMU sind nominiert.\" \/>\n<meta name=\"twitter:image\" content=\"https:\/\/www.organisator.ch\/wp-content\/uploads\/2023\/08\/Fuenf-KMU-fuer-das-Finale-des-Prix-SVC-Nordschweiz-2023-nominiert_Organisator.jpg\" \/>\n<script type=\"application\/ld+json\" class=\"yoast-schema-graph\">{\"@context\":\"https:\\\/\\\/schema.org\",\"@graph\":[{\"@type\":\"Article\",\"@id\":\"https:\\\/\\\/www.organisator.ch\\\/management\\\/2023-08-15\\\/fuenf-kmu-fuer-das-finale-des-prix-svc-nordschweiz-2023-nominiert\\\/#article\",\"isPartOf\":{\"@id\":\"https:\\\/\\\/www.organisator.ch\\\/management\\\/2023-08-15\\\/fuenf-kmu-fuer-das-finale-des-prix-svc-nordschweiz-2023-nominiert\\\/\"},\"author\":{\"name\":\"thomas.berner\",\"@id\":\"https:\\\/\\\/www.organisator.ch\\\/#\\\/schema\\\/person\\\/6f650f90b2842cd4c0cc334b4e36f67e\"},\"headline\":\"F\u00fcnf KMU f\u00fcr das Finale des Prix SVC Nordschweiz 2023 nominiert\",\"datePublished\":\"2023-08-15T07:29:20+00:00\",\"dateModified\":\"2023-09-08T08:29:43+00:00\",\"mainEntityOfPage\":{\"@id\":\"https:\\\/\\\/www.organisator.ch\\\/management\\\/2023-08-15\\\/fuenf-kmu-fuer-das-finale-des-prix-svc-nordschweiz-2023-nominiert\\\/\"},\"wordCount\":748,\"publisher\":{\"@id\":\"https:\\\/\\\/www.organisator.ch\\\/#organization\"},\"image\":{\"@id\":\"https:\\\/\\\/www.organisator.ch\\\/management\\\/2023-08-15\\\/fuenf-kmu-fuer-das-finale-des-prix-svc-nordschweiz-2023-nominiert\\\/#primaryimage\"},\"thumbnailUrl\":\"https:\\\/\\\/www.organisator.ch\\\/wp-content\\\/uploads\\\/2023\\\/08\\\/Fuenf-KMU-fuer-das-Finale-des-Prix-SVC-Nordschweiz-2023-nominiert_Organisator.jpg\",\"keywords\":[\"Awards\",\"Prix SVC Nordschweiz\",\"Swiss Venture Club\",\"Unternehmen\"],\"articleSection\":[\"MANAGEMENT\"],\"inLanguage\":\"fr-FR\"},{\"@type\":\"WebPage\",\"@id\":\"https:\\\/\\\/www.organisator.ch\\\/management\\\/2023-08-15\\\/fuenf-kmu-fuer-das-finale-des-prix-svc-nordschweiz-2023-nominiert\\\/\",\"url\":\"https:\\\/\\\/www.organisator.ch\\\/management\\\/2023-08-15\\\/fuenf-kmu-fuer-das-finale-des-prix-svc-nordschweiz-2023-nominiert\\\/\",\"name\":\"F\u00fcnf KMU f\u00fcr das Finale des Prix SVC Nordschweiz 2023 nominiert - Organisator\",\"isPartOf\":{\"@id\":\"https:\\\/\\\/www.organisator.ch\\\/#website\"},\"primaryImageOfPage\":{\"@id\":\"https:\\\/\\\/www.organisator.ch\\\/management\\\/2023-08-15\\\/fuenf-kmu-fuer-das-finale-des-prix-svc-nordschweiz-2023-nominiert\\\/#primaryimage\"},\"image\":{\"@id\":\"https:\\\/\\\/www.organisator.ch\\\/management\\\/2023-08-15\\\/fuenf-kmu-fuer-das-finale-des-prix-svc-nordschweiz-2023-nominiert\\\/#primaryimage\"},\"thumbnailUrl\":\"https:\\\/\\\/www.organisator.ch\\\/wp-content\\\/uploads\\\/2023\\\/08\\\/Fuenf-KMU-fuer-das-Finale-des-Prix-SVC-Nordschweiz-2023-nominiert_Organisator.jpg\",\"datePublished\":\"2023-08-15T07:29:20+00:00\",\"dateModified\":\"2023-09-08T08:29:43+00:00\",\"description\":\"Das Unternehmernetzwerk Swiss Venture Club (SVC) vergibt am 14. November den Prix SVC Nordschweiz 2023. F\u00fcnf KMU sind nominiert.\",\"breadcrumb\":{\"@id\":\"https:\\\/\\\/www.organisator.ch\\\/management\\\/2023-08-15\\\/fuenf-kmu-fuer-das-finale-des-prix-svc-nordschweiz-2023-nominiert\\\/#breadcrumb\"},\"inLanguage\":\"fr-FR\",\"potentialAction\":[{\"@type\":\"ReadAction\",\"target\":[\"https:\\\/\\\/www.organisator.ch\\\/management\\\/2023-08-15\\\/fuenf-kmu-fuer-das-finale-des-prix-svc-nordschweiz-2023-nominiert\\\/\"]}]},{\"@type\":\"ImageObject\",\"inLanguage\":\"fr-FR\",\"@id\":\"https:\\\/\\\/www.organisator.ch\\\/management\\\/2023-08-15\\\/fuenf-kmu-fuer-das-finale-des-prix-svc-nordschweiz-2023-nominiert\\\/#primaryimage\",\"url\":\"https:\\\/\\\/www.organisator.ch\\\/wp-content\\\/uploads\\\/2023\\\/08\\\/Fuenf-KMU-fuer-das-Finale-des-Prix-SVC-Nordschweiz-2023-nominiert_Organisator.jpg\",\"contentUrl\":\"https:\\\/\\\/www.organisator.ch\\\/wp-content\\\/uploads\\\/2023\\\/08\\\/Fuenf-KMU-fuer-das-Finale-des-Prix-SVC-Nordschweiz-2023-nominiert_Organisator.jpg\",\"width\":680,\"height\":468,\"caption\":\"Um diese Troph\u00e4e geht es wieder am 14. November 2023 bei der Verleihung des Prix SVC Nordschweiz 2023. (Bild: Thomas Berner)\"},{\"@type\":\"BreadcrumbList\",\"@id\":\"https:\\\/\\\/www.organisator.ch\\\/management\\\/2023-08-15\\\/fuenf-kmu-fuer-das-finale-des-prix-svc-nordschweiz-2023-nominiert\\\/#breadcrumb\",\"itemListElement\":[{\"@type\":\"ListItem\",\"position\":1,\"name\":\"Home\",\"item\":\"https:\\\/\\\/www.organisator.ch\\\/\"},{\"@type\":\"ListItem\",\"position\":2,\"name\":\"F\u00fcnf KMU f\u00fcr das Finale des Prix SVC Nordschweiz 2023 nominiert\"}]},{\"@type\":\"WebSite\",\"@id\":\"https:\\\/\\\/www.organisator.ch\\\/#website\",\"url\":\"https:\\\/\\\/www.organisator.ch\\\/\",\"name\":\"Organisator\",\"description\":\"Kompetent. Praxisnah. Der ORGANISATOR bereitet in 10 Ausgaben pro Jahr die wesentlichen Themen f\u00fcr F\u00fchrungskr\u00e4fte von KMU auf.\",\"publisher\":{\"@id\":\"https:\\\/\\\/www.organisator.ch\\\/#organization\"},\"potentialAction\":[{\"@type\":\"SearchAction\",\"target\":{\"@type\":\"EntryPoint\",\"urlTemplate\":\"https:\\\/\\\/www.organisator.ch\\\/?s={search_term_string}\"},\"query-input\":{\"@type\":\"PropertyValueSpecification\",\"valueRequired\":true,\"valueName\":\"search_term_string\"}}],\"inLanguage\":\"fr-FR\"},{\"@type\":\"Organization\",\"@id\":\"https:\\\/\\\/www.organisator.ch\\\/#organization\",\"name\":\"Organisator\",\"url\":\"https:\\\/\\\/www.organisator.ch\\\/\",\"logo\":{\"@type\":\"ImageObject\",\"inLanguage\":\"fr-FR\",\"@id\":\"https:\\\/\\\/www.organisator.ch\\\/#\\\/schema\\\/logo\\\/image\\\/\",\"url\":\"https:\\\/\\\/www.organisator.ch\\\/wp-content\\\/uploads\\\/2022\\\/01\\\/Logo_Organisator_Website.png\",\"contentUrl\":\"https:\\\/\\\/www.organisator.ch\\\/wp-content\\\/uploads\\\/2022\\\/01\\\/Logo_Organisator_Website.png\",\"width\":800,\"height\":77,\"caption\":\"Organisator\"},\"image\":{\"@id\":\"https:\\\/\\\/www.organisator.ch\\\/#\\\/schema\\\/logo\\\/image\\\/\"},\"sameAs\":[\"https:\\\/\\\/www.facebook.com\\\/OrganisatorFachmagazin\",\"https:\\\/\\\/www.linkedin.com\\\/showcase\\\/organisator-das-magazin-fr-kmu\",\"https:\\\/\\\/www.xing.com\\\/news\\\/pages\\\/organisator-ch-695\",\"https:\\\/\\\/www.youtube.com\\\/channel\\\/UCGP2Sq0iWaZwT3BdIAQFYpw\"]},{\"@type\":\"Person\",\"@id\":\"https:\\\/\\\/www.organisator.ch\\\/#\\\/schema\\\/person\\\/6f650f90b2842cd4c0cc334b4e36f67e\",\"name\":\"thomas.berner\",\"image\":{\"@type\":\"ImageObject\",\"inLanguage\":\"fr-FR\",\"@id\":\"https:\\\/\\\/secure.gravatar.com\\\/avatar\\\/ac5001d2a36cb6c6cd3e50789007ffca834b477b74a2144564522e944eabff61?s=96&d=mm&r=g\",\"url\":\"https:\\\/\\\/secure.gravatar.com\\\/avatar\\\/ac5001d2a36cb6c6cd3e50789007ffca834b477b74a2144564522e944eabff61?s=96&d=mm&r=g\",\"contentUrl\":\"https:\\\/\\\/secure.gravatar.com\\\/avatar\\\/ac5001d2a36cb6c6cd3e50789007ffca834b477b74a2144564522e944eabff61?s=96&d=mm&r=g\",\"caption\":\"thomas.berner\"},\"url\":\"https:\\\/\\\/www.organisator.ch\\\/fr\\\/author\\\/thomas-berner\\\/\"}]}<\/script>\n<!-- \/ Yoast SEO plugin. -->","yoast_head_json":{"title":"Cinq PME nomin\u00e9es pour la finale du Prix SVC Nordschweiz 2023 - Organisateur","description":"Le r\u00e9seau d'entrepreneurs Swiss Venture Club (SVC) d\u00e9cernera le 14 novembre le Prix SVC Nordschweiz 2023. Cinq PME sont nomin\u00e9es.","robots":{"index":"index","follow":"follow","max-snippet":"max-snippet:-1","max-image-preview":"max-image-preview:large","max-video-preview":"max-video-preview:-1"},"canonical":"https:\/\/www.organisator.ch\/fr\/gestion-2\/2023-08-15\/fuenf-kmu-fuer-das-finale-des-prix-svc-nordschweiz-2023-nominiert\/","og_locale":"fr_FR","og_type":"article","og_title":"F\u00fcnf KMU f\u00fcr das Finale des Prix SVC Nordschweiz 2023 nominiert","og_description":"Das Unternehmernetzwerk Swiss Venture Club (SVC) vergibt am 14. November den Prix SVC Nordschweiz 2023. F\u00fcnf KMU sind nominiert.","og_url":"https:\/\/www.organisator.ch\/fr\/gestion-2\/2023-08-15\/fuenf-kmu-fuer-das-finale-des-prix-svc-nordschweiz-2023-nominiert\/","og_site_name":"Organisator","article_publisher":"https:\/\/www.facebook.com\/OrganisatorFachmagazin","article_published_time":"2023-08-15T07:29:20+00:00","article_modified_time":"2023-09-08T08:29:43+00:00","og_image":[{"width":680,"height":468,"url":"https:\/\/www.organisator.ch\/wp-content\/uploads\/2023\/08\/Fuenf-KMU-fuer-das-Finale-des-Prix-SVC-Nordschweiz-2023-nominiert_Organisator.jpg","type":"image\/jpeg"}],"author":"thomas.berner","twitter_card":"summary_large_image","twitter_title":"F\u00fcnf #KMU f\u00fcr das Finale des Prix #SVC #Nordschweiz 2023 nominiert","twitter_description":"Das Unternehmernetzwerk Swiss Venture Club (#SVC) vergibt am 14. November den Prix SVC #Nordschweiz 2023. F\u00fcnf KMU sind nominiert.","twitter_image":"https:\/\/www.organisator.ch\/wp-content\/uploads\/2023\/08\/Fuenf-KMU-fuer-das-Finale-des-Prix-SVC-Nordschweiz-2023-nominiert_Organisator.jpg","schema":{"@context":"https:\/\/schema.org","@graph":[{"@type":"Article","@id":"https:\/\/www.organisator.ch\/management\/2023-08-15\/fuenf-kmu-fuer-das-finale-des-prix-svc-nordschweiz-2023-nominiert\/#article","isPartOf":{"@id":"https:\/\/www.organisator.ch\/management\/2023-08-15\/fuenf-kmu-fuer-das-finale-des-prix-svc-nordschweiz-2023-nominiert\/"},"author":{"name":"thomas.berner","@id":"https:\/\/www.organisator.ch\/#\/schema\/person\/6f650f90b2842cd4c0cc334b4e36f67e"},"headline":"F\u00fcnf KMU f\u00fcr das Finale des Prix SVC Nordschweiz 2023 nominiert","datePublished":"2023-08-15T07:29:20+00:00","dateModified":"2023-09-08T08:29:43+00:00","mainEntityOfPage":{"@id":"https:\/\/www.organisator.ch\/management\/2023-08-15\/fuenf-kmu-fuer-das-finale-des-prix-svc-nordschweiz-2023-nominiert\/"},"wordCount":748,"publisher":{"@id":"https:\/\/www.organisator.ch\/#organization"},"image":{"@id":"https:\/\/www.organisator.ch\/management\/2023-08-15\/fuenf-kmu-fuer-das-finale-des-prix-svc-nordschweiz-2023-nominiert\/#primaryimage"},"thumbnailUrl":"https:\/\/www.organisator.ch\/wp-content\/uploads\/2023\/08\/Fuenf-KMU-fuer-das-Finale-des-Prix-SVC-Nordschweiz-2023-nominiert_Organisator.jpg","keywords":["Awards","Prix SVC Nordschweiz","Swiss Venture Club","Unternehmen"],"articleSection":["MANAGEMENT"],"inLanguage":"fr-FR"},{"@type":"WebPage","@id":"https:\/\/www.organisator.ch\/management\/2023-08-15\/fuenf-kmu-fuer-das-finale-des-prix-svc-nordschweiz-2023-nominiert\/","url":"https:\/\/www.organisator.ch\/management\/2023-08-15\/fuenf-kmu-fuer-das-finale-des-prix-svc-nordschweiz-2023-nominiert\/","name":"Cinq PME nomin\u00e9es pour la finale du Prix SVC Nordschweiz 2023 - Organisateur","isPartOf":{"@id":"https:\/\/www.organisator.ch\/#website"},"primaryImageOfPage":{"@id":"https:\/\/www.organisator.ch\/management\/2023-08-15\/fuenf-kmu-fuer-das-finale-des-prix-svc-nordschweiz-2023-nominiert\/#primaryimage"},"image":{"@id":"https:\/\/www.organisator.ch\/management\/2023-08-15\/fuenf-kmu-fuer-das-finale-des-prix-svc-nordschweiz-2023-nominiert\/#primaryimage"},"thumbnailUrl":"https:\/\/www.organisator.ch\/wp-content\/uploads\/2023\/08\/Fuenf-KMU-fuer-das-Finale-des-Prix-SVC-Nordschweiz-2023-nominiert_Organisator.jpg","datePublished":"2023-08-15T07:29:20+00:00","dateModified":"2023-09-08T08:29:43+00:00","description":"Le r\u00e9seau d'entrepreneurs Swiss Venture Club (SVC) d\u00e9cernera le 14 novembre le Prix SVC Nordschweiz 2023. Cinq PME sont nomin\u00e9es.","breadcrumb":{"@id":"https:\/\/www.organisator.ch\/management\/2023-08-15\/fuenf-kmu-fuer-das-finale-des-prix-svc-nordschweiz-2023-nominiert\/#breadcrumb"},"inLanguage":"fr-FR","potentialAction":[{"@type":"ReadAction","target":["https:\/\/www.organisator.ch\/management\/2023-08-15\/fuenf-kmu-fuer-das-finale-des-prix-svc-nordschweiz-2023-nominiert\/"]}]},{"@type":"ImageObject","inLanguage":"fr-FR","@id":"https:\/\/www.organisator.ch\/management\/2023-08-15\/fuenf-kmu-fuer-das-finale-des-prix-svc-nordschweiz-2023-nominiert\/#primaryimage","url":"https:\/\/www.organisator.ch\/wp-content\/uploads\/2023\/08\/Fuenf-KMU-fuer-das-Finale-des-Prix-SVC-Nordschweiz-2023-nominiert_Organisator.jpg","contentUrl":"https:\/\/www.organisator.ch\/wp-content\/uploads\/2023\/08\/Fuenf-KMU-fuer-das-Finale-des-Prix-SVC-Nordschweiz-2023-nominiert_Organisator.jpg","width":680,"height":468,"caption":"Um diese Troph\u00e4e geht es wieder am 14. November 2023 bei der Verleihung des Prix SVC Nordschweiz 2023. (Bild: Thomas Berner)"},{"@type":"BreadcrumbList","@id":"https:\/\/www.organisator.ch\/management\/2023-08-15\/fuenf-kmu-fuer-das-finale-des-prix-svc-nordschweiz-2023-nominiert\/#breadcrumb","itemListElement":[{"@type":"ListItem","position":1,"name":"Home","item":"https:\/\/www.organisator.ch\/"},{"@type":"ListItem","position":2,"name":"F\u00fcnf KMU f\u00fcr das Finale des Prix SVC Nordschweiz 2023 nominiert"}]},{"@type":"WebSite","@id":"https:\/\/www.organisator.ch\/#website","url":"https:\/\/www.organisator.ch\/","name":"Organisateur","description":"Comp\u00e9tence et comp\u00e9tence. Proches de la pratique. L'ORGANISATEUR pr\u00e9pare 10 num\u00e9ros par an sur les th\u00e8mes essentiels pour les dirigeants de PME.","publisher":{"@id":"https:\/\/www.organisator.ch\/#organization"},"potentialAction":[{"@type":"SearchAction","target":{"@type":"EntryPoint","urlTemplate":"https:\/\/www.organisator.ch\/?s={search_term_string}"},"query-input":{"@type":"PropertyValueSpecification","valueRequired":true,"valueName":"search_term_string"}}],"inLanguage":"fr-FR"},{"@type":"Organization","@id":"https:\/\/www.organisator.ch\/#organization","name":"Organisateur","url":"https:\/\/www.organisator.ch\/","logo":{"@type":"ImageObject","inLanguage":"fr-FR","@id":"https:\/\/www.organisator.ch\/#\/schema\/logo\/image\/","url":"https:\/\/www.organisator.ch\/wp-content\/uploads\/2022\/01\/Logo_Organisator_Website.png","contentUrl":"https:\/\/www.organisator.ch\/wp-content\/uploads\/2022\/01\/Logo_Organisator_Website.png","width":800,"height":77,"caption":"Organisator"},"image":{"@id":"https:\/\/www.organisator.ch\/#\/schema\/logo\/image\/"},"sameAs":["https:\/\/www.facebook.com\/OrganisatorFachmagazin","https:\/\/www.linkedin.com\/showcase\/organisator-das-magazin-fr-kmu","https:\/\/www.xing.com\/news\/pages\/organisator-ch-695","https:\/\/www.youtube.com\/channel\/UCGP2Sq0iWaZwT3BdIAQFYpw"]},{"@type":"Person","@id":"https:\/\/www.organisator.ch\/#\/schema\/person\/6f650f90b2842cd4c0cc334b4e36f67e","name":"thomas.berner","image":{"@type":"ImageObject","inLanguage":"fr-FR","@id":"https:\/\/secure.gravatar.com\/avatar\/ac5001d2a36cb6c6cd3e50789007ffca834b477b74a2144564522e944eabff61?s=96&d=mm&r=g","url":"https:\/\/secure.gravatar.com\/avatar\/ac5001d2a36cb6c6cd3e50789007ffca834b477b74a2144564522e944eabff61?s=96&d=mm&r=g","contentUrl":"https:\/\/secure.gravatar.com\/avatar\/ac5001d2a36cb6c6cd3e50789007ffca834b477b74a2144564522e944eabff61?s=96&d=mm&r=g","caption":"thomas.berner"},"url":"https:\/\/www.organisator.ch\/fr\/author\/thomas-berner\/"}]}},"_links":{"self":[{"href":"https:\/\/www.organisator.ch\/fr\/wp-json\/wp\/v2\/posts\/21335","targetHints":{"allow":["GET"]}}],"collection":[{"href":"https:\/\/www.organisator.ch\/fr\/wp-json\/wp\/v2\/posts"}],"about":[{"href":"https:\/\/www.organisator.ch\/fr\/wp-json\/wp\/v2\/types\/post"}],"author":[{"embeddable":true,"href":"https:\/\/www.organisator.ch\/fr\/wp-json\/wp\/v2\/users\/4"}],"replies":[{"embeddable":true,"href":"https:\/\/www.organisator.ch\/fr\/wp-json\/wp\/v2\/comments?post=21335"}],"version-history":[{"count":1,"href":"https:\/\/www.organisator.ch\/fr\/wp-json\/wp\/v2\/posts\/21335\/revisions"}],"predecessor-version":[{"id":21338,"href":"https:\/\/www.organisator.ch\/fr\/wp-json\/wp\/v2\/posts\/21335\/revisions\/21338"}],"wp:featuredmedia":[{"embeddable":true,"href":"https:\/\/www.organisator.ch\/fr\/wp-json\/wp\/v2\/media\/21336"}],"wp:attachment":[{"href":"https:\/\/www.organisator.ch\/fr\/wp-json\/wp\/v2\/media?parent=21335"}],"wp:term":[{"taxonomy":"category","embeddable":true,"href":"https:\/\/www.organisator.ch\/fr\/wp-json\/wp\/v2\/categories?post=21335"},{"taxonomy":"post_tag","embeddable":true,"href":"https:\/\/www.organisator.ch\/fr\/wp-json\/wp\/v2\/tags?post=21335"}],"curies":[{"name":"wp","href":"https:\/\/api.w.org\/{rel}","templated":true}]}}