{"id":21349,"date":"2023-08-16T15:11:00","date_gmt":"2023-08-16T13:11:00","guid":{"rendered":"https:\/\/www.organisator.ch\/?p=21349"},"modified":"2023-08-16T15:11:00","modified_gmt":"2023-08-16T13:11:00","slug":"retailsolutions-eroeffnet-niederlassung-in-suedafrika","status":"publish","type":"post","link":"https:\/\/www.organisator.ch\/fr\/management\/2023-08-16\/retailsolutions-eroeffnet-niederlassung-in-suedafrika\/","title":{"rendered":"retailsolutions ouvre une filiale en Afrique du Sud"},"content":{"rendered":"<figure id=\"attachment_21355\" aria-describedby=\"caption-attachment-21355\" style=\"width: 680px\" class=\"wp-caption alignnone\"><img loading=\"lazy\" decoding=\"async\" class=\"size-full wp-image-21355\" src=\"https:\/\/www.organisator.ch\/wp-content\/uploads\/2023\/08\/retailsolutions-eroeffnet-Niederlassung-in-Suedafrika_Organisator.jpg\" alt=\"\" width=\"680\" height=\"387\" srcset=\"https:\/\/www.organisator.ch\/wp-content\/uploads\/2023\/08\/retailsolutions-eroeffnet-Niederlassung-in-Suedafrika_Organisator.jpg 680w, https:\/\/www.organisator.ch\/wp-content\/uploads\/2023\/08\/retailsolutions-eroeffnet-Niederlassung-in-Suedafrika_Organisator-18x10.jpg 18w, https:\/\/www.organisator.ch\/wp-content\/uploads\/2023\/08\/retailsolutions-eroeffnet-Niederlassung-in-Suedafrika_Organisator-375x213.jpg 375w, https:\/\/www.organisator.ch\/wp-content\/uploads\/2023\/08\/retailsolutions-eroeffnet-Niederlassung-in-Suedafrika_Organisator-615x350.jpg 615w\" sizes=\"auto, (max-width: 680px) 100vw, 680px\" \/><figcaption id=\"caption-attachment-21355\" class=\"wp-caption-text\">Michael Niestroy, Managing Partner de retailsolutions (\u00e0 gauche) et Louis Stemmet, directeur de la filiale en Afrique du Sud. (Images : zVg \/ retailsolutions)<\/figcaption><\/figure>\n<p>Avec cette nouvelle filiale, l'entreprise retailsolutions souhaite \u00e9largir sa pr\u00e9sence internationale et \u00eatre plus active sur le march\u00e9 sud-africain. \"Nous nous concentrerons sur les transformations S\/4HANA et sur le soutien aux d\u00e9taillants sud-africains dans l'optimisation des d\u00e9fis de promotion et de r\u00e9approvisionnement gr\u00e2ce \u00e0 l'utilisation du Machine Learning, des th\u00e8mes cl\u00e9s dans le secteur de la vente au d\u00e9tail\", explique le Managing Partner Michael Niestroy, responsable des filiales internationales de l'entreprise. Afin de proposer aux clients une gamme compl\u00e8te de solutions innovantes, l'accent est \u00e9galement mis sur des th\u00e8mes tels que les impl\u00e9mentations de cloud public.<\/p>\n<p>Louis Stemmet a \u00e9t\u00e9 engag\u00e9 comme Country Manager pour diriger la filiale sud-africaine. Il dispose d'une longue exp\u00e9rience en tant que consultant SAP dans l'industrie du commerce de d\u00e9tail. Il se concentre personnellement sur le domaine du r\u00e9approvisionnement, qu'il a \u00e9galement trait\u00e9 dans sa th\u00e8se de doctorat. Gr\u00e2ce \u00e0 sa connaissance approfondie du march\u00e9 sud-africain du commerce de d\u00e9tail et \u00e0 sa grande expertise SAP, Stemmet contribuera de mani\u00e8re d\u00e9cisive \u00e0 renforcer la position de retailsolutions en tant qu'entreprise leader de conseil SAP Retail et en tant que partenaire de maintenance et de distribution. En plus de l'acquisition de clients, l'entreprise poursuivra activement le d\u00e9veloppement de son personnel sur place. \"Il est pr\u00e9vu de mettre en place un centre de proximit\u00e9 afin de d\u00e9velopper des solutions sur mesure et de r\u00e9pondre aux exigences individuelles du march\u00e9 de d\u00e9tail sud-africain, mais aussi de mettre \u00e0 disposition des ressources hautement qualifi\u00e9es et rentables pour les projets internationaux\", explique Stemmet.<\/p>\n<p><a href=\"http:\/\/www.retailsolutions.ch\"><em>Source et informations compl\u00e9mentaires<\/em><\/a><\/p>","protected":false},"excerpt":{"rendered":"<p>La soci\u00e9t\u00e9 de conseil SAP zougoise retailsolutions, sp\u00e9cialis\u00e9e dans le commerce de gros et de d\u00e9tail et comptant jusqu'\u00e0 pr\u00e9sent sept succursales en Europe, poursuit son expansion et ouvre sa premi\u00e8re filiale hors d'Europe au Cap, en Afrique du Sud. <\/p>","protected":false},"author":4,"featured_media":21355,"comment_status":"closed","ping_status":"closed","sticky":false,"template":"","format":"standard","meta":{"_acf_changed":false,"_yoast_wpseo_focuskw":"retailsolutions","_yoast_wpseo_metadesc":"Das Zuger SAP-Beratungshaus retailsolutions er\u00f6ffnet seine erste Niederlassung im aussereurop\u00e4ischen Raum in Kapstadt, S\u00fcdafrika.","articlekey":"","footnotes":""},"categories":[28],"tags":[287,335,492],"class_list":["post-21349","post","type-post","status-publish","format-standard","has-post-thumbnail","hentry","category-management","tag-itbusiness-software","tag-management-und-unternehmensfuehrung","tag-unternehmen"],"acf":[],"yoast_head":"<!-- This site is optimized with the Yoast SEO plugin v27.5 - https:\/\/yoast.com\/product\/yoast-seo-wordpress\/ -->\n<title>retailsolutions er\u00f6ffnet Niederlassung in S\u00fcdafrika - Organisator<\/title>\n<meta name=\"description\" content=\"Das Zuger SAP-Beratungshaus retailsolutions er\u00f6ffnet seine erste Niederlassung im aussereurop\u00e4ischen Raum in Kapstadt, S\u00fcdafrika.\" \/>\n<meta name=\"robots\" content=\"index, follow, max-snippet:-1, max-image-preview:large, max-video-preview:-1\" \/>\n<link rel=\"canonical\" href=\"https:\/\/www.organisator.ch\/fr\/gestion-2\/2023-08-16\/retailsolutions-eroeffnet-niederlassung-in-suedafrika\/\" \/>\n<meta property=\"og:locale\" content=\"fr_FR\" \/>\n<meta property=\"og:type\" content=\"article\" \/>\n<meta property=\"og:title\" content=\"retailsolutions er\u00f6ffnet Niederlassung in S\u00fcdafrika\" \/>\n<meta property=\"og:description\" content=\"Das Zuger SAP-Beratungshaus retailsolutions er\u00f6ffnet seine erste Niederlassung im aussereurop\u00e4ischen Raum in Kapstadt, S\u00fcdafrika.\" \/>\n<meta property=\"og:url\" content=\"https:\/\/www.organisator.ch\/fr\/gestion-2\/2023-08-16\/retailsolutions-eroeffnet-niederlassung-in-suedafrika\/\" \/>\n<meta property=\"og:site_name\" content=\"Organisator\" \/>\n<meta property=\"article:publisher\" content=\"https:\/\/www.facebook.com\/OrganisatorFachmagazin\" \/>\n<meta property=\"article:published_time\" content=\"2023-08-16T13:11:00+00:00\" \/>\n<meta property=\"og:image\" content=\"https:\/\/www.organisator.ch\/wp-content\/uploads\/2023\/08\/retailsolutions-eroeffnet-Niederlassung-in-Suedafrika_Organisator.jpg\" \/>\n\t<meta property=\"og:image:width\" content=\"680\" \/>\n\t<meta property=\"og:image:height\" content=\"387\" \/>\n\t<meta property=\"og:image:type\" content=\"image\/jpeg\" \/>\n<meta name=\"author\" content=\"thomas.berner\" \/>\n<meta name=\"twitter:card\" content=\"summary_large_image\" \/>\n<meta name=\"twitter:title\" content=\"#retailsolutions er\u00f6ffnet Niederlassung in #S\u00fcdafrika\" \/>\n<meta name=\"twitter:description\" content=\"Das Zuger #SAP-Beratungshaus #retailsolutions er\u00f6ffnet seine erste Niederlassung im aussereurop\u00e4ischen Raum in #Kapstadt, S\u00fcdafrika.\" \/>\n<meta name=\"twitter:image\" content=\"https:\/\/www.organisator.ch\/wp-content\/uploads\/2023\/08\/retailsolutions-eroeffnet-Niederlassung-in-Suedafrika_Organisator.jpg\" \/>\n<script type=\"application\/ld+json\" class=\"yoast-schema-graph\">{\"@context\":\"https:\\\/\\\/schema.org\",\"@graph\":[{\"@type\":\"Article\",\"@id\":\"https:\\\/\\\/www.organisator.ch\\\/management\\\/2023-08-16\\\/retailsolutions-eroeffnet-niederlassung-in-suedafrika\\\/#article\",\"isPartOf\":{\"@id\":\"https:\\\/\\\/www.organisator.ch\\\/management\\\/2023-08-16\\\/retailsolutions-eroeffnet-niederlassung-in-suedafrika\\\/\"},\"author\":{\"name\":\"thomas.berner\",\"@id\":\"https:\\\/\\\/www.organisator.ch\\\/#\\\/schema\\\/person\\\/6f650f90b2842cd4c0cc334b4e36f67e\"},\"headline\":\"retailsolutions er\u00f6ffnet Niederlassung in S\u00fcdafrika\",\"datePublished\":\"2023-08-16T13:11:00+00:00\",\"mainEntityOfPage\":{\"@id\":\"https:\\\/\\\/www.organisator.ch\\\/management\\\/2023-08-16\\\/retailsolutions-eroeffnet-niederlassung-in-suedafrika\\\/\"},\"wordCount\":260,\"publisher\":{\"@id\":\"https:\\\/\\\/www.organisator.ch\\\/#organization\"},\"image\":{\"@id\":\"https:\\\/\\\/www.organisator.ch\\\/management\\\/2023-08-16\\\/retailsolutions-eroeffnet-niederlassung-in-suedafrika\\\/#primaryimage\"},\"thumbnailUrl\":\"https:\\\/\\\/www.organisator.ch\\\/wp-content\\\/uploads\\\/2023\\\/08\\\/retailsolutions-eroeffnet-Niederlassung-in-Suedafrika_Organisator.jpg\",\"keywords\":[\"IT\u2009&amp;\u2009Business Software\",\"Management und Unternehmensf\u00fchrung\",\"Unternehmen\"],\"articleSection\":[\"MANAGEMENT\"],\"inLanguage\":\"fr-FR\"},{\"@type\":\"WebPage\",\"@id\":\"https:\\\/\\\/www.organisator.ch\\\/management\\\/2023-08-16\\\/retailsolutions-eroeffnet-niederlassung-in-suedafrika\\\/\",\"url\":\"https:\\\/\\\/www.organisator.ch\\\/management\\\/2023-08-16\\\/retailsolutions-eroeffnet-niederlassung-in-suedafrika\\\/\",\"name\":\"retailsolutions er\u00f6ffnet Niederlassung in S\u00fcdafrika - Organisator\",\"isPartOf\":{\"@id\":\"https:\\\/\\\/www.organisator.ch\\\/#website\"},\"primaryImageOfPage\":{\"@id\":\"https:\\\/\\\/www.organisator.ch\\\/management\\\/2023-08-16\\\/retailsolutions-eroeffnet-niederlassung-in-suedafrika\\\/#primaryimage\"},\"image\":{\"@id\":\"https:\\\/\\\/www.organisator.ch\\\/management\\\/2023-08-16\\\/retailsolutions-eroeffnet-niederlassung-in-suedafrika\\\/#primaryimage\"},\"thumbnailUrl\":\"https:\\\/\\\/www.organisator.ch\\\/wp-content\\\/uploads\\\/2023\\\/08\\\/retailsolutions-eroeffnet-Niederlassung-in-Suedafrika_Organisator.jpg\",\"datePublished\":\"2023-08-16T13:11:00+00:00\",\"description\":\"Das Zuger SAP-Beratungshaus retailsolutions er\u00f6ffnet seine erste Niederlassung im aussereurop\u00e4ischen Raum in Kapstadt, S\u00fcdafrika.\",\"breadcrumb\":{\"@id\":\"https:\\\/\\\/www.organisator.ch\\\/management\\\/2023-08-16\\\/retailsolutions-eroeffnet-niederlassung-in-suedafrika\\\/#breadcrumb\"},\"inLanguage\":\"fr-FR\",\"potentialAction\":[{\"@type\":\"ReadAction\",\"target\":[\"https:\\\/\\\/www.organisator.ch\\\/management\\\/2023-08-16\\\/retailsolutions-eroeffnet-niederlassung-in-suedafrika\\\/\"]}]},{\"@type\":\"ImageObject\",\"inLanguage\":\"fr-FR\",\"@id\":\"https:\\\/\\\/www.organisator.ch\\\/management\\\/2023-08-16\\\/retailsolutions-eroeffnet-niederlassung-in-suedafrika\\\/#primaryimage\",\"url\":\"https:\\\/\\\/www.organisator.ch\\\/wp-content\\\/uploads\\\/2023\\\/08\\\/retailsolutions-eroeffnet-Niederlassung-in-Suedafrika_Organisator.jpg\",\"contentUrl\":\"https:\\\/\\\/www.organisator.ch\\\/wp-content\\\/uploads\\\/2023\\\/08\\\/retailsolutions-eroeffnet-Niederlassung-in-Suedafrika_Organisator.jpg\",\"width\":680,\"height\":387,\"caption\":\"Michael Niestroy, Managing Partner von retailsolutions (links) und Louis Stemmet, Leiter der Niederlassung in S\u00fcdafrika. (Bilder: zVg \\\/ retailsolutions)\"},{\"@type\":\"BreadcrumbList\",\"@id\":\"https:\\\/\\\/www.organisator.ch\\\/management\\\/2023-08-16\\\/retailsolutions-eroeffnet-niederlassung-in-suedafrika\\\/#breadcrumb\",\"itemListElement\":[{\"@type\":\"ListItem\",\"position\":1,\"name\":\"Home\",\"item\":\"https:\\\/\\\/www.organisator.ch\\\/\"},{\"@type\":\"ListItem\",\"position\":2,\"name\":\"retailsolutions er\u00f6ffnet Niederlassung in S\u00fcdafrika\"}]},{\"@type\":\"WebSite\",\"@id\":\"https:\\\/\\\/www.organisator.ch\\\/#website\",\"url\":\"https:\\\/\\\/www.organisator.ch\\\/\",\"name\":\"Organisator\",\"description\":\"Kompetent. Praxisnah. Der ORGANISATOR bereitet in 10 Ausgaben pro Jahr die wesentlichen Themen f\u00fcr F\u00fchrungskr\u00e4fte von KMU auf.\",\"publisher\":{\"@id\":\"https:\\\/\\\/www.organisator.ch\\\/#organization\"},\"potentialAction\":[{\"@type\":\"SearchAction\",\"target\":{\"@type\":\"EntryPoint\",\"urlTemplate\":\"https:\\\/\\\/www.organisator.ch\\\/?s={search_term_string}\"},\"query-input\":{\"@type\":\"PropertyValueSpecification\",\"valueRequired\":true,\"valueName\":\"search_term_string\"}}],\"inLanguage\":\"fr-FR\"},{\"@type\":\"Organization\",\"@id\":\"https:\\\/\\\/www.organisator.ch\\\/#organization\",\"name\":\"Organisator\",\"url\":\"https:\\\/\\\/www.organisator.ch\\\/\",\"logo\":{\"@type\":\"ImageObject\",\"inLanguage\":\"fr-FR\",\"@id\":\"https:\\\/\\\/www.organisator.ch\\\/#\\\/schema\\\/logo\\\/image\\\/\",\"url\":\"https:\\\/\\\/www.organisator.ch\\\/wp-content\\\/uploads\\\/2022\\\/01\\\/Logo_Organisator_Website.png\",\"contentUrl\":\"https:\\\/\\\/www.organisator.ch\\\/wp-content\\\/uploads\\\/2022\\\/01\\\/Logo_Organisator_Website.png\",\"width\":800,\"height\":77,\"caption\":\"Organisator\"},\"image\":{\"@id\":\"https:\\\/\\\/www.organisator.ch\\\/#\\\/schema\\\/logo\\\/image\\\/\"},\"sameAs\":[\"https:\\\/\\\/www.facebook.com\\\/OrganisatorFachmagazin\",\"https:\\\/\\\/www.linkedin.com\\\/showcase\\\/organisator-das-magazin-fr-kmu\",\"https:\\\/\\\/www.xing.com\\\/news\\\/pages\\\/organisator-ch-695\",\"https:\\\/\\\/www.youtube.com\\\/channel\\\/UCGP2Sq0iWaZwT3BdIAQFYpw\"]},{\"@type\":\"Person\",\"@id\":\"https:\\\/\\\/www.organisator.ch\\\/#\\\/schema\\\/person\\\/6f650f90b2842cd4c0cc334b4e36f67e\",\"name\":\"thomas.berner\",\"image\":{\"@type\":\"ImageObject\",\"inLanguage\":\"fr-FR\",\"@id\":\"https:\\\/\\\/secure.gravatar.com\\\/avatar\\\/ac5001d2a36cb6c6cd3e50789007ffca834b477b74a2144564522e944eabff61?s=96&d=mm&r=g\",\"url\":\"https:\\\/\\\/secure.gravatar.com\\\/avatar\\\/ac5001d2a36cb6c6cd3e50789007ffca834b477b74a2144564522e944eabff61?s=96&d=mm&r=g\",\"contentUrl\":\"https:\\\/\\\/secure.gravatar.com\\\/avatar\\\/ac5001d2a36cb6c6cd3e50789007ffca834b477b74a2144564522e944eabff61?s=96&d=mm&r=g\",\"caption\":\"thomas.berner\"},\"url\":\"https:\\\/\\\/www.organisator.ch\\\/fr\\\/author\\\/thomas-berner\\\/\"}]}<\/script>\n<!-- \/ Yoast SEO plugin. -->","yoast_head_json":{"title":"retailsolutions ouvre une succursale en Afrique du Sud - Organisateur","description":"La soci\u00e9t\u00e9 de conseil SAP zougoise retailsolutions ouvre sa premi\u00e8re succursale hors d'Europe au Cap, en Afrique du Sud.","robots":{"index":"index","follow":"follow","max-snippet":"max-snippet:-1","max-image-preview":"max-image-preview:large","max-video-preview":"max-video-preview:-1"},"canonical":"https:\/\/www.organisator.ch\/fr\/gestion-2\/2023-08-16\/retailsolutions-eroeffnet-niederlassung-in-suedafrika\/","og_locale":"fr_FR","og_type":"article","og_title":"retailsolutions er\u00f6ffnet Niederlassung in S\u00fcdafrika","og_description":"Das Zuger SAP-Beratungshaus retailsolutions er\u00f6ffnet seine erste Niederlassung im aussereurop\u00e4ischen Raum in Kapstadt, S\u00fcdafrika.","og_url":"https:\/\/www.organisator.ch\/fr\/gestion-2\/2023-08-16\/retailsolutions-eroeffnet-niederlassung-in-suedafrika\/","og_site_name":"Organisator","article_publisher":"https:\/\/www.facebook.com\/OrganisatorFachmagazin","article_published_time":"2023-08-16T13:11:00+00:00","og_image":[{"width":680,"height":387,"url":"https:\/\/www.organisator.ch\/wp-content\/uploads\/2023\/08\/retailsolutions-eroeffnet-Niederlassung-in-Suedafrika_Organisator.jpg","type":"image\/jpeg"}],"author":"thomas.berner","twitter_card":"summary_large_image","twitter_title":"#retailsolutions er\u00f6ffnet Niederlassung in #S\u00fcdafrika","twitter_description":"Das Zuger #SAP-Beratungshaus #retailsolutions er\u00f6ffnet seine erste Niederlassung im aussereurop\u00e4ischen Raum in #Kapstadt, S\u00fcdafrika.","twitter_image":"https:\/\/www.organisator.ch\/wp-content\/uploads\/2023\/08\/retailsolutions-eroeffnet-Niederlassung-in-Suedafrika_Organisator.jpg","schema":{"@context":"https:\/\/schema.org","@graph":[{"@type":"Article","@id":"https:\/\/www.organisator.ch\/management\/2023-08-16\/retailsolutions-eroeffnet-niederlassung-in-suedafrika\/#article","isPartOf":{"@id":"https:\/\/www.organisator.ch\/management\/2023-08-16\/retailsolutions-eroeffnet-niederlassung-in-suedafrika\/"},"author":{"name":"thomas.berner","@id":"https:\/\/www.organisator.ch\/#\/schema\/person\/6f650f90b2842cd4c0cc334b4e36f67e"},"headline":"retailsolutions er\u00f6ffnet Niederlassung in S\u00fcdafrika","datePublished":"2023-08-16T13:11:00+00:00","mainEntityOfPage":{"@id":"https:\/\/www.organisator.ch\/management\/2023-08-16\/retailsolutions-eroeffnet-niederlassung-in-suedafrika\/"},"wordCount":260,"publisher":{"@id":"https:\/\/www.organisator.ch\/#organization"},"image":{"@id":"https:\/\/www.organisator.ch\/management\/2023-08-16\/retailsolutions-eroeffnet-niederlassung-in-suedafrika\/#primaryimage"},"thumbnailUrl":"https:\/\/www.organisator.ch\/wp-content\/uploads\/2023\/08\/retailsolutions-eroeffnet-Niederlassung-in-Suedafrika_Organisator.jpg","keywords":["IT\u2009&amp;\u2009Business Software","Management und Unternehmensf\u00fchrung","Unternehmen"],"articleSection":["MANAGEMENT"],"inLanguage":"fr-FR"},{"@type":"WebPage","@id":"https:\/\/www.organisator.ch\/management\/2023-08-16\/retailsolutions-eroeffnet-niederlassung-in-suedafrika\/","url":"https:\/\/www.organisator.ch\/management\/2023-08-16\/retailsolutions-eroeffnet-niederlassung-in-suedafrika\/","name":"retailsolutions ouvre une succursale en Afrique du Sud - Organisateur","isPartOf":{"@id":"https:\/\/www.organisator.ch\/#website"},"primaryImageOfPage":{"@id":"https:\/\/www.organisator.ch\/management\/2023-08-16\/retailsolutions-eroeffnet-niederlassung-in-suedafrika\/#primaryimage"},"image":{"@id":"https:\/\/www.organisator.ch\/management\/2023-08-16\/retailsolutions-eroeffnet-niederlassung-in-suedafrika\/#primaryimage"},"thumbnailUrl":"https:\/\/www.organisator.ch\/wp-content\/uploads\/2023\/08\/retailsolutions-eroeffnet-Niederlassung-in-Suedafrika_Organisator.jpg","datePublished":"2023-08-16T13:11:00+00:00","description":"La soci\u00e9t\u00e9 de conseil SAP zougoise retailsolutions ouvre sa premi\u00e8re succursale hors d'Europe au Cap, en Afrique du Sud.","breadcrumb":{"@id":"https:\/\/www.organisator.ch\/management\/2023-08-16\/retailsolutions-eroeffnet-niederlassung-in-suedafrika\/#breadcrumb"},"inLanguage":"fr-FR","potentialAction":[{"@type":"ReadAction","target":["https:\/\/www.organisator.ch\/management\/2023-08-16\/retailsolutions-eroeffnet-niederlassung-in-suedafrika\/"]}]},{"@type":"ImageObject","inLanguage":"fr-FR","@id":"https:\/\/www.organisator.ch\/management\/2023-08-16\/retailsolutions-eroeffnet-niederlassung-in-suedafrika\/#primaryimage","url":"https:\/\/www.organisator.ch\/wp-content\/uploads\/2023\/08\/retailsolutions-eroeffnet-Niederlassung-in-Suedafrika_Organisator.jpg","contentUrl":"https:\/\/www.organisator.ch\/wp-content\/uploads\/2023\/08\/retailsolutions-eroeffnet-Niederlassung-in-Suedafrika_Organisator.jpg","width":680,"height":387,"caption":"Michael Niestroy, Managing Partner von retailsolutions (links) und Louis Stemmet, Leiter der Niederlassung in S\u00fcdafrika. (Bilder: zVg \/ retailsolutions)"},{"@type":"BreadcrumbList","@id":"https:\/\/www.organisator.ch\/management\/2023-08-16\/retailsolutions-eroeffnet-niederlassung-in-suedafrika\/#breadcrumb","itemListElement":[{"@type":"ListItem","position":1,"name":"Home","item":"https:\/\/www.organisator.ch\/"},{"@type":"ListItem","position":2,"name":"retailsolutions er\u00f6ffnet Niederlassung in S\u00fcdafrika"}]},{"@type":"WebSite","@id":"https:\/\/www.organisator.ch\/#website","url":"https:\/\/www.organisator.ch\/","name":"Organisateur","description":"Comp\u00e9tence et comp\u00e9tence. Proches de la pratique. L'ORGANISATEUR pr\u00e9pare 10 num\u00e9ros par an sur les th\u00e8mes essentiels pour les dirigeants de PME.","publisher":{"@id":"https:\/\/www.organisator.ch\/#organization"},"potentialAction":[{"@type":"SearchAction","target":{"@type":"EntryPoint","urlTemplate":"https:\/\/www.organisator.ch\/?s={search_term_string}"},"query-input":{"@type":"PropertyValueSpecification","valueRequired":true,"valueName":"search_term_string"}}],"inLanguage":"fr-FR"},{"@type":"Organization","@id":"https:\/\/www.organisator.ch\/#organization","name":"Organisateur","url":"https:\/\/www.organisator.ch\/","logo":{"@type":"ImageObject","inLanguage":"fr-FR","@id":"https:\/\/www.organisator.ch\/#\/schema\/logo\/image\/","url":"https:\/\/www.organisator.ch\/wp-content\/uploads\/2022\/01\/Logo_Organisator_Website.png","contentUrl":"https:\/\/www.organisator.ch\/wp-content\/uploads\/2022\/01\/Logo_Organisator_Website.png","width":800,"height":77,"caption":"Organisator"},"image":{"@id":"https:\/\/www.organisator.ch\/#\/schema\/logo\/image\/"},"sameAs":["https:\/\/www.facebook.com\/OrganisatorFachmagazin","https:\/\/www.linkedin.com\/showcase\/organisator-das-magazin-fr-kmu","https:\/\/www.xing.com\/news\/pages\/organisator-ch-695","https:\/\/www.youtube.com\/channel\/UCGP2Sq0iWaZwT3BdIAQFYpw"]},{"@type":"Person","@id":"https:\/\/www.organisator.ch\/#\/schema\/person\/6f650f90b2842cd4c0cc334b4e36f67e","name":"thomas.berner","image":{"@type":"ImageObject","inLanguage":"fr-FR","@id":"https:\/\/secure.gravatar.com\/avatar\/ac5001d2a36cb6c6cd3e50789007ffca834b477b74a2144564522e944eabff61?s=96&d=mm&r=g","url":"https:\/\/secure.gravatar.com\/avatar\/ac5001d2a36cb6c6cd3e50789007ffca834b477b74a2144564522e944eabff61?s=96&d=mm&r=g","contentUrl":"https:\/\/secure.gravatar.com\/avatar\/ac5001d2a36cb6c6cd3e50789007ffca834b477b74a2144564522e944eabff61?s=96&d=mm&r=g","caption":"thomas.berner"},"url":"https:\/\/www.organisator.ch\/fr\/author\/thomas-berner\/"}]}},"_links":{"self":[{"href":"https:\/\/www.organisator.ch\/fr\/wp-json\/wp\/v2\/posts\/21349","targetHints":{"allow":["GET"]}}],"collection":[{"href":"https:\/\/www.organisator.ch\/fr\/wp-json\/wp\/v2\/posts"}],"about":[{"href":"https:\/\/www.organisator.ch\/fr\/wp-json\/wp\/v2\/types\/post"}],"author":[{"embeddable":true,"href":"https:\/\/www.organisator.ch\/fr\/wp-json\/wp\/v2\/users\/4"}],"replies":[{"embeddable":true,"href":"https:\/\/www.organisator.ch\/fr\/wp-json\/wp\/v2\/comments?post=21349"}],"version-history":[{"count":1,"href":"https:\/\/www.organisator.ch\/fr\/wp-json\/wp\/v2\/posts\/21349\/revisions"}],"predecessor-version":[{"id":21356,"href":"https:\/\/www.organisator.ch\/fr\/wp-json\/wp\/v2\/posts\/21349\/revisions\/21356"}],"wp:featuredmedia":[{"embeddable":true,"href":"https:\/\/www.organisator.ch\/fr\/wp-json\/wp\/v2\/media\/21355"}],"wp:attachment":[{"href":"https:\/\/www.organisator.ch\/fr\/wp-json\/wp\/v2\/media?parent=21349"}],"wp:term":[{"taxonomy":"category","embeddable":true,"href":"https:\/\/www.organisator.ch\/fr\/wp-json\/wp\/v2\/categories?post=21349"},{"taxonomy":"post_tag","embeddable":true,"href":"https:\/\/www.organisator.ch\/fr\/wp-json\/wp\/v2\/tags?post=21349"}],"curies":[{"name":"wp","href":"https:\/\/api.w.org\/{rel}","templated":true}]}}