{"id":2135,"date":"2017-07-03T10:25:02","date_gmt":"2017-07-03T08:25:02","guid":{"rendered":"https:\/\/www.organisator.ch\/?p=2135"},"modified":"2017-07-03T10:25:02","modified_gmt":"2017-07-03T08:25:02","slug":"fuehren-im-digitalen-zeitalter-12-thesen","status":"publish","type":"post","link":"https:\/\/www.organisator.ch\/fr\/management\/2017-07-03\/fuehren-im-digitalen-zeitalter-12-thesen\/","title":{"rendered":"Diriger \u00e0 l'\u00e8re du num\u00e9rique - 12 th\u00e8ses"},"content":{"rendered":"<figure id=\"attachment_2136\" aria-describedby=\"caption-attachment-2136\" style=\"width: 426px\" class=\"wp-caption alignnone\"><img loading=\"lazy\" decoding=\"async\" class=\"size-full wp-image-2136\" src=\"https:\/\/www.organisator.ch\/wp-content\/uploads\/2017\/07\/Fuehren-im-digitalen-Zeitalter-12-Thesen-org-organisator.jpg\" alt=\"\" width=\"426\" height=\"640\" srcset=\"https:\/\/www.organisator.ch\/wp-content\/uploads\/2017\/07\/Fuehren-im-digitalen-Zeitalter-12-Thesen-org-organisator.jpg 426w, https:\/\/www.organisator.ch\/wp-content\/uploads\/2017\/07\/Fuehren-im-digitalen-Zeitalter-12-Thesen-org-organisator-8x12.jpg 8w, https:\/\/www.organisator.ch\/wp-content\/uploads\/2017\/07\/Fuehren-im-digitalen-Zeitalter-12-Thesen-org-organisator-116x175.jpg 116w, https:\/\/www.organisator.ch\/wp-content\/uploads\/2017\/07\/Fuehren-im-digitalen-Zeitalter-12-Thesen-org-organisator-233x350.jpg 233w, https:\/\/www.organisator.ch\/wp-content\/uploads\/2017\/07\/Fuehren-im-digitalen-Zeitalter-12-Thesen-org-organisator-300x451.jpg 300w\" sizes=\"auto, (max-width: 426px) 100vw, 426px\" \/><figcaption id=\"caption-attachment-2136\" class=\"wp-caption-text\">\"Le num\u00e9rique n'a pas d'importance : l'homme reste l'homme - la direction d\u00e9cide\". \u00e9crit par Barbara Liebermeister. (Image : zVg)<\/figcaption><\/figure>\n<p>Que signifie diriger \u00e0 l'\u00e8re du num\u00e9rique ? Barbara Liebermeister, auteur du livre \"Le num\u00e9rique n'a pas d'importance\", estime que \"les hommes restent des hommes, les technologies de l'information et de la communication les plus innovantes n'y changent rien\". Elle a maintenant \u00e9tabli 12 th\u00e8ses pour les responsables du management :<\/p>\n<p><strong>Th\u00e8se 1 : la personnalit\u00e9 ne peut pas \u00eatre num\u00e9ris\u00e9e !<\/strong><\/p>\n<p>C'est pourquoi la num\u00e9risation croissante exige m\u00eame un surcro\u00eet de comp\u00e9tences sociales et d'empathie dans les entreprises - car les collaborateurs manquent de plus en plus du soutien et de l'orientation n\u00e9cessaires dans le monde de la VUVA, marqu\u00e9 par un changement permanent et une faible pr\u00e9visibilit\u00e9.<\/p>\n<p><strong>Th\u00e8se 2 : les hommes ne peuvent \u00eatre dirig\u00e9s que par des hommes !<\/strong><\/p>\n<p>Skype, iPhone et autres simplifient souvent notre vie, mais aucun programme informatique au monde ne remplace les leaders agiles qui donnent des impulsions et des id\u00e9es aux personnes qui les entourent et les motivent.<\/p>\n<p><strong>Th\u00e8se 3 : Dirigeant - plut\u00f4t un connaisseur des gens qu'un expert technique !<\/strong><\/p>\n<p>Les cadres ont de moins en moins d'avance sur leurs collaborateurs en termes de connaissances. Ils doivent faire confiance \u00e0 leur expertise (et \u00e0 leur loyaut\u00e9). Au lieu de cela, il devient une t\u00e2che essentielle de la direction d'int\u00e9grer des sp\u00e9cialistes ou des collaborateurs disposant de connaissances sp\u00e9cifiques dans les \u00e9quipes et de promouvoir leurs forces individuelles.<\/p>\n<p><strong>Th\u00e8se 4 : la cr\u00e9ativit\u00e9 n'est pas programmable !<\/strong><\/p>\n<p>La cr\u00e9ativit\u00e9 est une condition pr\u00e9alable \u00e0 l'innovation et l'une des comp\u00e9tences centrales qui nous distinguent des machines. \"D\u00e9velopper l'esprit d'\u00e9quipe\", \"r\u00e9soudre les conflits\" et \"cr\u00e9er une identification avec le travail\" - pour ces t\u00e2ches, seuls des leaders agiles sont utiles, et non des z\u00e9ros et des uns.<\/p>\n<p><strong>Th\u00e8se 5 : Le principe de l'ordre et de l'ob\u00e9issance a fait son temps !<\/strong><\/p>\n<p>Les cadres modernes ne sont pas des personnes qui savent tout mieux que tout le monde - et les instructions du type \"Fais ceci ou fais cela, et nous aurons du succ\u00e8s\" ne sont plus efficaces de nos jours. Les cadres et leurs collaborateurs doivent plut\u00f4t se rencontrer sur un pied d'\u00e9galit\u00e9 et d\u00e9terminer ensemble, dans le cadre d'un processus, quelles sont les solutions qui m\u00e8nent au but.<\/p>\n<p><strong>Th\u00e8se 6 : la r\u00e9ponse \u00e0 la technicisation est davantage d'intelligence \u00e9motionnelle !<\/strong><\/p>\n<p>Plus la technique sans \u00e9motion et sans \u00e2me est utilis\u00e9e dans les entreprises et leur environnement, plus nous devons rechercher et organiser consciemment les relations personnelles et \u00e9motionnelles. C'est pourquoi l'importance de l'intelligence \u00e9motionnelle pour la r\u00e9ussite du management augmente.<\/p>\n<p><strong>Th\u00e8se 7 : La direction doit donner une orientation, un soutien et une s\u00e9curit\u00e9 !<\/strong><\/p>\n<p>Plus l'environnement de l'entreprise est diffus, instable et marqu\u00e9 par le changement, plus les collaborateurs aspirent \u00e0 une orientation et \u00e0 un soutien ainsi qu'\u00e0 la s\u00e9curit\u00e9. En fin de compte, seuls leurs cadres peuvent r\u00e9pondre \u00e0 ce besoin, quand tout le reste de l'environnement \"fluctue\". Cela pr\u00e9suppose une relation de confiance et d'estime mutuelle.<\/p>\n<p><strong>Th\u00e8se 8 : Le leadership est une relation - il faut des leaders en chair et en os !<\/strong><\/p>\n<p>En tant que chef, prendre un peu de temps, s'asseoir et discuter ensemble des probl\u00e8mes et des propositions d'am\u00e9lioration est toujours pr\u00e9f\u00e9rable \u00e0 l'envoi d'un e-mail sans \u00e9motion - car dans ce cas, le dirigeant (et le collaborateur) n'est pas per\u00e7u comme une personne. Le langage corporel et le ton, les mimiques et les gestes se perdent. Les malentendus sont donc in\u00e9vitables et ont un impact n\u00e9gatif sur la qualit\u00e9 de la relation.<\/p>\n<p><strong>Th\u00e8se 9 : Diriger, c'est atteindre les gens et donner du sens !<\/strong><\/p>\n<p>Les \"digital natives\" de la g\u00e9n\u00e9ration Y ne se laissent gu\u00e8re impressionner ni lier \u00e9motionnellement par la perspective d'un prestige et d'un statut au travail. Au contraire, la recherche de sens et l'\u00e9panouissement personnel sont au premier plan pour les prestataires de demain. Il en va de m\u00eame pour les prestataires d'aujourd'hui, qui sont souvent des \"digital immigrants\". Eux aussi veulent savoir \"pourquoi\" lorsqu'ils entreprennent un projet et se demandent \"qu'est-ce que cela signifie pour moi - sur le plan professionnel et priv\u00e9\". Il faut donc des m\u00e9thodes de gestion cr\u00e9atives qui tiennent compte des besoins individuels et personnels.<\/p>\n<p><strong>Th\u00e8se 10 : L'empathie cr\u00e9e les conditions du succ\u00e8s !<\/strong><\/p>\n<p>Se mettre \u00e0 la place de son interlocuteur est un instrument de gestion extr\u00eamement important. Car si les collaborateurs sont positifs, parce qu'ils se sentent bien et valoris\u00e9s, ils sont pr\u00eats \u00e0 s'engager - et la condition la plus importante pour l'innovation est donc \u00e9galement remplie.<\/p>\n<p><strong>Th\u00e8se 11 : Les cadres doivent devenir une \"marque\" !<\/strong><\/p>\n<p>Les cadres devraient \u00eatre conscients de leurs valeurs, de leurs convictions et de leurs forces et les communiquer afin de devenir une \"marque\" unique pour leurs collaborateurs. En effet, seul celui qui est authentique et qui assume ses valeurs et ses convictions de mani\u00e8re reconnaissable gagne la confiance des gens - et donc aussi celle des collaborateurs.<\/p>\n<p><strong>Th\u00e8se 12 : Rien ne fonctionne sans mise en r\u00e9seau !<\/strong><\/p>\n<p>Tout le monde peut avoir 1000 amis Facebook (... et les acheter si n\u00e9cessaire). Se mettre en r\u00e9seau hors ligne est plus compliqu\u00e9, mais d\u00e9cisif pour le succ\u00e8s. Les contacts et les relations peuvent certes \u00eatre initi\u00e9s en ligne, mais la confiance pr\u00e9suppose une rencontre personnelle. Le r\u00e9seautage professionnel exige le meilleur des deux mondes.<\/p>\n<p><a href=\"http:\/\/www.barbara-liebermeister.com\">www.barbara-liebermeister.com<\/a><\/p>\n<p>&nbsp;<\/p>","protected":false},"excerpt":{"rendered":"<p>Was bedeutet F\u00fchren im digitalen Zeitalter? Barbara Liebermeister, Autorin des Buchs &#8222;Digital ist egal&#8220; meint: &#8222;Menschen bleiben Menschen, daran \u00e4ndern die innovativsten Informations- und Kommunikationstechnologien nichts.&#8220; Sie hat nun 12 Thesen f\u00fcr Management-Verantwortliche aufgestellt: These 1: Pers\u00f6nlichkeit l\u00e4sst sich nicht digitalisieren! Deshalb erfordert die zunehmende Digitalisierung sogar ein Mehr an Sozialkompetenz und Empathie in den [&hellip;]<\/p>\n","protected":false},"author":5,"featured_media":2136,"comment_status":"open","ping_status":"open","sticky":false,"template":"","format":"standard","meta":{"_acf_changed":false,"_yoast_wpseo_focuskw":"F\u00fchren im digitalen Zeitalter","_yoast_wpseo_metadesc":"Wie gelingt F\u00fchren im digitalen Zeitalter? Auch k\u00fcnftig werden F\u00fchrungskr\u00e4fte zwischenmenschliche Gesten ins Bewusstsein rufen m\u00fcssen.","articlekey":"","footnotes":""},"categories":[28],"tags":[92,95,156,335,496],"class_list":["post-2135","post","type-post","status-publish","format-standard","has-post-thumbnail","hentry","category-management","tag-buch","tag-buchtipps","tag-digitalisierung","tag-management-und-unternehmensfuehrung","tag-unternehmensfuehrung"],"acf":[],"yoast_head":"<!-- This site is optimized with the Yoast SEO plugin v27.4 - https:\/\/yoast.com\/product\/yoast-seo-wordpress\/ -->\n<title>F\u00fchren im digitalen Zeitalter \u2013 12 Thesen - Organisator<\/title>\n<meta name=\"description\" content=\"Wie gelingt F\u00fchren im digitalen Zeitalter? Auch k\u00fcnftig werden F\u00fchrungskr\u00e4fte zwischenmenschliche Gesten ins Bewusstsein rufen m\u00fcssen.\" \/>\n<meta name=\"robots\" content=\"index, follow, max-snippet:-1, max-image-preview:large, max-video-preview:-1\" \/>\n<link rel=\"canonical\" href=\"https:\/\/www.organisator.ch\/fr\/gestion-2\/2017-07-03\/fuehren-im-digitalen-zeitalter-12-thesen\/\" \/>\n<meta property=\"og:locale\" content=\"fr_FR\" \/>\n<meta property=\"og:type\" content=\"article\" \/>\n<meta property=\"og:title\" content=\"F\u00fchren im digitalen Zeitalter \u2013 12 Thesen - Organisator\" \/>\n<meta property=\"og:description\" content=\"Wie gelingt F\u00fchren im digitalen Zeitalter? Auch k\u00fcnftig werden F\u00fchrungskr\u00e4fte zwischenmenschliche Gesten ins Bewusstsein rufen m\u00fcssen.\" \/>\n<meta property=\"og:url\" content=\"https:\/\/www.organisator.ch\/fr\/gestion-2\/2017-07-03\/fuehren-im-digitalen-zeitalter-12-thesen\/\" \/>\n<meta property=\"og:site_name\" content=\"Organisator\" \/>\n<meta property=\"article:publisher\" content=\"https:\/\/www.facebook.com\/OrganisatorFachmagazin\" \/>\n<meta property=\"article:published_time\" content=\"2017-07-03T08:25:02+00:00\" \/>\n<meta property=\"og:image\" content=\"https:\/\/www.organisator.ch\/wp-content\/uploads\/2017\/07\/Fuehren-im-digitalen-Zeitalter-12-Thesen-org-organisator.jpg\" \/>\n\t<meta property=\"og:image:width\" content=\"426\" \/>\n\t<meta property=\"og:image:height\" content=\"640\" \/>\n\t<meta property=\"og:image:type\" content=\"image\/jpeg\" \/>\n<meta name=\"author\" content=\"michael.merz\" \/>\n<meta name=\"twitter:card\" content=\"summary_large_image\" \/>\n<script type=\"application\/ld+json\" class=\"yoast-schema-graph\">{\"@context\":\"https:\\\/\\\/schema.org\",\"@graph\":[{\"@type\":\"Article\",\"@id\":\"https:\\\/\\\/www.organisator.ch\\\/management\\\/2017-07-03\\\/fuehren-im-digitalen-zeitalter-12-thesen\\\/#article\",\"isPartOf\":{\"@id\":\"https:\\\/\\\/www.organisator.ch\\\/management\\\/2017-07-03\\\/fuehren-im-digitalen-zeitalter-12-thesen\\\/\"},\"author\":{\"name\":\"michael.merz\",\"@id\":\"https:\\\/\\\/www.organisator.ch\\\/#\\\/schema\\\/person\\\/134708ca9321c57b0362cceb7948ffbd\"},\"headline\":\"F\u00fchren im digitalen Zeitalter \u2013 12 Thesen\",\"datePublished\":\"2017-07-03T08:25:02+00:00\",\"mainEntityOfPage\":{\"@id\":\"https:\\\/\\\/www.organisator.ch\\\/management\\\/2017-07-03\\\/fuehren-im-digitalen-zeitalter-12-thesen\\\/\"},\"wordCount\":761,\"commentCount\":0,\"publisher\":{\"@id\":\"https:\\\/\\\/www.organisator.ch\\\/#organization\"},\"image\":{\"@id\":\"https:\\\/\\\/www.organisator.ch\\\/management\\\/2017-07-03\\\/fuehren-im-digitalen-zeitalter-12-thesen\\\/#primaryimage\"},\"thumbnailUrl\":\"https:\\\/\\\/www.organisator.ch\\\/wp-content\\\/uploads\\\/2017\\\/07\\\/Fuehren-im-digitalen-Zeitalter-12-Thesen-org-organisator.jpg\",\"keywords\":[\"Buch\",\"Buchtipps\",\"Digitalisierung\",\"Management und Unternehmensf\u00fchrung\",\"Unternehmensf\u00fchrung\"],\"articleSection\":[\"MANAGEMENT\"],\"inLanguage\":\"fr-FR\"},{\"@type\":\"WebPage\",\"@id\":\"https:\\\/\\\/www.organisator.ch\\\/management\\\/2017-07-03\\\/fuehren-im-digitalen-zeitalter-12-thesen\\\/\",\"url\":\"https:\\\/\\\/www.organisator.ch\\\/management\\\/2017-07-03\\\/fuehren-im-digitalen-zeitalter-12-thesen\\\/\",\"name\":\"F\u00fchren im digitalen Zeitalter \u2013 12 Thesen - Organisator\",\"isPartOf\":{\"@id\":\"https:\\\/\\\/www.organisator.ch\\\/#website\"},\"primaryImageOfPage\":{\"@id\":\"https:\\\/\\\/www.organisator.ch\\\/management\\\/2017-07-03\\\/fuehren-im-digitalen-zeitalter-12-thesen\\\/#primaryimage\"},\"image\":{\"@id\":\"https:\\\/\\\/www.organisator.ch\\\/management\\\/2017-07-03\\\/fuehren-im-digitalen-zeitalter-12-thesen\\\/#primaryimage\"},\"thumbnailUrl\":\"https:\\\/\\\/www.organisator.ch\\\/wp-content\\\/uploads\\\/2017\\\/07\\\/Fuehren-im-digitalen-Zeitalter-12-Thesen-org-organisator.jpg\",\"datePublished\":\"2017-07-03T08:25:02+00:00\",\"description\":\"Wie gelingt F\u00fchren im digitalen Zeitalter? Auch k\u00fcnftig werden F\u00fchrungskr\u00e4fte zwischenmenschliche Gesten ins Bewusstsein rufen m\u00fcssen.\",\"breadcrumb\":{\"@id\":\"https:\\\/\\\/www.organisator.ch\\\/management\\\/2017-07-03\\\/fuehren-im-digitalen-zeitalter-12-thesen\\\/#breadcrumb\"},\"inLanguage\":\"fr-FR\",\"potentialAction\":[{\"@type\":\"ReadAction\",\"target\":[\"https:\\\/\\\/www.organisator.ch\\\/management\\\/2017-07-03\\\/fuehren-im-digitalen-zeitalter-12-thesen\\\/\"]}]},{\"@type\":\"ImageObject\",\"inLanguage\":\"fr-FR\",\"@id\":\"https:\\\/\\\/www.organisator.ch\\\/management\\\/2017-07-03\\\/fuehren-im-digitalen-zeitalter-12-thesen\\\/#primaryimage\",\"url\":\"https:\\\/\\\/www.organisator.ch\\\/wp-content\\\/uploads\\\/2017\\\/07\\\/Fuehren-im-digitalen-Zeitalter-12-Thesen-org-organisator.jpg\",\"contentUrl\":\"https:\\\/\\\/www.organisator.ch\\\/wp-content\\\/uploads\\\/2017\\\/07\\\/Fuehren-im-digitalen-Zeitalter-12-Thesen-org-organisator.jpg\",\"width\":426,\"height\":640,\"caption\":\"\u201eDigital ist egal: Mensch bleibt Mensch \u2013 F\u00fchrung entscheidet\u201c. geschrieben von Barbara Liebermeister. (Bild: zVg)\"},{\"@type\":\"BreadcrumbList\",\"@id\":\"https:\\\/\\\/www.organisator.ch\\\/management\\\/2017-07-03\\\/fuehren-im-digitalen-zeitalter-12-thesen\\\/#breadcrumb\",\"itemListElement\":[{\"@type\":\"ListItem\",\"position\":1,\"name\":\"Home\",\"item\":\"https:\\\/\\\/www.organisator.ch\\\/\"},{\"@type\":\"ListItem\",\"position\":2,\"name\":\"F\u00fchren im digitalen Zeitalter \u2013 12 Thesen\"}]},{\"@type\":\"WebSite\",\"@id\":\"https:\\\/\\\/www.organisator.ch\\\/#website\",\"url\":\"https:\\\/\\\/www.organisator.ch\\\/\",\"name\":\"Organisator\",\"description\":\"Kompetent. Praxisnah. Der ORGANISATOR bereitet in 10 Ausgaben pro Jahr die wesentlichen Themen f\u00fcr F\u00fchrungskr\u00e4fte von KMU auf.\",\"publisher\":{\"@id\":\"https:\\\/\\\/www.organisator.ch\\\/#organization\"},\"potentialAction\":[{\"@type\":\"SearchAction\",\"target\":{\"@type\":\"EntryPoint\",\"urlTemplate\":\"https:\\\/\\\/www.organisator.ch\\\/?s={search_term_string}\"},\"query-input\":{\"@type\":\"PropertyValueSpecification\",\"valueRequired\":true,\"valueName\":\"search_term_string\"}}],\"inLanguage\":\"fr-FR\"},{\"@type\":\"Organization\",\"@id\":\"https:\\\/\\\/www.organisator.ch\\\/#organization\",\"name\":\"Organisator\",\"url\":\"https:\\\/\\\/www.organisator.ch\\\/\",\"logo\":{\"@type\":\"ImageObject\",\"inLanguage\":\"fr-FR\",\"@id\":\"https:\\\/\\\/www.organisator.ch\\\/#\\\/schema\\\/logo\\\/image\\\/\",\"url\":\"https:\\\/\\\/www.organisator.ch\\\/wp-content\\\/uploads\\\/2022\\\/01\\\/Logo_Organisator_Website.png\",\"contentUrl\":\"https:\\\/\\\/www.organisator.ch\\\/wp-content\\\/uploads\\\/2022\\\/01\\\/Logo_Organisator_Website.png\",\"width\":800,\"height\":77,\"caption\":\"Organisator\"},\"image\":{\"@id\":\"https:\\\/\\\/www.organisator.ch\\\/#\\\/schema\\\/logo\\\/image\\\/\"},\"sameAs\":[\"https:\\\/\\\/www.facebook.com\\\/OrganisatorFachmagazin\",\"https:\\\/\\\/www.linkedin.com\\\/showcase\\\/organisator-das-magazin-fr-kmu\",\"https:\\\/\\\/www.xing.com\\\/news\\\/pages\\\/organisator-ch-695\",\"https:\\\/\\\/www.youtube.com\\\/channel\\\/UCGP2Sq0iWaZwT3BdIAQFYpw\"]},{\"@type\":\"Person\",\"@id\":\"https:\\\/\\\/www.organisator.ch\\\/#\\\/schema\\\/person\\\/134708ca9321c57b0362cceb7948ffbd\",\"name\":\"michael.merz\",\"image\":{\"@type\":\"ImageObject\",\"inLanguage\":\"fr-FR\",\"@id\":\"https:\\\/\\\/secure.gravatar.com\\\/avatar\\\/?s=96&d=mm&r=g\",\"url\":\"https:\\\/\\\/secure.gravatar.com\\\/avatar\\\/?s=96&d=mm&r=g\",\"contentUrl\":\"https:\\\/\\\/secure.gravatar.com\\\/avatar\\\/?s=96&d=mm&r=g\",\"caption\":\"michael.merz\"},\"url\":\"https:\\\/\\\/www.organisator.ch\\\/fr\\\/author\\\/michael-merz\\\/\"}]}<\/script>\n<!-- \/ Yoast SEO plugin. -->","yoast_head_json":{"title":"Diriger \u00e0 l'\u00e8re du num\u00e9rique - 12 th\u00e8ses - Organisateur","description":"Comment r\u00e9ussir \u00e0 diriger \u00e0 l'\u00e8re du num\u00e9rique ? A l'avenir, les dirigeants devront continuer \u00e0 faire prendre conscience des gestes interpersonnels.","robots":{"index":"index","follow":"follow","max-snippet":"max-snippet:-1","max-image-preview":"max-image-preview:large","max-video-preview":"max-video-preview:-1"},"canonical":"https:\/\/www.organisator.ch\/fr\/gestion-2\/2017-07-03\/fuehren-im-digitalen-zeitalter-12-thesen\/","og_locale":"fr_FR","og_type":"article","og_title":"F\u00fchren im digitalen Zeitalter \u2013 12 Thesen - Organisator","og_description":"Wie gelingt F\u00fchren im digitalen Zeitalter? Auch k\u00fcnftig werden F\u00fchrungskr\u00e4fte zwischenmenschliche Gesten ins Bewusstsein rufen m\u00fcssen.","og_url":"https:\/\/www.organisator.ch\/fr\/gestion-2\/2017-07-03\/fuehren-im-digitalen-zeitalter-12-thesen\/","og_site_name":"Organisator","article_publisher":"https:\/\/www.facebook.com\/OrganisatorFachmagazin","article_published_time":"2017-07-03T08:25:02+00:00","og_image":[{"width":426,"height":640,"url":"https:\/\/www.organisator.ch\/wp-content\/uploads\/2017\/07\/Fuehren-im-digitalen-Zeitalter-12-Thesen-org-organisator.jpg","type":"image\/jpeg"}],"author":"michael.merz","twitter_card":"summary_large_image","schema":{"@context":"https:\/\/schema.org","@graph":[{"@type":"Article","@id":"https:\/\/www.organisator.ch\/management\/2017-07-03\/fuehren-im-digitalen-zeitalter-12-thesen\/#article","isPartOf":{"@id":"https:\/\/www.organisator.ch\/management\/2017-07-03\/fuehren-im-digitalen-zeitalter-12-thesen\/"},"author":{"name":"michael.merz","@id":"https:\/\/www.organisator.ch\/#\/schema\/person\/134708ca9321c57b0362cceb7948ffbd"},"headline":"F\u00fchren im digitalen Zeitalter \u2013 12 Thesen","datePublished":"2017-07-03T08:25:02+00:00","mainEntityOfPage":{"@id":"https:\/\/www.organisator.ch\/management\/2017-07-03\/fuehren-im-digitalen-zeitalter-12-thesen\/"},"wordCount":761,"commentCount":0,"publisher":{"@id":"https:\/\/www.organisator.ch\/#organization"},"image":{"@id":"https:\/\/www.organisator.ch\/management\/2017-07-03\/fuehren-im-digitalen-zeitalter-12-thesen\/#primaryimage"},"thumbnailUrl":"https:\/\/www.organisator.ch\/wp-content\/uploads\/2017\/07\/Fuehren-im-digitalen-Zeitalter-12-Thesen-org-organisator.jpg","keywords":["Buch","Buchtipps","Digitalisierung","Management und Unternehmensf\u00fchrung","Unternehmensf\u00fchrung"],"articleSection":["MANAGEMENT"],"inLanguage":"fr-FR"},{"@type":"WebPage","@id":"https:\/\/www.organisator.ch\/management\/2017-07-03\/fuehren-im-digitalen-zeitalter-12-thesen\/","url":"https:\/\/www.organisator.ch\/management\/2017-07-03\/fuehren-im-digitalen-zeitalter-12-thesen\/","name":"Diriger \u00e0 l'\u00e8re du num\u00e9rique - 12 th\u00e8ses - Organisateur","isPartOf":{"@id":"https:\/\/www.organisator.ch\/#website"},"primaryImageOfPage":{"@id":"https:\/\/www.organisator.ch\/management\/2017-07-03\/fuehren-im-digitalen-zeitalter-12-thesen\/#primaryimage"},"image":{"@id":"https:\/\/www.organisator.ch\/management\/2017-07-03\/fuehren-im-digitalen-zeitalter-12-thesen\/#primaryimage"},"thumbnailUrl":"https:\/\/www.organisator.ch\/wp-content\/uploads\/2017\/07\/Fuehren-im-digitalen-Zeitalter-12-Thesen-org-organisator.jpg","datePublished":"2017-07-03T08:25:02+00:00","description":"Comment r\u00e9ussir \u00e0 diriger \u00e0 l'\u00e8re du num\u00e9rique ? A l'avenir, les dirigeants devront continuer \u00e0 faire prendre conscience des gestes interpersonnels.","breadcrumb":{"@id":"https:\/\/www.organisator.ch\/management\/2017-07-03\/fuehren-im-digitalen-zeitalter-12-thesen\/#breadcrumb"},"inLanguage":"fr-FR","potentialAction":[{"@type":"ReadAction","target":["https:\/\/www.organisator.ch\/management\/2017-07-03\/fuehren-im-digitalen-zeitalter-12-thesen\/"]}]},{"@type":"ImageObject","inLanguage":"fr-FR","@id":"https:\/\/www.organisator.ch\/management\/2017-07-03\/fuehren-im-digitalen-zeitalter-12-thesen\/#primaryimage","url":"https:\/\/www.organisator.ch\/wp-content\/uploads\/2017\/07\/Fuehren-im-digitalen-Zeitalter-12-Thesen-org-organisator.jpg","contentUrl":"https:\/\/www.organisator.ch\/wp-content\/uploads\/2017\/07\/Fuehren-im-digitalen-Zeitalter-12-Thesen-org-organisator.jpg","width":426,"height":640,"caption":"\u201eDigital ist egal: Mensch bleibt Mensch \u2013 F\u00fchrung entscheidet\u201c. geschrieben von Barbara Liebermeister. (Bild: zVg)"},{"@type":"BreadcrumbList","@id":"https:\/\/www.organisator.ch\/management\/2017-07-03\/fuehren-im-digitalen-zeitalter-12-thesen\/#breadcrumb","itemListElement":[{"@type":"ListItem","position":1,"name":"Home","item":"https:\/\/www.organisator.ch\/"},{"@type":"ListItem","position":2,"name":"F\u00fchren im digitalen Zeitalter \u2013 12 Thesen"}]},{"@type":"WebSite","@id":"https:\/\/www.organisator.ch\/#website","url":"https:\/\/www.organisator.ch\/","name":"Organisateur","description":"Comp\u00e9tence et comp\u00e9tence. Proches de la pratique. L'ORGANISATEUR pr\u00e9pare 10 num\u00e9ros par an sur les th\u00e8mes essentiels pour les dirigeants de PME.","publisher":{"@id":"https:\/\/www.organisator.ch\/#organization"},"potentialAction":[{"@type":"SearchAction","target":{"@type":"EntryPoint","urlTemplate":"https:\/\/www.organisator.ch\/?s={search_term_string}"},"query-input":{"@type":"PropertyValueSpecification","valueRequired":true,"valueName":"search_term_string"}}],"inLanguage":"fr-FR"},{"@type":"Organization","@id":"https:\/\/www.organisator.ch\/#organization","name":"Organisateur","url":"https:\/\/www.organisator.ch\/","logo":{"@type":"ImageObject","inLanguage":"fr-FR","@id":"https:\/\/www.organisator.ch\/#\/schema\/logo\/image\/","url":"https:\/\/www.organisator.ch\/wp-content\/uploads\/2022\/01\/Logo_Organisator_Website.png","contentUrl":"https:\/\/www.organisator.ch\/wp-content\/uploads\/2022\/01\/Logo_Organisator_Website.png","width":800,"height":77,"caption":"Organisator"},"image":{"@id":"https:\/\/www.organisator.ch\/#\/schema\/logo\/image\/"},"sameAs":["https:\/\/www.facebook.com\/OrganisatorFachmagazin","https:\/\/www.linkedin.com\/showcase\/organisator-das-magazin-fr-kmu","https:\/\/www.xing.com\/news\/pages\/organisator-ch-695","https:\/\/www.youtube.com\/channel\/UCGP2Sq0iWaZwT3BdIAQFYpw"]},{"@type":"Person","@id":"https:\/\/www.organisator.ch\/#\/schema\/person\/134708ca9321c57b0362cceb7948ffbd","name":"michael.merz","image":{"@type":"ImageObject","inLanguage":"fr-FR","@id":"https:\/\/secure.gravatar.com\/avatar\/?s=96&d=mm&r=g","url":"https:\/\/secure.gravatar.com\/avatar\/?s=96&d=mm&r=g","contentUrl":"https:\/\/secure.gravatar.com\/avatar\/?s=96&d=mm&r=g","caption":"michael.merz"},"url":"https:\/\/www.organisator.ch\/fr\/author\/michael-merz\/"}]}},"_links":{"self":[{"href":"https:\/\/www.organisator.ch\/fr\/wp-json\/wp\/v2\/posts\/2135","targetHints":{"allow":["GET"]}}],"collection":[{"href":"https:\/\/www.organisator.ch\/fr\/wp-json\/wp\/v2\/posts"}],"about":[{"href":"https:\/\/www.organisator.ch\/fr\/wp-json\/wp\/v2\/types\/post"}],"author":[{"embeddable":true,"href":"https:\/\/www.organisator.ch\/fr\/wp-json\/wp\/v2\/users\/5"}],"replies":[{"embeddable":true,"href":"https:\/\/www.organisator.ch\/fr\/wp-json\/wp\/v2\/comments?post=2135"}],"version-history":[{"count":0,"href":"https:\/\/www.organisator.ch\/fr\/wp-json\/wp\/v2\/posts\/2135\/revisions"}],"wp:featuredmedia":[{"embeddable":true,"href":"https:\/\/www.organisator.ch\/fr\/wp-json\/wp\/v2\/media\/2136"}],"wp:attachment":[{"href":"https:\/\/www.organisator.ch\/fr\/wp-json\/wp\/v2\/media?parent=2135"}],"wp:term":[{"taxonomy":"category","embeddable":true,"href":"https:\/\/www.organisator.ch\/fr\/wp-json\/wp\/v2\/categories?post=2135"},{"taxonomy":"post_tag","embeddable":true,"href":"https:\/\/www.organisator.ch\/fr\/wp-json\/wp\/v2\/tags?post=2135"}],"curies":[{"name":"wp","href":"https:\/\/api.w.org\/{rel}","templated":true}]}}