{"id":2140,"date":"2017-07-04T08:10:31","date_gmt":"2017-07-04T06:10:31","guid":{"rendered":"https:\/\/www.organisator.ch\/?p=2140"},"modified":"2017-07-04T08:10:31","modified_gmt":"2017-07-04T06:10:31","slug":"firmenfusion-aus-ekko-technik-ag-und-hans-meister-ag-wird-ekko-meister-ag","status":"publish","type":"post","link":"https:\/\/www.organisator.ch\/fr\/allgemein\/2017-07-04\/firmenfusion-aus-ekko-technik-ag-und-hans-meister-ag-wird-ekko-meister-ag\/","title":{"rendered":"Fusion d'entreprises : Ekko Technik AG et Hans Meister AG deviennent Ekko-Meister AG"},"content":{"rendered":"<figure id=\"attachment_2141\" aria-describedby=\"caption-attachment-2141\" style=\"width: 426px\" class=\"wp-caption alignnone\"><img loading=\"lazy\" decoding=\"async\" class=\"size-full wp-image-2141\" src=\"https:\/\/www.organisator.ch\/wp-content\/uploads\/2017\/07\/Firmenfusion-Aus-Ekko-Technik-AG-und-Hans-Meister-AG-wird-Ekko-Meister-AG_Organisator.jpg\" alt=\"\" width=\"426\" height=\"391\" srcset=\"https:\/\/www.organisator.ch\/wp-content\/uploads\/2017\/07\/Firmenfusion-Aus-Ekko-Technik-AG-und-Hans-Meister-AG-wird-Ekko-Meister-AG_Organisator.jpg 426w, https:\/\/www.organisator.ch\/wp-content\/uploads\/2017\/07\/Firmenfusion-Aus-Ekko-Technik-AG-und-Hans-Meister-AG-wird-Ekko-Meister-AG_Organisator-13x12.jpg 13w, https:\/\/www.organisator.ch\/wp-content\/uploads\/2017\/07\/Firmenfusion-Aus-Ekko-Technik-AG-und-Hans-Meister-AG-wird-Ekko-Meister-AG_Organisator-191x175.jpg 191w, https:\/\/www.organisator.ch\/wp-content\/uploads\/2017\/07\/Firmenfusion-Aus-Ekko-Technik-AG-und-Hans-Meister-AG-wird-Ekko-Meister-AG_Organisator-381x350.jpg 381w, https:\/\/www.organisator.ch\/wp-content\/uploads\/2017\/07\/Firmenfusion-Aus-Ekko-Technik-AG-und-Hans-Meister-AG-wird-Ekko-Meister-AG_Organisator-300x275.jpg 300w\" sizes=\"auto, (max-width: 426px) 100vw, 426px\" \/><figcaption id=\"caption-attachment-2141\" class=\"wp-caption-text\">Le pr\u00e9sident du conseil d'administration Walter Sahli apr\u00e8s la fusion des entreprises : \"La fusion des deux entreprises est une situation gagnant-gagnant pour toutes les parties concern\u00e9es\". (Image : zVg)<\/figcaption><\/figure>\n<p>Une fusion d'entreprises a r\u00e9cemment eu lieu dans le domaine de la construction d'outils et de la technique d'estampage : Les entreprises Ekko Technik AG et Hans Meister AG ont fusionn\u00e9 en juin 2017 pour devenir Ekko-Meister AG, dont le si\u00e8ge est \u00e0 Lengnau BE. Fond\u00e9e en 1954, Ekko Technik AG est sp\u00e9cialis\u00e9e dans la fabrication de paliers axiaux, de leurs composants ainsi que de pi\u00e8ces d\u00e9coup\u00e9es et pli\u00e9es ; Hans Meister AG, n\u00e9e en 1945, fabrique de petites pi\u00e8ces d\u00e9coup\u00e9es complexes et produit en outre des outils de d\u00e9coupe. La nouvelle entreprise Ekko-Meister AG a trouv\u00e9 son si\u00e8ge dans les locaux de l'ancienne Ekko Technik AG \u00e0 Lengnau, les locaux de l'ancienne Hans Meister AG \u00e0 Granges serviront \u00e0 l'avenir de centre logistique \u00e0 la soci\u00e9t\u00e9 nouvellement cr\u00e9\u00e9e. Les collaborateurs des deux entreprises - 30 au total - ont \u00e9t\u00e9 repris et travaillent d\u00e9j\u00e0 ensemble depuis quelques semaines. La direction de la nouvelle soci\u00e9t\u00e9 est assur\u00e9e par Jean-Pierre Voegeli ; outre Lukas Pfister (directeur des finances, de l'administration et du personnel) et Claudio Palazzi (directeur des ventes et du marketing), Martin Meister (directeur technique) a \u00e9t\u00e9 nomm\u00e9 membre de la direction. Le conseil d'administration a \u00e9t\u00e9 repris par Walter Sahli (pr\u00e9sident), Martin Meister et Philipp Andermatt.<\/p>\n<p>Sahli se r\u00e9jouit beaucoup de la fusion des entreprises et des possibilit\u00e9s qu'elle offre : \"La fusion des deux entreprises est une situation gagnant-gagnant pour tous les participants. La mise en commun des comp\u00e9tences et surtout des potentiels technologiques respectifs a donn\u00e9 naissance \u00e0 une entreprise performante qui peut se targuer de compter parmi les fournisseurs leaders dans le domaine des paliers axiaux fabriqu\u00e9s individuellement et sans enl\u00e8vement de copeaux, ainsi que dans la construction d'outils et la fabrication de tr\u00e8s petites pi\u00e8ces estamp\u00e9es, la plupart du temps \u00e0 sym\u00e9trie de r\u00e9volution\".  Ce qui est en outre tr\u00e8s important et ne doit pas \u00eatre sous-estim\u00e9, c'est le fait que l'alchimie entre les deux entreprises est parfaite : \"Les deux entreprises sont li\u00e9es depuis de nombreuses ann\u00e9es par un \u00e9troit partenariat commercial. Elles ont toujours travaill\u00e9 ensemble de mani\u00e8re remarquable et se connaissent parfaitement\".<\/p>\n<p>Les clients repr\u00e9sent\u00e9s dans le monde entier, actifs entre autres dans les secteurs de l'automobile, des biens de consommation haut de gamme, de la technique m\u00e9dicale et de l'\u00e9lectrotechnique, profiteront de la fusion des entreprises. Et ils peuvent se r\u00e9jouir d'une multitude de synergies : \"Nous avons cr\u00e9\u00e9 une toute nouvelle cha\u00eene de cr\u00e9ation de valeur. Du co-engineering \u00e0 la fabrication des but\u00e9es et des pi\u00e8ces d\u00e9coup\u00e9es et pli\u00e9es, en passant par la construction d'outils, tout est d\u00e9sormais entre les mains d'une seule et m\u00eame entreprise\", poursuit Sahli ; \"notre efficacit\u00e9 technologique, associ\u00e9e \u00e0 une orientation client nettement plus marqu\u00e9e, sera payante pour les deux parties\".<\/p>\n<p><em>Plus d'informations jusqu'\u00e0 nouvel ordre sur\u00a0<a href=\"http:\/\/www2.ekko.ch\/de\/\">Ekko Technik AG<\/a>\u00a0et <a href=\"https:\/\/www.h-meisterag.ch\/de\">Meister AG<\/a>\u00a0<\/em><\/p>","protected":false},"excerpt":{"rendered":"<p>Im Bereich Werkzeugbau und Stanztechnik\u00a0hat k\u00fcrzlich eine\u00a0Firmenfusion stattgefunden: Die Unternehmen Ekko Technik AG und Hans Meister AG\u00a0schlossen\u00a0sich im Juni 2017\u00a0zu\u00a0Ekko-Meister AG mit Sitz in Lengnau BE zusammen. Die 1954 gegr\u00fcndete Ekko Technik AG ist auf die Fertigung von Axiallagern, deren Bestandteilen sowie Stanz- und Biegeteilen spezialisiert; die 1945 entstandene Hans Meister AG stellt kleine, komplexe [&hellip;]<\/p>\n","protected":false},"author":4,"featured_media":2141,"comment_status":"open","ping_status":"open","sticky":false,"template":"","format":"standard","meta":{"_acf_changed":false,"_yoast_wpseo_focuskw":"Firmenfusion","_yoast_wpseo_metadesc":"Die in Lengnau BE ans\u00e4ssige Ekko Technik AG und die aus Grenchen SO stammende Hans Meister AG sind mit sofortiger Wirkung zur Ekko-Meister AG fusioniert.","articlekey":"","footnotes":""},"categories":[1],"tags":[334,340,492],"class_list":["post-2140","post","type-post","status-publish","format-standard","has-post-thumbnail","hentry","category-allgemein","tag-management","tag-maerkte","tag-unternehmen"],"acf":[],"yoast_head":"<!-- This site is optimized with the Yoast SEO plugin v27.5 - https:\/\/yoast.com\/product\/yoast-seo-wordpress\/ -->\n<title>Firmenfusion: Aus Ekko Technik AG und Hans Meister AG wird Ekko-Meister AG - Organisator<\/title>\n<meta name=\"description\" content=\"Die in Lengnau BE ans\u00e4ssige Ekko Technik AG und die aus Grenchen SO stammende Hans Meister AG sind mit sofortiger Wirkung zur Ekko-Meister AG fusioniert.\" \/>\n<meta name=\"robots\" content=\"index, follow, max-snippet:-1, max-image-preview:large, max-video-preview:-1\" \/>\n<link rel=\"canonical\" href=\"https:\/\/www.organisator.ch\/fr\/general\/2017-07-04\/firmenfusion-aus-ekko-technik-ag-und-hans-meister-ag-wird-ekko-meister-ag\/\" \/>\n<meta property=\"og:locale\" content=\"fr_FR\" \/>\n<meta property=\"og:type\" content=\"article\" \/>\n<meta property=\"og:title\" content=\"Firmenfusion: Aus Ekko Technik AG und Hans Meister AG wird Ekko-Meister AG\" \/>\n<meta property=\"og:description\" content=\"Die in #Lengnau BE ans\u00e4ssige Ekko Technik AG und die aus #Grenchen SO stammende Hans Meister AG sind mit sofortiger Wirkung zur #Ekko-Meister AG fusioniert.\" \/>\n<meta property=\"og:url\" content=\"https:\/\/www.organisator.ch\/fr\/general\/2017-07-04\/firmenfusion-aus-ekko-technik-ag-und-hans-meister-ag-wird-ekko-meister-ag\/\" \/>\n<meta property=\"og:site_name\" content=\"Organisator\" \/>\n<meta property=\"article:publisher\" content=\"https:\/\/www.facebook.com\/OrganisatorFachmagazin\" \/>\n<meta property=\"article:published_time\" content=\"2017-07-04T06:10:31+00:00\" \/>\n<meta property=\"og:image\" content=\"https:\/\/www.organisator.ch\/wp-content\/uploads\/2017\/07\/Firmenfusion-Aus-Ekko-Technik-AG-und-Hans-Meister-AG-wird-Ekko-Meister-AG_Organisator.jpg\" \/>\n\t<meta property=\"og:image:width\" content=\"426\" \/>\n\t<meta property=\"og:image:height\" content=\"391\" \/>\n\t<meta property=\"og:image:type\" content=\"image\/jpeg\" \/>\n<meta name=\"author\" content=\"thomas.berner\" \/>\n<meta name=\"twitter:card\" content=\"summary_large_image\" \/>\n<meta name=\"twitter:title\" content=\"#Firmenfusion: Aus Ekko Technik AG und Hans Meister AG wird #Ekko-Meister AG\" \/>\n<meta name=\"twitter:description\" content=\"Die in #Lengnau BE ans\u00e4ssige Ekko Technik AG und die aus #Grenchen SO stammende Hans Meister AG sind mit sofortiger Wirkung zur #Ekko-Meister AG fusioniert.\" \/>\n<meta name=\"twitter:image\" content=\"https:\/\/www.organisator.ch\/wp-content\/uploads\/2017\/07\/Firmenfusion-Aus-Ekko-Technik-AG-und-Hans-Meister-AG-wird-Ekko-Meister-AG_Organisator.jpg\" \/>\n<script type=\"application\/ld+json\" class=\"yoast-schema-graph\">{\"@context\":\"https:\\\/\\\/schema.org\",\"@graph\":[{\"@type\":\"Article\",\"@id\":\"https:\\\/\\\/www.organisator.ch\\\/it\\\/generale\\\/2017-07-04\\\/firmenfusion-aus-ekko-technik-ag-und-hans-meister-ag-wird-ekko-meister-ag\\\/#article\",\"isPartOf\":{\"@id\":\"https:\\\/\\\/www.organisator.ch\\\/it\\\/generale\\\/2017-07-04\\\/firmenfusion-aus-ekko-technik-ag-und-hans-meister-ag-wird-ekko-meister-ag\\\/\"},\"author\":{\"name\":\"thomas.berner\",\"@id\":\"https:\\\/\\\/www.organisator.ch\\\/#\\\/schema\\\/person\\\/6f650f90b2842cd4c0cc334b4e36f67e\"},\"headline\":\"Firmenfusion: Aus Ekko Technik AG und Hans Meister AG wird Ekko-Meister AG\",\"datePublished\":\"2017-07-04T06:10:31+00:00\",\"mainEntityOfPage\":{\"@id\":\"https:\\\/\\\/www.organisator.ch\\\/it\\\/generale\\\/2017-07-04\\\/firmenfusion-aus-ekko-technik-ag-und-hans-meister-ag-wird-ekko-meister-ag\\\/\"},\"wordCount\":426,\"commentCount\":0,\"publisher\":{\"@id\":\"https:\\\/\\\/www.organisator.ch\\\/#organization\"},\"image\":{\"@id\":\"https:\\\/\\\/www.organisator.ch\\\/it\\\/generale\\\/2017-07-04\\\/firmenfusion-aus-ekko-technik-ag-und-hans-meister-ag-wird-ekko-meister-ag\\\/#primaryimage\"},\"thumbnailUrl\":\"https:\\\/\\\/www.organisator.ch\\\/wp-content\\\/uploads\\\/2017\\\/07\\\/Firmenfusion-Aus-Ekko-Technik-AG-und-Hans-Meister-AG-wird-Ekko-Meister-AG_Organisator.jpg\",\"keywords\":[\"Management\",\"M\u00e4rkte\",\"Unternehmen\"],\"articleSection\":[\"Allgemein\"],\"inLanguage\":\"fr-FR\"},{\"@type\":\"WebPage\",\"@id\":\"https:\\\/\\\/www.organisator.ch\\\/it\\\/generale\\\/2017-07-04\\\/firmenfusion-aus-ekko-technik-ag-und-hans-meister-ag-wird-ekko-meister-ag\\\/\",\"url\":\"https:\\\/\\\/www.organisator.ch\\\/it\\\/generale\\\/2017-07-04\\\/firmenfusion-aus-ekko-technik-ag-und-hans-meister-ag-wird-ekko-meister-ag\\\/\",\"name\":\"Firmenfusion: Aus Ekko Technik AG und Hans Meister AG wird Ekko-Meister AG - Organisator\",\"isPartOf\":{\"@id\":\"https:\\\/\\\/www.organisator.ch\\\/#website\"},\"primaryImageOfPage\":{\"@id\":\"https:\\\/\\\/www.organisator.ch\\\/it\\\/generale\\\/2017-07-04\\\/firmenfusion-aus-ekko-technik-ag-und-hans-meister-ag-wird-ekko-meister-ag\\\/#primaryimage\"},\"image\":{\"@id\":\"https:\\\/\\\/www.organisator.ch\\\/it\\\/generale\\\/2017-07-04\\\/firmenfusion-aus-ekko-technik-ag-und-hans-meister-ag-wird-ekko-meister-ag\\\/#primaryimage\"},\"thumbnailUrl\":\"https:\\\/\\\/www.organisator.ch\\\/wp-content\\\/uploads\\\/2017\\\/07\\\/Firmenfusion-Aus-Ekko-Technik-AG-und-Hans-Meister-AG-wird-Ekko-Meister-AG_Organisator.jpg\",\"datePublished\":\"2017-07-04T06:10:31+00:00\",\"description\":\"Die in Lengnau BE ans\u00e4ssige Ekko Technik AG und die aus Grenchen SO stammende Hans Meister AG sind mit sofortiger Wirkung zur Ekko-Meister AG fusioniert.\",\"breadcrumb\":{\"@id\":\"https:\\\/\\\/www.organisator.ch\\\/it\\\/generale\\\/2017-07-04\\\/firmenfusion-aus-ekko-technik-ag-und-hans-meister-ag-wird-ekko-meister-ag\\\/#breadcrumb\"},\"inLanguage\":\"fr-FR\",\"potentialAction\":[{\"@type\":\"ReadAction\",\"target\":[\"https:\\\/\\\/www.organisator.ch\\\/it\\\/generale\\\/2017-07-04\\\/firmenfusion-aus-ekko-technik-ag-und-hans-meister-ag-wird-ekko-meister-ag\\\/\"]}]},{\"@type\":\"ImageObject\",\"inLanguage\":\"fr-FR\",\"@id\":\"https:\\\/\\\/www.organisator.ch\\\/it\\\/generale\\\/2017-07-04\\\/firmenfusion-aus-ekko-technik-ag-und-hans-meister-ag-wird-ekko-meister-ag\\\/#primaryimage\",\"url\":\"https:\\\/\\\/www.organisator.ch\\\/wp-content\\\/uploads\\\/2017\\\/07\\\/Firmenfusion-Aus-Ekko-Technik-AG-und-Hans-Meister-AG-wird-Ekko-Meister-AG_Organisator.jpg\",\"contentUrl\":\"https:\\\/\\\/www.organisator.ch\\\/wp-content\\\/uploads\\\/2017\\\/07\\\/Firmenfusion-Aus-Ekko-Technik-AG-und-Hans-Meister-AG-wird-Ekko-Meister-AG_Organisator.jpg\",\"width\":426,\"height\":391,\"caption\":\"VRP Walter Sahli nach der Firmenfusion: \u201eDer Zusammenschluss beider Firmen ist eine Win-Win-Situation f\u00fcr alle Beteiligten.\\\" (Bild: zVg)\"},{\"@type\":\"BreadcrumbList\",\"@id\":\"https:\\\/\\\/www.organisator.ch\\\/it\\\/generale\\\/2017-07-04\\\/firmenfusion-aus-ekko-technik-ag-und-hans-meister-ag-wird-ekko-meister-ag\\\/#breadcrumb\",\"itemListElement\":[{\"@type\":\"ListItem\",\"position\":1,\"name\":\"Home\",\"item\":\"https:\\\/\\\/www.organisator.ch\\\/\"},{\"@type\":\"ListItem\",\"position\":2,\"name\":\"Firmenfusion: Aus Ekko Technik AG und Hans Meister AG wird Ekko-Meister AG\"}]},{\"@type\":\"WebSite\",\"@id\":\"https:\\\/\\\/www.organisator.ch\\\/#website\",\"url\":\"https:\\\/\\\/www.organisator.ch\\\/\",\"name\":\"Organisator\",\"description\":\"Kompetent. Praxisnah. Der ORGANISATOR bereitet in 10 Ausgaben pro Jahr die wesentlichen Themen f\u00fcr F\u00fchrungskr\u00e4fte von KMU auf.\",\"publisher\":{\"@id\":\"https:\\\/\\\/www.organisator.ch\\\/#organization\"},\"potentialAction\":[{\"@type\":\"SearchAction\",\"target\":{\"@type\":\"EntryPoint\",\"urlTemplate\":\"https:\\\/\\\/www.organisator.ch\\\/?s={search_term_string}\"},\"query-input\":{\"@type\":\"PropertyValueSpecification\",\"valueRequired\":true,\"valueName\":\"search_term_string\"}}],\"inLanguage\":\"fr-FR\"},{\"@type\":\"Organization\",\"@id\":\"https:\\\/\\\/www.organisator.ch\\\/#organization\",\"name\":\"Organisator\",\"url\":\"https:\\\/\\\/www.organisator.ch\\\/\",\"logo\":{\"@type\":\"ImageObject\",\"inLanguage\":\"fr-FR\",\"@id\":\"https:\\\/\\\/www.organisator.ch\\\/#\\\/schema\\\/logo\\\/image\\\/\",\"url\":\"https:\\\/\\\/www.organisator.ch\\\/wp-content\\\/uploads\\\/2022\\\/01\\\/Logo_Organisator_Website.png\",\"contentUrl\":\"https:\\\/\\\/www.organisator.ch\\\/wp-content\\\/uploads\\\/2022\\\/01\\\/Logo_Organisator_Website.png\",\"width\":800,\"height\":77,\"caption\":\"Organisator\"},\"image\":{\"@id\":\"https:\\\/\\\/www.organisator.ch\\\/#\\\/schema\\\/logo\\\/image\\\/\"},\"sameAs\":[\"https:\\\/\\\/www.facebook.com\\\/OrganisatorFachmagazin\",\"https:\\\/\\\/www.linkedin.com\\\/showcase\\\/organisator-das-magazin-fr-kmu\",\"https:\\\/\\\/www.xing.com\\\/news\\\/pages\\\/organisator-ch-695\",\"https:\\\/\\\/www.youtube.com\\\/channel\\\/UCGP2Sq0iWaZwT3BdIAQFYpw\"]},{\"@type\":\"Person\",\"@id\":\"https:\\\/\\\/www.organisator.ch\\\/#\\\/schema\\\/person\\\/6f650f90b2842cd4c0cc334b4e36f67e\",\"name\":\"thomas.berner\",\"image\":{\"@type\":\"ImageObject\",\"inLanguage\":\"fr-FR\",\"@id\":\"https:\\\/\\\/secure.gravatar.com\\\/avatar\\\/ac5001d2a36cb6c6cd3e50789007ffca834b477b74a2144564522e944eabff61?s=96&d=mm&r=g\",\"url\":\"https:\\\/\\\/secure.gravatar.com\\\/avatar\\\/ac5001d2a36cb6c6cd3e50789007ffca834b477b74a2144564522e944eabff61?s=96&d=mm&r=g\",\"contentUrl\":\"https:\\\/\\\/secure.gravatar.com\\\/avatar\\\/ac5001d2a36cb6c6cd3e50789007ffca834b477b74a2144564522e944eabff61?s=96&d=mm&r=g\",\"caption\":\"thomas.berner\"},\"url\":\"https:\\\/\\\/www.organisator.ch\\\/fr\\\/author\\\/thomas-berner\\\/\"}]}<\/script>\n<!-- \/ Yoast SEO plugin. -->","yoast_head_json":{"title":"Fusion d'entreprises : Ekko Technik AG et Hans Meister AG deviennent Ekko-Meister AG - Organisateur","description":"Ekko Technik AG, bas\u00e9e \u00e0 Lengnau BE, et Hans Meister AG, originaire de Granges SO, ont fusionn\u00e9 avec effet imm\u00e9diat pour devenir Ekko-Meister AG.","robots":{"index":"index","follow":"follow","max-snippet":"max-snippet:-1","max-image-preview":"max-image-preview:large","max-video-preview":"max-video-preview:-1"},"canonical":"https:\/\/www.organisator.ch\/fr\/general\/2017-07-04\/firmenfusion-aus-ekko-technik-ag-und-hans-meister-ag-wird-ekko-meister-ag\/","og_locale":"fr_FR","og_type":"article","og_title":"Firmenfusion: Aus Ekko Technik AG und Hans Meister AG wird Ekko-Meister AG","og_description":"Die in #Lengnau BE ans\u00e4ssige Ekko Technik AG und die aus #Grenchen SO stammende Hans Meister AG sind mit sofortiger Wirkung zur #Ekko-Meister AG fusioniert.","og_url":"https:\/\/www.organisator.ch\/fr\/general\/2017-07-04\/firmenfusion-aus-ekko-technik-ag-und-hans-meister-ag-wird-ekko-meister-ag\/","og_site_name":"Organisator","article_publisher":"https:\/\/www.facebook.com\/OrganisatorFachmagazin","article_published_time":"2017-07-04T06:10:31+00:00","og_image":[{"width":426,"height":391,"url":"https:\/\/www.organisator.ch\/wp-content\/uploads\/2017\/07\/Firmenfusion-Aus-Ekko-Technik-AG-und-Hans-Meister-AG-wird-Ekko-Meister-AG_Organisator.jpg","type":"image\/jpeg"}],"author":"thomas.berner","twitter_card":"summary_large_image","twitter_title":"#Firmenfusion: Aus Ekko Technik AG und Hans Meister AG wird #Ekko-Meister AG","twitter_description":"Die in #Lengnau BE ans\u00e4ssige Ekko Technik AG und die aus #Grenchen SO stammende Hans Meister AG sind mit sofortiger Wirkung zur #Ekko-Meister AG fusioniert.","twitter_image":"https:\/\/www.organisator.ch\/wp-content\/uploads\/2017\/07\/Firmenfusion-Aus-Ekko-Technik-AG-und-Hans-Meister-AG-wird-Ekko-Meister-AG_Organisator.jpg","schema":{"@context":"https:\/\/schema.org","@graph":[{"@type":"Article","@id":"https:\/\/www.organisator.ch\/it\/generale\/2017-07-04\/firmenfusion-aus-ekko-technik-ag-und-hans-meister-ag-wird-ekko-meister-ag\/#article","isPartOf":{"@id":"https:\/\/www.organisator.ch\/it\/generale\/2017-07-04\/firmenfusion-aus-ekko-technik-ag-und-hans-meister-ag-wird-ekko-meister-ag\/"},"author":{"name":"thomas.berner","@id":"https:\/\/www.organisator.ch\/#\/schema\/person\/6f650f90b2842cd4c0cc334b4e36f67e"},"headline":"Firmenfusion: Aus Ekko Technik AG und Hans Meister AG wird Ekko-Meister AG","datePublished":"2017-07-04T06:10:31+00:00","mainEntityOfPage":{"@id":"https:\/\/www.organisator.ch\/it\/generale\/2017-07-04\/firmenfusion-aus-ekko-technik-ag-und-hans-meister-ag-wird-ekko-meister-ag\/"},"wordCount":426,"commentCount":0,"publisher":{"@id":"https:\/\/www.organisator.ch\/#organization"},"image":{"@id":"https:\/\/www.organisator.ch\/it\/generale\/2017-07-04\/firmenfusion-aus-ekko-technik-ag-und-hans-meister-ag-wird-ekko-meister-ag\/#primaryimage"},"thumbnailUrl":"https:\/\/www.organisator.ch\/wp-content\/uploads\/2017\/07\/Firmenfusion-Aus-Ekko-Technik-AG-und-Hans-Meister-AG-wird-Ekko-Meister-AG_Organisator.jpg","keywords":["Management","M\u00e4rkte","Unternehmen"],"articleSection":["Allgemein"],"inLanguage":"fr-FR"},{"@type":"WebPage","@id":"https:\/\/www.organisator.ch\/it\/generale\/2017-07-04\/firmenfusion-aus-ekko-technik-ag-und-hans-meister-ag-wird-ekko-meister-ag\/","url":"https:\/\/www.organisator.ch\/it\/generale\/2017-07-04\/firmenfusion-aus-ekko-technik-ag-und-hans-meister-ag-wird-ekko-meister-ag\/","name":"Fusion d'entreprises : Ekko Technik AG et Hans Meister AG deviennent Ekko-Meister AG - Organisateur","isPartOf":{"@id":"https:\/\/www.organisator.ch\/#website"},"primaryImageOfPage":{"@id":"https:\/\/www.organisator.ch\/it\/generale\/2017-07-04\/firmenfusion-aus-ekko-technik-ag-und-hans-meister-ag-wird-ekko-meister-ag\/#primaryimage"},"image":{"@id":"https:\/\/www.organisator.ch\/it\/generale\/2017-07-04\/firmenfusion-aus-ekko-technik-ag-und-hans-meister-ag-wird-ekko-meister-ag\/#primaryimage"},"thumbnailUrl":"https:\/\/www.organisator.ch\/wp-content\/uploads\/2017\/07\/Firmenfusion-Aus-Ekko-Technik-AG-und-Hans-Meister-AG-wird-Ekko-Meister-AG_Organisator.jpg","datePublished":"2017-07-04T06:10:31+00:00","description":"Ekko Technik AG, bas\u00e9e \u00e0 Lengnau BE, et Hans Meister AG, originaire de Granges SO, ont fusionn\u00e9 avec effet imm\u00e9diat pour devenir Ekko-Meister AG.","breadcrumb":{"@id":"https:\/\/www.organisator.ch\/it\/generale\/2017-07-04\/firmenfusion-aus-ekko-technik-ag-und-hans-meister-ag-wird-ekko-meister-ag\/#breadcrumb"},"inLanguage":"fr-FR","potentialAction":[{"@type":"ReadAction","target":["https:\/\/www.organisator.ch\/it\/generale\/2017-07-04\/firmenfusion-aus-ekko-technik-ag-und-hans-meister-ag-wird-ekko-meister-ag\/"]}]},{"@type":"ImageObject","inLanguage":"fr-FR","@id":"https:\/\/www.organisator.ch\/it\/generale\/2017-07-04\/firmenfusion-aus-ekko-technik-ag-und-hans-meister-ag-wird-ekko-meister-ag\/#primaryimage","url":"https:\/\/www.organisator.ch\/wp-content\/uploads\/2017\/07\/Firmenfusion-Aus-Ekko-Technik-AG-und-Hans-Meister-AG-wird-Ekko-Meister-AG_Organisator.jpg","contentUrl":"https:\/\/www.organisator.ch\/wp-content\/uploads\/2017\/07\/Firmenfusion-Aus-Ekko-Technik-AG-und-Hans-Meister-AG-wird-Ekko-Meister-AG_Organisator.jpg","width":426,"height":391,"caption":"VRP Walter Sahli nach der Firmenfusion: \u201eDer Zusammenschluss beider Firmen ist eine Win-Win-Situation f\u00fcr alle Beteiligten.\" (Bild: zVg)"},{"@type":"BreadcrumbList","@id":"https:\/\/www.organisator.ch\/it\/generale\/2017-07-04\/firmenfusion-aus-ekko-technik-ag-und-hans-meister-ag-wird-ekko-meister-ag\/#breadcrumb","itemListElement":[{"@type":"ListItem","position":1,"name":"Home","item":"https:\/\/www.organisator.ch\/"},{"@type":"ListItem","position":2,"name":"Firmenfusion: Aus Ekko Technik AG und Hans Meister AG wird Ekko-Meister AG"}]},{"@type":"WebSite","@id":"https:\/\/www.organisator.ch\/#website","url":"https:\/\/www.organisator.ch\/","name":"Organisateur","description":"Comp\u00e9tence et comp\u00e9tence. Proches de la pratique. L'ORGANISATEUR pr\u00e9pare 10 num\u00e9ros par an sur les th\u00e8mes essentiels pour les dirigeants de PME.","publisher":{"@id":"https:\/\/www.organisator.ch\/#organization"},"potentialAction":[{"@type":"SearchAction","target":{"@type":"EntryPoint","urlTemplate":"https:\/\/www.organisator.ch\/?s={search_term_string}"},"query-input":{"@type":"PropertyValueSpecification","valueRequired":true,"valueName":"search_term_string"}}],"inLanguage":"fr-FR"},{"@type":"Organization","@id":"https:\/\/www.organisator.ch\/#organization","name":"Organisateur","url":"https:\/\/www.organisator.ch\/","logo":{"@type":"ImageObject","inLanguage":"fr-FR","@id":"https:\/\/www.organisator.ch\/#\/schema\/logo\/image\/","url":"https:\/\/www.organisator.ch\/wp-content\/uploads\/2022\/01\/Logo_Organisator_Website.png","contentUrl":"https:\/\/www.organisator.ch\/wp-content\/uploads\/2022\/01\/Logo_Organisator_Website.png","width":800,"height":77,"caption":"Organisator"},"image":{"@id":"https:\/\/www.organisator.ch\/#\/schema\/logo\/image\/"},"sameAs":["https:\/\/www.facebook.com\/OrganisatorFachmagazin","https:\/\/www.linkedin.com\/showcase\/organisator-das-magazin-fr-kmu","https:\/\/www.xing.com\/news\/pages\/organisator-ch-695","https:\/\/www.youtube.com\/channel\/UCGP2Sq0iWaZwT3BdIAQFYpw"]},{"@type":"Person","@id":"https:\/\/www.organisator.ch\/#\/schema\/person\/6f650f90b2842cd4c0cc334b4e36f67e","name":"thomas.berner","image":{"@type":"ImageObject","inLanguage":"fr-FR","@id":"https:\/\/secure.gravatar.com\/avatar\/ac5001d2a36cb6c6cd3e50789007ffca834b477b74a2144564522e944eabff61?s=96&d=mm&r=g","url":"https:\/\/secure.gravatar.com\/avatar\/ac5001d2a36cb6c6cd3e50789007ffca834b477b74a2144564522e944eabff61?s=96&d=mm&r=g","contentUrl":"https:\/\/secure.gravatar.com\/avatar\/ac5001d2a36cb6c6cd3e50789007ffca834b477b74a2144564522e944eabff61?s=96&d=mm&r=g","caption":"thomas.berner"},"url":"https:\/\/www.organisator.ch\/fr\/author\/thomas-berner\/"}]}},"_links":{"self":[{"href":"https:\/\/www.organisator.ch\/fr\/wp-json\/wp\/v2\/posts\/2140","targetHints":{"allow":["GET"]}}],"collection":[{"href":"https:\/\/www.organisator.ch\/fr\/wp-json\/wp\/v2\/posts"}],"about":[{"href":"https:\/\/www.organisator.ch\/fr\/wp-json\/wp\/v2\/types\/post"}],"author":[{"embeddable":true,"href":"https:\/\/www.organisator.ch\/fr\/wp-json\/wp\/v2\/users\/4"}],"replies":[{"embeddable":true,"href":"https:\/\/www.organisator.ch\/fr\/wp-json\/wp\/v2\/comments?post=2140"}],"version-history":[{"count":0,"href":"https:\/\/www.organisator.ch\/fr\/wp-json\/wp\/v2\/posts\/2140\/revisions"}],"wp:featuredmedia":[{"embeddable":true,"href":"https:\/\/www.organisator.ch\/fr\/wp-json\/wp\/v2\/media\/2141"}],"wp:attachment":[{"href":"https:\/\/www.organisator.ch\/fr\/wp-json\/wp\/v2\/media?parent=2140"}],"wp:term":[{"taxonomy":"category","embeddable":true,"href":"https:\/\/www.organisator.ch\/fr\/wp-json\/wp\/v2\/categories?post=2140"},{"taxonomy":"post_tag","embeddable":true,"href":"https:\/\/www.organisator.ch\/fr\/wp-json\/wp\/v2\/tags?post=2140"}],"curies":[{"name":"wp","href":"https:\/\/api.w.org\/{rel}","templated":true}]}}