{"id":21400,"date":"2023-08-21T09:31:11","date_gmt":"2023-08-21T07:31:11","guid":{"rendered":"https:\/\/www.organisator.ch\/?p=21400"},"modified":"2023-08-21T09:31:11","modified_gmt":"2023-08-21T07:31:11","slug":"bautenschutz-und-sanierungsfirma-fuehrt-4-tage-woche-ein","status":"publish","type":"post","link":"https:\/\/www.organisator.ch\/fr\/management\/2023-08-21\/bautenschutz-und-sanierungsfirma-fuehrt-4-tage-woche-ein\/","title":{"rendered":"Une entreprise de protection et de r\u00e9novation de b\u00e2timents introduit la semaine de 4 jours"},"content":{"rendered":"<figure id=\"attachment_21401\" aria-describedby=\"caption-attachment-21401\" style=\"width: 680px\" class=\"wp-caption alignnone\"><img loading=\"lazy\" decoding=\"async\" class=\"size-full wp-image-21401\" src=\"https:\/\/www.organisator.ch\/wp-content\/uploads\/2023\/08\/Bautenschutz-und-Sanierungsfirma-fuehrt-4-Tage-Woche-ein_Organisator.jpg\" alt=\"\" width=\"680\" height=\"455\" srcset=\"https:\/\/www.organisator.ch\/wp-content\/uploads\/2023\/08\/Bautenschutz-und-Sanierungsfirma-fuehrt-4-Tage-Woche-ein_Organisator.jpg 680w, https:\/\/www.organisator.ch\/wp-content\/uploads\/2023\/08\/Bautenschutz-und-Sanierungsfirma-fuehrt-4-Tage-Woche-ein_Organisator-18x12.jpg 18w, https:\/\/www.organisator.ch\/wp-content\/uploads\/2023\/08\/Bautenschutz-und-Sanierungsfirma-fuehrt-4-Tage-Woche-ein_Organisator-375x251.jpg 375w, https:\/\/www.organisator.ch\/wp-content\/uploads\/2023\/08\/Bautenschutz-und-Sanierungsfirma-fuehrt-4-Tage-Woche-ein_Organisator-523x350.jpg 523w\" sizes=\"auto, (max-width: 680px) 100vw, 680px\" \/><figcaption id=\"caption-attachment-21401\" class=\"wp-caption-text\">De haut en bas : Kevin Dobler (directeur), Stefan G\u00fctiger (membre de la direction), Jacqueline Dobler (membre de la direction), Elian Bertschi (membre de la direction) et Franz Dobler (fondateur de Dobler-Bautenschutz AG). (Image : Mustafa Kizilcik de online-mk.ch)<\/figcaption><\/figure>\n<p>Alors que les milieux patronaux et syndicaux s'inqui\u00e8tent du <a href=\"https:\/\/www.organisator.ch\/de\/management\/2021-09-01\/der-4-tage-woche-betrug\/\">Sens et non-sens d'une semaine de quatre jours<\/a> sont divis\u00e9s sur la question, certaines entreprises se lancent, convaincues de l'utilit\u00e9 d'une r\u00e9duction du temps de travail hebdomadaire. C'est le cas de Dobler-Bautenschutz AG \u00e0 Schinznach-Dorf, une entreprise suisse leader dans le secteur de la protection et de la r\u00e9novation des b\u00e2timents.<\/p>\n<h3>Le bien-\u00eatre des collaborateurs au centre des pr\u00e9occupations<\/h3>\n<p>Actuellement, l'\u00e9quipe de Dobler-Bautenschutz AG se compose de 18 collaborateurs hautement qualifi\u00e9s, qui sont des sp\u00e9cialistes form\u00e9s dans la protection des b\u00e2timents. Dans le cadre de son 30e anniversaire, l'entreprise a introduit la semaine de 4 jours depuis le 1er ao\u00fbt 2023 afin de garantir un meilleur \u00e9quilibre entre vie professionnelle et vie priv\u00e9e \u00e0 ses collaborateurs. \"Le bien-\u00eatre de notre \u00e9quipe nous tient particuli\u00e8rement \u00e0 c\u0153ur\", explique Franz Dobler, le fondateur de l'entreprise. \"Avec la semaine de quatre jours, nous am\u00e9liorons la qualit\u00e9 de vie de nos collaborateurs tout en favorisant la productivit\u00e9 et la satisfaction au travail\". En tant qu'entreprise sp\u00e9cialis\u00e9e dans la protection des b\u00e2timents, la soci\u00e9t\u00e9 emploie des ouvriers et ouvri\u00e8res suisses exp\u00e9riment\u00e9s et reconnus, qui ont \u00e9t\u00e9 form\u00e9s de mani\u00e8re cibl\u00e9e et cons\u00e9quente pour devenir des sp\u00e9cialistes dans le domaine de la protection des b\u00e2timents. Dobler Protection des b\u00e2timents SA est non seulement certifi\u00e9e ISO 9001 en mati\u00e8re de gestion de la qualit\u00e9, mais se distingue \u00e9galement par ses avis et expertises sp\u00e9cialis\u00e9s. En tant que membre de l'association professionnelle SPR Suisse, l'entreprise souligne sa position d'acteur reconnu dans le secteur.<\/p>\n<h3>Se positionner comme un employeur attractif<\/h3>\n<p>L'entreprise se consacre avec expertise \u00e0 la r\u00e9solution de tous les probl\u00e8mes d'humidit\u00e9 et d'eau ainsi qu'\u00e0 la r\u00e9novation de b\u00e2timents anciens dans le domaine de la protection des b\u00e2timents. Avec un large \u00e9ventail de services sp\u00e9cialis\u00e9s - du traitement des moisissures, de l'assainissement des ma\u00e7onneries en moellons, de l'imperm\u00e9abilisation des ma\u00e7onneries en b\u00e9ton jusqu'\u00e0 l'\u00e9tanch\u00e9it\u00e9 des caves - l'entreprise offre une garantie de dix ans, unique selon elle, sur tous les travaux effectu\u00e9s. \"Nos collaborateurs sont notre potentiel le plus pr\u00e9cieux\", d\u00e9clare Stefan G\u00fctiger, membre de la direction de Dobler-Bautenschutz AG. \"Avec l'introduction de la semaine de quatre jours, nous leur donnons en outre plus de temps pour leur famille et leurs int\u00e9r\u00eats personnels\". L'objectif est d'\u00e9tablir l'entreprise comme l'un des employeurs les plus attractifs de la r\u00e9gion, et cette d\u00e9cision a donc \u00e9t\u00e9 un pas important dans cette direction, poursuit Stefan G\u00fctiger.<\/p>\n<h3>Effet positif sur les collaborateurs et les clients<\/h3>\n<p>Les collaborateurs et collaboratrices de l'entreprise ont d\u00e9j\u00e0 accueilli positivement le passage \u00e0 la semaine de quatre jours. \"Ils appr\u00e9cient le temps libre suppl\u00e9mentaire et en profitent pour se consacrer \u00e0 leur famille, \u00e0 leurs hobbies ou \u00e0 la d\u00e9tente\", explique Elian Bertschi, \u00e9galement membre de la direction. La semaine de 4 jours offre \u00e9galement un avantage concurrentiel \u00e0 Dobler-Bautenschutz AG. \"Nous pouvons attirer et garder des professionnels talentueux, nos collaborateurs sont plus motiv\u00e9s et plus productifs\", d\u00e9clare le directeur Kevin Dobler. \"Cette d\u00e9cision souligne notre culture d'entreprise orient\u00e9e vers l'avenir et renforce notre position sur un march\u00e9 tr\u00e8s concurrentiel.<\/p>\n<p><em>Source et informations compl\u00e9mentaires : <a href=\"https:\/\/www.dobler-bautenschutz.ch\/\">Dobler Bautenschutz AG<\/a><\/em><\/p>","protected":false},"excerpt":{"rendered":"<p>Dans le cadre de son 30e anniversaire, l'entreprise Dobler-Bautenschutz AG de Schinznach a introduit la semaine de quatre jours pour ses 18 collaborateurs. L'entreprise souhaite ainsi garantir un meilleur \u00e9quilibre entre vie professionnelle et vie priv\u00e9e.<\/p>","protected":false},"author":4,"featured_media":21401,"comment_status":"closed","ping_status":"closed","sticky":false,"template":"","format":"standard","meta":{"_acf_changed":false,"_yoast_wpseo_focuskw":"Bautenschutz","_yoast_wpseo_metadesc":"Die Dobler-Bautenschutz AG hat im Zuge des 30-j\u00e4hrigen Firmenjubil\u00e4ums f\u00fcr seine 18 Mitarbeitenden die 4-Tage-Woche eingef\u00fchrt.","articlekey":"","footnotes":""},"categories":[28],"tags":[206,254,335,492],"class_list":["post-21400","post","type-post","status-publish","format-standard","has-post-thumbnail","hentry","category-management","tag-firmenjubilaeum","tag-hrm","tag-management-und-unternehmensfuehrung","tag-unternehmen"],"acf":[],"yoast_head":"<!-- This site is optimized with the Yoast SEO plugin v27.5 - https:\/\/yoast.com\/product\/yoast-seo-wordpress\/ -->\n<title>Bautenschutz- und Sanierungsfirma f\u00fchrt 4-Tage-Woche ein - Organisator<\/title>\n<meta name=\"description\" content=\"Die Dobler-Bautenschutz AG hat im Zuge des 30-j\u00e4hrigen Firmenjubil\u00e4ums f\u00fcr seine 18 Mitarbeitenden die 4-Tage-Woche eingef\u00fchrt.\" \/>\n<meta name=\"robots\" content=\"index, follow, max-snippet:-1, max-image-preview:large, max-video-preview:-1\" \/>\n<link rel=\"canonical\" href=\"https:\/\/www.organisator.ch\/fr\/gestion-2\/2023-08-21\/bautenschutz-und-sanierungsfirma-fuehrt-4-tage-woche-ein\/\" \/>\n<meta property=\"og:locale\" content=\"fr_FR\" \/>\n<meta property=\"og:type\" content=\"article\" \/>\n<meta property=\"og:title\" content=\"Bautenschutz- und Sanierungsfirma f\u00fchrt 4-Tage-Woche ein\" \/>\n<meta property=\"og:description\" content=\"Die Dobler-Bautenschutz AG hat im Zuge des 30-j\u00e4hrigen Firmenjubil\u00e4ums f\u00fcr seine 18 Mitarbeitenden die 4-Tage-Woche eingef\u00fchrt.\" \/>\n<meta property=\"og:url\" content=\"https:\/\/www.organisator.ch\/fr\/gestion-2\/2023-08-21\/bautenschutz-und-sanierungsfirma-fuehrt-4-tage-woche-ein\/\" \/>\n<meta property=\"og:site_name\" content=\"Organisator\" \/>\n<meta property=\"article:publisher\" content=\"https:\/\/www.facebook.com\/OrganisatorFachmagazin\" \/>\n<meta property=\"article:published_time\" content=\"2023-08-21T07:31:11+00:00\" \/>\n<meta property=\"og:image\" content=\"https:\/\/www.organisator.ch\/wp-content\/uploads\/2023\/08\/Bautenschutz-und-Sanierungsfirma-fuehrt-4-Tage-Woche-ein_Organisator.jpg\" \/>\n\t<meta property=\"og:image:width\" content=\"680\" \/>\n\t<meta property=\"og:image:height\" content=\"455\" \/>\n\t<meta property=\"og:image:type\" content=\"image\/jpeg\" \/>\n<meta name=\"author\" content=\"thomas.berner\" \/>\n<meta name=\"twitter:card\" content=\"summary_large_image\" \/>\n<meta name=\"twitter:title\" content=\"#Bautenschutz- und #Sanierungsfirma f\u00fchrt #4-Tage-Woche ein\" \/>\n<meta name=\"twitter:description\" content=\"Die Dobler-Bautenschutz AG hat im Zuge des 30-j\u00e4hrigen #Firmenjubil\u00e4ums f\u00fcr seine 18 Mitarbeitenden die #4-Tage-Woche eingef\u00fchrt.\" \/>\n<meta name=\"twitter:image\" content=\"https:\/\/www.organisator.ch\/wp-content\/uploads\/2023\/08\/Bautenschutz-und-Sanierungsfirma-fuehrt-4-Tage-Woche-ein_Organisator.jpg\" \/>\n<script type=\"application\/ld+json\" class=\"yoast-schema-graph\">{\"@context\":\"https:\\\/\\\/schema.org\",\"@graph\":[{\"@type\":\"Article\",\"@id\":\"https:\\\/\\\/www.organisator.ch\\\/management\\\/2023-08-21\\\/bautenschutz-und-sanierungsfirma-fuehrt-4-tage-woche-ein\\\/#article\",\"isPartOf\":{\"@id\":\"https:\\\/\\\/www.organisator.ch\\\/management\\\/2023-08-21\\\/bautenschutz-und-sanierungsfirma-fuehrt-4-tage-woche-ein\\\/\"},\"author\":{\"name\":\"thomas.berner\",\"@id\":\"https:\\\/\\\/www.organisator.ch\\\/#\\\/schema\\\/person\\\/6f650f90b2842cd4c0cc334b4e36f67e\"},\"headline\":\"Bautenschutz- und Sanierungsfirma f\u00fchrt 4-Tage-Woche ein\",\"datePublished\":\"2023-08-21T07:31:11+00:00\",\"mainEntityOfPage\":{\"@id\":\"https:\\\/\\\/www.organisator.ch\\\/management\\\/2023-08-21\\\/bautenschutz-und-sanierungsfirma-fuehrt-4-tage-woche-ein\\\/\"},\"wordCount\":489,\"publisher\":{\"@id\":\"https:\\\/\\\/www.organisator.ch\\\/#organization\"},\"image\":{\"@id\":\"https:\\\/\\\/www.organisator.ch\\\/management\\\/2023-08-21\\\/bautenschutz-und-sanierungsfirma-fuehrt-4-tage-woche-ein\\\/#primaryimage\"},\"thumbnailUrl\":\"https:\\\/\\\/www.organisator.ch\\\/wp-content\\\/uploads\\\/2023\\\/08\\\/Bautenschutz-und-Sanierungsfirma-fuehrt-4-Tage-Woche-ein_Organisator.jpg\",\"keywords\":[\"Firmenjubil\u00e4um\",\"HRM\",\"Management und Unternehmensf\u00fchrung\",\"Unternehmen\"],\"articleSection\":[\"MANAGEMENT\"],\"inLanguage\":\"fr-FR\"},{\"@type\":\"WebPage\",\"@id\":\"https:\\\/\\\/www.organisator.ch\\\/management\\\/2023-08-21\\\/bautenschutz-und-sanierungsfirma-fuehrt-4-tage-woche-ein\\\/\",\"url\":\"https:\\\/\\\/www.organisator.ch\\\/management\\\/2023-08-21\\\/bautenschutz-und-sanierungsfirma-fuehrt-4-tage-woche-ein\\\/\",\"name\":\"Bautenschutz- und Sanierungsfirma f\u00fchrt 4-Tage-Woche ein - Organisator\",\"isPartOf\":{\"@id\":\"https:\\\/\\\/www.organisator.ch\\\/#website\"},\"primaryImageOfPage\":{\"@id\":\"https:\\\/\\\/www.organisator.ch\\\/management\\\/2023-08-21\\\/bautenschutz-und-sanierungsfirma-fuehrt-4-tage-woche-ein\\\/#primaryimage\"},\"image\":{\"@id\":\"https:\\\/\\\/www.organisator.ch\\\/management\\\/2023-08-21\\\/bautenschutz-und-sanierungsfirma-fuehrt-4-tage-woche-ein\\\/#primaryimage\"},\"thumbnailUrl\":\"https:\\\/\\\/www.organisator.ch\\\/wp-content\\\/uploads\\\/2023\\\/08\\\/Bautenschutz-und-Sanierungsfirma-fuehrt-4-Tage-Woche-ein_Organisator.jpg\",\"datePublished\":\"2023-08-21T07:31:11+00:00\",\"description\":\"Die Dobler-Bautenschutz AG hat im Zuge des 30-j\u00e4hrigen Firmenjubil\u00e4ums f\u00fcr seine 18 Mitarbeitenden die 4-Tage-Woche eingef\u00fchrt.\",\"breadcrumb\":{\"@id\":\"https:\\\/\\\/www.organisator.ch\\\/management\\\/2023-08-21\\\/bautenschutz-und-sanierungsfirma-fuehrt-4-tage-woche-ein\\\/#breadcrumb\"},\"inLanguage\":\"fr-FR\",\"potentialAction\":[{\"@type\":\"ReadAction\",\"target\":[\"https:\\\/\\\/www.organisator.ch\\\/management\\\/2023-08-21\\\/bautenschutz-und-sanierungsfirma-fuehrt-4-tage-woche-ein\\\/\"]}]},{\"@type\":\"ImageObject\",\"inLanguage\":\"fr-FR\",\"@id\":\"https:\\\/\\\/www.organisator.ch\\\/management\\\/2023-08-21\\\/bautenschutz-und-sanierungsfirma-fuehrt-4-tage-woche-ein\\\/#primaryimage\",\"url\":\"https:\\\/\\\/www.organisator.ch\\\/wp-content\\\/uploads\\\/2023\\\/08\\\/Bautenschutz-und-Sanierungsfirma-fuehrt-4-Tage-Woche-ein_Organisator.jpg\",\"contentUrl\":\"https:\\\/\\\/www.organisator.ch\\\/wp-content\\\/uploads\\\/2023\\\/08\\\/Bautenschutz-und-Sanierungsfirma-fuehrt-4-Tage-Woche-ein_Organisator.jpg\",\"width\":680,\"height\":455,\"caption\":\"Kevin Dobler (Gesch\u00e4ftsf\u00fchrer), Stefan G\u00fctiger (Mitglied der Gesch\u00e4ftsleitung), Jacqueline Dobler (Mitglied der Gesch\u00e4ftsleitung), Elian Bertschi (Mitglied der Gesch\u00e4ftsleitung) und Franz Dobler (Gr\u00fcnder der Dobler-Bautenschutz AG). (Bild: Mustafa Kizilcik von online-mk.ch)\"},{\"@type\":\"BreadcrumbList\",\"@id\":\"https:\\\/\\\/www.organisator.ch\\\/management\\\/2023-08-21\\\/bautenschutz-und-sanierungsfirma-fuehrt-4-tage-woche-ein\\\/#breadcrumb\",\"itemListElement\":[{\"@type\":\"ListItem\",\"position\":1,\"name\":\"Home\",\"item\":\"https:\\\/\\\/www.organisator.ch\\\/\"},{\"@type\":\"ListItem\",\"position\":2,\"name\":\"Bautenschutz- und Sanierungsfirma f\u00fchrt 4-Tage-Woche ein\"}]},{\"@type\":\"WebSite\",\"@id\":\"https:\\\/\\\/www.organisator.ch\\\/#website\",\"url\":\"https:\\\/\\\/www.organisator.ch\\\/\",\"name\":\"Organisator\",\"description\":\"Kompetent. Praxisnah. Der ORGANISATOR bereitet in 10 Ausgaben pro Jahr die wesentlichen Themen f\u00fcr F\u00fchrungskr\u00e4fte von KMU auf.\",\"publisher\":{\"@id\":\"https:\\\/\\\/www.organisator.ch\\\/#organization\"},\"potentialAction\":[{\"@type\":\"SearchAction\",\"target\":{\"@type\":\"EntryPoint\",\"urlTemplate\":\"https:\\\/\\\/www.organisator.ch\\\/?s={search_term_string}\"},\"query-input\":{\"@type\":\"PropertyValueSpecification\",\"valueRequired\":true,\"valueName\":\"search_term_string\"}}],\"inLanguage\":\"fr-FR\"},{\"@type\":\"Organization\",\"@id\":\"https:\\\/\\\/www.organisator.ch\\\/#organization\",\"name\":\"Organisator\",\"url\":\"https:\\\/\\\/www.organisator.ch\\\/\",\"logo\":{\"@type\":\"ImageObject\",\"inLanguage\":\"fr-FR\",\"@id\":\"https:\\\/\\\/www.organisator.ch\\\/#\\\/schema\\\/logo\\\/image\\\/\",\"url\":\"https:\\\/\\\/www.organisator.ch\\\/wp-content\\\/uploads\\\/2022\\\/01\\\/Logo_Organisator_Website.png\",\"contentUrl\":\"https:\\\/\\\/www.organisator.ch\\\/wp-content\\\/uploads\\\/2022\\\/01\\\/Logo_Organisator_Website.png\",\"width\":800,\"height\":77,\"caption\":\"Organisator\"},\"image\":{\"@id\":\"https:\\\/\\\/www.organisator.ch\\\/#\\\/schema\\\/logo\\\/image\\\/\"},\"sameAs\":[\"https:\\\/\\\/www.facebook.com\\\/OrganisatorFachmagazin\",\"https:\\\/\\\/www.linkedin.com\\\/showcase\\\/organisator-das-magazin-fr-kmu\",\"https:\\\/\\\/www.xing.com\\\/news\\\/pages\\\/organisator-ch-695\",\"https:\\\/\\\/www.youtube.com\\\/channel\\\/UCGP2Sq0iWaZwT3BdIAQFYpw\"]},{\"@type\":\"Person\",\"@id\":\"https:\\\/\\\/www.organisator.ch\\\/#\\\/schema\\\/person\\\/6f650f90b2842cd4c0cc334b4e36f67e\",\"name\":\"thomas.berner\",\"image\":{\"@type\":\"ImageObject\",\"inLanguage\":\"fr-FR\",\"@id\":\"https:\\\/\\\/secure.gravatar.com\\\/avatar\\\/ac5001d2a36cb6c6cd3e50789007ffca834b477b74a2144564522e944eabff61?s=96&d=mm&r=g\",\"url\":\"https:\\\/\\\/secure.gravatar.com\\\/avatar\\\/ac5001d2a36cb6c6cd3e50789007ffca834b477b74a2144564522e944eabff61?s=96&d=mm&r=g\",\"contentUrl\":\"https:\\\/\\\/secure.gravatar.com\\\/avatar\\\/ac5001d2a36cb6c6cd3e50789007ffca834b477b74a2144564522e944eabff61?s=96&d=mm&r=g\",\"caption\":\"thomas.berner\"},\"url\":\"https:\\\/\\\/www.organisator.ch\\\/fr\\\/author\\\/thomas-berner\\\/\"}]}<\/script>\n<!-- \/ Yoast SEO plugin. -->","yoast_head_json":{"title":"Une entreprise de protection et de r\u00e9novation de b\u00e2timents introduit la semaine de 4 jours - Organisateur","description":"Dans le cadre de son 30e anniversaire, Dobler-Bautenschutz AG a introduit la semaine de quatre jours pour ses 18 collaborateurs.","robots":{"index":"index","follow":"follow","max-snippet":"max-snippet:-1","max-image-preview":"max-image-preview:large","max-video-preview":"max-video-preview:-1"},"canonical":"https:\/\/www.organisator.ch\/fr\/gestion-2\/2023-08-21\/bautenschutz-und-sanierungsfirma-fuehrt-4-tage-woche-ein\/","og_locale":"fr_FR","og_type":"article","og_title":"Bautenschutz- und Sanierungsfirma f\u00fchrt 4-Tage-Woche ein","og_description":"Die Dobler-Bautenschutz AG hat im Zuge des 30-j\u00e4hrigen Firmenjubil\u00e4ums f\u00fcr seine 18 Mitarbeitenden die 4-Tage-Woche eingef\u00fchrt.","og_url":"https:\/\/www.organisator.ch\/fr\/gestion-2\/2023-08-21\/bautenschutz-und-sanierungsfirma-fuehrt-4-tage-woche-ein\/","og_site_name":"Organisator","article_publisher":"https:\/\/www.facebook.com\/OrganisatorFachmagazin","article_published_time":"2023-08-21T07:31:11+00:00","og_image":[{"width":680,"height":455,"url":"https:\/\/www.organisator.ch\/wp-content\/uploads\/2023\/08\/Bautenschutz-und-Sanierungsfirma-fuehrt-4-Tage-Woche-ein_Organisator.jpg","type":"image\/jpeg"}],"author":"thomas.berner","twitter_card":"summary_large_image","twitter_title":"#Bautenschutz- und #Sanierungsfirma f\u00fchrt #4-Tage-Woche ein","twitter_description":"Die Dobler-Bautenschutz AG hat im Zuge des 30-j\u00e4hrigen #Firmenjubil\u00e4ums f\u00fcr seine 18 Mitarbeitenden die #4-Tage-Woche eingef\u00fchrt.","twitter_image":"https:\/\/www.organisator.ch\/wp-content\/uploads\/2023\/08\/Bautenschutz-und-Sanierungsfirma-fuehrt-4-Tage-Woche-ein_Organisator.jpg","schema":{"@context":"https:\/\/schema.org","@graph":[{"@type":"Article","@id":"https:\/\/www.organisator.ch\/management\/2023-08-21\/bautenschutz-und-sanierungsfirma-fuehrt-4-tage-woche-ein\/#article","isPartOf":{"@id":"https:\/\/www.organisator.ch\/management\/2023-08-21\/bautenschutz-und-sanierungsfirma-fuehrt-4-tage-woche-ein\/"},"author":{"name":"thomas.berner","@id":"https:\/\/www.organisator.ch\/#\/schema\/person\/6f650f90b2842cd4c0cc334b4e36f67e"},"headline":"Bautenschutz- und Sanierungsfirma f\u00fchrt 4-Tage-Woche ein","datePublished":"2023-08-21T07:31:11+00:00","mainEntityOfPage":{"@id":"https:\/\/www.organisator.ch\/management\/2023-08-21\/bautenschutz-und-sanierungsfirma-fuehrt-4-tage-woche-ein\/"},"wordCount":489,"publisher":{"@id":"https:\/\/www.organisator.ch\/#organization"},"image":{"@id":"https:\/\/www.organisator.ch\/management\/2023-08-21\/bautenschutz-und-sanierungsfirma-fuehrt-4-tage-woche-ein\/#primaryimage"},"thumbnailUrl":"https:\/\/www.organisator.ch\/wp-content\/uploads\/2023\/08\/Bautenschutz-und-Sanierungsfirma-fuehrt-4-Tage-Woche-ein_Organisator.jpg","keywords":["Firmenjubil\u00e4um","HRM","Management und Unternehmensf\u00fchrung","Unternehmen"],"articleSection":["MANAGEMENT"],"inLanguage":"fr-FR"},{"@type":"WebPage","@id":"https:\/\/www.organisator.ch\/management\/2023-08-21\/bautenschutz-und-sanierungsfirma-fuehrt-4-tage-woche-ein\/","url":"https:\/\/www.organisator.ch\/management\/2023-08-21\/bautenschutz-und-sanierungsfirma-fuehrt-4-tage-woche-ein\/","name":"Une entreprise de protection et de r\u00e9novation de b\u00e2timents introduit la semaine de 4 jours - Organisateur","isPartOf":{"@id":"https:\/\/www.organisator.ch\/#website"},"primaryImageOfPage":{"@id":"https:\/\/www.organisator.ch\/management\/2023-08-21\/bautenschutz-und-sanierungsfirma-fuehrt-4-tage-woche-ein\/#primaryimage"},"image":{"@id":"https:\/\/www.organisator.ch\/management\/2023-08-21\/bautenschutz-und-sanierungsfirma-fuehrt-4-tage-woche-ein\/#primaryimage"},"thumbnailUrl":"https:\/\/www.organisator.ch\/wp-content\/uploads\/2023\/08\/Bautenschutz-und-Sanierungsfirma-fuehrt-4-Tage-Woche-ein_Organisator.jpg","datePublished":"2023-08-21T07:31:11+00:00","description":"Dans le cadre de son 30e anniversaire, Dobler-Bautenschutz AG a introduit la semaine de quatre jours pour ses 18 collaborateurs.","breadcrumb":{"@id":"https:\/\/www.organisator.ch\/management\/2023-08-21\/bautenschutz-und-sanierungsfirma-fuehrt-4-tage-woche-ein\/#breadcrumb"},"inLanguage":"fr-FR","potentialAction":[{"@type":"ReadAction","target":["https:\/\/www.organisator.ch\/management\/2023-08-21\/bautenschutz-und-sanierungsfirma-fuehrt-4-tage-woche-ein\/"]}]},{"@type":"ImageObject","inLanguage":"fr-FR","@id":"https:\/\/www.organisator.ch\/management\/2023-08-21\/bautenschutz-und-sanierungsfirma-fuehrt-4-tage-woche-ein\/#primaryimage","url":"https:\/\/www.organisator.ch\/wp-content\/uploads\/2023\/08\/Bautenschutz-und-Sanierungsfirma-fuehrt-4-Tage-Woche-ein_Organisator.jpg","contentUrl":"https:\/\/www.organisator.ch\/wp-content\/uploads\/2023\/08\/Bautenschutz-und-Sanierungsfirma-fuehrt-4-Tage-Woche-ein_Organisator.jpg","width":680,"height":455,"caption":"Kevin Dobler (Gesch\u00e4ftsf\u00fchrer), Stefan G\u00fctiger (Mitglied der Gesch\u00e4ftsleitung), Jacqueline Dobler (Mitglied der Gesch\u00e4ftsleitung), Elian Bertschi (Mitglied der Gesch\u00e4ftsleitung) und Franz Dobler (Gr\u00fcnder der Dobler-Bautenschutz AG). (Bild: Mustafa Kizilcik von online-mk.ch)"},{"@type":"BreadcrumbList","@id":"https:\/\/www.organisator.ch\/management\/2023-08-21\/bautenschutz-und-sanierungsfirma-fuehrt-4-tage-woche-ein\/#breadcrumb","itemListElement":[{"@type":"ListItem","position":1,"name":"Home","item":"https:\/\/www.organisator.ch\/"},{"@type":"ListItem","position":2,"name":"Bautenschutz- und Sanierungsfirma f\u00fchrt 4-Tage-Woche ein"}]},{"@type":"WebSite","@id":"https:\/\/www.organisator.ch\/#website","url":"https:\/\/www.organisator.ch\/","name":"Organisateur","description":"Comp\u00e9tence et comp\u00e9tence. Proches de la pratique. L'ORGANISATEUR pr\u00e9pare 10 num\u00e9ros par an sur les th\u00e8mes essentiels pour les dirigeants de PME.","publisher":{"@id":"https:\/\/www.organisator.ch\/#organization"},"potentialAction":[{"@type":"SearchAction","target":{"@type":"EntryPoint","urlTemplate":"https:\/\/www.organisator.ch\/?s={search_term_string}"},"query-input":{"@type":"PropertyValueSpecification","valueRequired":true,"valueName":"search_term_string"}}],"inLanguage":"fr-FR"},{"@type":"Organization","@id":"https:\/\/www.organisator.ch\/#organization","name":"Organisateur","url":"https:\/\/www.organisator.ch\/","logo":{"@type":"ImageObject","inLanguage":"fr-FR","@id":"https:\/\/www.organisator.ch\/#\/schema\/logo\/image\/","url":"https:\/\/www.organisator.ch\/wp-content\/uploads\/2022\/01\/Logo_Organisator_Website.png","contentUrl":"https:\/\/www.organisator.ch\/wp-content\/uploads\/2022\/01\/Logo_Organisator_Website.png","width":800,"height":77,"caption":"Organisator"},"image":{"@id":"https:\/\/www.organisator.ch\/#\/schema\/logo\/image\/"},"sameAs":["https:\/\/www.facebook.com\/OrganisatorFachmagazin","https:\/\/www.linkedin.com\/showcase\/organisator-das-magazin-fr-kmu","https:\/\/www.xing.com\/news\/pages\/organisator-ch-695","https:\/\/www.youtube.com\/channel\/UCGP2Sq0iWaZwT3BdIAQFYpw"]},{"@type":"Person","@id":"https:\/\/www.organisator.ch\/#\/schema\/person\/6f650f90b2842cd4c0cc334b4e36f67e","name":"thomas.berner","image":{"@type":"ImageObject","inLanguage":"fr-FR","@id":"https:\/\/secure.gravatar.com\/avatar\/ac5001d2a36cb6c6cd3e50789007ffca834b477b74a2144564522e944eabff61?s=96&d=mm&r=g","url":"https:\/\/secure.gravatar.com\/avatar\/ac5001d2a36cb6c6cd3e50789007ffca834b477b74a2144564522e944eabff61?s=96&d=mm&r=g","contentUrl":"https:\/\/secure.gravatar.com\/avatar\/ac5001d2a36cb6c6cd3e50789007ffca834b477b74a2144564522e944eabff61?s=96&d=mm&r=g","caption":"thomas.berner"},"url":"https:\/\/www.organisator.ch\/fr\/author\/thomas-berner\/"}]}},"_links":{"self":[{"href":"https:\/\/www.organisator.ch\/fr\/wp-json\/wp\/v2\/posts\/21400","targetHints":{"allow":["GET"]}}],"collection":[{"href":"https:\/\/www.organisator.ch\/fr\/wp-json\/wp\/v2\/posts"}],"about":[{"href":"https:\/\/www.organisator.ch\/fr\/wp-json\/wp\/v2\/types\/post"}],"author":[{"embeddable":true,"href":"https:\/\/www.organisator.ch\/fr\/wp-json\/wp\/v2\/users\/4"}],"replies":[{"embeddable":true,"href":"https:\/\/www.organisator.ch\/fr\/wp-json\/wp\/v2\/comments?post=21400"}],"version-history":[{"count":1,"href":"https:\/\/www.organisator.ch\/fr\/wp-json\/wp\/v2\/posts\/21400\/revisions"}],"predecessor-version":[{"id":21402,"href":"https:\/\/www.organisator.ch\/fr\/wp-json\/wp\/v2\/posts\/21400\/revisions\/21402"}],"wp:featuredmedia":[{"embeddable":true,"href":"https:\/\/www.organisator.ch\/fr\/wp-json\/wp\/v2\/media\/21401"}],"wp:attachment":[{"href":"https:\/\/www.organisator.ch\/fr\/wp-json\/wp\/v2\/media?parent=21400"}],"wp:term":[{"taxonomy":"category","embeddable":true,"href":"https:\/\/www.organisator.ch\/fr\/wp-json\/wp\/v2\/categories?post=21400"},{"taxonomy":"post_tag","embeddable":true,"href":"https:\/\/www.organisator.ch\/fr\/wp-json\/wp\/v2\/tags?post=21400"}],"curies":[{"name":"wp","href":"https:\/\/api.w.org\/{rel}","templated":true}]}}