{"id":21425,"date":"2023-08-22T10:05:44","date_gmt":"2023-08-22T08:05:44","guid":{"rendered":"https:\/\/www.m-q.ch\/?p=18435"},"modified":"2024-11-14T13:09:22","modified_gmt":"2024-11-14T12:09:22","slug":"suva-mehr-faelle-von-versicherungsmissbrauch","status":"publish","type":"post","link":"https:\/\/www.organisator.ch\/fr\/operational-excellence\/2023-08-22\/suva-mehr-faelle-von-versicherungsmissbrauch\/","title":{"rendered":"Suva : davantage de cas de fraude \u00e0 l'assurance"},"content":{"rendered":"<div>\r\n<figure id=\"attachment_18437\" class=\"wp-caption alignnone\" style=\"width: 680px\" aria-describedby=\"caption-attachment-18437\">\u00a0 <img class=\"alignnone wp-image-18437 size-full\" src=\"https:\/\/www.m-q.ch\/wp-content\/uploads\/2023\/08\/Suva-Mehr-Faelle-von-Versicherungsmissbrauch_MQ.jpg\" alt=\"Abus d&#039;assurance\" width=\"680\" height=\"328\" \/>\r\n<figcaption id=\"caption-attachment-18437\" class=\"wp-caption-text\">La Suva lutte syst\u00e9matiquement contre la fraude \u00e0 l'assurance. (Image : GettyImages \/ Suva)<\/figcaption>\r\n<\/figure>\r\n<p>La fraude \u00e0 l'assurance est un probl\u00e8me grave qui affecte \u00e0 la fois le secteur de l'assurance et la soci\u00e9t\u00e9 dans son ensemble. L'abus d'assurance entra\u00eene une augmentation des co\u00fbts, une diminution de l'efficacit\u00e9 \u00e9conomique et une perte de confiance dans le syst\u00e8me d'assurance. De plus, les primes peuvent augmenter pour les clients honn\u00eates, qui doivent supporter le comportement d\u00e9loyal de quelques-uns. C'est pourquoi la Suva met tout en \u0153uvre pour lutter contre les cas d'abus.<\/p>\r\n<h3>Les cas d'abus d'assurance augmentent<\/h3>\r\n<p>Les cas d'abus d'assurance semblent toutefois \u00eatre en augmentation \u00e0 la Suva. L'ann\u00e9e derni\u00e8re, l'assureur a examin\u00e9 2916 cas suspects sur les 252 278 cas pour lesquels une indemnit\u00e9 journali\u00e8re ou une rente a \u00e9t\u00e9 vers\u00e9e apr\u00e8s un accident ou une maladie professionnelle. C'est l\u00e9g\u00e8rement plus que l'ann\u00e9e pr\u00e9c\u00e9dente (2021 : 2839 cas suspects, +2,7 pour cent). Les mesures de lutte contre les abus ont permis d'\u00e9conomiser 24,1 millions de francs au total. Ce montant se compose de la pr\u00e9vention du versement de prestations injustifi\u00e9es par des personnes accident\u00e9es ou des fournisseurs de prestations m\u00e9dicales tels que les h\u00f4pitaux, les m\u00e9decins, les th\u00e9rapeutes (18,6 millions de francs) et de la lutte contre les abus aupr\u00e8s des entreprises assur\u00e9es (5,5 millions de francs). Le montant moyen \u00e9conomis\u00e9 sur les prestations vers\u00e9es par cas s'est \u00e9lev\u00e9 \u00e0 22 963 francs (2021 : 24 781 francs). Le nombre total de cas cl\u00f4tur\u00e9s avec des soup\u00e7ons confirm\u00e9s est nettement plus \u00e9lev\u00e9 : 810 cas (2021 : 686 cas). Une observation a eu lieu dans toute la Suisse.<\/p>\r\n<h3 id=\"anchor-6CE41E52-C407-4FB6-A681-FAD0D485CE59\" class=\"h3 sch-h3\">Abus \u00e0 diff\u00e9rents niveaux<\/h3>\r\n<p>Depuis l'introduction de la lutte contre les abus en 2007, la Suva a pu \u00e9conomiser au total plus de 239 millions de francs. Ce montant profite aux assur\u00e9s sous la forme de primes plus basses.<\/p>\r\n<p>L'abus d'assurance a lieu \u00e0 diff\u00e9rents niveaux : Il va des individus qui, par des indications fausses ou manquantes, obtiennent frauduleusement des prestations financi\u00e8res telles que des indemnit\u00e9s journali\u00e8res ou des rentes, aux entreprises fictives qui \u00e9vitent de payer les primes d'assurance sociale en travaillant au noir ou en faisant faillite, en passant par les h\u00f4pitaux, les m\u00e9decins ou les th\u00e9rapeutes qui \u00e9tablissent sciemment de faux d\u00e9comptes. Tous ces mod\u00e8les ont un point commun : ce sont les personnes honn\u00eates qui subissent les dommages.<\/p>\r\n<p>\"La grande majorit\u00e9 de nos assur\u00e9s sont honn\u00eates\", souligne Roger Bolt, responsable de la lutte contre la fraude \u00e0 l'assurance \u00e0 la Suva. \"Afin de les pr\u00e9server d'un pr\u00e9judice financier, de garantir des primes adapt\u00e9es aux risques et de contribuer \u00e0 un march\u00e9 suisse de l'emploi et de la sant\u00e9 \u00e9quitable, nous agissons de mani\u00e8re cons\u00e9quente contre la fraude \u00e0 l'assurance. Merci d'\u00eatre honn\u00eate\" !<\/p>\r\n<\/div>\r\n<div>\r\n<p><em>Source : <a href=\"http:\/\/www.suva.ch\/\">Suva<\/a><\/em><\/p>\r\n<\/div>\n<p class=\"syndicated-attribution\">Cet article est paru initialement sur m-q.ch - <a href=\"https:\/\/www.m-q.ch\/de\/suva-mehr-faelle-von-versicherungsmissbrauch\/\" target=\"_blank\">https:\/\/www.m-q.ch\/de\/suva-mehr-faelle-von-versicherungsmissbrauch\/<\/a><\/p>","protected":false},"excerpt":{"rendered":"<p>La Suva lutte syst\u00e9matiquement contre la fraude \u00e0 l'assurance : en 2022, plus de 2900 cas suspects ont \u00e9t\u00e9 examin\u00e9s, soit l\u00e9g\u00e8rement plus que l'ann\u00e9e pr\u00e9c\u00e9dente. La lutte contre les abus a permis d'\u00e9conomiser 24,1 millions de francs. L'\u00e9conomie totale r\u00e9alis\u00e9e depuis l'introduction de la lutte contre les abus est de 239 millions de francs.<\/p>","protected":false},"author":8,"featured_media":0,"comment_status":"closed","ping_status":"closed","sticky":false,"template":"","format":"standard","meta":{"_acf_changed":false,"_yoast_wpseo_focuskw":"Versicherungsmissbrauch","_yoast_wpseo_metadesc":"Suva bek\u00e4mpft Versicherungsmissbrauch: Schutz vor finanziellem Schaden und faire Pr\u00e4mien f\u00fcr alle Versicherten.","articlekey":"","footnotes":""},"categories":[582],"tags":[3895],"class_list":["post-21425","post","type-post","status-publish","format-standard","hentry","category-operational-excellence","tag-versicherungsmissbrauch"],"acf":[],"yoast_head":"<!-- This site is optimized with the Yoast SEO plugin v27.5 - https:\/\/yoast.com\/product\/yoast-seo-wordpress\/ -->\n<title>Suva: Mehr F\u00e4lle von Versicherungsmissbrauch - Organisator<\/title>\n<meta name=\"description\" content=\"Suva bek\u00e4mpft Versicherungsmissbrauch: Schutz vor finanziellem Schaden und faire Pr\u00e4mien f\u00fcr alle Versicherten.\" \/>\n<meta name=\"robots\" content=\"index, follow, max-snippet:-1, max-image-preview:large, max-video-preview:-1\" \/>\n<link rel=\"canonical\" href=\"https:\/\/www.organisator.ch\/fr\/excellence-operationnelle\/2023-08-22\/suva-mehr-faelle-von-versicherungsmissbrauch\/\" \/>\n<meta property=\"og:locale\" content=\"fr_FR\" \/>\n<meta property=\"og:type\" content=\"article\" \/>\n<meta property=\"og:title\" content=\"Suva: Mehr F\u00e4lle von Versicherungsmissbrauch - Organisator\" \/>\n<meta property=\"og:description\" content=\"Suva bek\u00e4mpft Versicherungsmissbrauch: Schutz vor finanziellem Schaden und faire Pr\u00e4mien f\u00fcr alle Versicherten.\" \/>\n<meta property=\"og:url\" content=\"https:\/\/www.organisator.ch\/fr\/excellence-operationnelle\/2023-08-22\/suva-mehr-faelle-von-versicherungsmissbrauch\/\" \/>\n<meta property=\"og:site_name\" content=\"Organisator\" \/>\n<meta property=\"article:publisher\" content=\"https:\/\/www.facebook.com\/OrganisatorFachmagazin\" \/>\n<meta property=\"article:published_time\" content=\"2023-08-22T08:05:44+00:00\" \/>\n<meta property=\"article:modified_time\" content=\"2024-11-14T12:09:22+00:00\" \/>\n<meta name=\"author\" content=\"galledia\" \/>\n<meta name=\"twitter:card\" content=\"summary_large_image\" \/>\n<meta name=\"twitter:creator\" content=\"@admin\" \/>\n<script type=\"application\/ld+json\" class=\"yoast-schema-graph\">{\"@context\":\"https:\\\/\\\/schema.org\",\"@graph\":[{\"@type\":\"Article\",\"@id\":\"https:\\\/\\\/www.organisator.ch\\\/operational-excellence\\\/2023-08-22\\\/suva-mehr-faelle-von-versicherungsmissbrauch\\\/#article\",\"isPartOf\":{\"@id\":\"https:\\\/\\\/www.organisator.ch\\\/operational-excellence\\\/2023-08-22\\\/suva-mehr-faelle-von-versicherungsmissbrauch\\\/\"},\"author\":{\"name\":\"galledia\",\"@id\":\"https:\\\/\\\/www.organisator.ch\\\/#\\\/schema\\\/person\\\/4e51799071cd2dd1232ac003643ef5f0\"},\"headline\":\"Suva: Mehr F\u00e4lle von Versicherungsmissbrauch\",\"datePublished\":\"2023-08-22T08:05:44+00:00\",\"dateModified\":\"2024-11-14T12:09:22+00:00\",\"mainEntityOfPage\":{\"@id\":\"https:\\\/\\\/www.organisator.ch\\\/operational-excellence\\\/2023-08-22\\\/suva-mehr-faelle-von-versicherungsmissbrauch\\\/\"},\"wordCount\":360,\"publisher\":{\"@id\":\"https:\\\/\\\/www.organisator.ch\\\/#organization\"},\"image\":{\"@id\":\"https:\\\/\\\/www.organisator.ch\\\/operational-excellence\\\/2023-08-22\\\/suva-mehr-faelle-von-versicherungsmissbrauch\\\/#primaryimage\"},\"thumbnailUrl\":\"https:\\\/\\\/www.m-q.ch\\\/wp-content\\\/uploads\\\/2023\\\/08\\\/Suva-Mehr-Faelle-von-Versicherungsmissbrauch_MQ.jpg\",\"keywords\":[\"Versicherungsmissbrauch\"],\"articleSection\":[\"OPERATIONAL EXCELLENCE\"],\"inLanguage\":\"fr-FR\"},{\"@type\":\"WebPage\",\"@id\":\"https:\\\/\\\/www.organisator.ch\\\/operational-excellence\\\/2023-08-22\\\/suva-mehr-faelle-von-versicherungsmissbrauch\\\/\",\"url\":\"https:\\\/\\\/www.organisator.ch\\\/operational-excellence\\\/2023-08-22\\\/suva-mehr-faelle-von-versicherungsmissbrauch\\\/\",\"name\":\"Suva: Mehr F\u00e4lle von Versicherungsmissbrauch - Organisator\",\"isPartOf\":{\"@id\":\"https:\\\/\\\/www.organisator.ch\\\/#website\"},\"primaryImageOfPage\":{\"@id\":\"https:\\\/\\\/www.organisator.ch\\\/operational-excellence\\\/2023-08-22\\\/suva-mehr-faelle-von-versicherungsmissbrauch\\\/#primaryimage\"},\"image\":{\"@id\":\"https:\\\/\\\/www.organisator.ch\\\/operational-excellence\\\/2023-08-22\\\/suva-mehr-faelle-von-versicherungsmissbrauch\\\/#primaryimage\"},\"thumbnailUrl\":\"https:\\\/\\\/www.m-q.ch\\\/wp-content\\\/uploads\\\/2023\\\/08\\\/Suva-Mehr-Faelle-von-Versicherungsmissbrauch_MQ.jpg\",\"datePublished\":\"2023-08-22T08:05:44+00:00\",\"dateModified\":\"2024-11-14T12:09:22+00:00\",\"description\":\"Suva bek\u00e4mpft Versicherungsmissbrauch: Schutz vor finanziellem Schaden und faire Pr\u00e4mien f\u00fcr alle Versicherten.\",\"breadcrumb\":{\"@id\":\"https:\\\/\\\/www.organisator.ch\\\/operational-excellence\\\/2023-08-22\\\/suva-mehr-faelle-von-versicherungsmissbrauch\\\/#breadcrumb\"},\"inLanguage\":\"fr-FR\",\"potentialAction\":[{\"@type\":\"ReadAction\",\"target\":[\"https:\\\/\\\/www.organisator.ch\\\/operational-excellence\\\/2023-08-22\\\/suva-mehr-faelle-von-versicherungsmissbrauch\\\/\"]}]},{\"@type\":\"ImageObject\",\"inLanguage\":\"fr-FR\",\"@id\":\"https:\\\/\\\/www.organisator.ch\\\/operational-excellence\\\/2023-08-22\\\/suva-mehr-faelle-von-versicherungsmissbrauch\\\/#primaryimage\",\"url\":\"https:\\\/\\\/www.m-q.ch\\\/wp-content\\\/uploads\\\/2023\\\/08\\\/Suva-Mehr-Faelle-von-Versicherungsmissbrauch_MQ.jpg\",\"contentUrl\":\"https:\\\/\\\/www.m-q.ch\\\/wp-content\\\/uploads\\\/2023\\\/08\\\/Suva-Mehr-Faelle-von-Versicherungsmissbrauch_MQ.jpg\"},{\"@type\":\"BreadcrumbList\",\"@id\":\"https:\\\/\\\/www.organisator.ch\\\/operational-excellence\\\/2023-08-22\\\/suva-mehr-faelle-von-versicherungsmissbrauch\\\/#breadcrumb\",\"itemListElement\":[{\"@type\":\"ListItem\",\"position\":1,\"name\":\"Home\",\"item\":\"https:\\\/\\\/www.organisator.ch\\\/\"},{\"@type\":\"ListItem\",\"position\":2,\"name\":\"Suva: Mehr F\u00e4lle von Versicherungsmissbrauch\"}]},{\"@type\":\"WebSite\",\"@id\":\"https:\\\/\\\/www.organisator.ch\\\/#website\",\"url\":\"https:\\\/\\\/www.organisator.ch\\\/\",\"name\":\"Organisator\",\"description\":\"Kompetent. Praxisnah. Der ORGANISATOR bereitet in 10 Ausgaben pro Jahr die wesentlichen Themen f\u00fcr F\u00fchrungskr\u00e4fte von KMU auf.\",\"publisher\":{\"@id\":\"https:\\\/\\\/www.organisator.ch\\\/#organization\"},\"potentialAction\":[{\"@type\":\"SearchAction\",\"target\":{\"@type\":\"EntryPoint\",\"urlTemplate\":\"https:\\\/\\\/www.organisator.ch\\\/?s={search_term_string}\"},\"query-input\":{\"@type\":\"PropertyValueSpecification\",\"valueRequired\":true,\"valueName\":\"search_term_string\"}}],\"inLanguage\":\"fr-FR\"},{\"@type\":\"Organization\",\"@id\":\"https:\\\/\\\/www.organisator.ch\\\/#organization\",\"name\":\"Organisator\",\"url\":\"https:\\\/\\\/www.organisator.ch\\\/\",\"logo\":{\"@type\":\"ImageObject\",\"inLanguage\":\"fr-FR\",\"@id\":\"https:\\\/\\\/www.organisator.ch\\\/#\\\/schema\\\/logo\\\/image\\\/\",\"url\":\"https:\\\/\\\/www.organisator.ch\\\/wp-content\\\/uploads\\\/2022\\\/01\\\/Logo_Organisator_Website.png\",\"contentUrl\":\"https:\\\/\\\/www.organisator.ch\\\/wp-content\\\/uploads\\\/2022\\\/01\\\/Logo_Organisator_Website.png\",\"width\":800,\"height\":77,\"caption\":\"Organisator\"},\"image\":{\"@id\":\"https:\\\/\\\/www.organisator.ch\\\/#\\\/schema\\\/logo\\\/image\\\/\"},\"sameAs\":[\"https:\\\/\\\/www.facebook.com\\\/OrganisatorFachmagazin\",\"https:\\\/\\\/www.linkedin.com\\\/showcase\\\/organisator-das-magazin-fr-kmu\",\"https:\\\/\\\/www.xing.com\\\/news\\\/pages\\\/organisator-ch-695\",\"https:\\\/\\\/www.youtube.com\\\/channel\\\/UCGP2Sq0iWaZwT3BdIAQFYpw\"]},{\"@type\":\"Person\",\"@id\":\"https:\\\/\\\/www.organisator.ch\\\/#\\\/schema\\\/person\\\/4e51799071cd2dd1232ac003643ef5f0\",\"name\":\"galledia\",\"image\":{\"@type\":\"ImageObject\",\"inLanguage\":\"fr-FR\",\"@id\":\"https:\\\/\\\/secure.gravatar.com\\\/avatar\\\/78a7f90c01fc2bfc875782a0d4922b37cde2cf184ce347b91316d23cd7f69a36?s=96&d=mm&r=g\",\"url\":\"https:\\\/\\\/secure.gravatar.com\\\/avatar\\\/78a7f90c01fc2bfc875782a0d4922b37cde2cf184ce347b91316d23cd7f69a36?s=96&d=mm&r=g\",\"contentUrl\":\"https:\\\/\\\/secure.gravatar.com\\\/avatar\\\/78a7f90c01fc2bfc875782a0d4922b37cde2cf184ce347b91316d23cd7f69a36?s=96&d=mm&r=g\",\"caption\":\"galledia\"},\"sameAs\":[\"https:\\\/\\\/x.com\\\/admin\"],\"url\":\"https:\\\/\\\/www.organisator.ch\\\/fr\\\/author\\\/galledia\\\/\"}]}<\/script>\n<!-- \/ Yoast SEO plugin. -->","yoast_head_json":{"title":"Suva : davantage de cas d'abus d'assurance - Organisateur","description":"La Suva lutte contre la fraude \u00e0 l'assurance : protection contre les dommages financiers et primes \u00e9quitables pour tous les assur\u00e9s.","robots":{"index":"index","follow":"follow","max-snippet":"max-snippet:-1","max-image-preview":"max-image-preview:large","max-video-preview":"max-video-preview:-1"},"canonical":"https:\/\/www.organisator.ch\/fr\/excellence-operationnelle\/2023-08-22\/suva-mehr-faelle-von-versicherungsmissbrauch\/","og_locale":"fr_FR","og_type":"article","og_title":"Suva: Mehr F\u00e4lle von Versicherungsmissbrauch - Organisator","og_description":"Suva bek\u00e4mpft Versicherungsmissbrauch: Schutz vor finanziellem Schaden und faire Pr\u00e4mien f\u00fcr alle Versicherten.","og_url":"https:\/\/www.organisator.ch\/fr\/excellence-operationnelle\/2023-08-22\/suva-mehr-faelle-von-versicherungsmissbrauch\/","og_site_name":"Organisator","article_publisher":"https:\/\/www.facebook.com\/OrganisatorFachmagazin","article_published_time":"2023-08-22T08:05:44+00:00","article_modified_time":"2024-11-14T12:09:22+00:00","author":"galledia","twitter_card":"summary_large_image","twitter_creator":"@admin","schema":{"@context":"https:\/\/schema.org","@graph":[{"@type":"Article","@id":"https:\/\/www.organisator.ch\/operational-excellence\/2023-08-22\/suva-mehr-faelle-von-versicherungsmissbrauch\/#article","isPartOf":{"@id":"https:\/\/www.organisator.ch\/operational-excellence\/2023-08-22\/suva-mehr-faelle-von-versicherungsmissbrauch\/"},"author":{"name":"galledia","@id":"https:\/\/www.organisator.ch\/#\/schema\/person\/4e51799071cd2dd1232ac003643ef5f0"},"headline":"Suva: Mehr F\u00e4lle von Versicherungsmissbrauch","datePublished":"2023-08-22T08:05:44+00:00","dateModified":"2024-11-14T12:09:22+00:00","mainEntityOfPage":{"@id":"https:\/\/www.organisator.ch\/operational-excellence\/2023-08-22\/suva-mehr-faelle-von-versicherungsmissbrauch\/"},"wordCount":360,"publisher":{"@id":"https:\/\/www.organisator.ch\/#organization"},"image":{"@id":"https:\/\/www.organisator.ch\/operational-excellence\/2023-08-22\/suva-mehr-faelle-von-versicherungsmissbrauch\/#primaryimage"},"thumbnailUrl":"https:\/\/www.m-q.ch\/wp-content\/uploads\/2023\/08\/Suva-Mehr-Faelle-von-Versicherungsmissbrauch_MQ.jpg","keywords":["Versicherungsmissbrauch"],"articleSection":["OPERATIONAL EXCELLENCE"],"inLanguage":"fr-FR"},{"@type":"WebPage","@id":"https:\/\/www.organisator.ch\/operational-excellence\/2023-08-22\/suva-mehr-faelle-von-versicherungsmissbrauch\/","url":"https:\/\/www.organisator.ch\/operational-excellence\/2023-08-22\/suva-mehr-faelle-von-versicherungsmissbrauch\/","name":"Suva : davantage de cas d'abus d'assurance - Organisateur","isPartOf":{"@id":"https:\/\/www.organisator.ch\/#website"},"primaryImageOfPage":{"@id":"https:\/\/www.organisator.ch\/operational-excellence\/2023-08-22\/suva-mehr-faelle-von-versicherungsmissbrauch\/#primaryimage"},"image":{"@id":"https:\/\/www.organisator.ch\/operational-excellence\/2023-08-22\/suva-mehr-faelle-von-versicherungsmissbrauch\/#primaryimage"},"thumbnailUrl":"https:\/\/www.m-q.ch\/wp-content\/uploads\/2023\/08\/Suva-Mehr-Faelle-von-Versicherungsmissbrauch_MQ.jpg","datePublished":"2023-08-22T08:05:44+00:00","dateModified":"2024-11-14T12:09:22+00:00","description":"La Suva lutte contre la fraude \u00e0 l'assurance : protection contre les dommages financiers et primes \u00e9quitables pour tous les assur\u00e9s.","breadcrumb":{"@id":"https:\/\/www.organisator.ch\/operational-excellence\/2023-08-22\/suva-mehr-faelle-von-versicherungsmissbrauch\/#breadcrumb"},"inLanguage":"fr-FR","potentialAction":[{"@type":"ReadAction","target":["https:\/\/www.organisator.ch\/operational-excellence\/2023-08-22\/suva-mehr-faelle-von-versicherungsmissbrauch\/"]}]},{"@type":"ImageObject","inLanguage":"fr-FR","@id":"https:\/\/www.organisator.ch\/operational-excellence\/2023-08-22\/suva-mehr-faelle-von-versicherungsmissbrauch\/#primaryimage","url":"https:\/\/www.m-q.ch\/wp-content\/uploads\/2023\/08\/Suva-Mehr-Faelle-von-Versicherungsmissbrauch_MQ.jpg","contentUrl":"https:\/\/www.m-q.ch\/wp-content\/uploads\/2023\/08\/Suva-Mehr-Faelle-von-Versicherungsmissbrauch_MQ.jpg"},{"@type":"BreadcrumbList","@id":"https:\/\/www.organisator.ch\/operational-excellence\/2023-08-22\/suva-mehr-faelle-von-versicherungsmissbrauch\/#breadcrumb","itemListElement":[{"@type":"ListItem","position":1,"name":"Home","item":"https:\/\/www.organisator.ch\/"},{"@type":"ListItem","position":2,"name":"Suva: Mehr F\u00e4lle von Versicherungsmissbrauch"}]},{"@type":"WebSite","@id":"https:\/\/www.organisator.ch\/#website","url":"https:\/\/www.organisator.ch\/","name":"Organisateur","description":"Comp\u00e9tence et comp\u00e9tence. Proches de la pratique. L'ORGANISATEUR pr\u00e9pare 10 num\u00e9ros par an sur les th\u00e8mes essentiels pour les dirigeants de PME.","publisher":{"@id":"https:\/\/www.organisator.ch\/#organization"},"potentialAction":[{"@type":"SearchAction","target":{"@type":"EntryPoint","urlTemplate":"https:\/\/www.organisator.ch\/?s={search_term_string}"},"query-input":{"@type":"PropertyValueSpecification","valueRequired":true,"valueName":"search_term_string"}}],"inLanguage":"fr-FR"},{"@type":"Organization","@id":"https:\/\/www.organisator.ch\/#organization","name":"Organisateur","url":"https:\/\/www.organisator.ch\/","logo":{"@type":"ImageObject","inLanguage":"fr-FR","@id":"https:\/\/www.organisator.ch\/#\/schema\/logo\/image\/","url":"https:\/\/www.organisator.ch\/wp-content\/uploads\/2022\/01\/Logo_Organisator_Website.png","contentUrl":"https:\/\/www.organisator.ch\/wp-content\/uploads\/2022\/01\/Logo_Organisator_Website.png","width":800,"height":77,"caption":"Organisator"},"image":{"@id":"https:\/\/www.organisator.ch\/#\/schema\/logo\/image\/"},"sameAs":["https:\/\/www.facebook.com\/OrganisatorFachmagazin","https:\/\/www.linkedin.com\/showcase\/organisator-das-magazin-fr-kmu","https:\/\/www.xing.com\/news\/pages\/organisator-ch-695","https:\/\/www.youtube.com\/channel\/UCGP2Sq0iWaZwT3BdIAQFYpw"]},{"@type":"Person","@id":"https:\/\/www.organisator.ch\/#\/schema\/person\/4e51799071cd2dd1232ac003643ef5f0","name":"galledia","image":{"@type":"ImageObject","inLanguage":"fr-FR","@id":"https:\/\/secure.gravatar.com\/avatar\/78a7f90c01fc2bfc875782a0d4922b37cde2cf184ce347b91316d23cd7f69a36?s=96&d=mm&r=g","url":"https:\/\/secure.gravatar.com\/avatar\/78a7f90c01fc2bfc875782a0d4922b37cde2cf184ce347b91316d23cd7f69a36?s=96&d=mm&r=g","contentUrl":"https:\/\/secure.gravatar.com\/avatar\/78a7f90c01fc2bfc875782a0d4922b37cde2cf184ce347b91316d23cd7f69a36?s=96&d=mm&r=g","caption":"galledia"},"sameAs":["https:\/\/x.com\/admin"],"url":"https:\/\/www.organisator.ch\/fr\/author\/galledia\/"}]}},"_links":{"self":[{"href":"https:\/\/www.organisator.ch\/fr\/wp-json\/wp\/v2\/posts\/21425","targetHints":{"allow":["GET"]}}],"collection":[{"href":"https:\/\/www.organisator.ch\/fr\/wp-json\/wp\/v2\/posts"}],"about":[{"href":"https:\/\/www.organisator.ch\/fr\/wp-json\/wp\/v2\/types\/post"}],"author":[{"embeddable":true,"href":"https:\/\/www.organisator.ch\/fr\/wp-json\/wp\/v2\/users\/8"}],"replies":[{"embeddable":true,"href":"https:\/\/www.organisator.ch\/fr\/wp-json\/wp\/v2\/comments?post=21425"}],"version-history":[{"count":4,"href":"https:\/\/www.organisator.ch\/fr\/wp-json\/wp\/v2\/posts\/21425\/revisions"}],"predecessor-version":[{"id":32944,"href":"https:\/\/www.organisator.ch\/fr\/wp-json\/wp\/v2\/posts\/21425\/revisions\/32944"}],"wp:attachment":[{"href":"https:\/\/www.organisator.ch\/fr\/wp-json\/wp\/v2\/media?parent=21425"}],"wp:term":[{"taxonomy":"category","embeddable":true,"href":"https:\/\/www.organisator.ch\/fr\/wp-json\/wp\/v2\/categories?post=21425"},{"taxonomy":"post_tag","embeddable":true,"href":"https:\/\/www.organisator.ch\/fr\/wp-json\/wp\/v2\/tags?post=21425"}],"curies":[{"name":"wp","href":"https:\/\/api.w.org\/{rel}","templated":true}]}}