{"id":21432,"date":"2023-08-23T09:16:33","date_gmt":"2023-08-23T07:16:33","guid":{"rendered":"https:\/\/www.organisator.ch\/?p=21432"},"modified":"2023-08-23T09:16:33","modified_gmt":"2023-08-23T07:16:33","slug":"export-aussichten-aufwaertstrend-gestoppt","status":"publish","type":"post","link":"https:\/\/www.organisator.ch\/fr\/allgemein\/2023-08-23\/export-aussichten-aufwaertstrend-gestoppt\/","title":{"rendered":"Perspectives des exportations : Tendance \u00e0 la hausse stopp\u00e9e ?"},"content":{"rendered":"<figure id=\"attachment_21433\" aria-describedby=\"caption-attachment-21433\" style=\"width: 680px\" class=\"wp-caption alignnone\"><img loading=\"lazy\" decoding=\"async\" class=\"size-full wp-image-21433\" src=\"https:\/\/www.organisator.ch\/wp-content\/uploads\/2023\/08\/Export-Aussichten-Aufwaertstrend-gestoppt_Organisator.jpg\" alt=\"\" width=\"680\" height=\"367\" srcset=\"https:\/\/www.organisator.ch\/wp-content\/uploads\/2023\/08\/Export-Aussichten-Aufwaertstrend-gestoppt_Organisator.jpg 680w, https:\/\/www.organisator.ch\/wp-content\/uploads\/2023\/08\/Export-Aussichten-Aufwaertstrend-gestoppt_Organisator-18x10.jpg 18w, https:\/\/www.organisator.ch\/wp-content\/uploads\/2023\/08\/Export-Aussichten-Aufwaertstrend-gestoppt_Organisator-375x202.jpg 375w, https:\/\/www.organisator.ch\/wp-content\/uploads\/2023\/08\/Export-Aussichten-Aufwaertstrend-gestoppt_Organisator-649x350.jpg 649w\" sizes=\"auto, (max-width: 680px) 100vw, 680px\" \/><figcaption id=\"caption-attachment-21433\" class=\"wp-caption-text\">Les perspectives positives \u00e0 l'exportation ont \u00e9t\u00e9 brutalement stopp\u00e9es : c'est ce que r\u00e9v\u00e8le le dernier rapport Allianz Trade Export Forecast. (Image : Pixabay.com)<\/figcaption><\/figure>\n<p>La tendance \u00e0 la reprise observ\u00e9e depuis fin 2022 dans l'Allianz Trade Export Forecast a \u00e9t\u00e9 stopp\u00e9e. En juin, l'indicateur avanc\u00e9 pour l'\u00e9conomie exportatrice suisse a chut\u00e9 \u00e0 son nouveau plus bas niveau annuel de -1,40 point. La direction a maintenant de nouveau chang\u00e9 et l'indicateur se situait d\u00e9but ao\u00fbt \u00e0 -1,26 point, soit 0,47 point de moins qu'il y a trois mois. L'Allianz Trade Export Forecast reste donc dans la zone n\u00e9gative. En comparaison \u00e0 long terme, cela indique une croissance inf\u00e9rieure \u00e0 la moyenne. \"Il y a trois mois encore, nous pouvions nous r\u00e9jouir d'un renversement de tendance dynamique dans l'Allianz Trade Export Forecast\", remarque Jan M\u00f6llmann, CEO d'Allianz Trade Switzerland. \"Malheureusement, cette tendance a \u00e9t\u00e9 brutalement stopp\u00e9e. Je consid\u00e8re comme positif le fait que nous ayons toujours des march\u00e9s du travail robustes et une confiance des consommateurs qui y est \u00e9troitement li\u00e9e et un app\u00e9tit d'achat toujours aussi grand\".<\/p>\n<h3><strong>Tendances r\u00e9cessives dans l'industrie<\/strong><\/h3>\n<p>L'indice des directeurs d'achat pond\u00e9r\u00e9 par le commerce des march\u00e9s d'exportation suisses se situe \u00e0 46,6 points. C'est 1,5 point de moins qu'il y a trois mois. Comme pour l'indice Forecast, un renversement de tendance a \u00e9t\u00e9 enregistr\u00e9 en juillet. Un tel ph\u00e9nom\u00e8ne n'existe pas pour d'autres indicateurs. Ainsi, selon le Business Climate Index, les pr\u00e9visions de production des entreprises industrielles de l'Union europ\u00e9enne n'ont jamais \u00e9t\u00e9 aussi basses depuis juin 2020. L'indice des directeurs d'achat pour l'industrie suisse affiche \u00e9galement un fort recul. Il a chut\u00e9 \u00e0 38,5 points. Il s'agit du niveau le plus bas depuis avril 2009. La production a g\u00e9n\u00e9ralement diminu\u00e9 et la baisse des carnets de commandes sugg\u00e8re qu'aucune reprise imm\u00e9diate n'est en vue.<\/p>\n<h3><strong>Les march\u00e9s financiers presque insouciants<\/strong><\/h3>\n<p>\"Ce qui est passionnant\", explique Jasmin Groeschl, \u00e9conomiste senior pour l'Europe chez Allianz Trade, \"c'est qu'en d\u00e9pit de la hausse des taux d'int\u00e9r\u00eat et des signes \u00e9vidents de ralentissement dans l'industrie, de nombreuses blue chips cotent pr\u00e8s de leurs records sur les march\u00e9s financiers. Les investisseurs partent sans doute du principe que le creux de la vague sera vite pass\u00e9. Chez Allianz Trade, nous pr\u00e9voyons une croissance plus mod\u00e9r\u00e9e de 0,8 % en 2023 pour la Suisse et de 1,7 % en 2024\". Le Secr\u00e9tariat d'Etat \u00e0 l'\u00e9conomie (SECO) table sur une croissance du PIB r\u00e9el de 1,1 % en 2023 et de 1,5 % en 2024.<\/p>\n<h3><strong>La dynamique de l'inflation s'est nettement d\u00e9tendue<\/strong><\/h3>\n<p>En Suisse, le taux d'inflation en 2022 \u00e9tait sup\u00e9rieur \u00e0 la moyenne et s'\u00e9levait \u00e0 2,8 %. Au premier trimestre 2023, l'inflation a augment\u00e9 \u00e0 3.2 %, mais a baiss\u00e9 au deuxi\u00e8me trimestre \u00e0 2.1 %. En juillet, il \u00e9tait de 1,6 %. En imposant des droits de douane sur les produits agricoles \u00e9trangers, la Suisse prot\u00e8ge ses agriculteurs. Cela stabilise les prix concern\u00e9s, mais conduit \u00e0 un niveau de prix plus \u00e9lev\u00e9. Malgr\u00e9 la force du franc, les biens import\u00e9s sont nettement moins chers que l'ann\u00e9e pr\u00e9c\u00e9dente. Un franc fort comporte toutefois des risques pour l'\u00e9conomie d'exportation, car il rench\u00e9rit fortement les exportations suisses, et ce dans un contexte o\u00f9 la demande mondiale s'affaiblit nettement en raison des incertitudes, du revirement des taux d'int\u00e9r\u00eat de nombreuses banques nationales et de l'inflation toujours \u00e9lev\u00e9e.<\/p>\n<h3><strong>Stagnation du commerce ext\u00e9rieur suisse apr\u00e8s un tr\u00e8s bon premier trimestre 2023<\/strong><\/h3>\n<p>Marqu\u00e9 par la hausse des prix, le commerce ext\u00e9rieur suisse a progress\u00e9 au premier trimestre 2023, tant pour les exportations que pour les importations. Corrig\u00e9es des variations saisonni\u00e8res et de l'inflation, les exportations se sont \u00e9tablies \u00e0 2,8 % au deuxi\u00e8me trimestre, apr\u00e8s avoir augment\u00e9 de 3,2 % au premier trimestre. Les importations ont \u00e9t\u00e9 en baisse pour le troisi\u00e8me trimestre cons\u00e9cutif, \u00e0 -5,4 %. L'exc\u00e9dent de la balance commerciale s'est \u00e9lev\u00e9 \u00e0 9,9 milliards de francs au deuxi\u00e8me trimestre. Les \u00e9volutions des exportations et des importations ont \u00e9t\u00e9 marqu\u00e9es par un recul des exportations dans le domaine de la chimie-pharmacie de -3.0 %. Le secteur de l'horlogerie, avec +2,5 %, a enregistr\u00e9 un nouveau record. Tous les autres groupes de produits ont affich\u00e9 une baisse des ventes au deuxi\u00e8me trimestre 2023. Au deuxi\u00e8me trimestre 2023, la Suisse a vendu moins de biens en valeur aussi bien en Am\u00e9rique du Nord (-4,8 %) qu'en Europe (-1,2 %) et en Asie (-3,0 %).<\/p>\n<p>Les importations en provenance d'Am\u00e9rique du Nord, d'Asie et d'Europe ont toutes diminu\u00e9. 10 groupes de produits sur 12 ont enregistr\u00e9 une baisse. L\u00e0 encore, le secteur des produits chimiques et pharmaceutiques a \u00e9t\u00e9 particuli\u00e8rement touch\u00e9, avec une baisse de 1,3 milliard de francs. En revanche, l'a\u00e9ronautique et l'a\u00e9rospatiale ont enregistr\u00e9 une hausse de 11,5 %, et de 32,1 % en termes r\u00e9els.<\/p>\n<p><em>Source : <a href=\"https:\/\/www.allianz-trade.com\/de_CH.html\">Allianz Trade Suisse<\/a><\/em><\/p>","protected":false},"excerpt":{"rendered":"<p>Apr\u00e8s un tr\u00e8s bon premier trimestre, le commerce ext\u00e9rieur suisse stagne. C'est ce que montre le dernier Allianz Trade Export Forecast. Mais il y a aussi des nouvelles positives : La dynamique de l'inflation s'est nettement d\u00e9tendue. <\/p>","protected":false},"author":4,"featured_media":21433,"comment_status":"closed","ping_status":"closed","sticky":false,"template":"","format":"standard","meta":{"_acf_changed":false,"_yoast_wpseo_focuskw":"Export-Aussichten","_yoast_wpseo_metadesc":"Nach einem sehr guten 1. Quartal stagniert der Aussenhandel; der j\u00fcngste Allianz Trade Export Forecast zeigt negative Export-Aussichten.","articlekey":"","footnotes":""},"categories":[1],"tags":[2722,452],"class_list":["post-21432","post","type-post","status-publish","format-standard","has-post-thumbnail","hentry","category-allgemein","tag-aussenhandel","tag-statistik"],"acf":[],"yoast_head":"<!-- This site is optimized with the Yoast SEO plugin v27.4 - https:\/\/yoast.com\/product\/yoast-seo-wordpress\/ -->\n<title>Export-Aussichten: Aufw\u00e4rtstrend gestoppt? - Organisator<\/title>\n<meta name=\"description\" content=\"Nach einem sehr guten 1. Quartal stagniert der Aussenhandel; der j\u00fcngste Allianz Trade Export Forecast zeigt negative Export-Aussichten.\" \/>\n<meta name=\"robots\" content=\"index, follow, max-snippet:-1, max-image-preview:large, max-video-preview:-1\" \/>\n<link rel=\"canonical\" href=\"https:\/\/www.organisator.ch\/fr\/general\/2023-08-23\/export-aussichten-aufwaertstrend-gestoppt\/\" \/>\n<meta property=\"og:locale\" content=\"fr_FR\" \/>\n<meta property=\"og:type\" content=\"article\" \/>\n<meta property=\"og:title\" content=\"Export-Aussichten: Aufw\u00e4rtstrend gestoppt?\" \/>\n<meta property=\"og:description\" content=\"Nach einem sehr guten 1. Quartal stagniert der Aussenhandel; der j\u00fcngste Allianz Trade Export Forecast zeigt negative Export-Aussichten.\" \/>\n<meta property=\"og:url\" content=\"https:\/\/www.organisator.ch\/fr\/general\/2023-08-23\/export-aussichten-aufwaertstrend-gestoppt\/\" \/>\n<meta property=\"og:site_name\" content=\"Organisator\" \/>\n<meta property=\"article:publisher\" content=\"https:\/\/www.facebook.com\/OrganisatorFachmagazin\" \/>\n<meta property=\"article:published_time\" content=\"2023-08-23T07:16:33+00:00\" \/>\n<meta property=\"og:image\" content=\"https:\/\/www.organisator.ch\/wp-content\/uploads\/2023\/08\/Export-Aussichten-Aufwaertstrend-gestoppt_Organisator.jpg\" \/>\n\t<meta property=\"og:image:width\" content=\"680\" \/>\n\t<meta property=\"og:image:height\" content=\"367\" \/>\n\t<meta property=\"og:image:type\" content=\"image\/jpeg\" \/>\n<meta name=\"author\" content=\"thomas.berner\" \/>\n<meta name=\"twitter:card\" content=\"summary_large_image\" \/>\n<meta name=\"twitter:title\" content=\"#Export-Aussichten: #Aufw\u00e4rtstrend gestoppt?\" \/>\n<meta name=\"twitter:description\" content=\"Nach einem sehr guten 1. Quartal stagniert der #Aussenhandel; der j\u00fcngste Allianz Trade Export Forecast zeigt negative #Export-Aussichten.\" \/>\n<meta name=\"twitter:image\" content=\"https:\/\/www.organisator.ch\/wp-content\/uploads\/2023\/08\/Export-Aussichten-Aufwaertstrend-gestoppt_Organisator.jpg\" \/>\n<script type=\"application\/ld+json\" class=\"yoast-schema-graph\">{\"@context\":\"https:\\\/\\\/schema.org\",\"@graph\":[{\"@type\":\"Article\",\"@id\":\"https:\\\/\\\/www.organisator.ch\\\/allgemein\\\/2023-08-23\\\/export-aussichten-aufwaertstrend-gestoppt\\\/#article\",\"isPartOf\":{\"@id\":\"https:\\\/\\\/www.organisator.ch\\\/allgemein\\\/2023-08-23\\\/export-aussichten-aufwaertstrend-gestoppt\\\/\"},\"author\":{\"name\":\"thomas.berner\",\"@id\":\"https:\\\/\\\/www.organisator.ch\\\/#\\\/schema\\\/person\\\/6f650f90b2842cd4c0cc334b4e36f67e\"},\"headline\":\"Export-Aussichten: Aufw\u00e4rtstrend gestoppt?\",\"datePublished\":\"2023-08-23T07:16:33+00:00\",\"mainEntityOfPage\":{\"@id\":\"https:\\\/\\\/www.organisator.ch\\\/allgemein\\\/2023-08-23\\\/export-aussichten-aufwaertstrend-gestoppt\\\/\"},\"wordCount\":656,\"publisher\":{\"@id\":\"https:\\\/\\\/www.organisator.ch\\\/#organization\"},\"image\":{\"@id\":\"https:\\\/\\\/www.organisator.ch\\\/allgemein\\\/2023-08-23\\\/export-aussichten-aufwaertstrend-gestoppt\\\/#primaryimage\"},\"thumbnailUrl\":\"https:\\\/\\\/www.organisator.ch\\\/wp-content\\\/uploads\\\/2023\\\/08\\\/Export-Aussichten-Aufwaertstrend-gestoppt_Organisator.jpg\",\"keywords\":[\"Aussenhandel\",\"Statistik\"],\"articleSection\":[\"Allgemein\"],\"inLanguage\":\"fr-FR\"},{\"@type\":\"WebPage\",\"@id\":\"https:\\\/\\\/www.organisator.ch\\\/allgemein\\\/2023-08-23\\\/export-aussichten-aufwaertstrend-gestoppt\\\/\",\"url\":\"https:\\\/\\\/www.organisator.ch\\\/allgemein\\\/2023-08-23\\\/export-aussichten-aufwaertstrend-gestoppt\\\/\",\"name\":\"Export-Aussichten: Aufw\u00e4rtstrend gestoppt? - Organisator\",\"isPartOf\":{\"@id\":\"https:\\\/\\\/www.organisator.ch\\\/#website\"},\"primaryImageOfPage\":{\"@id\":\"https:\\\/\\\/www.organisator.ch\\\/allgemein\\\/2023-08-23\\\/export-aussichten-aufwaertstrend-gestoppt\\\/#primaryimage\"},\"image\":{\"@id\":\"https:\\\/\\\/www.organisator.ch\\\/allgemein\\\/2023-08-23\\\/export-aussichten-aufwaertstrend-gestoppt\\\/#primaryimage\"},\"thumbnailUrl\":\"https:\\\/\\\/www.organisator.ch\\\/wp-content\\\/uploads\\\/2023\\\/08\\\/Export-Aussichten-Aufwaertstrend-gestoppt_Organisator.jpg\",\"datePublished\":\"2023-08-23T07:16:33+00:00\",\"description\":\"Nach einem sehr guten 1. Quartal stagniert der Aussenhandel; der j\u00fcngste Allianz Trade Export Forecast zeigt negative Export-Aussichten.\",\"breadcrumb\":{\"@id\":\"https:\\\/\\\/www.organisator.ch\\\/allgemein\\\/2023-08-23\\\/export-aussichten-aufwaertstrend-gestoppt\\\/#breadcrumb\"},\"inLanguage\":\"fr-FR\",\"potentialAction\":[{\"@type\":\"ReadAction\",\"target\":[\"https:\\\/\\\/www.organisator.ch\\\/allgemein\\\/2023-08-23\\\/export-aussichten-aufwaertstrend-gestoppt\\\/\"]}]},{\"@type\":\"ImageObject\",\"inLanguage\":\"fr-FR\",\"@id\":\"https:\\\/\\\/www.organisator.ch\\\/allgemein\\\/2023-08-23\\\/export-aussichten-aufwaertstrend-gestoppt\\\/#primaryimage\",\"url\":\"https:\\\/\\\/www.organisator.ch\\\/wp-content\\\/uploads\\\/2023\\\/08\\\/Export-Aussichten-Aufwaertstrend-gestoppt_Organisator.jpg\",\"contentUrl\":\"https:\\\/\\\/www.organisator.ch\\\/wp-content\\\/uploads\\\/2023\\\/08\\\/Export-Aussichten-Aufwaertstrend-gestoppt_Organisator.jpg\",\"width\":680,\"height\":367,\"caption\":\"Die positiven Export-Aussichten sind j\u00e4h gestoppt: Dies zeigt der j\u00fcngste Allianz Trade Export Forecast. (Bild: Pixabay.com)\"},{\"@type\":\"BreadcrumbList\",\"@id\":\"https:\\\/\\\/www.organisator.ch\\\/allgemein\\\/2023-08-23\\\/export-aussichten-aufwaertstrend-gestoppt\\\/#breadcrumb\",\"itemListElement\":[{\"@type\":\"ListItem\",\"position\":1,\"name\":\"Home\",\"item\":\"https:\\\/\\\/www.organisator.ch\\\/\"},{\"@type\":\"ListItem\",\"position\":2,\"name\":\"Export-Aussichten: Aufw\u00e4rtstrend gestoppt?\"}]},{\"@type\":\"WebSite\",\"@id\":\"https:\\\/\\\/www.organisator.ch\\\/#website\",\"url\":\"https:\\\/\\\/www.organisator.ch\\\/\",\"name\":\"Organisator\",\"description\":\"Kompetent. Praxisnah. Der ORGANISATOR bereitet in 10 Ausgaben pro Jahr die wesentlichen Themen f\u00fcr F\u00fchrungskr\u00e4fte von KMU auf.\",\"publisher\":{\"@id\":\"https:\\\/\\\/www.organisator.ch\\\/#organization\"},\"potentialAction\":[{\"@type\":\"SearchAction\",\"target\":{\"@type\":\"EntryPoint\",\"urlTemplate\":\"https:\\\/\\\/www.organisator.ch\\\/?s={search_term_string}\"},\"query-input\":{\"@type\":\"PropertyValueSpecification\",\"valueRequired\":true,\"valueName\":\"search_term_string\"}}],\"inLanguage\":\"fr-FR\"},{\"@type\":\"Organization\",\"@id\":\"https:\\\/\\\/www.organisator.ch\\\/#organization\",\"name\":\"Organisator\",\"url\":\"https:\\\/\\\/www.organisator.ch\\\/\",\"logo\":{\"@type\":\"ImageObject\",\"inLanguage\":\"fr-FR\",\"@id\":\"https:\\\/\\\/www.organisator.ch\\\/#\\\/schema\\\/logo\\\/image\\\/\",\"url\":\"https:\\\/\\\/www.organisator.ch\\\/wp-content\\\/uploads\\\/2022\\\/01\\\/Logo_Organisator_Website.png\",\"contentUrl\":\"https:\\\/\\\/www.organisator.ch\\\/wp-content\\\/uploads\\\/2022\\\/01\\\/Logo_Organisator_Website.png\",\"width\":800,\"height\":77,\"caption\":\"Organisator\"},\"image\":{\"@id\":\"https:\\\/\\\/www.organisator.ch\\\/#\\\/schema\\\/logo\\\/image\\\/\"},\"sameAs\":[\"https:\\\/\\\/www.facebook.com\\\/OrganisatorFachmagazin\",\"https:\\\/\\\/www.linkedin.com\\\/showcase\\\/organisator-das-magazin-fr-kmu\",\"https:\\\/\\\/www.xing.com\\\/news\\\/pages\\\/organisator-ch-695\",\"https:\\\/\\\/www.youtube.com\\\/channel\\\/UCGP2Sq0iWaZwT3BdIAQFYpw\"]},{\"@type\":\"Person\",\"@id\":\"https:\\\/\\\/www.organisator.ch\\\/#\\\/schema\\\/person\\\/6f650f90b2842cd4c0cc334b4e36f67e\",\"name\":\"thomas.berner\",\"image\":{\"@type\":\"ImageObject\",\"inLanguage\":\"fr-FR\",\"@id\":\"https:\\\/\\\/secure.gravatar.com\\\/avatar\\\/ac5001d2a36cb6c6cd3e50789007ffca834b477b74a2144564522e944eabff61?s=96&d=mm&r=g\",\"url\":\"https:\\\/\\\/secure.gravatar.com\\\/avatar\\\/ac5001d2a36cb6c6cd3e50789007ffca834b477b74a2144564522e944eabff61?s=96&d=mm&r=g\",\"contentUrl\":\"https:\\\/\\\/secure.gravatar.com\\\/avatar\\\/ac5001d2a36cb6c6cd3e50789007ffca834b477b74a2144564522e944eabff61?s=96&d=mm&r=g\",\"caption\":\"thomas.berner\"},\"url\":\"https:\\\/\\\/www.organisator.ch\\\/fr\\\/author\\\/thomas-berner\\\/\"}]}<\/script>\n<!-- \/ Yoast SEO plugin. -->","yoast_head_json":{"title":"Perspectives des exportations : Tendance \u00e0 la hausse stopp\u00e9e ? - Organisateur","description":"Apr\u00e8s un tr\u00e8s bon premier trimestre, le commerce ext\u00e9rieur stagne ; le dernier Allianz Trade Export Forecast montre des perspectives d'exportation n\u00e9gatives.","robots":{"index":"index","follow":"follow","max-snippet":"max-snippet:-1","max-image-preview":"max-image-preview:large","max-video-preview":"max-video-preview:-1"},"canonical":"https:\/\/www.organisator.ch\/fr\/general\/2023-08-23\/export-aussichten-aufwaertstrend-gestoppt\/","og_locale":"fr_FR","og_type":"article","og_title":"Export-Aussichten: Aufw\u00e4rtstrend gestoppt?","og_description":"Nach einem sehr guten 1. Quartal stagniert der Aussenhandel; der j\u00fcngste Allianz Trade Export Forecast zeigt negative Export-Aussichten.","og_url":"https:\/\/www.organisator.ch\/fr\/general\/2023-08-23\/export-aussichten-aufwaertstrend-gestoppt\/","og_site_name":"Organisator","article_publisher":"https:\/\/www.facebook.com\/OrganisatorFachmagazin","article_published_time":"2023-08-23T07:16:33+00:00","og_image":[{"width":680,"height":367,"url":"https:\/\/www.organisator.ch\/wp-content\/uploads\/2023\/08\/Export-Aussichten-Aufwaertstrend-gestoppt_Organisator.jpg","type":"image\/jpeg"}],"author":"thomas.berner","twitter_card":"summary_large_image","twitter_title":"#Export-Aussichten: #Aufw\u00e4rtstrend gestoppt?","twitter_description":"Nach einem sehr guten 1. Quartal stagniert der #Aussenhandel; der j\u00fcngste Allianz Trade Export Forecast zeigt negative #Export-Aussichten.","twitter_image":"https:\/\/www.organisator.ch\/wp-content\/uploads\/2023\/08\/Export-Aussichten-Aufwaertstrend-gestoppt_Organisator.jpg","schema":{"@context":"https:\/\/schema.org","@graph":[{"@type":"Article","@id":"https:\/\/www.organisator.ch\/allgemein\/2023-08-23\/export-aussichten-aufwaertstrend-gestoppt\/#article","isPartOf":{"@id":"https:\/\/www.organisator.ch\/allgemein\/2023-08-23\/export-aussichten-aufwaertstrend-gestoppt\/"},"author":{"name":"thomas.berner","@id":"https:\/\/www.organisator.ch\/#\/schema\/person\/6f650f90b2842cd4c0cc334b4e36f67e"},"headline":"Export-Aussichten: Aufw\u00e4rtstrend gestoppt?","datePublished":"2023-08-23T07:16:33+00:00","mainEntityOfPage":{"@id":"https:\/\/www.organisator.ch\/allgemein\/2023-08-23\/export-aussichten-aufwaertstrend-gestoppt\/"},"wordCount":656,"publisher":{"@id":"https:\/\/www.organisator.ch\/#organization"},"image":{"@id":"https:\/\/www.organisator.ch\/allgemein\/2023-08-23\/export-aussichten-aufwaertstrend-gestoppt\/#primaryimage"},"thumbnailUrl":"https:\/\/www.organisator.ch\/wp-content\/uploads\/2023\/08\/Export-Aussichten-Aufwaertstrend-gestoppt_Organisator.jpg","keywords":["Aussenhandel","Statistik"],"articleSection":["Allgemein"],"inLanguage":"fr-FR"},{"@type":"WebPage","@id":"https:\/\/www.organisator.ch\/allgemein\/2023-08-23\/export-aussichten-aufwaertstrend-gestoppt\/","url":"https:\/\/www.organisator.ch\/allgemein\/2023-08-23\/export-aussichten-aufwaertstrend-gestoppt\/","name":"Perspectives des exportations : Tendance \u00e0 la hausse stopp\u00e9e ? - Organisateur","isPartOf":{"@id":"https:\/\/www.organisator.ch\/#website"},"primaryImageOfPage":{"@id":"https:\/\/www.organisator.ch\/allgemein\/2023-08-23\/export-aussichten-aufwaertstrend-gestoppt\/#primaryimage"},"image":{"@id":"https:\/\/www.organisator.ch\/allgemein\/2023-08-23\/export-aussichten-aufwaertstrend-gestoppt\/#primaryimage"},"thumbnailUrl":"https:\/\/www.organisator.ch\/wp-content\/uploads\/2023\/08\/Export-Aussichten-Aufwaertstrend-gestoppt_Organisator.jpg","datePublished":"2023-08-23T07:16:33+00:00","description":"Apr\u00e8s un tr\u00e8s bon premier trimestre, le commerce ext\u00e9rieur stagne ; le dernier Allianz Trade Export Forecast montre des perspectives d'exportation n\u00e9gatives.","breadcrumb":{"@id":"https:\/\/www.organisator.ch\/allgemein\/2023-08-23\/export-aussichten-aufwaertstrend-gestoppt\/#breadcrumb"},"inLanguage":"fr-FR","potentialAction":[{"@type":"ReadAction","target":["https:\/\/www.organisator.ch\/allgemein\/2023-08-23\/export-aussichten-aufwaertstrend-gestoppt\/"]}]},{"@type":"ImageObject","inLanguage":"fr-FR","@id":"https:\/\/www.organisator.ch\/allgemein\/2023-08-23\/export-aussichten-aufwaertstrend-gestoppt\/#primaryimage","url":"https:\/\/www.organisator.ch\/wp-content\/uploads\/2023\/08\/Export-Aussichten-Aufwaertstrend-gestoppt_Organisator.jpg","contentUrl":"https:\/\/www.organisator.ch\/wp-content\/uploads\/2023\/08\/Export-Aussichten-Aufwaertstrend-gestoppt_Organisator.jpg","width":680,"height":367,"caption":"Die positiven Export-Aussichten sind j\u00e4h gestoppt: Dies zeigt der j\u00fcngste Allianz Trade Export Forecast. (Bild: Pixabay.com)"},{"@type":"BreadcrumbList","@id":"https:\/\/www.organisator.ch\/allgemein\/2023-08-23\/export-aussichten-aufwaertstrend-gestoppt\/#breadcrumb","itemListElement":[{"@type":"ListItem","position":1,"name":"Home","item":"https:\/\/www.organisator.ch\/"},{"@type":"ListItem","position":2,"name":"Export-Aussichten: Aufw\u00e4rtstrend gestoppt?"}]},{"@type":"WebSite","@id":"https:\/\/www.organisator.ch\/#website","url":"https:\/\/www.organisator.ch\/","name":"Organisateur","description":"Comp\u00e9tence et comp\u00e9tence. Proches de la pratique. L'ORGANISATEUR pr\u00e9pare 10 num\u00e9ros par an sur les th\u00e8mes essentiels pour les dirigeants de PME.","publisher":{"@id":"https:\/\/www.organisator.ch\/#organization"},"potentialAction":[{"@type":"SearchAction","target":{"@type":"EntryPoint","urlTemplate":"https:\/\/www.organisator.ch\/?s={search_term_string}"},"query-input":{"@type":"PropertyValueSpecification","valueRequired":true,"valueName":"search_term_string"}}],"inLanguage":"fr-FR"},{"@type":"Organization","@id":"https:\/\/www.organisator.ch\/#organization","name":"Organisateur","url":"https:\/\/www.organisator.ch\/","logo":{"@type":"ImageObject","inLanguage":"fr-FR","@id":"https:\/\/www.organisator.ch\/#\/schema\/logo\/image\/","url":"https:\/\/www.organisator.ch\/wp-content\/uploads\/2022\/01\/Logo_Organisator_Website.png","contentUrl":"https:\/\/www.organisator.ch\/wp-content\/uploads\/2022\/01\/Logo_Organisator_Website.png","width":800,"height":77,"caption":"Organisator"},"image":{"@id":"https:\/\/www.organisator.ch\/#\/schema\/logo\/image\/"},"sameAs":["https:\/\/www.facebook.com\/OrganisatorFachmagazin","https:\/\/www.linkedin.com\/showcase\/organisator-das-magazin-fr-kmu","https:\/\/www.xing.com\/news\/pages\/organisator-ch-695","https:\/\/www.youtube.com\/channel\/UCGP2Sq0iWaZwT3BdIAQFYpw"]},{"@type":"Person","@id":"https:\/\/www.organisator.ch\/#\/schema\/person\/6f650f90b2842cd4c0cc334b4e36f67e","name":"thomas.berner","image":{"@type":"ImageObject","inLanguage":"fr-FR","@id":"https:\/\/secure.gravatar.com\/avatar\/ac5001d2a36cb6c6cd3e50789007ffca834b477b74a2144564522e944eabff61?s=96&d=mm&r=g","url":"https:\/\/secure.gravatar.com\/avatar\/ac5001d2a36cb6c6cd3e50789007ffca834b477b74a2144564522e944eabff61?s=96&d=mm&r=g","contentUrl":"https:\/\/secure.gravatar.com\/avatar\/ac5001d2a36cb6c6cd3e50789007ffca834b477b74a2144564522e944eabff61?s=96&d=mm&r=g","caption":"thomas.berner"},"url":"https:\/\/www.organisator.ch\/fr\/author\/thomas-berner\/"}]}},"_links":{"self":[{"href":"https:\/\/www.organisator.ch\/fr\/wp-json\/wp\/v2\/posts\/21432","targetHints":{"allow":["GET"]}}],"collection":[{"href":"https:\/\/www.organisator.ch\/fr\/wp-json\/wp\/v2\/posts"}],"about":[{"href":"https:\/\/www.organisator.ch\/fr\/wp-json\/wp\/v2\/types\/post"}],"author":[{"embeddable":true,"href":"https:\/\/www.organisator.ch\/fr\/wp-json\/wp\/v2\/users\/4"}],"replies":[{"embeddable":true,"href":"https:\/\/www.organisator.ch\/fr\/wp-json\/wp\/v2\/comments?post=21432"}],"version-history":[{"count":1,"href":"https:\/\/www.organisator.ch\/fr\/wp-json\/wp\/v2\/posts\/21432\/revisions"}],"predecessor-version":[{"id":21434,"href":"https:\/\/www.organisator.ch\/fr\/wp-json\/wp\/v2\/posts\/21432\/revisions\/21434"}],"wp:featuredmedia":[{"embeddable":true,"href":"https:\/\/www.organisator.ch\/fr\/wp-json\/wp\/v2\/media\/21433"}],"wp:attachment":[{"href":"https:\/\/www.organisator.ch\/fr\/wp-json\/wp\/v2\/media?parent=21432"}],"wp:term":[{"taxonomy":"category","embeddable":true,"href":"https:\/\/www.organisator.ch\/fr\/wp-json\/wp\/v2\/categories?post=21432"},{"taxonomy":"post_tag","embeddable":true,"href":"https:\/\/www.organisator.ch\/fr\/wp-json\/wp\/v2\/tags?post=21432"}],"curies":[{"name":"wp","href":"https:\/\/api.w.org\/{rel}","templated":true}]}}