{"id":21435,"date":"2023-08-23T14:13:12","date_gmt":"2023-08-23T12:13:12","guid":{"rendered":"https:\/\/www.organisator.ch\/?p=21435"},"modified":"2023-08-23T14:13:12","modified_gmt":"2023-08-23T12:13:12","slug":"schweizer-geschaeftsreisende-china-wieder-am-zweitbeliebtesten","status":"publish","type":"post","link":"https:\/\/www.organisator.ch\/fr\/allgemein\/2023-08-23\/schweizer-geschaeftsreisende-china-wieder-am-zweitbeliebtesten\/","title":{"rendered":"Les voyageurs d'affaires suisses : La Chine \u00e0 nouveau en deuxi\u00e8me position"},"content":{"rendered":"<figure id=\"attachment_21436\" aria-describedby=\"caption-attachment-21436\" style=\"width: 680px\" class=\"wp-caption alignnone\"><img loading=\"lazy\" decoding=\"async\" class=\"size-full wp-image-21436\" src=\"https:\/\/www.organisator.ch\/wp-content\/uploads\/2023\/08\/Schweizer-Geschaeftsreisende-China-wieder-am-zweitbeliebtesten-1_Organisator.jpg\" alt=\"\" width=\"680\" height=\"514\" srcset=\"https:\/\/www.organisator.ch\/wp-content\/uploads\/2023\/08\/Schweizer-Geschaeftsreisende-China-wieder-am-zweitbeliebtesten-1_Organisator.jpg 680w, https:\/\/www.organisator.ch\/wp-content\/uploads\/2023\/08\/Schweizer-Geschaeftsreisende-China-wieder-am-zweitbeliebtesten-1_Organisator-16x12.jpg 16w, https:\/\/www.organisator.ch\/wp-content\/uploads\/2023\/08\/Schweizer-Geschaeftsreisende-China-wieder-am-zweitbeliebtesten-1_Organisator-375x283.jpg 375w, https:\/\/www.organisator.ch\/wp-content\/uploads\/2023\/08\/Schweizer-Geschaeftsreisende-China-wieder-am-zweitbeliebtesten-1_Organisator-463x350.jpg 463w\" sizes=\"auto, (max-width: 680px) 100vw, 680px\" \/><figcaption id=\"caption-attachment-21436\" class=\"wp-caption-text\">Les voyageurs d'affaires suisses ont \u00e0 nouveau la Chine comme deuxi\u00e8me destination la plus fr\u00e9quente. (Image : Unsplash.com)<\/figcaption><\/figure>\n<p>Ce qui se passe dans le <a href=\"https:\/\/www.organisator.ch\/de\/allgemein\/2023-04-27\/china-fuer-schweizer-geschaeftsreisende-wieder-vielbesuchte-destination\/\">premier trimestre a d\u00e9j\u00e0 \u00e9t\u00e9 constat\u00e9<\/a>Quelques mois seulement apr\u00e8s l'ouverture des fronti\u00e8res chinoises, le pays a retrouv\u00e9 son ancienne position dans le classement des destinations des voyageurs d'affaires suisses. Au cours du premier semestre 2023, l'Empire du Milieu a occup\u00e9 la deuxi\u00e8me place parmi les destinations lointaines, derri\u00e8re les Etats-Unis, rel\u00e9guant ainsi les rangs deux \u00e0 quatre de 2022 - les Emirats arabes unis, l'Inde et Singapour - d'une place chacun. C'est ce que r\u00e9v\u00e8le l'AirPlus Business Travel Index, une \u00e9valuation des transactions de billets d'avion effectu\u00e9es via AirPlus. L'ann\u00e9e derni\u00e8re, la Chine avait chut\u00e9 \u00e0 la 27e place du classement des destinations lointaines, alors qu'avant la pand\u00e9mie de coronavirus, le pays occupait classiquement la deuxi\u00e8me place derri\u00e8re les \u00c9tats-Unis. N\u00e9anmoins, le nombre total de billets vendus pour la Chine est encore nettement inf\u00e9rieur au niveau de 2019 (-65%). Au total, les d\u00e9penses des entreprises suisses en billets d'avion ont augment\u00e9 de 46% entre janvier et juin 2023 par rapport \u00e0 la m\u00eame p\u00e9riode l'ann\u00e9e derni\u00e8re.<\/p>\n<h3>Evolution diff\u00e9rente des prix des billets d'avion<\/h3>\n<p>Les prix des billets ont \u00e9volu\u00e9 diff\u00e9remment au cours du premier semestre 2023 : les billets en classe affaires co\u00fbtaient en moyenne 4319 CHF en juin, soit 3,3 pour cent de moins qu'en janvier. Une hausse des prix a en revanche \u00e9t\u00e9 constat\u00e9e en classe \u00e9conomique : les prix s'\u00e9levaient en juin \u00e0 641 CHF en moyenne par billet en classe \u00e9conomique, soit une augmentation de 12,9% depuis le d\u00e9but de l'ann\u00e9e.<\/p>\n<figure id=\"attachment_21437\" aria-describedby=\"caption-attachment-21437\" style=\"width: 680px\" class=\"wp-caption alignnone\"><img loading=\"lazy\" decoding=\"async\" class=\"size-full wp-image-21437\" src=\"https:\/\/www.organisator.ch\/wp-content\/uploads\/2023\/08\/Schweizer-Geschaeftsreisende-China-wieder-am-zweitbeliebtesten-2_Organisator.jpg\" alt=\"\" width=\"680\" height=\"459\" srcset=\"https:\/\/www.organisator.ch\/wp-content\/uploads\/2023\/08\/Schweizer-Geschaeftsreisende-China-wieder-am-zweitbeliebtesten-2_Organisator.jpg 680w, https:\/\/www.organisator.ch\/wp-content\/uploads\/2023\/08\/Schweizer-Geschaeftsreisende-China-wieder-am-zweitbeliebtesten-2_Organisator-18x12.jpg 18w, https:\/\/www.organisator.ch\/wp-content\/uploads\/2023\/08\/Schweizer-Geschaeftsreisende-China-wieder-am-zweitbeliebtesten-2_Organisator-375x253.jpg 375w, https:\/\/www.organisator.ch\/wp-content\/uploads\/2023\/08\/Schweizer-Geschaeftsreisende-China-wieder-am-zweitbeliebtesten-2_Organisator-519x350.jpg 519w\" sizes=\"auto, (max-width: 680px) 100vw, 680px\" \/><figcaption id=\"caption-attachment-21437\" class=\"wp-caption-text\">Les prix des billets \u00e9voluent diff\u00e9remment. (Graphique : Air Plus)<\/figcaption><\/figure>\n<h3>Tendances du voyage d'affaires : voyages plus longs, plus de classe affaires, workation<\/h3>\n<p>Les habitudes des voyageurs d'affaires ont durablement chang\u00e9 depuis la pand\u00e9mie, comme le prouve une fois de plus l'\u00e9valuation du premier semestre par rapport \u00e0 la m\u00eame p\u00e9riode en 2019 :<\/p>\n<ul>\n<li>En proportion, les collaborateurs des entreprises suisses ont voyag\u00e9 plus souvent en classe affaires (17,4 pour cent contre 14,1 pour cent en 2019) et moins souvent en classe \u00e9conomique (81,5 pour cent contre 85,5 pour cent).<\/li>\n<li>Moins de vols int\u00e9rieurs (0,2 % contre 1,0 % en 2019), mais plus de vols long-courriers (26,5 % contre 24,2 % en 2019).<\/li>\n<li>Les entreprises ont r\u00e9serv\u00e9 les billets plus t\u00f4t (30,5 vs. 26,6 jours)<\/li>\n<li>De plus en plus de voyages ont d\u00e9but\u00e9 le week-end (22,4 % contre 18,7 % en 2019) - un indice des tendances \"Bleisure\" et \"Workation\", la combinaison d'un voyage priv\u00e9 et d'un voyage d'affaires.<\/li>\n<li>Les voyages ont dur\u00e9 en moyenne un jour de plus (6,5 contre 5,5 jours), la part des voyages d'une journ\u00e9e a en revanche nettement diminu\u00e9 (4,8 % contre 9,9 % en 2019).<\/li>\n<\/ul>\n<h3>La Suisse, 6e destination europ\u00e9enne pour les voyages d'affaires<\/h3>\n<p>Pour les voyageurs d'affaires europ\u00e9ens*, l'Allemagne \u00e9tait clairement la destination la plus populaire au cours du premier semestre, un voyage sur cinq ayant pour destination un a\u00e9roport allemand. Environ un voyage sur vingt s'est d\u00e9roul\u00e9 en Suisse, ce qui la place en sixi\u00e8me position sur l'\u00e9chelle de popularit\u00e9 des voyageurs d'affaires europ\u00e9ens (derri\u00e8re l'Allemagne, la France, le Royaume-Uni, l'Italie et l'Espagne).<\/p>\n<p>Andy Stehrenberger, directeur d'AirPlus en Suisse, commente les derniers r\u00e9sultats de l'AirPlus Business Travel Index comme suit : \"L'activit\u00e9 de voyage des voyageurs d'affaires suisses a repris de la vigueur au cours du premier semestre. A cet \u00e9gard, les entreprises \u00e9taient tout \u00e0 fait dispos\u00e9es \u00e0 d\u00e9penser davantage pour les billets d'avion. En outre, les voyageurs ont durablement modifi\u00e9 leurs habitudes par rapport \u00e0 2019, comme le montre notre \u00e9valuation. Les entreprises suisses et leurs collaborateurs sont de plus en plus sensibilis\u00e9s \u00e0 la n\u00e9cessit\u00e9 d'honorer plusieurs rendez-vous dans le cadre d'un long voyage et de r\u00e9duire les voyages d'affaires d'une journ\u00e9e ainsi que les vols \u00e0 l'int\u00e9rieur de la Suisse. De leur c\u00f4t\u00e9, les collaborateurs appr\u00e9cient la flexibilit\u00e9 du travail mobile qui s'est \u00e9tablie pendant la pand\u00e9mie. L'un des r\u00e9sultats est la combinaison croissante de voyages priv\u00e9s et professionnels\".<\/p>\n<p>*Evaluation des principaux march\u00e9s europ\u00e9ens d'AirPlus International (Allemagne, Suisse, Grande-Bretagne, Belgique, Pays-Bas, France, Italie)<\/p>\n<p><em>Source : <a href=\"http:\/\/www.airplus.com\">Air Plus<\/a>\u00a0<\/em><\/p>","protected":false},"excerpt":{"rendered":"<p>Comme avant la pand\u00e9mie, la Chine \u00e9tait \u00e0 nouveau la deuxi\u00e8me destination lointaine pr\u00e9f\u00e9r\u00e9e des entreprises suisses au premier semestre 2023 - m\u00eame si le nombre de billets vendus est encore nettement en retard sur le niveau d'avant Covid. C'est ce que montre une \u00e9valuation de l'expert en Corporate Payment AirPlus International.<\/p>","protected":false},"author":4,"featured_media":21436,"comment_status":"closed","ping_status":"closed","sticky":false,"template":"","format":"standard","meta":{"_acf_changed":false,"_yoast_wpseo_focuskw":"Schweizer Gesch\u00e4ftsreisende","_yoast_wpseo_metadesc":"Wie vor der Pandemie war China im ersten Halbjahr 2023 wieder das zweitbeliebteste Fernziel f\u00fcr Schweizer Gesch\u00e4ftsreisende.","articlekey":"","footnotes":""},"categories":[1],"tags":[107,3896,487],"class_list":["post-21435","post","type-post","status-publish","format-standard","has-post-thumbnail","hentry","category-allgemein","tag-business-travel","tag-china","tag-umfrage"],"acf":[],"yoast_head":"<!-- This site is optimized with the Yoast SEO plugin v27.4 - https:\/\/yoast.com\/product\/yoast-seo-wordpress\/ -->\n<title>Schweizer Gesch\u00e4ftsreisende: China wieder am zweitbeliebtesten - Organisator<\/title>\n<meta name=\"description\" content=\"Wie vor der Pandemie war China im ersten Halbjahr 2023 wieder das zweitbeliebteste Fernziel f\u00fcr Schweizer Gesch\u00e4ftsreisende.\" \/>\n<meta name=\"robots\" content=\"index, follow, max-snippet:-1, max-image-preview:large, max-video-preview:-1\" \/>\n<link rel=\"canonical\" href=\"https:\/\/www.organisator.ch\/fr\/general\/2023-08-23\/schweizer-geschaeftsreisende-china-wieder-am-zweitbeliebtesten\/\" \/>\n<meta property=\"og:locale\" content=\"fr_FR\" \/>\n<meta property=\"og:type\" content=\"article\" \/>\n<meta property=\"og:title\" content=\"Schweizer Gesch\u00e4ftsreisende: China wieder am zweitbeliebtesten\" \/>\n<meta property=\"og:description\" content=\"Wie vor der Pandemie war China im ersten Halbjahr 2023 wieder das zweitbeliebteste Fernziel f\u00fcr Schweizer Gesch\u00e4ftsreisende.\" \/>\n<meta property=\"og:url\" content=\"https:\/\/www.organisator.ch\/fr\/general\/2023-08-23\/schweizer-geschaeftsreisende-china-wieder-am-zweitbeliebtesten\/\" \/>\n<meta property=\"og:site_name\" content=\"Organisator\" \/>\n<meta property=\"article:publisher\" content=\"https:\/\/www.facebook.com\/OrganisatorFachmagazin\" \/>\n<meta property=\"article:published_time\" content=\"2023-08-23T12:13:12+00:00\" \/>\n<meta property=\"og:image\" content=\"https:\/\/www.organisator.ch\/wp-content\/uploads\/2023\/08\/Schweizer-Geschaeftsreisende-China-wieder-am-zweitbeliebtesten-1_Organisator.jpg\" \/>\n\t<meta property=\"og:image:width\" content=\"680\" \/>\n\t<meta property=\"og:image:height\" content=\"514\" \/>\n\t<meta property=\"og:image:type\" content=\"image\/jpeg\" \/>\n<meta name=\"author\" content=\"thomas.berner\" \/>\n<meta name=\"twitter:card\" content=\"summary_large_image\" \/>\n<meta name=\"twitter:title\" content=\"Schweizer #Gesch\u00e4ftsreisende: #China wieder am zweitbeliebtesten\" \/>\n<meta name=\"twitter:description\" content=\"Wie vor der Pandemie war #China im ersten Halbjahr 2023 wieder das zweitbeliebteste Fernziel f\u00fcr Schweizer #Gesch\u00e4ftsreisende.\" \/>\n<meta name=\"twitter:image\" content=\"https:\/\/www.organisator.ch\/wp-content\/uploads\/2023\/08\/Schweizer-Geschaeftsreisende-China-wieder-am-zweitbeliebtesten-1_Organisator.jpg\" \/>\n<script type=\"application\/ld+json\" class=\"yoast-schema-graph\">{\"@context\":\"https:\\\/\\\/schema.org\",\"@graph\":[{\"@type\":\"Article\",\"@id\":\"https:\\\/\\\/www.organisator.ch\\\/allgemein\\\/2023-08-23\\\/schweizer-geschaeftsreisende-china-wieder-am-zweitbeliebtesten\\\/#article\",\"isPartOf\":{\"@id\":\"https:\\\/\\\/www.organisator.ch\\\/allgemein\\\/2023-08-23\\\/schweizer-geschaeftsreisende-china-wieder-am-zweitbeliebtesten\\\/\"},\"author\":{\"name\":\"thomas.berner\",\"@id\":\"https:\\\/\\\/www.organisator.ch\\\/#\\\/schema\\\/person\\\/6f650f90b2842cd4c0cc334b4e36f67e\"},\"headline\":\"Schweizer Gesch\u00e4ftsreisende: China wieder am zweitbeliebtesten\",\"datePublished\":\"2023-08-23T12:13:12+00:00\",\"mainEntityOfPage\":{\"@id\":\"https:\\\/\\\/www.organisator.ch\\\/allgemein\\\/2023-08-23\\\/schweizer-geschaeftsreisende-china-wieder-am-zweitbeliebtesten\\\/\"},\"wordCount\":607,\"publisher\":{\"@id\":\"https:\\\/\\\/www.organisator.ch\\\/#organization\"},\"image\":{\"@id\":\"https:\\\/\\\/www.organisator.ch\\\/allgemein\\\/2023-08-23\\\/schweizer-geschaeftsreisende-china-wieder-am-zweitbeliebtesten\\\/#primaryimage\"},\"thumbnailUrl\":\"https:\\\/\\\/www.organisator.ch\\\/wp-content\\\/uploads\\\/2023\\\/08\\\/Schweizer-Geschaeftsreisende-China-wieder-am-zweitbeliebtesten-1_Organisator.jpg\",\"keywords\":[\"Business Travel\",\"China\",\"Umfrage\"],\"articleSection\":[\"Allgemein\"],\"inLanguage\":\"fr-FR\"},{\"@type\":\"WebPage\",\"@id\":\"https:\\\/\\\/www.organisator.ch\\\/allgemein\\\/2023-08-23\\\/schweizer-geschaeftsreisende-china-wieder-am-zweitbeliebtesten\\\/\",\"url\":\"https:\\\/\\\/www.organisator.ch\\\/allgemein\\\/2023-08-23\\\/schweizer-geschaeftsreisende-china-wieder-am-zweitbeliebtesten\\\/\",\"name\":\"Schweizer Gesch\u00e4ftsreisende: China wieder am zweitbeliebtesten - Organisator\",\"isPartOf\":{\"@id\":\"https:\\\/\\\/www.organisator.ch\\\/#website\"},\"primaryImageOfPage\":{\"@id\":\"https:\\\/\\\/www.organisator.ch\\\/allgemein\\\/2023-08-23\\\/schweizer-geschaeftsreisende-china-wieder-am-zweitbeliebtesten\\\/#primaryimage\"},\"image\":{\"@id\":\"https:\\\/\\\/www.organisator.ch\\\/allgemein\\\/2023-08-23\\\/schweizer-geschaeftsreisende-china-wieder-am-zweitbeliebtesten\\\/#primaryimage\"},\"thumbnailUrl\":\"https:\\\/\\\/www.organisator.ch\\\/wp-content\\\/uploads\\\/2023\\\/08\\\/Schweizer-Geschaeftsreisende-China-wieder-am-zweitbeliebtesten-1_Organisator.jpg\",\"datePublished\":\"2023-08-23T12:13:12+00:00\",\"description\":\"Wie vor der Pandemie war China im ersten Halbjahr 2023 wieder das zweitbeliebteste Fernziel f\u00fcr Schweizer Gesch\u00e4ftsreisende.\",\"breadcrumb\":{\"@id\":\"https:\\\/\\\/www.organisator.ch\\\/allgemein\\\/2023-08-23\\\/schweizer-geschaeftsreisende-china-wieder-am-zweitbeliebtesten\\\/#breadcrumb\"},\"inLanguage\":\"fr-FR\",\"potentialAction\":[{\"@type\":\"ReadAction\",\"target\":[\"https:\\\/\\\/www.organisator.ch\\\/allgemein\\\/2023-08-23\\\/schweizer-geschaeftsreisende-china-wieder-am-zweitbeliebtesten\\\/\"]}]},{\"@type\":\"ImageObject\",\"inLanguage\":\"fr-FR\",\"@id\":\"https:\\\/\\\/www.organisator.ch\\\/allgemein\\\/2023-08-23\\\/schweizer-geschaeftsreisende-china-wieder-am-zweitbeliebtesten\\\/#primaryimage\",\"url\":\"https:\\\/\\\/www.organisator.ch\\\/wp-content\\\/uploads\\\/2023\\\/08\\\/Schweizer-Geschaeftsreisende-China-wieder-am-zweitbeliebtesten-1_Organisator.jpg\",\"contentUrl\":\"https:\\\/\\\/www.organisator.ch\\\/wp-content\\\/uploads\\\/2023\\\/08\\\/Schweizer-Geschaeftsreisende-China-wieder-am-zweitbeliebtesten-1_Organisator.jpg\",\"width\":680,\"height\":514,\"caption\":\"Schweizer Gesch\u00e4ftsreisende haben China wieder am zweith\u00e4ufigsten zum Ziel. (Bild: Unsplash.com)\"},{\"@type\":\"BreadcrumbList\",\"@id\":\"https:\\\/\\\/www.organisator.ch\\\/allgemein\\\/2023-08-23\\\/schweizer-geschaeftsreisende-china-wieder-am-zweitbeliebtesten\\\/#breadcrumb\",\"itemListElement\":[{\"@type\":\"ListItem\",\"position\":1,\"name\":\"Home\",\"item\":\"https:\\\/\\\/www.organisator.ch\\\/\"},{\"@type\":\"ListItem\",\"position\":2,\"name\":\"Schweizer Gesch\u00e4ftsreisende: China wieder am zweitbeliebtesten\"}]},{\"@type\":\"WebSite\",\"@id\":\"https:\\\/\\\/www.organisator.ch\\\/#website\",\"url\":\"https:\\\/\\\/www.organisator.ch\\\/\",\"name\":\"Organisator\",\"description\":\"Kompetent. Praxisnah. Der ORGANISATOR bereitet in 10 Ausgaben pro Jahr die wesentlichen Themen f\u00fcr F\u00fchrungskr\u00e4fte von KMU auf.\",\"publisher\":{\"@id\":\"https:\\\/\\\/www.organisator.ch\\\/#organization\"},\"potentialAction\":[{\"@type\":\"SearchAction\",\"target\":{\"@type\":\"EntryPoint\",\"urlTemplate\":\"https:\\\/\\\/www.organisator.ch\\\/?s={search_term_string}\"},\"query-input\":{\"@type\":\"PropertyValueSpecification\",\"valueRequired\":true,\"valueName\":\"search_term_string\"}}],\"inLanguage\":\"fr-FR\"},{\"@type\":\"Organization\",\"@id\":\"https:\\\/\\\/www.organisator.ch\\\/#organization\",\"name\":\"Organisator\",\"url\":\"https:\\\/\\\/www.organisator.ch\\\/\",\"logo\":{\"@type\":\"ImageObject\",\"inLanguage\":\"fr-FR\",\"@id\":\"https:\\\/\\\/www.organisator.ch\\\/#\\\/schema\\\/logo\\\/image\\\/\",\"url\":\"https:\\\/\\\/www.organisator.ch\\\/wp-content\\\/uploads\\\/2022\\\/01\\\/Logo_Organisator_Website.png\",\"contentUrl\":\"https:\\\/\\\/www.organisator.ch\\\/wp-content\\\/uploads\\\/2022\\\/01\\\/Logo_Organisator_Website.png\",\"width\":800,\"height\":77,\"caption\":\"Organisator\"},\"image\":{\"@id\":\"https:\\\/\\\/www.organisator.ch\\\/#\\\/schema\\\/logo\\\/image\\\/\"},\"sameAs\":[\"https:\\\/\\\/www.facebook.com\\\/OrganisatorFachmagazin\",\"https:\\\/\\\/www.linkedin.com\\\/showcase\\\/organisator-das-magazin-fr-kmu\",\"https:\\\/\\\/www.xing.com\\\/news\\\/pages\\\/organisator-ch-695\",\"https:\\\/\\\/www.youtube.com\\\/channel\\\/UCGP2Sq0iWaZwT3BdIAQFYpw\"]},{\"@type\":\"Person\",\"@id\":\"https:\\\/\\\/www.organisator.ch\\\/#\\\/schema\\\/person\\\/6f650f90b2842cd4c0cc334b4e36f67e\",\"name\":\"thomas.berner\",\"image\":{\"@type\":\"ImageObject\",\"inLanguage\":\"fr-FR\",\"@id\":\"https:\\\/\\\/secure.gravatar.com\\\/avatar\\\/ac5001d2a36cb6c6cd3e50789007ffca834b477b74a2144564522e944eabff61?s=96&d=mm&r=g\",\"url\":\"https:\\\/\\\/secure.gravatar.com\\\/avatar\\\/ac5001d2a36cb6c6cd3e50789007ffca834b477b74a2144564522e944eabff61?s=96&d=mm&r=g\",\"contentUrl\":\"https:\\\/\\\/secure.gravatar.com\\\/avatar\\\/ac5001d2a36cb6c6cd3e50789007ffca834b477b74a2144564522e944eabff61?s=96&d=mm&r=g\",\"caption\":\"thomas.berner\"},\"url\":\"https:\\\/\\\/www.organisator.ch\\\/fr\\\/author\\\/thomas-berner\\\/\"}]}<\/script>\n<!-- \/ Yoast SEO plugin. -->","yoast_head_json":{"title":"Les voyageurs d'affaires suisses : La Chine \u00e0 nouveau deuxi\u00e8me plus populaire - Organisateur","description":"Comme avant la pand\u00e9mie, la Chine est redevenue la deuxi\u00e8me destination lointaine la plus pris\u00e9e des voyageurs d'affaires suisses au premier semestre 2023.","robots":{"index":"index","follow":"follow","max-snippet":"max-snippet:-1","max-image-preview":"max-image-preview:large","max-video-preview":"max-video-preview:-1"},"canonical":"https:\/\/www.organisator.ch\/fr\/general\/2023-08-23\/schweizer-geschaeftsreisende-china-wieder-am-zweitbeliebtesten\/","og_locale":"fr_FR","og_type":"article","og_title":"Schweizer Gesch\u00e4ftsreisende: China wieder am zweitbeliebtesten","og_description":"Wie vor der Pandemie war China im ersten Halbjahr 2023 wieder das zweitbeliebteste Fernziel f\u00fcr Schweizer Gesch\u00e4ftsreisende.","og_url":"https:\/\/www.organisator.ch\/fr\/general\/2023-08-23\/schweizer-geschaeftsreisende-china-wieder-am-zweitbeliebtesten\/","og_site_name":"Organisator","article_publisher":"https:\/\/www.facebook.com\/OrganisatorFachmagazin","article_published_time":"2023-08-23T12:13:12+00:00","og_image":[{"width":680,"height":514,"url":"https:\/\/www.organisator.ch\/wp-content\/uploads\/2023\/08\/Schweizer-Geschaeftsreisende-China-wieder-am-zweitbeliebtesten-1_Organisator.jpg","type":"image\/jpeg"}],"author":"thomas.berner","twitter_card":"summary_large_image","twitter_title":"Schweizer #Gesch\u00e4ftsreisende: #China wieder am zweitbeliebtesten","twitter_description":"Wie vor der Pandemie war #China im ersten Halbjahr 2023 wieder das zweitbeliebteste Fernziel f\u00fcr Schweizer #Gesch\u00e4ftsreisende.","twitter_image":"https:\/\/www.organisator.ch\/wp-content\/uploads\/2023\/08\/Schweizer-Geschaeftsreisende-China-wieder-am-zweitbeliebtesten-1_Organisator.jpg","schema":{"@context":"https:\/\/schema.org","@graph":[{"@type":"Article","@id":"https:\/\/www.organisator.ch\/allgemein\/2023-08-23\/schweizer-geschaeftsreisende-china-wieder-am-zweitbeliebtesten\/#article","isPartOf":{"@id":"https:\/\/www.organisator.ch\/allgemein\/2023-08-23\/schweizer-geschaeftsreisende-china-wieder-am-zweitbeliebtesten\/"},"author":{"name":"thomas.berner","@id":"https:\/\/www.organisator.ch\/#\/schema\/person\/6f650f90b2842cd4c0cc334b4e36f67e"},"headline":"Schweizer Gesch\u00e4ftsreisende: China wieder am zweitbeliebtesten","datePublished":"2023-08-23T12:13:12+00:00","mainEntityOfPage":{"@id":"https:\/\/www.organisator.ch\/allgemein\/2023-08-23\/schweizer-geschaeftsreisende-china-wieder-am-zweitbeliebtesten\/"},"wordCount":607,"publisher":{"@id":"https:\/\/www.organisator.ch\/#organization"},"image":{"@id":"https:\/\/www.organisator.ch\/allgemein\/2023-08-23\/schweizer-geschaeftsreisende-china-wieder-am-zweitbeliebtesten\/#primaryimage"},"thumbnailUrl":"https:\/\/www.organisator.ch\/wp-content\/uploads\/2023\/08\/Schweizer-Geschaeftsreisende-China-wieder-am-zweitbeliebtesten-1_Organisator.jpg","keywords":["Business Travel","China","Umfrage"],"articleSection":["Allgemein"],"inLanguage":"fr-FR"},{"@type":"WebPage","@id":"https:\/\/www.organisator.ch\/allgemein\/2023-08-23\/schweizer-geschaeftsreisende-china-wieder-am-zweitbeliebtesten\/","url":"https:\/\/www.organisator.ch\/allgemein\/2023-08-23\/schweizer-geschaeftsreisende-china-wieder-am-zweitbeliebtesten\/","name":"Les voyageurs d'affaires suisses : La Chine \u00e0 nouveau deuxi\u00e8me plus populaire - Organisateur","isPartOf":{"@id":"https:\/\/www.organisator.ch\/#website"},"primaryImageOfPage":{"@id":"https:\/\/www.organisator.ch\/allgemein\/2023-08-23\/schweizer-geschaeftsreisende-china-wieder-am-zweitbeliebtesten\/#primaryimage"},"image":{"@id":"https:\/\/www.organisator.ch\/allgemein\/2023-08-23\/schweizer-geschaeftsreisende-china-wieder-am-zweitbeliebtesten\/#primaryimage"},"thumbnailUrl":"https:\/\/www.organisator.ch\/wp-content\/uploads\/2023\/08\/Schweizer-Geschaeftsreisende-China-wieder-am-zweitbeliebtesten-1_Organisator.jpg","datePublished":"2023-08-23T12:13:12+00:00","description":"Comme avant la pand\u00e9mie, la Chine est redevenue la deuxi\u00e8me destination lointaine la plus pris\u00e9e des voyageurs d'affaires suisses au premier semestre 2023.","breadcrumb":{"@id":"https:\/\/www.organisator.ch\/allgemein\/2023-08-23\/schweizer-geschaeftsreisende-china-wieder-am-zweitbeliebtesten\/#breadcrumb"},"inLanguage":"fr-FR","potentialAction":[{"@type":"ReadAction","target":["https:\/\/www.organisator.ch\/allgemein\/2023-08-23\/schweizer-geschaeftsreisende-china-wieder-am-zweitbeliebtesten\/"]}]},{"@type":"ImageObject","inLanguage":"fr-FR","@id":"https:\/\/www.organisator.ch\/allgemein\/2023-08-23\/schweizer-geschaeftsreisende-china-wieder-am-zweitbeliebtesten\/#primaryimage","url":"https:\/\/www.organisator.ch\/wp-content\/uploads\/2023\/08\/Schweizer-Geschaeftsreisende-China-wieder-am-zweitbeliebtesten-1_Organisator.jpg","contentUrl":"https:\/\/www.organisator.ch\/wp-content\/uploads\/2023\/08\/Schweizer-Geschaeftsreisende-China-wieder-am-zweitbeliebtesten-1_Organisator.jpg","width":680,"height":514,"caption":"Schweizer Gesch\u00e4ftsreisende haben China wieder am zweith\u00e4ufigsten zum Ziel. (Bild: Unsplash.com)"},{"@type":"BreadcrumbList","@id":"https:\/\/www.organisator.ch\/allgemein\/2023-08-23\/schweizer-geschaeftsreisende-china-wieder-am-zweitbeliebtesten\/#breadcrumb","itemListElement":[{"@type":"ListItem","position":1,"name":"Home","item":"https:\/\/www.organisator.ch\/"},{"@type":"ListItem","position":2,"name":"Schweizer Gesch\u00e4ftsreisende: China wieder am zweitbeliebtesten"}]},{"@type":"WebSite","@id":"https:\/\/www.organisator.ch\/#website","url":"https:\/\/www.organisator.ch\/","name":"Organisateur","description":"Comp\u00e9tence et comp\u00e9tence. Proches de la pratique. L'ORGANISATEUR pr\u00e9pare 10 num\u00e9ros par an sur les th\u00e8mes essentiels pour les dirigeants de PME.","publisher":{"@id":"https:\/\/www.organisator.ch\/#organization"},"potentialAction":[{"@type":"SearchAction","target":{"@type":"EntryPoint","urlTemplate":"https:\/\/www.organisator.ch\/?s={search_term_string}"},"query-input":{"@type":"PropertyValueSpecification","valueRequired":true,"valueName":"search_term_string"}}],"inLanguage":"fr-FR"},{"@type":"Organization","@id":"https:\/\/www.organisator.ch\/#organization","name":"Organisateur","url":"https:\/\/www.organisator.ch\/","logo":{"@type":"ImageObject","inLanguage":"fr-FR","@id":"https:\/\/www.organisator.ch\/#\/schema\/logo\/image\/","url":"https:\/\/www.organisator.ch\/wp-content\/uploads\/2022\/01\/Logo_Organisator_Website.png","contentUrl":"https:\/\/www.organisator.ch\/wp-content\/uploads\/2022\/01\/Logo_Organisator_Website.png","width":800,"height":77,"caption":"Organisator"},"image":{"@id":"https:\/\/www.organisator.ch\/#\/schema\/logo\/image\/"},"sameAs":["https:\/\/www.facebook.com\/OrganisatorFachmagazin","https:\/\/www.linkedin.com\/showcase\/organisator-das-magazin-fr-kmu","https:\/\/www.xing.com\/news\/pages\/organisator-ch-695","https:\/\/www.youtube.com\/channel\/UCGP2Sq0iWaZwT3BdIAQFYpw"]},{"@type":"Person","@id":"https:\/\/www.organisator.ch\/#\/schema\/person\/6f650f90b2842cd4c0cc334b4e36f67e","name":"thomas.berner","image":{"@type":"ImageObject","inLanguage":"fr-FR","@id":"https:\/\/secure.gravatar.com\/avatar\/ac5001d2a36cb6c6cd3e50789007ffca834b477b74a2144564522e944eabff61?s=96&d=mm&r=g","url":"https:\/\/secure.gravatar.com\/avatar\/ac5001d2a36cb6c6cd3e50789007ffca834b477b74a2144564522e944eabff61?s=96&d=mm&r=g","contentUrl":"https:\/\/secure.gravatar.com\/avatar\/ac5001d2a36cb6c6cd3e50789007ffca834b477b74a2144564522e944eabff61?s=96&d=mm&r=g","caption":"thomas.berner"},"url":"https:\/\/www.organisator.ch\/fr\/author\/thomas-berner\/"}]}},"_links":{"self":[{"href":"https:\/\/www.organisator.ch\/fr\/wp-json\/wp\/v2\/posts\/21435","targetHints":{"allow":["GET"]}}],"collection":[{"href":"https:\/\/www.organisator.ch\/fr\/wp-json\/wp\/v2\/posts"}],"about":[{"href":"https:\/\/www.organisator.ch\/fr\/wp-json\/wp\/v2\/types\/post"}],"author":[{"embeddable":true,"href":"https:\/\/www.organisator.ch\/fr\/wp-json\/wp\/v2\/users\/4"}],"replies":[{"embeddable":true,"href":"https:\/\/www.organisator.ch\/fr\/wp-json\/wp\/v2\/comments?post=21435"}],"version-history":[{"count":1,"href":"https:\/\/www.organisator.ch\/fr\/wp-json\/wp\/v2\/posts\/21435\/revisions"}],"predecessor-version":[{"id":21438,"href":"https:\/\/www.organisator.ch\/fr\/wp-json\/wp\/v2\/posts\/21435\/revisions\/21438"}],"wp:featuredmedia":[{"embeddable":true,"href":"https:\/\/www.organisator.ch\/fr\/wp-json\/wp\/v2\/media\/21436"}],"wp:attachment":[{"href":"https:\/\/www.organisator.ch\/fr\/wp-json\/wp\/v2\/media?parent=21435"}],"wp:term":[{"taxonomy":"category","embeddable":true,"href":"https:\/\/www.organisator.ch\/fr\/wp-json\/wp\/v2\/categories?post=21435"},{"taxonomy":"post_tag","embeddable":true,"href":"https:\/\/www.organisator.ch\/fr\/wp-json\/wp\/v2\/tags?post=21435"}],"curies":[{"name":"wp","href":"https:\/\/api.w.org\/{rel}","templated":true}]}}