{"id":21448,"date":"2023-08-24T11:52:19","date_gmt":"2023-08-24T09:52:19","guid":{"rendered":"https:\/\/www.organisator.ch\/?p=21448"},"modified":"2023-08-24T11:52:19","modified_gmt":"2023-08-24T09:52:19","slug":"salaere-der-ict-2023-erneut-gestiegen","status":"publish","type":"post","link":"https:\/\/www.organisator.ch\/fr\/management\/it\/2023-08-24\/salaere-der-ict-2023-erneut-gestiegen\/","title":{"rendered":"Les salaires des TIC ont \u00e0 nouveau augment\u00e9 en 2023"},"content":{"rendered":"<figure id=\"attachment_21449\" aria-describedby=\"caption-attachment-21449\" style=\"width: 680px\" class=\"wp-caption alignnone\"><img loading=\"lazy\" decoding=\"async\" class=\"wp-image-21449 size-full\" src=\"https:\/\/www.organisator.ch\/wp-content\/uploads\/2023\/08\/Salaere-der-ICT-2023-erneut-gestiegen_Organisator.jpg\" alt=\"\" width=\"680\" height=\"394\" srcset=\"https:\/\/www.organisator.ch\/wp-content\/uploads\/2023\/08\/Salaere-der-ICT-2023-erneut-gestiegen_Organisator.jpg 680w, https:\/\/www.organisator.ch\/wp-content\/uploads\/2023\/08\/Salaere-der-ICT-2023-erneut-gestiegen_Organisator-18x10.jpg 18w, https:\/\/www.organisator.ch\/wp-content\/uploads\/2023\/08\/Salaere-der-ICT-2023-erneut-gestiegen_Organisator-375x217.jpg 375w, https:\/\/www.organisator.ch\/wp-content\/uploads\/2023\/08\/Salaere-der-ICT-2023-erneut-gestiegen_Organisator-604x350.jpg 604w\" sizes=\"auto, (max-width: 680px) 100vw, 680px\" \/><figcaption id=\"caption-attachment-21449\" class=\"wp-caption-text\">Les courbes sont \u00e0 la hausse : Les salaires des ICT continuent \u00e0 augmenter. (Graphique : Infogram \/ swissICT)<\/figcaption><\/figure>\n<p>Avec ses 2500 membres, l'association swissICT relie les fournisseurs ICT, les utilisateurs et les sp\u00e9cialistes en Suisse. L'\u00e9tude compl\u00e8te \"Salaires des ICT\" fait partie des prestations cl\u00e9s de swissICT depuis 1981. L'\u00e9dition 2023 vient de para\u00eetre. Elle montre que si l'on consid\u00e8re les salaires 2022 et 2023 sans le taux d'inflation aux dates de r\u00e9f\u00e9rence (1er mai), on constate une augmentation des salaires. Celle-ci s'\u00e9l\u00e8ve \u00e0 1,8 % pour toutes les professions et tous les niveaux de comp\u00e9tence. Cela refl\u00e8te probablement aussi la recherche de talents, qui sont parfois d\u00e9sesp\u00e9r\u00e9ment recherch\u00e9s - mais pas \u00e0 n'importe quel prix, comme le montre \u00e9galement l'\u00e9tude. Si l'on consid\u00e8re les choses de mani\u00e8re diff\u00e9renci\u00e9e, on constate que le niveau de comp\u00e9tence junior a connu une forte augmentation de 2 %. Cette augmentation n'est d\u00e9pass\u00e9e que par celle des cadres sup\u00e9rieurs et dirigeants et va jusqu'\u00e0 un maximum de 4,8 pour cent. On peut supposer que les salaires ont augment\u00e9 depuis l'ann\u00e9e pr\u00e9c\u00e9dente, tant en raison de l'inflation que de la p\u00e9nurie de personnel qualifi\u00e9.<\/p>\n<h3><strong>Conditions de travail<\/strong><\/h3>\n<p>Pour la premi\u00e8re fois, six questions sur les conditions d'emploi ont \u00e9t\u00e9 pos\u00e9es dans le cadre de l'\u00e9tude sur les salaires. Trois des six questions concernaient les r\u00e8gles du home office et abordent ainsi les changements intervenus ces derni\u00e8res ann\u00e9es. Ainsi, il est le plus souvent attendu des employ\u00e9s qu'ils soient pr\u00e9sents trois jours ou plus au bureau. 17,4 % des 293 entreprises ont toutefois indiqu\u00e9 que vous n'aviez pas de directives \u00e0 ce sujet. Mais si l'on demande quelles entreprises versent une compensation financi\u00e8re pour les jours de home office, elles sont \u00e0 peine 18 pour cent. En ce qui concerne le temps de travail hebdomadaire th\u00e9orique, 119 entreprises en moyenne indiquent qu'elles ont une semaine de 42 heures. Un petit nombre d'entreprises, mais non n\u00e9gligeable, a une semaine de 35 heures.<\/p>\n<h3><strong>De l'organisation traditionnelle \u00e0 l'organisation agile<\/strong><\/h3>\n<p>Pour la premi\u00e8re fois depuis l'enqu\u00eate sur les m\u00e9tiers agiles, on constate un l\u00e9ger recul du nombre de citations de DevOps Engineer. Ce recul est de 10 % entre 2022 et 2023, ce qui n'emp\u00eache pas la croissance visible des profils professionnels agiles, car le Product Manager a en revanche augment\u00e9 de 133 %. En moyenne, les Agiles affichent donc encore une croissance de 40% des mentions. En ce qui concerne les salaires, ils peuvent \u00e9galement se r\u00e9jouir d'une croissance l\u00e9g\u00e8rement sup\u00e9rieure \u00e0 la moyenne de 3,6%.<\/p>\n<p>\"Les formes de collaboration ont chang\u00e9\", d\u00e9clare Lukas Ruggli, partenaire commercial RH \u00e0 la Poste. Et lorsqu'on l'interroge sur la th\u00e9matique g\u00e9n\u00e9rale des salaires dans le secteur informatique, il r\u00e9pond : \"Nous sommes comme tous les autres : Nous recherchons constamment des informaticiennes et des informaticiens hautement qualifi\u00e9s. Tout le monde est plus ou moins log\u00e9 \u00e0 la m\u00eame enseigne. Mais je suis heureux que les entreprises restent r\u00e9alistes et ne paient pas des salaires excessifs dans le seul but d'attirer les personnes ad\u00e9quates. Il est important de continuer \u00e0 verser des salaires justes et \u00e9quitables. Mais il ne serait pas bon de s'engager soudainement dans une spirale salariale qui ne serait alors plus contr\u00f4lable et qui ferait exploser les co\u00fbts par la m\u00eame occasion\".<\/p>\n<p><em>Source : <a href=\"https:\/\/www.swissict.ch\/\">swissICT<\/a><\/em><\/p>","protected":false},"excerpt":{"rendered":"<p>L'\u00e9tude sur les salaires ICT 2023 se base sur 38'597 mentions de salaires ICT de 293 entreprises - une participation record, comme l'annonce l'association SwissICT. Pour la premi\u00e8re fois, des questions sur les conditions de travail ont \u00e9galement \u00e9t\u00e9 recueillies dans l'Employment Conditions Report. Les augmentations de salaires soulignent les changements sur le march\u00e9. <\/p>","protected":false},"author":4,"featured_media":21449,"comment_status":"closed","ping_status":"closed","sticky":false,"template":"","format":"standard","meta":{"_acf_changed":false,"_yoast_wpseo_focuskw":"Sal\u00e4re der ICT","_yoast_wpseo_metadesc":"Die ICT-Sal\u00e4rstudie 2023 verzeichnet erneut h\u00f6here Sal\u00e4re der ICT. Der Report basiert auf 38\u2019597 ICT-Sal\u00e4rnennungen von 293 Unternehmen.","articlekey":"","footnotes":""},"categories":[27],"tags":[286,329,335,459],"class_list":["post-21448","post","type-post","status-publish","format-standard","has-post-thumbnail","hentry","category-it","tag-it","tag-loehne","tag-management-und-unternehmensfuehrung","tag-studie"],"acf":[],"yoast_head":"<!-- This site is optimized with the Yoast SEO plugin v27.5 - https:\/\/yoast.com\/product\/yoast-seo-wordpress\/ -->\n<title>Sal\u00e4re der ICT 2023 erneut gestiegen - Organisator<\/title>\n<meta name=\"description\" content=\"Die ICT-Sal\u00e4rstudie 2023 verzeichnet erneut h\u00f6here Sal\u00e4re der ICT. Der Report basiert auf 38\u2019597 ICT-Sal\u00e4rnennungen von 293 Unternehmen.\" \/>\n<meta name=\"robots\" content=\"index, follow, max-snippet:-1, max-image-preview:large, max-video-preview:-1\" \/>\n<link rel=\"canonical\" href=\"https:\/\/www.organisator.ch\/fr\/gestion-2\/it\/2023-08-24\/salaere-der-ict-2023-erneut-gestiegen\/\" \/>\n<meta property=\"og:locale\" content=\"fr_FR\" \/>\n<meta property=\"og:type\" content=\"article\" \/>\n<meta property=\"og:title\" content=\"Sal\u00e4re der ICT 2023 erneut gestiegen\" \/>\n<meta property=\"og:description\" content=\"Die ICT-Sal\u00e4rstudie 2023 verzeichnet erneut h\u00f6here Sal\u00e4re der ICT. Der Report basiert auf 38\u2019597 ICT-Sal\u00e4rnennungen von 293 Unternehmen.\" \/>\n<meta property=\"og:url\" content=\"https:\/\/www.organisator.ch\/fr\/gestion-2\/it\/2023-08-24\/salaere-der-ict-2023-erneut-gestiegen\/\" \/>\n<meta property=\"og:site_name\" content=\"Organisator\" \/>\n<meta property=\"article:publisher\" content=\"https:\/\/www.facebook.com\/OrganisatorFachmagazin\" \/>\n<meta property=\"article:published_time\" content=\"2023-08-24T09:52:19+00:00\" \/>\n<meta property=\"og:image\" content=\"https:\/\/www.organisator.ch\/wp-content\/uploads\/2023\/08\/Salaere-der-ICT-2023-erneut-gestiegen_Organisator.jpg\" \/>\n\t<meta property=\"og:image:width\" content=\"680\" \/>\n\t<meta property=\"og:image:height\" content=\"394\" \/>\n\t<meta property=\"og:image:type\" content=\"image\/jpeg\" \/>\n<meta name=\"author\" content=\"thomas.berner\" \/>\n<meta name=\"twitter:card\" content=\"summary_large_image\" \/>\n<meta name=\"twitter:title\" content=\"#Sal\u00e4re der #ICT 2023 erneut gestiegen\" \/>\n<meta name=\"twitter:description\" content=\"Die #ICT-Sal\u00e4rstudie 2023 verzeichnet erneut h\u00f6here Sal\u00e4re der ICT. Der Report basiert auf 38\u2019597 #ICT-Sal\u00e4rnennungen von 293 Unternehmen.\" \/>\n<meta name=\"twitter:image\" content=\"https:\/\/www.organisator.ch\/wp-content\/uploads\/2023\/08\/Salaere-der-ICT-2023-erneut-gestiegen_Organisator.jpg\" \/>\n<script type=\"application\/ld+json\" class=\"yoast-schema-graph\">{\"@context\":\"https:\\\/\\\/schema.org\",\"@graph\":[{\"@type\":\"Article\",\"@id\":\"https:\\\/\\\/www.organisator.ch\\\/management\\\/it\\\/2023-08-24\\\/salaere-der-ict-2023-erneut-gestiegen\\\/#article\",\"isPartOf\":{\"@id\":\"https:\\\/\\\/www.organisator.ch\\\/management\\\/it\\\/2023-08-24\\\/salaere-der-ict-2023-erneut-gestiegen\\\/\"},\"author\":{\"name\":\"thomas.berner\",\"@id\":\"https:\\\/\\\/www.organisator.ch\\\/#\\\/schema\\\/person\\\/6f650f90b2842cd4c0cc334b4e36f67e\"},\"headline\":\"Sal\u00e4re der ICT 2023 erneut gestiegen\",\"datePublished\":\"2023-08-24T09:52:19+00:00\",\"mainEntityOfPage\":{\"@id\":\"https:\\\/\\\/www.organisator.ch\\\/management\\\/it\\\/2023-08-24\\\/salaere-der-ict-2023-erneut-gestiegen\\\/\"},\"wordCount\":497,\"publisher\":{\"@id\":\"https:\\\/\\\/www.organisator.ch\\\/#organization\"},\"image\":{\"@id\":\"https:\\\/\\\/www.organisator.ch\\\/management\\\/it\\\/2023-08-24\\\/salaere-der-ict-2023-erneut-gestiegen\\\/#primaryimage\"},\"thumbnailUrl\":\"https:\\\/\\\/www.organisator.ch\\\/wp-content\\\/uploads\\\/2023\\\/08\\\/Salaere-der-ICT-2023-erneut-gestiegen_Organisator.jpg\",\"keywords\":[\"IT\",\"L\u00f6hne\",\"Management und Unternehmensf\u00fchrung\",\"Studie\"],\"articleSection\":[\"IT\"],\"inLanguage\":\"fr-FR\"},{\"@type\":\"WebPage\",\"@id\":\"https:\\\/\\\/www.organisator.ch\\\/management\\\/it\\\/2023-08-24\\\/salaere-der-ict-2023-erneut-gestiegen\\\/\",\"url\":\"https:\\\/\\\/www.organisator.ch\\\/management\\\/it\\\/2023-08-24\\\/salaere-der-ict-2023-erneut-gestiegen\\\/\",\"name\":\"Sal\u00e4re der ICT 2023 erneut gestiegen - Organisator\",\"isPartOf\":{\"@id\":\"https:\\\/\\\/www.organisator.ch\\\/#website\"},\"primaryImageOfPage\":{\"@id\":\"https:\\\/\\\/www.organisator.ch\\\/management\\\/it\\\/2023-08-24\\\/salaere-der-ict-2023-erneut-gestiegen\\\/#primaryimage\"},\"image\":{\"@id\":\"https:\\\/\\\/www.organisator.ch\\\/management\\\/it\\\/2023-08-24\\\/salaere-der-ict-2023-erneut-gestiegen\\\/#primaryimage\"},\"thumbnailUrl\":\"https:\\\/\\\/www.organisator.ch\\\/wp-content\\\/uploads\\\/2023\\\/08\\\/Salaere-der-ICT-2023-erneut-gestiegen_Organisator.jpg\",\"datePublished\":\"2023-08-24T09:52:19+00:00\",\"description\":\"Die ICT-Sal\u00e4rstudie 2023 verzeichnet erneut h\u00f6here Sal\u00e4re der ICT. Der Report basiert auf 38\u2019597 ICT-Sal\u00e4rnennungen von 293 Unternehmen.\",\"breadcrumb\":{\"@id\":\"https:\\\/\\\/www.organisator.ch\\\/management\\\/it\\\/2023-08-24\\\/salaere-der-ict-2023-erneut-gestiegen\\\/#breadcrumb\"},\"inLanguage\":\"fr-FR\",\"potentialAction\":[{\"@type\":\"ReadAction\",\"target\":[\"https:\\\/\\\/www.organisator.ch\\\/management\\\/it\\\/2023-08-24\\\/salaere-der-ict-2023-erneut-gestiegen\\\/\"]}]},{\"@type\":\"ImageObject\",\"inLanguage\":\"fr-FR\",\"@id\":\"https:\\\/\\\/www.organisator.ch\\\/management\\\/it\\\/2023-08-24\\\/salaere-der-ict-2023-erneut-gestiegen\\\/#primaryimage\",\"url\":\"https:\\\/\\\/www.organisator.ch\\\/wp-content\\\/uploads\\\/2023\\\/08\\\/Salaere-der-ICT-2023-erneut-gestiegen_Organisator.jpg\",\"contentUrl\":\"https:\\\/\\\/www.organisator.ch\\\/wp-content\\\/uploads\\\/2023\\\/08\\\/Salaere-der-ICT-2023-erneut-gestiegen_Organisator.jpg\",\"width\":680,\"height\":394,\"caption\":\"Kurven zeigen nach oben: Die L\u00f6hne in der ICT sind weiter am Steigen. (Grafik: Infogram \\\/ swissICT)\"},{\"@type\":\"BreadcrumbList\",\"@id\":\"https:\\\/\\\/www.organisator.ch\\\/management\\\/it\\\/2023-08-24\\\/salaere-der-ict-2023-erneut-gestiegen\\\/#breadcrumb\",\"itemListElement\":[{\"@type\":\"ListItem\",\"position\":1,\"name\":\"Home\",\"item\":\"https:\\\/\\\/www.organisator.ch\\\/\"},{\"@type\":\"ListItem\",\"position\":2,\"name\":\"Sal\u00e4re der ICT 2023 erneut gestiegen\"}]},{\"@type\":\"WebSite\",\"@id\":\"https:\\\/\\\/www.organisator.ch\\\/#website\",\"url\":\"https:\\\/\\\/www.organisator.ch\\\/\",\"name\":\"Organisator\",\"description\":\"Kompetent. Praxisnah. Der ORGANISATOR bereitet in 10 Ausgaben pro Jahr die wesentlichen Themen f\u00fcr F\u00fchrungskr\u00e4fte von KMU auf.\",\"publisher\":{\"@id\":\"https:\\\/\\\/www.organisator.ch\\\/#organization\"},\"potentialAction\":[{\"@type\":\"SearchAction\",\"target\":{\"@type\":\"EntryPoint\",\"urlTemplate\":\"https:\\\/\\\/www.organisator.ch\\\/?s={search_term_string}\"},\"query-input\":{\"@type\":\"PropertyValueSpecification\",\"valueRequired\":true,\"valueName\":\"search_term_string\"}}],\"inLanguage\":\"fr-FR\"},{\"@type\":\"Organization\",\"@id\":\"https:\\\/\\\/www.organisator.ch\\\/#organization\",\"name\":\"Organisator\",\"url\":\"https:\\\/\\\/www.organisator.ch\\\/\",\"logo\":{\"@type\":\"ImageObject\",\"inLanguage\":\"fr-FR\",\"@id\":\"https:\\\/\\\/www.organisator.ch\\\/#\\\/schema\\\/logo\\\/image\\\/\",\"url\":\"https:\\\/\\\/www.organisator.ch\\\/wp-content\\\/uploads\\\/2022\\\/01\\\/Logo_Organisator_Website.png\",\"contentUrl\":\"https:\\\/\\\/www.organisator.ch\\\/wp-content\\\/uploads\\\/2022\\\/01\\\/Logo_Organisator_Website.png\",\"width\":800,\"height\":77,\"caption\":\"Organisator\"},\"image\":{\"@id\":\"https:\\\/\\\/www.organisator.ch\\\/#\\\/schema\\\/logo\\\/image\\\/\"},\"sameAs\":[\"https:\\\/\\\/www.facebook.com\\\/OrganisatorFachmagazin\",\"https:\\\/\\\/www.linkedin.com\\\/showcase\\\/organisator-das-magazin-fr-kmu\",\"https:\\\/\\\/www.xing.com\\\/news\\\/pages\\\/organisator-ch-695\",\"https:\\\/\\\/www.youtube.com\\\/channel\\\/UCGP2Sq0iWaZwT3BdIAQFYpw\"]},{\"@type\":\"Person\",\"@id\":\"https:\\\/\\\/www.organisator.ch\\\/#\\\/schema\\\/person\\\/6f650f90b2842cd4c0cc334b4e36f67e\",\"name\":\"thomas.berner\",\"image\":{\"@type\":\"ImageObject\",\"inLanguage\":\"fr-FR\",\"@id\":\"https:\\\/\\\/secure.gravatar.com\\\/avatar\\\/ac5001d2a36cb6c6cd3e50789007ffca834b477b74a2144564522e944eabff61?s=96&d=mm&r=g\",\"url\":\"https:\\\/\\\/secure.gravatar.com\\\/avatar\\\/ac5001d2a36cb6c6cd3e50789007ffca834b477b74a2144564522e944eabff61?s=96&d=mm&r=g\",\"contentUrl\":\"https:\\\/\\\/secure.gravatar.com\\\/avatar\\\/ac5001d2a36cb6c6cd3e50789007ffca834b477b74a2144564522e944eabff61?s=96&d=mm&r=g\",\"caption\":\"thomas.berner\"},\"url\":\"https:\\\/\\\/www.organisator.ch\\\/fr\\\/author\\\/thomas-berner\\\/\"}]}<\/script>\n<!-- \/ Yoast SEO plugin. -->","yoast_head_json":{"title":"Les salaires des ICT 2023 ont \u00e0 nouveau augment\u00e9 - Organisateur","description":"L'\u00e9tude sur les salaires ICT 2023 fait \u00e9tat d'une nouvelle hausse des salaires des ICT. Le rapport se base sur 38'597 mentions de salaires ICT de 293 entreprises.","robots":{"index":"index","follow":"follow","max-snippet":"max-snippet:-1","max-image-preview":"max-image-preview:large","max-video-preview":"max-video-preview:-1"},"canonical":"https:\/\/www.organisator.ch\/fr\/gestion-2\/it\/2023-08-24\/salaere-der-ict-2023-erneut-gestiegen\/","og_locale":"fr_FR","og_type":"article","og_title":"Sal\u00e4re der ICT 2023 erneut gestiegen","og_description":"Die ICT-Sal\u00e4rstudie 2023 verzeichnet erneut h\u00f6here Sal\u00e4re der ICT. Der Report basiert auf 38\u2019597 ICT-Sal\u00e4rnennungen von 293 Unternehmen.","og_url":"https:\/\/www.organisator.ch\/fr\/gestion-2\/it\/2023-08-24\/salaere-der-ict-2023-erneut-gestiegen\/","og_site_name":"Organisator","article_publisher":"https:\/\/www.facebook.com\/OrganisatorFachmagazin","article_published_time":"2023-08-24T09:52:19+00:00","og_image":[{"width":680,"height":394,"url":"https:\/\/www.organisator.ch\/wp-content\/uploads\/2023\/08\/Salaere-der-ICT-2023-erneut-gestiegen_Organisator.jpg","type":"image\/jpeg"}],"author":"thomas.berner","twitter_card":"summary_large_image","twitter_title":"#Sal\u00e4re der #ICT 2023 erneut gestiegen","twitter_description":"Die #ICT-Sal\u00e4rstudie 2023 verzeichnet erneut h\u00f6here Sal\u00e4re der ICT. Der Report basiert auf 38\u2019597 #ICT-Sal\u00e4rnennungen von 293 Unternehmen.","twitter_image":"https:\/\/www.organisator.ch\/wp-content\/uploads\/2023\/08\/Salaere-der-ICT-2023-erneut-gestiegen_Organisator.jpg","schema":{"@context":"https:\/\/schema.org","@graph":[{"@type":"Article","@id":"https:\/\/www.organisator.ch\/management\/it\/2023-08-24\/salaere-der-ict-2023-erneut-gestiegen\/#article","isPartOf":{"@id":"https:\/\/www.organisator.ch\/management\/it\/2023-08-24\/salaere-der-ict-2023-erneut-gestiegen\/"},"author":{"name":"thomas.berner","@id":"https:\/\/www.organisator.ch\/#\/schema\/person\/6f650f90b2842cd4c0cc334b4e36f67e"},"headline":"Sal\u00e4re der ICT 2023 erneut gestiegen","datePublished":"2023-08-24T09:52:19+00:00","mainEntityOfPage":{"@id":"https:\/\/www.organisator.ch\/management\/it\/2023-08-24\/salaere-der-ict-2023-erneut-gestiegen\/"},"wordCount":497,"publisher":{"@id":"https:\/\/www.organisator.ch\/#organization"},"image":{"@id":"https:\/\/www.organisator.ch\/management\/it\/2023-08-24\/salaere-der-ict-2023-erneut-gestiegen\/#primaryimage"},"thumbnailUrl":"https:\/\/www.organisator.ch\/wp-content\/uploads\/2023\/08\/Salaere-der-ICT-2023-erneut-gestiegen_Organisator.jpg","keywords":["IT","L\u00f6hne","Management und Unternehmensf\u00fchrung","Studie"],"articleSection":["IT"],"inLanguage":"fr-FR"},{"@type":"WebPage","@id":"https:\/\/www.organisator.ch\/management\/it\/2023-08-24\/salaere-der-ict-2023-erneut-gestiegen\/","url":"https:\/\/www.organisator.ch\/management\/it\/2023-08-24\/salaere-der-ict-2023-erneut-gestiegen\/","name":"Les salaires des ICT 2023 ont \u00e0 nouveau augment\u00e9 - Organisateur","isPartOf":{"@id":"https:\/\/www.organisator.ch\/#website"},"primaryImageOfPage":{"@id":"https:\/\/www.organisator.ch\/management\/it\/2023-08-24\/salaere-der-ict-2023-erneut-gestiegen\/#primaryimage"},"image":{"@id":"https:\/\/www.organisator.ch\/management\/it\/2023-08-24\/salaere-der-ict-2023-erneut-gestiegen\/#primaryimage"},"thumbnailUrl":"https:\/\/www.organisator.ch\/wp-content\/uploads\/2023\/08\/Salaere-der-ICT-2023-erneut-gestiegen_Organisator.jpg","datePublished":"2023-08-24T09:52:19+00:00","description":"L'\u00e9tude sur les salaires ICT 2023 fait \u00e9tat d'une nouvelle hausse des salaires des ICT. Le rapport se base sur 38'597 mentions de salaires ICT de 293 entreprises.","breadcrumb":{"@id":"https:\/\/www.organisator.ch\/management\/it\/2023-08-24\/salaere-der-ict-2023-erneut-gestiegen\/#breadcrumb"},"inLanguage":"fr-FR","potentialAction":[{"@type":"ReadAction","target":["https:\/\/www.organisator.ch\/management\/it\/2023-08-24\/salaere-der-ict-2023-erneut-gestiegen\/"]}]},{"@type":"ImageObject","inLanguage":"fr-FR","@id":"https:\/\/www.organisator.ch\/management\/it\/2023-08-24\/salaere-der-ict-2023-erneut-gestiegen\/#primaryimage","url":"https:\/\/www.organisator.ch\/wp-content\/uploads\/2023\/08\/Salaere-der-ICT-2023-erneut-gestiegen_Organisator.jpg","contentUrl":"https:\/\/www.organisator.ch\/wp-content\/uploads\/2023\/08\/Salaere-der-ICT-2023-erneut-gestiegen_Organisator.jpg","width":680,"height":394,"caption":"Kurven zeigen nach oben: Die L\u00f6hne in der ICT sind weiter am Steigen. (Grafik: Infogram \/ swissICT)"},{"@type":"BreadcrumbList","@id":"https:\/\/www.organisator.ch\/management\/it\/2023-08-24\/salaere-der-ict-2023-erneut-gestiegen\/#breadcrumb","itemListElement":[{"@type":"ListItem","position":1,"name":"Home","item":"https:\/\/www.organisator.ch\/"},{"@type":"ListItem","position":2,"name":"Sal\u00e4re der ICT 2023 erneut gestiegen"}]},{"@type":"WebSite","@id":"https:\/\/www.organisator.ch\/#website","url":"https:\/\/www.organisator.ch\/","name":"Organisateur","description":"Comp\u00e9tence et comp\u00e9tence. Proches de la pratique. L'ORGANISATEUR pr\u00e9pare 10 num\u00e9ros par an sur les th\u00e8mes essentiels pour les dirigeants de PME.","publisher":{"@id":"https:\/\/www.organisator.ch\/#organization"},"potentialAction":[{"@type":"SearchAction","target":{"@type":"EntryPoint","urlTemplate":"https:\/\/www.organisator.ch\/?s={search_term_string}"},"query-input":{"@type":"PropertyValueSpecification","valueRequired":true,"valueName":"search_term_string"}}],"inLanguage":"fr-FR"},{"@type":"Organization","@id":"https:\/\/www.organisator.ch\/#organization","name":"Organisateur","url":"https:\/\/www.organisator.ch\/","logo":{"@type":"ImageObject","inLanguage":"fr-FR","@id":"https:\/\/www.organisator.ch\/#\/schema\/logo\/image\/","url":"https:\/\/www.organisator.ch\/wp-content\/uploads\/2022\/01\/Logo_Organisator_Website.png","contentUrl":"https:\/\/www.organisator.ch\/wp-content\/uploads\/2022\/01\/Logo_Organisator_Website.png","width":800,"height":77,"caption":"Organisator"},"image":{"@id":"https:\/\/www.organisator.ch\/#\/schema\/logo\/image\/"},"sameAs":["https:\/\/www.facebook.com\/OrganisatorFachmagazin","https:\/\/www.linkedin.com\/showcase\/organisator-das-magazin-fr-kmu","https:\/\/www.xing.com\/news\/pages\/organisator-ch-695","https:\/\/www.youtube.com\/channel\/UCGP2Sq0iWaZwT3BdIAQFYpw"]},{"@type":"Person","@id":"https:\/\/www.organisator.ch\/#\/schema\/person\/6f650f90b2842cd4c0cc334b4e36f67e","name":"thomas.berner","image":{"@type":"ImageObject","inLanguage":"fr-FR","@id":"https:\/\/secure.gravatar.com\/avatar\/ac5001d2a36cb6c6cd3e50789007ffca834b477b74a2144564522e944eabff61?s=96&d=mm&r=g","url":"https:\/\/secure.gravatar.com\/avatar\/ac5001d2a36cb6c6cd3e50789007ffca834b477b74a2144564522e944eabff61?s=96&d=mm&r=g","contentUrl":"https:\/\/secure.gravatar.com\/avatar\/ac5001d2a36cb6c6cd3e50789007ffca834b477b74a2144564522e944eabff61?s=96&d=mm&r=g","caption":"thomas.berner"},"url":"https:\/\/www.organisator.ch\/fr\/author\/thomas-berner\/"}]}},"_links":{"self":[{"href":"https:\/\/www.organisator.ch\/fr\/wp-json\/wp\/v2\/posts\/21448","targetHints":{"allow":["GET"]}}],"collection":[{"href":"https:\/\/www.organisator.ch\/fr\/wp-json\/wp\/v2\/posts"}],"about":[{"href":"https:\/\/www.organisator.ch\/fr\/wp-json\/wp\/v2\/types\/post"}],"author":[{"embeddable":true,"href":"https:\/\/www.organisator.ch\/fr\/wp-json\/wp\/v2\/users\/4"}],"replies":[{"embeddable":true,"href":"https:\/\/www.organisator.ch\/fr\/wp-json\/wp\/v2\/comments?post=21448"}],"version-history":[{"count":1,"href":"https:\/\/www.organisator.ch\/fr\/wp-json\/wp\/v2\/posts\/21448\/revisions"}],"predecessor-version":[{"id":21450,"href":"https:\/\/www.organisator.ch\/fr\/wp-json\/wp\/v2\/posts\/21448\/revisions\/21450"}],"wp:featuredmedia":[{"embeddable":true,"href":"https:\/\/www.organisator.ch\/fr\/wp-json\/wp\/v2\/media\/21449"}],"wp:attachment":[{"href":"https:\/\/www.organisator.ch\/fr\/wp-json\/wp\/v2\/media?parent=21448"}],"wp:term":[{"taxonomy":"category","embeddable":true,"href":"https:\/\/www.organisator.ch\/fr\/wp-json\/wp\/v2\/categories?post=21448"},{"taxonomy":"post_tag","embeddable":true,"href":"https:\/\/www.organisator.ch\/fr\/wp-json\/wp\/v2\/tags?post=21448"}],"curies":[{"name":"wp","href":"https:\/\/api.w.org\/{rel}","templated":true}]}}