{"id":2146,"date":"2019-05-16T11:43:35","date_gmt":"2019-05-16T09:43:35","guid":{"rendered":"https:\/\/www.umweltperspektiven.ch\/?p=2146"},"modified":"2019-05-16T11:43:35","modified_gmt":"2019-05-16T09:43:35","slug":"ruelpsende-kuehe-und-kuenstliche-intelligenz-klimastiftung-spricht-foerdergelder","status":"publish","type":"post","link":"https:\/\/www.organisator.ch\/fr\/allgemein\/2019-05-16\/ruelpsende-kuehe-und-kuenstliche-intelligenz-klimastiftung-spricht-foerdergelder\/","title":{"rendered":"Vaches qui rotent et intelligence artificielle : la Fondation pour le climat octroie des subventions"},"content":{"rendered":"<figure id=\"attachment_2147\" aria-describedby=\"caption-attachment-2147\" style=\"width: 680px\" class=\"wp-caption alignnone\"><img loading=\"lazy\" decoding=\"async\" class=\"size-medium wp-image-2147\" src=\"\/\/www.umweltperspektiven.ch\/wp-content\/uploads\/2019\/05\/Auszeichnungen-Klimastiftung-Schweiz-UP_Umweltperspektiven.jpg\" alt=\"\" width=\"680\" height=\"383\" srcset=\"https:\/\/www.organisator.ch\/wp-content\/uploads\/2019\/05\/Auszeichnungen-Klimastiftung-Schweiz-UP_Umweltperspektiven.jpg 970w, https:\/\/www.organisator.ch\/wp-content\/uploads\/2019\/05\/Auszeichnungen-Klimastiftung-Schweiz-UP_Umweltperspektiven-680x383.jpg 680w, https:\/\/www.organisator.ch\/wp-content\/uploads\/2019\/05\/Auszeichnungen-Klimastiftung-Schweiz-UP_Umweltperspektiven-768x432.jpg 768w, https:\/\/www.organisator.ch\/wp-content\/uploads\/2019\/05\/Auszeichnungen-Klimastiftung-Schweiz-UP_Umweltperspektiven-18x10.jpg 18w, https:\/\/www.organisator.ch\/wp-content\/uploads\/2019\/05\/Auszeichnungen-Klimastiftung-Schweiz-UP_Umweltperspektiven-311x175.jpg 311w, https:\/\/www.organisator.ch\/wp-content\/uploads\/2019\/05\/Auszeichnungen-Klimastiftung-Schweiz-UP_Umweltperspektiven-622x350.jpg 622w, https:\/\/www.organisator.ch\/wp-content\/uploads\/2019\/05\/Auszeichnungen-Klimastiftung-Schweiz-UP_Umweltperspektiven-920x518.jpg 920w, https:\/\/www.organisator.ch\/wp-content\/uploads\/2019\/05\/Auszeichnungen-Klimastiftung-Schweiz-UP_Umweltperspektiven-300x169.jpg 300w\" sizes=\"auto, (max-width: 680px) 100vw, 680px\" \/><figcaption id=\"caption-attachment-2147\" class=\"wp-caption-text\">Depuis sa cr\u00e9ation en 2008, la fondation a accord\u00e9 des aides \u00e0 hauteur de 20 millions de francs \u00e0 plus de 1400 PME en Suisse et dans la Principaut\u00e9 du Liechtenstein. (Image : Fondation Suisse pour le Climat)<\/figcaption><\/figure>\n<p>La Fondation Suisse pour le Climat \u00e9crit dans son dernier communiqu\u00e9 sur les projets de protection du climat prim\u00e9s : Les vaches nuisent autant au climat que toutes les voitures, camions et avions r\u00e9unis. Le m\u00e9thane qui se forme dans leur estomac est plusieurs fois plus nocif que le CO2. Une PME romande veut maintenant faire en sorte que les vaches \u00e9mettent moins de m\u00e9thane. Un additif alimentaire \u00e0 base d'ail et d'agrumes, appel\u00e9 MOOTRAL, devrait permettre de r\u00e9duire les \u00e9missions de m\u00e9thane jusqu'\u00e0 38%.<\/p>\n<p>\"Nous soutenons MOOTRAL par un don de 200'000 francs\", explique Vincent Eckert, directeur de la Fondation Suisse pour le Climat. Cela permettra \u00e0 la PME de distribuer le compl\u00e9ment alimentaire \u00e0 un prix r\u00e9duit au d\u00e9but. \"Il est important que de telles mesures s'imposent rapidement, car l'humanit\u00e9 doit r\u00e9duire de moiti\u00e9 ses \u00e9missions de gaz \u00e0 effet de serre au cours des 12 prochaines ann\u00e9es par rapport \u00e0 1990\", explique Eckert.<\/p>\n<p><strong>16 projets de protection du climat re\u00e7oivent des subventions<\/strong><\/p>\n<p>Dans sa s\u00e9rie d'attributions de printemps, la Fondation Suisse pour le Climat soutient de nombreuses autres PME avec des subventions. Ainsi, la soci\u00e9t\u00e9 vaudoise Revopack veut r\u00e9duire de moiti\u00e9 le nombre de trajets en camion pour l'\u00e9limination des bouteilles, des bo\u00eetes de conserve et des canettes gr\u00e2ce \u00e0 une nouvelle presse de recyclage. La presse compacte est install\u00e9e directement aux points de retour et comprime les bouteilles de moiti\u00e9, les bo\u00eetes de conserve et les canettes m\u00eame de plus de 80%.<\/p>\n<p>D'autres PME soutenues d\u00e9veloppent de nouveaux types d'\u00e9oliennes ou utilisent l'intelligence artificielle pour g\u00e9rer plus efficacement les canalisations. Des \"vieilles connaissances\" re\u00e7oivent \u00e9galement de nouvelles subventions : La PME biennoise Joulia a d\u00e9j\u00e0 d\u00e9velopp\u00e9, avec le soutien financier de la Fondation Suisse pour le Climat, un bac de douche qui pr\u00e9chauffe l'eau fra\u00eeche avec la chaleur de l'eau us\u00e9e et \u00e9conomise ainsi beaucoup d'\u00e9nergie de chauffage.<\/p>\n<p>Entre-temps, il existe \u00e9galement une rigole de douche qui est int\u00e9gr\u00e9e de mani\u00e8re invisible dans le sol de la douche. La PME veut maintenant investir dans une fabrication plus avantageuse, qui rendrait la r\u00e9cup\u00e9ration de chaleur encore plus attrayante. Pour ce faire, elle b\u00e9n\u00e9ficie \u00e0 nouveau du soutien de la fondation.<\/p>\n<p>\"L'\u00e9ventail des projets soumis est \u00e9norme\", se r\u00e9jouit le directeur g\u00e9n\u00e9ral Eckert. \"Les PME s'attaquent \u00e0 la lutte contre le changement climatique sous tous les angles possibles. C'est exactement ce dont nous avons besoin si nous voulons \u00e9viter les pires cons\u00e9quences du changement climatique\".<br \/>\nBanques, assurances et autres prestataires de services \u00e0 bord<\/p>\n<p>La Fondation Suisse pour le Climat est financ\u00e9e par 27 grandes entreprises de services de Suisse et du Liechtenstein. Elles font don de leur remboursement net de la taxe sur le CO2 \u00e0 la fondation commune, qui soutient ainsi des projets de protection climatique de PME locales. Apr\u00e8s une ann\u00e9e record en 2018, la Fondation Suisse pour le Climat veut attribuer encore plus de subventions cette ann\u00e9e. \"Gr\u00e2ce \u00e0 nos entreprises partenaires, nous sommes bien financ\u00e9s\", explique Eckert. \"Gr\u00e2ce \u00e0 leur engagement, nous pouvons continuer \u00e0 faire en sorte que des id\u00e9es innovantes pour la protection du climat deviennent r\u00e9alit\u00e9\".<\/p>\n<p><strong><em>A propos de la Fondation Suisse pour le Climat<\/em><\/strong><\/p>\n<p><em>Prot\u00e9ger le climat. Renforcer les PME. Selon cette devise, la Fondation Suisse pour le Climat soutient des projets de petites et moyennes entreprises (PME) qui contribuent \u00e0 la protection du climat. Depuis sa cr\u00e9ation en 2008, la fondation a accord\u00e9 des aides \u00e0 hauteur de 20 millions de francs \u00e0 plus de 1 400 PME en Suisse et dans la Principaut\u00e9 du Liechtenstein.<\/em><\/p>\n<p><em>La Fondation Suisse pour le Climat a \u00e9t\u00e9 cr\u00e9\u00e9e en tant que fondation ind\u00e9pendante d'utilit\u00e9 publique. Elle est plac\u00e9e sous la surveillance de la Conf\u00e9d\u00e9ration et est ouverte aux entreprises int\u00e9ress\u00e9es qui souhaitent renforcer la protection du climat par une utilisation efficace et cibl\u00e9e de la redistribution issue de la taxe d'incitation sur le CO2.<\/em><\/p>\n<p><em>Depuis janvier 2008, la loi sur le CO2 impose une taxe sur les combustibles. Une partie de la taxe est revers\u00e9e \u00e0 l'\u00e9conomie. Ce sont surtout les grandes entreprises de services qui re\u00e7oivent en retour plus que ce qu'elles ont pay\u00e9. Les entreprises partenaires de la Fondation Suisse pour le Climat utilisent cette \"ristourne nette\" pour financer les mesures de protection du climat des PME suisses et liechtensteinoises.<\/em><\/p>\n<p><em>Les partenaires de la Fondation Suisse pour le Climat<\/em><\/p>\n<p><em>Les prestataires de services suisses et liechtensteinois Allianz Suisse, Alternative Bank Schweiz, AXA, Bank J. Safra Sarasin, ECA, Assurance immobili\u00e8re Berne, Assurance immobili\u00e8re du canton de Zurich, Banque cantonale de Glaris, Julius B\u00e4r, LGT, Liechtensteinische Landesbank, Man Investments, NewRe, PartnerRe, Pictet &amp; Cie, PwC Suisse, Raiffeisen Suisse, RobecoSAM, Sanitas Assurance maladie, SAP (Suisse) SA, SCOR, Swiss Life, Swiss Re, Vaudoise Assurances, Vontobel, VP Bank et AXA XL sont partenaires de la Fondation Suisse pour le Climat.<\/em><\/p>\n<p>Plus d'informations : <a href=\"\/\/www.klimastiftung.ch\">www.klimastiftung.ch<\/a><\/p>\n<p>&nbsp;<\/p>\n<p>&nbsp;<\/p>","protected":false},"excerpt":{"rendered":"<p>Die Klimastiftung Schweiz schreibt im j\u00fcngsten Communique \u00fcber pr\u00e4mierte Klimaschutz-Projekte: K\u00fche schaden dem Klima etwa gleich stark wie alle Autos, Lastwagen und Flugzeuge zusammen. Methan, das in ihren M\u00e4gen entsteht, ist um ein Vielfaches sch\u00e4dlicher als CO2. Nun will ein Westschweizer KMU daf\u00fcr sorgen, dass K\u00fche weniger Methan ausstossen. Ein Futtermittelzusatz auf Basis von Knoblauch [&hellip;]<\/p>\n","protected":false},"author":5,"featured_media":2147,"comment_status":"open","ping_status":"open","sticky":false,"template":"","format":"standard","meta":{"_acf_changed":false,"_yoast_wpseo_focuskw":"Klimastiftung","_yoast_wpseo_metadesc":"Die Klimastiftung Schweiz hat entschieden, welche Klimaschutz-Projekte von Schweizer und Liechtensteiner KMU sie diesen Fr\u00fchling f\u00f6rdert.","articlekey":"","footnotes":""},"categories":[1],"tags":[1210,1526],"class_list":["post-2146","post","type-post","status-publish","format-standard","has-post-thumbnail","hentry","category-allgemein","tag-foerdergelder","tag-klimastiftung-schweiz"],"acf":[],"yoast_head":"<!-- This site is optimized with the Yoast SEO plugin v27.5 - https:\/\/yoast.com\/product\/yoast-seo-wordpress\/ -->\n<title>R\u00fclpsende K\u00fche und k\u00fcnstliche Intelligenz: Klimastiftung spricht F\u00f6rdergelder - Organisator<\/title>\n<meta name=\"description\" content=\"Die Klimastiftung Schweiz hat entschieden, welche Klimaschutz-Projekte von Schweizer und Liechtensteiner KMU sie diesen Fr\u00fchling f\u00f6rdert.\" \/>\n<meta name=\"robots\" content=\"index, follow, max-snippet:-1, max-image-preview:large, max-video-preview:-1\" \/>\n<link rel=\"canonical\" href=\"https:\/\/www.organisator.ch\/fr\/general\/2019-05-16\/ruelpsende-kuehe-und-kuenstliche-intelligenz-klimastiftung-spricht-foerdergelder\/\" \/>\n<meta property=\"og:locale\" content=\"fr_FR\" \/>\n<meta property=\"og:type\" content=\"article\" \/>\n<meta property=\"og:title\" content=\"R\u00fclpsende K\u00fche und k\u00fcnstliche Intelligenz: Klimastiftung spricht F\u00f6rdergelder - Organisator\" \/>\n<meta property=\"og:description\" content=\"Die Klimastiftung Schweiz hat entschieden, welche Klimaschutz-Projekte von Schweizer und Liechtensteiner KMU sie diesen Fr\u00fchling f\u00f6rdert.\" \/>\n<meta property=\"og:url\" content=\"https:\/\/www.organisator.ch\/fr\/general\/2019-05-16\/ruelpsende-kuehe-und-kuenstliche-intelligenz-klimastiftung-spricht-foerdergelder\/\" \/>\n<meta property=\"og:site_name\" content=\"Organisator\" \/>\n<meta property=\"article:publisher\" content=\"https:\/\/www.facebook.com\/OrganisatorFachmagazin\" \/>\n<meta property=\"article:published_time\" content=\"2019-05-16T09:43:35+00:00\" \/>\n<meta property=\"og:image\" content=\"https:\/\/www.organisator.ch\/wp-content\/uploads\/2019\/05\/Auszeichnungen-Klimastiftung-Schweiz-UP_Umweltperspektiven.jpg\" \/>\n\t<meta property=\"og:image:width\" content=\"970\" \/>\n\t<meta property=\"og:image:height\" content=\"546\" \/>\n\t<meta property=\"og:image:type\" content=\"image\/jpeg\" \/>\n<meta name=\"author\" content=\"michael.merz\" \/>\n<meta name=\"twitter:card\" content=\"summary_large_image\" \/>\n<script type=\"application\/ld+json\" class=\"yoast-schema-graph\">{\"@context\":\"https:\\\/\\\/schema.org\",\"@graph\":[{\"@type\":\"Article\",\"@id\":\"https:\\\/\\\/www.organisator.ch\\\/de\\\/allgemein\\\/2019-05-16\\\/ruelpsende-kuehe-und-kuenstliche-intelligenz-klimastiftung-spricht-foerdergelder\\\/#article\",\"isPartOf\":{\"@id\":\"https:\\\/\\\/www.organisator.ch\\\/de\\\/allgemein\\\/2019-05-16\\\/ruelpsende-kuehe-und-kuenstliche-intelligenz-klimastiftung-spricht-foerdergelder\\\/\"},\"author\":{\"name\":\"michael.merz\",\"@id\":\"https:\\\/\\\/www.organisator.ch\\\/#\\\/schema\\\/person\\\/134708ca9321c57b0362cceb7948ffbd\"},\"headline\":\"R\u00fclpsende K\u00fche und k\u00fcnstliche Intelligenz: Klimastiftung spricht F\u00f6rdergelder\",\"datePublished\":\"2019-05-16T09:43:35+00:00\",\"mainEntityOfPage\":{\"@id\":\"https:\\\/\\\/www.organisator.ch\\\/de\\\/allgemein\\\/2019-05-16\\\/ruelpsende-kuehe-und-kuenstliche-intelligenz-klimastiftung-spricht-foerdergelder\\\/\"},\"wordCount\":699,\"commentCount\":0,\"publisher\":{\"@id\":\"https:\\\/\\\/www.organisator.ch\\\/#organization\"},\"image\":{\"@id\":\"https:\\\/\\\/www.organisator.ch\\\/de\\\/allgemein\\\/2019-05-16\\\/ruelpsende-kuehe-und-kuenstliche-intelligenz-klimastiftung-spricht-foerdergelder\\\/#primaryimage\"},\"thumbnailUrl\":\"https:\\\/\\\/www.organisator.ch\\\/wp-content\\\/uploads\\\/2019\\\/05\\\/Auszeichnungen-Klimastiftung-Schweiz-UP_Umweltperspektiven.jpg\",\"keywords\":[\"F\u00f6rdergelder\",\"Klimastiftung Schweiz\"],\"articleSection\":[\"Allgemein\"],\"inLanguage\":\"fr-FR\"},{\"@type\":\"WebPage\",\"@id\":\"https:\\\/\\\/www.organisator.ch\\\/de\\\/allgemein\\\/2019-05-16\\\/ruelpsende-kuehe-und-kuenstliche-intelligenz-klimastiftung-spricht-foerdergelder\\\/\",\"url\":\"https:\\\/\\\/www.organisator.ch\\\/de\\\/allgemein\\\/2019-05-16\\\/ruelpsende-kuehe-und-kuenstliche-intelligenz-klimastiftung-spricht-foerdergelder\\\/\",\"name\":\"R\u00fclpsende K\u00fche und k\u00fcnstliche Intelligenz: Klimastiftung spricht F\u00f6rdergelder - Organisator\",\"isPartOf\":{\"@id\":\"https:\\\/\\\/www.organisator.ch\\\/#website\"},\"primaryImageOfPage\":{\"@id\":\"https:\\\/\\\/www.organisator.ch\\\/de\\\/allgemein\\\/2019-05-16\\\/ruelpsende-kuehe-und-kuenstliche-intelligenz-klimastiftung-spricht-foerdergelder\\\/#primaryimage\"},\"image\":{\"@id\":\"https:\\\/\\\/www.organisator.ch\\\/de\\\/allgemein\\\/2019-05-16\\\/ruelpsende-kuehe-und-kuenstliche-intelligenz-klimastiftung-spricht-foerdergelder\\\/#primaryimage\"},\"thumbnailUrl\":\"https:\\\/\\\/www.organisator.ch\\\/wp-content\\\/uploads\\\/2019\\\/05\\\/Auszeichnungen-Klimastiftung-Schweiz-UP_Umweltperspektiven.jpg\",\"datePublished\":\"2019-05-16T09:43:35+00:00\",\"description\":\"Die Klimastiftung Schweiz hat entschieden, welche Klimaschutz-Projekte von Schweizer und Liechtensteiner KMU sie diesen Fr\u00fchling f\u00f6rdert.\",\"breadcrumb\":{\"@id\":\"https:\\\/\\\/www.organisator.ch\\\/de\\\/allgemein\\\/2019-05-16\\\/ruelpsende-kuehe-und-kuenstliche-intelligenz-klimastiftung-spricht-foerdergelder\\\/#breadcrumb\"},\"inLanguage\":\"fr-FR\",\"potentialAction\":[{\"@type\":\"ReadAction\",\"target\":[\"https:\\\/\\\/www.organisator.ch\\\/de\\\/allgemein\\\/2019-05-16\\\/ruelpsende-kuehe-und-kuenstliche-intelligenz-klimastiftung-spricht-foerdergelder\\\/\"]}]},{\"@type\":\"ImageObject\",\"inLanguage\":\"fr-FR\",\"@id\":\"https:\\\/\\\/www.organisator.ch\\\/de\\\/allgemein\\\/2019-05-16\\\/ruelpsende-kuehe-und-kuenstliche-intelligenz-klimastiftung-spricht-foerdergelder\\\/#primaryimage\",\"url\":\"https:\\\/\\\/www.organisator.ch\\\/wp-content\\\/uploads\\\/2019\\\/05\\\/Auszeichnungen-Klimastiftung-Schweiz-UP_Umweltperspektiven.jpg\",\"contentUrl\":\"https:\\\/\\\/www.organisator.ch\\\/wp-content\\\/uploads\\\/2019\\\/05\\\/Auszeichnungen-Klimastiftung-Schweiz-UP_Umweltperspektiven.jpg\",\"width\":970,\"height\":546,\"caption\":\"Die Stiftung hat seit ihrer Gr\u00fcndung 2008 F\u00f6rderungen in der H\u00f6he von 20 Millionen Franken f\u00fcr \u00fcber 1'400 KMU in der Schweiz und im F\u00fcrstentum Liechtenstein gesprochen. (Bild: Klimastiftung Schweiz)\"},{\"@type\":\"BreadcrumbList\",\"@id\":\"https:\\\/\\\/www.organisator.ch\\\/de\\\/allgemein\\\/2019-05-16\\\/ruelpsende-kuehe-und-kuenstliche-intelligenz-klimastiftung-spricht-foerdergelder\\\/#breadcrumb\",\"itemListElement\":[{\"@type\":\"ListItem\",\"position\":1,\"name\":\"Home\",\"item\":\"https:\\\/\\\/www.organisator.ch\\\/\"},{\"@type\":\"ListItem\",\"position\":2,\"name\":\"R\u00fclpsende K\u00fche und k\u00fcnstliche Intelligenz: Klimastiftung spricht F\u00f6rdergelder\"}]},{\"@type\":\"WebSite\",\"@id\":\"https:\\\/\\\/www.organisator.ch\\\/#website\",\"url\":\"https:\\\/\\\/www.organisator.ch\\\/\",\"name\":\"Organisator\",\"description\":\"Kompetent. Praxisnah. Der ORGANISATOR bereitet in 10 Ausgaben pro Jahr die wesentlichen Themen f\u00fcr F\u00fchrungskr\u00e4fte von KMU auf.\",\"publisher\":{\"@id\":\"https:\\\/\\\/www.organisator.ch\\\/#organization\"},\"potentialAction\":[{\"@type\":\"SearchAction\",\"target\":{\"@type\":\"EntryPoint\",\"urlTemplate\":\"https:\\\/\\\/www.organisator.ch\\\/?s={search_term_string}\"},\"query-input\":{\"@type\":\"PropertyValueSpecification\",\"valueRequired\":true,\"valueName\":\"search_term_string\"}}],\"inLanguage\":\"fr-FR\"},{\"@type\":\"Organization\",\"@id\":\"https:\\\/\\\/www.organisator.ch\\\/#organization\",\"name\":\"Organisator\",\"url\":\"https:\\\/\\\/www.organisator.ch\\\/\",\"logo\":{\"@type\":\"ImageObject\",\"inLanguage\":\"fr-FR\",\"@id\":\"https:\\\/\\\/www.organisator.ch\\\/#\\\/schema\\\/logo\\\/image\\\/\",\"url\":\"https:\\\/\\\/www.organisator.ch\\\/wp-content\\\/uploads\\\/2022\\\/01\\\/Logo_Organisator_Website.png\",\"contentUrl\":\"https:\\\/\\\/www.organisator.ch\\\/wp-content\\\/uploads\\\/2022\\\/01\\\/Logo_Organisator_Website.png\",\"width\":800,\"height\":77,\"caption\":\"Organisator\"},\"image\":{\"@id\":\"https:\\\/\\\/www.organisator.ch\\\/#\\\/schema\\\/logo\\\/image\\\/\"},\"sameAs\":[\"https:\\\/\\\/www.facebook.com\\\/OrganisatorFachmagazin\",\"https:\\\/\\\/www.linkedin.com\\\/showcase\\\/organisator-das-magazin-fr-kmu\",\"https:\\\/\\\/www.xing.com\\\/news\\\/pages\\\/organisator-ch-695\",\"https:\\\/\\\/www.youtube.com\\\/channel\\\/UCGP2Sq0iWaZwT3BdIAQFYpw\"]},{\"@type\":\"Person\",\"@id\":\"https:\\\/\\\/www.organisator.ch\\\/#\\\/schema\\\/person\\\/134708ca9321c57b0362cceb7948ffbd\",\"name\":\"michael.merz\",\"image\":{\"@type\":\"ImageObject\",\"inLanguage\":\"fr-FR\",\"@id\":\"https:\\\/\\\/secure.gravatar.com\\\/avatar\\\/?s=96&d=mm&r=g\",\"url\":\"https:\\\/\\\/secure.gravatar.com\\\/avatar\\\/?s=96&d=mm&r=g\",\"contentUrl\":\"https:\\\/\\\/secure.gravatar.com\\\/avatar\\\/?s=96&d=mm&r=g\",\"caption\":\"michael.merz\"},\"url\":\"https:\\\/\\\/www.organisator.ch\\\/fr\\\/author\\\/michael-merz\\\/\"}]}<\/script>\n<!-- \/ Yoast SEO plugin. -->","yoast_head_json":{"title":"Vaches qui rotent et intelligence artificielle : la Fondation pour le climat accorde des subventions - Organisateur","description":"La Fondation Suisse pour le Climat a d\u00e9cid\u00e9 quels projets de protection climatique de PME suisses et liechtensteinoises elle soutiendra ce printemps.","robots":{"index":"index","follow":"follow","max-snippet":"max-snippet:-1","max-image-preview":"max-image-preview:large","max-video-preview":"max-video-preview:-1"},"canonical":"https:\/\/www.organisator.ch\/fr\/general\/2019-05-16\/ruelpsende-kuehe-und-kuenstliche-intelligenz-klimastiftung-spricht-foerdergelder\/","og_locale":"fr_FR","og_type":"article","og_title":"R\u00fclpsende K\u00fche und k\u00fcnstliche Intelligenz: Klimastiftung spricht F\u00f6rdergelder - Organisator","og_description":"Die Klimastiftung Schweiz hat entschieden, welche Klimaschutz-Projekte von Schweizer und Liechtensteiner KMU sie diesen Fr\u00fchling f\u00f6rdert.","og_url":"https:\/\/www.organisator.ch\/fr\/general\/2019-05-16\/ruelpsende-kuehe-und-kuenstliche-intelligenz-klimastiftung-spricht-foerdergelder\/","og_site_name":"Organisator","article_publisher":"https:\/\/www.facebook.com\/OrganisatorFachmagazin","article_published_time":"2019-05-16T09:43:35+00:00","og_image":[{"width":970,"height":546,"url":"https:\/\/www.organisator.ch\/wp-content\/uploads\/2019\/05\/Auszeichnungen-Klimastiftung-Schweiz-UP_Umweltperspektiven.jpg","type":"image\/jpeg"}],"author":"michael.merz","twitter_card":"summary_large_image","schema":{"@context":"https:\/\/schema.org","@graph":[{"@type":"Article","@id":"https:\/\/www.organisator.ch\/de\/allgemein\/2019-05-16\/ruelpsende-kuehe-und-kuenstliche-intelligenz-klimastiftung-spricht-foerdergelder\/#article","isPartOf":{"@id":"https:\/\/www.organisator.ch\/de\/allgemein\/2019-05-16\/ruelpsende-kuehe-und-kuenstliche-intelligenz-klimastiftung-spricht-foerdergelder\/"},"author":{"name":"michael.merz","@id":"https:\/\/www.organisator.ch\/#\/schema\/person\/134708ca9321c57b0362cceb7948ffbd"},"headline":"R\u00fclpsende K\u00fche und k\u00fcnstliche Intelligenz: Klimastiftung spricht F\u00f6rdergelder","datePublished":"2019-05-16T09:43:35+00:00","mainEntityOfPage":{"@id":"https:\/\/www.organisator.ch\/de\/allgemein\/2019-05-16\/ruelpsende-kuehe-und-kuenstliche-intelligenz-klimastiftung-spricht-foerdergelder\/"},"wordCount":699,"commentCount":0,"publisher":{"@id":"https:\/\/www.organisator.ch\/#organization"},"image":{"@id":"https:\/\/www.organisator.ch\/de\/allgemein\/2019-05-16\/ruelpsende-kuehe-und-kuenstliche-intelligenz-klimastiftung-spricht-foerdergelder\/#primaryimage"},"thumbnailUrl":"https:\/\/www.organisator.ch\/wp-content\/uploads\/2019\/05\/Auszeichnungen-Klimastiftung-Schweiz-UP_Umweltperspektiven.jpg","keywords":["F\u00f6rdergelder","Klimastiftung Schweiz"],"articleSection":["Allgemein"],"inLanguage":"fr-FR"},{"@type":"WebPage","@id":"https:\/\/www.organisator.ch\/de\/allgemein\/2019-05-16\/ruelpsende-kuehe-und-kuenstliche-intelligenz-klimastiftung-spricht-foerdergelder\/","url":"https:\/\/www.organisator.ch\/de\/allgemein\/2019-05-16\/ruelpsende-kuehe-und-kuenstliche-intelligenz-klimastiftung-spricht-foerdergelder\/","name":"Vaches qui rotent et intelligence artificielle : la Fondation pour le climat accorde des subventions - Organisateur","isPartOf":{"@id":"https:\/\/www.organisator.ch\/#website"},"primaryImageOfPage":{"@id":"https:\/\/www.organisator.ch\/de\/allgemein\/2019-05-16\/ruelpsende-kuehe-und-kuenstliche-intelligenz-klimastiftung-spricht-foerdergelder\/#primaryimage"},"image":{"@id":"https:\/\/www.organisator.ch\/de\/allgemein\/2019-05-16\/ruelpsende-kuehe-und-kuenstliche-intelligenz-klimastiftung-spricht-foerdergelder\/#primaryimage"},"thumbnailUrl":"https:\/\/www.organisator.ch\/wp-content\/uploads\/2019\/05\/Auszeichnungen-Klimastiftung-Schweiz-UP_Umweltperspektiven.jpg","datePublished":"2019-05-16T09:43:35+00:00","description":"La Fondation Suisse pour le Climat a d\u00e9cid\u00e9 quels projets de protection climatique de PME suisses et liechtensteinoises elle soutiendra ce printemps.","breadcrumb":{"@id":"https:\/\/www.organisator.ch\/de\/allgemein\/2019-05-16\/ruelpsende-kuehe-und-kuenstliche-intelligenz-klimastiftung-spricht-foerdergelder\/#breadcrumb"},"inLanguage":"fr-FR","potentialAction":[{"@type":"ReadAction","target":["https:\/\/www.organisator.ch\/de\/allgemein\/2019-05-16\/ruelpsende-kuehe-und-kuenstliche-intelligenz-klimastiftung-spricht-foerdergelder\/"]}]},{"@type":"ImageObject","inLanguage":"fr-FR","@id":"https:\/\/www.organisator.ch\/de\/allgemein\/2019-05-16\/ruelpsende-kuehe-und-kuenstliche-intelligenz-klimastiftung-spricht-foerdergelder\/#primaryimage","url":"https:\/\/www.organisator.ch\/wp-content\/uploads\/2019\/05\/Auszeichnungen-Klimastiftung-Schweiz-UP_Umweltperspektiven.jpg","contentUrl":"https:\/\/www.organisator.ch\/wp-content\/uploads\/2019\/05\/Auszeichnungen-Klimastiftung-Schweiz-UP_Umweltperspektiven.jpg","width":970,"height":546,"caption":"Die Stiftung hat seit ihrer Gr\u00fcndung 2008 F\u00f6rderungen in der H\u00f6he von 20 Millionen Franken f\u00fcr \u00fcber 1'400 KMU in der Schweiz und im F\u00fcrstentum Liechtenstein gesprochen. (Bild: Klimastiftung Schweiz)"},{"@type":"BreadcrumbList","@id":"https:\/\/www.organisator.ch\/de\/allgemein\/2019-05-16\/ruelpsende-kuehe-und-kuenstliche-intelligenz-klimastiftung-spricht-foerdergelder\/#breadcrumb","itemListElement":[{"@type":"ListItem","position":1,"name":"Home","item":"https:\/\/www.organisator.ch\/"},{"@type":"ListItem","position":2,"name":"R\u00fclpsende K\u00fche und k\u00fcnstliche Intelligenz: Klimastiftung spricht F\u00f6rdergelder"}]},{"@type":"WebSite","@id":"https:\/\/www.organisator.ch\/#website","url":"https:\/\/www.organisator.ch\/","name":"Organisateur","description":"Comp\u00e9tence et comp\u00e9tence. Proches de la pratique. L'ORGANISATEUR pr\u00e9pare 10 num\u00e9ros par an sur les th\u00e8mes essentiels pour les dirigeants de PME.","publisher":{"@id":"https:\/\/www.organisator.ch\/#organization"},"potentialAction":[{"@type":"SearchAction","target":{"@type":"EntryPoint","urlTemplate":"https:\/\/www.organisator.ch\/?s={search_term_string}"},"query-input":{"@type":"PropertyValueSpecification","valueRequired":true,"valueName":"search_term_string"}}],"inLanguage":"fr-FR"},{"@type":"Organization","@id":"https:\/\/www.organisator.ch\/#organization","name":"Organisateur","url":"https:\/\/www.organisator.ch\/","logo":{"@type":"ImageObject","inLanguage":"fr-FR","@id":"https:\/\/www.organisator.ch\/#\/schema\/logo\/image\/","url":"https:\/\/www.organisator.ch\/wp-content\/uploads\/2022\/01\/Logo_Organisator_Website.png","contentUrl":"https:\/\/www.organisator.ch\/wp-content\/uploads\/2022\/01\/Logo_Organisator_Website.png","width":800,"height":77,"caption":"Organisator"},"image":{"@id":"https:\/\/www.organisator.ch\/#\/schema\/logo\/image\/"},"sameAs":["https:\/\/www.facebook.com\/OrganisatorFachmagazin","https:\/\/www.linkedin.com\/showcase\/organisator-das-magazin-fr-kmu","https:\/\/www.xing.com\/news\/pages\/organisator-ch-695","https:\/\/www.youtube.com\/channel\/UCGP2Sq0iWaZwT3BdIAQFYpw"]},{"@type":"Person","@id":"https:\/\/www.organisator.ch\/#\/schema\/person\/134708ca9321c57b0362cceb7948ffbd","name":"michael.merz","image":{"@type":"ImageObject","inLanguage":"fr-FR","@id":"https:\/\/secure.gravatar.com\/avatar\/?s=96&d=mm&r=g","url":"https:\/\/secure.gravatar.com\/avatar\/?s=96&d=mm&r=g","contentUrl":"https:\/\/secure.gravatar.com\/avatar\/?s=96&d=mm&r=g","caption":"michael.merz"},"url":"https:\/\/www.organisator.ch\/fr\/author\/michael-merz\/"}]}},"_links":{"self":[{"href":"https:\/\/www.organisator.ch\/fr\/wp-json\/wp\/v2\/posts\/2146","targetHints":{"allow":["GET"]}}],"collection":[{"href":"https:\/\/www.organisator.ch\/fr\/wp-json\/wp\/v2\/posts"}],"about":[{"href":"https:\/\/www.organisator.ch\/fr\/wp-json\/wp\/v2\/types\/post"}],"author":[{"embeddable":true,"href":"https:\/\/www.organisator.ch\/fr\/wp-json\/wp\/v2\/users\/5"}],"replies":[{"embeddable":true,"href":"https:\/\/www.organisator.ch\/fr\/wp-json\/wp\/v2\/comments?post=2146"}],"version-history":[{"count":0,"href":"https:\/\/www.organisator.ch\/fr\/wp-json\/wp\/v2\/posts\/2146\/revisions"}],"wp:featuredmedia":[{"embeddable":true,"href":"https:\/\/www.organisator.ch\/fr\/wp-json\/wp\/v2\/media\/2147"}],"wp:attachment":[{"href":"https:\/\/www.organisator.ch\/fr\/wp-json\/wp\/v2\/media?parent=2146"}],"wp:term":[{"taxonomy":"category","embeddable":true,"href":"https:\/\/www.organisator.ch\/fr\/wp-json\/wp\/v2\/categories?post=2146"},{"taxonomy":"post_tag","embeddable":true,"href":"https:\/\/www.organisator.ch\/fr\/wp-json\/wp\/v2\/tags?post=2146"}],"curies":[{"name":"wp","href":"https:\/\/api.w.org\/{rel}","templated":true}]}}