{"id":21500,"date":"2023-08-29T13:39:08","date_gmt":"2023-08-29T11:39:08","guid":{"rendered":"https:\/\/www.organisator.ch\/?p=21500"},"modified":"2023-08-29T13:39:08","modified_gmt":"2023-08-29T11:39:08","slug":"zentrum-fuer-innovation-und-digitalisierung-lanciert-usaccelerator-programm","status":"publish","type":"post","link":"https:\/\/www.organisator.ch\/fr\/management\/2023-08-29\/zentrum-fuer-innovation-und-digitalisierung-lanciert-usaccelerator-programm\/","title":{"rendered":"Le Centre pour l'innovation et la num\u00e9risation lance le programme USAccelerator"},"content":{"rendered":"<figure id=\"attachment_21501\" aria-describedby=\"caption-attachment-21501\" style=\"width: 680px\" class=\"wp-caption alignnone\"><img loading=\"lazy\" decoding=\"async\" class=\"size-full wp-image-21501\" src=\"https:\/\/www.organisator.ch\/wp-content\/uploads\/2023\/08\/Zentrum-fuer-Innovation-und-Digitalisierung-lanciert-USAccelerator-Programm_Organisator.jpg\" alt=\"\" width=\"680\" height=\"455\" srcset=\"https:\/\/www.organisator.ch\/wp-content\/uploads\/2023\/08\/Zentrum-fuer-Innovation-und-Digitalisierung-lanciert-USAccelerator-Programm_Organisator.jpg 680w, https:\/\/www.organisator.ch\/wp-content\/uploads\/2023\/08\/Zentrum-fuer-Innovation-und-Digitalisierung-lanciert-USAccelerator-Programm_Organisator-18x12.jpg 18w, https:\/\/www.organisator.ch\/wp-content\/uploads\/2023\/08\/Zentrum-fuer-Innovation-und-Digitalisierung-lanciert-USAccelerator-Programm_Organisator-375x251.jpg 375w, https:\/\/www.organisator.ch\/wp-content\/uploads\/2023\/08\/Zentrum-fuer-Innovation-und-Digitalisierung-lanciert-USAccelerator-Programm_Organisator-523x350.jpg 523w\" sizes=\"auto, (max-width: 680px) 100vw, 680px\" \/><figcaption id=\"caption-attachment-21501\" class=\"wp-caption-text\">Le programme Swiss USAccelerator soutient les start-up et les PME dans leur internationalisation. (Image : Capture d'\u00e9cran zid-bernapark.ch)<\/figcaption><\/figure>\n<p>Une nouvelle opportunit\u00e9 s'offre aux entreprises suisses qui aspirent \u00e0 une expansion mondiale \u00e0 partir du 4 septembre 2023 : le programme Swiss USAccelerator sera lanc\u00e9 au Centre pour l'innovation et la num\u00e9risation (ZID) dans le Bernapark \u00e0 Deisswil, dans le canton de Berne. Le ZID offre aux jeunes entreprises, aux startups et aux PME un environnement dynamique pour des \u00e9changes cr\u00e9atifs et des processus de travail innovants. Le lancement de ce nouveau programme s'inscrit donc dans la volont\u00e9 du ZID de cr\u00e9er des impulsions pour des innovations qui se d\u00e9veloppent \u00e0 long terme en mod\u00e8les commerciaux \u00e0 succ\u00e8s.<\/p>\n<h3>Faciliter l'acc\u00e8s au march\u00e9 am\u00e9ricain<\/h3>\n<p>Le programme SWISS USAccelerator se concentre principalement sur les \u00c9tats-Unis, l'un des march\u00e9s les plus importants au monde pour les entreprises. Ce programme a \u00e9t\u00e9 lanc\u00e9 dans le but d'offrir un soutien concret aux entreprises qui souhaitent se lancer sur les march\u00e9s internationaux. Une caract\u00e9ristique essentielle du programme est la mise \u00e0 disposition de ressources et de r\u00e9seaux pr\u00e9cieux qui facilitent le processus d'expansion et font gagner un temps pr\u00e9cieux aux entreprises participantes.<\/p>\n<p>Jusqu'\u00e0 pr\u00e9sent, de nombreuses start-ups et PME suisses n'exploitent pas encore tout leur potentiel au niveau mondial. Les experts s'accordent \u00e0 dire que le fait de se limiter \u00e0 l'espace germanophone peut constituer un obstacle \u00e0 la r\u00e9ussite \u00e0 long terme de ces entreprises. Il est donc essentiel de surmonter ce d\u00e9fi apparemment risqu\u00e9 par un soutien cibl\u00e9. C'est pr\u00e9cis\u00e9ment l\u00e0 qu'intervient le Swiss USAccelerator. Il a \u00e9t\u00e9 con\u00e7u pour \u00e9liminer ces obstacles et offrir aux start-ups et aux PME suisses l'opportunit\u00e9 d'exploiter pleinement leur potentiel commercial et de prendre pied sur les march\u00e9s mondiaux. \"On ne soulignera jamais assez l'importance de la coop\u00e9ration entre les prestataires de services des deux c\u00f4t\u00e9s de l'Atlantique et du transfert de connaissances. Ces collaborations jouent un r\u00f4le crucial dans le soutien des entreprises participantes et dans leur expansion r\u00e9ussie sur les march\u00e9s mondiaux\", estime Kaspar Zimmerli, l'un des principaux responsables du programme.<\/p>\n<h3>Une \u00e9tape importante pour les start-up et les PME suisses<\/h3>\n<p>Le lancement officiel du programme USAccelerator marque une \u00e9tape importante dans le d\u00e9veloppement de la sc\u00e8ne suisse des start-up et des PME. Ce programme marque le d\u00e9but d'une nouvelle \u00e8re de possibilit\u00e9s qui permet aux entreprises de d\u00e9passer leurs limites actuelles et d'atteindre leurs objectifs au niveau international, selon le communiqu\u00e9.<\/p>\n<p>L'\u00e9v\u00e9nement d'ouverture du programme USAccelerator aura lieu le 4 septembre de 16h30 \u00e0 18h. L'\u00e9v\u00e9nement promet un programme inspirant de pr\u00e9sentations, de discussions et d'opportunit\u00e9s de r\u00e9seautage afin d'offrir aux entreprises participantes le meilleur d\u00e9part possible dans leur voyage d'expansion.<\/p>\n<p><em><a href=\"https:\/\/zid-bernapark.ch\/angebote\/swissusaccelerator\/\">Plus d'informations<\/a><\/em><\/p>","protected":false},"excerpt":{"rendered":"<p>Le 4 septembre, le programme SWISS USAccelerator sera lanc\u00e9 lors d'un \u00e9v\u00e9nement d'ouverture au Centre pour l'innovation et la num\u00e9risation (ZID) du Bernapark \u00e0 Deisswil. Cette initiative ouvre aux entreprises suisses la possibilit\u00e9 d'\u00e9tendre leur port\u00e9e aux plus grands march\u00e9s internationaux et d'y obtenir un succ\u00e8s durable.<\/p>","protected":false},"author":4,"featured_media":21501,"comment_status":"closed","ping_status":"closed","sticky":false,"template":"","format":"standard","meta":{"_acf_changed":false,"_yoast_wpseo_focuskw":"USAccelerator","_yoast_wpseo_metadesc":"Am 4. September wird das SWISS USAccelerator Programm im Zentrum f\u00fcr Innovation und Digitalisierung (ZID) im Bernapark in Deisswil lanciert.","articlekey":"","footnotes":""},"categories":[28],"tags":[1416,280,451],"class_list":["post-21500","post","type-post","status-publish","format-standard","has-post-thumbnail","hentry","category-management","tag-innovationsfoerderung","tag-internationalisierung","tag-startups"],"acf":[],"yoast_head":"<!-- This site is optimized with the Yoast SEO plugin v27.5 - https:\/\/yoast.com\/product\/yoast-seo-wordpress\/ -->\n<title>Zentrum f\u00fcr Innovation und Digitalisierung lanciert USAccelerator Programm - Organisator<\/title>\n<meta name=\"description\" content=\"Am 4. September wird das SWISS USAccelerator Programm im Zentrum f\u00fcr Innovation und Digitalisierung (ZID) im Bernapark in Deisswil lanciert.\" \/>\n<meta name=\"robots\" content=\"index, follow, max-snippet:-1, max-image-preview:large, max-video-preview:-1\" \/>\n<link rel=\"canonical\" href=\"https:\/\/www.organisator.ch\/fr\/gestion-2\/2023-08-29\/zentrum-fuer-innovation-und-digitalisierung-lanciert-usaccelerator-programm\/\" \/>\n<meta property=\"og:locale\" content=\"fr_FR\" \/>\n<meta property=\"og:type\" content=\"article\" \/>\n<meta property=\"og:title\" content=\"Zentrum f\u00fcr Innovation und Digitalisierung lanciert USAccelerator Programm\" \/>\n<meta property=\"og:description\" content=\"Am 4. September wird das SWISS USAccelerator Programm im Zentrum f\u00fcr Innovation und Digitalisierung (ZID) im Bernapark in Deisswil lanciert.\" \/>\n<meta property=\"og:url\" content=\"https:\/\/www.organisator.ch\/fr\/gestion-2\/2023-08-29\/zentrum-fuer-innovation-und-digitalisierung-lanciert-usaccelerator-programm\/\" \/>\n<meta property=\"og:site_name\" content=\"Organisator\" \/>\n<meta property=\"article:publisher\" content=\"https:\/\/www.facebook.com\/OrganisatorFachmagazin\" \/>\n<meta property=\"article:published_time\" content=\"2023-08-29T11:39:08+00:00\" \/>\n<meta property=\"og:image\" content=\"https:\/\/www.organisator.ch\/wp-content\/uploads\/2023\/08\/Zentrum-fuer-Innovation-und-Digitalisierung-lanciert-USAccelerator-Programm_Organisator.jpg\" \/>\n\t<meta property=\"og:image:width\" content=\"680\" \/>\n\t<meta property=\"og:image:height\" content=\"455\" \/>\n\t<meta property=\"og:image:type\" content=\"image\/jpeg\" \/>\n<meta name=\"author\" content=\"thomas.berner\" \/>\n<meta name=\"twitter:card\" content=\"summary_large_image\" \/>\n<meta name=\"twitter:title\" content=\"Zentrum f\u00fcr Innovation und Digitalisierung lanciert #USAccelerator Programm\" \/>\n<meta name=\"twitter:description\" content=\"Am 4. September wird das SWISS #USAccelerator Programm im Zentrum f\u00fcr Innovation und Digitalisierung (#ZID) im #Bernapark in Deisswil lanciert.\" \/>\n<meta name=\"twitter:image\" content=\"https:\/\/www.organisator.ch\/wp-content\/uploads\/2023\/08\/Zentrum-fuer-Innovation-und-Digitalisierung-lanciert-USAccelerator-Programm_Organisator.jpg\" \/>\n<script type=\"application\/ld+json\" class=\"yoast-schema-graph\">{\"@context\":\"https:\\\/\\\/schema.org\",\"@graph\":[{\"@type\":\"Article\",\"@id\":\"https:\\\/\\\/www.organisator.ch\\\/management\\\/2023-08-29\\\/zentrum-fuer-innovation-und-digitalisierung-lanciert-usaccelerator-programm\\\/#article\",\"isPartOf\":{\"@id\":\"https:\\\/\\\/www.organisator.ch\\\/management\\\/2023-08-29\\\/zentrum-fuer-innovation-und-digitalisierung-lanciert-usaccelerator-programm\\\/\"},\"author\":{\"name\":\"thomas.berner\",\"@id\":\"https:\\\/\\\/www.organisator.ch\\\/#\\\/schema\\\/person\\\/6f650f90b2842cd4c0cc334b4e36f67e\"},\"headline\":\"Zentrum f\u00fcr Innovation und Digitalisierung lanciert USAccelerator Programm\",\"datePublished\":\"2023-08-29T11:39:08+00:00\",\"mainEntityOfPage\":{\"@id\":\"https:\\\/\\\/www.organisator.ch\\\/management\\\/2023-08-29\\\/zentrum-fuer-innovation-und-digitalisierung-lanciert-usaccelerator-programm\\\/\"},\"wordCount\":430,\"publisher\":{\"@id\":\"https:\\\/\\\/www.organisator.ch\\\/#organization\"},\"image\":{\"@id\":\"https:\\\/\\\/www.organisator.ch\\\/management\\\/2023-08-29\\\/zentrum-fuer-innovation-und-digitalisierung-lanciert-usaccelerator-programm\\\/#primaryimage\"},\"thumbnailUrl\":\"https:\\\/\\\/www.organisator.ch\\\/wp-content\\\/uploads\\\/2023\\\/08\\\/Zentrum-fuer-Innovation-und-Digitalisierung-lanciert-USAccelerator-Programm_Organisator.jpg\",\"keywords\":[\"Innovationsf\u00f6rderung\",\"Internationalisierung\",\"Startups\"],\"articleSection\":[\"MANAGEMENT\"],\"inLanguage\":\"fr-FR\"},{\"@type\":\"WebPage\",\"@id\":\"https:\\\/\\\/www.organisator.ch\\\/management\\\/2023-08-29\\\/zentrum-fuer-innovation-und-digitalisierung-lanciert-usaccelerator-programm\\\/\",\"url\":\"https:\\\/\\\/www.organisator.ch\\\/management\\\/2023-08-29\\\/zentrum-fuer-innovation-und-digitalisierung-lanciert-usaccelerator-programm\\\/\",\"name\":\"Zentrum f\u00fcr Innovation und Digitalisierung lanciert USAccelerator Programm - Organisator\",\"isPartOf\":{\"@id\":\"https:\\\/\\\/www.organisator.ch\\\/#website\"},\"primaryImageOfPage\":{\"@id\":\"https:\\\/\\\/www.organisator.ch\\\/management\\\/2023-08-29\\\/zentrum-fuer-innovation-und-digitalisierung-lanciert-usaccelerator-programm\\\/#primaryimage\"},\"image\":{\"@id\":\"https:\\\/\\\/www.organisator.ch\\\/management\\\/2023-08-29\\\/zentrum-fuer-innovation-und-digitalisierung-lanciert-usaccelerator-programm\\\/#primaryimage\"},\"thumbnailUrl\":\"https:\\\/\\\/www.organisator.ch\\\/wp-content\\\/uploads\\\/2023\\\/08\\\/Zentrum-fuer-Innovation-und-Digitalisierung-lanciert-USAccelerator-Programm_Organisator.jpg\",\"datePublished\":\"2023-08-29T11:39:08+00:00\",\"description\":\"Am 4. September wird das SWISS USAccelerator Programm im Zentrum f\u00fcr Innovation und Digitalisierung (ZID) im Bernapark in Deisswil lanciert.\",\"breadcrumb\":{\"@id\":\"https:\\\/\\\/www.organisator.ch\\\/management\\\/2023-08-29\\\/zentrum-fuer-innovation-und-digitalisierung-lanciert-usaccelerator-programm\\\/#breadcrumb\"},\"inLanguage\":\"fr-FR\",\"potentialAction\":[{\"@type\":\"ReadAction\",\"target\":[\"https:\\\/\\\/www.organisator.ch\\\/management\\\/2023-08-29\\\/zentrum-fuer-innovation-und-digitalisierung-lanciert-usaccelerator-programm\\\/\"]}]},{\"@type\":\"ImageObject\",\"inLanguage\":\"fr-FR\",\"@id\":\"https:\\\/\\\/www.organisator.ch\\\/management\\\/2023-08-29\\\/zentrum-fuer-innovation-und-digitalisierung-lanciert-usaccelerator-programm\\\/#primaryimage\",\"url\":\"https:\\\/\\\/www.organisator.ch\\\/wp-content\\\/uploads\\\/2023\\\/08\\\/Zentrum-fuer-Innovation-und-Digitalisierung-lanciert-USAccelerator-Programm_Organisator.jpg\",\"contentUrl\":\"https:\\\/\\\/www.organisator.ch\\\/wp-content\\\/uploads\\\/2023\\\/08\\\/Zentrum-fuer-Innovation-und-Digitalisierung-lanciert-USAccelerator-Programm_Organisator.jpg\",\"width\":680,\"height\":455,\"caption\":\"Das Swiss USAccelerator Programm unterst\u00fctzt Startups und KMU bei der Internationalisierung. (Bild: Screenshot zid-bernapark.ch)\"},{\"@type\":\"BreadcrumbList\",\"@id\":\"https:\\\/\\\/www.organisator.ch\\\/management\\\/2023-08-29\\\/zentrum-fuer-innovation-und-digitalisierung-lanciert-usaccelerator-programm\\\/#breadcrumb\",\"itemListElement\":[{\"@type\":\"ListItem\",\"position\":1,\"name\":\"Home\",\"item\":\"https:\\\/\\\/www.organisator.ch\\\/\"},{\"@type\":\"ListItem\",\"position\":2,\"name\":\"Zentrum f\u00fcr Innovation und Digitalisierung lanciert USAccelerator Programm\"}]},{\"@type\":\"WebSite\",\"@id\":\"https:\\\/\\\/www.organisator.ch\\\/#website\",\"url\":\"https:\\\/\\\/www.organisator.ch\\\/\",\"name\":\"Organisator\",\"description\":\"Kompetent. Praxisnah. Der ORGANISATOR bereitet in 10 Ausgaben pro Jahr die wesentlichen Themen f\u00fcr F\u00fchrungskr\u00e4fte von KMU auf.\",\"publisher\":{\"@id\":\"https:\\\/\\\/www.organisator.ch\\\/#organization\"},\"potentialAction\":[{\"@type\":\"SearchAction\",\"target\":{\"@type\":\"EntryPoint\",\"urlTemplate\":\"https:\\\/\\\/www.organisator.ch\\\/?s={search_term_string}\"},\"query-input\":{\"@type\":\"PropertyValueSpecification\",\"valueRequired\":true,\"valueName\":\"search_term_string\"}}],\"inLanguage\":\"fr-FR\"},{\"@type\":\"Organization\",\"@id\":\"https:\\\/\\\/www.organisator.ch\\\/#organization\",\"name\":\"Organisator\",\"url\":\"https:\\\/\\\/www.organisator.ch\\\/\",\"logo\":{\"@type\":\"ImageObject\",\"inLanguage\":\"fr-FR\",\"@id\":\"https:\\\/\\\/www.organisator.ch\\\/#\\\/schema\\\/logo\\\/image\\\/\",\"url\":\"https:\\\/\\\/www.organisator.ch\\\/wp-content\\\/uploads\\\/2022\\\/01\\\/Logo_Organisator_Website.png\",\"contentUrl\":\"https:\\\/\\\/www.organisator.ch\\\/wp-content\\\/uploads\\\/2022\\\/01\\\/Logo_Organisator_Website.png\",\"width\":800,\"height\":77,\"caption\":\"Organisator\"},\"image\":{\"@id\":\"https:\\\/\\\/www.organisator.ch\\\/#\\\/schema\\\/logo\\\/image\\\/\"},\"sameAs\":[\"https:\\\/\\\/www.facebook.com\\\/OrganisatorFachmagazin\",\"https:\\\/\\\/www.linkedin.com\\\/showcase\\\/organisator-das-magazin-fr-kmu\",\"https:\\\/\\\/www.xing.com\\\/news\\\/pages\\\/organisator-ch-695\",\"https:\\\/\\\/www.youtube.com\\\/channel\\\/UCGP2Sq0iWaZwT3BdIAQFYpw\"]},{\"@type\":\"Person\",\"@id\":\"https:\\\/\\\/www.organisator.ch\\\/#\\\/schema\\\/person\\\/6f650f90b2842cd4c0cc334b4e36f67e\",\"name\":\"thomas.berner\",\"image\":{\"@type\":\"ImageObject\",\"inLanguage\":\"fr-FR\",\"@id\":\"https:\\\/\\\/secure.gravatar.com\\\/avatar\\\/ac5001d2a36cb6c6cd3e50789007ffca834b477b74a2144564522e944eabff61?s=96&d=mm&r=g\",\"url\":\"https:\\\/\\\/secure.gravatar.com\\\/avatar\\\/ac5001d2a36cb6c6cd3e50789007ffca834b477b74a2144564522e944eabff61?s=96&d=mm&r=g\",\"contentUrl\":\"https:\\\/\\\/secure.gravatar.com\\\/avatar\\\/ac5001d2a36cb6c6cd3e50789007ffca834b477b74a2144564522e944eabff61?s=96&d=mm&r=g\",\"caption\":\"thomas.berner\"},\"url\":\"https:\\\/\\\/www.organisator.ch\\\/fr\\\/author\\\/thomas-berner\\\/\"}]}<\/script>\n<!-- \/ Yoast SEO plugin. -->","yoast_head_json":{"title":"Le Centre pour l'innovation et la num\u00e9risation lance le programme USAccelerator - Organisateur","description":"Le 4 septembre, le programme SWISS USAccelerator sera lanc\u00e9 au Centre pour l'innovation et la num\u00e9risation (ZID) du Bernapark \u00e0 Deisswil.","robots":{"index":"index","follow":"follow","max-snippet":"max-snippet:-1","max-image-preview":"max-image-preview:large","max-video-preview":"max-video-preview:-1"},"canonical":"https:\/\/www.organisator.ch\/fr\/gestion-2\/2023-08-29\/zentrum-fuer-innovation-und-digitalisierung-lanciert-usaccelerator-programm\/","og_locale":"fr_FR","og_type":"article","og_title":"Zentrum f\u00fcr Innovation und Digitalisierung lanciert USAccelerator Programm","og_description":"Am 4. September wird das SWISS USAccelerator Programm im Zentrum f\u00fcr Innovation und Digitalisierung (ZID) im Bernapark in Deisswil lanciert.","og_url":"https:\/\/www.organisator.ch\/fr\/gestion-2\/2023-08-29\/zentrum-fuer-innovation-und-digitalisierung-lanciert-usaccelerator-programm\/","og_site_name":"Organisator","article_publisher":"https:\/\/www.facebook.com\/OrganisatorFachmagazin","article_published_time":"2023-08-29T11:39:08+00:00","og_image":[{"width":680,"height":455,"url":"https:\/\/www.organisator.ch\/wp-content\/uploads\/2023\/08\/Zentrum-fuer-Innovation-und-Digitalisierung-lanciert-USAccelerator-Programm_Organisator.jpg","type":"image\/jpeg"}],"author":"thomas.berner","twitter_card":"summary_large_image","twitter_title":"Zentrum f\u00fcr Innovation und Digitalisierung lanciert #USAccelerator Programm","twitter_description":"Am 4. September wird das SWISS #USAccelerator Programm im Zentrum f\u00fcr Innovation und Digitalisierung (#ZID) im #Bernapark in Deisswil lanciert.","twitter_image":"https:\/\/www.organisator.ch\/wp-content\/uploads\/2023\/08\/Zentrum-fuer-Innovation-und-Digitalisierung-lanciert-USAccelerator-Programm_Organisator.jpg","schema":{"@context":"https:\/\/schema.org","@graph":[{"@type":"Article","@id":"https:\/\/www.organisator.ch\/management\/2023-08-29\/zentrum-fuer-innovation-und-digitalisierung-lanciert-usaccelerator-programm\/#article","isPartOf":{"@id":"https:\/\/www.organisator.ch\/management\/2023-08-29\/zentrum-fuer-innovation-und-digitalisierung-lanciert-usaccelerator-programm\/"},"author":{"name":"thomas.berner","@id":"https:\/\/www.organisator.ch\/#\/schema\/person\/6f650f90b2842cd4c0cc334b4e36f67e"},"headline":"Zentrum f\u00fcr Innovation und Digitalisierung lanciert USAccelerator Programm","datePublished":"2023-08-29T11:39:08+00:00","mainEntityOfPage":{"@id":"https:\/\/www.organisator.ch\/management\/2023-08-29\/zentrum-fuer-innovation-und-digitalisierung-lanciert-usaccelerator-programm\/"},"wordCount":430,"publisher":{"@id":"https:\/\/www.organisator.ch\/#organization"},"image":{"@id":"https:\/\/www.organisator.ch\/management\/2023-08-29\/zentrum-fuer-innovation-und-digitalisierung-lanciert-usaccelerator-programm\/#primaryimage"},"thumbnailUrl":"https:\/\/www.organisator.ch\/wp-content\/uploads\/2023\/08\/Zentrum-fuer-Innovation-und-Digitalisierung-lanciert-USAccelerator-Programm_Organisator.jpg","keywords":["Innovationsf\u00f6rderung","Internationalisierung","Startups"],"articleSection":["MANAGEMENT"],"inLanguage":"fr-FR"},{"@type":"WebPage","@id":"https:\/\/www.organisator.ch\/management\/2023-08-29\/zentrum-fuer-innovation-und-digitalisierung-lanciert-usaccelerator-programm\/","url":"https:\/\/www.organisator.ch\/management\/2023-08-29\/zentrum-fuer-innovation-und-digitalisierung-lanciert-usaccelerator-programm\/","name":"Le Centre pour l'innovation et la num\u00e9risation lance le programme USAccelerator - Organisateur","isPartOf":{"@id":"https:\/\/www.organisator.ch\/#website"},"primaryImageOfPage":{"@id":"https:\/\/www.organisator.ch\/management\/2023-08-29\/zentrum-fuer-innovation-und-digitalisierung-lanciert-usaccelerator-programm\/#primaryimage"},"image":{"@id":"https:\/\/www.organisator.ch\/management\/2023-08-29\/zentrum-fuer-innovation-und-digitalisierung-lanciert-usaccelerator-programm\/#primaryimage"},"thumbnailUrl":"https:\/\/www.organisator.ch\/wp-content\/uploads\/2023\/08\/Zentrum-fuer-Innovation-und-Digitalisierung-lanciert-USAccelerator-Programm_Organisator.jpg","datePublished":"2023-08-29T11:39:08+00:00","description":"Le 4 septembre, le programme SWISS USAccelerator sera lanc\u00e9 au Centre pour l'innovation et la num\u00e9risation (ZID) du Bernapark \u00e0 Deisswil.","breadcrumb":{"@id":"https:\/\/www.organisator.ch\/management\/2023-08-29\/zentrum-fuer-innovation-und-digitalisierung-lanciert-usaccelerator-programm\/#breadcrumb"},"inLanguage":"fr-FR","potentialAction":[{"@type":"ReadAction","target":["https:\/\/www.organisator.ch\/management\/2023-08-29\/zentrum-fuer-innovation-und-digitalisierung-lanciert-usaccelerator-programm\/"]}]},{"@type":"ImageObject","inLanguage":"fr-FR","@id":"https:\/\/www.organisator.ch\/management\/2023-08-29\/zentrum-fuer-innovation-und-digitalisierung-lanciert-usaccelerator-programm\/#primaryimage","url":"https:\/\/www.organisator.ch\/wp-content\/uploads\/2023\/08\/Zentrum-fuer-Innovation-und-Digitalisierung-lanciert-USAccelerator-Programm_Organisator.jpg","contentUrl":"https:\/\/www.organisator.ch\/wp-content\/uploads\/2023\/08\/Zentrum-fuer-Innovation-und-Digitalisierung-lanciert-USAccelerator-Programm_Organisator.jpg","width":680,"height":455,"caption":"Das Swiss USAccelerator Programm unterst\u00fctzt Startups und KMU bei der Internationalisierung. (Bild: Screenshot zid-bernapark.ch)"},{"@type":"BreadcrumbList","@id":"https:\/\/www.organisator.ch\/management\/2023-08-29\/zentrum-fuer-innovation-und-digitalisierung-lanciert-usaccelerator-programm\/#breadcrumb","itemListElement":[{"@type":"ListItem","position":1,"name":"Home","item":"https:\/\/www.organisator.ch\/"},{"@type":"ListItem","position":2,"name":"Zentrum f\u00fcr Innovation und Digitalisierung lanciert USAccelerator Programm"}]},{"@type":"WebSite","@id":"https:\/\/www.organisator.ch\/#website","url":"https:\/\/www.organisator.ch\/","name":"Organisateur","description":"Comp\u00e9tence et comp\u00e9tence. Proches de la pratique. L'ORGANISATEUR pr\u00e9pare 10 num\u00e9ros par an sur les th\u00e8mes essentiels pour les dirigeants de PME.","publisher":{"@id":"https:\/\/www.organisator.ch\/#organization"},"potentialAction":[{"@type":"SearchAction","target":{"@type":"EntryPoint","urlTemplate":"https:\/\/www.organisator.ch\/?s={search_term_string}"},"query-input":{"@type":"PropertyValueSpecification","valueRequired":true,"valueName":"search_term_string"}}],"inLanguage":"fr-FR"},{"@type":"Organization","@id":"https:\/\/www.organisator.ch\/#organization","name":"Organisateur","url":"https:\/\/www.organisator.ch\/","logo":{"@type":"ImageObject","inLanguage":"fr-FR","@id":"https:\/\/www.organisator.ch\/#\/schema\/logo\/image\/","url":"https:\/\/www.organisator.ch\/wp-content\/uploads\/2022\/01\/Logo_Organisator_Website.png","contentUrl":"https:\/\/www.organisator.ch\/wp-content\/uploads\/2022\/01\/Logo_Organisator_Website.png","width":800,"height":77,"caption":"Organisator"},"image":{"@id":"https:\/\/www.organisator.ch\/#\/schema\/logo\/image\/"},"sameAs":["https:\/\/www.facebook.com\/OrganisatorFachmagazin","https:\/\/www.linkedin.com\/showcase\/organisator-das-magazin-fr-kmu","https:\/\/www.xing.com\/news\/pages\/organisator-ch-695","https:\/\/www.youtube.com\/channel\/UCGP2Sq0iWaZwT3BdIAQFYpw"]},{"@type":"Person","@id":"https:\/\/www.organisator.ch\/#\/schema\/person\/6f650f90b2842cd4c0cc334b4e36f67e","name":"thomas.berner","image":{"@type":"ImageObject","inLanguage":"fr-FR","@id":"https:\/\/secure.gravatar.com\/avatar\/ac5001d2a36cb6c6cd3e50789007ffca834b477b74a2144564522e944eabff61?s=96&d=mm&r=g","url":"https:\/\/secure.gravatar.com\/avatar\/ac5001d2a36cb6c6cd3e50789007ffca834b477b74a2144564522e944eabff61?s=96&d=mm&r=g","contentUrl":"https:\/\/secure.gravatar.com\/avatar\/ac5001d2a36cb6c6cd3e50789007ffca834b477b74a2144564522e944eabff61?s=96&d=mm&r=g","caption":"thomas.berner"},"url":"https:\/\/www.organisator.ch\/fr\/author\/thomas-berner\/"}]}},"_links":{"self":[{"href":"https:\/\/www.organisator.ch\/fr\/wp-json\/wp\/v2\/posts\/21500","targetHints":{"allow":["GET"]}}],"collection":[{"href":"https:\/\/www.organisator.ch\/fr\/wp-json\/wp\/v2\/posts"}],"about":[{"href":"https:\/\/www.organisator.ch\/fr\/wp-json\/wp\/v2\/types\/post"}],"author":[{"embeddable":true,"href":"https:\/\/www.organisator.ch\/fr\/wp-json\/wp\/v2\/users\/4"}],"replies":[{"embeddable":true,"href":"https:\/\/www.organisator.ch\/fr\/wp-json\/wp\/v2\/comments?post=21500"}],"version-history":[{"count":1,"href":"https:\/\/www.organisator.ch\/fr\/wp-json\/wp\/v2\/posts\/21500\/revisions"}],"predecessor-version":[{"id":21502,"href":"https:\/\/www.organisator.ch\/fr\/wp-json\/wp\/v2\/posts\/21500\/revisions\/21502"}],"wp:featuredmedia":[{"embeddable":true,"href":"https:\/\/www.organisator.ch\/fr\/wp-json\/wp\/v2\/media\/21501"}],"wp:attachment":[{"href":"https:\/\/www.organisator.ch\/fr\/wp-json\/wp\/v2\/media?parent=21500"}],"wp:term":[{"taxonomy":"category","embeddable":true,"href":"https:\/\/www.organisator.ch\/fr\/wp-json\/wp\/v2\/categories?post=21500"},{"taxonomy":"post_tag","embeddable":true,"href":"https:\/\/www.organisator.ch\/fr\/wp-json\/wp\/v2\/tags?post=21500"}],"curies":[{"name":"wp","href":"https:\/\/api.w.org\/{rel}","templated":true}]}}