{"id":21508,"date":"2023-08-30T11:21:56","date_gmt":"2023-08-30T09:21:56","guid":{"rendered":"https:\/\/www.organisator.ch\/?p=21508"},"modified":"2023-08-30T11:21:56","modified_gmt":"2023-08-30T09:21:56","slug":"iway-uebernimmt-internet-und-tv-kunden-von-ewb","status":"publish","type":"post","link":"https:\/\/www.organisator.ch\/fr\/management\/2023-08-30\/iway-uebernimmt-internet-und-tv-kunden-von-ewb\/","title":{"rendered":"iWay reprend les clients Internet et TV d'ewb"},"content":{"rendered":"<figure id=\"attachment_21509\" aria-describedby=\"caption-attachment-21509\" style=\"width: 680px\" class=\"wp-caption alignnone\"><img loading=\"lazy\" decoding=\"async\" class=\"size-full wp-image-21509\" src=\"https:\/\/www.organisator.ch\/wp-content\/uploads\/2023\/08\/iWay-uebernimmt-Internet-und-TV-Kunden-von-ewb_Organisator.jpg\" alt=\"\" width=\"680\" height=\"453\" srcset=\"https:\/\/www.organisator.ch\/wp-content\/uploads\/2023\/08\/iWay-uebernimmt-Internet-und-TV-Kunden-von-ewb_Organisator.jpg 680w, https:\/\/www.organisator.ch\/wp-content\/uploads\/2023\/08\/iWay-uebernimmt-Internet-und-TV-Kunden-von-ewb_Organisator-18x12.jpg 18w, https:\/\/www.organisator.ch\/wp-content\/uploads\/2023\/08\/iWay-uebernimmt-Internet-und-TV-Kunden-von-ewb_Organisator-375x250.jpg 375w, https:\/\/www.organisator.ch\/wp-content\/uploads\/2023\/08\/iWay-uebernimmt-Internet-und-TV-Kunden-von-ewb_Organisator-525x350.jpg 525w\" sizes=\"auto, (max-width: 680px) 100vw, 680px\" \/><figcaption id=\"caption-attachment-21509\" class=\"wp-caption-text\">iWay reprend tous les clients Internet et TV d'Energie Wasser Bern (ewb). (Image symbolique ; Unsplash.com)<\/figcaption><\/figure>\n<p>Le fournisseur d'acc\u00e8s \u00e0 Internet iWay reprend l'ensemble des clients Internet et TV d'Energie Wasser Bern (ewb). Au vu des grands d\u00e9fis actuels sur les march\u00e9s de l'\u00e9nergie dans le domaine des t\u00e9l\u00e9coms, le fournisseur d'\u00e9nergie se concentre sur son activit\u00e9 principale et ne proposera plus ses propres services Internet et TV \u00e0 partir du 14 ao\u00fbt 2023. \"Avec notre partenaire de longue date iWay, nous avons trouv\u00e9 une solution de succession optimale avec un bon rapport qualit\u00e9-prix et un service personnalis\u00e9\", d\u00e9clare \u00e0 ce sujet le Product Manager responsable d'ewb Lukas Zellweger. \"Depuis le lancement d'ewb.INTERNET et d'ewb.TV en 2015, iWay est responsable de l'acc\u00e8s \u00e0 Internet et du support personnel des clients. La continuit\u00e9 des prestations est donc garantie pour les clientes et les clients\". Le CEO d'iWay, Markus Vetterli, ajoute : \"En reprenant les clients Internet et TV d'ewb, nous pouvons \u00e9largir notre base de clients \u00e0 Berne. En contrepartie, le passage \u00e0 iWay n'entra\u00eene aucune d\u00e9pense suppl\u00e9mentaire pour les clientes et les clients\". Ceux qui acceptent la migration se verront offrir un mois d'abonnement par ewb et par iWay\". Le changement aura lieu le 4 octobre 2023.<\/p>\n<p>iWay navigue actuellement sur une vague de succ\u00e8s. Ce n'est que r\u00e9cemment que la PME a \u00e9t\u00e9 class\u00e9e premi\u00e8re de sa cat\u00e9gorie dans trois cat\u00e9gories du classement des t\u00e9l\u00e9communications de \"Bilanz\". Ainsi, les lecteurs du magazine \u00e9conomique ont \u00e9lu cette ann\u00e9e l'entreprise meilleur fournisseur pour les particuliers et les entreprises dans la cat\u00e9gorie Cloud Services et meilleur fournisseur de t\u00e9l\u00e9vision pour les particuliers. En outre, iWay a pu se maintenir \u00e0 une excellente deuxi\u00e8me place sur le march\u00e9 tr\u00e8s disput\u00e9 des clients professionnels dans les cat\u00e9gories ISP &amp; Corporate Networks et Datacenter, rel\u00e9guant une fois de plus les concurrents du march\u00e9 \u00e0 la derni\u00e8re place.<\/p>\n<p><a href=\"http:\/\/www.iway.ch\"><em>Source et informations compl\u00e9mentaires<\/em><\/a><\/p>","protected":false},"excerpt":{"rendered":"<p>Le fournisseur d'acc\u00e8s \u00e0 Internet iWay augmente sa part de march\u00e9 \u00e0 Berne en reprenant les clients Internet et TV d'ewb. Cette reprise s'inscrit dans le cadre de la concentration d'ewb sur son activit\u00e9 principale de pur fournisseur d'\u00e9nergie. <\/p>","protected":false},"author":4,"featured_media":21509,"comment_status":"closed","ping_status":"closed","sticky":false,"template":"","format":"standard","meta":{"_acf_changed":false,"_yoast_wpseo_focuskw":"TV-Kunden","_yoast_wpseo_metadesc":"Der Internet-Anbieter iWay baut seinen Marktanteil in Bern aus, indem er die Internet- und TV-Kunden von ewb \u00fcbernimmt.","articlekey":"","footnotes":""},"categories":[28],"tags":[479,492],"class_list":["post-21508","post","type-post","status-publish","format-standard","has-post-thumbnail","hentry","category-management","tag-telekommunikation","tag-unternehmen"],"acf":[],"yoast_head":"<!-- This site is optimized with the Yoast SEO plugin v27.5 - https:\/\/yoast.com\/product\/yoast-seo-wordpress\/ -->\n<title>iWay \u00fcbernimmt Internet- und TV-Kunden von ewb - Organisator<\/title>\n<meta name=\"description\" content=\"Der Internet-Anbieter iWay baut seinen Marktanteil in Bern aus, indem er die Internet- und TV-Kunden von ewb \u00fcbernimmt.\" \/>\n<meta name=\"robots\" content=\"index, follow, max-snippet:-1, max-image-preview:large, max-video-preview:-1\" \/>\n<link rel=\"canonical\" href=\"https:\/\/www.organisator.ch\/fr\/gestion-2\/2023-08-30\/iway-uebernimmt-internet-und-tv-kunden-von-ewb\/\" \/>\n<meta property=\"og:locale\" content=\"fr_FR\" \/>\n<meta property=\"og:type\" content=\"article\" \/>\n<meta property=\"og:title\" content=\"iWay \u00fcbernimmt Internet- und TV-Kunden von ewb\" \/>\n<meta property=\"og:description\" content=\"Der Internet-Anbieter iWay baut seinen Marktanteil in Bern aus, indem er die Internet- und TV-Kunden von ewb \u00fcbernimmt.\" \/>\n<meta property=\"og:url\" content=\"https:\/\/www.organisator.ch\/fr\/gestion-2\/2023-08-30\/iway-uebernimmt-internet-und-tv-kunden-von-ewb\/\" \/>\n<meta property=\"og:site_name\" content=\"Organisator\" \/>\n<meta property=\"article:publisher\" content=\"https:\/\/www.facebook.com\/OrganisatorFachmagazin\" \/>\n<meta property=\"article:published_time\" content=\"2023-08-30T09:21:56+00:00\" \/>\n<meta property=\"og:image\" content=\"https:\/\/www.organisator.ch\/wp-content\/uploads\/2023\/08\/iWay-uebernimmt-Internet-und-TV-Kunden-von-ewb_Organisator.jpg\" \/>\n\t<meta property=\"og:image:width\" content=\"680\" \/>\n\t<meta property=\"og:image:height\" content=\"453\" \/>\n\t<meta property=\"og:image:type\" content=\"image\/jpeg\" \/>\n<meta name=\"author\" content=\"thomas.berner\" \/>\n<meta name=\"twitter:card\" content=\"summary_large_image\" \/>\n<meta name=\"twitter:title\" content=\"#iWay \u00fcbernimmt Internet- und #TV-Kunden von #ewb\" \/>\n<meta name=\"twitter:description\" content=\"Der Internet-Anbieter #iWay baut seinen Marktanteil in Bern aus, indem er die Internet- und #TV-Kunden von #ewb \u00fcbernimmt.\" \/>\n<meta name=\"twitter:image\" content=\"https:\/\/www.organisator.ch\/wp-content\/uploads\/2023\/08\/iWay-uebernimmt-Internet-und-TV-Kunden-von-ewb_Organisator.jpg\" \/>\n<script type=\"application\/ld+json\" class=\"yoast-schema-graph\">{\"@context\":\"https:\\\/\\\/schema.org\",\"@graph\":[{\"@type\":\"Article\",\"@id\":\"https:\\\/\\\/www.organisator.ch\\\/management\\\/2023-08-30\\\/iway-uebernimmt-internet-und-tv-kunden-von-ewb\\\/#article\",\"isPartOf\":{\"@id\":\"https:\\\/\\\/www.organisator.ch\\\/management\\\/2023-08-30\\\/iway-uebernimmt-internet-und-tv-kunden-von-ewb\\\/\"},\"author\":{\"name\":\"thomas.berner\",\"@id\":\"https:\\\/\\\/www.organisator.ch\\\/#\\\/schema\\\/person\\\/6f650f90b2842cd4c0cc334b4e36f67e\"},\"headline\":\"iWay \u00fcbernimmt Internet- und TV-Kunden von ewb\",\"datePublished\":\"2023-08-30T09:21:56+00:00\",\"mainEntityOfPage\":{\"@id\":\"https:\\\/\\\/www.organisator.ch\\\/management\\\/2023-08-30\\\/iway-uebernimmt-internet-und-tv-kunden-von-ewb\\\/\"},\"wordCount\":304,\"publisher\":{\"@id\":\"https:\\\/\\\/www.organisator.ch\\\/#organization\"},\"image\":{\"@id\":\"https:\\\/\\\/www.organisator.ch\\\/management\\\/2023-08-30\\\/iway-uebernimmt-internet-und-tv-kunden-von-ewb\\\/#primaryimage\"},\"thumbnailUrl\":\"https:\\\/\\\/www.organisator.ch\\\/wp-content\\\/uploads\\\/2023\\\/08\\\/iWay-uebernimmt-Internet-und-TV-Kunden-von-ewb_Organisator.jpg\",\"keywords\":[\"Telekommunikation\",\"Unternehmen\"],\"articleSection\":[\"MANAGEMENT\"],\"inLanguage\":\"fr-FR\"},{\"@type\":\"WebPage\",\"@id\":\"https:\\\/\\\/www.organisator.ch\\\/management\\\/2023-08-30\\\/iway-uebernimmt-internet-und-tv-kunden-von-ewb\\\/\",\"url\":\"https:\\\/\\\/www.organisator.ch\\\/management\\\/2023-08-30\\\/iway-uebernimmt-internet-und-tv-kunden-von-ewb\\\/\",\"name\":\"iWay \u00fcbernimmt Internet- und TV-Kunden von ewb - Organisator\",\"isPartOf\":{\"@id\":\"https:\\\/\\\/www.organisator.ch\\\/#website\"},\"primaryImageOfPage\":{\"@id\":\"https:\\\/\\\/www.organisator.ch\\\/management\\\/2023-08-30\\\/iway-uebernimmt-internet-und-tv-kunden-von-ewb\\\/#primaryimage\"},\"image\":{\"@id\":\"https:\\\/\\\/www.organisator.ch\\\/management\\\/2023-08-30\\\/iway-uebernimmt-internet-und-tv-kunden-von-ewb\\\/#primaryimage\"},\"thumbnailUrl\":\"https:\\\/\\\/www.organisator.ch\\\/wp-content\\\/uploads\\\/2023\\\/08\\\/iWay-uebernimmt-Internet-und-TV-Kunden-von-ewb_Organisator.jpg\",\"datePublished\":\"2023-08-30T09:21:56+00:00\",\"description\":\"Der Internet-Anbieter iWay baut seinen Marktanteil in Bern aus, indem er die Internet- und TV-Kunden von ewb \u00fcbernimmt.\",\"breadcrumb\":{\"@id\":\"https:\\\/\\\/www.organisator.ch\\\/management\\\/2023-08-30\\\/iway-uebernimmt-internet-und-tv-kunden-von-ewb\\\/#breadcrumb\"},\"inLanguage\":\"fr-FR\",\"potentialAction\":[{\"@type\":\"ReadAction\",\"target\":[\"https:\\\/\\\/www.organisator.ch\\\/management\\\/2023-08-30\\\/iway-uebernimmt-internet-und-tv-kunden-von-ewb\\\/\"]}]},{\"@type\":\"ImageObject\",\"inLanguage\":\"fr-FR\",\"@id\":\"https:\\\/\\\/www.organisator.ch\\\/management\\\/2023-08-30\\\/iway-uebernimmt-internet-und-tv-kunden-von-ewb\\\/#primaryimage\",\"url\":\"https:\\\/\\\/www.organisator.ch\\\/wp-content\\\/uploads\\\/2023\\\/08\\\/iWay-uebernimmt-Internet-und-TV-Kunden-von-ewb_Organisator.jpg\",\"contentUrl\":\"https:\\\/\\\/www.organisator.ch\\\/wp-content\\\/uploads\\\/2023\\\/08\\\/iWay-uebernimmt-Internet-und-TV-Kunden-von-ewb_Organisator.jpg\",\"width\":680,\"height\":453,\"caption\":\"Der Internet-Anbieter iWay \u00fcbernimmt von Energie Wasser Bern (ewb) s\u00e4mtliche Internet- und TV-Kunden. (Symbolbild; Unsplash.com)\"},{\"@type\":\"BreadcrumbList\",\"@id\":\"https:\\\/\\\/www.organisator.ch\\\/management\\\/2023-08-30\\\/iway-uebernimmt-internet-und-tv-kunden-von-ewb\\\/#breadcrumb\",\"itemListElement\":[{\"@type\":\"ListItem\",\"position\":1,\"name\":\"Home\",\"item\":\"https:\\\/\\\/www.organisator.ch\\\/\"},{\"@type\":\"ListItem\",\"position\":2,\"name\":\"iWay \u00fcbernimmt Internet- und TV-Kunden von ewb\"}]},{\"@type\":\"WebSite\",\"@id\":\"https:\\\/\\\/www.organisator.ch\\\/#website\",\"url\":\"https:\\\/\\\/www.organisator.ch\\\/\",\"name\":\"Organisator\",\"description\":\"Kompetent. Praxisnah. Der ORGANISATOR bereitet in 10 Ausgaben pro Jahr die wesentlichen Themen f\u00fcr F\u00fchrungskr\u00e4fte von KMU auf.\",\"publisher\":{\"@id\":\"https:\\\/\\\/www.organisator.ch\\\/#organization\"},\"potentialAction\":[{\"@type\":\"SearchAction\",\"target\":{\"@type\":\"EntryPoint\",\"urlTemplate\":\"https:\\\/\\\/www.organisator.ch\\\/?s={search_term_string}\"},\"query-input\":{\"@type\":\"PropertyValueSpecification\",\"valueRequired\":true,\"valueName\":\"search_term_string\"}}],\"inLanguage\":\"fr-FR\"},{\"@type\":\"Organization\",\"@id\":\"https:\\\/\\\/www.organisator.ch\\\/#organization\",\"name\":\"Organisator\",\"url\":\"https:\\\/\\\/www.organisator.ch\\\/\",\"logo\":{\"@type\":\"ImageObject\",\"inLanguage\":\"fr-FR\",\"@id\":\"https:\\\/\\\/www.organisator.ch\\\/#\\\/schema\\\/logo\\\/image\\\/\",\"url\":\"https:\\\/\\\/www.organisator.ch\\\/wp-content\\\/uploads\\\/2022\\\/01\\\/Logo_Organisator_Website.png\",\"contentUrl\":\"https:\\\/\\\/www.organisator.ch\\\/wp-content\\\/uploads\\\/2022\\\/01\\\/Logo_Organisator_Website.png\",\"width\":800,\"height\":77,\"caption\":\"Organisator\"},\"image\":{\"@id\":\"https:\\\/\\\/www.organisator.ch\\\/#\\\/schema\\\/logo\\\/image\\\/\"},\"sameAs\":[\"https:\\\/\\\/www.facebook.com\\\/OrganisatorFachmagazin\",\"https:\\\/\\\/www.linkedin.com\\\/showcase\\\/organisator-das-magazin-fr-kmu\",\"https:\\\/\\\/www.xing.com\\\/news\\\/pages\\\/organisator-ch-695\",\"https:\\\/\\\/www.youtube.com\\\/channel\\\/UCGP2Sq0iWaZwT3BdIAQFYpw\"]},{\"@type\":\"Person\",\"@id\":\"https:\\\/\\\/www.organisator.ch\\\/#\\\/schema\\\/person\\\/6f650f90b2842cd4c0cc334b4e36f67e\",\"name\":\"thomas.berner\",\"image\":{\"@type\":\"ImageObject\",\"inLanguage\":\"fr-FR\",\"@id\":\"https:\\\/\\\/secure.gravatar.com\\\/avatar\\\/ac5001d2a36cb6c6cd3e50789007ffca834b477b74a2144564522e944eabff61?s=96&d=mm&r=g\",\"url\":\"https:\\\/\\\/secure.gravatar.com\\\/avatar\\\/ac5001d2a36cb6c6cd3e50789007ffca834b477b74a2144564522e944eabff61?s=96&d=mm&r=g\",\"contentUrl\":\"https:\\\/\\\/secure.gravatar.com\\\/avatar\\\/ac5001d2a36cb6c6cd3e50789007ffca834b477b74a2144564522e944eabff61?s=96&d=mm&r=g\",\"caption\":\"thomas.berner\"},\"url\":\"https:\\\/\\\/www.organisator.ch\\\/fr\\\/author\\\/thomas-berner\\\/\"}]}<\/script>\n<!-- \/ Yoast SEO plugin. -->","yoast_head_json":{"title":"iWay reprend les clients Internet et TV d'ewb - Organisateur","description":"Le fournisseur d'acc\u00e8s \u00e0 Internet iWay augmente sa part de march\u00e9 \u00e0 Berne en reprenant les clients Internet et TV d'ewb.","robots":{"index":"index","follow":"follow","max-snippet":"max-snippet:-1","max-image-preview":"max-image-preview:large","max-video-preview":"max-video-preview:-1"},"canonical":"https:\/\/www.organisator.ch\/fr\/gestion-2\/2023-08-30\/iway-uebernimmt-internet-und-tv-kunden-von-ewb\/","og_locale":"fr_FR","og_type":"article","og_title":"iWay \u00fcbernimmt Internet- und TV-Kunden von ewb","og_description":"Der Internet-Anbieter iWay baut seinen Marktanteil in Bern aus, indem er die Internet- und TV-Kunden von ewb \u00fcbernimmt.","og_url":"https:\/\/www.organisator.ch\/fr\/gestion-2\/2023-08-30\/iway-uebernimmt-internet-und-tv-kunden-von-ewb\/","og_site_name":"Organisator","article_publisher":"https:\/\/www.facebook.com\/OrganisatorFachmagazin","article_published_time":"2023-08-30T09:21:56+00:00","og_image":[{"width":680,"height":453,"url":"https:\/\/www.organisator.ch\/wp-content\/uploads\/2023\/08\/iWay-uebernimmt-Internet-und-TV-Kunden-von-ewb_Organisator.jpg","type":"image\/jpeg"}],"author":"thomas.berner","twitter_card":"summary_large_image","twitter_title":"#iWay \u00fcbernimmt Internet- und #TV-Kunden von #ewb","twitter_description":"Der Internet-Anbieter #iWay baut seinen Marktanteil in Bern aus, indem er die Internet- und #TV-Kunden von #ewb \u00fcbernimmt.","twitter_image":"https:\/\/www.organisator.ch\/wp-content\/uploads\/2023\/08\/iWay-uebernimmt-Internet-und-TV-Kunden-von-ewb_Organisator.jpg","schema":{"@context":"https:\/\/schema.org","@graph":[{"@type":"Article","@id":"https:\/\/www.organisator.ch\/management\/2023-08-30\/iway-uebernimmt-internet-und-tv-kunden-von-ewb\/#article","isPartOf":{"@id":"https:\/\/www.organisator.ch\/management\/2023-08-30\/iway-uebernimmt-internet-und-tv-kunden-von-ewb\/"},"author":{"name":"thomas.berner","@id":"https:\/\/www.organisator.ch\/#\/schema\/person\/6f650f90b2842cd4c0cc334b4e36f67e"},"headline":"iWay \u00fcbernimmt Internet- und TV-Kunden von ewb","datePublished":"2023-08-30T09:21:56+00:00","mainEntityOfPage":{"@id":"https:\/\/www.organisator.ch\/management\/2023-08-30\/iway-uebernimmt-internet-und-tv-kunden-von-ewb\/"},"wordCount":304,"publisher":{"@id":"https:\/\/www.organisator.ch\/#organization"},"image":{"@id":"https:\/\/www.organisator.ch\/management\/2023-08-30\/iway-uebernimmt-internet-und-tv-kunden-von-ewb\/#primaryimage"},"thumbnailUrl":"https:\/\/www.organisator.ch\/wp-content\/uploads\/2023\/08\/iWay-uebernimmt-Internet-und-TV-Kunden-von-ewb_Organisator.jpg","keywords":["Telekommunikation","Unternehmen"],"articleSection":["MANAGEMENT"],"inLanguage":"fr-FR"},{"@type":"WebPage","@id":"https:\/\/www.organisator.ch\/management\/2023-08-30\/iway-uebernimmt-internet-und-tv-kunden-von-ewb\/","url":"https:\/\/www.organisator.ch\/management\/2023-08-30\/iway-uebernimmt-internet-und-tv-kunden-von-ewb\/","name":"iWay reprend les clients Internet et TV d'ewb - Organisateur","isPartOf":{"@id":"https:\/\/www.organisator.ch\/#website"},"primaryImageOfPage":{"@id":"https:\/\/www.organisator.ch\/management\/2023-08-30\/iway-uebernimmt-internet-und-tv-kunden-von-ewb\/#primaryimage"},"image":{"@id":"https:\/\/www.organisator.ch\/management\/2023-08-30\/iway-uebernimmt-internet-und-tv-kunden-von-ewb\/#primaryimage"},"thumbnailUrl":"https:\/\/www.organisator.ch\/wp-content\/uploads\/2023\/08\/iWay-uebernimmt-Internet-und-TV-Kunden-von-ewb_Organisator.jpg","datePublished":"2023-08-30T09:21:56+00:00","description":"Le fournisseur d'acc\u00e8s \u00e0 Internet iWay augmente sa part de march\u00e9 \u00e0 Berne en reprenant les clients Internet et TV d'ewb.","breadcrumb":{"@id":"https:\/\/www.organisator.ch\/management\/2023-08-30\/iway-uebernimmt-internet-und-tv-kunden-von-ewb\/#breadcrumb"},"inLanguage":"fr-FR","potentialAction":[{"@type":"ReadAction","target":["https:\/\/www.organisator.ch\/management\/2023-08-30\/iway-uebernimmt-internet-und-tv-kunden-von-ewb\/"]}]},{"@type":"ImageObject","inLanguage":"fr-FR","@id":"https:\/\/www.organisator.ch\/management\/2023-08-30\/iway-uebernimmt-internet-und-tv-kunden-von-ewb\/#primaryimage","url":"https:\/\/www.organisator.ch\/wp-content\/uploads\/2023\/08\/iWay-uebernimmt-Internet-und-TV-Kunden-von-ewb_Organisator.jpg","contentUrl":"https:\/\/www.organisator.ch\/wp-content\/uploads\/2023\/08\/iWay-uebernimmt-Internet-und-TV-Kunden-von-ewb_Organisator.jpg","width":680,"height":453,"caption":"Der Internet-Anbieter iWay \u00fcbernimmt von Energie Wasser Bern (ewb) s\u00e4mtliche Internet- und TV-Kunden. (Symbolbild; Unsplash.com)"},{"@type":"BreadcrumbList","@id":"https:\/\/www.organisator.ch\/management\/2023-08-30\/iway-uebernimmt-internet-und-tv-kunden-von-ewb\/#breadcrumb","itemListElement":[{"@type":"ListItem","position":1,"name":"Home","item":"https:\/\/www.organisator.ch\/"},{"@type":"ListItem","position":2,"name":"iWay \u00fcbernimmt Internet- und TV-Kunden von ewb"}]},{"@type":"WebSite","@id":"https:\/\/www.organisator.ch\/#website","url":"https:\/\/www.organisator.ch\/","name":"Organisateur","description":"Comp\u00e9tence et comp\u00e9tence. Proches de la pratique. L'ORGANISATEUR pr\u00e9pare 10 num\u00e9ros par an sur les th\u00e8mes essentiels pour les dirigeants de PME.","publisher":{"@id":"https:\/\/www.organisator.ch\/#organization"},"potentialAction":[{"@type":"SearchAction","target":{"@type":"EntryPoint","urlTemplate":"https:\/\/www.organisator.ch\/?s={search_term_string}"},"query-input":{"@type":"PropertyValueSpecification","valueRequired":true,"valueName":"search_term_string"}}],"inLanguage":"fr-FR"},{"@type":"Organization","@id":"https:\/\/www.organisator.ch\/#organization","name":"Organisateur","url":"https:\/\/www.organisator.ch\/","logo":{"@type":"ImageObject","inLanguage":"fr-FR","@id":"https:\/\/www.organisator.ch\/#\/schema\/logo\/image\/","url":"https:\/\/www.organisator.ch\/wp-content\/uploads\/2022\/01\/Logo_Organisator_Website.png","contentUrl":"https:\/\/www.organisator.ch\/wp-content\/uploads\/2022\/01\/Logo_Organisator_Website.png","width":800,"height":77,"caption":"Organisator"},"image":{"@id":"https:\/\/www.organisator.ch\/#\/schema\/logo\/image\/"},"sameAs":["https:\/\/www.facebook.com\/OrganisatorFachmagazin","https:\/\/www.linkedin.com\/showcase\/organisator-das-magazin-fr-kmu","https:\/\/www.xing.com\/news\/pages\/organisator-ch-695","https:\/\/www.youtube.com\/channel\/UCGP2Sq0iWaZwT3BdIAQFYpw"]},{"@type":"Person","@id":"https:\/\/www.organisator.ch\/#\/schema\/person\/6f650f90b2842cd4c0cc334b4e36f67e","name":"thomas.berner","image":{"@type":"ImageObject","inLanguage":"fr-FR","@id":"https:\/\/secure.gravatar.com\/avatar\/ac5001d2a36cb6c6cd3e50789007ffca834b477b74a2144564522e944eabff61?s=96&d=mm&r=g","url":"https:\/\/secure.gravatar.com\/avatar\/ac5001d2a36cb6c6cd3e50789007ffca834b477b74a2144564522e944eabff61?s=96&d=mm&r=g","contentUrl":"https:\/\/secure.gravatar.com\/avatar\/ac5001d2a36cb6c6cd3e50789007ffca834b477b74a2144564522e944eabff61?s=96&d=mm&r=g","caption":"thomas.berner"},"url":"https:\/\/www.organisator.ch\/fr\/author\/thomas-berner\/"}]}},"_links":{"self":[{"href":"https:\/\/www.organisator.ch\/fr\/wp-json\/wp\/v2\/posts\/21508","targetHints":{"allow":["GET"]}}],"collection":[{"href":"https:\/\/www.organisator.ch\/fr\/wp-json\/wp\/v2\/posts"}],"about":[{"href":"https:\/\/www.organisator.ch\/fr\/wp-json\/wp\/v2\/types\/post"}],"author":[{"embeddable":true,"href":"https:\/\/www.organisator.ch\/fr\/wp-json\/wp\/v2\/users\/4"}],"replies":[{"embeddable":true,"href":"https:\/\/www.organisator.ch\/fr\/wp-json\/wp\/v2\/comments?post=21508"}],"version-history":[{"count":1,"href":"https:\/\/www.organisator.ch\/fr\/wp-json\/wp\/v2\/posts\/21508\/revisions"}],"predecessor-version":[{"id":21510,"href":"https:\/\/www.organisator.ch\/fr\/wp-json\/wp\/v2\/posts\/21508\/revisions\/21510"}],"wp:featuredmedia":[{"embeddable":true,"href":"https:\/\/www.organisator.ch\/fr\/wp-json\/wp\/v2\/media\/21509"}],"wp:attachment":[{"href":"https:\/\/www.organisator.ch\/fr\/wp-json\/wp\/v2\/media?parent=21508"}],"wp:term":[{"taxonomy":"category","embeddable":true,"href":"https:\/\/www.organisator.ch\/fr\/wp-json\/wp\/v2\/categories?post=21508"},{"taxonomy":"post_tag","embeddable":true,"href":"https:\/\/www.organisator.ch\/fr\/wp-json\/wp\/v2\/tags?post=21508"}],"curies":[{"name":"wp","href":"https:\/\/api.w.org\/{rel}","templated":true}]}}