{"id":21529,"date":"2023-08-31T08:20:08","date_gmt":"2023-08-31T06:20:08","guid":{"rendered":"https:\/\/www.m-q.ch\/?p=18453"},"modified":"2024-11-14T12:33:45","modified_gmt":"2024-11-14T11:33:45","slug":"sensibilisierungskampagne-zur-datensicherung-lanciert-2","status":"publish","type":"post","link":"https:\/\/www.organisator.ch\/fr\/operational-excellence\/2023-08-31\/sensibilisierungskampagne-zur-datensicherung-lanciert-2\/","title":{"rendered":"Lancement d'une campagne de sensibilisation sur la sauvegarde des donn\u00e9es"},"content":{"rendered":"<figure id=\"attachment_18454\" class=\"wp-caption alignnone\" style=\"width: 680px\" aria-describedby=\"caption-attachment-18454\"><img class=\"alignnone wp-image-18454 size-full\" src=\"https:\/\/www.m-q.ch\/wp-content\/uploads\/2023\/08\/Sensibilisierungskampagne-zur-Datensicherung-lanciert_MQ.jpg\" alt=\"Campagne de sensibilisation\" width=\"680\" height=\"232\" \/>\r\n<figcaption id=\"caption-attachment-18454\" class=\"wp-caption-text\">Voici \u00e0 quoi ressemble la campagne de sensibilisation pour plus de sauvegardes. (Image : S-U-P-E-R.ch)<\/figcaption>\r\n<\/figure>\r\n<p>Les vacances d'\u00e9t\u00e9 sont termin\u00e9es. De nombreuses photos rappellent les bons moments et les nouvelles connaissances. Mais lorsque des photos, des contacts ou d'autres donn\u00e9es importantes sont perdus, beaucoup r\u00e9alisent seulement l'importance des sauvegardes. Mais c'est malheureusement trop tard. C'est pourquoi la campagne de sensibilisation S-U-P-E-R.ch met actuellement l'accent sur le \"S\" comme \"Sauvegarder.<\/p>\r\n<h3>Des sauvegardes pour une meilleure cybers\u00e9curit\u00e9<\/h3>\r\n<p>Les sauvegardes ne prot\u00e8gent pas seulement les donn\u00e9es contre la perte due \u00e0 des appareils cass\u00e9s ou au vol, elles constituent \u00e9galement un soutien important en cas de cyberattaques et de tentatives de chantage. Celui qui peut acc\u00e9der \u00e0 ses donn\u00e9es sauvegard\u00e9es est moins expos\u00e9 au chantage des cybercriminels en cas de cryptage des donn\u00e9es. Les sauvegardes de donn\u00e9es sont donc une \u00e9tape importante pour une meilleure cybers\u00e9curit\u00e9. Les sauvegardes devraient en outre \u00eatre s\u00e9par\u00e9es du r\u00e9seau et conserv\u00e9es en toute s\u00e9curit\u00e9, afin que les pirates ne puissent pas en plus crypter les sauvegardes. Les sauvegardes de donn\u00e9es devraient \u00eatre effectu\u00e9es r\u00e9guli\u00e8rement et int\u00e9gr\u00e9es dans la vie quotidienne. Cela vaut pour les entreprises, les organisations et les particuliers. Les personnes int\u00e9ress\u00e9es trouveront des informations sur la mani\u00e8re de proc\u00e9der sur le site Internet de la campagne S-U-P-E-R.ch<\/p>\r\n<h3>Campagne nationale de sensibilisation \u00e0 la sauvegarde des donn\u00e9es<\/h3>\r\n<p>A partir du 1er septembre, le NCSC, la PSC et les corps de police cantonaux et municipaux, avec le soutien d'iBarry et d'EBAS, sensibilisent la population suisse \u00e0 l'importance de la sauvegarde des donn\u00e9es. Sur les supports de communication, un texte qui dispara\u00eet lentement permet de visualiser une \u00e9ventuelle perte de donn\u00e9es, accompagn\u00e9e d'une invitation \u00e0 effectuer une sauvegarde \u00e0 temps. Sur le site web de la campagne <a href=\"http:\/\/www.s-u-p-e-r.ch\/\">S-U-P-E-R.ch<\/a> des vid\u00e9os d'apprentissage transmettent les informations les plus importantes. Avec les connaissances acquises et un peu de chance, on ne gagne pas seulement plus de cybers\u00e9curit\u00e9, mais aussi un prix de concours. La campagne dure jusqu'au 30 septembre 2023.\u00a0<\/p>\n<p class=\"syndicated-attribution\">Cet article est paru initialement sur m-q.ch - <a href=\"https:\/\/www.m-q.ch\/de\/sensibilisierungskampagne-zur-datensicherung-lanciert\/\" target=\"_blank\">https:\/\/www.m-q.ch\/de\/sensibilisierungskampagne-zur-datensicherung-lanciert\/<\/a><\/p>","protected":false},"excerpt":{"rendered":"<p>Le Centre national de cybers\u00e9curit\u00e9 (NCSC), la Pr\u00e9vention suisse de la criminalit\u00e9 (PSC) et les corps de police cantonaux et municipaux lancent en septembre une campagne nationale de sensibilisation \u00e0 l'importance de la sauvegarde des donn\u00e9es. La campagne est soutenue par la plate-forme pour la s\u00e9curit\u00e9 sur Internet iBarry et \"eBanking - en toute s\u00e9curit\u00e9 !\" (EBAS).<\/p>","protected":false},"author":8,"featured_media":0,"comment_status":"closed","ping_status":"closed","sticky":false,"template":"","format":"standard","meta":{"_acf_changed":false,"_yoast_wpseo_focuskw":"Sensibilisierungskampagne","_yoast_wpseo_metadesc":"Sichern von Daten: Nationale Kampagne in der Schweiz f\u00f6rdert Backups f\u00fcr mehr Cybersicherheit und Schutz vor Datenverlust.","articlekey":"","footnotes":""},"categories":[582],"tags":[3914],"class_list":["post-21529","post","type-post","status-publish","format-standard","hentry","category-operational-excellence","tag-behoerden"],"acf":[],"yoast_head":"<!-- This site is optimized with the Yoast SEO plugin v27.5 - https:\/\/yoast.com\/product\/yoast-seo-wordpress\/ -->\n<title>Sensibilisierungskampagne zur Datensicherung lanciert - Organisator<\/title>\n<meta name=\"description\" content=\"Sichern von Daten: Nationale Kampagne in der Schweiz f\u00f6rdert Backups f\u00fcr mehr Cybersicherheit und Schutz vor Datenverlust.\" \/>\n<meta name=\"robots\" content=\"index, follow, max-snippet:-1, max-image-preview:large, max-video-preview:-1\" \/>\n<link rel=\"canonical\" href=\"https:\/\/www.organisator.ch\/fr\/excellence-operationnelle\/2023-08-31\/sensibilisierungskampagne-zur-datensicherung-lanciert-2\/\" \/>\n<meta property=\"og:locale\" content=\"fr_FR\" \/>\n<meta property=\"og:type\" content=\"article\" \/>\n<meta property=\"og:title\" content=\"Sensibilisierungskampagne zur Datensicherung lanciert - Organisator\" \/>\n<meta property=\"og:description\" content=\"Sichern von Daten: Nationale Kampagne in der Schweiz f\u00f6rdert Backups f\u00fcr mehr Cybersicherheit und Schutz vor Datenverlust.\" \/>\n<meta property=\"og:url\" content=\"https:\/\/www.organisator.ch\/fr\/excellence-operationnelle\/2023-08-31\/sensibilisierungskampagne-zur-datensicherung-lanciert-2\/\" \/>\n<meta property=\"og:site_name\" content=\"Organisator\" \/>\n<meta property=\"article:publisher\" content=\"https:\/\/www.facebook.com\/OrganisatorFachmagazin\" \/>\n<meta property=\"article:published_time\" content=\"2023-08-31T06:20:08+00:00\" \/>\n<meta property=\"article:modified_time\" content=\"2024-11-14T11:33:45+00:00\" \/>\n<meta name=\"author\" content=\"galledia\" \/>\n<meta name=\"twitter:card\" content=\"summary_large_image\" \/>\n<meta name=\"twitter:creator\" content=\"@admin\" \/>\n<script type=\"application\/ld+json\" class=\"yoast-schema-graph\">{\"@context\":\"https:\\\/\\\/schema.org\",\"@graph\":[{\"@type\":\"Article\",\"@id\":\"https:\\\/\\\/www.organisator.ch\\\/operational-excellence\\\/2023-08-31\\\/sensibilisierungskampagne-zur-datensicherung-lanciert-2\\\/#article\",\"isPartOf\":{\"@id\":\"https:\\\/\\\/www.organisator.ch\\\/operational-excellence\\\/2023-08-31\\\/sensibilisierungskampagne-zur-datensicherung-lanciert-2\\\/\"},\"author\":{\"name\":\"galledia\",\"@id\":\"https:\\\/\\\/www.organisator.ch\\\/#\\\/schema\\\/person\\\/4e51799071cd2dd1232ac003643ef5f0\"},\"headline\":\"Sensibilisierungskampagne zur Datensicherung lanciert\",\"datePublished\":\"2023-08-31T06:20:08+00:00\",\"dateModified\":\"2024-11-14T11:33:45+00:00\",\"mainEntityOfPage\":{\"@id\":\"https:\\\/\\\/www.organisator.ch\\\/operational-excellence\\\/2023-08-31\\\/sensibilisierungskampagne-zur-datensicherung-lanciert-2\\\/\"},\"wordCount\":276,\"publisher\":{\"@id\":\"https:\\\/\\\/www.organisator.ch\\\/#organization\"},\"image\":{\"@id\":\"https:\\\/\\\/www.organisator.ch\\\/operational-excellence\\\/2023-08-31\\\/sensibilisierungskampagne-zur-datensicherung-lanciert-2\\\/#primaryimage\"},\"thumbnailUrl\":\"https:\\\/\\\/www.m-q.ch\\\/wp-content\\\/uploads\\\/2023\\\/08\\\/Sensibilisierungskampagne-zur-Datensicherung-lanciert_MQ.jpg\",\"keywords\":[\"Beh\u00f6rden\"],\"articleSection\":[\"OPERATIONAL EXCELLENCE\"],\"inLanguage\":\"fr-FR\"},{\"@type\":\"WebPage\",\"@id\":\"https:\\\/\\\/www.organisator.ch\\\/operational-excellence\\\/2023-08-31\\\/sensibilisierungskampagne-zur-datensicherung-lanciert-2\\\/\",\"url\":\"https:\\\/\\\/www.organisator.ch\\\/operational-excellence\\\/2023-08-31\\\/sensibilisierungskampagne-zur-datensicherung-lanciert-2\\\/\",\"name\":\"Sensibilisierungskampagne zur Datensicherung lanciert - Organisator\",\"isPartOf\":{\"@id\":\"https:\\\/\\\/www.organisator.ch\\\/#website\"},\"primaryImageOfPage\":{\"@id\":\"https:\\\/\\\/www.organisator.ch\\\/operational-excellence\\\/2023-08-31\\\/sensibilisierungskampagne-zur-datensicherung-lanciert-2\\\/#primaryimage\"},\"image\":{\"@id\":\"https:\\\/\\\/www.organisator.ch\\\/operational-excellence\\\/2023-08-31\\\/sensibilisierungskampagne-zur-datensicherung-lanciert-2\\\/#primaryimage\"},\"thumbnailUrl\":\"https:\\\/\\\/www.m-q.ch\\\/wp-content\\\/uploads\\\/2023\\\/08\\\/Sensibilisierungskampagne-zur-Datensicherung-lanciert_MQ.jpg\",\"datePublished\":\"2023-08-31T06:20:08+00:00\",\"dateModified\":\"2024-11-14T11:33:45+00:00\",\"description\":\"Sichern von Daten: Nationale Kampagne in der Schweiz f\u00f6rdert Backups f\u00fcr mehr Cybersicherheit und Schutz vor Datenverlust.\",\"breadcrumb\":{\"@id\":\"https:\\\/\\\/www.organisator.ch\\\/operational-excellence\\\/2023-08-31\\\/sensibilisierungskampagne-zur-datensicherung-lanciert-2\\\/#breadcrumb\"},\"inLanguage\":\"fr-FR\",\"potentialAction\":[{\"@type\":\"ReadAction\",\"target\":[\"https:\\\/\\\/www.organisator.ch\\\/operational-excellence\\\/2023-08-31\\\/sensibilisierungskampagne-zur-datensicherung-lanciert-2\\\/\"]}]},{\"@type\":\"ImageObject\",\"inLanguage\":\"fr-FR\",\"@id\":\"https:\\\/\\\/www.organisator.ch\\\/operational-excellence\\\/2023-08-31\\\/sensibilisierungskampagne-zur-datensicherung-lanciert-2\\\/#primaryimage\",\"url\":\"https:\\\/\\\/www.m-q.ch\\\/wp-content\\\/uploads\\\/2023\\\/08\\\/Sensibilisierungskampagne-zur-Datensicherung-lanciert_MQ.jpg\",\"contentUrl\":\"https:\\\/\\\/www.m-q.ch\\\/wp-content\\\/uploads\\\/2023\\\/08\\\/Sensibilisierungskampagne-zur-Datensicherung-lanciert_MQ.jpg\"},{\"@type\":\"BreadcrumbList\",\"@id\":\"https:\\\/\\\/www.organisator.ch\\\/operational-excellence\\\/2023-08-31\\\/sensibilisierungskampagne-zur-datensicherung-lanciert-2\\\/#breadcrumb\",\"itemListElement\":[{\"@type\":\"ListItem\",\"position\":1,\"name\":\"Home\",\"item\":\"https:\\\/\\\/www.organisator.ch\\\/\"},{\"@type\":\"ListItem\",\"position\":2,\"name\":\"Sensibilisierungskampagne zur Datensicherung lanciert\"}]},{\"@type\":\"WebSite\",\"@id\":\"https:\\\/\\\/www.organisator.ch\\\/#website\",\"url\":\"https:\\\/\\\/www.organisator.ch\\\/\",\"name\":\"Organisator\",\"description\":\"Kompetent. Praxisnah. Der ORGANISATOR bereitet in 10 Ausgaben pro Jahr die wesentlichen Themen f\u00fcr F\u00fchrungskr\u00e4fte von KMU auf.\",\"publisher\":{\"@id\":\"https:\\\/\\\/www.organisator.ch\\\/#organization\"},\"potentialAction\":[{\"@type\":\"SearchAction\",\"target\":{\"@type\":\"EntryPoint\",\"urlTemplate\":\"https:\\\/\\\/www.organisator.ch\\\/?s={search_term_string}\"},\"query-input\":{\"@type\":\"PropertyValueSpecification\",\"valueRequired\":true,\"valueName\":\"search_term_string\"}}],\"inLanguage\":\"fr-FR\"},{\"@type\":\"Organization\",\"@id\":\"https:\\\/\\\/www.organisator.ch\\\/#organization\",\"name\":\"Organisator\",\"url\":\"https:\\\/\\\/www.organisator.ch\\\/\",\"logo\":{\"@type\":\"ImageObject\",\"inLanguage\":\"fr-FR\",\"@id\":\"https:\\\/\\\/www.organisator.ch\\\/#\\\/schema\\\/logo\\\/image\\\/\",\"url\":\"https:\\\/\\\/www.organisator.ch\\\/wp-content\\\/uploads\\\/2022\\\/01\\\/Logo_Organisator_Website.png\",\"contentUrl\":\"https:\\\/\\\/www.organisator.ch\\\/wp-content\\\/uploads\\\/2022\\\/01\\\/Logo_Organisator_Website.png\",\"width\":800,\"height\":77,\"caption\":\"Organisator\"},\"image\":{\"@id\":\"https:\\\/\\\/www.organisator.ch\\\/#\\\/schema\\\/logo\\\/image\\\/\"},\"sameAs\":[\"https:\\\/\\\/www.facebook.com\\\/OrganisatorFachmagazin\",\"https:\\\/\\\/www.linkedin.com\\\/showcase\\\/organisator-das-magazin-fr-kmu\",\"https:\\\/\\\/www.xing.com\\\/news\\\/pages\\\/organisator-ch-695\",\"https:\\\/\\\/www.youtube.com\\\/channel\\\/UCGP2Sq0iWaZwT3BdIAQFYpw\"]},{\"@type\":\"Person\",\"@id\":\"https:\\\/\\\/www.organisator.ch\\\/#\\\/schema\\\/person\\\/4e51799071cd2dd1232ac003643ef5f0\",\"name\":\"galledia\",\"image\":{\"@type\":\"ImageObject\",\"inLanguage\":\"fr-FR\",\"@id\":\"https:\\\/\\\/secure.gravatar.com\\\/avatar\\\/78a7f90c01fc2bfc875782a0d4922b37cde2cf184ce347b91316d23cd7f69a36?s=96&d=mm&r=g\",\"url\":\"https:\\\/\\\/secure.gravatar.com\\\/avatar\\\/78a7f90c01fc2bfc875782a0d4922b37cde2cf184ce347b91316d23cd7f69a36?s=96&d=mm&r=g\",\"contentUrl\":\"https:\\\/\\\/secure.gravatar.com\\\/avatar\\\/78a7f90c01fc2bfc875782a0d4922b37cde2cf184ce347b91316d23cd7f69a36?s=96&d=mm&r=g\",\"caption\":\"galledia\"},\"sameAs\":[\"https:\\\/\\\/x.com\\\/admin\"],\"url\":\"https:\\\/\\\/www.organisator.ch\\\/fr\\\/author\\\/galledia\\\/\"}]}<\/script>\n<!-- \/ Yoast SEO plugin. -->","yoast_head_json":{"title":"Lancement d'une campagne de sensibilisation sur la sauvegarde des donn\u00e9es - Organisateur","description":"Sauvegarde des donn\u00e9es : Une campagne nationale en Suisse promeut les sauvegardes pour une meilleure cybers\u00e9curit\u00e9 et une protection contre la perte de donn\u00e9es.","robots":{"index":"index","follow":"follow","max-snippet":"max-snippet:-1","max-image-preview":"max-image-preview:large","max-video-preview":"max-video-preview:-1"},"canonical":"https:\/\/www.organisator.ch\/fr\/excellence-operationnelle\/2023-08-31\/sensibilisierungskampagne-zur-datensicherung-lanciert-2\/","og_locale":"fr_FR","og_type":"article","og_title":"Sensibilisierungskampagne zur Datensicherung lanciert - Organisator","og_description":"Sichern von Daten: Nationale Kampagne in der Schweiz f\u00f6rdert Backups f\u00fcr mehr Cybersicherheit und Schutz vor Datenverlust.","og_url":"https:\/\/www.organisator.ch\/fr\/excellence-operationnelle\/2023-08-31\/sensibilisierungskampagne-zur-datensicherung-lanciert-2\/","og_site_name":"Organisator","article_publisher":"https:\/\/www.facebook.com\/OrganisatorFachmagazin","article_published_time":"2023-08-31T06:20:08+00:00","article_modified_time":"2024-11-14T11:33:45+00:00","author":"galledia","twitter_card":"summary_large_image","twitter_creator":"@admin","schema":{"@context":"https:\/\/schema.org","@graph":[{"@type":"Article","@id":"https:\/\/www.organisator.ch\/operational-excellence\/2023-08-31\/sensibilisierungskampagne-zur-datensicherung-lanciert-2\/#article","isPartOf":{"@id":"https:\/\/www.organisator.ch\/operational-excellence\/2023-08-31\/sensibilisierungskampagne-zur-datensicherung-lanciert-2\/"},"author":{"name":"galledia","@id":"https:\/\/www.organisator.ch\/#\/schema\/person\/4e51799071cd2dd1232ac003643ef5f0"},"headline":"Sensibilisierungskampagne zur Datensicherung lanciert","datePublished":"2023-08-31T06:20:08+00:00","dateModified":"2024-11-14T11:33:45+00:00","mainEntityOfPage":{"@id":"https:\/\/www.organisator.ch\/operational-excellence\/2023-08-31\/sensibilisierungskampagne-zur-datensicherung-lanciert-2\/"},"wordCount":276,"publisher":{"@id":"https:\/\/www.organisator.ch\/#organization"},"image":{"@id":"https:\/\/www.organisator.ch\/operational-excellence\/2023-08-31\/sensibilisierungskampagne-zur-datensicherung-lanciert-2\/#primaryimage"},"thumbnailUrl":"https:\/\/www.m-q.ch\/wp-content\/uploads\/2023\/08\/Sensibilisierungskampagne-zur-Datensicherung-lanciert_MQ.jpg","keywords":["Beh\u00f6rden"],"articleSection":["OPERATIONAL EXCELLENCE"],"inLanguage":"fr-FR"},{"@type":"WebPage","@id":"https:\/\/www.organisator.ch\/operational-excellence\/2023-08-31\/sensibilisierungskampagne-zur-datensicherung-lanciert-2\/","url":"https:\/\/www.organisator.ch\/operational-excellence\/2023-08-31\/sensibilisierungskampagne-zur-datensicherung-lanciert-2\/","name":"Lancement d'une campagne de sensibilisation sur la sauvegarde des donn\u00e9es - Organisateur","isPartOf":{"@id":"https:\/\/www.organisator.ch\/#website"},"primaryImageOfPage":{"@id":"https:\/\/www.organisator.ch\/operational-excellence\/2023-08-31\/sensibilisierungskampagne-zur-datensicherung-lanciert-2\/#primaryimage"},"image":{"@id":"https:\/\/www.organisator.ch\/operational-excellence\/2023-08-31\/sensibilisierungskampagne-zur-datensicherung-lanciert-2\/#primaryimage"},"thumbnailUrl":"https:\/\/www.m-q.ch\/wp-content\/uploads\/2023\/08\/Sensibilisierungskampagne-zur-Datensicherung-lanciert_MQ.jpg","datePublished":"2023-08-31T06:20:08+00:00","dateModified":"2024-11-14T11:33:45+00:00","description":"Sauvegarde des donn\u00e9es : Une campagne nationale en Suisse promeut les sauvegardes pour une meilleure cybers\u00e9curit\u00e9 et une protection contre la perte de donn\u00e9es.","breadcrumb":{"@id":"https:\/\/www.organisator.ch\/operational-excellence\/2023-08-31\/sensibilisierungskampagne-zur-datensicherung-lanciert-2\/#breadcrumb"},"inLanguage":"fr-FR","potentialAction":[{"@type":"ReadAction","target":["https:\/\/www.organisator.ch\/operational-excellence\/2023-08-31\/sensibilisierungskampagne-zur-datensicherung-lanciert-2\/"]}]},{"@type":"ImageObject","inLanguage":"fr-FR","@id":"https:\/\/www.organisator.ch\/operational-excellence\/2023-08-31\/sensibilisierungskampagne-zur-datensicherung-lanciert-2\/#primaryimage","url":"https:\/\/www.m-q.ch\/wp-content\/uploads\/2023\/08\/Sensibilisierungskampagne-zur-Datensicherung-lanciert_MQ.jpg","contentUrl":"https:\/\/www.m-q.ch\/wp-content\/uploads\/2023\/08\/Sensibilisierungskampagne-zur-Datensicherung-lanciert_MQ.jpg"},{"@type":"BreadcrumbList","@id":"https:\/\/www.organisator.ch\/operational-excellence\/2023-08-31\/sensibilisierungskampagne-zur-datensicherung-lanciert-2\/#breadcrumb","itemListElement":[{"@type":"ListItem","position":1,"name":"Home","item":"https:\/\/www.organisator.ch\/"},{"@type":"ListItem","position":2,"name":"Sensibilisierungskampagne zur Datensicherung lanciert"}]},{"@type":"WebSite","@id":"https:\/\/www.organisator.ch\/#website","url":"https:\/\/www.organisator.ch\/","name":"Organisateur","description":"Comp\u00e9tence et comp\u00e9tence. Proches de la pratique. L'ORGANISATEUR pr\u00e9pare 10 num\u00e9ros par an sur les th\u00e8mes essentiels pour les dirigeants de PME.","publisher":{"@id":"https:\/\/www.organisator.ch\/#organization"},"potentialAction":[{"@type":"SearchAction","target":{"@type":"EntryPoint","urlTemplate":"https:\/\/www.organisator.ch\/?s={search_term_string}"},"query-input":{"@type":"PropertyValueSpecification","valueRequired":true,"valueName":"search_term_string"}}],"inLanguage":"fr-FR"},{"@type":"Organization","@id":"https:\/\/www.organisator.ch\/#organization","name":"Organisateur","url":"https:\/\/www.organisator.ch\/","logo":{"@type":"ImageObject","inLanguage":"fr-FR","@id":"https:\/\/www.organisator.ch\/#\/schema\/logo\/image\/","url":"https:\/\/www.organisator.ch\/wp-content\/uploads\/2022\/01\/Logo_Organisator_Website.png","contentUrl":"https:\/\/www.organisator.ch\/wp-content\/uploads\/2022\/01\/Logo_Organisator_Website.png","width":800,"height":77,"caption":"Organisator"},"image":{"@id":"https:\/\/www.organisator.ch\/#\/schema\/logo\/image\/"},"sameAs":["https:\/\/www.facebook.com\/OrganisatorFachmagazin","https:\/\/www.linkedin.com\/showcase\/organisator-das-magazin-fr-kmu","https:\/\/www.xing.com\/news\/pages\/organisator-ch-695","https:\/\/www.youtube.com\/channel\/UCGP2Sq0iWaZwT3BdIAQFYpw"]},{"@type":"Person","@id":"https:\/\/www.organisator.ch\/#\/schema\/person\/4e51799071cd2dd1232ac003643ef5f0","name":"galledia","image":{"@type":"ImageObject","inLanguage":"fr-FR","@id":"https:\/\/secure.gravatar.com\/avatar\/78a7f90c01fc2bfc875782a0d4922b37cde2cf184ce347b91316d23cd7f69a36?s=96&d=mm&r=g","url":"https:\/\/secure.gravatar.com\/avatar\/78a7f90c01fc2bfc875782a0d4922b37cde2cf184ce347b91316d23cd7f69a36?s=96&d=mm&r=g","contentUrl":"https:\/\/secure.gravatar.com\/avatar\/78a7f90c01fc2bfc875782a0d4922b37cde2cf184ce347b91316d23cd7f69a36?s=96&d=mm&r=g","caption":"galledia"},"sameAs":["https:\/\/x.com\/admin"],"url":"https:\/\/www.organisator.ch\/fr\/author\/galledia\/"}]}},"_links":{"self":[{"href":"https:\/\/www.organisator.ch\/fr\/wp-json\/wp\/v2\/posts\/21529","targetHints":{"allow":["GET"]}}],"collection":[{"href":"https:\/\/www.organisator.ch\/fr\/wp-json\/wp\/v2\/posts"}],"about":[{"href":"https:\/\/www.organisator.ch\/fr\/wp-json\/wp\/v2\/types\/post"}],"author":[{"embeddable":true,"href":"https:\/\/www.organisator.ch\/fr\/wp-json\/wp\/v2\/users\/8"}],"replies":[{"embeddable":true,"href":"https:\/\/www.organisator.ch\/fr\/wp-json\/wp\/v2\/comments?post=21529"}],"version-history":[{"count":3,"href":"https:\/\/www.organisator.ch\/fr\/wp-json\/wp\/v2\/posts\/21529\/revisions"}],"predecessor-version":[{"id":32925,"href":"https:\/\/www.organisator.ch\/fr\/wp-json\/wp\/v2\/posts\/21529\/revisions\/32925"}],"wp:attachment":[{"href":"https:\/\/www.organisator.ch\/fr\/wp-json\/wp\/v2\/media?parent=21529"}],"wp:term":[{"taxonomy":"category","embeddable":true,"href":"https:\/\/www.organisator.ch\/fr\/wp-json\/wp\/v2\/categories?post=21529"},{"taxonomy":"post_tag","embeddable":true,"href":"https:\/\/www.organisator.ch\/fr\/wp-json\/wp\/v2\/tags?post=21529"}],"curies":[{"name":"wp","href":"https:\/\/api.w.org\/{rel}","templated":true}]}}