{"id":21570,"date":"2023-09-04T08:35:54","date_gmt":"2023-09-04T06:35:54","guid":{"rendered":"https:\/\/www.organisator.ch\/?p=21570"},"modified":"2023-09-04T08:35:54","modified_gmt":"2023-09-04T06:35:54","slug":"cyber-angriffe-handlungsbedarf-bei-verwaltungsraeten","status":"publish","type":"post","link":"https:\/\/www.organisator.ch\/fr\/management\/2023-09-04\/cyber-angriffe-handlungsbedarf-bei-verwaltungsraeten\/","title":{"rendered":"Les cyber-attaques : Les conseils d'administration doivent agir"},"content":{"rendered":"<figure id=\"attachment_21573\" aria-describedby=\"caption-attachment-21573\" style=\"width: 680px\" class=\"wp-caption alignnone\"><img loading=\"lazy\" decoding=\"async\" class=\"size-full wp-image-21573\" src=\"https:\/\/www.organisator.ch\/wp-content\/uploads\/2023\/09\/Cyber-Angriffe-Handlungsbedarf-bei-Verwaltungsraeten_Organisator.jpg\" alt=\"\" width=\"680\" height=\"383\" srcset=\"https:\/\/www.organisator.ch\/wp-content\/uploads\/2023\/09\/Cyber-Angriffe-Handlungsbedarf-bei-Verwaltungsraeten_Organisator.jpg 680w, https:\/\/www.organisator.ch\/wp-content\/uploads\/2023\/09\/Cyber-Angriffe-Handlungsbedarf-bei-Verwaltungsraeten_Organisator-18x10.jpg 18w, https:\/\/www.organisator.ch\/wp-content\/uploads\/2023\/09\/Cyber-Angriffe-Handlungsbedarf-bei-Verwaltungsraeten_Organisator-375x211.jpg 375w, https:\/\/www.organisator.ch\/wp-content\/uploads\/2023\/09\/Cyber-Angriffe-Handlungsbedarf-bei-Verwaltungsraeten_Organisator-621x350.jpg 621w\" sizes=\"auto, (max-width: 680px) 100vw, 680px\" \/><figcaption id=\"caption-attachment-21573\" class=\"wp-caption-text\">Une nouvelle enqu\u00eate r\u00e9v\u00e8le qu'en mati\u00e8re de cyberattaques, les conseils d'administration ont encore beaucoup \u00e0 faire. (Image : Pixabay.com)<\/figcaption><\/figure>\n<p>La menace des cyber-attaques ne cesse de cro\u00eetre. Les grandes entreprises sont particuli\u00e8rement concern\u00e9es : 45% des entreprises de plus de 250 collaborateurs ont d\u00e9j\u00e0 \u00e9t\u00e9 victimes d'une cyberattaque au moins une fois. C'est ce que montre le dernier swissVR Monitor, une enqu\u00eate semestrielle men\u00e9e par l'association des conseils d'administration swissVR en coop\u00e9ration avec la soci\u00e9t\u00e9 d'audit et de conseil Deloitte Suisse et la Haute \u00e9cole de Lucerne. Pour cette \u00e9tude, 400 membres de conseils d'administration ont \u00e9t\u00e9 interrog\u00e9s sur le th\u00e8me central de la \"cyber-r\u00e9silience\".<\/p>\n<p>Contrairement aux grandes entreprises, les PME semblent nettement moins touch\u00e9es : Seules 18 % des entreprises de moins de 50 employ\u00e9s font \u00e9tat d'une attaque grave. Le lien entre la taille de l'entreprise et la fr\u00e9quence des attaques est \u00e9vident : les grandes entreprises sont globalement plus expos\u00e9es et offrent de plus grandes surfaces d'attaque aux cybercriminels. Une autre explication de la pr\u00e9tendue moindre implication des petites entreprises est l'absence partielle de reporting sur de tels incidents vis-\u00e0-vis du conseil d'administration.<\/p>\n<h3>L'interruption de l'exploitation est la cons\u00e9quence la plus fr\u00e9quente<\/h3>\n<p>Les cyberattaques ont souvent de graves cons\u00e9quences sur les activit\u00e9s op\u00e9rationnelles. La cons\u00e9quence de loin la plus fr\u00e9quente est l'interruption de l'activit\u00e9. C'est le cas pour 42 % des entreprises touch\u00e9es par une cyberattaque (voir graphique 1). Les processus op\u00e9rationnels des entreprises du secteur des technologies de l'information et de la communication sont particuli\u00e8rement menac\u00e9s. Dans ce secteur, 69 pour cent des personnes touch\u00e9es ont subi une interruption de leur activit\u00e9. Les fuites de donn\u00e9es et les dysfonctionnements de produits ou de services sont \u00e9galement des cons\u00e9quences fr\u00e9quentes. Les cyberattaques ont m\u00eame parfois des cons\u00e9quences en dehors de l'entreprise elle-m\u00eame : 11 % des personnes interrog\u00e9es d\u00e9plorent ainsi des attaques cons\u00e9cutives contre des clients. Bien que la fuite des actifs soit rare, les cons\u00e9quences financi\u00e8res ne doivent pas \u00eatre sous-estim\u00e9es. Outre les pertes de chiffre d'affaires dues aux interruptions d'activit\u00e9, les co\u00fbts cons\u00e9cutifs risquent d'\u00eatre \u00e9lev\u00e9s, par exemple pour la restauration des donn\u00e9es.<\/p>\n<figure id=\"attachment_21571\" aria-describedby=\"caption-attachment-21571\" style=\"width: 680px\" class=\"wp-caption alignnone\"><img loading=\"lazy\" decoding=\"async\" class=\"size-full wp-image-21571\" src=\"https:\/\/www.organisator.ch\/wp-content\/uploads\/2023\/09\/Cyber-Angriffe-Handlungsbedarf-bei-Verwaltungsraeten-1_Organisator.jpg\" alt=\"\" width=\"680\" height=\"262\" srcset=\"https:\/\/www.organisator.ch\/wp-content\/uploads\/2023\/09\/Cyber-Angriffe-Handlungsbedarf-bei-Verwaltungsraeten-1_Organisator.jpg 680w, https:\/\/www.organisator.ch\/wp-content\/uploads\/2023\/09\/Cyber-Angriffe-Handlungsbedarf-bei-Verwaltungsraeten-1_Organisator-18x7.jpg 18w, https:\/\/www.organisator.ch\/wp-content\/uploads\/2023\/09\/Cyber-Angriffe-Handlungsbedarf-bei-Verwaltungsraeten-1_Organisator-375x144.jpg 375w\" sizes=\"auto, (max-width: 680px) 100vw, 680px\" \/><figcaption id=\"caption-attachment-21571\" class=\"wp-caption-text\">Graphique 1 : Incidents et cons\u00e9quences des cyber-attaques dans les entreprises. (Graphique : Deloitte)<\/figcaption><\/figure>\n<h3>La r\u00e9silience face aux cyber-attaques gagne fortement en importance<\/h3>\n<p>Les cons\u00e9quences importantes le montrent clairement : chaque PME doit se pr\u00e9occuper des cyber-risques. \"Ce th\u00e8me fait aujourd'hui partie int\u00e9grante d'une bonne gouvernance d'entreprise. Il est r\u00e9jouissant de constater que de nombreuses entreprises en ont d\u00e9j\u00e0 pris conscience. Mais il y a encore du potentiel. Notre enqu\u00eate montre que la cyber-r\u00e9silience gagne fortement en importance, tous secteurs confondus. Cela doit \u00e9galement se refl\u00e9ter dans la gestion des risques et le processus strat\u00e9gique de chaque entreprise\", explique Mirjam Durrer, charg\u00e9e de cours \u00e0 la Haute \u00e9cole de Lucerne \u00e0 l'Institut f\u00fcr Finanzdienstleistungen Zug IFZ. 95 pour cent des membres de conseil d'administration interrog\u00e9s estiment que l'importance de la cyber-r\u00e9silience pour leur entreprise a augment\u00e9 au cours des trois derni\u00e8res ann\u00e9es. La majorit\u00e9 observe m\u00eame une forte augmentation, l'\u00e9valuation d\u00e9pendant essentiellement de la taille de l'entreprise. Ici aussi, la corr\u00e9lation entre la taille et le niveau de menace se refl\u00e8te.<\/p>\n<h3>La cybers\u00e9curit\u00e9 n'est pas encore partout l'affaire des chefs<\/h3>\n<p>Point positif : les conseils d'administration d\u00e9clarent assumer en grande partie leurs t\u00e2ches en mati\u00e8re de cyber-r\u00e9silience. 85% des personnes interrog\u00e9es affirment que leur conseil d'administration suit les tendances et les d\u00e9veloppements actuels dans le domaine de la cyber-r\u00e9silience (voir graphique 2). De m\u00eame, huit comit\u00e9s sur dix disposent d'une politique de risque qui aborde les cyberdangers. Malgr\u00e9 tout, il est n\u00e9cessaire d'agir, souligne Klaus Julisch, responsable Risk Advisory chez Deloitte Suisse : \"La prise de conscience des risques augmente, ce qui est positif. Cela dit, le sujet n'a pas encore \u00e9t\u00e9 abord\u00e9 partout dans les conseils d'administration. De m\u00eame, pr\u00e8s de la moiti\u00e9 des entreprises n'ont pas de cyberstrat\u00e9gie claire. Les entreprises suisses et leurs conseils d'administration doivent donc prendre encore plus de responsabilit\u00e9s dans l'optique de la cyber-r\u00e9silience\".<\/p>\n<figure id=\"attachment_21572\" aria-describedby=\"caption-attachment-21572\" style=\"width: 680px\" class=\"wp-caption alignnone\"><img loading=\"lazy\" decoding=\"async\" class=\"size-full wp-image-21572\" src=\"https:\/\/www.organisator.ch\/wp-content\/uploads\/2023\/09\/Cyber-Angriffe-Handlungsbedarf-bei-Verwaltungsraeten-2_Organisator.jpg\" alt=\"\" width=\"680\" height=\"212\" srcset=\"https:\/\/www.organisator.ch\/wp-content\/uploads\/2023\/09\/Cyber-Angriffe-Handlungsbedarf-bei-Verwaltungsraeten-2_Organisator.jpg 680w, https:\/\/www.organisator.ch\/wp-content\/uploads\/2023\/09\/Cyber-Angriffe-Handlungsbedarf-bei-Verwaltungsraeten-2_Organisator-18x6.jpg 18w, https:\/\/www.organisator.ch\/wp-content\/uploads\/2023\/09\/Cyber-Angriffe-Handlungsbedarf-bei-Verwaltungsraeten-2_Organisator-375x117.jpg 375w\" sizes=\"auto, (max-width: 680px) 100vw, 680px\" \/><figcaption id=\"caption-attachment-21572\" class=\"wp-caption-text\">Graphique 2 : T\u00e2ches des conseils d'administration autour de la cyber-r\u00e9silience. (Graphique : Deloitte)<\/figcaption><\/figure>\n<h3>Seul un tiers des jeunes s'entra\u00eene<\/h3>\n<p>La pr\u00e9paration aux situations d'urgence peut \u00e9galement \u00eatre am\u00e9lior\u00e9e. Seul un membre de conseil d'administration sur trois confirme que l'organe du conseil d'administration promeut au moins partiellement la gestion de crise. La situation est un peu meilleure dans l'industrie financi\u00e8re : environ une entreprise sur deux de ce secteur organise r\u00e9guli\u00e8rement des formations de crise. En outre, l'industrie financi\u00e8re enregistre le pourcentage le plus \u00e9lev\u00e9 de cyber-assurances conclues, avec 58 %.<\/p>\n<p>Il existe \u00e9galement un potentiel d'am\u00e9lioration en ce qui concerne les rapports au conseil d'administration : seul un tiers environ des personnes interrog\u00e9es est r\u00e9guli\u00e8rement inform\u00e9 par la direction sur les principaux risques cyber ou sur sa propre cyberstrat\u00e9gie. Une bonne moiti\u00e9 des membres du conseil d'administration re\u00e7oit tout de m\u00eame un rapport sur l'\u00e9tat g\u00e9n\u00e9ral des menaces, sur les cyberattaques actuelles au sein de l'entreprise ou sur les actions et les investissements n\u00e9cessaires pour renforcer la cyber-r\u00e9silience.<\/p>\n<p><em>Source : <a href=\"http:\/\/www.deloitte.com\/ch\/about\">Deloitte<\/a><\/em><\/p>","protected":false},"excerpt":{"rendered":"<p>Une grande entreprise sur deux a d\u00e9j\u00e0 \u00e9t\u00e9 victime d'une cyber-attaque. Dans de nombreux cas, la cons\u00e9quence est une interruption de l'activit\u00e9. La 14e \u00e9dition du swissVR Monitor de Deloitte le montre : bien que la conscience des risques augmente, de nombreuses entreprises ne disposent pas d'une cyberstrat\u00e9gie clairement formul\u00e9e. Le cas d'urgence n'est que rarement r\u00e9p\u00e9t\u00e9 et le reporting de la direction au conseil d'administration doit \u00e9galement \u00eatre am\u00e9lior\u00e9, conclut l'enqu\u00eate.<\/p>","protected":false},"author":4,"featured_media":21573,"comment_status":"closed","ping_status":"closed","sticky":false,"template":"","format":"standard","meta":{"_acf_changed":false,"_yoast_wpseo_focuskw":"Handlungsbedarf","_yoast_wpseo_metadesc":"Die 14. Ausgabe des swissVR Monitors von Deloitte zeigt: Obwohl das Bewusstsein f\u00fcr die Risiken zunimmt, besteht noch viel Handlungsbedarf.","articlekey":"","footnotes":""},"categories":[28],"tags":[608,335,459,513],"class_list":["post-21570","post","type-post","status-publish","format-standard","has-post-thumbnail","hentry","category-management","tag-cybersicherheit","tag-management-und-unternehmensfuehrung","tag-studie","tag-verwaltungsraete"],"acf":[],"yoast_head":"<!-- This site is optimized with the Yoast SEO plugin v27.5 - https:\/\/yoast.com\/product\/yoast-seo-wordpress\/ -->\n<title>Cyber-Angriffe: Handlungsbedarf bei Verwaltungsr\u00e4ten - Organisator<\/title>\n<meta name=\"description\" content=\"Die 14. Ausgabe des swissVR Monitors von Deloitte zeigt: Obwohl das Bewusstsein f\u00fcr die Risiken zunimmt, besteht noch viel Handlungsbedarf.\" \/>\n<meta name=\"robots\" content=\"index, follow, max-snippet:-1, max-image-preview:large, max-video-preview:-1\" \/>\n<link rel=\"canonical\" href=\"https:\/\/www.organisator.ch\/fr\/gestion-2\/2023-09-04\/cyber-angriffe-handlungsbedarf-bei-verwaltungsraeten\/\" \/>\n<meta property=\"og:locale\" content=\"fr_FR\" \/>\n<meta property=\"og:type\" content=\"article\" \/>\n<meta property=\"og:title\" content=\"Cyber-Angriffe: Handlungsbedarf bei Verwaltungsr\u00e4ten\" \/>\n<meta property=\"og:description\" content=\"Die 14. Ausgabe des swissVR Monitors von Deloitte zeigt: Obwohl das Bewusstsein f\u00fcr die Risiken zunimmt, besteht noch viel Handlungsbedarf.\" \/>\n<meta property=\"og:url\" content=\"https:\/\/www.organisator.ch\/fr\/gestion-2\/2023-09-04\/cyber-angriffe-handlungsbedarf-bei-verwaltungsraeten\/\" \/>\n<meta property=\"og:site_name\" content=\"Organisator\" \/>\n<meta property=\"article:publisher\" content=\"https:\/\/www.facebook.com\/OrganisatorFachmagazin\" \/>\n<meta property=\"article:published_time\" content=\"2023-09-04T06:35:54+00:00\" \/>\n<meta property=\"og:image\" content=\"https:\/\/www.organisator.ch\/wp-content\/uploads\/2023\/09\/Cyber-Angriffe-Handlungsbedarf-bei-Verwaltungsraeten_Organisator.jpg\" \/>\n\t<meta property=\"og:image:width\" content=\"680\" \/>\n\t<meta property=\"og:image:height\" content=\"383\" \/>\n\t<meta property=\"og:image:type\" content=\"image\/jpeg\" \/>\n<meta name=\"author\" content=\"thomas.berner\" \/>\n<meta name=\"twitter:card\" content=\"summary_large_image\" \/>\n<meta name=\"twitter:title\" content=\"#Cyber-Angriffe: #Handlungsbedarf bei Verwaltungsr\u00e4ten\" \/>\n<meta name=\"twitter:description\" content=\"Die 14. Ausgabe des #swissVR Monitors von #Deloitte zeigt: Obwohl das Bewusstsein f\u00fcr die Risiken zunimmt, besteht noch viel #Handlungsbedarf.\" \/>\n<meta name=\"twitter:image\" content=\"https:\/\/www.organisator.ch\/wp-content\/uploads\/2023\/09\/Cyber-Angriffe-Handlungsbedarf-bei-Verwaltungsraeten_Organisator.jpg\" \/>\n<script type=\"application\/ld+json\" class=\"yoast-schema-graph\">{\"@context\":\"https:\\\/\\\/schema.org\",\"@graph\":[{\"@type\":\"Article\",\"@id\":\"https:\\\/\\\/www.organisator.ch\\\/management\\\/2023-09-04\\\/cyber-angriffe-handlungsbedarf-bei-verwaltungsraeten\\\/#article\",\"isPartOf\":{\"@id\":\"https:\\\/\\\/www.organisator.ch\\\/management\\\/2023-09-04\\\/cyber-angriffe-handlungsbedarf-bei-verwaltungsraeten\\\/\"},\"author\":{\"name\":\"thomas.berner\",\"@id\":\"https:\\\/\\\/www.organisator.ch\\\/#\\\/schema\\\/person\\\/6f650f90b2842cd4c0cc334b4e36f67e\"},\"headline\":\"Cyber-Angriffe: Handlungsbedarf bei Verwaltungsr\u00e4ten\",\"datePublished\":\"2023-09-04T06:35:54+00:00\",\"mainEntityOfPage\":{\"@id\":\"https:\\\/\\\/www.organisator.ch\\\/management\\\/2023-09-04\\\/cyber-angriffe-handlungsbedarf-bei-verwaltungsraeten\\\/\"},\"wordCount\":713,\"publisher\":{\"@id\":\"https:\\\/\\\/www.organisator.ch\\\/#organization\"},\"image\":{\"@id\":\"https:\\\/\\\/www.organisator.ch\\\/management\\\/2023-09-04\\\/cyber-angriffe-handlungsbedarf-bei-verwaltungsraeten\\\/#primaryimage\"},\"thumbnailUrl\":\"https:\\\/\\\/www.organisator.ch\\\/wp-content\\\/uploads\\\/2023\\\/09\\\/Cyber-Angriffe-Handlungsbedarf-bei-Verwaltungsraeten_Organisator.jpg\",\"keywords\":[\"Cybersicherheit\",\"Management und Unternehmensf\u00fchrung\",\"Studie\",\"Verwaltungsr\u00e4te\"],\"articleSection\":[\"MANAGEMENT\"],\"inLanguage\":\"fr-FR\"},{\"@type\":\"WebPage\",\"@id\":\"https:\\\/\\\/www.organisator.ch\\\/management\\\/2023-09-04\\\/cyber-angriffe-handlungsbedarf-bei-verwaltungsraeten\\\/\",\"url\":\"https:\\\/\\\/www.organisator.ch\\\/management\\\/2023-09-04\\\/cyber-angriffe-handlungsbedarf-bei-verwaltungsraeten\\\/\",\"name\":\"Cyber-Angriffe: Handlungsbedarf bei Verwaltungsr\u00e4ten - Organisator\",\"isPartOf\":{\"@id\":\"https:\\\/\\\/www.organisator.ch\\\/#website\"},\"primaryImageOfPage\":{\"@id\":\"https:\\\/\\\/www.organisator.ch\\\/management\\\/2023-09-04\\\/cyber-angriffe-handlungsbedarf-bei-verwaltungsraeten\\\/#primaryimage\"},\"image\":{\"@id\":\"https:\\\/\\\/www.organisator.ch\\\/management\\\/2023-09-04\\\/cyber-angriffe-handlungsbedarf-bei-verwaltungsraeten\\\/#primaryimage\"},\"thumbnailUrl\":\"https:\\\/\\\/www.organisator.ch\\\/wp-content\\\/uploads\\\/2023\\\/09\\\/Cyber-Angriffe-Handlungsbedarf-bei-Verwaltungsraeten_Organisator.jpg\",\"datePublished\":\"2023-09-04T06:35:54+00:00\",\"description\":\"Die 14. Ausgabe des swissVR Monitors von Deloitte zeigt: Obwohl das Bewusstsein f\u00fcr die Risiken zunimmt, besteht noch viel Handlungsbedarf.\",\"breadcrumb\":{\"@id\":\"https:\\\/\\\/www.organisator.ch\\\/management\\\/2023-09-04\\\/cyber-angriffe-handlungsbedarf-bei-verwaltungsraeten\\\/#breadcrumb\"},\"inLanguage\":\"fr-FR\",\"potentialAction\":[{\"@type\":\"ReadAction\",\"target\":[\"https:\\\/\\\/www.organisator.ch\\\/management\\\/2023-09-04\\\/cyber-angriffe-handlungsbedarf-bei-verwaltungsraeten\\\/\"]}]},{\"@type\":\"ImageObject\",\"inLanguage\":\"fr-FR\",\"@id\":\"https:\\\/\\\/www.organisator.ch\\\/management\\\/2023-09-04\\\/cyber-angriffe-handlungsbedarf-bei-verwaltungsraeten\\\/#primaryimage\",\"url\":\"https:\\\/\\\/www.organisator.ch\\\/wp-content\\\/uploads\\\/2023\\\/09\\\/Cyber-Angriffe-Handlungsbedarf-bei-Verwaltungsraeten_Organisator.jpg\",\"contentUrl\":\"https:\\\/\\\/www.organisator.ch\\\/wp-content\\\/uploads\\\/2023\\\/09\\\/Cyber-Angriffe-Handlungsbedarf-bei-Verwaltungsraeten_Organisator.jpg\",\"width\":680,\"height\":383,\"caption\":\"Eine neue Untersuchung zeigt in Sachen Cyber-Angriffe noch erheblichen Handlungsbedarf in Verwaltungsr\u00e4ten auf. (Bild: Pixabay.com)\"},{\"@type\":\"BreadcrumbList\",\"@id\":\"https:\\\/\\\/www.organisator.ch\\\/management\\\/2023-09-04\\\/cyber-angriffe-handlungsbedarf-bei-verwaltungsraeten\\\/#breadcrumb\",\"itemListElement\":[{\"@type\":\"ListItem\",\"position\":1,\"name\":\"Home\",\"item\":\"https:\\\/\\\/www.organisator.ch\\\/\"},{\"@type\":\"ListItem\",\"position\":2,\"name\":\"Cyber-Angriffe: Handlungsbedarf bei Verwaltungsr\u00e4ten\"}]},{\"@type\":\"WebSite\",\"@id\":\"https:\\\/\\\/www.organisator.ch\\\/#website\",\"url\":\"https:\\\/\\\/www.organisator.ch\\\/\",\"name\":\"Organisator\",\"description\":\"Kompetent. Praxisnah. Der ORGANISATOR bereitet in 10 Ausgaben pro Jahr die wesentlichen Themen f\u00fcr F\u00fchrungskr\u00e4fte von KMU auf.\",\"publisher\":{\"@id\":\"https:\\\/\\\/www.organisator.ch\\\/#organization\"},\"potentialAction\":[{\"@type\":\"SearchAction\",\"target\":{\"@type\":\"EntryPoint\",\"urlTemplate\":\"https:\\\/\\\/www.organisator.ch\\\/?s={search_term_string}\"},\"query-input\":{\"@type\":\"PropertyValueSpecification\",\"valueRequired\":true,\"valueName\":\"search_term_string\"}}],\"inLanguage\":\"fr-FR\"},{\"@type\":\"Organization\",\"@id\":\"https:\\\/\\\/www.organisator.ch\\\/#organization\",\"name\":\"Organisator\",\"url\":\"https:\\\/\\\/www.organisator.ch\\\/\",\"logo\":{\"@type\":\"ImageObject\",\"inLanguage\":\"fr-FR\",\"@id\":\"https:\\\/\\\/www.organisator.ch\\\/#\\\/schema\\\/logo\\\/image\\\/\",\"url\":\"https:\\\/\\\/www.organisator.ch\\\/wp-content\\\/uploads\\\/2022\\\/01\\\/Logo_Organisator_Website.png\",\"contentUrl\":\"https:\\\/\\\/www.organisator.ch\\\/wp-content\\\/uploads\\\/2022\\\/01\\\/Logo_Organisator_Website.png\",\"width\":800,\"height\":77,\"caption\":\"Organisator\"},\"image\":{\"@id\":\"https:\\\/\\\/www.organisator.ch\\\/#\\\/schema\\\/logo\\\/image\\\/\"},\"sameAs\":[\"https:\\\/\\\/www.facebook.com\\\/OrganisatorFachmagazin\",\"https:\\\/\\\/www.linkedin.com\\\/showcase\\\/organisator-das-magazin-fr-kmu\",\"https:\\\/\\\/www.xing.com\\\/news\\\/pages\\\/organisator-ch-695\",\"https:\\\/\\\/www.youtube.com\\\/channel\\\/UCGP2Sq0iWaZwT3BdIAQFYpw\"]},{\"@type\":\"Person\",\"@id\":\"https:\\\/\\\/www.organisator.ch\\\/#\\\/schema\\\/person\\\/6f650f90b2842cd4c0cc334b4e36f67e\",\"name\":\"thomas.berner\",\"image\":{\"@type\":\"ImageObject\",\"inLanguage\":\"fr-FR\",\"@id\":\"https:\\\/\\\/secure.gravatar.com\\\/avatar\\\/ac5001d2a36cb6c6cd3e50789007ffca834b477b74a2144564522e944eabff61?s=96&d=mm&r=g\",\"url\":\"https:\\\/\\\/secure.gravatar.com\\\/avatar\\\/ac5001d2a36cb6c6cd3e50789007ffca834b477b74a2144564522e944eabff61?s=96&d=mm&r=g\",\"contentUrl\":\"https:\\\/\\\/secure.gravatar.com\\\/avatar\\\/ac5001d2a36cb6c6cd3e50789007ffca834b477b74a2144564522e944eabff61?s=96&d=mm&r=g\",\"caption\":\"thomas.berner\"},\"url\":\"https:\\\/\\\/www.organisator.ch\\\/fr\\\/author\\\/thomas-berner\\\/\"}]}<\/script>\n<!-- \/ Yoast SEO plugin. -->","yoast_head_json":{"title":"Les cyber-attaques : Les conseils d'administration doivent agir - Organisateur","description":"La 14e \u00e9dition du swissVR Monitor de Deloitte montre que, bien que l'on soit de plus en plus conscient des risques, il reste encore beaucoup \u00e0 faire.","robots":{"index":"index","follow":"follow","max-snippet":"max-snippet:-1","max-image-preview":"max-image-preview:large","max-video-preview":"max-video-preview:-1"},"canonical":"https:\/\/www.organisator.ch\/fr\/gestion-2\/2023-09-04\/cyber-angriffe-handlungsbedarf-bei-verwaltungsraeten\/","og_locale":"fr_FR","og_type":"article","og_title":"Cyber-Angriffe: Handlungsbedarf bei Verwaltungsr\u00e4ten","og_description":"Die 14. Ausgabe des swissVR Monitors von Deloitte zeigt: Obwohl das Bewusstsein f\u00fcr die Risiken zunimmt, besteht noch viel Handlungsbedarf.","og_url":"https:\/\/www.organisator.ch\/fr\/gestion-2\/2023-09-04\/cyber-angriffe-handlungsbedarf-bei-verwaltungsraeten\/","og_site_name":"Organisator","article_publisher":"https:\/\/www.facebook.com\/OrganisatorFachmagazin","article_published_time":"2023-09-04T06:35:54+00:00","og_image":[{"width":680,"height":383,"url":"https:\/\/www.organisator.ch\/wp-content\/uploads\/2023\/09\/Cyber-Angriffe-Handlungsbedarf-bei-Verwaltungsraeten_Organisator.jpg","type":"image\/jpeg"}],"author":"thomas.berner","twitter_card":"summary_large_image","twitter_title":"#Cyber-Angriffe: #Handlungsbedarf bei Verwaltungsr\u00e4ten","twitter_description":"Die 14. Ausgabe des #swissVR Monitors von #Deloitte zeigt: Obwohl das Bewusstsein f\u00fcr die Risiken zunimmt, besteht noch viel #Handlungsbedarf.","twitter_image":"https:\/\/www.organisator.ch\/wp-content\/uploads\/2023\/09\/Cyber-Angriffe-Handlungsbedarf-bei-Verwaltungsraeten_Organisator.jpg","schema":{"@context":"https:\/\/schema.org","@graph":[{"@type":"Article","@id":"https:\/\/www.organisator.ch\/management\/2023-09-04\/cyber-angriffe-handlungsbedarf-bei-verwaltungsraeten\/#article","isPartOf":{"@id":"https:\/\/www.organisator.ch\/management\/2023-09-04\/cyber-angriffe-handlungsbedarf-bei-verwaltungsraeten\/"},"author":{"name":"thomas.berner","@id":"https:\/\/www.organisator.ch\/#\/schema\/person\/6f650f90b2842cd4c0cc334b4e36f67e"},"headline":"Cyber-Angriffe: Handlungsbedarf bei Verwaltungsr\u00e4ten","datePublished":"2023-09-04T06:35:54+00:00","mainEntityOfPage":{"@id":"https:\/\/www.organisator.ch\/management\/2023-09-04\/cyber-angriffe-handlungsbedarf-bei-verwaltungsraeten\/"},"wordCount":713,"publisher":{"@id":"https:\/\/www.organisator.ch\/#organization"},"image":{"@id":"https:\/\/www.organisator.ch\/management\/2023-09-04\/cyber-angriffe-handlungsbedarf-bei-verwaltungsraeten\/#primaryimage"},"thumbnailUrl":"https:\/\/www.organisator.ch\/wp-content\/uploads\/2023\/09\/Cyber-Angriffe-Handlungsbedarf-bei-Verwaltungsraeten_Organisator.jpg","keywords":["Cybersicherheit","Management und Unternehmensf\u00fchrung","Studie","Verwaltungsr\u00e4te"],"articleSection":["MANAGEMENT"],"inLanguage":"fr-FR"},{"@type":"WebPage","@id":"https:\/\/www.organisator.ch\/management\/2023-09-04\/cyber-angriffe-handlungsbedarf-bei-verwaltungsraeten\/","url":"https:\/\/www.organisator.ch\/management\/2023-09-04\/cyber-angriffe-handlungsbedarf-bei-verwaltungsraeten\/","name":"Les cyber-attaques : Les conseils d'administration doivent agir - Organisateur","isPartOf":{"@id":"https:\/\/www.organisator.ch\/#website"},"primaryImageOfPage":{"@id":"https:\/\/www.organisator.ch\/management\/2023-09-04\/cyber-angriffe-handlungsbedarf-bei-verwaltungsraeten\/#primaryimage"},"image":{"@id":"https:\/\/www.organisator.ch\/management\/2023-09-04\/cyber-angriffe-handlungsbedarf-bei-verwaltungsraeten\/#primaryimage"},"thumbnailUrl":"https:\/\/www.organisator.ch\/wp-content\/uploads\/2023\/09\/Cyber-Angriffe-Handlungsbedarf-bei-Verwaltungsraeten_Organisator.jpg","datePublished":"2023-09-04T06:35:54+00:00","description":"La 14e \u00e9dition du swissVR Monitor de Deloitte montre que, bien que l'on soit de plus en plus conscient des risques, il reste encore beaucoup \u00e0 faire.","breadcrumb":{"@id":"https:\/\/www.organisator.ch\/management\/2023-09-04\/cyber-angriffe-handlungsbedarf-bei-verwaltungsraeten\/#breadcrumb"},"inLanguage":"fr-FR","potentialAction":[{"@type":"ReadAction","target":["https:\/\/www.organisator.ch\/management\/2023-09-04\/cyber-angriffe-handlungsbedarf-bei-verwaltungsraeten\/"]}]},{"@type":"ImageObject","inLanguage":"fr-FR","@id":"https:\/\/www.organisator.ch\/management\/2023-09-04\/cyber-angriffe-handlungsbedarf-bei-verwaltungsraeten\/#primaryimage","url":"https:\/\/www.organisator.ch\/wp-content\/uploads\/2023\/09\/Cyber-Angriffe-Handlungsbedarf-bei-Verwaltungsraeten_Organisator.jpg","contentUrl":"https:\/\/www.organisator.ch\/wp-content\/uploads\/2023\/09\/Cyber-Angriffe-Handlungsbedarf-bei-Verwaltungsraeten_Organisator.jpg","width":680,"height":383,"caption":"Eine neue Untersuchung zeigt in Sachen Cyber-Angriffe noch erheblichen Handlungsbedarf in Verwaltungsr\u00e4ten auf. (Bild: Pixabay.com)"},{"@type":"BreadcrumbList","@id":"https:\/\/www.organisator.ch\/management\/2023-09-04\/cyber-angriffe-handlungsbedarf-bei-verwaltungsraeten\/#breadcrumb","itemListElement":[{"@type":"ListItem","position":1,"name":"Home","item":"https:\/\/www.organisator.ch\/"},{"@type":"ListItem","position":2,"name":"Cyber-Angriffe: Handlungsbedarf bei Verwaltungsr\u00e4ten"}]},{"@type":"WebSite","@id":"https:\/\/www.organisator.ch\/#website","url":"https:\/\/www.organisator.ch\/","name":"Organisateur","description":"Comp\u00e9tence et comp\u00e9tence. Proches de la pratique. L'ORGANISATEUR pr\u00e9pare 10 num\u00e9ros par an sur les th\u00e8mes essentiels pour les dirigeants de PME.","publisher":{"@id":"https:\/\/www.organisator.ch\/#organization"},"potentialAction":[{"@type":"SearchAction","target":{"@type":"EntryPoint","urlTemplate":"https:\/\/www.organisator.ch\/?s={search_term_string}"},"query-input":{"@type":"PropertyValueSpecification","valueRequired":true,"valueName":"search_term_string"}}],"inLanguage":"fr-FR"},{"@type":"Organization","@id":"https:\/\/www.organisator.ch\/#organization","name":"Organisateur","url":"https:\/\/www.organisator.ch\/","logo":{"@type":"ImageObject","inLanguage":"fr-FR","@id":"https:\/\/www.organisator.ch\/#\/schema\/logo\/image\/","url":"https:\/\/www.organisator.ch\/wp-content\/uploads\/2022\/01\/Logo_Organisator_Website.png","contentUrl":"https:\/\/www.organisator.ch\/wp-content\/uploads\/2022\/01\/Logo_Organisator_Website.png","width":800,"height":77,"caption":"Organisator"},"image":{"@id":"https:\/\/www.organisator.ch\/#\/schema\/logo\/image\/"},"sameAs":["https:\/\/www.facebook.com\/OrganisatorFachmagazin","https:\/\/www.linkedin.com\/showcase\/organisator-das-magazin-fr-kmu","https:\/\/www.xing.com\/news\/pages\/organisator-ch-695","https:\/\/www.youtube.com\/channel\/UCGP2Sq0iWaZwT3BdIAQFYpw"]},{"@type":"Person","@id":"https:\/\/www.organisator.ch\/#\/schema\/person\/6f650f90b2842cd4c0cc334b4e36f67e","name":"thomas.berner","image":{"@type":"ImageObject","inLanguage":"fr-FR","@id":"https:\/\/secure.gravatar.com\/avatar\/ac5001d2a36cb6c6cd3e50789007ffca834b477b74a2144564522e944eabff61?s=96&d=mm&r=g","url":"https:\/\/secure.gravatar.com\/avatar\/ac5001d2a36cb6c6cd3e50789007ffca834b477b74a2144564522e944eabff61?s=96&d=mm&r=g","contentUrl":"https:\/\/secure.gravatar.com\/avatar\/ac5001d2a36cb6c6cd3e50789007ffca834b477b74a2144564522e944eabff61?s=96&d=mm&r=g","caption":"thomas.berner"},"url":"https:\/\/www.organisator.ch\/fr\/author\/thomas-berner\/"}]}},"_links":{"self":[{"href":"https:\/\/www.organisator.ch\/fr\/wp-json\/wp\/v2\/posts\/21570","targetHints":{"allow":["GET"]}}],"collection":[{"href":"https:\/\/www.organisator.ch\/fr\/wp-json\/wp\/v2\/posts"}],"about":[{"href":"https:\/\/www.organisator.ch\/fr\/wp-json\/wp\/v2\/types\/post"}],"author":[{"embeddable":true,"href":"https:\/\/www.organisator.ch\/fr\/wp-json\/wp\/v2\/users\/4"}],"replies":[{"embeddable":true,"href":"https:\/\/www.organisator.ch\/fr\/wp-json\/wp\/v2\/comments?post=21570"}],"version-history":[{"count":1,"href":"https:\/\/www.organisator.ch\/fr\/wp-json\/wp\/v2\/posts\/21570\/revisions"}],"predecessor-version":[{"id":21574,"href":"https:\/\/www.organisator.ch\/fr\/wp-json\/wp\/v2\/posts\/21570\/revisions\/21574"}],"wp:featuredmedia":[{"embeddable":true,"href":"https:\/\/www.organisator.ch\/fr\/wp-json\/wp\/v2\/media\/21573"}],"wp:attachment":[{"href":"https:\/\/www.organisator.ch\/fr\/wp-json\/wp\/v2\/media?parent=21570"}],"wp:term":[{"taxonomy":"category","embeddable":true,"href":"https:\/\/www.organisator.ch\/fr\/wp-json\/wp\/v2\/categories?post=21570"},{"taxonomy":"post_tag","embeddable":true,"href":"https:\/\/www.organisator.ch\/fr\/wp-json\/wp\/v2\/tags?post=21570"}],"curies":[{"name":"wp","href":"https:\/\/api.w.org\/{rel}","templated":true}]}}