{"id":2158,"date":"2017-07-07T08:03:04","date_gmt":"2017-07-07T06:03:04","guid":{"rendered":"https:\/\/www.organisator.ch\/?p=2158"},"modified":"2017-07-07T08:03:04","modified_gmt":"2017-07-07T06:03:04","slug":"unternehmen-gruenden-am-besten-in-der-schweiz","status":"publish","type":"post","link":"https:\/\/www.organisator.ch\/fr\/allgemein\/2017-07-07\/unternehmen-gruenden-am-besten-in-der-schweiz\/","title":{"rendered":"Cr\u00e9er une entreprise : le mieux est de le faire en Suisse"},"content":{"rendered":"<figure id=\"attachment_2159\" aria-describedby=\"caption-attachment-2159\" style=\"width: 600px\" class=\"wp-caption alignnone\"><img loading=\"lazy\" decoding=\"async\" class=\"size-full wp-image-2159\" src=\"https:\/\/www.organisator.ch\/wp-content\/uploads\/2017\/07\/Unternehmen-gruenden-am-besten-in-der-Schweiz-1_Organisator.jpg\" alt=\"\" width=\"600\" height=\"480\" srcset=\"https:\/\/www.organisator.ch\/wp-content\/uploads\/2017\/07\/Unternehmen-gruenden-am-besten-in-der-Schweiz-1_Organisator.jpg 600w, https:\/\/www.organisator.ch\/wp-content\/uploads\/2017\/07\/Unternehmen-gruenden-am-besten-in-der-Schweiz-1_Organisator-16x12.jpg 16w, https:\/\/www.organisator.ch\/wp-content\/uploads\/2017\/07\/Unternehmen-gruenden-am-besten-in-der-Schweiz-1_Organisator-219x175.jpg 219w, https:\/\/www.organisator.ch\/wp-content\/uploads\/2017\/07\/Unternehmen-gruenden-am-besten-in-der-Schweiz-1_Organisator-438x350.jpg 438w, https:\/\/www.organisator.ch\/wp-content\/uploads\/2017\/07\/Unternehmen-gruenden-am-besten-in-der-Schweiz-1_Organisator-300x240.jpg 300w\" sizes=\"auto, (max-width: 600px) 100vw, 600px\" \/><figcaption id=\"caption-attachment-2159\" class=\"wp-caption-text\">70% des personnes interrog\u00e9es estiment qu'il est particuli\u00e8rement facile de cr\u00e9er des entreprises en Suisse. (Graphique : Randstad)<\/figcaption><\/figure>\n<p>La Suisse est un bon endroit pour lancer une start-up, estiment 70 % des participants suisses \u00e0 l'enqu\u00eate. Les institutions publiques telles que la promotion \u00e9conomique, les <a href=\"https:\/\/www.kti.admin.ch\/kti\/de\/home.html?_organization=711\">Commission pour la technologie et l'innovation<\/a> ou la plateforme de cr\u00e9ation d'entreprise du canton de Zurich \"<a href=\"https:\/\/www.gruenden.ch\/\">gruenden.ch<\/a>\"ne manque pas en Suisse. Il n'est donc pas \u00e9tonnant que la Suisse occupe la premi\u00e8re place en Europe en mati\u00e8re de soutien public aux start-ups.<\/p>\n<p><strong>Employeur souhait\u00e9 PME<\/strong><br \/>\nCr\u00e9er une entreprise est une chose, mais les Suisses veulent-ils aussi travailler dans des start-ups ? 42 % des participants \u00e0 l'enqu\u00eate r\u00e9pondent \"oui\". La Suisse se situe ainsi en dessous de la moyenne mondiale de 50 %. Seul le pourcentage des hommes suisses \u00e2g\u00e9s de 18 \u00e0 34 ans est sup\u00e9rieur \u00e0 50 %. \"L'un des facteurs les plus importants dans le choix d'un employeur est la s\u00e9curit\u00e9 professionnelle. C'est ce que montre l'\u00e9tude Randstad Employer Brand Research de cette ann\u00e9e. Il se peut que des employ\u00e9s h\u00e9sitent \u00e0 postuler dans une start-up pour cette raison\", estime Nathalie Zihlmann, HR Director Randstad Suisse. La situation se pr\u00e9sente diff\u00e9remment lorsqu'on demande aux participants \u00e0 l'enqu\u00eate s'ils souhaitent travailler dans une PME. Ici, la Suisse est le leader mondial avec 79 % d'opinions favorables.<\/p>\n<p><strong>Index de mobilit\u00e9 Randstad<\/strong><br \/>\nL'indice de mobilit\u00e9 Randstad indique le nombre de salari\u00e9s qui pensent pouvoir occuper un nouvel emploi comparable dans les six prochains mois. L'indice fournit des informations compl\u00e8tes sur l'\u00e9tat d'esprit et les tendances du march\u00e9 du travail. En Suisse, l'indice est pass\u00e9 de 101 \u00e0 103 points (+2) au premier trimestre 2017.<\/p>\n<figure id=\"attachment_2160\" aria-describedby=\"caption-attachment-2160\" style=\"width: 640px\" class=\"wp-caption alignnone\"><img loading=\"lazy\" decoding=\"async\" class=\"size-full wp-image-2160\" src=\"https:\/\/www.organisator.ch\/wp-content\/uploads\/2017\/07\/Unternehmen-gruenden-am-besten-in-der-Schweiz-2_Organisator.jpg\" alt=\"\" width=\"640\" height=\"192\" srcset=\"https:\/\/www.organisator.ch\/wp-content\/uploads\/2017\/07\/Unternehmen-gruenden-am-besten-in-der-Schweiz-2_Organisator.jpg 640w, https:\/\/www.organisator.ch\/wp-content\/uploads\/2017\/07\/Unternehmen-gruenden-am-besten-in-der-Schweiz-2_Organisator-16x5.jpg 16w, https:\/\/www.organisator.ch\/wp-content\/uploads\/2017\/07\/Unternehmen-gruenden-am-besten-in-der-Schweiz-2_Organisator-375x113.jpg 375w, https:\/\/www.organisator.ch\/wp-content\/uploads\/2017\/07\/Unternehmen-gruenden-am-besten-in-der-Schweiz-2_Organisator-300x90.jpg 300w\" sizes=\"auto, (max-width: 640px) 100vw, 640px\" \/><figcaption id=\"caption-attachment-2160\" class=\"wp-caption-text\">(Graphique : Randstad)<\/figcaption><\/figure>","protected":false},"excerpt":{"rendered":"<p>Die Schweiz sei ein guter Ort, um ein Start-up zu betreiben, finden 70 % der Schweizer Umfrage-Teilnehmenden. An staatlichen Institutionen wie der Wirtschaftsf\u00f6rderung, staatlichen Kommission f\u00fcr Technologie und Innovation oder der Gr\u00fcndungsplattform des Kantons Z\u00fcrich \u00abgruenden.ch\u00bb fehlt es in der Schweiz nicht. Es ist deshalb kein Wunder, dass die Schweiz in Bezug auf die staatliche [&hellip;]<\/p>\n","protected":false},"author":4,"featured_media":2159,"comment_status":"open","ping_status":"open","sticky":false,"template":"","format":"standard","meta":{"_acf_changed":false,"_yoast_wpseo_focuskw":"Unternehmen gr\u00fcnden","_yoast_wpseo_metadesc":"Wer in Europa ein Unternehmen gr\u00fcnden will, sollte dies in der Schweiz tun. Das zeigt der aktuelle Randstad Arbeitsbarometer.","articlekey":"","footnotes":""},"categories":[1],"tags":[334,450,508,531],"class_list":["post-2158","post","type-post","status-publish","format-standard","has-post-thumbnail","hentry","category-allgemein","tag-management","tag-start-ups","tag-vermischtes","tag-wirtschaftspolitik"],"acf":[],"yoast_head":"<!-- This site is optimized with the Yoast SEO plugin v27.4 - https:\/\/yoast.com\/product\/yoast-seo-wordpress\/ -->\n<title>Unternehmen gr\u00fcnden: am besten in der Schweiz - Organisator<\/title>\n<meta name=\"description\" content=\"Wer in Europa ein Unternehmen gr\u00fcnden will, sollte dies in der Schweiz tun. Das zeigt der aktuelle Randstad Arbeitsbarometer.\" \/>\n<meta name=\"robots\" content=\"index, follow, max-snippet:-1, max-image-preview:large, max-video-preview:-1\" \/>\n<link rel=\"canonical\" href=\"https:\/\/www.organisator.ch\/fr\/general\/2017-07-07\/unternehmen-gruenden-am-besten-in-der-schweiz\/\" \/>\n<meta property=\"og:locale\" content=\"fr_FR\" \/>\n<meta property=\"og:type\" content=\"article\" \/>\n<meta property=\"og:title\" content=\"Unternehmen gr\u00fcnden: am besten in der Schweiz\" \/>\n<meta property=\"og:description\" content=\"Entscheidungsfreiheit, schnelle Ideenumsetzung und grosse Dynamik - all dies sind Vorteile von Start-ups. Wer in Europa ein Unternehmen gr\u00fcnden will, sollte dies in der Schweiz tun.\" \/>\n<meta property=\"og:url\" content=\"https:\/\/www.organisator.ch\/fr\/general\/2017-07-07\/unternehmen-gruenden-am-besten-in-der-schweiz\/\" \/>\n<meta property=\"og:site_name\" content=\"Organisator\" \/>\n<meta property=\"article:publisher\" content=\"https:\/\/www.facebook.com\/OrganisatorFachmagazin\" \/>\n<meta property=\"article:published_time\" content=\"2017-07-07T06:03:04+00:00\" \/>\n<meta property=\"og:image\" content=\"https:\/\/www.organisator.ch\/wp-content\/uploads\/2017\/07\/Unternehmen-gruenden-am-besten-in-der-Schweiz-1_Organisator.jpg\" \/>\n\t<meta property=\"og:image:width\" content=\"600\" \/>\n\t<meta property=\"og:image:height\" content=\"480\" \/>\n\t<meta property=\"og:image:type\" content=\"image\/jpeg\" \/>\n<meta name=\"author\" content=\"thomas.berner\" \/>\n<meta name=\"twitter:card\" content=\"summary_large_image\" \/>\n<meta name=\"twitter:title\" content=\"Unternehmen #gr\u00fcnden: am besten in der Schweiz\" \/>\n<meta name=\"twitter:description\" content=\"Entscheidungsfreiheit, schnelle Ideenumsetzung und grosse Dynamik - all dies sind Vorteile von #Start-ups. Wer in Europa ein Unternehmen gr\u00fcnden will, sollte dies in der Schweiz tun.\" \/>\n<meta name=\"twitter:image\" content=\"https:\/\/www.organisator.ch\/wp-content\/uploads\/2017\/07\/Unternehmen-gr\u00fcnden-am-besten-in-der-Schweiz-1_Organisator.jpg\" \/>\n<script type=\"application\/ld+json\" class=\"yoast-schema-graph\">{\"@context\":\"https:\\\/\\\/schema.org\",\"@graph\":[{\"@type\":\"Article\",\"@id\":\"https:\\\/\\\/www.organisator.ch\\\/it\\\/generale\\\/2017-07-07\\\/unternehmen-gruenden-am-besten-in-der-schweiz\\\/#article\",\"isPartOf\":{\"@id\":\"https:\\\/\\\/www.organisator.ch\\\/it\\\/generale\\\/2017-07-07\\\/unternehmen-gruenden-am-besten-in-der-schweiz\\\/\"},\"author\":{\"name\":\"thomas.berner\",\"@id\":\"https:\\\/\\\/www.organisator.ch\\\/#\\\/schema\\\/person\\\/6f650f90b2842cd4c0cc334b4e36f67e\"},\"headline\":\"Unternehmen gr\u00fcnden: am besten in der Schweiz\",\"datePublished\":\"2017-07-07T06:03:04+00:00\",\"mainEntityOfPage\":{\"@id\":\"https:\\\/\\\/www.organisator.ch\\\/it\\\/generale\\\/2017-07-07\\\/unternehmen-gruenden-am-besten-in-der-schweiz\\\/\"},\"wordCount\":269,\"commentCount\":0,\"publisher\":{\"@id\":\"https:\\\/\\\/www.organisator.ch\\\/#organization\"},\"image\":{\"@id\":\"https:\\\/\\\/www.organisator.ch\\\/it\\\/generale\\\/2017-07-07\\\/unternehmen-gruenden-am-besten-in-der-schweiz\\\/#primaryimage\"},\"thumbnailUrl\":\"https:\\\/\\\/www.organisator.ch\\\/wp-content\\\/uploads\\\/2017\\\/07\\\/Unternehmen-gruenden-am-besten-in-der-Schweiz-1_Organisator.jpg\",\"keywords\":[\"Management\",\"Start-ups\",\"Vermischtes\",\"Wirtschaftspolitik\"],\"articleSection\":[\"Allgemein\"],\"inLanguage\":\"fr-FR\"},{\"@type\":\"WebPage\",\"@id\":\"https:\\\/\\\/www.organisator.ch\\\/it\\\/generale\\\/2017-07-07\\\/unternehmen-gruenden-am-besten-in-der-schweiz\\\/\",\"url\":\"https:\\\/\\\/www.organisator.ch\\\/it\\\/generale\\\/2017-07-07\\\/unternehmen-gruenden-am-besten-in-der-schweiz\\\/\",\"name\":\"Unternehmen gr\u00fcnden: am besten in der Schweiz - Organisator\",\"isPartOf\":{\"@id\":\"https:\\\/\\\/www.organisator.ch\\\/#website\"},\"primaryImageOfPage\":{\"@id\":\"https:\\\/\\\/www.organisator.ch\\\/it\\\/generale\\\/2017-07-07\\\/unternehmen-gruenden-am-besten-in-der-schweiz\\\/#primaryimage\"},\"image\":{\"@id\":\"https:\\\/\\\/www.organisator.ch\\\/it\\\/generale\\\/2017-07-07\\\/unternehmen-gruenden-am-besten-in-der-schweiz\\\/#primaryimage\"},\"thumbnailUrl\":\"https:\\\/\\\/www.organisator.ch\\\/wp-content\\\/uploads\\\/2017\\\/07\\\/Unternehmen-gruenden-am-besten-in-der-Schweiz-1_Organisator.jpg\",\"datePublished\":\"2017-07-07T06:03:04+00:00\",\"description\":\"Wer in Europa ein Unternehmen gr\u00fcnden will, sollte dies in der Schweiz tun. Das zeigt der aktuelle Randstad Arbeitsbarometer.\",\"breadcrumb\":{\"@id\":\"https:\\\/\\\/www.organisator.ch\\\/it\\\/generale\\\/2017-07-07\\\/unternehmen-gruenden-am-besten-in-der-schweiz\\\/#breadcrumb\"},\"inLanguage\":\"fr-FR\",\"potentialAction\":[{\"@type\":\"ReadAction\",\"target\":[\"https:\\\/\\\/www.organisator.ch\\\/it\\\/generale\\\/2017-07-07\\\/unternehmen-gruenden-am-besten-in-der-schweiz\\\/\"]}]},{\"@type\":\"ImageObject\",\"inLanguage\":\"fr-FR\",\"@id\":\"https:\\\/\\\/www.organisator.ch\\\/it\\\/generale\\\/2017-07-07\\\/unternehmen-gruenden-am-besten-in-der-schweiz\\\/#primaryimage\",\"url\":\"https:\\\/\\\/www.organisator.ch\\\/wp-content\\\/uploads\\\/2017\\\/07\\\/Unternehmen-gruenden-am-besten-in-der-Schweiz-1_Organisator.jpg\",\"contentUrl\":\"https:\\\/\\\/www.organisator.ch\\\/wp-content\\\/uploads\\\/2017\\\/07\\\/Unternehmen-gruenden-am-besten-in-der-Schweiz-1_Organisator.jpg\",\"width\":600,\"height\":480,\"caption\":\"70 Prozent der Befragten sind der Meinung, dass Unternehmen gr\u00fcnden man in der Schweiz besonders gut Unternehmen gr\u00fcnden k\u00f6nne. (Grafik: Randstad)\"},{\"@type\":\"BreadcrumbList\",\"@id\":\"https:\\\/\\\/www.organisator.ch\\\/it\\\/generale\\\/2017-07-07\\\/unternehmen-gruenden-am-besten-in-der-schweiz\\\/#breadcrumb\",\"itemListElement\":[{\"@type\":\"ListItem\",\"position\":1,\"name\":\"Home\",\"item\":\"https:\\\/\\\/www.organisator.ch\\\/\"},{\"@type\":\"ListItem\",\"position\":2,\"name\":\"Unternehmen gr\u00fcnden: am besten in der Schweiz\"}]},{\"@type\":\"WebSite\",\"@id\":\"https:\\\/\\\/www.organisator.ch\\\/#website\",\"url\":\"https:\\\/\\\/www.organisator.ch\\\/\",\"name\":\"Organisator\",\"description\":\"Kompetent. Praxisnah. Der ORGANISATOR bereitet in 10 Ausgaben pro Jahr die wesentlichen Themen f\u00fcr F\u00fchrungskr\u00e4fte von KMU auf.\",\"publisher\":{\"@id\":\"https:\\\/\\\/www.organisator.ch\\\/#organization\"},\"potentialAction\":[{\"@type\":\"SearchAction\",\"target\":{\"@type\":\"EntryPoint\",\"urlTemplate\":\"https:\\\/\\\/www.organisator.ch\\\/?s={search_term_string}\"},\"query-input\":{\"@type\":\"PropertyValueSpecification\",\"valueRequired\":true,\"valueName\":\"search_term_string\"}}],\"inLanguage\":\"fr-FR\"},{\"@type\":\"Organization\",\"@id\":\"https:\\\/\\\/www.organisator.ch\\\/#organization\",\"name\":\"Organisator\",\"url\":\"https:\\\/\\\/www.organisator.ch\\\/\",\"logo\":{\"@type\":\"ImageObject\",\"inLanguage\":\"fr-FR\",\"@id\":\"https:\\\/\\\/www.organisator.ch\\\/#\\\/schema\\\/logo\\\/image\\\/\",\"url\":\"https:\\\/\\\/www.organisator.ch\\\/wp-content\\\/uploads\\\/2022\\\/01\\\/Logo_Organisator_Website.png\",\"contentUrl\":\"https:\\\/\\\/www.organisator.ch\\\/wp-content\\\/uploads\\\/2022\\\/01\\\/Logo_Organisator_Website.png\",\"width\":800,\"height\":77,\"caption\":\"Organisator\"},\"image\":{\"@id\":\"https:\\\/\\\/www.organisator.ch\\\/#\\\/schema\\\/logo\\\/image\\\/\"},\"sameAs\":[\"https:\\\/\\\/www.facebook.com\\\/OrganisatorFachmagazin\",\"https:\\\/\\\/www.linkedin.com\\\/showcase\\\/organisator-das-magazin-fr-kmu\",\"https:\\\/\\\/www.xing.com\\\/news\\\/pages\\\/organisator-ch-695\",\"https:\\\/\\\/www.youtube.com\\\/channel\\\/UCGP2Sq0iWaZwT3BdIAQFYpw\"]},{\"@type\":\"Person\",\"@id\":\"https:\\\/\\\/www.organisator.ch\\\/#\\\/schema\\\/person\\\/6f650f90b2842cd4c0cc334b4e36f67e\",\"name\":\"thomas.berner\",\"image\":{\"@type\":\"ImageObject\",\"inLanguage\":\"fr-FR\",\"@id\":\"https:\\\/\\\/secure.gravatar.com\\\/avatar\\\/ac5001d2a36cb6c6cd3e50789007ffca834b477b74a2144564522e944eabff61?s=96&d=mm&r=g\",\"url\":\"https:\\\/\\\/secure.gravatar.com\\\/avatar\\\/ac5001d2a36cb6c6cd3e50789007ffca834b477b74a2144564522e944eabff61?s=96&d=mm&r=g\",\"contentUrl\":\"https:\\\/\\\/secure.gravatar.com\\\/avatar\\\/ac5001d2a36cb6c6cd3e50789007ffca834b477b74a2144564522e944eabff61?s=96&d=mm&r=g\",\"caption\":\"thomas.berner\"},\"url\":\"https:\\\/\\\/www.organisator.ch\\\/fr\\\/author\\\/thomas-berner\\\/\"}]}<\/script>\n<!-- \/ Yoast SEO plugin. -->","yoast_head_json":{"title":"Cr\u00e9er une entreprise : de pr\u00e9f\u00e9rence en Suisse - Organisateur","description":"Si vous souhaitez cr\u00e9er une entreprise en Europe, vous devriez le faire en Suisse. C'est ce que montre le dernier Barom\u00e8tre de l'emploi Randstad.","robots":{"index":"index","follow":"follow","max-snippet":"max-snippet:-1","max-image-preview":"max-image-preview:large","max-video-preview":"max-video-preview:-1"},"canonical":"https:\/\/www.organisator.ch\/fr\/general\/2017-07-07\/unternehmen-gruenden-am-besten-in-der-schweiz\/","og_locale":"fr_FR","og_type":"article","og_title":"Unternehmen gr\u00fcnden: am besten in der Schweiz","og_description":"Entscheidungsfreiheit, schnelle Ideenumsetzung und grosse Dynamik - all dies sind Vorteile von Start-ups. Wer in Europa ein Unternehmen gr\u00fcnden will, sollte dies in der Schweiz tun.","og_url":"https:\/\/www.organisator.ch\/fr\/general\/2017-07-07\/unternehmen-gruenden-am-besten-in-der-schweiz\/","og_site_name":"Organisator","article_publisher":"https:\/\/www.facebook.com\/OrganisatorFachmagazin","article_published_time":"2017-07-07T06:03:04+00:00","og_image":[{"width":600,"height":480,"url":"https:\/\/www.organisator.ch\/wp-content\/uploads\/2017\/07\/Unternehmen-gruenden-am-besten-in-der-Schweiz-1_Organisator.jpg","type":"image\/jpeg"}],"author":"thomas.berner","twitter_card":"summary_large_image","twitter_title":"Unternehmen #gr\u00fcnden: am besten in der Schweiz","twitter_description":"Entscheidungsfreiheit, schnelle Ideenumsetzung und grosse Dynamik - all dies sind Vorteile von #Start-ups. Wer in Europa ein Unternehmen gr\u00fcnden will, sollte dies in der Schweiz tun.","twitter_image":"https:\/\/www.organisator.ch\/wp-content\/uploads\/2017\/07\/Unternehmen-gr\u00fcnden-am-besten-in-der-Schweiz-1_Organisator.jpg","schema":{"@context":"https:\/\/schema.org","@graph":[{"@type":"Article","@id":"https:\/\/www.organisator.ch\/it\/generale\/2017-07-07\/unternehmen-gruenden-am-besten-in-der-schweiz\/#article","isPartOf":{"@id":"https:\/\/www.organisator.ch\/it\/generale\/2017-07-07\/unternehmen-gruenden-am-besten-in-der-schweiz\/"},"author":{"name":"thomas.berner","@id":"https:\/\/www.organisator.ch\/#\/schema\/person\/6f650f90b2842cd4c0cc334b4e36f67e"},"headline":"Unternehmen gr\u00fcnden: am besten in der Schweiz","datePublished":"2017-07-07T06:03:04+00:00","mainEntityOfPage":{"@id":"https:\/\/www.organisator.ch\/it\/generale\/2017-07-07\/unternehmen-gruenden-am-besten-in-der-schweiz\/"},"wordCount":269,"commentCount":0,"publisher":{"@id":"https:\/\/www.organisator.ch\/#organization"},"image":{"@id":"https:\/\/www.organisator.ch\/it\/generale\/2017-07-07\/unternehmen-gruenden-am-besten-in-der-schweiz\/#primaryimage"},"thumbnailUrl":"https:\/\/www.organisator.ch\/wp-content\/uploads\/2017\/07\/Unternehmen-gruenden-am-besten-in-der-Schweiz-1_Organisator.jpg","keywords":["Management","Start-ups","Vermischtes","Wirtschaftspolitik"],"articleSection":["Allgemein"],"inLanguage":"fr-FR"},{"@type":"WebPage","@id":"https:\/\/www.organisator.ch\/it\/generale\/2017-07-07\/unternehmen-gruenden-am-besten-in-der-schweiz\/","url":"https:\/\/www.organisator.ch\/it\/generale\/2017-07-07\/unternehmen-gruenden-am-besten-in-der-schweiz\/","name":"Cr\u00e9er une entreprise : de pr\u00e9f\u00e9rence en Suisse - Organisateur","isPartOf":{"@id":"https:\/\/www.organisator.ch\/#website"},"primaryImageOfPage":{"@id":"https:\/\/www.organisator.ch\/it\/generale\/2017-07-07\/unternehmen-gruenden-am-besten-in-der-schweiz\/#primaryimage"},"image":{"@id":"https:\/\/www.organisator.ch\/it\/generale\/2017-07-07\/unternehmen-gruenden-am-besten-in-der-schweiz\/#primaryimage"},"thumbnailUrl":"https:\/\/www.organisator.ch\/wp-content\/uploads\/2017\/07\/Unternehmen-gruenden-am-besten-in-der-Schweiz-1_Organisator.jpg","datePublished":"2017-07-07T06:03:04+00:00","description":"Si vous souhaitez cr\u00e9er une entreprise en Europe, vous devriez le faire en Suisse. C'est ce que montre le dernier Barom\u00e8tre de l'emploi Randstad.","breadcrumb":{"@id":"https:\/\/www.organisator.ch\/it\/generale\/2017-07-07\/unternehmen-gruenden-am-besten-in-der-schweiz\/#breadcrumb"},"inLanguage":"fr-FR","potentialAction":[{"@type":"ReadAction","target":["https:\/\/www.organisator.ch\/it\/generale\/2017-07-07\/unternehmen-gruenden-am-besten-in-der-schweiz\/"]}]},{"@type":"ImageObject","inLanguage":"fr-FR","@id":"https:\/\/www.organisator.ch\/it\/generale\/2017-07-07\/unternehmen-gruenden-am-besten-in-der-schweiz\/#primaryimage","url":"https:\/\/www.organisator.ch\/wp-content\/uploads\/2017\/07\/Unternehmen-gruenden-am-besten-in-der-Schweiz-1_Organisator.jpg","contentUrl":"https:\/\/www.organisator.ch\/wp-content\/uploads\/2017\/07\/Unternehmen-gruenden-am-besten-in-der-Schweiz-1_Organisator.jpg","width":600,"height":480,"caption":"70 Prozent der Befragten sind der Meinung, dass Unternehmen gr\u00fcnden man in der Schweiz besonders gut Unternehmen gr\u00fcnden k\u00f6nne. (Grafik: Randstad)"},{"@type":"BreadcrumbList","@id":"https:\/\/www.organisator.ch\/it\/generale\/2017-07-07\/unternehmen-gruenden-am-besten-in-der-schweiz\/#breadcrumb","itemListElement":[{"@type":"ListItem","position":1,"name":"Home","item":"https:\/\/www.organisator.ch\/"},{"@type":"ListItem","position":2,"name":"Unternehmen gr\u00fcnden: am besten in der Schweiz"}]},{"@type":"WebSite","@id":"https:\/\/www.organisator.ch\/#website","url":"https:\/\/www.organisator.ch\/","name":"Organisateur","description":"Comp\u00e9tence et comp\u00e9tence. Proches de la pratique. L'ORGANISATEUR pr\u00e9pare 10 num\u00e9ros par an sur les th\u00e8mes essentiels pour les dirigeants de PME.","publisher":{"@id":"https:\/\/www.organisator.ch\/#organization"},"potentialAction":[{"@type":"SearchAction","target":{"@type":"EntryPoint","urlTemplate":"https:\/\/www.organisator.ch\/?s={search_term_string}"},"query-input":{"@type":"PropertyValueSpecification","valueRequired":true,"valueName":"search_term_string"}}],"inLanguage":"fr-FR"},{"@type":"Organization","@id":"https:\/\/www.organisator.ch\/#organization","name":"Organisateur","url":"https:\/\/www.organisator.ch\/","logo":{"@type":"ImageObject","inLanguage":"fr-FR","@id":"https:\/\/www.organisator.ch\/#\/schema\/logo\/image\/","url":"https:\/\/www.organisator.ch\/wp-content\/uploads\/2022\/01\/Logo_Organisator_Website.png","contentUrl":"https:\/\/www.organisator.ch\/wp-content\/uploads\/2022\/01\/Logo_Organisator_Website.png","width":800,"height":77,"caption":"Organisator"},"image":{"@id":"https:\/\/www.organisator.ch\/#\/schema\/logo\/image\/"},"sameAs":["https:\/\/www.facebook.com\/OrganisatorFachmagazin","https:\/\/www.linkedin.com\/showcase\/organisator-das-magazin-fr-kmu","https:\/\/www.xing.com\/news\/pages\/organisator-ch-695","https:\/\/www.youtube.com\/channel\/UCGP2Sq0iWaZwT3BdIAQFYpw"]},{"@type":"Person","@id":"https:\/\/www.organisator.ch\/#\/schema\/person\/6f650f90b2842cd4c0cc334b4e36f67e","name":"thomas.berner","image":{"@type":"ImageObject","inLanguage":"fr-FR","@id":"https:\/\/secure.gravatar.com\/avatar\/ac5001d2a36cb6c6cd3e50789007ffca834b477b74a2144564522e944eabff61?s=96&d=mm&r=g","url":"https:\/\/secure.gravatar.com\/avatar\/ac5001d2a36cb6c6cd3e50789007ffca834b477b74a2144564522e944eabff61?s=96&d=mm&r=g","contentUrl":"https:\/\/secure.gravatar.com\/avatar\/ac5001d2a36cb6c6cd3e50789007ffca834b477b74a2144564522e944eabff61?s=96&d=mm&r=g","caption":"thomas.berner"},"url":"https:\/\/www.organisator.ch\/fr\/author\/thomas-berner\/"}]}},"_links":{"self":[{"href":"https:\/\/www.organisator.ch\/fr\/wp-json\/wp\/v2\/posts\/2158","targetHints":{"allow":["GET"]}}],"collection":[{"href":"https:\/\/www.organisator.ch\/fr\/wp-json\/wp\/v2\/posts"}],"about":[{"href":"https:\/\/www.organisator.ch\/fr\/wp-json\/wp\/v2\/types\/post"}],"author":[{"embeddable":true,"href":"https:\/\/www.organisator.ch\/fr\/wp-json\/wp\/v2\/users\/4"}],"replies":[{"embeddable":true,"href":"https:\/\/www.organisator.ch\/fr\/wp-json\/wp\/v2\/comments?post=2158"}],"version-history":[{"count":0,"href":"https:\/\/www.organisator.ch\/fr\/wp-json\/wp\/v2\/posts\/2158\/revisions"}],"wp:featuredmedia":[{"embeddable":true,"href":"https:\/\/www.organisator.ch\/fr\/wp-json\/wp\/v2\/media\/2159"}],"wp:attachment":[{"href":"https:\/\/www.organisator.ch\/fr\/wp-json\/wp\/v2\/media?parent=2158"}],"wp:term":[{"taxonomy":"category","embeddable":true,"href":"https:\/\/www.organisator.ch\/fr\/wp-json\/wp\/v2\/categories?post=2158"},{"taxonomy":"post_tag","embeddable":true,"href":"https:\/\/www.organisator.ch\/fr\/wp-json\/wp\/v2\/tags?post=2158"}],"curies":[{"name":"wp","href":"https:\/\/api.w.org\/{rel}","templated":true}]}}