{"id":21617,"date":"2023-09-07T08:23:36","date_gmt":"2023-09-07T06:23:36","guid":{"rendered":"https:\/\/www.organisator.ch\/?p=21617"},"modified":"2023-09-07T08:23:36","modified_gmt":"2023-09-07T06:23:36","slug":"150-jahre-kaufmaennischer-verband-symposium-zu-new-work","status":"publish","type":"post","link":"https:\/\/www.organisator.ch\/fr\/management\/2023-09-07\/150-jahre-kaufmaennischer-verband-symposium-zu-new-work\/","title":{"rendered":"150 ans de la Soci\u00e9t\u00e9 des employ\u00e9s de commerce : symposium sur le New Work"},"content":{"rendered":"<figure id=\"attachment_21618\" aria-describedby=\"caption-attachment-21618\" style=\"width: 680px\" class=\"wp-caption alignnone\"><img loading=\"lazy\" decoding=\"async\" class=\"size-full wp-image-21618\" src=\"https:\/\/www.organisator.ch\/wp-content\/uploads\/2023\/09\/150-Jahre-Kaufmaennischer-Verband-Symposium-zu-New-Work-1_Organisator.jpg\" alt=\"\" width=\"680\" height=\"347\" srcset=\"https:\/\/www.organisator.ch\/wp-content\/uploads\/2023\/09\/150-Jahre-Kaufmaennischer-Verband-Symposium-zu-New-Work-1_Organisator.jpg 680w, https:\/\/www.organisator.ch\/wp-content\/uploads\/2023\/09\/150-Jahre-Kaufmaennischer-Verband-Symposium-zu-New-Work-1_Organisator-18x9.jpg 18w, https:\/\/www.organisator.ch\/wp-content\/uploads\/2023\/09\/150-Jahre-Kaufmaennischer-Verband-Symposium-zu-New-Work-1_Organisator-375x191.jpg 375w\" sizes=\"auto, (max-width: 680px) 100vw, 680px\" \/><figcaption id=\"caption-attachment-21618\" class=\"wp-caption-text\">Gianni Fabiano de brandSTIFT a esquiss\u00e9 graphiquement, en direct pendant la manifestation, \u00e0 quoi pourrait ressembler l'avenir du monde du travail pour la Soci\u00e9t\u00e9 suisse des employ\u00e9s de commerce. (Source : Soci\u00e9t\u00e9 suisse des employ\u00e9s de commerce\/Reto Schlatter)<\/figcaption><\/figure>\n<p>A l'occasion de son 150e anniversaire, la Soci\u00e9t\u00e9 suisse des employ\u00e9s de commerce a organis\u00e9 le 1er septembre 2023 le symposium intitul\u00e9 \"New Work Experience\" (\u00e0 ne pas confondre avec le <a href=\"https:\/\/www.organisator.ch\/de\/human-resources\/2023-06-15\/rueckblick-nwx23-arbeitsmarkt-im-banne-von-fachkraeftemangel-generationenkonflikten-und-ki\/\">Manifestation NWX23 \u00e0 Hambourg<\/a>) a \u00e9t\u00e9 organis\u00e9e. L'\u00e9v\u00e9nement, qui s'est d\u00e9roul\u00e9 \u00e0 la centrale \u00e9lectrique de Zurich, a offert un aper\u00e7u complet des opportunit\u00e9s et des d\u00e9fis du monde du travail de demain avec cinq keynotes inspirantes et un total de 14 ateliers interactifs. Les expos\u00e9s des keynotes ont constitu\u00e9 le c\u0153ur du symposium et ont mis en lumi\u00e8re les principaux aspects du New Work - de l'\u00e9volution du travail et des nouveaux mod\u00e8les de travail au d\u00e9veloppement des talents et au sens. Dans un espace walk-in ludique, les participants ont en outre pu tester des machines \u00e0 \u00e9crire de diff\u00e9rentes d\u00e9cennies ainsi que le ChatGPT.<\/p>\n<h3>Les nomades num\u00e9riques, la g\u00e9n\u00e9ration Z et les changements dans les relations sociales<\/h3>\n<p>Barbara Josef, co-fondatrice de 5-9 AG, a introduit le programme de la journ\u00e9e avec son expos\u00e9 principal \"New Work - New Deals\" : \"Notre soci\u00e9t\u00e9 actuelle est compos\u00e9e de g\u00e9n\u00e9rations qui ont le grand privil\u00e8ge de faire quelque chose d'utile avec leur travail, quelque chose qui nous fait avancer en tant que soci\u00e9t\u00e9 et quelque chose dans lequel nous pouvons nous \u00e9panouir\". Lors de diff\u00e9rentes Breakout Sessions, les participants ont eu un aper\u00e7u approfondi des diff\u00e9rentes formes et perspectives du New Work.<\/p>\n<figure id=\"attachment_21619\" aria-describedby=\"caption-attachment-21619\" style=\"width: 680px\" class=\"wp-caption alignnone\"><img loading=\"lazy\" decoding=\"async\" class=\"size-full wp-image-21619\" src=\"https:\/\/www.organisator.ch\/wp-content\/uploads\/2023\/09\/150-Jahre-Kaufmaennischer-Verband-Symposium-zu-New-Work-2_Organisator.jpg\" alt=\"\" width=\"680\" height=\"453\" srcset=\"https:\/\/www.organisator.ch\/wp-content\/uploads\/2023\/09\/150-Jahre-Kaufmaennischer-Verband-Symposium-zu-New-Work-2_Organisator.jpg 680w, https:\/\/www.organisator.ch\/wp-content\/uploads\/2023\/09\/150-Jahre-Kaufmaennischer-Verband-Symposium-zu-New-Work-2_Organisator-18x12.jpg 18w, https:\/\/www.organisator.ch\/wp-content\/uploads\/2023\/09\/150-Jahre-Kaufmaennischer-Verband-Symposium-zu-New-Work-2_Organisator-375x250.jpg 375w, https:\/\/www.organisator.ch\/wp-content\/uploads\/2023\/09\/150-Jahre-Kaufmaennischer-Verband-Symposium-zu-New-Work-2_Organisator-525x350.jpg 525w\" sizes=\"auto, (max-width: 680px) 100vw, 680px\" \/><figcaption id=\"caption-attachment-21619\" class=\"wp-caption-text\">Barbara Josef lors de son discours d'ouverture. (Source : Soci\u00e9t\u00e9 suisse des employ\u00e9s de commerce\/Reto Schlatter)<\/figcaption><\/figure>\n<p>Lorenz Ramseyer, pr\u00e9sident des Nomades num\u00e9riques suisses, a donn\u00e9 des conseils sur le nomadisme num\u00e9rique dans un autre keynote : \"J'ai un itin\u00e9raire \u00e0 v\u00e9lo : d'un petit banc \u00e0 l'autre. Entre les deux, je fais du v\u00e9lo et je r\u00e9fl\u00e9chis \u00e0 ce que j'\u00e9crirai dans le prochain mail\". Outre les nomades num\u00e9riques qui red\u00e9finissent le concept traditionnel du lieu de travail, l'accent a \u00e9galement \u00e9t\u00e9 mis sur les changements sociaux et la cohabitation dans le monde du travail moderne. Katja Rost, professeur de sociologie et privat-docent en sciences \u00e9conomiques, a d\u00e9fini dans son discours d'ouverture : \"Le new work est un concept qui permet une organisation flexible de la vie gr\u00e2ce \u00e0 la flexibilisation du lieu de travail ou du temps de travail. Cela pr\u00e9sente des avantages mais aussi des inconv\u00e9nients\". Pour maintenir l'\u00e9quilibre entre les deux, il faut une bonne culture du travail, de nouvelles formes de collaboration et de leadership et une protection globale de la sant\u00e9.<\/p>\n<h3>150 ans de la Soci\u00e9t\u00e9 suisse des employ\u00e9s de commerce<\/h3>\n<p>En accord avec le 150e anniversaire, pr\u00e8s de 150 participants de diff\u00e9rentes branches et sp\u00e9cialit\u00e9s ont b\u00e9n\u00e9fici\u00e9 d'une plateforme inspirante pour \u00e9changer des id\u00e9es et des connaissances. La Soci\u00e9t\u00e9 suisse des employ\u00e9s de commerce a organis\u00e9 le symposium dans le cadre de son 150e anniversaire. Christian Z\u00fcnd et Sascha M. Burkhalter (CEO et futur CEO de la Soci\u00e9t\u00e9 suisse des employ\u00e9s de commerce) en sont convaincus : \"Il est important pour nous de poursuivre cette histoire vieille de 150 ans et de continuer \u00e0 participer activement \u00e0 l'organisation du monde du travail, tant dans le domaine de la formation professionnelle que dans celui du partenariat social et de la politique\".<\/p>\n<p><em>Source : <a href=\"http:\/\/www.kfmv.ch\">Association des commer\u00e7ants\u00a0<\/a><\/em><\/p>","protected":false},"excerpt":{"rendered":"<p>Des experts renomm\u00e9s ont pr\u00e9sent\u00e9 diff\u00e9rents aspects op\u00e9rationnels et sociaux du New Work lors du symposium \"New Work Experience\" du 1er septembre 2023 : du leadership et du sens \u00e0 l'entrepreneuriat et \u00e0 la neuro-agilit\u00e9, en passant par la formation et le d\u00e9veloppement des talents. Pr\u00e8s de 150 participants ont re\u00e7u des impulsions pour une organisation r\u00e9ussie de la nouvelle r\u00e9alit\u00e9 du travail.<\/p>","protected":false},"author":4,"featured_media":21618,"comment_status":"closed","ping_status":"closed","sticky":false,"template":"","format":"standard","meta":{"_acf_changed":false,"_yoast_wpseo_focuskw":"New Work","_yoast_wpseo_metadesc":"Expertinnen und Experten pr\u00e4sentierten am 1. September 2023 an einem Symposium betriebliche und gesellschaftliche Aspekte von New Work.","articlekey":"","footnotes":""},"categories":[28],"tags":[193,363,503],"class_list":["post-21617","post","type-post","status-publish","format-standard","has-post-thumbnail","hentry","category-management","tag-fachkongressfachmesse","tag-new-work","tag-verbaende"],"acf":[],"yoast_head":"<!-- This site is optimized with the Yoast SEO plugin v27.5 - https:\/\/yoast.com\/product\/yoast-seo-wordpress\/ -->\n<title>150 Jahre Kaufm\u00e4nnischer Verband: Symposium zu New Work - Organisator<\/title>\n<meta name=\"description\" content=\"Expertinnen und Experten pr\u00e4sentierten am 1. September 2023 an einem Symposium betriebliche und gesellschaftliche Aspekte von New Work.\" \/>\n<meta name=\"robots\" content=\"index, follow, max-snippet:-1, max-image-preview:large, max-video-preview:-1\" \/>\n<link rel=\"canonical\" href=\"https:\/\/www.organisator.ch\/fr\/gestion-2\/2023-09-07\/150-jahre-kaufmaennischer-verband-symposium-zu-new-work\/\" \/>\n<meta property=\"og:locale\" content=\"fr_FR\" \/>\n<meta property=\"og:type\" content=\"article\" \/>\n<meta property=\"og:title\" content=\"150 Jahre Kaufm\u00e4nnischer Verband: Symposium zu New Work\" \/>\n<meta property=\"og:description\" content=\"Expertinnen und Experten pr\u00e4sentierten am 1. September 2023 an einem Symposium betriebliche und gesellschaftliche Aspekte von New Work.\" \/>\n<meta property=\"og:url\" content=\"https:\/\/www.organisator.ch\/fr\/gestion-2\/2023-09-07\/150-jahre-kaufmaennischer-verband-symposium-zu-new-work\/\" \/>\n<meta property=\"og:site_name\" content=\"Organisator\" \/>\n<meta property=\"article:publisher\" content=\"https:\/\/www.facebook.com\/OrganisatorFachmagazin\" \/>\n<meta property=\"article:published_time\" content=\"2023-09-07T06:23:36+00:00\" \/>\n<meta property=\"og:image\" content=\"https:\/\/www.organisator.ch\/wp-content\/uploads\/2023\/09\/150-Jahre-Kaufmaennischer-Verband-Symposium-zu-New-Work-1_Organisator.jpg\" \/>\n\t<meta property=\"og:image:width\" content=\"680\" \/>\n\t<meta property=\"og:image:height\" content=\"347\" \/>\n\t<meta property=\"og:image:type\" content=\"image\/jpeg\" \/>\n<meta name=\"author\" content=\"thomas.berner\" \/>\n<meta name=\"twitter:card\" content=\"summary_large_image\" \/>\n<meta name=\"twitter:title\" content=\"150 Jahre #Kaufm\u00e4nnischerVerband: #Symposium zu New Work\" \/>\n<meta name=\"twitter:description\" content=\"Expertinnen und Experten pr\u00e4sentierten am 1. September 2023 an einem #Symposium betriebliche und gesellschaftliche Aspekte von New Work.\" \/>\n<meta name=\"twitter:image\" content=\"https:\/\/www.organisator.ch\/wp-content\/uploads\/2023\/09\/150-Jahre-Kaufmaennischer-Verband-Symposium-zu-New-Work-1_Organisator.jpg\" \/>\n<script type=\"application\/ld+json\" class=\"yoast-schema-graph\">{\"@context\":\"https:\\\/\\\/schema.org\",\"@graph\":[{\"@type\":\"Article\",\"@id\":\"https:\\\/\\\/www.organisator.ch\\\/management\\\/2023-09-07\\\/150-jahre-kaufmaennischer-verband-symposium-zu-new-work\\\/#article\",\"isPartOf\":{\"@id\":\"https:\\\/\\\/www.organisator.ch\\\/management\\\/2023-09-07\\\/150-jahre-kaufmaennischer-verband-symposium-zu-new-work\\\/\"},\"author\":{\"name\":\"thomas.berner\",\"@id\":\"https:\\\/\\\/www.organisator.ch\\\/#\\\/schema\\\/person\\\/6f650f90b2842cd4c0cc334b4e36f67e\"},\"headline\":\"150 Jahre Kaufm\u00e4nnischer Verband: Symposium zu New Work\",\"datePublished\":\"2023-09-07T06:23:36+00:00\",\"mainEntityOfPage\":{\"@id\":\"https:\\\/\\\/www.organisator.ch\\\/management\\\/2023-09-07\\\/150-jahre-kaufmaennischer-verband-symposium-zu-new-work\\\/\"},\"wordCount\":479,\"publisher\":{\"@id\":\"https:\\\/\\\/www.organisator.ch\\\/#organization\"},\"image\":{\"@id\":\"https:\\\/\\\/www.organisator.ch\\\/management\\\/2023-09-07\\\/150-jahre-kaufmaennischer-verband-symposium-zu-new-work\\\/#primaryimage\"},\"thumbnailUrl\":\"https:\\\/\\\/www.organisator.ch\\\/wp-content\\\/uploads\\\/2023\\\/09\\\/150-Jahre-Kaufmaennischer-Verband-Symposium-zu-New-Work-1_Organisator.jpg\",\"keywords\":[\"Fachkongress\\\/Fachmesse\",\"New Work\",\"Verb\u00e4nde\"],\"articleSection\":[\"MANAGEMENT\"],\"inLanguage\":\"fr-FR\"},{\"@type\":\"WebPage\",\"@id\":\"https:\\\/\\\/www.organisator.ch\\\/management\\\/2023-09-07\\\/150-jahre-kaufmaennischer-verband-symposium-zu-new-work\\\/\",\"url\":\"https:\\\/\\\/www.organisator.ch\\\/management\\\/2023-09-07\\\/150-jahre-kaufmaennischer-verband-symposium-zu-new-work\\\/\",\"name\":\"150 Jahre Kaufm\u00e4nnischer Verband: Symposium zu New Work - Organisator\",\"isPartOf\":{\"@id\":\"https:\\\/\\\/www.organisator.ch\\\/#website\"},\"primaryImageOfPage\":{\"@id\":\"https:\\\/\\\/www.organisator.ch\\\/management\\\/2023-09-07\\\/150-jahre-kaufmaennischer-verband-symposium-zu-new-work\\\/#primaryimage\"},\"image\":{\"@id\":\"https:\\\/\\\/www.organisator.ch\\\/management\\\/2023-09-07\\\/150-jahre-kaufmaennischer-verband-symposium-zu-new-work\\\/#primaryimage\"},\"thumbnailUrl\":\"https:\\\/\\\/www.organisator.ch\\\/wp-content\\\/uploads\\\/2023\\\/09\\\/150-Jahre-Kaufmaennischer-Verband-Symposium-zu-New-Work-1_Organisator.jpg\",\"datePublished\":\"2023-09-07T06:23:36+00:00\",\"description\":\"Expertinnen und Experten pr\u00e4sentierten am 1. September 2023 an einem Symposium betriebliche und gesellschaftliche Aspekte von New Work.\",\"breadcrumb\":{\"@id\":\"https:\\\/\\\/www.organisator.ch\\\/management\\\/2023-09-07\\\/150-jahre-kaufmaennischer-verband-symposium-zu-new-work\\\/#breadcrumb\"},\"inLanguage\":\"fr-FR\",\"potentialAction\":[{\"@type\":\"ReadAction\",\"target\":[\"https:\\\/\\\/www.organisator.ch\\\/management\\\/2023-09-07\\\/150-jahre-kaufmaennischer-verband-symposium-zu-new-work\\\/\"]}]},{\"@type\":\"ImageObject\",\"inLanguage\":\"fr-FR\",\"@id\":\"https:\\\/\\\/www.organisator.ch\\\/management\\\/2023-09-07\\\/150-jahre-kaufmaennischer-verband-symposium-zu-new-work\\\/#primaryimage\",\"url\":\"https:\\\/\\\/www.organisator.ch\\\/wp-content\\\/uploads\\\/2023\\\/09\\\/150-Jahre-Kaufmaennischer-Verband-Symposium-zu-New-Work-1_Organisator.jpg\",\"contentUrl\":\"https:\\\/\\\/www.organisator.ch\\\/wp-content\\\/uploads\\\/2023\\\/09\\\/150-Jahre-Kaufmaennischer-Verband-Symposium-zu-New-Work-1_Organisator.jpg\",\"width\":680,\"height\":347,\"caption\":\"Wie die Zukunft der Arbeitswelt aussehen kann, hat Gianni Fabiano von brandSTIFT f\u00fcr den Kaufm\u00e4nnischen Verband Schweiz live w\u00e4hrend des Anlasses grafisch skizziert. (Quelle: Kaufm\u00e4nnischer Verband Schweiz\\\/Reto Schlatter)\"},{\"@type\":\"BreadcrumbList\",\"@id\":\"https:\\\/\\\/www.organisator.ch\\\/management\\\/2023-09-07\\\/150-jahre-kaufmaennischer-verband-symposium-zu-new-work\\\/#breadcrumb\",\"itemListElement\":[{\"@type\":\"ListItem\",\"position\":1,\"name\":\"Home\",\"item\":\"https:\\\/\\\/www.organisator.ch\\\/\"},{\"@type\":\"ListItem\",\"position\":2,\"name\":\"150 Jahre Kaufm\u00e4nnischer Verband: Symposium zu New Work\"}]},{\"@type\":\"WebSite\",\"@id\":\"https:\\\/\\\/www.organisator.ch\\\/#website\",\"url\":\"https:\\\/\\\/www.organisator.ch\\\/\",\"name\":\"Organisator\",\"description\":\"Kompetent. Praxisnah. Der ORGANISATOR bereitet in 10 Ausgaben pro Jahr die wesentlichen Themen f\u00fcr F\u00fchrungskr\u00e4fte von KMU auf.\",\"publisher\":{\"@id\":\"https:\\\/\\\/www.organisator.ch\\\/#organization\"},\"potentialAction\":[{\"@type\":\"SearchAction\",\"target\":{\"@type\":\"EntryPoint\",\"urlTemplate\":\"https:\\\/\\\/www.organisator.ch\\\/?s={search_term_string}\"},\"query-input\":{\"@type\":\"PropertyValueSpecification\",\"valueRequired\":true,\"valueName\":\"search_term_string\"}}],\"inLanguage\":\"fr-FR\"},{\"@type\":\"Organization\",\"@id\":\"https:\\\/\\\/www.organisator.ch\\\/#organization\",\"name\":\"Organisator\",\"url\":\"https:\\\/\\\/www.organisator.ch\\\/\",\"logo\":{\"@type\":\"ImageObject\",\"inLanguage\":\"fr-FR\",\"@id\":\"https:\\\/\\\/www.organisator.ch\\\/#\\\/schema\\\/logo\\\/image\\\/\",\"url\":\"https:\\\/\\\/www.organisator.ch\\\/wp-content\\\/uploads\\\/2022\\\/01\\\/Logo_Organisator_Website.png\",\"contentUrl\":\"https:\\\/\\\/www.organisator.ch\\\/wp-content\\\/uploads\\\/2022\\\/01\\\/Logo_Organisator_Website.png\",\"width\":800,\"height\":77,\"caption\":\"Organisator\"},\"image\":{\"@id\":\"https:\\\/\\\/www.organisator.ch\\\/#\\\/schema\\\/logo\\\/image\\\/\"},\"sameAs\":[\"https:\\\/\\\/www.facebook.com\\\/OrganisatorFachmagazin\",\"https:\\\/\\\/www.linkedin.com\\\/showcase\\\/organisator-das-magazin-fr-kmu\",\"https:\\\/\\\/www.xing.com\\\/news\\\/pages\\\/organisator-ch-695\",\"https:\\\/\\\/www.youtube.com\\\/channel\\\/UCGP2Sq0iWaZwT3BdIAQFYpw\"]},{\"@type\":\"Person\",\"@id\":\"https:\\\/\\\/www.organisator.ch\\\/#\\\/schema\\\/person\\\/6f650f90b2842cd4c0cc334b4e36f67e\",\"name\":\"thomas.berner\",\"image\":{\"@type\":\"ImageObject\",\"inLanguage\":\"fr-FR\",\"@id\":\"https:\\\/\\\/secure.gravatar.com\\\/avatar\\\/ac5001d2a36cb6c6cd3e50789007ffca834b477b74a2144564522e944eabff61?s=96&d=mm&r=g\",\"url\":\"https:\\\/\\\/secure.gravatar.com\\\/avatar\\\/ac5001d2a36cb6c6cd3e50789007ffca834b477b74a2144564522e944eabff61?s=96&d=mm&r=g\",\"contentUrl\":\"https:\\\/\\\/secure.gravatar.com\\\/avatar\\\/ac5001d2a36cb6c6cd3e50789007ffca834b477b74a2144564522e944eabff61?s=96&d=mm&r=g\",\"caption\":\"thomas.berner\"},\"url\":\"https:\\\/\\\/www.organisator.ch\\\/fr\\\/author\\\/thomas-berner\\\/\"}]}<\/script>\n<!-- \/ Yoast SEO plugin. -->","yoast_head_json":{"title":"150 ans de la Soci\u00e9t\u00e9 des employ\u00e9s de commerce : Symposium sur le New Work - Organisateur","description":"Le 1er septembre 2023, des experts ont pr\u00e9sent\u00e9 les aspects op\u00e9rationnels et sociaux du New Work lors d'un symposium.","robots":{"index":"index","follow":"follow","max-snippet":"max-snippet:-1","max-image-preview":"max-image-preview:large","max-video-preview":"max-video-preview:-1"},"canonical":"https:\/\/www.organisator.ch\/fr\/gestion-2\/2023-09-07\/150-jahre-kaufmaennischer-verband-symposium-zu-new-work\/","og_locale":"fr_FR","og_type":"article","og_title":"150 Jahre Kaufm\u00e4nnischer Verband: Symposium zu New Work","og_description":"Expertinnen und Experten pr\u00e4sentierten am 1. September 2023 an einem Symposium betriebliche und gesellschaftliche Aspekte von New Work.","og_url":"https:\/\/www.organisator.ch\/fr\/gestion-2\/2023-09-07\/150-jahre-kaufmaennischer-verband-symposium-zu-new-work\/","og_site_name":"Organisator","article_publisher":"https:\/\/www.facebook.com\/OrganisatorFachmagazin","article_published_time":"2023-09-07T06:23:36+00:00","og_image":[{"width":680,"height":347,"url":"https:\/\/www.organisator.ch\/wp-content\/uploads\/2023\/09\/150-Jahre-Kaufmaennischer-Verband-Symposium-zu-New-Work-1_Organisator.jpg","type":"image\/jpeg"}],"author":"thomas.berner","twitter_card":"summary_large_image","twitter_title":"150 Jahre #Kaufm\u00e4nnischerVerband: #Symposium zu New Work","twitter_description":"Expertinnen und Experten pr\u00e4sentierten am 1. September 2023 an einem #Symposium betriebliche und gesellschaftliche Aspekte von New Work.","twitter_image":"https:\/\/www.organisator.ch\/wp-content\/uploads\/2023\/09\/150-Jahre-Kaufmaennischer-Verband-Symposium-zu-New-Work-1_Organisator.jpg","schema":{"@context":"https:\/\/schema.org","@graph":[{"@type":"Article","@id":"https:\/\/www.organisator.ch\/management\/2023-09-07\/150-jahre-kaufmaennischer-verband-symposium-zu-new-work\/#article","isPartOf":{"@id":"https:\/\/www.organisator.ch\/management\/2023-09-07\/150-jahre-kaufmaennischer-verband-symposium-zu-new-work\/"},"author":{"name":"thomas.berner","@id":"https:\/\/www.organisator.ch\/#\/schema\/person\/6f650f90b2842cd4c0cc334b4e36f67e"},"headline":"150 Jahre Kaufm\u00e4nnischer Verband: Symposium zu New Work","datePublished":"2023-09-07T06:23:36+00:00","mainEntityOfPage":{"@id":"https:\/\/www.organisator.ch\/management\/2023-09-07\/150-jahre-kaufmaennischer-verband-symposium-zu-new-work\/"},"wordCount":479,"publisher":{"@id":"https:\/\/www.organisator.ch\/#organization"},"image":{"@id":"https:\/\/www.organisator.ch\/management\/2023-09-07\/150-jahre-kaufmaennischer-verband-symposium-zu-new-work\/#primaryimage"},"thumbnailUrl":"https:\/\/www.organisator.ch\/wp-content\/uploads\/2023\/09\/150-Jahre-Kaufmaennischer-Verband-Symposium-zu-New-Work-1_Organisator.jpg","keywords":["Fachkongress\/Fachmesse","New Work","Verb\u00e4nde"],"articleSection":["MANAGEMENT"],"inLanguage":"fr-FR"},{"@type":"WebPage","@id":"https:\/\/www.organisator.ch\/management\/2023-09-07\/150-jahre-kaufmaennischer-verband-symposium-zu-new-work\/","url":"https:\/\/www.organisator.ch\/management\/2023-09-07\/150-jahre-kaufmaennischer-verband-symposium-zu-new-work\/","name":"150 ans de la Soci\u00e9t\u00e9 des employ\u00e9s de commerce : Symposium sur le New Work - Organisateur","isPartOf":{"@id":"https:\/\/www.organisator.ch\/#website"},"primaryImageOfPage":{"@id":"https:\/\/www.organisator.ch\/management\/2023-09-07\/150-jahre-kaufmaennischer-verband-symposium-zu-new-work\/#primaryimage"},"image":{"@id":"https:\/\/www.organisator.ch\/management\/2023-09-07\/150-jahre-kaufmaennischer-verband-symposium-zu-new-work\/#primaryimage"},"thumbnailUrl":"https:\/\/www.organisator.ch\/wp-content\/uploads\/2023\/09\/150-Jahre-Kaufmaennischer-Verband-Symposium-zu-New-Work-1_Organisator.jpg","datePublished":"2023-09-07T06:23:36+00:00","description":"Le 1er septembre 2023, des experts ont pr\u00e9sent\u00e9 les aspects op\u00e9rationnels et sociaux du New Work lors d'un symposium.","breadcrumb":{"@id":"https:\/\/www.organisator.ch\/management\/2023-09-07\/150-jahre-kaufmaennischer-verband-symposium-zu-new-work\/#breadcrumb"},"inLanguage":"fr-FR","potentialAction":[{"@type":"ReadAction","target":["https:\/\/www.organisator.ch\/management\/2023-09-07\/150-jahre-kaufmaennischer-verband-symposium-zu-new-work\/"]}]},{"@type":"ImageObject","inLanguage":"fr-FR","@id":"https:\/\/www.organisator.ch\/management\/2023-09-07\/150-jahre-kaufmaennischer-verband-symposium-zu-new-work\/#primaryimage","url":"https:\/\/www.organisator.ch\/wp-content\/uploads\/2023\/09\/150-Jahre-Kaufmaennischer-Verband-Symposium-zu-New-Work-1_Organisator.jpg","contentUrl":"https:\/\/www.organisator.ch\/wp-content\/uploads\/2023\/09\/150-Jahre-Kaufmaennischer-Verband-Symposium-zu-New-Work-1_Organisator.jpg","width":680,"height":347,"caption":"Wie die Zukunft der Arbeitswelt aussehen kann, hat Gianni Fabiano von brandSTIFT f\u00fcr den Kaufm\u00e4nnischen Verband Schweiz live w\u00e4hrend des Anlasses grafisch skizziert. (Quelle: Kaufm\u00e4nnischer Verband Schweiz\/Reto Schlatter)"},{"@type":"BreadcrumbList","@id":"https:\/\/www.organisator.ch\/management\/2023-09-07\/150-jahre-kaufmaennischer-verband-symposium-zu-new-work\/#breadcrumb","itemListElement":[{"@type":"ListItem","position":1,"name":"Home","item":"https:\/\/www.organisator.ch\/"},{"@type":"ListItem","position":2,"name":"150 Jahre Kaufm\u00e4nnischer Verband: Symposium zu New Work"}]},{"@type":"WebSite","@id":"https:\/\/www.organisator.ch\/#website","url":"https:\/\/www.organisator.ch\/","name":"Organisateur","description":"Comp\u00e9tence et comp\u00e9tence. Proches de la pratique. L'ORGANISATEUR pr\u00e9pare 10 num\u00e9ros par an sur les th\u00e8mes essentiels pour les dirigeants de PME.","publisher":{"@id":"https:\/\/www.organisator.ch\/#organization"},"potentialAction":[{"@type":"SearchAction","target":{"@type":"EntryPoint","urlTemplate":"https:\/\/www.organisator.ch\/?s={search_term_string}"},"query-input":{"@type":"PropertyValueSpecification","valueRequired":true,"valueName":"search_term_string"}}],"inLanguage":"fr-FR"},{"@type":"Organization","@id":"https:\/\/www.organisator.ch\/#organization","name":"Organisateur","url":"https:\/\/www.organisator.ch\/","logo":{"@type":"ImageObject","inLanguage":"fr-FR","@id":"https:\/\/www.organisator.ch\/#\/schema\/logo\/image\/","url":"https:\/\/www.organisator.ch\/wp-content\/uploads\/2022\/01\/Logo_Organisator_Website.png","contentUrl":"https:\/\/www.organisator.ch\/wp-content\/uploads\/2022\/01\/Logo_Organisator_Website.png","width":800,"height":77,"caption":"Organisator"},"image":{"@id":"https:\/\/www.organisator.ch\/#\/schema\/logo\/image\/"},"sameAs":["https:\/\/www.facebook.com\/OrganisatorFachmagazin","https:\/\/www.linkedin.com\/showcase\/organisator-das-magazin-fr-kmu","https:\/\/www.xing.com\/news\/pages\/organisator-ch-695","https:\/\/www.youtube.com\/channel\/UCGP2Sq0iWaZwT3BdIAQFYpw"]},{"@type":"Person","@id":"https:\/\/www.organisator.ch\/#\/schema\/person\/6f650f90b2842cd4c0cc334b4e36f67e","name":"thomas.berner","image":{"@type":"ImageObject","inLanguage":"fr-FR","@id":"https:\/\/secure.gravatar.com\/avatar\/ac5001d2a36cb6c6cd3e50789007ffca834b477b74a2144564522e944eabff61?s=96&d=mm&r=g","url":"https:\/\/secure.gravatar.com\/avatar\/ac5001d2a36cb6c6cd3e50789007ffca834b477b74a2144564522e944eabff61?s=96&d=mm&r=g","contentUrl":"https:\/\/secure.gravatar.com\/avatar\/ac5001d2a36cb6c6cd3e50789007ffca834b477b74a2144564522e944eabff61?s=96&d=mm&r=g","caption":"thomas.berner"},"url":"https:\/\/www.organisator.ch\/fr\/author\/thomas-berner\/"}]}},"_links":{"self":[{"href":"https:\/\/www.organisator.ch\/fr\/wp-json\/wp\/v2\/posts\/21617","targetHints":{"allow":["GET"]}}],"collection":[{"href":"https:\/\/www.organisator.ch\/fr\/wp-json\/wp\/v2\/posts"}],"about":[{"href":"https:\/\/www.organisator.ch\/fr\/wp-json\/wp\/v2\/types\/post"}],"author":[{"embeddable":true,"href":"https:\/\/www.organisator.ch\/fr\/wp-json\/wp\/v2\/users\/4"}],"replies":[{"embeddable":true,"href":"https:\/\/www.organisator.ch\/fr\/wp-json\/wp\/v2\/comments?post=21617"}],"version-history":[{"count":1,"href":"https:\/\/www.organisator.ch\/fr\/wp-json\/wp\/v2\/posts\/21617\/revisions"}],"predecessor-version":[{"id":21620,"href":"https:\/\/www.organisator.ch\/fr\/wp-json\/wp\/v2\/posts\/21617\/revisions\/21620"}],"wp:featuredmedia":[{"embeddable":true,"href":"https:\/\/www.organisator.ch\/fr\/wp-json\/wp\/v2\/media\/21618"}],"wp:attachment":[{"href":"https:\/\/www.organisator.ch\/fr\/wp-json\/wp\/v2\/media?parent=21617"}],"wp:term":[{"taxonomy":"category","embeddable":true,"href":"https:\/\/www.organisator.ch\/fr\/wp-json\/wp\/v2\/categories?post=21617"},{"taxonomy":"post_tag","embeddable":true,"href":"https:\/\/www.organisator.ch\/fr\/wp-json\/wp\/v2\/tags?post=21617"}],"curies":[{"name":"wp","href":"https:\/\/api.w.org\/{rel}","templated":true}]}}