{"id":21625,"date":"2023-09-07T12:05:11","date_gmt":"2023-09-07T10:05:11","guid":{"rendered":"https:\/\/www.m-q.ch\/?p=18476"},"modified":"2024-11-14T10:27:56","modified_gmt":"2024-11-14T09:27:56","slug":"wie-egos-die-digitalisierung-behindern","status":"publish","type":"post","link":"https:\/\/www.organisator.ch\/fr\/operational-excellence\/2023-09-07\/wie-egos-die-digitalisierung-behindern\/","title":{"rendered":"Comment les egos entravent la num\u00e9risation"},"content":{"rendered":"<figure id=\"attachment_18477\" class=\"wp-caption alignnone\" style=\"width: 680px\" aria-describedby=\"caption-attachment-18477\"><img class=\"alignnone wp-image-18477 size-full\" src=\"https:\/\/www.m-q.ch\/wp-content\/uploads\/2023\/09\/Wie-Egos-die-Digitalisierung-behindern_MQ.jpg\" alt=\"Projets informatiques \" width=\"680\" height=\"415\" \/>\r\n<figcaption id=\"caption-attachment-18477\" class=\"wp-caption-text\">Quand les egos font obstacle : De nombreux projets informatiques \u00e9chouent en raison de sensibilit\u00e9s personnelles. (Image : Depositphotos.com)<\/figcaption>\r\n<\/figure>\r\n<p>Aujourd'hui, aucun service sp\u00e9cialis\u00e9 d'une administration ni aucun d\u00e9partement d'une entreprise ne peut se passer de l'informatique. La num\u00e9risation des processus de travail, les interfaces avec les clients, les autres domaines sp\u00e9cialis\u00e9s ou les fournisseurs ainsi que les outils d'information et de reporting concernent chaque poste de travail. En revanche, les hi\u00e9rarchies traditionnelles et les sup\u00e9rieurs hi\u00e9rarchiques qui ne poss\u00e8dent que rarement une expertise informatique, mais qui ont une longue carri\u00e8re derri\u00e8re eux, s'opposent \u00e0 cette \u00e9volution. Ce m\u00e9lange fait \u00e9chouer de nombreux projets informatiques. Si l'on ajoute \u00e0 cela des gestionnaires de projets informatiques externes, de nombreux projets deviennent compl\u00e8tement incontr\u00f4lables. \"Ceux qui poss\u00e8dent les comp\u00e9tences techniques sont externes et ceux qui sont aux commandes ne sont pas sp\u00e9cialis\u00e9s. Les deux rencontrent des collaborateurs qui n'ont pas forc\u00e9ment envie de nouvelles technologies\", explique Oliver Meinecke, qui d\u00e9crit une situation fr\u00e9quente dans sa pratique professionnelle. Meinecke est chef de projet informatique et est consid\u00e9r\u00e9 comme un expert en mati\u00e8re d'efficacit\u00e9 dans l'informatique. Sa th\u00e8se : de nombreux projets \u00e9chouent \u00e0 cause des egos. Il n'est pas rare que les \u00e9gos entravent la num\u00e9risation de secteurs entiers et d'administrations.<\/p>\r\n<h3>Quand les egos font obstacle<\/h3>\r\n<p>\"Les directives hi\u00e9rarchiques et l'autorit\u00e9 bas\u00e9e sur le savoir empirique du monde analogique ne remplacent pas l'expertise n\u00e9cessaire pour introduire un nouveau logiciel ou pour repr\u00e9senter num\u00e9riquement des processus complexes\", Meinecke en est convaincu. \"L'opinion n'est pas le savoir. Les processus techniques ne peuvent pas \u00eatre modifi\u00e9s par d\u00e9cret\". Selon ce professionnel de l'informatique et de la num\u00e9risation, il n'est pas rare, notamment dans l'administration et au niveau de la direction, de produire beaucoup de papier dans lequel il est \u00e9crit comment le monde doit \u00eatre : des th\u00e8mes de s\u00e9curit\u00e9 aux fonctionnalit\u00e9s, en passant par le d\u00e9roulement minutieux du projet, de l'acquisition \u00e0 l'impl\u00e9mentation. Ces directives sont ensuite impos\u00e9es par le pouvoir de la fonction, souvent en d\u00e9pit de l'expertise professionnelle et technologique et sans la participation des utilisateurs ult\u00e9rieurs. \"C'est ainsi que tout le monde doit finalement vivre avec les cons\u00e9quences, aussi bien les responsables du projet que les personnes impliqu\u00e9es et les utilisateurs ult\u00e9rieurs\".<\/p>\r\n<p>De nombreux projets ont \u00e9chou\u00e9 \u00e0 cause de cela. \"Les r\u00e8gles et les directives deviennent de plus en plus souvent des dogmes. Les modifier reviendrait \u00e0 perdre la face pour l'un ou l'autre. De nombreux sup\u00e9rieurs hi\u00e9rarchiques dans les administrations et les managers dans les entreprises sont incapables de prendre des contre-mesures, de reconna\u00eetre leurs erreurs ou de laisser les directives \u00eatre mesur\u00e9es \u00e0 la r\u00e9alit\u00e9 ou de les remettre en question\", sait Meinecke. La gestion de projet agile, les solutions cr\u00e9atives et les optimisations spontan\u00e9es deviennent ainsi quasiment impossibles. Ils \u00e9chouent tout simplement \u00e0 cause de leur ego.<\/p>\r\n<h3>Ne pas simplement num\u00e9riser de mauvais processus analogiques<\/h3>\r\n<p>L'expert num\u00e9rique est convaincu qu'une nouvelle culture est n\u00e9cessaire : il faut s'\u00e9loigner de l'id\u00e9e d'avoir absolument raison et reconna\u00eetre les changements d'opinion et de direction. \"La coh\u00e9rence est souvent confondue avec l'obstination. Celui qui change trop souvent d'avis est consid\u00e9r\u00e9 comme inconstant. C'est ainsi que les gens se voient refuser la possibilit\u00e9 de transformer de nouvelles id\u00e9es et connaissances en succ\u00e8s. Il faut ici une culture flexible de l'erreur, du discernement et de l'am\u00e9lioration\", explique Meinecke. C'est justement lorsque des sp\u00e9cialistes externes sont engag\u00e9s pour la mise en \u0153uvre d'un projet qu'il est judicieux de profiter de leur regard comp\u00e9tent sur la mati\u00e8re et de leur perspective ext\u00e9rieure. \"Les conseillers doivent pouvoir faire valoir leurs avantages. Des egos irr\u00e9ductibles dans des fonctions de management n\u00e9vralgiques y font obstacle\".<\/p>\r\n<p>Le changement num\u00e9rique ne r\u00e9ussira pas si les mauvais processus analogiques sont simplement num\u00e9ris\u00e9s. Il faut changer de mentalit\u00e9, s'orienter vers le client, l'utilisateur et les processus technologiques, et non vers l'\u00e9chelle de carri\u00e8re des d\u00e9cideurs. Tout le reste co\u00fbte du temps et de l'argent et produit de la frustration, selon Meinecke. \"Il sera parfois n\u00e9cessaire, dans le cadre de projets informatiques, de remettre les cadres \u00e0 leur place ou m\u00eame de les remplacer - dans l'int\u00e9r\u00eat de la cause et de l'objectif\", conclut l'expert en informatique. Il est n\u00e9cessaire d'identifier et de r\u00e9soudre les probl\u00e8mes de mani\u00e8re cr\u00e9ative plut\u00f4t que d'\u00eatre confront\u00e9 \u00e0 des personnes qui pensent de mani\u00e8re hi\u00e9rarchique et qui se d\u00e9barrassent des check-lists - m\u00eame au niveau de la direction.<\/p>\r\n<p><em>Source : <a href=\"http:\/\/www,sowacon.de\/\">Sowacon GmbH<\/a><\/em><\/p>\n<p class=\"syndicated-attribution\">Cet article est paru initialement sur m-q.ch - <a href=\"https:\/\/www.m-q.ch\/de\/wie-egos-die-digitalisierung-behindern\/\" target=\"_blank\">https:\/\/www.m-q.ch\/de\/wie-egos-die-digitalisierung-behindern\/<\/a><\/p>","protected":false},"excerpt":{"rendered":"<p>Lorsque les projets de num\u00e9risation pi\u00e9tinent, la raison en est souvent des structures organisationnelles d\u00e9pass\u00e9es - ou encore des vanit\u00e9s personnelles. Selon l'exp\u00e9rience d'un chef de projet informatique, ce sont les egos qui entravent la num\u00e9risation et il y a un manque de r\u00e9flexion et de flexibilit\u00e9.<\/p>","protected":false},"author":8,"featured_media":0,"comment_status":"closed","ping_status":"closed","sticky":false,"template":"","format":"standard","meta":{"_acf_changed":false,"_yoast_wpseo_focuskw":"IT-Projekte","_yoast_wpseo_metadesc":"IT-Projekte scheitern an Egos: Expertenwissen und agile L\u00f6sungen gefragt. Oliver Meinecke \u00fcber den n\u00f6tigen Kulturwandel.","articlekey":"","footnotes":""},"categories":[582],"tags":[],"class_list":["post-21625","post","type-post","status-publish","format-standard","hentry","category-operational-excellence"],"acf":[],"yoast_head":"<!-- This site is optimized with the Yoast SEO plugin v27.5 - https:\/\/yoast.com\/product\/yoast-seo-wordpress\/ -->\n<title>Wie Egos die Digitalisierung behindern - Organisator<\/title>\n<meta name=\"description\" content=\"IT-Projekte scheitern an Egos: Expertenwissen und agile L\u00f6sungen gefragt. Oliver Meinecke \u00fcber den n\u00f6tigen Kulturwandel.\" \/>\n<meta name=\"robots\" content=\"index, follow, max-snippet:-1, max-image-preview:large, max-video-preview:-1\" \/>\n<link rel=\"canonical\" href=\"https:\/\/www.organisator.ch\/fr\/excellence-operationnelle\/2023-09-07\/wie-egos-die-digitalisierung-behindern\/\" \/>\n<meta property=\"og:locale\" content=\"fr_FR\" \/>\n<meta property=\"og:type\" content=\"article\" \/>\n<meta property=\"og:title\" content=\"Wie Egos die Digitalisierung behindern - Organisator\" \/>\n<meta property=\"og:description\" content=\"IT-Projekte scheitern an Egos: Expertenwissen und agile L\u00f6sungen gefragt. Oliver Meinecke \u00fcber den n\u00f6tigen Kulturwandel.\" \/>\n<meta property=\"og:url\" content=\"https:\/\/www.organisator.ch\/fr\/excellence-operationnelle\/2023-09-07\/wie-egos-die-digitalisierung-behindern\/\" \/>\n<meta property=\"og:site_name\" content=\"Organisator\" \/>\n<meta property=\"article:publisher\" content=\"https:\/\/www.facebook.com\/OrganisatorFachmagazin\" \/>\n<meta property=\"article:published_time\" content=\"2023-09-07T10:05:11+00:00\" \/>\n<meta property=\"article:modified_time\" content=\"2024-11-14T09:27:56+00:00\" \/>\n<meta name=\"author\" content=\"galledia\" \/>\n<meta name=\"twitter:card\" content=\"summary_large_image\" \/>\n<meta name=\"twitter:creator\" content=\"@admin\" \/>\n<script type=\"application\/ld+json\" class=\"yoast-schema-graph\">{\"@context\":\"https:\\\/\\\/schema.org\",\"@graph\":[{\"@type\":\"Article\",\"@id\":\"https:\\\/\\\/www.organisator.ch\\\/operational-excellence\\\/2023-09-07\\\/wie-egos-die-digitalisierung-behindern\\\/#article\",\"isPartOf\":{\"@id\":\"https:\\\/\\\/www.organisator.ch\\\/operational-excellence\\\/2023-09-07\\\/wie-egos-die-digitalisierung-behindern\\\/\"},\"author\":{\"name\":\"galledia\",\"@id\":\"https:\\\/\\\/www.organisator.ch\\\/#\\\/schema\\\/person\\\/4e51799071cd2dd1232ac003643ef5f0\"},\"headline\":\"Wie Egos die Digitalisierung behindern\",\"datePublished\":\"2023-09-07T10:05:11+00:00\",\"dateModified\":\"2024-11-14T09:27:56+00:00\",\"mainEntityOfPage\":{\"@id\":\"https:\\\/\\\/www.organisator.ch\\\/operational-excellence\\\/2023-09-07\\\/wie-egos-die-digitalisierung-behindern\\\/\"},\"wordCount\":602,\"publisher\":{\"@id\":\"https:\\\/\\\/www.organisator.ch\\\/#organization\"},\"image\":{\"@id\":\"https:\\\/\\\/www.organisator.ch\\\/operational-excellence\\\/2023-09-07\\\/wie-egos-die-digitalisierung-behindern\\\/#primaryimage\"},\"thumbnailUrl\":\"https:\\\/\\\/www.m-q.ch\\\/wp-content\\\/uploads\\\/2023\\\/09\\\/Wie-Egos-die-Digitalisierung-behindern_MQ.jpg\",\"articleSection\":[\"OPERATIONAL EXCELLENCE\"],\"inLanguage\":\"fr-FR\"},{\"@type\":\"WebPage\",\"@id\":\"https:\\\/\\\/www.organisator.ch\\\/operational-excellence\\\/2023-09-07\\\/wie-egos-die-digitalisierung-behindern\\\/\",\"url\":\"https:\\\/\\\/www.organisator.ch\\\/operational-excellence\\\/2023-09-07\\\/wie-egos-die-digitalisierung-behindern\\\/\",\"name\":\"Wie Egos die Digitalisierung behindern - Organisator\",\"isPartOf\":{\"@id\":\"https:\\\/\\\/www.organisator.ch\\\/#website\"},\"primaryImageOfPage\":{\"@id\":\"https:\\\/\\\/www.organisator.ch\\\/operational-excellence\\\/2023-09-07\\\/wie-egos-die-digitalisierung-behindern\\\/#primaryimage\"},\"image\":{\"@id\":\"https:\\\/\\\/www.organisator.ch\\\/operational-excellence\\\/2023-09-07\\\/wie-egos-die-digitalisierung-behindern\\\/#primaryimage\"},\"thumbnailUrl\":\"https:\\\/\\\/www.m-q.ch\\\/wp-content\\\/uploads\\\/2023\\\/09\\\/Wie-Egos-die-Digitalisierung-behindern_MQ.jpg\",\"datePublished\":\"2023-09-07T10:05:11+00:00\",\"dateModified\":\"2024-11-14T09:27:56+00:00\",\"description\":\"IT-Projekte scheitern an Egos: Expertenwissen und agile L\u00f6sungen gefragt. Oliver Meinecke \u00fcber den n\u00f6tigen Kulturwandel.\",\"breadcrumb\":{\"@id\":\"https:\\\/\\\/www.organisator.ch\\\/operational-excellence\\\/2023-09-07\\\/wie-egos-die-digitalisierung-behindern\\\/#breadcrumb\"},\"inLanguage\":\"fr-FR\",\"potentialAction\":[{\"@type\":\"ReadAction\",\"target\":[\"https:\\\/\\\/www.organisator.ch\\\/operational-excellence\\\/2023-09-07\\\/wie-egos-die-digitalisierung-behindern\\\/\"]}]},{\"@type\":\"ImageObject\",\"inLanguage\":\"fr-FR\",\"@id\":\"https:\\\/\\\/www.organisator.ch\\\/operational-excellence\\\/2023-09-07\\\/wie-egos-die-digitalisierung-behindern\\\/#primaryimage\",\"url\":\"https:\\\/\\\/www.m-q.ch\\\/wp-content\\\/uploads\\\/2023\\\/09\\\/Wie-Egos-die-Digitalisierung-behindern_MQ.jpg\",\"contentUrl\":\"https:\\\/\\\/www.m-q.ch\\\/wp-content\\\/uploads\\\/2023\\\/09\\\/Wie-Egos-die-Digitalisierung-behindern_MQ.jpg\"},{\"@type\":\"BreadcrumbList\",\"@id\":\"https:\\\/\\\/www.organisator.ch\\\/operational-excellence\\\/2023-09-07\\\/wie-egos-die-digitalisierung-behindern\\\/#breadcrumb\",\"itemListElement\":[{\"@type\":\"ListItem\",\"position\":1,\"name\":\"Home\",\"item\":\"https:\\\/\\\/www.organisator.ch\\\/\"},{\"@type\":\"ListItem\",\"position\":2,\"name\":\"Wie Egos die Digitalisierung behindern\"}]},{\"@type\":\"WebSite\",\"@id\":\"https:\\\/\\\/www.organisator.ch\\\/#website\",\"url\":\"https:\\\/\\\/www.organisator.ch\\\/\",\"name\":\"Organisator\",\"description\":\"Kompetent. Praxisnah. Der ORGANISATOR bereitet in 10 Ausgaben pro Jahr die wesentlichen Themen f\u00fcr F\u00fchrungskr\u00e4fte von KMU auf.\",\"publisher\":{\"@id\":\"https:\\\/\\\/www.organisator.ch\\\/#organization\"},\"potentialAction\":[{\"@type\":\"SearchAction\",\"target\":{\"@type\":\"EntryPoint\",\"urlTemplate\":\"https:\\\/\\\/www.organisator.ch\\\/?s={search_term_string}\"},\"query-input\":{\"@type\":\"PropertyValueSpecification\",\"valueRequired\":true,\"valueName\":\"search_term_string\"}}],\"inLanguage\":\"fr-FR\"},{\"@type\":\"Organization\",\"@id\":\"https:\\\/\\\/www.organisator.ch\\\/#organization\",\"name\":\"Organisator\",\"url\":\"https:\\\/\\\/www.organisator.ch\\\/\",\"logo\":{\"@type\":\"ImageObject\",\"inLanguage\":\"fr-FR\",\"@id\":\"https:\\\/\\\/www.organisator.ch\\\/#\\\/schema\\\/logo\\\/image\\\/\",\"url\":\"https:\\\/\\\/www.organisator.ch\\\/wp-content\\\/uploads\\\/2022\\\/01\\\/Logo_Organisator_Website.png\",\"contentUrl\":\"https:\\\/\\\/www.organisator.ch\\\/wp-content\\\/uploads\\\/2022\\\/01\\\/Logo_Organisator_Website.png\",\"width\":800,\"height\":77,\"caption\":\"Organisator\"},\"image\":{\"@id\":\"https:\\\/\\\/www.organisator.ch\\\/#\\\/schema\\\/logo\\\/image\\\/\"},\"sameAs\":[\"https:\\\/\\\/www.facebook.com\\\/OrganisatorFachmagazin\",\"https:\\\/\\\/www.linkedin.com\\\/showcase\\\/organisator-das-magazin-fr-kmu\",\"https:\\\/\\\/www.xing.com\\\/news\\\/pages\\\/organisator-ch-695\",\"https:\\\/\\\/www.youtube.com\\\/channel\\\/UCGP2Sq0iWaZwT3BdIAQFYpw\"]},{\"@type\":\"Person\",\"@id\":\"https:\\\/\\\/www.organisator.ch\\\/#\\\/schema\\\/person\\\/4e51799071cd2dd1232ac003643ef5f0\",\"name\":\"galledia\",\"image\":{\"@type\":\"ImageObject\",\"inLanguage\":\"fr-FR\",\"@id\":\"https:\\\/\\\/secure.gravatar.com\\\/avatar\\\/78a7f90c01fc2bfc875782a0d4922b37cde2cf184ce347b91316d23cd7f69a36?s=96&d=mm&r=g\",\"url\":\"https:\\\/\\\/secure.gravatar.com\\\/avatar\\\/78a7f90c01fc2bfc875782a0d4922b37cde2cf184ce347b91316d23cd7f69a36?s=96&d=mm&r=g\",\"contentUrl\":\"https:\\\/\\\/secure.gravatar.com\\\/avatar\\\/78a7f90c01fc2bfc875782a0d4922b37cde2cf184ce347b91316d23cd7f69a36?s=96&d=mm&r=g\",\"caption\":\"galledia\"},\"sameAs\":[\"https:\\\/\\\/x.com\\\/admin\"],\"url\":\"https:\\\/\\\/www.organisator.ch\\\/fr\\\/author\\\/galledia\\\/\"}]}<\/script>\n<!-- \/ Yoast SEO plugin. -->","yoast_head_json":{"title":"Comment les egos entravent la num\u00e9risation - Organisateur","description":"Les projets informatiques \u00e9chouent \u00e0 cause des egos : il faut des connaissances d'experts et des solutions agiles. Oliver Meinecke parle du changement culturel n\u00e9cessaire.","robots":{"index":"index","follow":"follow","max-snippet":"max-snippet:-1","max-image-preview":"max-image-preview:large","max-video-preview":"max-video-preview:-1"},"canonical":"https:\/\/www.organisator.ch\/fr\/excellence-operationnelle\/2023-09-07\/wie-egos-die-digitalisierung-behindern\/","og_locale":"fr_FR","og_type":"article","og_title":"Wie Egos die Digitalisierung behindern - Organisator","og_description":"IT-Projekte scheitern an Egos: Expertenwissen und agile L\u00f6sungen gefragt. Oliver Meinecke \u00fcber den n\u00f6tigen Kulturwandel.","og_url":"https:\/\/www.organisator.ch\/fr\/excellence-operationnelle\/2023-09-07\/wie-egos-die-digitalisierung-behindern\/","og_site_name":"Organisator","article_publisher":"https:\/\/www.facebook.com\/OrganisatorFachmagazin","article_published_time":"2023-09-07T10:05:11+00:00","article_modified_time":"2024-11-14T09:27:56+00:00","author":"galledia","twitter_card":"summary_large_image","twitter_creator":"@admin","schema":{"@context":"https:\/\/schema.org","@graph":[{"@type":"Article","@id":"https:\/\/www.organisator.ch\/operational-excellence\/2023-09-07\/wie-egos-die-digitalisierung-behindern\/#article","isPartOf":{"@id":"https:\/\/www.organisator.ch\/operational-excellence\/2023-09-07\/wie-egos-die-digitalisierung-behindern\/"},"author":{"name":"galledia","@id":"https:\/\/www.organisator.ch\/#\/schema\/person\/4e51799071cd2dd1232ac003643ef5f0"},"headline":"Wie Egos die Digitalisierung behindern","datePublished":"2023-09-07T10:05:11+00:00","dateModified":"2024-11-14T09:27:56+00:00","mainEntityOfPage":{"@id":"https:\/\/www.organisator.ch\/operational-excellence\/2023-09-07\/wie-egos-die-digitalisierung-behindern\/"},"wordCount":602,"publisher":{"@id":"https:\/\/www.organisator.ch\/#organization"},"image":{"@id":"https:\/\/www.organisator.ch\/operational-excellence\/2023-09-07\/wie-egos-die-digitalisierung-behindern\/#primaryimage"},"thumbnailUrl":"https:\/\/www.m-q.ch\/wp-content\/uploads\/2023\/09\/Wie-Egos-die-Digitalisierung-behindern_MQ.jpg","articleSection":["OPERATIONAL EXCELLENCE"],"inLanguage":"fr-FR"},{"@type":"WebPage","@id":"https:\/\/www.organisator.ch\/operational-excellence\/2023-09-07\/wie-egos-die-digitalisierung-behindern\/","url":"https:\/\/www.organisator.ch\/operational-excellence\/2023-09-07\/wie-egos-die-digitalisierung-behindern\/","name":"Comment les egos entravent la num\u00e9risation - Organisateur","isPartOf":{"@id":"https:\/\/www.organisator.ch\/#website"},"primaryImageOfPage":{"@id":"https:\/\/www.organisator.ch\/operational-excellence\/2023-09-07\/wie-egos-die-digitalisierung-behindern\/#primaryimage"},"image":{"@id":"https:\/\/www.organisator.ch\/operational-excellence\/2023-09-07\/wie-egos-die-digitalisierung-behindern\/#primaryimage"},"thumbnailUrl":"https:\/\/www.m-q.ch\/wp-content\/uploads\/2023\/09\/Wie-Egos-die-Digitalisierung-behindern_MQ.jpg","datePublished":"2023-09-07T10:05:11+00:00","dateModified":"2024-11-14T09:27:56+00:00","description":"Les projets informatiques \u00e9chouent \u00e0 cause des egos : il faut des connaissances d'experts et des solutions agiles. Oliver Meinecke parle du changement culturel n\u00e9cessaire.","breadcrumb":{"@id":"https:\/\/www.organisator.ch\/operational-excellence\/2023-09-07\/wie-egos-die-digitalisierung-behindern\/#breadcrumb"},"inLanguage":"fr-FR","potentialAction":[{"@type":"ReadAction","target":["https:\/\/www.organisator.ch\/operational-excellence\/2023-09-07\/wie-egos-die-digitalisierung-behindern\/"]}]},{"@type":"ImageObject","inLanguage":"fr-FR","@id":"https:\/\/www.organisator.ch\/operational-excellence\/2023-09-07\/wie-egos-die-digitalisierung-behindern\/#primaryimage","url":"https:\/\/www.m-q.ch\/wp-content\/uploads\/2023\/09\/Wie-Egos-die-Digitalisierung-behindern_MQ.jpg","contentUrl":"https:\/\/www.m-q.ch\/wp-content\/uploads\/2023\/09\/Wie-Egos-die-Digitalisierung-behindern_MQ.jpg"},{"@type":"BreadcrumbList","@id":"https:\/\/www.organisator.ch\/operational-excellence\/2023-09-07\/wie-egos-die-digitalisierung-behindern\/#breadcrumb","itemListElement":[{"@type":"ListItem","position":1,"name":"Home","item":"https:\/\/www.organisator.ch\/"},{"@type":"ListItem","position":2,"name":"Wie Egos die Digitalisierung behindern"}]},{"@type":"WebSite","@id":"https:\/\/www.organisator.ch\/#website","url":"https:\/\/www.organisator.ch\/","name":"Organisateur","description":"Comp\u00e9tence et comp\u00e9tence. Proches de la pratique. L'ORGANISATEUR pr\u00e9pare 10 num\u00e9ros par an sur les th\u00e8mes essentiels pour les dirigeants de PME.","publisher":{"@id":"https:\/\/www.organisator.ch\/#organization"},"potentialAction":[{"@type":"SearchAction","target":{"@type":"EntryPoint","urlTemplate":"https:\/\/www.organisator.ch\/?s={search_term_string}"},"query-input":{"@type":"PropertyValueSpecification","valueRequired":true,"valueName":"search_term_string"}}],"inLanguage":"fr-FR"},{"@type":"Organization","@id":"https:\/\/www.organisator.ch\/#organization","name":"Organisateur","url":"https:\/\/www.organisator.ch\/","logo":{"@type":"ImageObject","inLanguage":"fr-FR","@id":"https:\/\/www.organisator.ch\/#\/schema\/logo\/image\/","url":"https:\/\/www.organisator.ch\/wp-content\/uploads\/2022\/01\/Logo_Organisator_Website.png","contentUrl":"https:\/\/www.organisator.ch\/wp-content\/uploads\/2022\/01\/Logo_Organisator_Website.png","width":800,"height":77,"caption":"Organisator"},"image":{"@id":"https:\/\/www.organisator.ch\/#\/schema\/logo\/image\/"},"sameAs":["https:\/\/www.facebook.com\/OrganisatorFachmagazin","https:\/\/www.linkedin.com\/showcase\/organisator-das-magazin-fr-kmu","https:\/\/www.xing.com\/news\/pages\/organisator-ch-695","https:\/\/www.youtube.com\/channel\/UCGP2Sq0iWaZwT3BdIAQFYpw"]},{"@type":"Person","@id":"https:\/\/www.organisator.ch\/#\/schema\/person\/4e51799071cd2dd1232ac003643ef5f0","name":"galledia","image":{"@type":"ImageObject","inLanguage":"fr-FR","@id":"https:\/\/secure.gravatar.com\/avatar\/78a7f90c01fc2bfc875782a0d4922b37cde2cf184ce347b91316d23cd7f69a36?s=96&d=mm&r=g","url":"https:\/\/secure.gravatar.com\/avatar\/78a7f90c01fc2bfc875782a0d4922b37cde2cf184ce347b91316d23cd7f69a36?s=96&d=mm&r=g","contentUrl":"https:\/\/secure.gravatar.com\/avatar\/78a7f90c01fc2bfc875782a0d4922b37cde2cf184ce347b91316d23cd7f69a36?s=96&d=mm&r=g","caption":"galledia"},"sameAs":["https:\/\/x.com\/admin"],"url":"https:\/\/www.organisator.ch\/fr\/author\/galledia\/"}]}},"_links":{"self":[{"href":"https:\/\/www.organisator.ch\/fr\/wp-json\/wp\/v2\/posts\/21625","targetHints":{"allow":["GET"]}}],"collection":[{"href":"https:\/\/www.organisator.ch\/fr\/wp-json\/wp\/v2\/posts"}],"about":[{"href":"https:\/\/www.organisator.ch\/fr\/wp-json\/wp\/v2\/types\/post"}],"author":[{"embeddable":true,"href":"https:\/\/www.organisator.ch\/fr\/wp-json\/wp\/v2\/users\/8"}],"replies":[{"embeddable":true,"href":"https:\/\/www.organisator.ch\/fr\/wp-json\/wp\/v2\/comments?post=21625"}],"version-history":[{"count":3,"href":"https:\/\/www.organisator.ch\/fr\/wp-json\/wp\/v2\/posts\/21625\/revisions"}],"predecessor-version":[{"id":32899,"href":"https:\/\/www.organisator.ch\/fr\/wp-json\/wp\/v2\/posts\/21625\/revisions\/32899"}],"wp:attachment":[{"href":"https:\/\/www.organisator.ch\/fr\/wp-json\/wp\/v2\/media?parent=21625"}],"wp:term":[{"taxonomy":"category","embeddable":true,"href":"https:\/\/www.organisator.ch\/fr\/wp-json\/wp\/v2\/categories?post=21625"},{"taxonomy":"post_tag","embeddable":true,"href":"https:\/\/www.organisator.ch\/fr\/wp-json\/wp\/v2\/tags?post=21625"}],"curies":[{"name":"wp","href":"https:\/\/api.w.org\/{rel}","templated":true}]}}