{"id":21642,"date":"2023-09-11T10:46:00","date_gmt":"2023-09-11T08:46:00","guid":{"rendered":"https:\/\/www.organisator.ch\/?p=21642"},"modified":"2023-09-25T08:31:14","modified_gmt":"2023-09-25T06:31:14","slug":"versorgungssicherheit-alles-nur-ein-wunschtraum","status":"publish","type":"post","link":"https:\/\/www.organisator.ch\/fr\/management\/2023-09-11\/versorgungssicherheit-alles-nur-ein-wunschtraum\/","title":{"rendered":"S\u00e9curit\u00e9 de l'approvisionnement - tout n'est qu'un r\u00eave ?"},"content":{"rendered":"<figure id=\"attachment_21644\" aria-describedby=\"caption-attachment-21644\" style=\"width: 680px\" class=\"wp-caption alignnone\"><img loading=\"lazy\" decoding=\"async\" class=\"size-full wp-image-21644\" src=\"https:\/\/www.organisator.ch\/wp-content\/uploads\/2023\/09\/KMUswissSept2023.jpg\" alt=\"\" width=\"680\" height=\"453\" srcset=\"https:\/\/www.organisator.ch\/wp-content\/uploads\/2023\/09\/KMUswissSept2023.jpg 680w, https:\/\/www.organisator.ch\/wp-content\/uploads\/2023\/09\/KMUswissSept2023-18x12.jpg 18w, https:\/\/www.organisator.ch\/wp-content\/uploads\/2023\/09\/KMUswissSept2023-375x250.jpg 375w, https:\/\/www.organisator.ch\/wp-content\/uploads\/2023\/09\/KMUswissSept2023-525x350.jpg 525w\" sizes=\"auto, (max-width: 680px) 100vw, 680px\" \/><figcaption id=\"caption-attachment-21644\" class=\"wp-caption-text\">J\u00fcrg Brand de vonRoll Hydro s'engage pour une r\u00e9duction des pertes d'eau. (Image : FOTO Wagner \/ Alexander Wagner)<\/figcaption><\/figure>\n<p>Cette fois-ci, le Symposium PME Suisse a d\u00e9marr\u00e9 un peu plus t\u00f4t que d'habitude : en amont de la manifestation, deux prologues ont \u00e9t\u00e9 propos\u00e9s sur les th\u00e8mes \"Darknet\" et \"Intelligence artificielle\", auxquels pr\u00e8s de la moiti\u00e9 des participants ont assist\u00e9. Au total, ce sont plus de 300 participants qui ont honor\u00e9 le symposium de leur pr\u00e9sence. Des d\u00e9l\u00e9gu\u00e9s de Ta\u00efwan, de Hongrie et de Croatie \u00e9taient \u00e9galement pr\u00e9sents.<\/p>\n<h3>Mauvaises approches dans le monde du travail<\/h3>\n<p>Dans son discours de bienvenue, Armin Baumann, initiateur de PME Swiss, a mentionn\u00e9 que de petits changements pouvaient d\u00e9j\u00e0 avoir une grande influence sur l'\u00e9conomie. Ainsi, le Dr David. W.F. Huang, repr\u00e9sentant de Taiwan, a montr\u00e9 que son pays pr\u00e9sente de nombreuses similitudes structurelles et g\u00e9ographiques avec la Suisse. Avec 70% de parts de march\u00e9 mondial dans la fabrication de semi-conducteurs, une panne de la production ta\u00efwanaise ou un arr\u00eat des livraisons aurait des cons\u00e9quences d\u00e9sastreuses sur l'\u00e9conomie mondiale. Le fondateur de l'entreprise JANZZ Ltd, Stefan Winzenried, a r\u00e9sum\u00e9 la situation du march\u00e9 du travail par un concentr\u00e9 d'informations : \"Soit nous r\u00e9duisons la performance \u00e9conomique et nous acceptons une croissance n\u00e9gative - soit nous devons ouvrir davantage les fronti\u00e8res \u00e0 la main-d'\u0153uvre ad\u00e9quate\". Il a notamment mentionn\u00e9 des erreurs (comme la semaine de travail de quatre jours) que les politiciens commettent dans le monde int\u00e9gral et qui aggravent ainsi plut\u00f4t la probl\u00e9matique. Et que de plus en plus de jeunes \u00e9tudient et que, par cons\u00e9quent, les emplois artisanaux ne peuvent plus \u00eatre occup\u00e9s. Il faudrait donc rendre l'acc\u00e8s aux universit\u00e9s plus difficile et motiver les jeunes \u00e0 exercer des m\u00e9tiers manuels, conclut-il. Ses r\u00e9flexions fondamentales reposent sur une d\u00e9politisation de la situation et sur la recherche de solutions bas\u00e9es sur des faits. En effet, selon une \u00e9tude am\u00e9ricaine, la productivit\u00e9 dans les bureaux \u00e0 domicile a baiss\u00e9 de 44 pour cent.<\/p>\n<h3>Que faire si l'eau ne s'\u00e9coule plus ?<\/h3>\n<p>Le deuxi\u00e8me bloc d'expos\u00e9s a \u00e9t\u00e9 ouvert par J\u00fcrg Brand. Il a montr\u00e9 comment vonRoll Hydro s'engage massivement pour r\u00e9duire les pertes d'eau dans les infrastructures. C'est ainsi que l'entreprise est pass\u00e9e du statut de fonderie \u00e0 celui d'entreprise de technologie de l'eau. Si l'on ne s'occupe pas davantage de la probl\u00e9matique des r\u00e9serves d'eau, c'est surtout parce qu'en Suisse, l'eau coule tout simplement et qu'elle est en fait beaucoup trop bon march\u00e9. Si l'on \u00e9liminait la perte d'eau en Suisse, cela correspondrait \u00e0 un \u00e9quivalent \u00e9nerg\u00e9tique qui pourrait alimenter 15'000 m\u00e9nages. L'entrepreneur de transport Daniel Sch\u00f6ni a ensuite ouvert son expos\u00e9 en pr\u00e9cisant qu'il \u00e9tait patron et non CEO et qu'il avait appris son m\u00e9tier sur le tas. Au cours de sa sympathique pr\u00e9sentation, il a fait savoir aux auditeurs que la politique devait aborder les transports diff\u00e9remment, mais qu'il y avait encore trop d'int\u00e9r\u00eats personnels en jeu. Il arrive trop souvent que ces derniers prennent des mesures et d\u00e9clarent : \"Nous commen\u00e7ons par cela, ce que le temps fera certainement...\". Il en va de m\u00eame pour la politique \u00e9nerg\u00e9tique, o\u00f9 l'on exige certes des moteurs \u00e9lectriques, mais o\u00f9 l'on a du mal \u00e0 produire de l'\u00e9nergie.<\/p>\n<h3>\"Un divertissement \"enflamm\u00e9<\/h3>\n<p>Martin Keller, pr\u00e9sident du conseil d'administration de Fenaco SA, a ensuite mis le feu \u00e0 son entreprise : \"La Suisse a un taux d'auto-approvisionnement de 50% et les r\u00e9serves obligatoires permettent actuellement de compenser les fluctuations de prix et les p\u00e9nuries de livraison\". Avec le groupe Fenaco, on s'engagerait \u00e0 viser, dans la mesure du possible, des fournisseurs r\u00e9gionaux et une production durable optimale dans l'agriculture.<\/p>\n<figure id=\"attachment_21645\" aria-describedby=\"caption-attachment-21645\" style=\"width: 680px\" class=\"wp-caption alignnone\"><img loading=\"lazy\" decoding=\"async\" class=\"size-full wp-image-21645\" src=\"https:\/\/www.organisator.ch\/wp-content\/uploads\/2023\/09\/KMUswissSept2023-2.jpg\" alt=\"\" width=\"680\" height=\"453\" srcset=\"https:\/\/www.organisator.ch\/wp-content\/uploads\/2023\/09\/KMUswissSept2023-2.jpg 680w, https:\/\/www.organisator.ch\/wp-content\/uploads\/2023\/09\/KMUswissSept2023-2-18x12.jpg 18w, https:\/\/www.organisator.ch\/wp-content\/uploads\/2023\/09\/KMUswissSept2023-2-375x250.jpg 375w, https:\/\/www.organisator.ch\/wp-content\/uploads\/2023\/09\/KMUswissSept2023-2-525x350.jpg 525w\" sizes=\"auto, (max-width: 680px) 100vw, 680px\" \/><figcaption id=\"caption-attachment-21645\" class=\"wp-caption-text\">L'artiste JennyFire assure ici un divertissement \"enflamm\u00e9\" avec Armin Baumann. (Image : FOTO Wagner \/ Alexander Wagner)<\/figcaption><\/figure>\n<p>En parlant de feu, l'artiste JennyFire a impressionn\u00e9 la foule sur sc\u00e8ne et a int\u00e9gr\u00e9 l'initiateur de PME Swiss, Armin Baumann, dans son spectacle : En accompagnement de l'ap\u00e9ritif final, elle a montr\u00e9 son savoir-faire parmi les quelque 35 exposants. La forte ambiance entre les participants \u00e9tait visiblement palpable, leurs \u00e9changes familiaux et les r\u00e9actions re\u00e7ues \u00e9taient, selon l'organisateur, extr\u00eamement positives.<\/p>\n<p><em>Source et informations compl\u00e9mentaires : <a href=\"http:\/\/www.kmuswiss.ch\">PME suisses<\/a><\/em><\/p>","protected":false},"excerpt":{"rendered":"<p>Le 7 septembre 2023, le symposium PME Swiss s'est tenu dans la salle du campus de Brugg Windisch. Il a notamment montr\u00e9 \u00e0 quel point l'\u00e9conomie peut \u00eatre vuln\u00e9rable aux changements. Les changements environnementaux, la logistique, l'\u00e9nergie et les influences politiques ont un impact sur l'approvisionnement physique, comme l'ont montr\u00e9 les diff\u00e9rents expos\u00e9s. <\/p>","protected":false},"author":4,"featured_media":0,"comment_status":"closed","ping_status":"closed","sticky":false,"template":"","format":"standard","meta":{"_acf_changed":false,"_yoast_wpseo_focuskw":"Versorgungssicherheit","_yoast_wpseo_metadesc":"Das KMU Swiss Symposium zeigte auf, wie anf\u00e4llig die Wirtschaft auf Ver\u00e4nderungen ist und wo die Versorgungssicherheit auf dem Spiel steht.","articlekey":"","footnotes":""},"categories":[28],"tags":[193,335,2469],"class_list":["post-21642","post","type-post","status-publish","format-standard","hentry","category-management","tag-fachkongressfachmesse","tag-management-und-unternehmensfuehrung","tag-versorgungssicherheit"],"acf":[],"yoast_head":"<!-- This site is optimized with the Yoast SEO plugin v27.5 - https:\/\/yoast.com\/product\/yoast-seo-wordpress\/ -->\n<title>Versorgungssicherheit - alles nur ein Wunschtraum? - Organisator<\/title>\n<meta name=\"description\" content=\"Das KMU Swiss Symposium zeigte auf, wie anf\u00e4llig die Wirtschaft auf Ver\u00e4nderungen ist und wo die Versorgungssicherheit auf dem Spiel steht.\" \/>\n<meta name=\"robots\" content=\"index, follow, max-snippet:-1, max-image-preview:large, max-video-preview:-1\" \/>\n<link rel=\"canonical\" href=\"https:\/\/www.organisator.ch\/fr\/gestion-2\/2023-09-11\/versorgungssicherheit-alles-nur-ein-wunschtraum\/\" \/>\n<meta property=\"og:locale\" content=\"fr_FR\" \/>\n<meta property=\"og:type\" content=\"article\" \/>\n<meta property=\"og:title\" content=\"Versorgungssicherheit - alles nur ein Wunschtraum?\" \/>\n<meta property=\"og:description\" content=\"Das KMU Swiss Symposium zeigte auf, wie anf\u00e4llig die Wirtschaft auf Ver\u00e4nderungen ist und wo die Versorgungssicherheit auf dem Spiel steht.\" \/>\n<meta property=\"og:url\" content=\"https:\/\/www.organisator.ch\/fr\/gestion-2\/2023-09-11\/versorgungssicherheit-alles-nur-ein-wunschtraum\/\" \/>\n<meta property=\"og:site_name\" content=\"Organisator\" \/>\n<meta property=\"article:publisher\" content=\"https:\/\/www.facebook.com\/OrganisatorFachmagazin\" \/>\n<meta property=\"article:published_time\" content=\"2023-09-11T08:46:00+00:00\" \/>\n<meta property=\"article:modified_time\" content=\"2023-09-25T06:31:14+00:00\" \/>\n<meta property=\"og:image\" content=\"https:\/\/www.organisator.ch\/wp-content\/uploads\/2023\/09\/KMUswissSept2023.jpg\" \/>\n\t<meta property=\"og:image:width\" content=\"680\" \/>\n\t<meta property=\"og:image:height\" content=\"453\" \/>\n\t<meta property=\"og:image:type\" content=\"image\/jpeg\" \/>\n<meta name=\"author\" content=\"thomas.berner\" \/>\n<meta name=\"twitter:card\" content=\"summary_large_image\" \/>\n<meta name=\"twitter:title\" content=\"#Versorgungssicherheit - alles nur ein #Wunschtraum?\" \/>\n<meta name=\"twitter:description\" content=\"Das KMU Swiss #Symposium zeigte auf, wie anf\u00e4llig die Wirtschaft auf #Ver\u00e4nderungen ist und wo die #Versorgungssicherheit auf dem Spiel steht.\" \/>\n<meta name=\"twitter:image\" content=\"https:\/\/www.organisator.ch\/wp-content\/uploads\/2023\/09\/KMUswissSept2023.jpg\" \/>\n<script type=\"application\/ld+json\" class=\"yoast-schema-graph\">{\"@context\":\"https:\\\/\\\/schema.org\",\"@graph\":[{\"@type\":\"Article\",\"@id\":\"https:\\\/\\\/www.organisator.ch\\\/management\\\/2023-09-11\\\/versorgungssicherheit-alles-nur-ein-wunschtraum\\\/#article\",\"isPartOf\":{\"@id\":\"https:\\\/\\\/www.organisator.ch\\\/management\\\/2023-09-11\\\/versorgungssicherheit-alles-nur-ein-wunschtraum\\\/\"},\"author\":{\"name\":\"thomas.berner\",\"@id\":\"https:\\\/\\\/www.organisator.ch\\\/#\\\/schema\\\/person\\\/6f650f90b2842cd4c0cc334b4e36f67e\"},\"headline\":\"Versorgungssicherheit &#8211; alles nur ein Wunschtraum?\",\"datePublished\":\"2023-09-11T08:46:00+00:00\",\"dateModified\":\"2023-09-25T06:31:14+00:00\",\"mainEntityOfPage\":{\"@id\":\"https:\\\/\\\/www.organisator.ch\\\/management\\\/2023-09-11\\\/versorgungssicherheit-alles-nur-ein-wunschtraum\\\/\"},\"wordCount\":694,\"publisher\":{\"@id\":\"https:\\\/\\\/www.organisator.ch\\\/#organization\"},\"image\":{\"@id\":\"https:\\\/\\\/www.organisator.ch\\\/management\\\/2023-09-11\\\/versorgungssicherheit-alles-nur-ein-wunschtraum\\\/#primaryimage\"},\"thumbnailUrl\":\"https:\\\/\\\/www.organisator.ch\\\/wp-content\\\/uploads\\\/2023\\\/09\\\/KMUswissSept2023.jpg\",\"keywords\":[\"Fachkongress\\\/Fachmesse\",\"Management und Unternehmensf\u00fchrung\",\"Versorgungssicherheit\"],\"articleSection\":[\"MANAGEMENT\"],\"inLanguage\":\"fr-FR\"},{\"@type\":\"WebPage\",\"@id\":\"https:\\\/\\\/www.organisator.ch\\\/management\\\/2023-09-11\\\/versorgungssicherheit-alles-nur-ein-wunschtraum\\\/\",\"url\":\"https:\\\/\\\/www.organisator.ch\\\/management\\\/2023-09-11\\\/versorgungssicherheit-alles-nur-ein-wunschtraum\\\/\",\"name\":\"Versorgungssicherheit - alles nur ein Wunschtraum? - Organisator\",\"isPartOf\":{\"@id\":\"https:\\\/\\\/www.organisator.ch\\\/#website\"},\"primaryImageOfPage\":{\"@id\":\"https:\\\/\\\/www.organisator.ch\\\/management\\\/2023-09-11\\\/versorgungssicherheit-alles-nur-ein-wunschtraum\\\/#primaryimage\"},\"image\":{\"@id\":\"https:\\\/\\\/www.organisator.ch\\\/management\\\/2023-09-11\\\/versorgungssicherheit-alles-nur-ein-wunschtraum\\\/#primaryimage\"},\"thumbnailUrl\":\"https:\\\/\\\/www.organisator.ch\\\/wp-content\\\/uploads\\\/2023\\\/09\\\/KMUswissSept2023.jpg\",\"datePublished\":\"2023-09-11T08:46:00+00:00\",\"dateModified\":\"2023-09-25T06:31:14+00:00\",\"description\":\"Das KMU Swiss Symposium zeigte auf, wie anf\u00e4llig die Wirtschaft auf Ver\u00e4nderungen ist und wo die Versorgungssicherheit auf dem Spiel steht.\",\"breadcrumb\":{\"@id\":\"https:\\\/\\\/www.organisator.ch\\\/management\\\/2023-09-11\\\/versorgungssicherheit-alles-nur-ein-wunschtraum\\\/#breadcrumb\"},\"inLanguage\":\"fr-FR\",\"potentialAction\":[{\"@type\":\"ReadAction\",\"target\":[\"https:\\\/\\\/www.organisator.ch\\\/management\\\/2023-09-11\\\/versorgungssicherheit-alles-nur-ein-wunschtraum\\\/\"]}]},{\"@type\":\"ImageObject\",\"inLanguage\":\"fr-FR\",\"@id\":\"https:\\\/\\\/www.organisator.ch\\\/management\\\/2023-09-11\\\/versorgungssicherheit-alles-nur-ein-wunschtraum\\\/#primaryimage\",\"url\":\"https:\\\/\\\/www.organisator.ch\\\/wp-content\\\/uploads\\\/2023\\\/09\\\/KMUswissSept2023.jpg\",\"contentUrl\":\"https:\\\/\\\/www.organisator.ch\\\/wp-content\\\/uploads\\\/2023\\\/09\\\/KMUswissSept2023.jpg\"},{\"@type\":\"BreadcrumbList\",\"@id\":\"https:\\\/\\\/www.organisator.ch\\\/management\\\/2023-09-11\\\/versorgungssicherheit-alles-nur-ein-wunschtraum\\\/#breadcrumb\",\"itemListElement\":[{\"@type\":\"ListItem\",\"position\":1,\"name\":\"Home\",\"item\":\"https:\\\/\\\/www.organisator.ch\\\/\"},{\"@type\":\"ListItem\",\"position\":2,\"name\":\"Versorgungssicherheit &#8211; alles nur ein Wunschtraum?\"}]},{\"@type\":\"WebSite\",\"@id\":\"https:\\\/\\\/www.organisator.ch\\\/#website\",\"url\":\"https:\\\/\\\/www.organisator.ch\\\/\",\"name\":\"Organisator\",\"description\":\"Kompetent. Praxisnah. Der ORGANISATOR bereitet in 10 Ausgaben pro Jahr die wesentlichen Themen f\u00fcr F\u00fchrungskr\u00e4fte von KMU auf.\",\"publisher\":{\"@id\":\"https:\\\/\\\/www.organisator.ch\\\/#organization\"},\"potentialAction\":[{\"@type\":\"SearchAction\",\"target\":{\"@type\":\"EntryPoint\",\"urlTemplate\":\"https:\\\/\\\/www.organisator.ch\\\/?s={search_term_string}\"},\"query-input\":{\"@type\":\"PropertyValueSpecification\",\"valueRequired\":true,\"valueName\":\"search_term_string\"}}],\"inLanguage\":\"fr-FR\"},{\"@type\":\"Organization\",\"@id\":\"https:\\\/\\\/www.organisator.ch\\\/#organization\",\"name\":\"Organisator\",\"url\":\"https:\\\/\\\/www.organisator.ch\\\/\",\"logo\":{\"@type\":\"ImageObject\",\"inLanguage\":\"fr-FR\",\"@id\":\"https:\\\/\\\/www.organisator.ch\\\/#\\\/schema\\\/logo\\\/image\\\/\",\"url\":\"https:\\\/\\\/www.organisator.ch\\\/wp-content\\\/uploads\\\/2022\\\/01\\\/Logo_Organisator_Website.png\",\"contentUrl\":\"https:\\\/\\\/www.organisator.ch\\\/wp-content\\\/uploads\\\/2022\\\/01\\\/Logo_Organisator_Website.png\",\"width\":800,\"height\":77,\"caption\":\"Organisator\"},\"image\":{\"@id\":\"https:\\\/\\\/www.organisator.ch\\\/#\\\/schema\\\/logo\\\/image\\\/\"},\"sameAs\":[\"https:\\\/\\\/www.facebook.com\\\/OrganisatorFachmagazin\",\"https:\\\/\\\/www.linkedin.com\\\/showcase\\\/organisator-das-magazin-fr-kmu\",\"https:\\\/\\\/www.xing.com\\\/news\\\/pages\\\/organisator-ch-695\",\"https:\\\/\\\/www.youtube.com\\\/channel\\\/UCGP2Sq0iWaZwT3BdIAQFYpw\"]},{\"@type\":\"Person\",\"@id\":\"https:\\\/\\\/www.organisator.ch\\\/#\\\/schema\\\/person\\\/6f650f90b2842cd4c0cc334b4e36f67e\",\"name\":\"thomas.berner\",\"image\":{\"@type\":\"ImageObject\",\"inLanguage\":\"fr-FR\",\"@id\":\"https:\\\/\\\/secure.gravatar.com\\\/avatar\\\/ac5001d2a36cb6c6cd3e50789007ffca834b477b74a2144564522e944eabff61?s=96&d=mm&r=g\",\"url\":\"https:\\\/\\\/secure.gravatar.com\\\/avatar\\\/ac5001d2a36cb6c6cd3e50789007ffca834b477b74a2144564522e944eabff61?s=96&d=mm&r=g\",\"contentUrl\":\"https:\\\/\\\/secure.gravatar.com\\\/avatar\\\/ac5001d2a36cb6c6cd3e50789007ffca834b477b74a2144564522e944eabff61?s=96&d=mm&r=g\",\"caption\":\"thomas.berner\"},\"url\":\"https:\\\/\\\/www.organisator.ch\\\/fr\\\/author\\\/thomas-berner\\\/\"}]}<\/script>\n<!-- \/ Yoast SEO plugin. -->","yoast_head_json":{"title":"S\u00e9curit\u00e9 de l'approvisionnement - tout n'est qu'un r\u00eave ? - Organisateur","description":"Le Symposium PME Suisse a montr\u00e9 \u00e0 quel point l'\u00e9conomie est vuln\u00e9rable aux changements et o\u00f9 la s\u00e9curit\u00e9 de l'approvisionnement est en jeu.","robots":{"index":"index","follow":"follow","max-snippet":"max-snippet:-1","max-image-preview":"max-image-preview:large","max-video-preview":"max-video-preview:-1"},"canonical":"https:\/\/www.organisator.ch\/fr\/gestion-2\/2023-09-11\/versorgungssicherheit-alles-nur-ein-wunschtraum\/","og_locale":"fr_FR","og_type":"article","og_title":"Versorgungssicherheit - alles nur ein Wunschtraum?","og_description":"Das KMU Swiss Symposium zeigte auf, wie anf\u00e4llig die Wirtschaft auf Ver\u00e4nderungen ist und wo die Versorgungssicherheit auf dem Spiel steht.","og_url":"https:\/\/www.organisator.ch\/fr\/gestion-2\/2023-09-11\/versorgungssicherheit-alles-nur-ein-wunschtraum\/","og_site_name":"Organisator","article_publisher":"https:\/\/www.facebook.com\/OrganisatorFachmagazin","article_published_time":"2023-09-11T08:46:00+00:00","article_modified_time":"2023-09-25T06:31:14+00:00","og_image":[{"width":680,"height":453,"url":"https:\/\/www.organisator.ch\/wp-content\/uploads\/2023\/09\/KMUswissSept2023.jpg","type":"image\/jpeg"}],"author":"thomas.berner","twitter_card":"summary_large_image","twitter_title":"#Versorgungssicherheit - alles nur ein #Wunschtraum?","twitter_description":"Das KMU Swiss #Symposium zeigte auf, wie anf\u00e4llig die Wirtschaft auf #Ver\u00e4nderungen ist und wo die #Versorgungssicherheit auf dem Spiel steht.","twitter_image":"https:\/\/www.organisator.ch\/wp-content\/uploads\/2023\/09\/KMUswissSept2023.jpg","schema":{"@context":"https:\/\/schema.org","@graph":[{"@type":"Article","@id":"https:\/\/www.organisator.ch\/management\/2023-09-11\/versorgungssicherheit-alles-nur-ein-wunschtraum\/#article","isPartOf":{"@id":"https:\/\/www.organisator.ch\/management\/2023-09-11\/versorgungssicherheit-alles-nur-ein-wunschtraum\/"},"author":{"name":"thomas.berner","@id":"https:\/\/www.organisator.ch\/#\/schema\/person\/6f650f90b2842cd4c0cc334b4e36f67e"},"headline":"Versorgungssicherheit &#8211; alles nur ein Wunschtraum?","datePublished":"2023-09-11T08:46:00+00:00","dateModified":"2023-09-25T06:31:14+00:00","mainEntityOfPage":{"@id":"https:\/\/www.organisator.ch\/management\/2023-09-11\/versorgungssicherheit-alles-nur-ein-wunschtraum\/"},"wordCount":694,"publisher":{"@id":"https:\/\/www.organisator.ch\/#organization"},"image":{"@id":"https:\/\/www.organisator.ch\/management\/2023-09-11\/versorgungssicherheit-alles-nur-ein-wunschtraum\/#primaryimage"},"thumbnailUrl":"https:\/\/www.organisator.ch\/wp-content\/uploads\/2023\/09\/KMUswissSept2023.jpg","keywords":["Fachkongress\/Fachmesse","Management und Unternehmensf\u00fchrung","Versorgungssicherheit"],"articleSection":["MANAGEMENT"],"inLanguage":"fr-FR"},{"@type":"WebPage","@id":"https:\/\/www.organisator.ch\/management\/2023-09-11\/versorgungssicherheit-alles-nur-ein-wunschtraum\/","url":"https:\/\/www.organisator.ch\/management\/2023-09-11\/versorgungssicherheit-alles-nur-ein-wunschtraum\/","name":"S\u00e9curit\u00e9 de l'approvisionnement - tout n'est qu'un r\u00eave ? - Organisateur","isPartOf":{"@id":"https:\/\/www.organisator.ch\/#website"},"primaryImageOfPage":{"@id":"https:\/\/www.organisator.ch\/management\/2023-09-11\/versorgungssicherheit-alles-nur-ein-wunschtraum\/#primaryimage"},"image":{"@id":"https:\/\/www.organisator.ch\/management\/2023-09-11\/versorgungssicherheit-alles-nur-ein-wunschtraum\/#primaryimage"},"thumbnailUrl":"https:\/\/www.organisator.ch\/wp-content\/uploads\/2023\/09\/KMUswissSept2023.jpg","datePublished":"2023-09-11T08:46:00+00:00","dateModified":"2023-09-25T06:31:14+00:00","description":"Le Symposium PME Suisse a montr\u00e9 \u00e0 quel point l'\u00e9conomie est vuln\u00e9rable aux changements et o\u00f9 la s\u00e9curit\u00e9 de l'approvisionnement est en jeu.","breadcrumb":{"@id":"https:\/\/www.organisator.ch\/management\/2023-09-11\/versorgungssicherheit-alles-nur-ein-wunschtraum\/#breadcrumb"},"inLanguage":"fr-FR","potentialAction":[{"@type":"ReadAction","target":["https:\/\/www.organisator.ch\/management\/2023-09-11\/versorgungssicherheit-alles-nur-ein-wunschtraum\/"]}]},{"@type":"ImageObject","inLanguage":"fr-FR","@id":"https:\/\/www.organisator.ch\/management\/2023-09-11\/versorgungssicherheit-alles-nur-ein-wunschtraum\/#primaryimage","url":"https:\/\/www.organisator.ch\/wp-content\/uploads\/2023\/09\/KMUswissSept2023.jpg","contentUrl":"https:\/\/www.organisator.ch\/wp-content\/uploads\/2023\/09\/KMUswissSept2023.jpg"},{"@type":"BreadcrumbList","@id":"https:\/\/www.organisator.ch\/management\/2023-09-11\/versorgungssicherheit-alles-nur-ein-wunschtraum\/#breadcrumb","itemListElement":[{"@type":"ListItem","position":1,"name":"Home","item":"https:\/\/www.organisator.ch\/"},{"@type":"ListItem","position":2,"name":"Versorgungssicherheit &#8211; alles nur ein Wunschtraum?"}]},{"@type":"WebSite","@id":"https:\/\/www.organisator.ch\/#website","url":"https:\/\/www.organisator.ch\/","name":"Organisateur","description":"Comp\u00e9tence et comp\u00e9tence. Proches de la pratique. L'ORGANISATEUR pr\u00e9pare 10 num\u00e9ros par an sur les th\u00e8mes essentiels pour les dirigeants de PME.","publisher":{"@id":"https:\/\/www.organisator.ch\/#organization"},"potentialAction":[{"@type":"SearchAction","target":{"@type":"EntryPoint","urlTemplate":"https:\/\/www.organisator.ch\/?s={search_term_string}"},"query-input":{"@type":"PropertyValueSpecification","valueRequired":true,"valueName":"search_term_string"}}],"inLanguage":"fr-FR"},{"@type":"Organization","@id":"https:\/\/www.organisator.ch\/#organization","name":"Organisateur","url":"https:\/\/www.organisator.ch\/","logo":{"@type":"ImageObject","inLanguage":"fr-FR","@id":"https:\/\/www.organisator.ch\/#\/schema\/logo\/image\/","url":"https:\/\/www.organisator.ch\/wp-content\/uploads\/2022\/01\/Logo_Organisator_Website.png","contentUrl":"https:\/\/www.organisator.ch\/wp-content\/uploads\/2022\/01\/Logo_Organisator_Website.png","width":800,"height":77,"caption":"Organisator"},"image":{"@id":"https:\/\/www.organisator.ch\/#\/schema\/logo\/image\/"},"sameAs":["https:\/\/www.facebook.com\/OrganisatorFachmagazin","https:\/\/www.linkedin.com\/showcase\/organisator-das-magazin-fr-kmu","https:\/\/www.xing.com\/news\/pages\/organisator-ch-695","https:\/\/www.youtube.com\/channel\/UCGP2Sq0iWaZwT3BdIAQFYpw"]},{"@type":"Person","@id":"https:\/\/www.organisator.ch\/#\/schema\/person\/6f650f90b2842cd4c0cc334b4e36f67e","name":"thomas.berner","image":{"@type":"ImageObject","inLanguage":"fr-FR","@id":"https:\/\/secure.gravatar.com\/avatar\/ac5001d2a36cb6c6cd3e50789007ffca834b477b74a2144564522e944eabff61?s=96&d=mm&r=g","url":"https:\/\/secure.gravatar.com\/avatar\/ac5001d2a36cb6c6cd3e50789007ffca834b477b74a2144564522e944eabff61?s=96&d=mm&r=g","contentUrl":"https:\/\/secure.gravatar.com\/avatar\/ac5001d2a36cb6c6cd3e50789007ffca834b477b74a2144564522e944eabff61?s=96&d=mm&r=g","caption":"thomas.berner"},"url":"https:\/\/www.organisator.ch\/fr\/author\/thomas-berner\/"}]}},"_links":{"self":[{"href":"https:\/\/www.organisator.ch\/fr\/wp-json\/wp\/v2\/posts\/21642","targetHints":{"allow":["GET"]}}],"collection":[{"href":"https:\/\/www.organisator.ch\/fr\/wp-json\/wp\/v2\/posts"}],"about":[{"href":"https:\/\/www.organisator.ch\/fr\/wp-json\/wp\/v2\/types\/post"}],"author":[{"embeddable":true,"href":"https:\/\/www.organisator.ch\/fr\/wp-json\/wp\/v2\/users\/4"}],"replies":[{"embeddable":true,"href":"https:\/\/www.organisator.ch\/fr\/wp-json\/wp\/v2\/comments?post=21642"}],"version-history":[{"count":2,"href":"https:\/\/www.organisator.ch\/fr\/wp-json\/wp\/v2\/posts\/21642\/revisions"}],"predecessor-version":[{"id":21646,"href":"https:\/\/www.organisator.ch\/fr\/wp-json\/wp\/v2\/posts\/21642\/revisions\/21646"}],"wp:attachment":[{"href":"https:\/\/www.organisator.ch\/fr\/wp-json\/wp\/v2\/media?parent=21642"}],"wp:term":[{"taxonomy":"category","embeddable":true,"href":"https:\/\/www.organisator.ch\/fr\/wp-json\/wp\/v2\/categories?post=21642"},{"taxonomy":"post_tag","embeddable":true,"href":"https:\/\/www.organisator.ch\/fr\/wp-json\/wp\/v2\/tags?post=21642"}],"curies":[{"name":"wp","href":"https:\/\/api.w.org\/{rel}","templated":true}]}}