{"id":21695,"date":"2023-09-13T11:04:52","date_gmt":"2023-09-13T09:04:52","guid":{"rendered":"https:\/\/www.organisator.ch\/?p=21695"},"modified":"2023-09-13T11:04:52","modified_gmt":"2023-09-13T09:04:52","slug":"ghosting-statt-stellenantritt-mitarbeiterintegration-als-risiko","status":"publish","type":"post","link":"https:\/\/www.organisator.ch\/fr\/human-resources\/2023-09-13\/ghosting-statt-stellenantritt-mitarbeiterintegration-als-risiko\/","title":{"rendered":"Ghosting plut\u00f4t que prise de poste : l'int\u00e9gration des collaborateurs comme risque"},"content":{"rendered":"<figure id=\"attachment_21697\" aria-describedby=\"caption-attachment-21697\" style=\"width: 680px\" class=\"wp-caption alignnone\"><img loading=\"lazy\" decoding=\"async\" class=\"size-full wp-image-21697\" src=\"https:\/\/www.organisator.ch\/wp-content\/uploads\/2023\/09\/Ghosting-statt-Stellenantritt-Mitarbeiterintegration-als-Risiko_Orgaisator.jpg\" alt=\"\" width=\"680\" height=\"680\" srcset=\"https:\/\/www.organisator.ch\/wp-content\/uploads\/2023\/09\/Ghosting-statt-Stellenantritt-Mitarbeiterintegration-als-Risiko_Orgaisator.jpg 680w, https:\/\/www.organisator.ch\/wp-content\/uploads\/2023\/09\/Ghosting-statt-Stellenantritt-Mitarbeiterintegration-als-Risiko_Orgaisator-150x150.jpg 150w, https:\/\/www.organisator.ch\/wp-content\/uploads\/2023\/09\/Ghosting-statt-Stellenantritt-Mitarbeiterintegration-als-Risiko_Orgaisator-12x12.jpg 12w, https:\/\/www.organisator.ch\/wp-content\/uploads\/2023\/09\/Ghosting-statt-Stellenantritt-Mitarbeiterintegration-als-Risiko_Orgaisator-300x300.jpg 300w, https:\/\/www.organisator.ch\/wp-content\/uploads\/2023\/09\/Ghosting-statt-Stellenantritt-Mitarbeiterintegration-als-Risiko_Orgaisator-350x350.jpg 350w, https:\/\/www.organisator.ch\/wp-content\/uploads\/2023\/09\/Ghosting-statt-Stellenantritt-Mitarbeiterintegration-als-Risiko_Orgaisator-250x250.jpg 250w\" sizes=\"auto, (max-width: 680px) 100vw, 680px\" \/><figcaption id=\"caption-attachment-21697\" class=\"wp-caption-text\">Une nouvelle \u00e9tude d\u00e9montre une augmentation du ph\u00e9nom\u00e8ne du ghosting dans le monde du travail. (Graphique : Softgarden)<\/figcaption><\/figure>\n<p>La signature d'un contrat de travail n'est pas la fin de l'actualit\u00e9 : Selon une \u00e9tude de Softgarden, un demandeur d'emploi sur dix a sign\u00e9 un contrat de travail, mais n'a pas pris son poste. A cela s'ajoutent les 21,0% employ\u00e9s qui ont d\u00e9missionn\u00e9 dans les 100 jours. Softgarden a d\u00e9montr\u00e9 dans son \u00e9tude \"Candidate Experience 2023\" que ce pourcentage a doubl\u00e9. 3.811 candidats ont \u00e9t\u00e9 interrog\u00e9s. Softgarden est, selon ses propres dires, une entreprise leader dans le domaine des technologies RH en Europe et a \u00e9t\u00e9 reconnue comme l'un des meilleurs fournisseurs de suites d'acquisition de talents en Europe dans le rapport Fosway 9-Grid\u2122-Recruiting 2022 et 2023.<\/p>\n<p>L'\u00e9tude \"Candidate Experience\" a \u00e9t\u00e9 publi\u00e9e en deux parties. La premi\u00e8re partie a \u00e9t\u00e9 publi\u00e9e en juin 2023 et portait sur la recherche d'emploi, les propres m\u00e9dias des employeurs et le processus de candidature. Dans la deuxi\u00e8me partie, l'accent est mis non seulement sur la phase d'onboarding, mais aussi sur les \u00e9motions ressenties lors de la candidature et de l'entretien d'embauche.<\/p>\n<h3>Ghosting au travail<\/h3>\n<p>On entend de plus en plus souvent parler du ph\u00e9nom\u00e8ne de \"ghosting\", lorsque des candidats ou des demandeurs d'emploi signent le contrat mais ne viennent pas travailler (4,2%). Une telle situation entra\u00eene un probl\u00e8me structurel dans l'entreprise ou chez l'employeur. C'est d\u00e9sormais l'employeur qui doit convaincre les demandeurs d'emploi et non l'inverse. L'int\u00e9gration des nouveaux employ\u00e9s devient rapidement un d\u00e9fi. 6,0% des personnes interrog\u00e9es ont d\u00e9j\u00e0 r\u00e9sili\u00e9 le contrat de travail sign\u00e9 avant de prendre leur poste. \"Une meilleure offre d'emploi\" \u00e9tait la principale raison de cette d\u00e9mission, avec 41,3%.<\/p>\n<h3><strong>Vous avez d\u00e9j\u00e0 quitt\u00e9 votre emploi pendant les 100 premiers jours ? <\/strong><\/h3>\n<p>En 2018, les personnes interrog\u00e9es ont r\u00e9pondu \"oui\" \u00e0 cette question \u00e0 11,6% et en 2023, on a constat\u00e9 une \u00e9volution inqui\u00e9tante : En effet, en 2023, les personnes interrog\u00e9es ont r\u00e9pondu \"oui\" \u00e0 la m\u00eame question \u00e0 21,0%. Softgarden a qualifi\u00e9 les premiers mois de \"p\u00e9riode d'essai pour les employeurs\". 15,7% ont d\u00e9j\u00e0 \u00e9t\u00e9 sur le point de quitter leur nouvel emploi. Le probl\u00e8me est la phase d'onboarding. D'ailleurs, la proportion de personnes ayant d\u00e9j\u00e0 quitt\u00e9 leur emploi au cours des 100 premiers jours est beaucoup plus \u00e9lev\u00e9e chez les personnes ayant un dipl\u00f4me de fin d'\u00e9tudes secondaires (Hauptschule ou Realschule) que chez les dipl\u00f4m\u00e9s universitaires (30,8%). Dans ce cas, elle est de 16,8%.<\/p>\n<h3><strong>Quelles sont les raisons de l'abandon pr\u00e9coce de l'emploi ? <\/strong><\/h3>\n<p>La majorit\u00e9 a cit\u00e9 trois facteurs \u00e0 ce sujet :<\/p>\n<ol>\n<li>La diff\u00e9rence entre les promesses de la phase de candidature et la r\u00e9alit\u00e9 du travail (70,5%)<\/li>\n<li>Dirigeants incomp\u00e9tents (71,3% pour les femmes) et (63,2% pour les hommes)<\/li>\n<li>Absence de plan lors de l'initiation (60,3% pour les femmes) et (54,0% pour les hommes)<\/li>\n<\/ol>\n<p>Kiril Mankovski, directeur g\u00e9n\u00e9ral de Softgarden, est d'avis, sur la base des r\u00e9sultats de l'\u00e9tude, que l'onboarding doit \u00eatre am\u00e9lior\u00e9 et que les employeurs doivent soutenir les collaborateurs de mani\u00e8re plus structur\u00e9e tout au long de la phase d'int\u00e9gration.<\/p>\n<p><em>Source : <a href=\"http:\/\/www.softgarden.com\">Softgarden<\/a>. Informations sur l'\u00e9tude : <a href=\"https:\/\/hr-praesenz.epaper.mt\/?nltr=MTczOzI4O2h0dHBzOi8vc29mdGdhcmRlbi5jb20vZGUvc3R1ZGllLzs7ZmMwNDkyMmRiN2UxNmZkZWFiZGVjNDhkZjQzYjAzMGM%3D\">softgarden.com\/fr\/\u00e9tude\/<\/a><\/em><\/p>","protected":false},"excerpt":{"rendered":"<p>Le ph\u00e9nom\u00e8ne du \"ghosting\" touche \u00e9galement le monde du travail : les cas de collaborateurs qui ne prennent pas leur poste malgr\u00e9 la signature d'un contrat de travail sont en augmentation. Conclusion d'une \u00e9tude : les premiers mois dans le nouvel emploi deviennent de plus en plus une \"p\u00e9riode d'essai pour les employeurs\".<\/p>","protected":false},"author":4,"featured_media":21697,"comment_status":"closed","ping_status":"closed","sticky":false,"template":"","format":"standard","meta":{"_acf_changed":false,"_yoast_wpseo_focuskw":"Ghosting","_yoast_wpseo_metadesc":"\u00abGhosting\u00bb erfasst die Arbeitswelt: F\u00e4lle von Mitarbeitenden, die trotz unterzeichnetem Vertrag die Stelle nicht antreten, nehmen zu.","articlekey":"","footnotes":""},"categories":[579],"tags":[254,407,459],"class_list":["post-21695","post","type-post","status-publish","format-standard","has-post-thumbnail","hentry","category-human-resources","tag-hrm","tag-recruiting","tag-studie"],"acf":[],"yoast_head":"<!-- This site is optimized with the Yoast SEO plugin v27.5 - https:\/\/yoast.com\/product\/yoast-seo-wordpress\/ -->\n<title>Ghosting statt Stellenantritt: Mitarbeiterintegration als Risiko - Organisator<\/title>\n<meta name=\"description\" content=\"\u00abGhosting\u00bb erfasst die Arbeitswelt: F\u00e4lle von Mitarbeitenden, die trotz unterzeichnetem Vertrag die Stelle nicht antreten, nehmen zu.\" \/>\n<meta name=\"robots\" content=\"index, follow, max-snippet:-1, max-image-preview:large, max-video-preview:-1\" \/>\n<link rel=\"canonical\" href=\"https:\/\/www.organisator.ch\/fr\/ressources-humaines\/2023-09-13\/ghosting-statt-stellenantritt-mitarbeiterintegration-als-risiko\/\" \/>\n<meta property=\"og:locale\" content=\"fr_FR\" \/>\n<meta property=\"og:type\" content=\"article\" \/>\n<meta property=\"og:title\" content=\"Ghosting statt Stellenantritt: Mitarbeiterintegration als Risiko\" \/>\n<meta property=\"og:description\" content=\"\u00abGhosting\u00bb erfasst die Arbeitswelt: F\u00e4lle von Mitarbeitenden, die trotz unterzeichnetem Vertrag die Stelle nicht antreten, nehmen zu.\" \/>\n<meta property=\"og:url\" content=\"https:\/\/www.organisator.ch\/fr\/ressources-humaines\/2023-09-13\/ghosting-statt-stellenantritt-mitarbeiterintegration-als-risiko\/\" \/>\n<meta property=\"og:site_name\" content=\"Organisator\" \/>\n<meta property=\"article:publisher\" content=\"https:\/\/www.facebook.com\/OrganisatorFachmagazin\" \/>\n<meta property=\"article:published_time\" content=\"2023-09-13T09:04:52+00:00\" \/>\n<meta property=\"og:image\" content=\"https:\/\/www.organisator.ch\/wp-content\/uploads\/2023\/09\/Ghosting-statt-Stellenantritt-Mitarbeiterintegration-als-Risiko_Orgaisator.jpg\" \/>\n\t<meta property=\"og:image:width\" content=\"680\" \/>\n\t<meta property=\"og:image:height\" content=\"680\" \/>\n\t<meta property=\"og:image:type\" content=\"image\/jpeg\" \/>\n<meta name=\"author\" content=\"thomas.berner\" \/>\n<meta name=\"twitter:card\" content=\"summary_large_image\" \/>\n<meta name=\"twitter:title\" content=\"#Ghosting statt #Stellenantritt: #Mitarbeiterintegration als Risiko\" \/>\n<meta name=\"twitter:description\" content=\"\u00ab#Ghosting\u00bb erfasst die #Arbeitswelt: F\u00e4lle von Mitarbeitenden, die trotz unterzeichnetem Vertrag die Stelle nicht antreten, nehmen zu.\" \/>\n<meta name=\"twitter:image\" content=\"https:\/\/www.organisator.ch\/wp-content\/uploads\/2023\/09\/Ghosting-statt-Stellenantritt-Mitarbeiterintegration-als-Risiko_Orgaisator.jpg\" \/>\n<script type=\"application\/ld+json\" class=\"yoast-schema-graph\">{\"@context\":\"https:\\\/\\\/schema.org\",\"@graph\":[{\"@type\":\"Article\",\"@id\":\"https:\\\/\\\/www.organisator.ch\\\/human-resources\\\/2023-09-13\\\/ghosting-statt-stellenantritt-mitarbeiterintegration-als-risiko\\\/#article\",\"isPartOf\":{\"@id\":\"https:\\\/\\\/www.organisator.ch\\\/human-resources\\\/2023-09-13\\\/ghosting-statt-stellenantritt-mitarbeiterintegration-als-risiko\\\/\"},\"author\":{\"name\":\"thomas.berner\",\"@id\":\"https:\\\/\\\/www.organisator.ch\\\/#\\\/schema\\\/person\\\/6f650f90b2842cd4c0cc334b4e36f67e\"},\"headline\":\"Ghosting statt Stellenantritt: Mitarbeiterintegration als Risiko\",\"datePublished\":\"2023-09-13T09:04:52+00:00\",\"mainEntityOfPage\":{\"@id\":\"https:\\\/\\\/www.organisator.ch\\\/human-resources\\\/2023-09-13\\\/ghosting-statt-stellenantritt-mitarbeiterintegration-als-risiko\\\/\"},\"wordCount\":447,\"publisher\":{\"@id\":\"https:\\\/\\\/www.organisator.ch\\\/#organization\"},\"image\":{\"@id\":\"https:\\\/\\\/www.organisator.ch\\\/human-resources\\\/2023-09-13\\\/ghosting-statt-stellenantritt-mitarbeiterintegration-als-risiko\\\/#primaryimage\"},\"thumbnailUrl\":\"https:\\\/\\\/www.organisator.ch\\\/wp-content\\\/uploads\\\/2023\\\/09\\\/Ghosting-statt-Stellenantritt-Mitarbeiterintegration-als-Risiko_Orgaisator.jpg\",\"keywords\":[\"HRM\",\"Recruiting\",\"Studie\"],\"articleSection\":[\"HUMAN RESOURCES\"],\"inLanguage\":\"fr-FR\"},{\"@type\":\"WebPage\",\"@id\":\"https:\\\/\\\/www.organisator.ch\\\/human-resources\\\/2023-09-13\\\/ghosting-statt-stellenantritt-mitarbeiterintegration-als-risiko\\\/\",\"url\":\"https:\\\/\\\/www.organisator.ch\\\/human-resources\\\/2023-09-13\\\/ghosting-statt-stellenantritt-mitarbeiterintegration-als-risiko\\\/\",\"name\":\"Ghosting statt Stellenantritt: Mitarbeiterintegration als Risiko - Organisator\",\"isPartOf\":{\"@id\":\"https:\\\/\\\/www.organisator.ch\\\/#website\"},\"primaryImageOfPage\":{\"@id\":\"https:\\\/\\\/www.organisator.ch\\\/human-resources\\\/2023-09-13\\\/ghosting-statt-stellenantritt-mitarbeiterintegration-als-risiko\\\/#primaryimage\"},\"image\":{\"@id\":\"https:\\\/\\\/www.organisator.ch\\\/human-resources\\\/2023-09-13\\\/ghosting-statt-stellenantritt-mitarbeiterintegration-als-risiko\\\/#primaryimage\"},\"thumbnailUrl\":\"https:\\\/\\\/www.organisator.ch\\\/wp-content\\\/uploads\\\/2023\\\/09\\\/Ghosting-statt-Stellenantritt-Mitarbeiterintegration-als-Risiko_Orgaisator.jpg\",\"datePublished\":\"2023-09-13T09:04:52+00:00\",\"description\":\"\u00abGhosting\u00bb erfasst die Arbeitswelt: F\u00e4lle von Mitarbeitenden, die trotz unterzeichnetem Vertrag die Stelle nicht antreten, nehmen zu.\",\"breadcrumb\":{\"@id\":\"https:\\\/\\\/www.organisator.ch\\\/human-resources\\\/2023-09-13\\\/ghosting-statt-stellenantritt-mitarbeiterintegration-als-risiko\\\/#breadcrumb\"},\"inLanguage\":\"fr-FR\",\"potentialAction\":[{\"@type\":\"ReadAction\",\"target\":[\"https:\\\/\\\/www.organisator.ch\\\/human-resources\\\/2023-09-13\\\/ghosting-statt-stellenantritt-mitarbeiterintegration-als-risiko\\\/\"]}]},{\"@type\":\"ImageObject\",\"inLanguage\":\"fr-FR\",\"@id\":\"https:\\\/\\\/www.organisator.ch\\\/human-resources\\\/2023-09-13\\\/ghosting-statt-stellenantritt-mitarbeiterintegration-als-risiko\\\/#primaryimage\",\"url\":\"https:\\\/\\\/www.organisator.ch\\\/wp-content\\\/uploads\\\/2023\\\/09\\\/Ghosting-statt-Stellenantritt-Mitarbeiterintegration-als-Risiko_Orgaisator.jpg\",\"contentUrl\":\"https:\\\/\\\/www.organisator.ch\\\/wp-content\\\/uploads\\\/2023\\\/09\\\/Ghosting-statt-Stellenantritt-Mitarbeiterintegration-als-Risiko_Orgaisator.jpg\",\"width\":680,\"height\":680,\"caption\":\"Eine neue Studie weist eine Zunahme des Ghosting-Ph\u00e4nomens in der Arbeitswelt nach. (Grafik: Softgarden)\"},{\"@type\":\"BreadcrumbList\",\"@id\":\"https:\\\/\\\/www.organisator.ch\\\/human-resources\\\/2023-09-13\\\/ghosting-statt-stellenantritt-mitarbeiterintegration-als-risiko\\\/#breadcrumb\",\"itemListElement\":[{\"@type\":\"ListItem\",\"position\":1,\"name\":\"Home\",\"item\":\"https:\\\/\\\/www.organisator.ch\\\/\"},{\"@type\":\"ListItem\",\"position\":2,\"name\":\"Ghosting statt Stellenantritt: Mitarbeiterintegration als Risiko\"}]},{\"@type\":\"WebSite\",\"@id\":\"https:\\\/\\\/www.organisator.ch\\\/#website\",\"url\":\"https:\\\/\\\/www.organisator.ch\\\/\",\"name\":\"Organisator\",\"description\":\"Kompetent. Praxisnah. Der ORGANISATOR bereitet in 10 Ausgaben pro Jahr die wesentlichen Themen f\u00fcr F\u00fchrungskr\u00e4fte von KMU auf.\",\"publisher\":{\"@id\":\"https:\\\/\\\/www.organisator.ch\\\/#organization\"},\"potentialAction\":[{\"@type\":\"SearchAction\",\"target\":{\"@type\":\"EntryPoint\",\"urlTemplate\":\"https:\\\/\\\/www.organisator.ch\\\/?s={search_term_string}\"},\"query-input\":{\"@type\":\"PropertyValueSpecification\",\"valueRequired\":true,\"valueName\":\"search_term_string\"}}],\"inLanguage\":\"fr-FR\"},{\"@type\":\"Organization\",\"@id\":\"https:\\\/\\\/www.organisator.ch\\\/#organization\",\"name\":\"Organisator\",\"url\":\"https:\\\/\\\/www.organisator.ch\\\/\",\"logo\":{\"@type\":\"ImageObject\",\"inLanguage\":\"fr-FR\",\"@id\":\"https:\\\/\\\/www.organisator.ch\\\/#\\\/schema\\\/logo\\\/image\\\/\",\"url\":\"https:\\\/\\\/www.organisator.ch\\\/wp-content\\\/uploads\\\/2022\\\/01\\\/Logo_Organisator_Website.png\",\"contentUrl\":\"https:\\\/\\\/www.organisator.ch\\\/wp-content\\\/uploads\\\/2022\\\/01\\\/Logo_Organisator_Website.png\",\"width\":800,\"height\":77,\"caption\":\"Organisator\"},\"image\":{\"@id\":\"https:\\\/\\\/www.organisator.ch\\\/#\\\/schema\\\/logo\\\/image\\\/\"},\"sameAs\":[\"https:\\\/\\\/www.facebook.com\\\/OrganisatorFachmagazin\",\"https:\\\/\\\/www.linkedin.com\\\/showcase\\\/organisator-das-magazin-fr-kmu\",\"https:\\\/\\\/www.xing.com\\\/news\\\/pages\\\/organisator-ch-695\",\"https:\\\/\\\/www.youtube.com\\\/channel\\\/UCGP2Sq0iWaZwT3BdIAQFYpw\"]},{\"@type\":\"Person\",\"@id\":\"https:\\\/\\\/www.organisator.ch\\\/#\\\/schema\\\/person\\\/6f650f90b2842cd4c0cc334b4e36f67e\",\"name\":\"thomas.berner\",\"image\":{\"@type\":\"ImageObject\",\"inLanguage\":\"fr-FR\",\"@id\":\"https:\\\/\\\/secure.gravatar.com\\\/avatar\\\/ac5001d2a36cb6c6cd3e50789007ffca834b477b74a2144564522e944eabff61?s=96&d=mm&r=g\",\"url\":\"https:\\\/\\\/secure.gravatar.com\\\/avatar\\\/ac5001d2a36cb6c6cd3e50789007ffca834b477b74a2144564522e944eabff61?s=96&d=mm&r=g\",\"contentUrl\":\"https:\\\/\\\/secure.gravatar.com\\\/avatar\\\/ac5001d2a36cb6c6cd3e50789007ffca834b477b74a2144564522e944eabff61?s=96&d=mm&r=g\",\"caption\":\"thomas.berner\"},\"url\":\"https:\\\/\\\/www.organisator.ch\\\/fr\\\/author\\\/thomas-berner\\\/\"}]}<\/script>\n<!-- \/ Yoast SEO plugin. -->","yoast_head_json":{"title":"Ghosting plut\u00f4t que prise de poste : l'int\u00e9gration des collaborateurs comme risque - Organisateur","description":"Le \"ghosting\" gagne le monde du travail : les cas de collaborateurs qui ne prennent pas leur poste malgr\u00e9 la signature d'un contrat sont en augmentation.","robots":{"index":"index","follow":"follow","max-snippet":"max-snippet:-1","max-image-preview":"max-image-preview:large","max-video-preview":"max-video-preview:-1"},"canonical":"https:\/\/www.organisator.ch\/fr\/ressources-humaines\/2023-09-13\/ghosting-statt-stellenantritt-mitarbeiterintegration-als-risiko\/","og_locale":"fr_FR","og_type":"article","og_title":"Ghosting statt Stellenantritt: Mitarbeiterintegration als Risiko","og_description":"\u00abGhosting\u00bb erfasst die Arbeitswelt: F\u00e4lle von Mitarbeitenden, die trotz unterzeichnetem Vertrag die Stelle nicht antreten, nehmen zu.","og_url":"https:\/\/www.organisator.ch\/fr\/ressources-humaines\/2023-09-13\/ghosting-statt-stellenantritt-mitarbeiterintegration-als-risiko\/","og_site_name":"Organisator","article_publisher":"https:\/\/www.facebook.com\/OrganisatorFachmagazin","article_published_time":"2023-09-13T09:04:52+00:00","og_image":[{"width":680,"height":680,"url":"https:\/\/www.organisator.ch\/wp-content\/uploads\/2023\/09\/Ghosting-statt-Stellenantritt-Mitarbeiterintegration-als-Risiko_Orgaisator.jpg","type":"image\/jpeg"}],"author":"thomas.berner","twitter_card":"summary_large_image","twitter_title":"#Ghosting statt #Stellenantritt: #Mitarbeiterintegration als Risiko","twitter_description":"\u00ab#Ghosting\u00bb erfasst die #Arbeitswelt: F\u00e4lle von Mitarbeitenden, die trotz unterzeichnetem Vertrag die Stelle nicht antreten, nehmen zu.","twitter_image":"https:\/\/www.organisator.ch\/wp-content\/uploads\/2023\/09\/Ghosting-statt-Stellenantritt-Mitarbeiterintegration-als-Risiko_Orgaisator.jpg","schema":{"@context":"https:\/\/schema.org","@graph":[{"@type":"Article","@id":"https:\/\/www.organisator.ch\/human-resources\/2023-09-13\/ghosting-statt-stellenantritt-mitarbeiterintegration-als-risiko\/#article","isPartOf":{"@id":"https:\/\/www.organisator.ch\/human-resources\/2023-09-13\/ghosting-statt-stellenantritt-mitarbeiterintegration-als-risiko\/"},"author":{"name":"thomas.berner","@id":"https:\/\/www.organisator.ch\/#\/schema\/person\/6f650f90b2842cd4c0cc334b4e36f67e"},"headline":"Ghosting statt Stellenantritt: Mitarbeiterintegration als Risiko","datePublished":"2023-09-13T09:04:52+00:00","mainEntityOfPage":{"@id":"https:\/\/www.organisator.ch\/human-resources\/2023-09-13\/ghosting-statt-stellenantritt-mitarbeiterintegration-als-risiko\/"},"wordCount":447,"publisher":{"@id":"https:\/\/www.organisator.ch\/#organization"},"image":{"@id":"https:\/\/www.organisator.ch\/human-resources\/2023-09-13\/ghosting-statt-stellenantritt-mitarbeiterintegration-als-risiko\/#primaryimage"},"thumbnailUrl":"https:\/\/www.organisator.ch\/wp-content\/uploads\/2023\/09\/Ghosting-statt-Stellenantritt-Mitarbeiterintegration-als-Risiko_Orgaisator.jpg","keywords":["HRM","Recruiting","Studie"],"articleSection":["HUMAN RESOURCES"],"inLanguage":"fr-FR"},{"@type":"WebPage","@id":"https:\/\/www.organisator.ch\/human-resources\/2023-09-13\/ghosting-statt-stellenantritt-mitarbeiterintegration-als-risiko\/","url":"https:\/\/www.organisator.ch\/human-resources\/2023-09-13\/ghosting-statt-stellenantritt-mitarbeiterintegration-als-risiko\/","name":"Ghosting plut\u00f4t que prise de poste : l'int\u00e9gration des collaborateurs comme risque - Organisateur","isPartOf":{"@id":"https:\/\/www.organisator.ch\/#website"},"primaryImageOfPage":{"@id":"https:\/\/www.organisator.ch\/human-resources\/2023-09-13\/ghosting-statt-stellenantritt-mitarbeiterintegration-als-risiko\/#primaryimage"},"image":{"@id":"https:\/\/www.organisator.ch\/human-resources\/2023-09-13\/ghosting-statt-stellenantritt-mitarbeiterintegration-als-risiko\/#primaryimage"},"thumbnailUrl":"https:\/\/www.organisator.ch\/wp-content\/uploads\/2023\/09\/Ghosting-statt-Stellenantritt-Mitarbeiterintegration-als-Risiko_Orgaisator.jpg","datePublished":"2023-09-13T09:04:52+00:00","description":"Le \"ghosting\" gagne le monde du travail : les cas de collaborateurs qui ne prennent pas leur poste malgr\u00e9 la signature d'un contrat sont en augmentation.","breadcrumb":{"@id":"https:\/\/www.organisator.ch\/human-resources\/2023-09-13\/ghosting-statt-stellenantritt-mitarbeiterintegration-als-risiko\/#breadcrumb"},"inLanguage":"fr-FR","potentialAction":[{"@type":"ReadAction","target":["https:\/\/www.organisator.ch\/human-resources\/2023-09-13\/ghosting-statt-stellenantritt-mitarbeiterintegration-als-risiko\/"]}]},{"@type":"ImageObject","inLanguage":"fr-FR","@id":"https:\/\/www.organisator.ch\/human-resources\/2023-09-13\/ghosting-statt-stellenantritt-mitarbeiterintegration-als-risiko\/#primaryimage","url":"https:\/\/www.organisator.ch\/wp-content\/uploads\/2023\/09\/Ghosting-statt-Stellenantritt-Mitarbeiterintegration-als-Risiko_Orgaisator.jpg","contentUrl":"https:\/\/www.organisator.ch\/wp-content\/uploads\/2023\/09\/Ghosting-statt-Stellenantritt-Mitarbeiterintegration-als-Risiko_Orgaisator.jpg","width":680,"height":680,"caption":"Eine neue Studie weist eine Zunahme des Ghosting-Ph\u00e4nomens in der Arbeitswelt nach. (Grafik: Softgarden)"},{"@type":"BreadcrumbList","@id":"https:\/\/www.organisator.ch\/human-resources\/2023-09-13\/ghosting-statt-stellenantritt-mitarbeiterintegration-als-risiko\/#breadcrumb","itemListElement":[{"@type":"ListItem","position":1,"name":"Home","item":"https:\/\/www.organisator.ch\/"},{"@type":"ListItem","position":2,"name":"Ghosting statt Stellenantritt: Mitarbeiterintegration als Risiko"}]},{"@type":"WebSite","@id":"https:\/\/www.organisator.ch\/#website","url":"https:\/\/www.organisator.ch\/","name":"Organisateur","description":"Comp\u00e9tence et comp\u00e9tence. Proches de la pratique. L'ORGANISATEUR pr\u00e9pare 10 num\u00e9ros par an sur les th\u00e8mes essentiels pour les dirigeants de PME.","publisher":{"@id":"https:\/\/www.organisator.ch\/#organization"},"potentialAction":[{"@type":"SearchAction","target":{"@type":"EntryPoint","urlTemplate":"https:\/\/www.organisator.ch\/?s={search_term_string}"},"query-input":{"@type":"PropertyValueSpecification","valueRequired":true,"valueName":"search_term_string"}}],"inLanguage":"fr-FR"},{"@type":"Organization","@id":"https:\/\/www.organisator.ch\/#organization","name":"Organisateur","url":"https:\/\/www.organisator.ch\/","logo":{"@type":"ImageObject","inLanguage":"fr-FR","@id":"https:\/\/www.organisator.ch\/#\/schema\/logo\/image\/","url":"https:\/\/www.organisator.ch\/wp-content\/uploads\/2022\/01\/Logo_Organisator_Website.png","contentUrl":"https:\/\/www.organisator.ch\/wp-content\/uploads\/2022\/01\/Logo_Organisator_Website.png","width":800,"height":77,"caption":"Organisator"},"image":{"@id":"https:\/\/www.organisator.ch\/#\/schema\/logo\/image\/"},"sameAs":["https:\/\/www.facebook.com\/OrganisatorFachmagazin","https:\/\/www.linkedin.com\/showcase\/organisator-das-magazin-fr-kmu","https:\/\/www.xing.com\/news\/pages\/organisator-ch-695","https:\/\/www.youtube.com\/channel\/UCGP2Sq0iWaZwT3BdIAQFYpw"]},{"@type":"Person","@id":"https:\/\/www.organisator.ch\/#\/schema\/person\/6f650f90b2842cd4c0cc334b4e36f67e","name":"thomas.berner","image":{"@type":"ImageObject","inLanguage":"fr-FR","@id":"https:\/\/secure.gravatar.com\/avatar\/ac5001d2a36cb6c6cd3e50789007ffca834b477b74a2144564522e944eabff61?s=96&d=mm&r=g","url":"https:\/\/secure.gravatar.com\/avatar\/ac5001d2a36cb6c6cd3e50789007ffca834b477b74a2144564522e944eabff61?s=96&d=mm&r=g","contentUrl":"https:\/\/secure.gravatar.com\/avatar\/ac5001d2a36cb6c6cd3e50789007ffca834b477b74a2144564522e944eabff61?s=96&d=mm&r=g","caption":"thomas.berner"},"url":"https:\/\/www.organisator.ch\/fr\/author\/thomas-berner\/"}]}},"_links":{"self":[{"href":"https:\/\/www.organisator.ch\/fr\/wp-json\/wp\/v2\/posts\/21695","targetHints":{"allow":["GET"]}}],"collection":[{"href":"https:\/\/www.organisator.ch\/fr\/wp-json\/wp\/v2\/posts"}],"about":[{"href":"https:\/\/www.organisator.ch\/fr\/wp-json\/wp\/v2\/types\/post"}],"author":[{"embeddable":true,"href":"https:\/\/www.organisator.ch\/fr\/wp-json\/wp\/v2\/users\/4"}],"replies":[{"embeddable":true,"href":"https:\/\/www.organisator.ch\/fr\/wp-json\/wp\/v2\/comments?post=21695"}],"version-history":[{"count":1,"href":"https:\/\/www.organisator.ch\/fr\/wp-json\/wp\/v2\/posts\/21695\/revisions"}],"predecessor-version":[{"id":21698,"href":"https:\/\/www.organisator.ch\/fr\/wp-json\/wp\/v2\/posts\/21695\/revisions\/21698"}],"wp:featuredmedia":[{"embeddable":true,"href":"https:\/\/www.organisator.ch\/fr\/wp-json\/wp\/v2\/media\/21697"}],"wp:attachment":[{"href":"https:\/\/www.organisator.ch\/fr\/wp-json\/wp\/v2\/media?parent=21695"}],"wp:term":[{"taxonomy":"category","embeddable":true,"href":"https:\/\/www.organisator.ch\/fr\/wp-json\/wp\/v2\/categories?post=21695"},{"taxonomy":"post_tag","embeddable":true,"href":"https:\/\/www.organisator.ch\/fr\/wp-json\/wp\/v2\/tags?post=21695"}],"curies":[{"name":"wp","href":"https:\/\/api.w.org\/{rel}","templated":true}]}}