{"id":21709,"date":"2023-09-14T08:31:57","date_gmt":"2023-09-14T06:31:57","guid":{"rendered":"https:\/\/www.organisator.ch\/?p=21709"},"modified":"2023-09-14T08:31:57","modified_gmt":"2023-09-14T06:31:57","slug":"verstaerkung-im-dach-markt-bei-victorinox","status":"publish","type":"post","link":"https:\/\/www.organisator.ch\/fr\/management\/2023-09-14\/verstaerkung-im-dach-markt-bei-victorinox\/","title":{"rendered":"Renfort sur le march\u00e9 DACH chez Victorinox"},"content":{"rendered":"<figure id=\"attachment_21710\" aria-describedby=\"caption-attachment-21710\" style=\"width: 680px\" class=\"wp-caption alignnone\"><img loading=\"lazy\" decoding=\"async\" class=\"size-full wp-image-21710\" src=\"https:\/\/www.organisator.ch\/wp-content\/uploads\/2023\/09\/Verstaerkung-im-DACH-Markt-bei-Victorinox_Organisator.jpg\" alt=\"\" width=\"680\" height=\"304\" srcset=\"https:\/\/www.organisator.ch\/wp-content\/uploads\/2023\/09\/Verstaerkung-im-DACH-Markt-bei-Victorinox_Organisator.jpg 680w, https:\/\/www.organisator.ch\/wp-content\/uploads\/2023\/09\/Verstaerkung-im-DACH-Markt-bei-Victorinox_Organisator-18x8.jpg 18w, https:\/\/www.organisator.ch\/wp-content\/uploads\/2023\/09\/Verstaerkung-im-DACH-Markt-bei-Victorinox_Organisator-375x168.jpg 375w\" sizes=\"auto, (max-width: 680px) 100vw, 680px\" \/><figcaption id=\"caption-attachment-21710\" class=\"wp-caption-text\">Ibarhim Recaj (\u00e0 gauche) et Frank Wenning renforcent l'\u00e9quipe de vente pour le march\u00e9 DACH de Victorinox. (Images : zVg \/ Victorinox)<\/figcaption><\/figure>\n<p>Ibrahim Racaj vit dans le canton de Lucerne, en Suisse. Il a d\u00e9but\u00e9 sa carri\u00e8re professionnelle en tant que conseiller client\u00e8le chez Swisscom, la plus grande entreprise de t\u00e9l\u00e9communications de Suisse, avant de devenir Territory Manager Retail puis Key Account Manager Retail et Public Vending chez Selecta, un groupe d'entreprises sp\u00e9cialis\u00e9 dans la restauration et les distributeurs automatiques. Depuis f\u00e9vrier 2023, Ibrahim Racaj est Key Account Manager pour l'Autriche et une partie de la Suisse (codes postaux 3,5,8 et 9) au sein du d\u00e9partement Corporate Business de Victorinox.<\/p>\n<p>Frank Wenning de M\u00fcnster (Allemagne) est depuis avril 2023 \"Area Manager Corporate Business\" et est responsable des clients Corporate Business de Victorinox dans le nord de l'Allemagne (code postal 0-5). Son objectif est de continuer \u00e0 d\u00e9velopper et \u00e0 \u00e9tendre le march\u00e9 Corporate Business en Allemagne. Frank Wenning peut se pr\u00e9valoir d'une longue exp\u00e9rience dans la vente : il a d'abord \u00e9t\u00e9 directeur r\u00e9gional des ventes chez le fabricant de composants de construction de syst\u00e8mes Lite Structures Allemagne et, en dernier lieu, Account Manager chez BiC Graphic Europe, un fabricant leader de biens de consommation et de supports publicitaires personnalis\u00e9s.<\/p>\n<p>Andr\u00e9 F\u00e4ssler, Head of Sales Corporate Business pour le march\u00e9 DACH chez Victorinox, s'exprime comme suit sur le renforcement de son secteur : \"Nous sommes tr\u00e8s heureux d'avoir gagn\u00e9, avec Ibrahim Racaj et Frank Wenning, deux talents de la vente pour le canal Corporate Business dans la r\u00e9gion DACH. Nous sommes convaincus qu'avec cette \u00e9quipe \u00e9largie, nous pourrons encore mieux servir nos clients et faire progresser nos affaires avec succ\u00e8s\".<\/p>\n<p><em>Source : <a href=\"http:\/\/www.victorinox.com\">Victorinox<\/a><\/em><\/p>","protected":false},"excerpt":{"rendered":"<p>Le secteur Corporate Business de Victorinox accueille un nouveau Key Account Manager en la personne d'Ibrahim Racaj et un nouvel Area Manager en la personne de Frank Wenning. L'entreprise familiale fond\u00e9e par Karl Elsener est active dans le monde entier et est aujourd'hui dirig\u00e9e par la quatri\u00e8me g\u00e9n\u00e9ration. Le si\u00e8ge de l'entreprise se trouve \u00e0 Ibach, dans le canton de Schwyz.<\/p>","protected":false},"author":4,"featured_media":21710,"comment_status":"closed","ping_status":"closed","sticky":false,"template":"","format":"standard","meta":{"_acf_changed":false,"_yoast_wpseo_focuskw":"DACH-Markt","_yoast_wpseo_metadesc":"Ibrahim Racaj als Key Account Manager und Frank Wenning als neuer Area Manager verst\u00e4rken das Sales-Team f\u00fcr den DACH-Markt bei Victorinox.","articlekey":"","footnotes":""},"categories":[28],"tags":[339,381,492],"class_list":["post-21709","post","type-post","status-publish","format-standard","has-post-thumbnail","hentry","category-management","tag-marketing","tag-personalia","tag-unternehmen"],"acf":[],"yoast_head":"<!-- This site is optimized with the Yoast SEO plugin v27.5 - https:\/\/yoast.com\/product\/yoast-seo-wordpress\/ -->\n<title>Verst\u00e4rkung im DACH-Markt bei Victorinox - Organisator<\/title>\n<meta name=\"description\" content=\"Ibrahim Racaj als Key Account Manager und Frank Wenning als neuer Area Manager verst\u00e4rken das Sales-Team f\u00fcr den DACH-Markt bei Victorinox.\" \/>\n<meta name=\"robots\" content=\"index, follow, max-snippet:-1, max-image-preview:large, max-video-preview:-1\" \/>\n<link rel=\"canonical\" href=\"https:\/\/www.organisator.ch\/fr\/gestion-2\/2023-09-14\/verstaerkung-im-dach-markt-bei-victorinox\/\" \/>\n<meta property=\"og:locale\" content=\"fr_FR\" \/>\n<meta property=\"og:type\" content=\"article\" \/>\n<meta property=\"og:title\" content=\"Verst\u00e4rkung im DACH-Markt bei Victorinox\" \/>\n<meta property=\"og:description\" content=\"Ibrahim Racaj als Key Account Manager und Frank Wenning als neuer Area Manager verst\u00e4rken das Sales-Team f\u00fcr den DACH-Markt bei Victorinox.\" \/>\n<meta property=\"og:url\" content=\"https:\/\/www.organisator.ch\/fr\/gestion-2\/2023-09-14\/verstaerkung-im-dach-markt-bei-victorinox\/\" \/>\n<meta property=\"og:site_name\" content=\"Organisator\" \/>\n<meta property=\"article:publisher\" content=\"https:\/\/www.facebook.com\/OrganisatorFachmagazin\" \/>\n<meta property=\"article:published_time\" content=\"2023-09-14T06:31:57+00:00\" \/>\n<meta property=\"og:image\" content=\"https:\/\/www.organisator.ch\/wp-content\/uploads\/2023\/09\/Verstaerkung-im-DACH-Markt-bei-Victorinox_Organisator.jpg\" \/>\n\t<meta property=\"og:image:width\" content=\"680\" \/>\n\t<meta property=\"og:image:height\" content=\"304\" \/>\n\t<meta property=\"og:image:type\" content=\"image\/jpeg\" \/>\n<meta name=\"author\" content=\"thomas.berner\" \/>\n<meta name=\"twitter:card\" content=\"summary_large_image\" \/>\n<meta name=\"twitter:title\" content=\"Verst\u00e4rkung im #DACH-Markt bei #Victorinox\" \/>\n<meta name=\"twitter:description\" content=\"Ibrahim Racaj als Key Account Manager und Frank Wenning als neuer Area Manager verst\u00e4rken das Sales-Team f\u00fcr den #DACH-Markt bei #Victorinox.\" \/>\n<meta name=\"twitter:image\" content=\"https:\/\/www.organisator.ch\/wp-content\/uploads\/2023\/09\/Verstaerkung-im-DACH-Markt-bei-Victorinox_Organisator.jpg\" \/>\n<script type=\"application\/ld+json\" class=\"yoast-schema-graph\">{\"@context\":\"https:\\\/\\\/schema.org\",\"@graph\":[{\"@type\":\"Article\",\"@id\":\"https:\\\/\\\/www.organisator.ch\\\/management\\\/2023-09-14\\\/verstaerkung-im-dach-markt-bei-victorinox\\\/#article\",\"isPartOf\":{\"@id\":\"https:\\\/\\\/www.organisator.ch\\\/management\\\/2023-09-14\\\/verstaerkung-im-dach-markt-bei-victorinox\\\/\"},\"author\":{\"name\":\"thomas.berner\",\"@id\":\"https:\\\/\\\/www.organisator.ch\\\/#\\\/schema\\\/person\\\/6f650f90b2842cd4c0cc334b4e36f67e\"},\"headline\":\"Verst\u00e4rkung im DACH-Markt bei Victorinox\",\"datePublished\":\"2023-09-14T06:31:57+00:00\",\"mainEntityOfPage\":{\"@id\":\"https:\\\/\\\/www.organisator.ch\\\/management\\\/2023-09-14\\\/verstaerkung-im-dach-markt-bei-victorinox\\\/\"},\"wordCount\":254,\"publisher\":{\"@id\":\"https:\\\/\\\/www.organisator.ch\\\/#organization\"},\"image\":{\"@id\":\"https:\\\/\\\/www.organisator.ch\\\/management\\\/2023-09-14\\\/verstaerkung-im-dach-markt-bei-victorinox\\\/#primaryimage\"},\"thumbnailUrl\":\"https:\\\/\\\/www.organisator.ch\\\/wp-content\\\/uploads\\\/2023\\\/09\\\/Verstaerkung-im-DACH-Markt-bei-Victorinox_Organisator.jpg\",\"keywords\":[\"Marketing\",\"Personalia\",\"Unternehmen\"],\"articleSection\":[\"MANAGEMENT\"],\"inLanguage\":\"fr-FR\"},{\"@type\":\"WebPage\",\"@id\":\"https:\\\/\\\/www.organisator.ch\\\/management\\\/2023-09-14\\\/verstaerkung-im-dach-markt-bei-victorinox\\\/\",\"url\":\"https:\\\/\\\/www.organisator.ch\\\/management\\\/2023-09-14\\\/verstaerkung-im-dach-markt-bei-victorinox\\\/\",\"name\":\"Verst\u00e4rkung im DACH-Markt bei Victorinox - Organisator\",\"isPartOf\":{\"@id\":\"https:\\\/\\\/www.organisator.ch\\\/#website\"},\"primaryImageOfPage\":{\"@id\":\"https:\\\/\\\/www.organisator.ch\\\/management\\\/2023-09-14\\\/verstaerkung-im-dach-markt-bei-victorinox\\\/#primaryimage\"},\"image\":{\"@id\":\"https:\\\/\\\/www.organisator.ch\\\/management\\\/2023-09-14\\\/verstaerkung-im-dach-markt-bei-victorinox\\\/#primaryimage\"},\"thumbnailUrl\":\"https:\\\/\\\/www.organisator.ch\\\/wp-content\\\/uploads\\\/2023\\\/09\\\/Verstaerkung-im-DACH-Markt-bei-Victorinox_Organisator.jpg\",\"datePublished\":\"2023-09-14T06:31:57+00:00\",\"description\":\"Ibrahim Racaj als Key Account Manager und Frank Wenning als neuer Area Manager verst\u00e4rken das Sales-Team f\u00fcr den DACH-Markt bei Victorinox.\",\"breadcrumb\":{\"@id\":\"https:\\\/\\\/www.organisator.ch\\\/management\\\/2023-09-14\\\/verstaerkung-im-dach-markt-bei-victorinox\\\/#breadcrumb\"},\"inLanguage\":\"fr-FR\",\"potentialAction\":[{\"@type\":\"ReadAction\",\"target\":[\"https:\\\/\\\/www.organisator.ch\\\/management\\\/2023-09-14\\\/verstaerkung-im-dach-markt-bei-victorinox\\\/\"]}]},{\"@type\":\"ImageObject\",\"inLanguage\":\"fr-FR\",\"@id\":\"https:\\\/\\\/www.organisator.ch\\\/management\\\/2023-09-14\\\/verstaerkung-im-dach-markt-bei-victorinox\\\/#primaryimage\",\"url\":\"https:\\\/\\\/www.organisator.ch\\\/wp-content\\\/uploads\\\/2023\\\/09\\\/Verstaerkung-im-DACH-Markt-bei-Victorinox_Organisator.jpg\",\"contentUrl\":\"https:\\\/\\\/www.organisator.ch\\\/wp-content\\\/uploads\\\/2023\\\/09\\\/Verstaerkung-im-DACH-Markt-bei-Victorinox_Organisator.jpg\",\"width\":680,\"height\":304,\"caption\":\"Ibarhim Recaj (links) und Frank Wenning verst\u00e4rken das Sales-Team f\u00fcr den DACH-Markt bei Victorinox. (Bilder: zVg \\\/ Victorinox)\"},{\"@type\":\"BreadcrumbList\",\"@id\":\"https:\\\/\\\/www.organisator.ch\\\/management\\\/2023-09-14\\\/verstaerkung-im-dach-markt-bei-victorinox\\\/#breadcrumb\",\"itemListElement\":[{\"@type\":\"ListItem\",\"position\":1,\"name\":\"Home\",\"item\":\"https:\\\/\\\/www.organisator.ch\\\/\"},{\"@type\":\"ListItem\",\"position\":2,\"name\":\"Verst\u00e4rkung im DACH-Markt bei Victorinox\"}]},{\"@type\":\"WebSite\",\"@id\":\"https:\\\/\\\/www.organisator.ch\\\/#website\",\"url\":\"https:\\\/\\\/www.organisator.ch\\\/\",\"name\":\"Organisator\",\"description\":\"Kompetent. Praxisnah. Der ORGANISATOR bereitet in 10 Ausgaben pro Jahr die wesentlichen Themen f\u00fcr F\u00fchrungskr\u00e4fte von KMU auf.\",\"publisher\":{\"@id\":\"https:\\\/\\\/www.organisator.ch\\\/#organization\"},\"potentialAction\":[{\"@type\":\"SearchAction\",\"target\":{\"@type\":\"EntryPoint\",\"urlTemplate\":\"https:\\\/\\\/www.organisator.ch\\\/?s={search_term_string}\"},\"query-input\":{\"@type\":\"PropertyValueSpecification\",\"valueRequired\":true,\"valueName\":\"search_term_string\"}}],\"inLanguage\":\"fr-FR\"},{\"@type\":\"Organization\",\"@id\":\"https:\\\/\\\/www.organisator.ch\\\/#organization\",\"name\":\"Organisator\",\"url\":\"https:\\\/\\\/www.organisator.ch\\\/\",\"logo\":{\"@type\":\"ImageObject\",\"inLanguage\":\"fr-FR\",\"@id\":\"https:\\\/\\\/www.organisator.ch\\\/#\\\/schema\\\/logo\\\/image\\\/\",\"url\":\"https:\\\/\\\/www.organisator.ch\\\/wp-content\\\/uploads\\\/2022\\\/01\\\/Logo_Organisator_Website.png\",\"contentUrl\":\"https:\\\/\\\/www.organisator.ch\\\/wp-content\\\/uploads\\\/2022\\\/01\\\/Logo_Organisator_Website.png\",\"width\":800,\"height\":77,\"caption\":\"Organisator\"},\"image\":{\"@id\":\"https:\\\/\\\/www.organisator.ch\\\/#\\\/schema\\\/logo\\\/image\\\/\"},\"sameAs\":[\"https:\\\/\\\/www.facebook.com\\\/OrganisatorFachmagazin\",\"https:\\\/\\\/www.linkedin.com\\\/showcase\\\/organisator-das-magazin-fr-kmu\",\"https:\\\/\\\/www.xing.com\\\/news\\\/pages\\\/organisator-ch-695\",\"https:\\\/\\\/www.youtube.com\\\/channel\\\/UCGP2Sq0iWaZwT3BdIAQFYpw\"]},{\"@type\":\"Person\",\"@id\":\"https:\\\/\\\/www.organisator.ch\\\/#\\\/schema\\\/person\\\/6f650f90b2842cd4c0cc334b4e36f67e\",\"name\":\"thomas.berner\",\"image\":{\"@type\":\"ImageObject\",\"inLanguage\":\"fr-FR\",\"@id\":\"https:\\\/\\\/secure.gravatar.com\\\/avatar\\\/ac5001d2a36cb6c6cd3e50789007ffca834b477b74a2144564522e944eabff61?s=96&d=mm&r=g\",\"url\":\"https:\\\/\\\/secure.gravatar.com\\\/avatar\\\/ac5001d2a36cb6c6cd3e50789007ffca834b477b74a2144564522e944eabff61?s=96&d=mm&r=g\",\"contentUrl\":\"https:\\\/\\\/secure.gravatar.com\\\/avatar\\\/ac5001d2a36cb6c6cd3e50789007ffca834b477b74a2144564522e944eabff61?s=96&d=mm&r=g\",\"caption\":\"thomas.berner\"},\"url\":\"https:\\\/\\\/www.organisator.ch\\\/fr\\\/author\\\/thomas-berner\\\/\"}]}<\/script>\n<!-- \/ Yoast SEO plugin. -->","yoast_head_json":{"title":"Renfort sur le march\u00e9 DACH chez Victorinox - Organisateur","description":"Ibrahim Racaj en tant que Key Account Manager et Frank Wenning en tant que nouvel Area Manager viennent renforcer l'\u00e9quipe de vente pour le march\u00e9 DACH de Victorinox.","robots":{"index":"index","follow":"follow","max-snippet":"max-snippet:-1","max-image-preview":"max-image-preview:large","max-video-preview":"max-video-preview:-1"},"canonical":"https:\/\/www.organisator.ch\/fr\/gestion-2\/2023-09-14\/verstaerkung-im-dach-markt-bei-victorinox\/","og_locale":"fr_FR","og_type":"article","og_title":"Verst\u00e4rkung im DACH-Markt bei Victorinox","og_description":"Ibrahim Racaj als Key Account Manager und Frank Wenning als neuer Area Manager verst\u00e4rken das Sales-Team f\u00fcr den DACH-Markt bei Victorinox.","og_url":"https:\/\/www.organisator.ch\/fr\/gestion-2\/2023-09-14\/verstaerkung-im-dach-markt-bei-victorinox\/","og_site_name":"Organisator","article_publisher":"https:\/\/www.facebook.com\/OrganisatorFachmagazin","article_published_time":"2023-09-14T06:31:57+00:00","og_image":[{"width":680,"height":304,"url":"https:\/\/www.organisator.ch\/wp-content\/uploads\/2023\/09\/Verstaerkung-im-DACH-Markt-bei-Victorinox_Organisator.jpg","type":"image\/jpeg"}],"author":"thomas.berner","twitter_card":"summary_large_image","twitter_title":"Verst\u00e4rkung im #DACH-Markt bei #Victorinox","twitter_description":"Ibrahim Racaj als Key Account Manager und Frank Wenning als neuer Area Manager verst\u00e4rken das Sales-Team f\u00fcr den #DACH-Markt bei #Victorinox.","twitter_image":"https:\/\/www.organisator.ch\/wp-content\/uploads\/2023\/09\/Verstaerkung-im-DACH-Markt-bei-Victorinox_Organisator.jpg","schema":{"@context":"https:\/\/schema.org","@graph":[{"@type":"Article","@id":"https:\/\/www.organisator.ch\/management\/2023-09-14\/verstaerkung-im-dach-markt-bei-victorinox\/#article","isPartOf":{"@id":"https:\/\/www.organisator.ch\/management\/2023-09-14\/verstaerkung-im-dach-markt-bei-victorinox\/"},"author":{"name":"thomas.berner","@id":"https:\/\/www.organisator.ch\/#\/schema\/person\/6f650f90b2842cd4c0cc334b4e36f67e"},"headline":"Verst\u00e4rkung im DACH-Markt bei Victorinox","datePublished":"2023-09-14T06:31:57+00:00","mainEntityOfPage":{"@id":"https:\/\/www.organisator.ch\/management\/2023-09-14\/verstaerkung-im-dach-markt-bei-victorinox\/"},"wordCount":254,"publisher":{"@id":"https:\/\/www.organisator.ch\/#organization"},"image":{"@id":"https:\/\/www.organisator.ch\/management\/2023-09-14\/verstaerkung-im-dach-markt-bei-victorinox\/#primaryimage"},"thumbnailUrl":"https:\/\/www.organisator.ch\/wp-content\/uploads\/2023\/09\/Verstaerkung-im-DACH-Markt-bei-Victorinox_Organisator.jpg","keywords":["Marketing","Personalia","Unternehmen"],"articleSection":["MANAGEMENT"],"inLanguage":"fr-FR"},{"@type":"WebPage","@id":"https:\/\/www.organisator.ch\/management\/2023-09-14\/verstaerkung-im-dach-markt-bei-victorinox\/","url":"https:\/\/www.organisator.ch\/management\/2023-09-14\/verstaerkung-im-dach-markt-bei-victorinox\/","name":"Renfort sur le march\u00e9 DACH chez Victorinox - Organisateur","isPartOf":{"@id":"https:\/\/www.organisator.ch\/#website"},"primaryImageOfPage":{"@id":"https:\/\/www.organisator.ch\/management\/2023-09-14\/verstaerkung-im-dach-markt-bei-victorinox\/#primaryimage"},"image":{"@id":"https:\/\/www.organisator.ch\/management\/2023-09-14\/verstaerkung-im-dach-markt-bei-victorinox\/#primaryimage"},"thumbnailUrl":"https:\/\/www.organisator.ch\/wp-content\/uploads\/2023\/09\/Verstaerkung-im-DACH-Markt-bei-Victorinox_Organisator.jpg","datePublished":"2023-09-14T06:31:57+00:00","description":"Ibrahim Racaj en tant que Key Account Manager et Frank Wenning en tant que nouvel Area Manager viennent renforcer l'\u00e9quipe de vente pour le march\u00e9 DACH de Victorinox.","breadcrumb":{"@id":"https:\/\/www.organisator.ch\/management\/2023-09-14\/verstaerkung-im-dach-markt-bei-victorinox\/#breadcrumb"},"inLanguage":"fr-FR","potentialAction":[{"@type":"ReadAction","target":["https:\/\/www.organisator.ch\/management\/2023-09-14\/verstaerkung-im-dach-markt-bei-victorinox\/"]}]},{"@type":"ImageObject","inLanguage":"fr-FR","@id":"https:\/\/www.organisator.ch\/management\/2023-09-14\/verstaerkung-im-dach-markt-bei-victorinox\/#primaryimage","url":"https:\/\/www.organisator.ch\/wp-content\/uploads\/2023\/09\/Verstaerkung-im-DACH-Markt-bei-Victorinox_Organisator.jpg","contentUrl":"https:\/\/www.organisator.ch\/wp-content\/uploads\/2023\/09\/Verstaerkung-im-DACH-Markt-bei-Victorinox_Organisator.jpg","width":680,"height":304,"caption":"Ibarhim Recaj (links) und Frank Wenning verst\u00e4rken das Sales-Team f\u00fcr den DACH-Markt bei Victorinox. (Bilder: zVg \/ Victorinox)"},{"@type":"BreadcrumbList","@id":"https:\/\/www.organisator.ch\/management\/2023-09-14\/verstaerkung-im-dach-markt-bei-victorinox\/#breadcrumb","itemListElement":[{"@type":"ListItem","position":1,"name":"Home","item":"https:\/\/www.organisator.ch\/"},{"@type":"ListItem","position":2,"name":"Verst\u00e4rkung im DACH-Markt bei Victorinox"}]},{"@type":"WebSite","@id":"https:\/\/www.organisator.ch\/#website","url":"https:\/\/www.organisator.ch\/","name":"Organisateur","description":"Comp\u00e9tence et comp\u00e9tence. Proches de la pratique. L'ORGANISATEUR pr\u00e9pare 10 num\u00e9ros par an sur les th\u00e8mes essentiels pour les dirigeants de PME.","publisher":{"@id":"https:\/\/www.organisator.ch\/#organization"},"potentialAction":[{"@type":"SearchAction","target":{"@type":"EntryPoint","urlTemplate":"https:\/\/www.organisator.ch\/?s={search_term_string}"},"query-input":{"@type":"PropertyValueSpecification","valueRequired":true,"valueName":"search_term_string"}}],"inLanguage":"fr-FR"},{"@type":"Organization","@id":"https:\/\/www.organisator.ch\/#organization","name":"Organisateur","url":"https:\/\/www.organisator.ch\/","logo":{"@type":"ImageObject","inLanguage":"fr-FR","@id":"https:\/\/www.organisator.ch\/#\/schema\/logo\/image\/","url":"https:\/\/www.organisator.ch\/wp-content\/uploads\/2022\/01\/Logo_Organisator_Website.png","contentUrl":"https:\/\/www.organisator.ch\/wp-content\/uploads\/2022\/01\/Logo_Organisator_Website.png","width":800,"height":77,"caption":"Organisator"},"image":{"@id":"https:\/\/www.organisator.ch\/#\/schema\/logo\/image\/"},"sameAs":["https:\/\/www.facebook.com\/OrganisatorFachmagazin","https:\/\/www.linkedin.com\/showcase\/organisator-das-magazin-fr-kmu","https:\/\/www.xing.com\/news\/pages\/organisator-ch-695","https:\/\/www.youtube.com\/channel\/UCGP2Sq0iWaZwT3BdIAQFYpw"]},{"@type":"Person","@id":"https:\/\/www.organisator.ch\/#\/schema\/person\/6f650f90b2842cd4c0cc334b4e36f67e","name":"thomas.berner","image":{"@type":"ImageObject","inLanguage":"fr-FR","@id":"https:\/\/secure.gravatar.com\/avatar\/ac5001d2a36cb6c6cd3e50789007ffca834b477b74a2144564522e944eabff61?s=96&d=mm&r=g","url":"https:\/\/secure.gravatar.com\/avatar\/ac5001d2a36cb6c6cd3e50789007ffca834b477b74a2144564522e944eabff61?s=96&d=mm&r=g","contentUrl":"https:\/\/secure.gravatar.com\/avatar\/ac5001d2a36cb6c6cd3e50789007ffca834b477b74a2144564522e944eabff61?s=96&d=mm&r=g","caption":"thomas.berner"},"url":"https:\/\/www.organisator.ch\/fr\/author\/thomas-berner\/"}]}},"_links":{"self":[{"href":"https:\/\/www.organisator.ch\/fr\/wp-json\/wp\/v2\/posts\/21709","targetHints":{"allow":["GET"]}}],"collection":[{"href":"https:\/\/www.organisator.ch\/fr\/wp-json\/wp\/v2\/posts"}],"about":[{"href":"https:\/\/www.organisator.ch\/fr\/wp-json\/wp\/v2\/types\/post"}],"author":[{"embeddable":true,"href":"https:\/\/www.organisator.ch\/fr\/wp-json\/wp\/v2\/users\/4"}],"replies":[{"embeddable":true,"href":"https:\/\/www.organisator.ch\/fr\/wp-json\/wp\/v2\/comments?post=21709"}],"version-history":[{"count":1,"href":"https:\/\/www.organisator.ch\/fr\/wp-json\/wp\/v2\/posts\/21709\/revisions"}],"predecessor-version":[{"id":21711,"href":"https:\/\/www.organisator.ch\/fr\/wp-json\/wp\/v2\/posts\/21709\/revisions\/21711"}],"wp:featuredmedia":[{"embeddable":true,"href":"https:\/\/www.organisator.ch\/fr\/wp-json\/wp\/v2\/media\/21710"}],"wp:attachment":[{"href":"https:\/\/www.organisator.ch\/fr\/wp-json\/wp\/v2\/media?parent=21709"}],"wp:term":[{"taxonomy":"category","embeddable":true,"href":"https:\/\/www.organisator.ch\/fr\/wp-json\/wp\/v2\/categories?post=21709"},{"taxonomy":"post_tag","embeddable":true,"href":"https:\/\/www.organisator.ch\/fr\/wp-json\/wp\/v2\/tags?post=21709"}],"curies":[{"name":"wp","href":"https:\/\/api.w.org\/{rel}","templated":true}]}}