{"id":21736,"date":"2023-09-15T10:03:42","date_gmt":"2023-09-15T08:03:42","guid":{"rendered":"https:\/\/www.m-q.ch\/?p=18490"},"modified":"2024-11-14T09:44:52","modified_gmt":"2024-11-14T08:44:52","slug":"scrt-und-telsys-firmieren-neu-unter-dem-namen-orange-cyberdefense-schweiz","status":"publish","type":"post","link":"https:\/\/www.organisator.ch\/fr\/operational-excellence\/2023-09-15\/scrt-und-telsys-firmieren-neu-unter-dem-namen-orange-cyberdefense-schweiz\/","title":{"rendered":"SCRT et Telsys op\u00e8rent d\u00e9sormais sous le nom d'Orange Cyberdefense Suisse"},"content":{"rendered":"<figure id=\"attachment_18491\" class=\"wp-caption alignnone\" style=\"width: 680px\" aria-describedby=\"caption-attachment-18491\"><img class=\"alignnone wp-image-18491 size-full\" src=\"https:\/\/www.m-q.ch\/wp-content\/uploads\/2023\/09\/SCRT-und-Telsys-firmieren-neu-unter-dem-Namen-Orange-Cyberdefense-Schweiz_MQ.jpg\" alt=\"Orange Cyberdefense\" width=\"680\" height=\"483\" \/>\r\n<figcaption id=\"caption-attachment-18491\" class=\"wp-caption-text\">Nicolas Lutz, Managing Director d'Orange Cyberdefense Suisse. (Image : zVg)<\/figcaption>\r\n<\/figure>\r\n<p>Orange Cyberdefense acc\u00e9l\u00e8re le d\u00e9veloppement de ses activit\u00e9s de cybers\u00e9curit\u00e9 en Suisse apr\u00e8s l'acquisition de SCRT et Telsys en novembre dernier. Les deux soci\u00e9t\u00e9s s\u0153urs, bas\u00e9es \u00e0 Morges (VD), disposent d'une centaine d'experts en cybers\u00e9curit\u00e9 et services connexes \u00e0 Morges, Gen\u00e8ve, Berne et Zurich, et op\u00e9reront d\u00e9sormais sous le nom d'Orange Cyberdefense Suisse.<\/p>\r\n<p>En l'espace de quatre ans, l'entreprise a acquis et int\u00e9gr\u00e9 quatre nouvelles soci\u00e9t\u00e9s. Cela souligne ses ambitions de devenir le num\u00e9ro un en Europe d'ici 2027. L'ann\u00e9e derni\u00e8re, le march\u00e9 europ\u00e9en a connu une croissance de 9%, tandis qu'Orange Cyberdefense a enregistr\u00e9 une croissance de 14% dans ses activit\u00e9s mondiales et a r\u00e9alis\u00e9 un chiffre d'affaires de 977 millions d'euros.<\/p>\r\n<h3><strong>La Suisse : septi\u00e8me march\u00e9 cybern\u00e9tique d'Europe<\/strong><\/h3>\r\n<p>L'int\u00e9gration de SCRT et de Telsys sous la marque Orange Cyberdefense permet d'exploiter pleinement les synergies de plus en plus importantes entre l'expertise dans le cloud et la cybers\u00e9curit\u00e9. En Suisse, l'entreprise va donc \u00e9largir son portefeuille d'offres cloud s\u00e9curis\u00e9es en proposant aux entreprises et aux autorit\u00e9s un soutien complet tout en d\u00e9veloppant ses comp\u00e9tences en mati\u00e8re de sauvegarde et de r\u00e9cup\u00e9ration. En contrepartie, les clients b\u00e9n\u00e9ficieront, selon l'entreprise, d'un niveau de s\u00e9curit\u00e9 de premier ordre, correspondant aux normes les plus \u00e9lev\u00e9es du march\u00e9, est-il pr\u00e9cis\u00e9. Gr\u00e2ce aux synergies avec Orange Business, Orange Cyberdefense Suisse est en mesure d'apporter un soutien global aux multinationales et aux organisations internationales.<\/p>\r\n<p>Au premier semestre 2023, ces nouveaux d\u00e9veloppements ont d\u00e9j\u00e0 permis une croissance de pr\u00e8s de 20 % dans le domaine de la cybers\u00e9curit\u00e9 et un chiffre d'affaires de plus de 25 millions de francs suisses (CHF) sur le march\u00e9 suisse. La politique de recrutement de l'entreprise vise \u00e0 cr\u00e9er la plus grande communaut\u00e9 cyber en Europe. Afin de renforcer les capacit\u00e9s des \u00e9quipes et de r\u00e9pondre aux besoins vari\u00e9s et croissants des clients, elle est \u00e9galement mise en \u0153uvre progressivement en Suisse.<\/p>\r\n<p>Nicolas Lutz, Managing Director d'Orange Cyberdefense Suisse depuis janvier 2023, souligne : \"L'int\u00e9gration de SCRT et de Telsys dans notre entreprise, un leader europ\u00e9en de la cybers\u00e9curit\u00e9, repr\u00e9sente une nouvelle \u00e9tape dans l'histoire de notre entreprise, dont je suis fier\".<\/p>\r\n<p><a href=\"https:\/\/orangecyberdefense.com\/global\/\">Source et informations compl\u00e9mentaires<\/a><\/p>\n<p class=\"syndicated-attribution\">Cet article est paru initialement sur m-q.ch - <a href=\"https:\/\/www.m-q.ch\/de\/scrt-und-telsys-firmieren-neu-unter-dem-namen-orange-cyberdefense-schweiz\/\" target=\"_blank\">https:\/\/www.m-q.ch\/de\/scrt-und-telsys-firmieren-neu-unter-dem-namen-orange-cyberdefense-schweiz\/<\/a><\/p>","protected":false},"excerpt":{"rendered":"<p>Les soci\u00e9t\u00e9s suisses SCRT et Telsys, acquises par Orange Cyberdefense en 2022, op\u00e8rent d\u00e9sormais sous le nom d'Orange Cyberdefense Suisse.<\/p>","protected":false},"author":8,"featured_media":0,"comment_status":"closed","ping_status":"closed","sticky":false,"template":"","format":"standard","meta":{"_acf_changed":false,"_yoast_wpseo_focuskw":"Orange Cyberdefense","_yoast_wpseo_metadesc":"Orange Cyberdefense Schweiz: Expansion und Integration von SCRT und Telsys. Wachstum und Cybersecurity-Fokus.","articlekey":"","footnotes":""},"categories":[582],"tags":[],"class_list":["post-21736","post","type-post","status-publish","format-standard","hentry","category-operational-excellence"],"acf":[],"yoast_head":"<!-- This site is optimized with the Yoast SEO plugin v27.5 - https:\/\/yoast.com\/product\/yoast-seo-wordpress\/ -->\n<title>SCRT und Telsys firmieren neu unter dem Namen Orange Cyberdefense Schweiz - Organisator<\/title>\n<meta name=\"description\" content=\"Orange Cyberdefense Schweiz: Expansion und Integration von SCRT und Telsys. Wachstum und Cybersecurity-Fokus.\" \/>\n<meta name=\"robots\" content=\"index, follow, max-snippet:-1, max-image-preview:large, max-video-preview:-1\" \/>\n<link rel=\"canonical\" href=\"https:\/\/www.organisator.ch\/fr\/excellence-operationnelle\/2023-09-15\/scrt-und-telsys-firmieren-neu-unter-dem-namen-orange-cyberdefense-schweiz\/\" \/>\n<meta property=\"og:locale\" content=\"fr_FR\" \/>\n<meta property=\"og:type\" content=\"article\" \/>\n<meta property=\"og:title\" content=\"SCRT und Telsys firmieren neu unter dem Namen Orange Cyberdefense Schweiz - Organisator\" \/>\n<meta property=\"og:description\" content=\"Orange Cyberdefense Schweiz: Expansion und Integration von SCRT und Telsys. Wachstum und Cybersecurity-Fokus.\" \/>\n<meta property=\"og:url\" content=\"https:\/\/www.organisator.ch\/fr\/excellence-operationnelle\/2023-09-15\/scrt-und-telsys-firmieren-neu-unter-dem-namen-orange-cyberdefense-schweiz\/\" \/>\n<meta property=\"og:site_name\" content=\"Organisator\" \/>\n<meta property=\"article:publisher\" content=\"https:\/\/www.facebook.com\/OrganisatorFachmagazin\" \/>\n<meta property=\"article:published_time\" content=\"2023-09-15T08:03:42+00:00\" \/>\n<meta property=\"article:modified_time\" content=\"2024-11-14T08:44:52+00:00\" \/>\n<meta name=\"author\" content=\"galledia\" \/>\n<meta name=\"twitter:card\" content=\"summary_large_image\" \/>\n<meta name=\"twitter:creator\" content=\"@admin\" \/>\n<script type=\"application\/ld+json\" class=\"yoast-schema-graph\">{\"@context\":\"https:\\\/\\\/schema.org\",\"@graph\":[{\"@type\":\"Article\",\"@id\":\"https:\\\/\\\/www.organisator.ch\\\/operational-excellence\\\/2023-09-15\\\/scrt-und-telsys-firmieren-neu-unter-dem-namen-orange-cyberdefense-schweiz\\\/#article\",\"isPartOf\":{\"@id\":\"https:\\\/\\\/www.organisator.ch\\\/operational-excellence\\\/2023-09-15\\\/scrt-und-telsys-firmieren-neu-unter-dem-namen-orange-cyberdefense-schweiz\\\/\"},\"author\":{\"name\":\"galledia\",\"@id\":\"https:\\\/\\\/www.organisator.ch\\\/#\\\/schema\\\/person\\\/4e51799071cd2dd1232ac003643ef5f0\"},\"headline\":\"SCRT und Telsys firmieren neu unter dem Namen Orange Cyberdefense Schweiz\",\"datePublished\":\"2023-09-15T08:03:42+00:00\",\"dateModified\":\"2024-11-14T08:44:52+00:00\",\"mainEntityOfPage\":{\"@id\":\"https:\\\/\\\/www.organisator.ch\\\/operational-excellence\\\/2023-09-15\\\/scrt-und-telsys-firmieren-neu-unter-dem-namen-orange-cyberdefense-schweiz\\\/\"},\"wordCount\":367,\"publisher\":{\"@id\":\"https:\\\/\\\/www.organisator.ch\\\/#organization\"},\"image\":{\"@id\":\"https:\\\/\\\/www.organisator.ch\\\/operational-excellence\\\/2023-09-15\\\/scrt-und-telsys-firmieren-neu-unter-dem-namen-orange-cyberdefense-schweiz\\\/#primaryimage\"},\"thumbnailUrl\":\"https:\\\/\\\/www.m-q.ch\\\/wp-content\\\/uploads\\\/2023\\\/09\\\/SCRT-und-Telsys-firmieren-neu-unter-dem-Namen-Orange-Cyberdefense-Schweiz_MQ.jpg\",\"articleSection\":[\"OPERATIONAL EXCELLENCE\"],\"inLanguage\":\"fr-FR\"},{\"@type\":\"WebPage\",\"@id\":\"https:\\\/\\\/www.organisator.ch\\\/operational-excellence\\\/2023-09-15\\\/scrt-und-telsys-firmieren-neu-unter-dem-namen-orange-cyberdefense-schweiz\\\/\",\"url\":\"https:\\\/\\\/www.organisator.ch\\\/operational-excellence\\\/2023-09-15\\\/scrt-und-telsys-firmieren-neu-unter-dem-namen-orange-cyberdefense-schweiz\\\/\",\"name\":\"SCRT und Telsys firmieren neu unter dem Namen Orange Cyberdefense Schweiz - Organisator\",\"isPartOf\":{\"@id\":\"https:\\\/\\\/www.organisator.ch\\\/#website\"},\"primaryImageOfPage\":{\"@id\":\"https:\\\/\\\/www.organisator.ch\\\/operational-excellence\\\/2023-09-15\\\/scrt-und-telsys-firmieren-neu-unter-dem-namen-orange-cyberdefense-schweiz\\\/#primaryimage\"},\"image\":{\"@id\":\"https:\\\/\\\/www.organisator.ch\\\/operational-excellence\\\/2023-09-15\\\/scrt-und-telsys-firmieren-neu-unter-dem-namen-orange-cyberdefense-schweiz\\\/#primaryimage\"},\"thumbnailUrl\":\"https:\\\/\\\/www.m-q.ch\\\/wp-content\\\/uploads\\\/2023\\\/09\\\/SCRT-und-Telsys-firmieren-neu-unter-dem-Namen-Orange-Cyberdefense-Schweiz_MQ.jpg\",\"datePublished\":\"2023-09-15T08:03:42+00:00\",\"dateModified\":\"2024-11-14T08:44:52+00:00\",\"description\":\"Orange Cyberdefense Schweiz: Expansion und Integration von SCRT und Telsys. Wachstum und Cybersecurity-Fokus.\",\"breadcrumb\":{\"@id\":\"https:\\\/\\\/www.organisator.ch\\\/operational-excellence\\\/2023-09-15\\\/scrt-und-telsys-firmieren-neu-unter-dem-namen-orange-cyberdefense-schweiz\\\/#breadcrumb\"},\"inLanguage\":\"fr-FR\",\"potentialAction\":[{\"@type\":\"ReadAction\",\"target\":[\"https:\\\/\\\/www.organisator.ch\\\/operational-excellence\\\/2023-09-15\\\/scrt-und-telsys-firmieren-neu-unter-dem-namen-orange-cyberdefense-schweiz\\\/\"]}]},{\"@type\":\"ImageObject\",\"inLanguage\":\"fr-FR\",\"@id\":\"https:\\\/\\\/www.organisator.ch\\\/operational-excellence\\\/2023-09-15\\\/scrt-und-telsys-firmieren-neu-unter-dem-namen-orange-cyberdefense-schweiz\\\/#primaryimage\",\"url\":\"https:\\\/\\\/www.m-q.ch\\\/wp-content\\\/uploads\\\/2023\\\/09\\\/SCRT-und-Telsys-firmieren-neu-unter-dem-Namen-Orange-Cyberdefense-Schweiz_MQ.jpg\",\"contentUrl\":\"https:\\\/\\\/www.m-q.ch\\\/wp-content\\\/uploads\\\/2023\\\/09\\\/SCRT-und-Telsys-firmieren-neu-unter-dem-Namen-Orange-Cyberdefense-Schweiz_MQ.jpg\"},{\"@type\":\"BreadcrumbList\",\"@id\":\"https:\\\/\\\/www.organisator.ch\\\/operational-excellence\\\/2023-09-15\\\/scrt-und-telsys-firmieren-neu-unter-dem-namen-orange-cyberdefense-schweiz\\\/#breadcrumb\",\"itemListElement\":[{\"@type\":\"ListItem\",\"position\":1,\"name\":\"Home\",\"item\":\"https:\\\/\\\/www.organisator.ch\\\/\"},{\"@type\":\"ListItem\",\"position\":2,\"name\":\"SCRT und Telsys firmieren neu unter dem Namen Orange Cyberdefense Schweiz\"}]},{\"@type\":\"WebSite\",\"@id\":\"https:\\\/\\\/www.organisator.ch\\\/#website\",\"url\":\"https:\\\/\\\/www.organisator.ch\\\/\",\"name\":\"Organisator\",\"description\":\"Kompetent. Praxisnah. Der ORGANISATOR bereitet in 10 Ausgaben pro Jahr die wesentlichen Themen f\u00fcr F\u00fchrungskr\u00e4fte von KMU auf.\",\"publisher\":{\"@id\":\"https:\\\/\\\/www.organisator.ch\\\/#organization\"},\"potentialAction\":[{\"@type\":\"SearchAction\",\"target\":{\"@type\":\"EntryPoint\",\"urlTemplate\":\"https:\\\/\\\/www.organisator.ch\\\/?s={search_term_string}\"},\"query-input\":{\"@type\":\"PropertyValueSpecification\",\"valueRequired\":true,\"valueName\":\"search_term_string\"}}],\"inLanguage\":\"fr-FR\"},{\"@type\":\"Organization\",\"@id\":\"https:\\\/\\\/www.organisator.ch\\\/#organization\",\"name\":\"Organisator\",\"url\":\"https:\\\/\\\/www.organisator.ch\\\/\",\"logo\":{\"@type\":\"ImageObject\",\"inLanguage\":\"fr-FR\",\"@id\":\"https:\\\/\\\/www.organisator.ch\\\/#\\\/schema\\\/logo\\\/image\\\/\",\"url\":\"https:\\\/\\\/www.organisator.ch\\\/wp-content\\\/uploads\\\/2022\\\/01\\\/Logo_Organisator_Website.png\",\"contentUrl\":\"https:\\\/\\\/www.organisator.ch\\\/wp-content\\\/uploads\\\/2022\\\/01\\\/Logo_Organisator_Website.png\",\"width\":800,\"height\":77,\"caption\":\"Organisator\"},\"image\":{\"@id\":\"https:\\\/\\\/www.organisator.ch\\\/#\\\/schema\\\/logo\\\/image\\\/\"},\"sameAs\":[\"https:\\\/\\\/www.facebook.com\\\/OrganisatorFachmagazin\",\"https:\\\/\\\/www.linkedin.com\\\/showcase\\\/organisator-das-magazin-fr-kmu\",\"https:\\\/\\\/www.xing.com\\\/news\\\/pages\\\/organisator-ch-695\",\"https:\\\/\\\/www.youtube.com\\\/channel\\\/UCGP2Sq0iWaZwT3BdIAQFYpw\"]},{\"@type\":\"Person\",\"@id\":\"https:\\\/\\\/www.organisator.ch\\\/#\\\/schema\\\/person\\\/4e51799071cd2dd1232ac003643ef5f0\",\"name\":\"galledia\",\"image\":{\"@type\":\"ImageObject\",\"inLanguage\":\"fr-FR\",\"@id\":\"https:\\\/\\\/secure.gravatar.com\\\/avatar\\\/78a7f90c01fc2bfc875782a0d4922b37cde2cf184ce347b91316d23cd7f69a36?s=96&d=mm&r=g\",\"url\":\"https:\\\/\\\/secure.gravatar.com\\\/avatar\\\/78a7f90c01fc2bfc875782a0d4922b37cde2cf184ce347b91316d23cd7f69a36?s=96&d=mm&r=g\",\"contentUrl\":\"https:\\\/\\\/secure.gravatar.com\\\/avatar\\\/78a7f90c01fc2bfc875782a0d4922b37cde2cf184ce347b91316d23cd7f69a36?s=96&d=mm&r=g\",\"caption\":\"galledia\"},\"sameAs\":[\"https:\\\/\\\/x.com\\\/admin\"],\"url\":\"https:\\\/\\\/www.organisator.ch\\\/fr\\\/author\\\/galledia\\\/\"}]}<\/script>\n<!-- \/ Yoast SEO plugin. -->","yoast_head_json":{"title":"SCRT et Telsys op\u00e8rent d\u00e9sormais sous le nom d'Orange Cyberdefense Suisse - Organisateur","description":"Orange Cyberdefense Suisse : expansion et int\u00e9gration de SCRT et Telsys. Croissance et focalisation sur la cybers\u00e9curit\u00e9.","robots":{"index":"index","follow":"follow","max-snippet":"max-snippet:-1","max-image-preview":"max-image-preview:large","max-video-preview":"max-video-preview:-1"},"canonical":"https:\/\/www.organisator.ch\/fr\/excellence-operationnelle\/2023-09-15\/scrt-und-telsys-firmieren-neu-unter-dem-namen-orange-cyberdefense-schweiz\/","og_locale":"fr_FR","og_type":"article","og_title":"SCRT und Telsys firmieren neu unter dem Namen Orange Cyberdefense Schweiz - Organisator","og_description":"Orange Cyberdefense Schweiz: Expansion und Integration von SCRT und Telsys. Wachstum und Cybersecurity-Fokus.","og_url":"https:\/\/www.organisator.ch\/fr\/excellence-operationnelle\/2023-09-15\/scrt-und-telsys-firmieren-neu-unter-dem-namen-orange-cyberdefense-schweiz\/","og_site_name":"Organisator","article_publisher":"https:\/\/www.facebook.com\/OrganisatorFachmagazin","article_published_time":"2023-09-15T08:03:42+00:00","article_modified_time":"2024-11-14T08:44:52+00:00","author":"galledia","twitter_card":"summary_large_image","twitter_creator":"@admin","schema":{"@context":"https:\/\/schema.org","@graph":[{"@type":"Article","@id":"https:\/\/www.organisator.ch\/operational-excellence\/2023-09-15\/scrt-und-telsys-firmieren-neu-unter-dem-namen-orange-cyberdefense-schweiz\/#article","isPartOf":{"@id":"https:\/\/www.organisator.ch\/operational-excellence\/2023-09-15\/scrt-und-telsys-firmieren-neu-unter-dem-namen-orange-cyberdefense-schweiz\/"},"author":{"name":"galledia","@id":"https:\/\/www.organisator.ch\/#\/schema\/person\/4e51799071cd2dd1232ac003643ef5f0"},"headline":"SCRT und Telsys firmieren neu unter dem Namen Orange Cyberdefense Schweiz","datePublished":"2023-09-15T08:03:42+00:00","dateModified":"2024-11-14T08:44:52+00:00","mainEntityOfPage":{"@id":"https:\/\/www.organisator.ch\/operational-excellence\/2023-09-15\/scrt-und-telsys-firmieren-neu-unter-dem-namen-orange-cyberdefense-schweiz\/"},"wordCount":367,"publisher":{"@id":"https:\/\/www.organisator.ch\/#organization"},"image":{"@id":"https:\/\/www.organisator.ch\/operational-excellence\/2023-09-15\/scrt-und-telsys-firmieren-neu-unter-dem-namen-orange-cyberdefense-schweiz\/#primaryimage"},"thumbnailUrl":"https:\/\/www.m-q.ch\/wp-content\/uploads\/2023\/09\/SCRT-und-Telsys-firmieren-neu-unter-dem-Namen-Orange-Cyberdefense-Schweiz_MQ.jpg","articleSection":["OPERATIONAL EXCELLENCE"],"inLanguage":"fr-FR"},{"@type":"WebPage","@id":"https:\/\/www.organisator.ch\/operational-excellence\/2023-09-15\/scrt-und-telsys-firmieren-neu-unter-dem-namen-orange-cyberdefense-schweiz\/","url":"https:\/\/www.organisator.ch\/operational-excellence\/2023-09-15\/scrt-und-telsys-firmieren-neu-unter-dem-namen-orange-cyberdefense-schweiz\/","name":"SCRT et Telsys op\u00e8rent d\u00e9sormais sous le nom d'Orange Cyberdefense Suisse - Organisateur","isPartOf":{"@id":"https:\/\/www.organisator.ch\/#website"},"primaryImageOfPage":{"@id":"https:\/\/www.organisator.ch\/operational-excellence\/2023-09-15\/scrt-und-telsys-firmieren-neu-unter-dem-namen-orange-cyberdefense-schweiz\/#primaryimage"},"image":{"@id":"https:\/\/www.organisator.ch\/operational-excellence\/2023-09-15\/scrt-und-telsys-firmieren-neu-unter-dem-namen-orange-cyberdefense-schweiz\/#primaryimage"},"thumbnailUrl":"https:\/\/www.m-q.ch\/wp-content\/uploads\/2023\/09\/SCRT-und-Telsys-firmieren-neu-unter-dem-Namen-Orange-Cyberdefense-Schweiz_MQ.jpg","datePublished":"2023-09-15T08:03:42+00:00","dateModified":"2024-11-14T08:44:52+00:00","description":"Orange Cyberdefense Suisse : expansion et int\u00e9gration de SCRT et Telsys. Croissance et focalisation sur la cybers\u00e9curit\u00e9.","breadcrumb":{"@id":"https:\/\/www.organisator.ch\/operational-excellence\/2023-09-15\/scrt-und-telsys-firmieren-neu-unter-dem-namen-orange-cyberdefense-schweiz\/#breadcrumb"},"inLanguage":"fr-FR","potentialAction":[{"@type":"ReadAction","target":["https:\/\/www.organisator.ch\/operational-excellence\/2023-09-15\/scrt-und-telsys-firmieren-neu-unter-dem-namen-orange-cyberdefense-schweiz\/"]}]},{"@type":"ImageObject","inLanguage":"fr-FR","@id":"https:\/\/www.organisator.ch\/operational-excellence\/2023-09-15\/scrt-und-telsys-firmieren-neu-unter-dem-namen-orange-cyberdefense-schweiz\/#primaryimage","url":"https:\/\/www.m-q.ch\/wp-content\/uploads\/2023\/09\/SCRT-und-Telsys-firmieren-neu-unter-dem-Namen-Orange-Cyberdefense-Schweiz_MQ.jpg","contentUrl":"https:\/\/www.m-q.ch\/wp-content\/uploads\/2023\/09\/SCRT-und-Telsys-firmieren-neu-unter-dem-Namen-Orange-Cyberdefense-Schweiz_MQ.jpg"},{"@type":"BreadcrumbList","@id":"https:\/\/www.organisator.ch\/operational-excellence\/2023-09-15\/scrt-und-telsys-firmieren-neu-unter-dem-namen-orange-cyberdefense-schweiz\/#breadcrumb","itemListElement":[{"@type":"ListItem","position":1,"name":"Home","item":"https:\/\/www.organisator.ch\/"},{"@type":"ListItem","position":2,"name":"SCRT und Telsys firmieren neu unter dem Namen Orange Cyberdefense Schweiz"}]},{"@type":"WebSite","@id":"https:\/\/www.organisator.ch\/#website","url":"https:\/\/www.organisator.ch\/","name":"Organisateur","description":"Comp\u00e9tence et comp\u00e9tence. Proches de la pratique. L'ORGANISATEUR pr\u00e9pare 10 num\u00e9ros par an sur les th\u00e8mes essentiels pour les dirigeants de PME.","publisher":{"@id":"https:\/\/www.organisator.ch\/#organization"},"potentialAction":[{"@type":"SearchAction","target":{"@type":"EntryPoint","urlTemplate":"https:\/\/www.organisator.ch\/?s={search_term_string}"},"query-input":{"@type":"PropertyValueSpecification","valueRequired":true,"valueName":"search_term_string"}}],"inLanguage":"fr-FR"},{"@type":"Organization","@id":"https:\/\/www.organisator.ch\/#organization","name":"Organisateur","url":"https:\/\/www.organisator.ch\/","logo":{"@type":"ImageObject","inLanguage":"fr-FR","@id":"https:\/\/www.organisator.ch\/#\/schema\/logo\/image\/","url":"https:\/\/www.organisator.ch\/wp-content\/uploads\/2022\/01\/Logo_Organisator_Website.png","contentUrl":"https:\/\/www.organisator.ch\/wp-content\/uploads\/2022\/01\/Logo_Organisator_Website.png","width":800,"height":77,"caption":"Organisator"},"image":{"@id":"https:\/\/www.organisator.ch\/#\/schema\/logo\/image\/"},"sameAs":["https:\/\/www.facebook.com\/OrganisatorFachmagazin","https:\/\/www.linkedin.com\/showcase\/organisator-das-magazin-fr-kmu","https:\/\/www.xing.com\/news\/pages\/organisator-ch-695","https:\/\/www.youtube.com\/channel\/UCGP2Sq0iWaZwT3BdIAQFYpw"]},{"@type":"Person","@id":"https:\/\/www.organisator.ch\/#\/schema\/person\/4e51799071cd2dd1232ac003643ef5f0","name":"galledia","image":{"@type":"ImageObject","inLanguage":"fr-FR","@id":"https:\/\/secure.gravatar.com\/avatar\/78a7f90c01fc2bfc875782a0d4922b37cde2cf184ce347b91316d23cd7f69a36?s=96&d=mm&r=g","url":"https:\/\/secure.gravatar.com\/avatar\/78a7f90c01fc2bfc875782a0d4922b37cde2cf184ce347b91316d23cd7f69a36?s=96&d=mm&r=g","contentUrl":"https:\/\/secure.gravatar.com\/avatar\/78a7f90c01fc2bfc875782a0d4922b37cde2cf184ce347b91316d23cd7f69a36?s=96&d=mm&r=g","caption":"galledia"},"sameAs":["https:\/\/x.com\/admin"],"url":"https:\/\/www.organisator.ch\/fr\/author\/galledia\/"}]}},"_links":{"self":[{"href":"https:\/\/www.organisator.ch\/fr\/wp-json\/wp\/v2\/posts\/21736","targetHints":{"allow":["GET"]}}],"collection":[{"href":"https:\/\/www.organisator.ch\/fr\/wp-json\/wp\/v2\/posts"}],"about":[{"href":"https:\/\/www.organisator.ch\/fr\/wp-json\/wp\/v2\/types\/post"}],"author":[{"embeddable":true,"href":"https:\/\/www.organisator.ch\/fr\/wp-json\/wp\/v2\/users\/8"}],"replies":[{"embeddable":true,"href":"https:\/\/www.organisator.ch\/fr\/wp-json\/wp\/v2\/comments?post=21736"}],"version-history":[{"count":4,"href":"https:\/\/www.organisator.ch\/fr\/wp-json\/wp\/v2\/posts\/21736\/revisions"}],"predecessor-version":[{"id":32877,"href":"https:\/\/www.organisator.ch\/fr\/wp-json\/wp\/v2\/posts\/21736\/revisions\/32877"}],"wp:attachment":[{"href":"https:\/\/www.organisator.ch\/fr\/wp-json\/wp\/v2\/media?parent=21736"}],"wp:term":[{"taxonomy":"category","embeddable":true,"href":"https:\/\/www.organisator.ch\/fr\/wp-json\/wp\/v2\/categories?post=21736"},{"taxonomy":"post_tag","embeddable":true,"href":"https:\/\/www.organisator.ch\/fr\/wp-json\/wp\/v2\/tags?post=21736"}],"curies":[{"name":"wp","href":"https:\/\/api.w.org\/{rel}","templated":true}]}}