{"id":2181,"date":"2019-06-13T11:41:03","date_gmt":"2019-06-13T09:41:03","guid":{"rendered":"https:\/\/www.umweltperspektiven.ch\/?p=2181"},"modified":"2022-02-09T11:06:17","modified_gmt":"2022-02-09T10:06:17","slug":"tag-des-windes-potenzial-von-windenergie-fuer-klimaneutrale-energiezukunft","status":"publish","type":"post","link":"https:\/\/www.organisator.ch\/fr\/sustainability\/2019-06-13\/tag-des-windes-potenzial-von-windenergie-fuer-klimaneutrale-energiezukunft\/","title":{"rendered":"Journ\u00e9e de l'\u00e9nergie \u00e9olienne : Le potentiel de l'\u00e9nergie \u00e9olienne pour un avenir \u00e9nerg\u00e9tique climatiquement neutre"},"content":{"rendered":"<figure id=\"attachment_2182\" aria-describedby=\"caption-attachment-2182\" style=\"width: 680px\" class=\"wp-caption alignnone\"><img loading=\"lazy\" decoding=\"async\" class=\"size-medium wp-image-2182\" src=\"\/\/www.umweltperspektiven.ch\/wp-content\/uploads\/2019\/06\/Tag-des-Windes-UP_Umwelt-Perspektiven.jpg\" alt=\"\" width=\"680\" height=\"453\" \/><figcaption id=\"caption-attachment-2182\" class=\"wp-caption-text\">En cette journ\u00e9e du vent, tout tourne autour des \u00e9nergies alternatives. Toutefois, des pays comme l'Autriche et la Suisse auraient encore une marge de progression. (Image symbolique : Unsplash)<\/figcaption><\/figure>\n<p>La Journ\u00e9e du vent ne doit pas seulement tourner autour des beaux nuages. L'ann\u00e9e derni\u00e8re, l'\u00e9nergie \u00e9olienne a d\u00e9j\u00e0 couvert 14% de la consommation d'\u00e9lectricit\u00e9 europ\u00e9enne (source : IG Windkraft). L'\u00e9nergie \u00e9olienne est donc la plus puissante de toutes les formes d'\u00e9nergie renouvelable et l'un des plus grands contributeurs au respect de l'accord de Paris sur le climat. La Journ\u00e9e du vent, le 15 juin, a pour but d'attirer l'attention du monde entier sur cette importance.<\/p>\n<p><strong>Les \u00e9oliennes couvrent 11% des besoins en \u00e9lectricit\u00e9 de l'Autriche<br \/>\n<\/strong><\/p>\n<p>En Autriche, l'ann\u00e9e derni\u00e8re, 1 313 \u00e9oliennes ont produit autant d'\u00e9lectricit\u00e9 \u00e9cologique que plus de 1,9 million de foyers nationaux en consomment. Ces \u00e9oliennes peuvent produire environ 7 milliards de kWh par an. Cela correspond \u00e0 11 pour cent des besoins en \u00e9lectricit\u00e9 de l'ensemble du pays et \u00e0 4,3 millions de tonnes de CO2 qui peuvent \u00eatre \u00e9vit\u00e9es (source : IG Windkraft). La plupart des nouvelles installations ont une puissance sup\u00e9rieure \u00e0 3 MW, ce qui correspond \u00e0 une production annuelle de plus de 6 GWh.<\/p>\n<p>Contrairement aux installations photovolta\u00efques, les \u00e9oliennes ne sont pas encore rentables pour les particuliers.<\/p>\n<p>En Autriche comme en Suisse, le plein potentiel de l'\u00e9nergie \u00e9olienne n'est pas encore exploit\u00e9. En comparaison europ\u00e9enne (capacit\u00e9 cumul\u00e9e des installations \u00e9oliennes en GW), l'Autriche n'occupe que la 14e place, alors que l'Allemagne est en t\u00eate (source : WindEurope).<\/p>\n<p><strong>Un grand potentiel pour la place \u00e9conomique<br \/>\n<\/strong><\/p>\n<p>\"Le respect de l'accord de Paris sur le climat n'est pas r\u00e9aliste dans les conditions actuelles au niveau europ\u00e9en et autrichien\", constate l'expert en \u00e9nergie DI Dr. \"Il faut ici mettre en place des strat\u00e9gies d'incitation plus fortes pour augmenter le d\u00e9veloppement des \u00e9nergies renouvelables et \u00e9galement pour augmenter l'efficacit\u00e9 \u00e9nerg\u00e9tique\".<\/p>\n<p>Mettre en place les bonnes conditions-cadres permet d'obtenir des effets positifs non seulement d'un point de vue \u00e9cologique, mais aussi \u00e9conomique. C'est ce que montre une <a href=\"\/\/energywatchgroup.org\/wp-content\/uploads\/2018\/12\/EWG-LUT_Full-Study_Energy-Transition-Europe.pdf\">Enqu\u00eate<\/a> de quatorze scientifiques de la LUT University et de l'Energy Watch Group. Selon l'\u00e9tude, l'abandon complet des combustibles fossiles d'ici 2050 est r\u00e9aliste avec une part d'\u00e9nergie \u00e9olienne de 32 % en Europe. Les chercheurs voient un autre avantage dans le fait que 1,5 million de nouveaux emplois seraient cr\u00e9\u00e9s.<\/p>\n<p>La loi sur le d\u00e9veloppement des \u00e9nergies renouvelables (EAG), actuellement en cours de planification, doit d\u00e9cider du d\u00e9veloppement et de la promotion de l'\u00e9nergie \u00e9olienne, photovolta\u00efque, biomasse et hydraulique. Son \u00e9valuation a \u00e9t\u00e9 report\u00e9e jusqu'\u00e0 nouvel ordre.<\/p>\n<p><strong>Des technologies demand\u00e9es surtout pour le stockage de l'\u00e9nergie \u00e9olienne\u00a0<\/strong><\/p>\n<p>\"L'Autriche a maintenant la possibilit\u00e9 de s'\u00e9tablir en tant que plateforme internationale de savoir-faire en d\u00e9veloppant judicieusement les technologies li\u00e9es \u00e0 l'\u00e9nergie \u00e9olienne, en collaboration avec d'autres pays europ\u00e9ens\", ajoute Kuras. La demande en nouvelles technologies de stockage, comme le stockage du vent via des centrales hydro\u00e9lectriques, le power-to-gas ou le stockage par batteries, en fait \u00e9galement partie.<\/p>\n<p>&nbsp;<\/p>\n<p><a href=\"\/\/youtu.be\/ogbkVF09NiI%20\">Plus d'infos dans la vid\u00e9o \"L'\u00e9nergie \u00e9olienne expliqu\u00e9e simplement\".<\/a><\/p>\n<p>&nbsp;<\/p>","protected":false},"excerpt":{"rendered":"<p>Der Tag des Windes soll sich nicht nur um sch\u00f6ne Wolken drehen. Bereits 14 Prozent des europ\u00e4ischen Stromverbrauchs wurden im letzten Jahr durch Windenergie gedeckt (Quelle: IG Windkraft). Damit ist Windenergie die st\u00e4rkste aller erneuerbaren Energieformen und einer der gr\u00f6ssten Leistungstr\u00e4ger f\u00fcr die Einhaltung des Pariser Klimaabkommens. Der Tag des Windes am 15. Juni soll [&hellip;]<\/p>\n","protected":false},"author":5,"featured_media":2182,"comment_status":"open","ping_status":"open","sticky":false,"template":"","format":"standard","meta":{"_acf_changed":false,"_yoast_wpseo_focuskw":"Tag des Windes","_yoast_wpseo_metadesc":"Am 15. Juni am \"Tag des Windes\" soll weltweit auf die Bedeutung von Windkraft hingewiesen werden. In der Energiewirtschaft g\u00e4be es noch viel Luft nach oben.","articlekey":"","footnotes":""},"categories":[580],"tags":[1516,2280,2570],"class_list":["post-2181","post","type-post","status-publish","format-standard","has-post-thumbnail","hentry","category-sustainability","tag-klimaneutrale-energie","tag-tad-des-windes","tag-windkraft"],"acf":[],"yoast_head":"<!-- This site is optimized with the Yoast SEO plugin v27.5 - https:\/\/yoast.com\/product\/yoast-seo-wordpress\/ -->\n<title>Tag des Windes: Potenzial von Windenergie f\u00fcr klimaneutrale Energiezukunft - Organisator<\/title>\n<meta name=\"description\" content=\"Am 15. Juni am &quot;Tag des Windes&quot; soll weltweit auf die Bedeutung von Windkraft hingewiesen werden. In der Energiewirtschaft g\u00e4be es noch viel Luft nach oben.\" \/>\n<meta name=\"robots\" content=\"index, follow, max-snippet:-1, max-image-preview:large, max-video-preview:-1\" \/>\n<link rel=\"canonical\" href=\"https:\/\/www.organisator.ch\/fr\/sustainability\/2019-06-13\/tag-des-windes-potenzial-von-windenergie-fuer-klimaneutrale-energiezukunft\/\" \/>\n<meta property=\"og:locale\" content=\"fr_FR\" \/>\n<meta property=\"og:type\" content=\"article\" \/>\n<meta property=\"og:title\" content=\"Tag des Windes: Potenzial von Windenergie f\u00fcr klimaneutrale Energiezukunft - Organisator\" \/>\n<meta property=\"og:description\" content=\"Am 15. Juni am &quot;Tag des Windes&quot; soll weltweit auf die Bedeutung von Windkraft hingewiesen werden. In der Energiewirtschaft g\u00e4be es noch viel Luft nach oben.\" \/>\n<meta property=\"og:url\" content=\"https:\/\/www.organisator.ch\/fr\/sustainability\/2019-06-13\/tag-des-windes-potenzial-von-windenergie-fuer-klimaneutrale-energiezukunft\/\" \/>\n<meta property=\"og:site_name\" content=\"Organisator\" \/>\n<meta property=\"article:publisher\" content=\"https:\/\/www.facebook.com\/OrganisatorFachmagazin\" \/>\n<meta property=\"article:published_time\" content=\"2019-06-13T09:41:03+00:00\" \/>\n<meta property=\"article:modified_time\" content=\"2022-02-09T10:06:17+00:00\" \/>\n<meta property=\"og:image\" content=\"https:\/\/www.organisator.ch\/wp-content\/uploads\/2019\/06\/Tag-des-Windes-UP_Umwelt-Perspektiven-scaled.jpg\" \/>\n\t<meta property=\"og:image:width\" content=\"2560\" \/>\n\t<meta property=\"og:image:height\" content=\"1707\" \/>\n\t<meta property=\"og:image:type\" content=\"image\/jpeg\" \/>\n<meta name=\"author\" content=\"michael.merz\" \/>\n<meta name=\"twitter:card\" content=\"summary_large_image\" \/>\n<script type=\"application\/ld+json\" class=\"yoast-schema-graph\">{\"@context\":\"https:\\\/\\\/schema.org\",\"@graph\":[{\"@type\":\"Article\",\"@id\":\"https:\\\/\\\/www.organisator.ch\\\/sustainability\\\/2019-06-13\\\/tag-des-windes-potenzial-von-windenergie-fuer-klimaneutrale-energiezukunft\\\/#article\",\"isPartOf\":{\"@id\":\"https:\\\/\\\/www.organisator.ch\\\/sustainability\\\/2019-06-13\\\/tag-des-windes-potenzial-von-windenergie-fuer-klimaneutrale-energiezukunft\\\/\"},\"author\":{\"name\":\"michael.merz\",\"@id\":\"https:\\\/\\\/www.organisator.ch\\\/#\\\/schema\\\/person\\\/134708ca9321c57b0362cceb7948ffbd\"},\"headline\":\"Tag des Windes: Potenzial von Windenergie f\u00fcr klimaneutrale Energiezukunft\",\"datePublished\":\"2019-06-13T09:41:03+00:00\",\"dateModified\":\"2022-02-09T10:06:17+00:00\",\"mainEntityOfPage\":{\"@id\":\"https:\\\/\\\/www.organisator.ch\\\/sustainability\\\/2019-06-13\\\/tag-des-windes-potenzial-von-windenergie-fuer-klimaneutrale-energiezukunft\\\/\"},\"wordCount\":454,\"commentCount\":0,\"publisher\":{\"@id\":\"https:\\\/\\\/www.organisator.ch\\\/#organization\"},\"image\":{\"@id\":\"https:\\\/\\\/www.organisator.ch\\\/sustainability\\\/2019-06-13\\\/tag-des-windes-potenzial-von-windenergie-fuer-klimaneutrale-energiezukunft\\\/#primaryimage\"},\"thumbnailUrl\":\"https:\\\/\\\/www.organisator.ch\\\/wp-content\\\/uploads\\\/2019\\\/06\\\/Tag-des-Windes-UP_Umwelt-Perspektiven-scaled.jpg\",\"keywords\":[\"klimaneutrale Energie\",\"Tad des Windes\",\"Windkraft\"],\"articleSection\":[\"SUSTAINABILITY\"],\"inLanguage\":\"fr-FR\"},{\"@type\":\"WebPage\",\"@id\":\"https:\\\/\\\/www.organisator.ch\\\/sustainability\\\/2019-06-13\\\/tag-des-windes-potenzial-von-windenergie-fuer-klimaneutrale-energiezukunft\\\/\",\"url\":\"https:\\\/\\\/www.organisator.ch\\\/sustainability\\\/2019-06-13\\\/tag-des-windes-potenzial-von-windenergie-fuer-klimaneutrale-energiezukunft\\\/\",\"name\":\"Tag des Windes: Potenzial von Windenergie f\u00fcr klimaneutrale Energiezukunft - Organisator\",\"isPartOf\":{\"@id\":\"https:\\\/\\\/www.organisator.ch\\\/#website\"},\"primaryImageOfPage\":{\"@id\":\"https:\\\/\\\/www.organisator.ch\\\/sustainability\\\/2019-06-13\\\/tag-des-windes-potenzial-von-windenergie-fuer-klimaneutrale-energiezukunft\\\/#primaryimage\"},\"image\":{\"@id\":\"https:\\\/\\\/www.organisator.ch\\\/sustainability\\\/2019-06-13\\\/tag-des-windes-potenzial-von-windenergie-fuer-klimaneutrale-energiezukunft\\\/#primaryimage\"},\"thumbnailUrl\":\"https:\\\/\\\/www.organisator.ch\\\/wp-content\\\/uploads\\\/2019\\\/06\\\/Tag-des-Windes-UP_Umwelt-Perspektiven-scaled.jpg\",\"datePublished\":\"2019-06-13T09:41:03+00:00\",\"dateModified\":\"2022-02-09T10:06:17+00:00\",\"description\":\"Am 15. Juni am \\\"Tag des Windes\\\" soll weltweit auf die Bedeutung von Windkraft hingewiesen werden. In der Energiewirtschaft g\u00e4be es noch viel Luft nach oben.\",\"breadcrumb\":{\"@id\":\"https:\\\/\\\/www.organisator.ch\\\/sustainability\\\/2019-06-13\\\/tag-des-windes-potenzial-von-windenergie-fuer-klimaneutrale-energiezukunft\\\/#breadcrumb\"},\"inLanguage\":\"fr-FR\",\"potentialAction\":[{\"@type\":\"ReadAction\",\"target\":[\"https:\\\/\\\/www.organisator.ch\\\/sustainability\\\/2019-06-13\\\/tag-des-windes-potenzial-von-windenergie-fuer-klimaneutrale-energiezukunft\\\/\"]}]},{\"@type\":\"ImageObject\",\"inLanguage\":\"fr-FR\",\"@id\":\"https:\\\/\\\/www.organisator.ch\\\/sustainability\\\/2019-06-13\\\/tag-des-windes-potenzial-von-windenergie-fuer-klimaneutrale-energiezukunft\\\/#primaryimage\",\"url\":\"https:\\\/\\\/www.organisator.ch\\\/wp-content\\\/uploads\\\/2019\\\/06\\\/Tag-des-Windes-UP_Umwelt-Perspektiven-scaled.jpg\",\"contentUrl\":\"https:\\\/\\\/www.organisator.ch\\\/wp-content\\\/uploads\\\/2019\\\/06\\\/Tag-des-Windes-UP_Umwelt-Perspektiven-scaled.jpg\",\"width\":2560,\"height\":1707,\"caption\":\"Am Tag des Windes dreht sich alles um alternative Energien. Allerdings h\u00e4tten L\u00e4nder wie \u00d6sterreich und die Schweiz noch Luft nach oben. (Symbolbild: Unsplash)\"},{\"@type\":\"BreadcrumbList\",\"@id\":\"https:\\\/\\\/www.organisator.ch\\\/sustainability\\\/2019-06-13\\\/tag-des-windes-potenzial-von-windenergie-fuer-klimaneutrale-energiezukunft\\\/#breadcrumb\",\"itemListElement\":[{\"@type\":\"ListItem\",\"position\":1,\"name\":\"Home\",\"item\":\"https:\\\/\\\/www.organisator.ch\\\/\"},{\"@type\":\"ListItem\",\"position\":2,\"name\":\"Tag des Windes: Potenzial von Windenergie f\u00fcr klimaneutrale Energiezukunft\"}]},{\"@type\":\"WebSite\",\"@id\":\"https:\\\/\\\/www.organisator.ch\\\/#website\",\"url\":\"https:\\\/\\\/www.organisator.ch\\\/\",\"name\":\"Organisator\",\"description\":\"Kompetent. Praxisnah. Der ORGANISATOR bereitet in 10 Ausgaben pro Jahr die wesentlichen Themen f\u00fcr F\u00fchrungskr\u00e4fte von KMU auf.\",\"publisher\":{\"@id\":\"https:\\\/\\\/www.organisator.ch\\\/#organization\"},\"potentialAction\":[{\"@type\":\"SearchAction\",\"target\":{\"@type\":\"EntryPoint\",\"urlTemplate\":\"https:\\\/\\\/www.organisator.ch\\\/?s={search_term_string}\"},\"query-input\":{\"@type\":\"PropertyValueSpecification\",\"valueRequired\":true,\"valueName\":\"search_term_string\"}}],\"inLanguage\":\"fr-FR\"},{\"@type\":\"Organization\",\"@id\":\"https:\\\/\\\/www.organisator.ch\\\/#organization\",\"name\":\"Organisator\",\"url\":\"https:\\\/\\\/www.organisator.ch\\\/\",\"logo\":{\"@type\":\"ImageObject\",\"inLanguage\":\"fr-FR\",\"@id\":\"https:\\\/\\\/www.organisator.ch\\\/#\\\/schema\\\/logo\\\/image\\\/\",\"url\":\"https:\\\/\\\/www.organisator.ch\\\/wp-content\\\/uploads\\\/2022\\\/01\\\/Logo_Organisator_Website.png\",\"contentUrl\":\"https:\\\/\\\/www.organisator.ch\\\/wp-content\\\/uploads\\\/2022\\\/01\\\/Logo_Organisator_Website.png\",\"width\":800,\"height\":77,\"caption\":\"Organisator\"},\"image\":{\"@id\":\"https:\\\/\\\/www.organisator.ch\\\/#\\\/schema\\\/logo\\\/image\\\/\"},\"sameAs\":[\"https:\\\/\\\/www.facebook.com\\\/OrganisatorFachmagazin\",\"https:\\\/\\\/www.linkedin.com\\\/showcase\\\/organisator-das-magazin-fr-kmu\",\"https:\\\/\\\/www.xing.com\\\/news\\\/pages\\\/organisator-ch-695\",\"https:\\\/\\\/www.youtube.com\\\/channel\\\/UCGP2Sq0iWaZwT3BdIAQFYpw\"]},{\"@type\":\"Person\",\"@id\":\"https:\\\/\\\/www.organisator.ch\\\/#\\\/schema\\\/person\\\/134708ca9321c57b0362cceb7948ffbd\",\"name\":\"michael.merz\",\"image\":{\"@type\":\"ImageObject\",\"inLanguage\":\"fr-FR\",\"@id\":\"https:\\\/\\\/secure.gravatar.com\\\/avatar\\\/?s=96&d=mm&r=g\",\"url\":\"https:\\\/\\\/secure.gravatar.com\\\/avatar\\\/?s=96&d=mm&r=g\",\"contentUrl\":\"https:\\\/\\\/secure.gravatar.com\\\/avatar\\\/?s=96&d=mm&r=g\",\"caption\":\"michael.merz\"},\"url\":\"https:\\\/\\\/www.organisator.ch\\\/fr\\\/author\\\/michael-merz\\\/\"}]}<\/script>\n<!-- \/ Yoast SEO plugin. -->","yoast_head_json":{"title":"Journ\u00e9e de l'\u00e9nergie \u00e9olienne : Potentiel de l'\u00e9nergie \u00e9olienne pour un avenir \u00e9nerg\u00e9tique climatiquement neutre - Organisateur","description":"Le 15 juin, \u00e0 l'occasion de la \"Journ\u00e9e du vent\", l'importance de l'\u00e9nergie \u00e9olienne doit \u00eatre soulign\u00e9e dans le monde entier. Il y aurait encore beaucoup de marge de progression dans le secteur de l'\u00e9nergie.","robots":{"index":"index","follow":"follow","max-snippet":"max-snippet:-1","max-image-preview":"max-image-preview:large","max-video-preview":"max-video-preview:-1"},"canonical":"https:\/\/www.organisator.ch\/fr\/sustainability\/2019-06-13\/tag-des-windes-potenzial-von-windenergie-fuer-klimaneutrale-energiezukunft\/","og_locale":"fr_FR","og_type":"article","og_title":"Tag des Windes: Potenzial von Windenergie f\u00fcr klimaneutrale Energiezukunft - Organisator","og_description":"Am 15. Juni am \"Tag des Windes\" soll weltweit auf die Bedeutung von Windkraft hingewiesen werden. In der Energiewirtschaft g\u00e4be es noch viel Luft nach oben.","og_url":"https:\/\/www.organisator.ch\/fr\/sustainability\/2019-06-13\/tag-des-windes-potenzial-von-windenergie-fuer-klimaneutrale-energiezukunft\/","og_site_name":"Organisator","article_publisher":"https:\/\/www.facebook.com\/OrganisatorFachmagazin","article_published_time":"2019-06-13T09:41:03+00:00","article_modified_time":"2022-02-09T10:06:17+00:00","og_image":[{"width":2560,"height":1707,"url":"https:\/\/www.organisator.ch\/wp-content\/uploads\/2019\/06\/Tag-des-Windes-UP_Umwelt-Perspektiven-scaled.jpg","type":"image\/jpeg"}],"author":"michael.merz","twitter_card":"summary_large_image","schema":{"@context":"https:\/\/schema.org","@graph":[{"@type":"Article","@id":"https:\/\/www.organisator.ch\/sustainability\/2019-06-13\/tag-des-windes-potenzial-von-windenergie-fuer-klimaneutrale-energiezukunft\/#article","isPartOf":{"@id":"https:\/\/www.organisator.ch\/sustainability\/2019-06-13\/tag-des-windes-potenzial-von-windenergie-fuer-klimaneutrale-energiezukunft\/"},"author":{"name":"michael.merz","@id":"https:\/\/www.organisator.ch\/#\/schema\/person\/134708ca9321c57b0362cceb7948ffbd"},"headline":"Tag des Windes: Potenzial von Windenergie f\u00fcr klimaneutrale Energiezukunft","datePublished":"2019-06-13T09:41:03+00:00","dateModified":"2022-02-09T10:06:17+00:00","mainEntityOfPage":{"@id":"https:\/\/www.organisator.ch\/sustainability\/2019-06-13\/tag-des-windes-potenzial-von-windenergie-fuer-klimaneutrale-energiezukunft\/"},"wordCount":454,"commentCount":0,"publisher":{"@id":"https:\/\/www.organisator.ch\/#organization"},"image":{"@id":"https:\/\/www.organisator.ch\/sustainability\/2019-06-13\/tag-des-windes-potenzial-von-windenergie-fuer-klimaneutrale-energiezukunft\/#primaryimage"},"thumbnailUrl":"https:\/\/www.organisator.ch\/wp-content\/uploads\/2019\/06\/Tag-des-Windes-UP_Umwelt-Perspektiven-scaled.jpg","keywords":["klimaneutrale Energie","Tad des Windes","Windkraft"],"articleSection":["SUSTAINABILITY"],"inLanguage":"fr-FR"},{"@type":"WebPage","@id":"https:\/\/www.organisator.ch\/sustainability\/2019-06-13\/tag-des-windes-potenzial-von-windenergie-fuer-klimaneutrale-energiezukunft\/","url":"https:\/\/www.organisator.ch\/sustainability\/2019-06-13\/tag-des-windes-potenzial-von-windenergie-fuer-klimaneutrale-energiezukunft\/","name":"Journ\u00e9e de l'\u00e9nergie \u00e9olienne : Potentiel de l'\u00e9nergie \u00e9olienne pour un avenir \u00e9nerg\u00e9tique climatiquement neutre - Organisateur","isPartOf":{"@id":"https:\/\/www.organisator.ch\/#website"},"primaryImageOfPage":{"@id":"https:\/\/www.organisator.ch\/sustainability\/2019-06-13\/tag-des-windes-potenzial-von-windenergie-fuer-klimaneutrale-energiezukunft\/#primaryimage"},"image":{"@id":"https:\/\/www.organisator.ch\/sustainability\/2019-06-13\/tag-des-windes-potenzial-von-windenergie-fuer-klimaneutrale-energiezukunft\/#primaryimage"},"thumbnailUrl":"https:\/\/www.organisator.ch\/wp-content\/uploads\/2019\/06\/Tag-des-Windes-UP_Umwelt-Perspektiven-scaled.jpg","datePublished":"2019-06-13T09:41:03+00:00","dateModified":"2022-02-09T10:06:17+00:00","description":"Le 15 juin, \u00e0 l'occasion de la \"Journ\u00e9e du vent\", l'importance de l'\u00e9nergie \u00e9olienne doit \u00eatre soulign\u00e9e dans le monde entier. Il y aurait encore beaucoup de marge de progression dans le secteur de l'\u00e9nergie.","breadcrumb":{"@id":"https:\/\/www.organisator.ch\/sustainability\/2019-06-13\/tag-des-windes-potenzial-von-windenergie-fuer-klimaneutrale-energiezukunft\/#breadcrumb"},"inLanguage":"fr-FR","potentialAction":[{"@type":"ReadAction","target":["https:\/\/www.organisator.ch\/sustainability\/2019-06-13\/tag-des-windes-potenzial-von-windenergie-fuer-klimaneutrale-energiezukunft\/"]}]},{"@type":"ImageObject","inLanguage":"fr-FR","@id":"https:\/\/www.organisator.ch\/sustainability\/2019-06-13\/tag-des-windes-potenzial-von-windenergie-fuer-klimaneutrale-energiezukunft\/#primaryimage","url":"https:\/\/www.organisator.ch\/wp-content\/uploads\/2019\/06\/Tag-des-Windes-UP_Umwelt-Perspektiven-scaled.jpg","contentUrl":"https:\/\/www.organisator.ch\/wp-content\/uploads\/2019\/06\/Tag-des-Windes-UP_Umwelt-Perspektiven-scaled.jpg","width":2560,"height":1707,"caption":"Am Tag des Windes dreht sich alles um alternative Energien. Allerdings h\u00e4tten L\u00e4nder wie \u00d6sterreich und die Schweiz noch Luft nach oben. (Symbolbild: Unsplash)"},{"@type":"BreadcrumbList","@id":"https:\/\/www.organisator.ch\/sustainability\/2019-06-13\/tag-des-windes-potenzial-von-windenergie-fuer-klimaneutrale-energiezukunft\/#breadcrumb","itemListElement":[{"@type":"ListItem","position":1,"name":"Home","item":"https:\/\/www.organisator.ch\/"},{"@type":"ListItem","position":2,"name":"Tag des Windes: Potenzial von Windenergie f\u00fcr klimaneutrale Energiezukunft"}]},{"@type":"WebSite","@id":"https:\/\/www.organisator.ch\/#website","url":"https:\/\/www.organisator.ch\/","name":"Organisateur","description":"Comp\u00e9tence et comp\u00e9tence. Proches de la pratique. L'ORGANISATEUR pr\u00e9pare 10 num\u00e9ros par an sur les th\u00e8mes essentiels pour les dirigeants de PME.","publisher":{"@id":"https:\/\/www.organisator.ch\/#organization"},"potentialAction":[{"@type":"SearchAction","target":{"@type":"EntryPoint","urlTemplate":"https:\/\/www.organisator.ch\/?s={search_term_string}"},"query-input":{"@type":"PropertyValueSpecification","valueRequired":true,"valueName":"search_term_string"}}],"inLanguage":"fr-FR"},{"@type":"Organization","@id":"https:\/\/www.organisator.ch\/#organization","name":"Organisateur","url":"https:\/\/www.organisator.ch\/","logo":{"@type":"ImageObject","inLanguage":"fr-FR","@id":"https:\/\/www.organisator.ch\/#\/schema\/logo\/image\/","url":"https:\/\/www.organisator.ch\/wp-content\/uploads\/2022\/01\/Logo_Organisator_Website.png","contentUrl":"https:\/\/www.organisator.ch\/wp-content\/uploads\/2022\/01\/Logo_Organisator_Website.png","width":800,"height":77,"caption":"Organisator"},"image":{"@id":"https:\/\/www.organisator.ch\/#\/schema\/logo\/image\/"},"sameAs":["https:\/\/www.facebook.com\/OrganisatorFachmagazin","https:\/\/www.linkedin.com\/showcase\/organisator-das-magazin-fr-kmu","https:\/\/www.xing.com\/news\/pages\/organisator-ch-695","https:\/\/www.youtube.com\/channel\/UCGP2Sq0iWaZwT3BdIAQFYpw"]},{"@type":"Person","@id":"https:\/\/www.organisator.ch\/#\/schema\/person\/134708ca9321c57b0362cceb7948ffbd","name":"michael.merz","image":{"@type":"ImageObject","inLanguage":"fr-FR","@id":"https:\/\/secure.gravatar.com\/avatar\/?s=96&d=mm&r=g","url":"https:\/\/secure.gravatar.com\/avatar\/?s=96&d=mm&r=g","contentUrl":"https:\/\/secure.gravatar.com\/avatar\/?s=96&d=mm&r=g","caption":"michael.merz"},"url":"https:\/\/www.organisator.ch\/fr\/author\/michael-merz\/"}]}},"_links":{"self":[{"href":"https:\/\/www.organisator.ch\/fr\/wp-json\/wp\/v2\/posts\/2181","targetHints":{"allow":["GET"]}}],"collection":[{"href":"https:\/\/www.organisator.ch\/fr\/wp-json\/wp\/v2\/posts"}],"about":[{"href":"https:\/\/www.organisator.ch\/fr\/wp-json\/wp\/v2\/types\/post"}],"author":[{"embeddable":true,"href":"https:\/\/www.organisator.ch\/fr\/wp-json\/wp\/v2\/users\/5"}],"replies":[{"embeddable":true,"href":"https:\/\/www.organisator.ch\/fr\/wp-json\/wp\/v2\/comments?post=2181"}],"version-history":[{"count":1,"href":"https:\/\/www.organisator.ch\/fr\/wp-json\/wp\/v2\/posts\/2181\/revisions"}],"predecessor-version":[{"id":10554,"href":"https:\/\/www.organisator.ch\/fr\/wp-json\/wp\/v2\/posts\/2181\/revisions\/10554"}],"wp:featuredmedia":[{"embeddable":true,"href":"https:\/\/www.organisator.ch\/fr\/wp-json\/wp\/v2\/media\/2182"}],"wp:attachment":[{"href":"https:\/\/www.organisator.ch\/fr\/wp-json\/wp\/v2\/media?parent=2181"}],"wp:term":[{"taxonomy":"category","embeddable":true,"href":"https:\/\/www.organisator.ch\/fr\/wp-json\/wp\/v2\/categories?post=2181"},{"taxonomy":"post_tag","embeddable":true,"href":"https:\/\/www.organisator.ch\/fr\/wp-json\/wp\/v2\/tags?post=2181"}],"curies":[{"name":"wp","href":"https:\/\/api.w.org\/{rel}","templated":true}]}}