{"id":21926,"date":"2023-09-26T04:12:32","date_gmt":"2023-09-26T02:12:32","guid":{"rendered":"https:\/\/www.m-q.ch\/?p=18515"},"modified":"2024-11-14T09:13:51","modified_gmt":"2024-11-14T08:13:51","slug":"partnerschaft-zur-co%e2%82%82-reduzierung-an-der-schulthess-klinik","status":"publish","type":"post","link":"https:\/\/www.organisator.ch\/fr\/operational-excellence\/2023-09-26\/partnerschaft-zur-co%e2%82%82-reduzierung-an-der-schulthess-klinik\/","title":{"rendered":"Partenariat pour la r\u00e9duction de CO\u2082 \u00e0 la clinique Schulthess"},"content":{"rendered":"<figure id=\"attachment_18516\" class=\"wp-caption alignnone\" style=\"width: 680px\" aria-describedby=\"caption-attachment-18516\"><img class=\"alignnone wp-image-18516 size-full\" src=\"https:\/\/www.m-q.ch\/wp-content\/uploads\/2023\/09\/Partnerschaft-zur-CO%E2%82%82-Reduzierung-an-der-Schulthess-Klinik_MQ.jpg\" alt=\"Clinique Schulthess\" width=\"680\" height=\"453\" \/>\r\n<figcaption id=\"caption-attachment-18516\" class=\"wp-caption-text\">\u00c9conomie circulaire et r\u00e9duction du CO\u2082 \u00e0 la clinique Schulthess, gr\u00e2ce \u00e0 la collaboration de Mr. Green et d'un fabricant d'implants. (Image : Clinique Schulthess)<\/figcaption>\r\n<\/figure>\r\n<p>Une phase de test a permis de v\u00e9rifier si la collecte mixte des diff\u00e9rents mat\u00e9riaux d'emballage pouvait \u00eatre int\u00e9gr\u00e9e dans le fonctionnement du bloc op\u00e9ratoire sans le g\u00eaner. L\u00e0 encore, les retours sont presque tous positifs. Ainsi, les d\u00e9chets produits ont toujours \u00e9t\u00e9 une \u00e9pine dans le pied des \u00e9quipes chirurgicales. Le fait que cette probl\u00e9matique soit abord\u00e9e r\u00e9jouit tous les acteurs. La plus grande partie des mat\u00e9riaux collect\u00e9s \u00e9tait le carton, suivi par les mat\u00e9riaux composites en plastique, les films plastiques purs, les plastiques m\u00e9lang\u00e9s et l'aluminium.<\/p>\r\n<h3><strong>Les mat\u00e9riaux rejet\u00e9s ne doivent pas perdre en qualit\u00e9 <\/strong><\/h3>\r\n<p>\u00c0 l'avenir, la clinique Schulthess, qui s'est engag\u00e9e en faveur du d\u00e9veloppement durable et est certifi\u00e9e ISO 14001:2015, remettra tous les d\u00e9chets propres produits dans le circuit avec l'aide de Mr Green. Une derni\u00e8re phase de test permettra de s'assurer d'ici la fin de l'ann\u00e9e que la qualit\u00e9 des mat\u00e9riaux rejet\u00e9s reste \u00e9lev\u00e9e et que le processus de recyclage est le plus efficace possible. Cet exemple montre qu'un tel partenariat entre diff\u00e9rents acteurs est b\u00e9n\u00e9fique pour tous. Tout \u00e0 fait dans l'esprit de \"Healthy People need a Healthy Planet\".\u00a0<\/p>\r\n<p><em>Source : <a href=\"https:\/\/www.schulthess-klinik.ch\/de\">Clinique Schulthess<\/a><\/em><\/p>\n<p class=\"syndicated-attribution\">Cet article est paru initialement sur m-q.ch - <a href=\"https:\/\/www.m-q.ch\/de\/partnerschaft-zur-co%E2%82%82-reduzierung-an-der-schulthess-klinik\/\" target=\"_blank\">https:\/\/www.m-q.ch\/de\/partnerschaft-zur-co%E2%82%82-reduzierung-an-der-schulthess-klinik\/<\/a><\/p>","protected":false},"excerpt":{"rendered":"<p>Ensemble contre le flot de mat\u00e9riaux d'emballage : les interventions chirurgicales \u00e0 la clinique Schulthess deviennent plus durables gr\u00e2ce \u00e0 un partenariat avec Mr. Green et Johnson &amp; Johnson MedTech Suisse. Cela permet une \u00e9conomie circulaire et conduit dans un premier temps \u00e0 une r\u00e9duction des \u00e9missions annuelles de CO\u2082 pouvant aller jusqu'\u00e0 37 tonnes.<\/p>","protected":false},"author":8,"featured_media":0,"comment_status":"closed","ping_status":"closed","sticky":false,"template":"","format":"standard","meta":{"_acf_changed":false,"_yoast_wpseo_focuskw":"Schulthess Klinik","_yoast_wpseo_metadesc":"Schulthess Klinik: Nachhaltige Kreislaufwirtschaft mit Mr. Green. CO\u2082-Reduzierung und Recycling im Fokus.","articlekey":"","footnotes":""},"categories":[582],"tags":[3949],"class_list":["post-21926","post","type-post","status-publish","format-standard","hentry","category-operational-excellence","tag-co2-reduzierung"],"acf":[],"yoast_head":"<!-- This site is optimized with the Yoast SEO plugin v27.5 - https:\/\/yoast.com\/product\/yoast-seo-wordpress\/ -->\n<title>Partnerschaft zur CO\u2082-Reduzierung an der Schulthess Klinik - Organisator<\/title>\n<meta name=\"description\" content=\"Schulthess Klinik: Nachhaltige Kreislaufwirtschaft mit Mr. Green. CO\u2082-Reduzierung und Recycling im Fokus.\" \/>\n<meta name=\"robots\" content=\"index, follow, max-snippet:-1, max-image-preview:large, max-video-preview:-1\" \/>\n<link rel=\"canonical\" href=\"https:\/\/www.organisator.ch\/fr\/excellence-operationnelle\/2023-09-26\/partnerschaft-zur-co\u2082-reduzierung-an-der-schulthess-klinik\/\" \/>\n<meta property=\"og:locale\" content=\"fr_FR\" \/>\n<meta property=\"og:type\" content=\"article\" \/>\n<meta property=\"og:title\" content=\"Partnerschaft zur CO\u2082-Reduzierung an der Schulthess Klinik - Organisator\" \/>\n<meta property=\"og:description\" content=\"Schulthess Klinik: Nachhaltige Kreislaufwirtschaft mit Mr. Green. CO\u2082-Reduzierung und Recycling im Fokus.\" \/>\n<meta property=\"og:url\" content=\"https:\/\/www.organisator.ch\/fr\/excellence-operationnelle\/2023-09-26\/partnerschaft-zur-co\u2082-reduzierung-an-der-schulthess-klinik\/\" \/>\n<meta property=\"og:site_name\" content=\"Organisator\" \/>\n<meta property=\"article:publisher\" content=\"https:\/\/www.facebook.com\/OrganisatorFachmagazin\" \/>\n<meta property=\"article:published_time\" content=\"2023-09-26T02:12:32+00:00\" \/>\n<meta property=\"article:modified_time\" content=\"2024-11-14T08:13:51+00:00\" \/>\n<meta name=\"author\" content=\"galledia\" \/>\n<meta name=\"twitter:card\" content=\"summary_large_image\" \/>\n<meta name=\"twitter:creator\" content=\"@admin\" \/>\n<script type=\"application\/ld+json\" class=\"yoast-schema-graph\">{\"@context\":\"https:\\\/\\\/schema.org\",\"@graph\":[{\"@type\":\"Article\",\"@id\":\"https:\\\/\\\/www.organisator.ch\\\/operational-excellence\\\/2023-09-26\\\/partnerschaft-zur-co%e2%82%82-reduzierung-an-der-schulthess-klinik\\\/#article\",\"isPartOf\":{\"@id\":\"https:\\\/\\\/www.organisator.ch\\\/operational-excellence\\\/2023-09-26\\\/partnerschaft-zur-co%e2%82%82-reduzierung-an-der-schulthess-klinik\\\/\"},\"author\":{\"name\":\"galledia\",\"@id\":\"https:\\\/\\\/www.organisator.ch\\\/#\\\/schema\\\/person\\\/4e51799071cd2dd1232ac003643ef5f0\"},\"headline\":\"Partnerschaft zur CO\u2082-Reduzierung an der Schulthess Klinik\",\"datePublished\":\"2023-09-26T02:12:32+00:00\",\"dateModified\":\"2024-11-14T08:13:51+00:00\",\"mainEntityOfPage\":{\"@id\":\"https:\\\/\\\/www.organisator.ch\\\/operational-excellence\\\/2023-09-26\\\/partnerschaft-zur-co%e2%82%82-reduzierung-an-der-schulthess-klinik\\\/\"},\"wordCount\":197,\"publisher\":{\"@id\":\"https:\\\/\\\/www.organisator.ch\\\/#organization\"},\"image\":{\"@id\":\"https:\\\/\\\/www.organisator.ch\\\/operational-excellence\\\/2023-09-26\\\/partnerschaft-zur-co%e2%82%82-reduzierung-an-der-schulthess-klinik\\\/#primaryimage\"},\"thumbnailUrl\":\"https:\\\/\\\/www.m-q.ch\\\/wp-content\\\/uploads\\\/2023\\\/09\\\/Partnerschaft-zur-CO%E2%82%82-Reduzierung-an-der-Schulthess-Klinik_MQ.jpg\",\"keywords\":[\"CO2-Reduzierung\"],\"articleSection\":[\"OPERATIONAL EXCELLENCE\"],\"inLanguage\":\"fr-FR\"},{\"@type\":\"WebPage\",\"@id\":\"https:\\\/\\\/www.organisator.ch\\\/operational-excellence\\\/2023-09-26\\\/partnerschaft-zur-co%e2%82%82-reduzierung-an-der-schulthess-klinik\\\/\",\"url\":\"https:\\\/\\\/www.organisator.ch\\\/operational-excellence\\\/2023-09-26\\\/partnerschaft-zur-co%e2%82%82-reduzierung-an-der-schulthess-klinik\\\/\",\"name\":\"Partnerschaft zur CO\u2082-Reduzierung an der Schulthess Klinik - Organisator\",\"isPartOf\":{\"@id\":\"https:\\\/\\\/www.organisator.ch\\\/#website\"},\"primaryImageOfPage\":{\"@id\":\"https:\\\/\\\/www.organisator.ch\\\/operational-excellence\\\/2023-09-26\\\/partnerschaft-zur-co%e2%82%82-reduzierung-an-der-schulthess-klinik\\\/#primaryimage\"},\"image\":{\"@id\":\"https:\\\/\\\/www.organisator.ch\\\/operational-excellence\\\/2023-09-26\\\/partnerschaft-zur-co%e2%82%82-reduzierung-an-der-schulthess-klinik\\\/#primaryimage\"},\"thumbnailUrl\":\"https:\\\/\\\/www.m-q.ch\\\/wp-content\\\/uploads\\\/2023\\\/09\\\/Partnerschaft-zur-CO%E2%82%82-Reduzierung-an-der-Schulthess-Klinik_MQ.jpg\",\"datePublished\":\"2023-09-26T02:12:32+00:00\",\"dateModified\":\"2024-11-14T08:13:51+00:00\",\"description\":\"Schulthess Klinik: Nachhaltige Kreislaufwirtschaft mit Mr. Green. CO\u2082-Reduzierung und Recycling im Fokus.\",\"breadcrumb\":{\"@id\":\"https:\\\/\\\/www.organisator.ch\\\/operational-excellence\\\/2023-09-26\\\/partnerschaft-zur-co%e2%82%82-reduzierung-an-der-schulthess-klinik\\\/#breadcrumb\"},\"inLanguage\":\"fr-FR\",\"potentialAction\":[{\"@type\":\"ReadAction\",\"target\":[\"https:\\\/\\\/www.organisator.ch\\\/operational-excellence\\\/2023-09-26\\\/partnerschaft-zur-co%e2%82%82-reduzierung-an-der-schulthess-klinik\\\/\"]}]},{\"@type\":\"ImageObject\",\"inLanguage\":\"fr-FR\",\"@id\":\"https:\\\/\\\/www.organisator.ch\\\/operational-excellence\\\/2023-09-26\\\/partnerschaft-zur-co%e2%82%82-reduzierung-an-der-schulthess-klinik\\\/#primaryimage\",\"url\":\"https:\\\/\\\/www.m-q.ch\\\/wp-content\\\/uploads\\\/2023\\\/09\\\/Partnerschaft-zur-CO%E2%82%82-Reduzierung-an-der-Schulthess-Klinik_MQ.jpg\",\"contentUrl\":\"https:\\\/\\\/www.m-q.ch\\\/wp-content\\\/uploads\\\/2023\\\/09\\\/Partnerschaft-zur-CO%E2%82%82-Reduzierung-an-der-Schulthess-Klinik_MQ.jpg\"},{\"@type\":\"BreadcrumbList\",\"@id\":\"https:\\\/\\\/www.organisator.ch\\\/operational-excellence\\\/2023-09-26\\\/partnerschaft-zur-co%e2%82%82-reduzierung-an-der-schulthess-klinik\\\/#breadcrumb\",\"itemListElement\":[{\"@type\":\"ListItem\",\"position\":1,\"name\":\"Home\",\"item\":\"https:\\\/\\\/www.organisator.ch\\\/\"},{\"@type\":\"ListItem\",\"position\":2,\"name\":\"Partnerschaft zur CO\u2082-Reduzierung an der Schulthess Klinik\"}]},{\"@type\":\"WebSite\",\"@id\":\"https:\\\/\\\/www.organisator.ch\\\/#website\",\"url\":\"https:\\\/\\\/www.organisator.ch\\\/\",\"name\":\"Organisator\",\"description\":\"Kompetent. Praxisnah. Der ORGANISATOR bereitet in 10 Ausgaben pro Jahr die wesentlichen Themen f\u00fcr F\u00fchrungskr\u00e4fte von KMU auf.\",\"publisher\":{\"@id\":\"https:\\\/\\\/www.organisator.ch\\\/#organization\"},\"potentialAction\":[{\"@type\":\"SearchAction\",\"target\":{\"@type\":\"EntryPoint\",\"urlTemplate\":\"https:\\\/\\\/www.organisator.ch\\\/?s={search_term_string}\"},\"query-input\":{\"@type\":\"PropertyValueSpecification\",\"valueRequired\":true,\"valueName\":\"search_term_string\"}}],\"inLanguage\":\"fr-FR\"},{\"@type\":\"Organization\",\"@id\":\"https:\\\/\\\/www.organisator.ch\\\/#organization\",\"name\":\"Organisator\",\"url\":\"https:\\\/\\\/www.organisator.ch\\\/\",\"logo\":{\"@type\":\"ImageObject\",\"inLanguage\":\"fr-FR\",\"@id\":\"https:\\\/\\\/www.organisator.ch\\\/#\\\/schema\\\/logo\\\/image\\\/\",\"url\":\"https:\\\/\\\/www.organisator.ch\\\/wp-content\\\/uploads\\\/2022\\\/01\\\/Logo_Organisator_Website.png\",\"contentUrl\":\"https:\\\/\\\/www.organisator.ch\\\/wp-content\\\/uploads\\\/2022\\\/01\\\/Logo_Organisator_Website.png\",\"width\":800,\"height\":77,\"caption\":\"Organisator\"},\"image\":{\"@id\":\"https:\\\/\\\/www.organisator.ch\\\/#\\\/schema\\\/logo\\\/image\\\/\"},\"sameAs\":[\"https:\\\/\\\/www.facebook.com\\\/OrganisatorFachmagazin\",\"https:\\\/\\\/www.linkedin.com\\\/showcase\\\/organisator-das-magazin-fr-kmu\",\"https:\\\/\\\/www.xing.com\\\/news\\\/pages\\\/organisator-ch-695\",\"https:\\\/\\\/www.youtube.com\\\/channel\\\/UCGP2Sq0iWaZwT3BdIAQFYpw\"]},{\"@type\":\"Person\",\"@id\":\"https:\\\/\\\/www.organisator.ch\\\/#\\\/schema\\\/person\\\/4e51799071cd2dd1232ac003643ef5f0\",\"name\":\"galledia\",\"image\":{\"@type\":\"ImageObject\",\"inLanguage\":\"fr-FR\",\"@id\":\"https:\\\/\\\/secure.gravatar.com\\\/avatar\\\/78a7f90c01fc2bfc875782a0d4922b37cde2cf184ce347b91316d23cd7f69a36?s=96&d=mm&r=g\",\"url\":\"https:\\\/\\\/secure.gravatar.com\\\/avatar\\\/78a7f90c01fc2bfc875782a0d4922b37cde2cf184ce347b91316d23cd7f69a36?s=96&d=mm&r=g\",\"contentUrl\":\"https:\\\/\\\/secure.gravatar.com\\\/avatar\\\/78a7f90c01fc2bfc875782a0d4922b37cde2cf184ce347b91316d23cd7f69a36?s=96&d=mm&r=g\",\"caption\":\"galledia\"},\"sameAs\":[\"https:\\\/\\\/x.com\\\/admin\"],\"url\":\"https:\\\/\\\/www.organisator.ch\\\/fr\\\/author\\\/galledia\\\/\"}]}<\/script>\n<!-- \/ Yoast SEO plugin. -->","yoast_head_json":{"title":"Partenariat pour la r\u00e9duction du CO\u2082 \u00e0 la clinique Schulthess - Organisateur","description":"Clinique Schulthess : \u00e9conomie circulaire durable avec Mr. Green. La r\u00e9duction du CO\u2082 et le recyclage en point de mire.","robots":{"index":"index","follow":"follow","max-snippet":"max-snippet:-1","max-image-preview":"max-image-preview:large","max-video-preview":"max-video-preview:-1"},"canonical":"https:\/\/www.organisator.ch\/fr\/excellence-operationnelle\/2023-09-26\/partnerschaft-zur-co\u2082-reduzierung-an-der-schulthess-klinik\/","og_locale":"fr_FR","og_type":"article","og_title":"Partnerschaft zur CO\u2082-Reduzierung an der Schulthess Klinik - Organisator","og_description":"Schulthess Klinik: Nachhaltige Kreislaufwirtschaft mit Mr. Green. CO\u2082-Reduzierung und Recycling im Fokus.","og_url":"https:\/\/www.organisator.ch\/fr\/excellence-operationnelle\/2023-09-26\/partnerschaft-zur-co\u2082-reduzierung-an-der-schulthess-klinik\/","og_site_name":"Organisator","article_publisher":"https:\/\/www.facebook.com\/OrganisatorFachmagazin","article_published_time":"2023-09-26T02:12:32+00:00","article_modified_time":"2024-11-14T08:13:51+00:00","author":"galledia","twitter_card":"summary_large_image","twitter_creator":"@admin","schema":{"@context":"https:\/\/schema.org","@graph":[{"@type":"Article","@id":"https:\/\/www.organisator.ch\/operational-excellence\/2023-09-26\/partnerschaft-zur-co%e2%82%82-reduzierung-an-der-schulthess-klinik\/#article","isPartOf":{"@id":"https:\/\/www.organisator.ch\/operational-excellence\/2023-09-26\/partnerschaft-zur-co%e2%82%82-reduzierung-an-der-schulthess-klinik\/"},"author":{"name":"galledia","@id":"https:\/\/www.organisator.ch\/#\/schema\/person\/4e51799071cd2dd1232ac003643ef5f0"},"headline":"Partnerschaft zur CO\u2082-Reduzierung an der Schulthess Klinik","datePublished":"2023-09-26T02:12:32+00:00","dateModified":"2024-11-14T08:13:51+00:00","mainEntityOfPage":{"@id":"https:\/\/www.organisator.ch\/operational-excellence\/2023-09-26\/partnerschaft-zur-co%e2%82%82-reduzierung-an-der-schulthess-klinik\/"},"wordCount":197,"publisher":{"@id":"https:\/\/www.organisator.ch\/#organization"},"image":{"@id":"https:\/\/www.organisator.ch\/operational-excellence\/2023-09-26\/partnerschaft-zur-co%e2%82%82-reduzierung-an-der-schulthess-klinik\/#primaryimage"},"thumbnailUrl":"https:\/\/www.m-q.ch\/wp-content\/uploads\/2023\/09\/Partnerschaft-zur-CO%E2%82%82-Reduzierung-an-der-Schulthess-Klinik_MQ.jpg","keywords":["CO2-Reduzierung"],"articleSection":["OPERATIONAL EXCELLENCE"],"inLanguage":"fr-FR"},{"@type":"WebPage","@id":"https:\/\/www.organisator.ch\/operational-excellence\/2023-09-26\/partnerschaft-zur-co%e2%82%82-reduzierung-an-der-schulthess-klinik\/","url":"https:\/\/www.organisator.ch\/operational-excellence\/2023-09-26\/partnerschaft-zur-co%e2%82%82-reduzierung-an-der-schulthess-klinik\/","name":"Partenariat pour la r\u00e9duction du CO\u2082 \u00e0 la clinique Schulthess - Organisateur","isPartOf":{"@id":"https:\/\/www.organisator.ch\/#website"},"primaryImageOfPage":{"@id":"https:\/\/www.organisator.ch\/operational-excellence\/2023-09-26\/partnerschaft-zur-co%e2%82%82-reduzierung-an-der-schulthess-klinik\/#primaryimage"},"image":{"@id":"https:\/\/www.organisator.ch\/operational-excellence\/2023-09-26\/partnerschaft-zur-co%e2%82%82-reduzierung-an-der-schulthess-klinik\/#primaryimage"},"thumbnailUrl":"https:\/\/www.m-q.ch\/wp-content\/uploads\/2023\/09\/Partnerschaft-zur-CO%E2%82%82-Reduzierung-an-der-Schulthess-Klinik_MQ.jpg","datePublished":"2023-09-26T02:12:32+00:00","dateModified":"2024-11-14T08:13:51+00:00","description":"Clinique Schulthess : \u00e9conomie circulaire durable avec Mr. Green. La r\u00e9duction du CO\u2082 et le recyclage en point de mire.","breadcrumb":{"@id":"https:\/\/www.organisator.ch\/operational-excellence\/2023-09-26\/partnerschaft-zur-co%e2%82%82-reduzierung-an-der-schulthess-klinik\/#breadcrumb"},"inLanguage":"fr-FR","potentialAction":[{"@type":"ReadAction","target":["https:\/\/www.organisator.ch\/operational-excellence\/2023-09-26\/partnerschaft-zur-co%e2%82%82-reduzierung-an-der-schulthess-klinik\/"]}]},{"@type":"ImageObject","inLanguage":"fr-FR","@id":"https:\/\/www.organisator.ch\/operational-excellence\/2023-09-26\/partnerschaft-zur-co%e2%82%82-reduzierung-an-der-schulthess-klinik\/#primaryimage","url":"https:\/\/www.m-q.ch\/wp-content\/uploads\/2023\/09\/Partnerschaft-zur-CO%E2%82%82-Reduzierung-an-der-Schulthess-Klinik_MQ.jpg","contentUrl":"https:\/\/www.m-q.ch\/wp-content\/uploads\/2023\/09\/Partnerschaft-zur-CO%E2%82%82-Reduzierung-an-der-Schulthess-Klinik_MQ.jpg"},{"@type":"BreadcrumbList","@id":"https:\/\/www.organisator.ch\/operational-excellence\/2023-09-26\/partnerschaft-zur-co%e2%82%82-reduzierung-an-der-schulthess-klinik\/#breadcrumb","itemListElement":[{"@type":"ListItem","position":1,"name":"Home","item":"https:\/\/www.organisator.ch\/"},{"@type":"ListItem","position":2,"name":"Partnerschaft zur CO\u2082-Reduzierung an der Schulthess Klinik"}]},{"@type":"WebSite","@id":"https:\/\/www.organisator.ch\/#website","url":"https:\/\/www.organisator.ch\/","name":"Organisateur","description":"Comp\u00e9tence et comp\u00e9tence. Proches de la pratique. L'ORGANISATEUR pr\u00e9pare 10 num\u00e9ros par an sur les th\u00e8mes essentiels pour les dirigeants de PME.","publisher":{"@id":"https:\/\/www.organisator.ch\/#organization"},"potentialAction":[{"@type":"SearchAction","target":{"@type":"EntryPoint","urlTemplate":"https:\/\/www.organisator.ch\/?s={search_term_string}"},"query-input":{"@type":"PropertyValueSpecification","valueRequired":true,"valueName":"search_term_string"}}],"inLanguage":"fr-FR"},{"@type":"Organization","@id":"https:\/\/www.organisator.ch\/#organization","name":"Organisateur","url":"https:\/\/www.organisator.ch\/","logo":{"@type":"ImageObject","inLanguage":"fr-FR","@id":"https:\/\/www.organisator.ch\/#\/schema\/logo\/image\/","url":"https:\/\/www.organisator.ch\/wp-content\/uploads\/2022\/01\/Logo_Organisator_Website.png","contentUrl":"https:\/\/www.organisator.ch\/wp-content\/uploads\/2022\/01\/Logo_Organisator_Website.png","width":800,"height":77,"caption":"Organisator"},"image":{"@id":"https:\/\/www.organisator.ch\/#\/schema\/logo\/image\/"},"sameAs":["https:\/\/www.facebook.com\/OrganisatorFachmagazin","https:\/\/www.linkedin.com\/showcase\/organisator-das-magazin-fr-kmu","https:\/\/www.xing.com\/news\/pages\/organisator-ch-695","https:\/\/www.youtube.com\/channel\/UCGP2Sq0iWaZwT3BdIAQFYpw"]},{"@type":"Person","@id":"https:\/\/www.organisator.ch\/#\/schema\/person\/4e51799071cd2dd1232ac003643ef5f0","name":"galledia","image":{"@type":"ImageObject","inLanguage":"fr-FR","@id":"https:\/\/secure.gravatar.com\/avatar\/78a7f90c01fc2bfc875782a0d4922b37cde2cf184ce347b91316d23cd7f69a36?s=96&d=mm&r=g","url":"https:\/\/secure.gravatar.com\/avatar\/78a7f90c01fc2bfc875782a0d4922b37cde2cf184ce347b91316d23cd7f69a36?s=96&d=mm&r=g","contentUrl":"https:\/\/secure.gravatar.com\/avatar\/78a7f90c01fc2bfc875782a0d4922b37cde2cf184ce347b91316d23cd7f69a36?s=96&d=mm&r=g","caption":"galledia"},"sameAs":["https:\/\/x.com\/admin"],"url":"https:\/\/www.organisator.ch\/fr\/author\/galledia\/"}]}},"_links":{"self":[{"href":"https:\/\/www.organisator.ch\/fr\/wp-json\/wp\/v2\/posts\/21926","targetHints":{"allow":["GET"]}}],"collection":[{"href":"https:\/\/www.organisator.ch\/fr\/wp-json\/wp\/v2\/posts"}],"about":[{"href":"https:\/\/www.organisator.ch\/fr\/wp-json\/wp\/v2\/types\/post"}],"author":[{"embeddable":true,"href":"https:\/\/www.organisator.ch\/fr\/wp-json\/wp\/v2\/users\/8"}],"replies":[{"embeddable":true,"href":"https:\/\/www.organisator.ch\/fr\/wp-json\/wp\/v2\/comments?post=21926"}],"version-history":[{"count":4,"href":"https:\/\/www.organisator.ch\/fr\/wp-json\/wp\/v2\/posts\/21926\/revisions"}],"predecessor-version":[{"id":32856,"href":"https:\/\/www.organisator.ch\/fr\/wp-json\/wp\/v2\/posts\/21926\/revisions\/32856"}],"wp:attachment":[{"href":"https:\/\/www.organisator.ch\/fr\/wp-json\/wp\/v2\/media?parent=21926"}],"wp:term":[{"taxonomy":"category","embeddable":true,"href":"https:\/\/www.organisator.ch\/fr\/wp-json\/wp\/v2\/categories?post=21926"},{"taxonomy":"post_tag","embeddable":true,"href":"https:\/\/www.organisator.ch\/fr\/wp-json\/wp\/v2\/tags?post=21926"}],"curies":[{"name":"wp","href":"https:\/\/api.w.org\/{rel}","templated":true}]}}