{"id":21955,"date":"2023-09-27T09:03:48","date_gmt":"2023-09-27T07:03:48","guid":{"rendered":"https:\/\/www.organisator.ch\/?p=21955"},"modified":"2023-09-27T09:03:48","modified_gmt":"2023-09-27T07:03:48","slug":"gelungene-ict-fachmesse-connect-2023-in-zuerich","status":"publish","type":"post","link":"https:\/\/www.organisator.ch\/fr\/marketing\/2023-09-27\/gelungene-ict-fachmesse-connect-2023-in-zuerich\/","title":{"rendered":"Salon professionnel ICT CONNECT 2023 r\u00e9ussi \u00e0 Zurich"},"content":{"rendered":"<figure id=\"attachment_21957\" aria-describedby=\"caption-attachment-21957\" style=\"width: 680px\" class=\"wp-caption alignnone\"><img loading=\"lazy\" decoding=\"async\" class=\"size-full wp-image-21957\" src=\"https:\/\/www.organisator.ch\/wp-content\/uploads\/2023\/09\/CONNECT_Bild1_ps.jpg\" alt=\"\" width=\"680\" height=\"453\" srcset=\"https:\/\/www.organisator.ch\/wp-content\/uploads\/2023\/09\/CONNECT_Bild1_ps.jpg 680w, https:\/\/www.organisator.ch\/wp-content\/uploads\/2023\/09\/CONNECT_Bild1_ps-18x12.jpg 18w, https:\/\/www.organisator.ch\/wp-content\/uploads\/2023\/09\/CONNECT_Bild1_ps-375x250.jpg 375w, https:\/\/www.organisator.ch\/wp-content\/uploads\/2023\/09\/CONNECT_Bild1_ps-525x350.jpg 525w\" sizes=\"auto, (max-width: 680px) 100vw, 680px\" \/><figcaption id=\"caption-attachment-21957\" class=\"wp-caption-text\">Vue depuis la galerie du hall 550 : les visiteurs* y voient une vue d'ensemble d'une partie de CONNECT 2023. (Image : www.competec.ch)<\/figcaption><\/figure>\n<p>Le groupe Competec a r\u00e9uni pr\u00e8s de 1500 participants en deux jours dans la halle 550. Contrairement aux ann\u00e9es pr\u00e9c\u00e9dentes, il n'y avait cette ann\u00e9e qu'une seule journ\u00e9e publique au lieu de deux. La premi\u00e8re journ\u00e9e \u00e9tait cette fois r\u00e9serv\u00e9e \u00e0 des partenaires et clients importants s\u00e9lectionn\u00e9s ainsi qu'aux collaborateurs de Competec. \"L'\u00e9v\u00e9nement a \u00e9t\u00e9 un succ\u00e8s total\", commente Andrej Golob, CEO d'Alltron et membre de la direction de l'entreprise Competec.<\/p>\n<p>De nombreux visiteurs et journalistes pr\u00e9sents ont \u00e9t\u00e9 impressionn\u00e9s par l'ampleur de la manifestation. Le nouveau lieu de la manifestation aura \u00e9galement contribu\u00e9 \u00e0 cette impression : La halle 550 aux dimensions g\u00e9n\u00e9reuses a \u00e9t\u00e9 bien accueillie par les visiteurs*, comme le rapporte Competec. Du c\u00f4t\u00e9 des exposants, des conf\u00e9renciers* de session et des invit\u00e9s vedettes, les r\u00e9actions ont \u00e9t\u00e9 nombreuses et positives. La CONNECT 2024, pr\u00e9vue fin ao\u00fbt de l'ann\u00e9e prochaine, se tiendra \u00e0 nouveau dans le hall 550.<\/p>\n<figure id=\"attachment_21958\" aria-describedby=\"caption-attachment-21958\" style=\"width: 680px\" class=\"wp-caption alignnone\"><img loading=\"lazy\" decoding=\"async\" class=\"size-full wp-image-21958\" src=\"https:\/\/www.organisator.ch\/wp-content\/uploads\/2023\/09\/CONNECT_Bild2_ps.jpg\" alt=\"\" width=\"680\" height=\"453\" srcset=\"https:\/\/www.organisator.ch\/wp-content\/uploads\/2023\/09\/CONNECT_Bild2_ps.jpg 680w, https:\/\/www.organisator.ch\/wp-content\/uploads\/2023\/09\/CONNECT_Bild2_ps-18x12.jpg 18w, https:\/\/www.organisator.ch\/wp-content\/uploads\/2023\/09\/CONNECT_Bild2_ps-375x250.jpg 375w, https:\/\/www.organisator.ch\/wp-content\/uploads\/2023\/09\/CONNECT_Bild2_ps-525x350.jpg 525w\" sizes=\"auto, (max-width: 680px) 100vw, 680px\" \/><figcaption id=\"caption-attachment-21958\" class=\"wp-caption-text\">(Image : www.competec.ch)<\/figcaption><\/figure>\n<h3><strong>Des sessions \"SCORE !\" bien fr\u00e9quent\u00e9es<\/strong><\/h3>\n<p>Au total, Competec a r\u00e9uni plus de quatre-vingt-dix entreprises technologiques exposantes dans la halle 550 d'Oerlikon \u00e0 l'occasion de CONNECT 2023. Le m\u00e9lange d'exposants, compos\u00e9 de mani\u00e8re exhaustive et avec soin en fonction des besoins des clients, couvrait un large \u00e9ventail de solutions et de produits. Les stands d'exposition \"CONNECT\", fabriqu\u00e9s \u00e0 partir d'\u00e9l\u00e9ments en bois de Willisau certifi\u00e9s PEFC et pouvant \u00eatre utilis\u00e9s plusieurs fois, ont \u00e9t\u00e9 cette ann\u00e9e encore un point fort.<\/p>\n<p>Les exposants eux-m\u00eames ont \u00e9galement assur\u00e9 le spectacle. Parall\u00e8lement \u00e0 l'exposition, une trentaine de sessions ont eu lieu dans quatre salles de conf\u00e9rences. Le salon professionnel des TIC a \u00e9t\u00e9 pr\u00e9sent\u00e9 par HP Inc., Microsoft, Samsung, Mitel Suisse, APC by Schneider Electric ainsi que Dell Technologies et Microsoft Surface, qui s'est mis \u00e0 disposition en tant que sponsor de restauration. La session la plus fr\u00e9quent\u00e9e a \u00e9t\u00e9 celle consacr\u00e9e \u00e0 la num\u00e9risation dans le commerce, con\u00e7ue et r\u00e9alis\u00e9e par l'\u00e9quipe de la conf\u00e9rence \"SCORE ! pour le commerce de d\u00e9tail et le commerce \u00e9lectronique.<\/p>\n<h3><strong>LE SALON CONNECT 2023 : Programme de la soir\u00e9e <\/strong><\/h3>\n<p>Le salon a pris fin \u00e0 16 heures. Le gagnant du Prix Walo Phil Dankner et le Lucky W\u00fcthrich Band ont ouvert la soir\u00e9e en musique. Sur sc\u00e8ne, Andrej Golob, CEO d'Alltron, et Marc Isler, CEO de Brack.ch, ont r\u00e9fl\u00e9chi au salon et ont discut\u00e9 des d\u00e9fis \u00e0 relever face \u00e0 l'int\u00e9gration croissante de l'intelligence artificielle dans les solutions pr\u00e9sent\u00e9es et, en m\u00eame temps, du r\u00f4le toujours aussi important de l'intelligence \u00e9motionnelle et de l'humanit\u00e9 dans le domaine du commerce sp\u00e9cialis\u00e9 TIC. Pour conclure, les deux directeurs \u00e9taient d'accord sur le fait que les aspects humains devaient maintenant \u00eatre mis en avant et ont ouvert le buffet pour le r\u00e9seautage autour d'un d\u00e9licieux d\u00eener.<\/p>\n<p><em>Source : <a href=\"https:\/\/www.competec.ch\/2023\/09\/25\/connect-2023-ict-fachmesse-erfolgreich\/\">www.competec.ch<\/a><\/em><\/p>","protected":false},"excerpt":{"rendered":"<p>Le salon CONNECT, organis\u00e9 par le grossiste Alltron et Brack.ch Business, a attir\u00e9 pr\u00e8s de 1500 participants sur le nouveau site d'exposition, la halle 550 \u00e0 Zurich-Oerlikon.<\/p>","protected":false},"author":58,"featured_media":21958,"comment_status":"closed","ping_status":"closed","sticky":false,"template":"","format":"standard","meta":{"_acf_changed":false,"_yoast_wpseo_focuskw":"CONNECT 2023","_yoast_wpseo_metadesc":"Die ICT-Fachmesse CONNECT 2023 lockte an die 1500 Teilnehmende an den neuen Messestandort in die Halle 550 in Z\u00fcrich-Oerlikon.","articlekey":"","footnotes":""},"categories":[29],"tags":[156,193,286,339,502],"class_list":["post-21955","post","type-post","status-publish","format-standard","has-post-thumbnail","hentry","category-marketing","tag-digitalisierung","tag-fachkongressfachmesse","tag-it","tag-marketing","tag-veranstaltungen"],"acf":[],"yoast_head":"<!-- This site is optimized with the Yoast SEO plugin v27.5 - https:\/\/yoast.com\/product\/yoast-seo-wordpress\/ -->\n<title>Gelungene ICT-Fachmesse CONNECT 2023 in Z\u00fcrich - Organisator<\/title>\n<meta name=\"description\" content=\"Die ICT-Fachmesse CONNECT 2023 lockte an die 1500 Teilnehmende an den neuen Messestandort in die Halle 550 in Z\u00fcrich-Oerlikon.\" \/>\n<meta name=\"robots\" content=\"index, follow, max-snippet:-1, max-image-preview:large, max-video-preview:-1\" \/>\n<link rel=\"canonical\" href=\"https:\/\/www.organisator.ch\/fr\/marketing\/2023-09-27\/gelungene-ict-fachmesse-connect-2023-in-zuerich\/\" \/>\n<meta property=\"og:locale\" content=\"fr_FR\" \/>\n<meta property=\"og:type\" content=\"article\" \/>\n<meta property=\"og:title\" content=\"Gelungene ICT-Fachmesse CONNECT 2023 in Z\u00fcrich\" \/>\n<meta property=\"og:description\" content=\"Die ICT-Fachmesse CONNECT 2023 lockte an die 1500 Teilnehmende an den neuen Messestandort in die Halle 550 in Z\u00fcrich-Oerlikon.\" \/>\n<meta property=\"og:url\" content=\"https:\/\/www.organisator.ch\/fr\/marketing\/2023-09-27\/gelungene-ict-fachmesse-connect-2023-in-zuerich\/\" \/>\n<meta property=\"og:site_name\" content=\"Organisator\" \/>\n<meta property=\"article:publisher\" content=\"https:\/\/www.facebook.com\/OrganisatorFachmagazin\" \/>\n<meta property=\"article:published_time\" content=\"2023-09-27T07:03:48+00:00\" \/>\n<meta property=\"og:image\" content=\"https:\/\/www.organisator.ch\/wp-content\/uploads\/2023\/09\/CONNECT_Bild1_ps.jpg\" \/>\n\t<meta property=\"og:image:width\" content=\"680\" \/>\n\t<meta property=\"og:image:height\" content=\"453\" \/>\n\t<meta property=\"og:image:type\" content=\"image\/jpeg\" \/>\n<meta name=\"author\" content=\"Adelisa Kalajdzini\" \/>\n<meta name=\"twitter:card\" content=\"summary_large_image\" \/>\n<meta name=\"twitter:title\" content=\"Gelungene #ICT-Fachmesse #CONNECT 2023 in Z\u00fcrich\" \/>\n<meta name=\"twitter:description\" content=\"Die #ICT-Fachmesse #CONNECT 2023 lockte an die 1500 Teilnehmende an den neuen Messestandort in die Halle 550 in Z\u00fcrich-Oerlikon.\" \/>\n<meta name=\"twitter:image\" content=\"https:\/\/www.organisator.ch\/wp-content\/uploads\/2023\/09\/CONNECT_Bild1_ps.jpg\" \/>\n<script type=\"application\/ld+json\" class=\"yoast-schema-graph\">{\"@context\":\"https:\\\/\\\/schema.org\",\"@graph\":[{\"@type\":\"Article\",\"@id\":\"https:\\\/\\\/www.organisator.ch\\\/marketing\\\/2023-09-27\\\/gelungene-ict-fachmesse-connect-2023-in-zuerich\\\/#article\",\"isPartOf\":{\"@id\":\"https:\\\/\\\/www.organisator.ch\\\/marketing\\\/2023-09-27\\\/gelungene-ict-fachmesse-connect-2023-in-zuerich\\\/\"},\"author\":{\"name\":\"Adelisa Kalajdzini\",\"@id\":\"https:\\\/\\\/www.organisator.ch\\\/#\\\/schema\\\/person\\\/2e1314a2172123f874db408d8911d3f3\"},\"headline\":\"Gelungene ICT-Fachmesse CONNECT 2023 in Z\u00fcrich\",\"datePublished\":\"2023-09-27T07:03:48+00:00\",\"mainEntityOfPage\":{\"@id\":\"https:\\\/\\\/www.organisator.ch\\\/marketing\\\/2023-09-27\\\/gelungene-ict-fachmesse-connect-2023-in-zuerich\\\/\"},\"wordCount\":415,\"publisher\":{\"@id\":\"https:\\\/\\\/www.organisator.ch\\\/#organization\"},\"image\":{\"@id\":\"https:\\\/\\\/www.organisator.ch\\\/marketing\\\/2023-09-27\\\/gelungene-ict-fachmesse-connect-2023-in-zuerich\\\/#primaryimage\"},\"thumbnailUrl\":\"https:\\\/\\\/www.organisator.ch\\\/wp-content\\\/uploads\\\/2023\\\/09\\\/CONNECT_Bild2_ps.jpg\",\"keywords\":[\"Digitalisierung\",\"Fachkongress\\\/Fachmesse\",\"IT\",\"Marketing\",\"Veranstaltungen\"],\"articleSection\":[\"MARKETING\"],\"inLanguage\":\"fr-FR\"},{\"@type\":\"WebPage\",\"@id\":\"https:\\\/\\\/www.organisator.ch\\\/marketing\\\/2023-09-27\\\/gelungene-ict-fachmesse-connect-2023-in-zuerich\\\/\",\"url\":\"https:\\\/\\\/www.organisator.ch\\\/marketing\\\/2023-09-27\\\/gelungene-ict-fachmesse-connect-2023-in-zuerich\\\/\",\"name\":\"Gelungene ICT-Fachmesse CONNECT 2023 in Z\u00fcrich - Organisator\",\"isPartOf\":{\"@id\":\"https:\\\/\\\/www.organisator.ch\\\/#website\"},\"primaryImageOfPage\":{\"@id\":\"https:\\\/\\\/www.organisator.ch\\\/marketing\\\/2023-09-27\\\/gelungene-ict-fachmesse-connect-2023-in-zuerich\\\/#primaryimage\"},\"image\":{\"@id\":\"https:\\\/\\\/www.organisator.ch\\\/marketing\\\/2023-09-27\\\/gelungene-ict-fachmesse-connect-2023-in-zuerich\\\/#primaryimage\"},\"thumbnailUrl\":\"https:\\\/\\\/www.organisator.ch\\\/wp-content\\\/uploads\\\/2023\\\/09\\\/CONNECT_Bild2_ps.jpg\",\"datePublished\":\"2023-09-27T07:03:48+00:00\",\"description\":\"Die ICT-Fachmesse CONNECT 2023 lockte an die 1500 Teilnehmende an den neuen Messestandort in die Halle 550 in Z\u00fcrich-Oerlikon.\",\"breadcrumb\":{\"@id\":\"https:\\\/\\\/www.organisator.ch\\\/marketing\\\/2023-09-27\\\/gelungene-ict-fachmesse-connect-2023-in-zuerich\\\/#breadcrumb\"},\"inLanguage\":\"fr-FR\",\"potentialAction\":[{\"@type\":\"ReadAction\",\"target\":[\"https:\\\/\\\/www.organisator.ch\\\/marketing\\\/2023-09-27\\\/gelungene-ict-fachmesse-connect-2023-in-zuerich\\\/\"]}]},{\"@type\":\"ImageObject\",\"inLanguage\":\"fr-FR\",\"@id\":\"https:\\\/\\\/www.organisator.ch\\\/marketing\\\/2023-09-27\\\/gelungene-ict-fachmesse-connect-2023-in-zuerich\\\/#primaryimage\",\"url\":\"https:\\\/\\\/www.organisator.ch\\\/wp-content\\\/uploads\\\/2023\\\/09\\\/CONNECT_Bild2_ps.jpg\",\"contentUrl\":\"https:\\\/\\\/www.organisator.ch\\\/wp-content\\\/uploads\\\/2023\\\/09\\\/CONNECT_Bild2_ps.jpg\",\"width\":680,\"height\":453,\"caption\":\"(Bild: www.competec.ch)\"},{\"@type\":\"BreadcrumbList\",\"@id\":\"https:\\\/\\\/www.organisator.ch\\\/marketing\\\/2023-09-27\\\/gelungene-ict-fachmesse-connect-2023-in-zuerich\\\/#breadcrumb\",\"itemListElement\":[{\"@type\":\"ListItem\",\"position\":1,\"name\":\"Home\",\"item\":\"https:\\\/\\\/www.organisator.ch\\\/\"},{\"@type\":\"ListItem\",\"position\":2,\"name\":\"Gelungene ICT-Fachmesse CONNECT 2023 in Z\u00fcrich\"}]},{\"@type\":\"WebSite\",\"@id\":\"https:\\\/\\\/www.organisator.ch\\\/#website\",\"url\":\"https:\\\/\\\/www.organisator.ch\\\/\",\"name\":\"Organisator\",\"description\":\"Kompetent. Praxisnah. Der ORGANISATOR bereitet in 10 Ausgaben pro Jahr die wesentlichen Themen f\u00fcr F\u00fchrungskr\u00e4fte von KMU auf.\",\"publisher\":{\"@id\":\"https:\\\/\\\/www.organisator.ch\\\/#organization\"},\"potentialAction\":[{\"@type\":\"SearchAction\",\"target\":{\"@type\":\"EntryPoint\",\"urlTemplate\":\"https:\\\/\\\/www.organisator.ch\\\/?s={search_term_string}\"},\"query-input\":{\"@type\":\"PropertyValueSpecification\",\"valueRequired\":true,\"valueName\":\"search_term_string\"}}],\"inLanguage\":\"fr-FR\"},{\"@type\":\"Organization\",\"@id\":\"https:\\\/\\\/www.organisator.ch\\\/#organization\",\"name\":\"Organisator\",\"url\":\"https:\\\/\\\/www.organisator.ch\\\/\",\"logo\":{\"@type\":\"ImageObject\",\"inLanguage\":\"fr-FR\",\"@id\":\"https:\\\/\\\/www.organisator.ch\\\/#\\\/schema\\\/logo\\\/image\\\/\",\"url\":\"https:\\\/\\\/www.organisator.ch\\\/wp-content\\\/uploads\\\/2022\\\/01\\\/Logo_Organisator_Website.png\",\"contentUrl\":\"https:\\\/\\\/www.organisator.ch\\\/wp-content\\\/uploads\\\/2022\\\/01\\\/Logo_Organisator_Website.png\",\"width\":800,\"height\":77,\"caption\":\"Organisator\"},\"image\":{\"@id\":\"https:\\\/\\\/www.organisator.ch\\\/#\\\/schema\\\/logo\\\/image\\\/\"},\"sameAs\":[\"https:\\\/\\\/www.facebook.com\\\/OrganisatorFachmagazin\",\"https:\\\/\\\/www.linkedin.com\\\/showcase\\\/organisator-das-magazin-fr-kmu\",\"https:\\\/\\\/www.xing.com\\\/news\\\/pages\\\/organisator-ch-695\",\"https:\\\/\\\/www.youtube.com\\\/channel\\\/UCGP2Sq0iWaZwT3BdIAQFYpw\"]},{\"@type\":\"Person\",\"@id\":\"https:\\\/\\\/www.organisator.ch\\\/#\\\/schema\\\/person\\\/2e1314a2172123f874db408d8911d3f3\",\"name\":\"Adelisa Kalajdzini\",\"image\":{\"@type\":\"ImageObject\",\"inLanguage\":\"fr-FR\",\"@id\":\"https:\\\/\\\/secure.gravatar.com\\\/avatar\\\/09a397c22ac58cad6f160ee8306348599df9df58a8ede73696226897b9fa4b24?s=96&d=mm&r=g\",\"url\":\"https:\\\/\\\/secure.gravatar.com\\\/avatar\\\/09a397c22ac58cad6f160ee8306348599df9df58a8ede73696226897b9fa4b24?s=96&d=mm&r=g\",\"contentUrl\":\"https:\\\/\\\/secure.gravatar.com\\\/avatar\\\/09a397c22ac58cad6f160ee8306348599df9df58a8ede73696226897b9fa4b24?s=96&d=mm&r=g\",\"caption\":\"Adelisa Kalajdzini\"},\"url\":\"https:\\\/\\\/www.organisator.ch\\\/fr\\\/author\\\/adelisa-kalajdzini\\\/\"}]}<\/script>\n<!-- \/ Yoast SEO plugin. -->","yoast_head_json":{"title":"Salon professionnel ICT CONNECT 2023 r\u00e9ussi \u00e0 Zurich - Organisateur","description":"Le salon professionnel des TIC CONNECT 2023 a attir\u00e9 pr\u00e8s de 1500 participants sur le nouveau site d'exposition de la halle 550 \u00e0 Zurich-Oerlikon.","robots":{"index":"index","follow":"follow","max-snippet":"max-snippet:-1","max-image-preview":"max-image-preview:large","max-video-preview":"max-video-preview:-1"},"canonical":"https:\/\/www.organisator.ch\/fr\/marketing\/2023-09-27\/gelungene-ict-fachmesse-connect-2023-in-zuerich\/","og_locale":"fr_FR","og_type":"article","og_title":"Gelungene ICT-Fachmesse CONNECT 2023 in Z\u00fcrich","og_description":"Die ICT-Fachmesse CONNECT 2023 lockte an die 1500 Teilnehmende an den neuen Messestandort in die Halle 550 in Z\u00fcrich-Oerlikon.","og_url":"https:\/\/www.organisator.ch\/fr\/marketing\/2023-09-27\/gelungene-ict-fachmesse-connect-2023-in-zuerich\/","og_site_name":"Organisator","article_publisher":"https:\/\/www.facebook.com\/OrganisatorFachmagazin","article_published_time":"2023-09-27T07:03:48+00:00","og_image":[{"width":680,"height":453,"url":"https:\/\/www.organisator.ch\/wp-content\/uploads\/2023\/09\/CONNECT_Bild1_ps.jpg","type":"image\/jpeg"}],"author":"Adelisa Kalajdzini","twitter_card":"summary_large_image","twitter_title":"Gelungene #ICT-Fachmesse #CONNECT 2023 in Z\u00fcrich","twitter_description":"Die #ICT-Fachmesse #CONNECT 2023 lockte an die 1500 Teilnehmende an den neuen Messestandort in die Halle 550 in Z\u00fcrich-Oerlikon.","twitter_image":"https:\/\/www.organisator.ch\/wp-content\/uploads\/2023\/09\/CONNECT_Bild1_ps.jpg","schema":{"@context":"https:\/\/schema.org","@graph":[{"@type":"Article","@id":"https:\/\/www.organisator.ch\/marketing\/2023-09-27\/gelungene-ict-fachmesse-connect-2023-in-zuerich\/#article","isPartOf":{"@id":"https:\/\/www.organisator.ch\/marketing\/2023-09-27\/gelungene-ict-fachmesse-connect-2023-in-zuerich\/"},"author":{"name":"Adelisa Kalajdzini","@id":"https:\/\/www.organisator.ch\/#\/schema\/person\/2e1314a2172123f874db408d8911d3f3"},"headline":"Gelungene ICT-Fachmesse CONNECT 2023 in Z\u00fcrich","datePublished":"2023-09-27T07:03:48+00:00","mainEntityOfPage":{"@id":"https:\/\/www.organisator.ch\/marketing\/2023-09-27\/gelungene-ict-fachmesse-connect-2023-in-zuerich\/"},"wordCount":415,"publisher":{"@id":"https:\/\/www.organisator.ch\/#organization"},"image":{"@id":"https:\/\/www.organisator.ch\/marketing\/2023-09-27\/gelungene-ict-fachmesse-connect-2023-in-zuerich\/#primaryimage"},"thumbnailUrl":"https:\/\/www.organisator.ch\/wp-content\/uploads\/2023\/09\/CONNECT_Bild2_ps.jpg","keywords":["Digitalisierung","Fachkongress\/Fachmesse","IT","Marketing","Veranstaltungen"],"articleSection":["MARKETING"],"inLanguage":"fr-FR"},{"@type":"WebPage","@id":"https:\/\/www.organisator.ch\/marketing\/2023-09-27\/gelungene-ict-fachmesse-connect-2023-in-zuerich\/","url":"https:\/\/www.organisator.ch\/marketing\/2023-09-27\/gelungene-ict-fachmesse-connect-2023-in-zuerich\/","name":"Salon professionnel ICT CONNECT 2023 r\u00e9ussi \u00e0 Zurich - Organisateur","isPartOf":{"@id":"https:\/\/www.organisator.ch\/#website"},"primaryImageOfPage":{"@id":"https:\/\/www.organisator.ch\/marketing\/2023-09-27\/gelungene-ict-fachmesse-connect-2023-in-zuerich\/#primaryimage"},"image":{"@id":"https:\/\/www.organisator.ch\/marketing\/2023-09-27\/gelungene-ict-fachmesse-connect-2023-in-zuerich\/#primaryimage"},"thumbnailUrl":"https:\/\/www.organisator.ch\/wp-content\/uploads\/2023\/09\/CONNECT_Bild2_ps.jpg","datePublished":"2023-09-27T07:03:48+00:00","description":"Le salon professionnel des TIC CONNECT 2023 a attir\u00e9 pr\u00e8s de 1500 participants sur le nouveau site d'exposition de la halle 550 \u00e0 Zurich-Oerlikon.","breadcrumb":{"@id":"https:\/\/www.organisator.ch\/marketing\/2023-09-27\/gelungene-ict-fachmesse-connect-2023-in-zuerich\/#breadcrumb"},"inLanguage":"fr-FR","potentialAction":[{"@type":"ReadAction","target":["https:\/\/www.organisator.ch\/marketing\/2023-09-27\/gelungene-ict-fachmesse-connect-2023-in-zuerich\/"]}]},{"@type":"ImageObject","inLanguage":"fr-FR","@id":"https:\/\/www.organisator.ch\/marketing\/2023-09-27\/gelungene-ict-fachmesse-connect-2023-in-zuerich\/#primaryimage","url":"https:\/\/www.organisator.ch\/wp-content\/uploads\/2023\/09\/CONNECT_Bild2_ps.jpg","contentUrl":"https:\/\/www.organisator.ch\/wp-content\/uploads\/2023\/09\/CONNECT_Bild2_ps.jpg","width":680,"height":453,"caption":"(Bild: www.competec.ch)"},{"@type":"BreadcrumbList","@id":"https:\/\/www.organisator.ch\/marketing\/2023-09-27\/gelungene-ict-fachmesse-connect-2023-in-zuerich\/#breadcrumb","itemListElement":[{"@type":"ListItem","position":1,"name":"Home","item":"https:\/\/www.organisator.ch\/"},{"@type":"ListItem","position":2,"name":"Gelungene ICT-Fachmesse CONNECT 2023 in Z\u00fcrich"}]},{"@type":"WebSite","@id":"https:\/\/www.organisator.ch\/#website","url":"https:\/\/www.organisator.ch\/","name":"Organisateur","description":"Comp\u00e9tence et comp\u00e9tence. Proches de la pratique. L'ORGANISATEUR pr\u00e9pare 10 num\u00e9ros par an sur les th\u00e8mes essentiels pour les dirigeants de PME.","publisher":{"@id":"https:\/\/www.organisator.ch\/#organization"},"potentialAction":[{"@type":"SearchAction","target":{"@type":"EntryPoint","urlTemplate":"https:\/\/www.organisator.ch\/?s={search_term_string}"},"query-input":{"@type":"PropertyValueSpecification","valueRequired":true,"valueName":"search_term_string"}}],"inLanguage":"fr-FR"},{"@type":"Organization","@id":"https:\/\/www.organisator.ch\/#organization","name":"Organisateur","url":"https:\/\/www.organisator.ch\/","logo":{"@type":"ImageObject","inLanguage":"fr-FR","@id":"https:\/\/www.organisator.ch\/#\/schema\/logo\/image\/","url":"https:\/\/www.organisator.ch\/wp-content\/uploads\/2022\/01\/Logo_Organisator_Website.png","contentUrl":"https:\/\/www.organisator.ch\/wp-content\/uploads\/2022\/01\/Logo_Organisator_Website.png","width":800,"height":77,"caption":"Organisator"},"image":{"@id":"https:\/\/www.organisator.ch\/#\/schema\/logo\/image\/"},"sameAs":["https:\/\/www.facebook.com\/OrganisatorFachmagazin","https:\/\/www.linkedin.com\/showcase\/organisator-das-magazin-fr-kmu","https:\/\/www.xing.com\/news\/pages\/organisator-ch-695","https:\/\/www.youtube.com\/channel\/UCGP2Sq0iWaZwT3BdIAQFYpw"]},{"@type":"Person","@id":"https:\/\/www.organisator.ch\/#\/schema\/person\/2e1314a2172123f874db408d8911d3f3","name":"Adelisa Kalajdzini","image":{"@type":"ImageObject","inLanguage":"fr-FR","@id":"https:\/\/secure.gravatar.com\/avatar\/09a397c22ac58cad6f160ee8306348599df9df58a8ede73696226897b9fa4b24?s=96&d=mm&r=g","url":"https:\/\/secure.gravatar.com\/avatar\/09a397c22ac58cad6f160ee8306348599df9df58a8ede73696226897b9fa4b24?s=96&d=mm&r=g","contentUrl":"https:\/\/secure.gravatar.com\/avatar\/09a397c22ac58cad6f160ee8306348599df9df58a8ede73696226897b9fa4b24?s=96&d=mm&r=g","caption":"Adelisa Kalajdzini"},"url":"https:\/\/www.organisator.ch\/fr\/author\/adelisa-kalajdzini\/"}]}},"_links":{"self":[{"href":"https:\/\/www.organisator.ch\/fr\/wp-json\/wp\/v2\/posts\/21955","targetHints":{"allow":["GET"]}}],"collection":[{"href":"https:\/\/www.organisator.ch\/fr\/wp-json\/wp\/v2\/posts"}],"about":[{"href":"https:\/\/www.organisator.ch\/fr\/wp-json\/wp\/v2\/types\/post"}],"author":[{"embeddable":true,"href":"https:\/\/www.organisator.ch\/fr\/wp-json\/wp\/v2\/users\/58"}],"replies":[{"embeddable":true,"href":"https:\/\/www.organisator.ch\/fr\/wp-json\/wp\/v2\/comments?post=21955"}],"version-history":[{"count":4,"href":"https:\/\/www.organisator.ch\/fr\/wp-json\/wp\/v2\/posts\/21955\/revisions"}],"predecessor-version":[{"id":21966,"href":"https:\/\/www.organisator.ch\/fr\/wp-json\/wp\/v2\/posts\/21955\/revisions\/21966"}],"wp:featuredmedia":[{"embeddable":true,"href":"https:\/\/www.organisator.ch\/fr\/wp-json\/wp\/v2\/media\/21958"}],"wp:attachment":[{"href":"https:\/\/www.organisator.ch\/fr\/wp-json\/wp\/v2\/media?parent=21955"}],"wp:term":[{"taxonomy":"category","embeddable":true,"href":"https:\/\/www.organisator.ch\/fr\/wp-json\/wp\/v2\/categories?post=21955"},{"taxonomy":"post_tag","embeddable":true,"href":"https:\/\/www.organisator.ch\/fr\/wp-json\/wp\/v2\/tags?post=21955"}],"curies":[{"name":"wp","href":"https:\/\/api.w.org\/{rel}","templated":true}]}}