{"id":21967,"date":"2023-10-02T00:18:42","date_gmt":"2023-10-01T22:18:42","guid":{"rendered":"https:\/\/www.organisator.ch\/?p=21967"},"modified":"2023-09-29T10:23:16","modified_gmt":"2023-09-29T08:23:16","slug":"genuss-momente-in-der-arbeit","status":"publish","type":"post","link":"https:\/\/www.organisator.ch\/fr\/allgemein\/2023-10-02\/genuss-momente-in-der-arbeit\/","title":{"rendered":"Moments de plaisir au travail"},"content":{"rendered":"<figure id=\"attachment_21968\" aria-describedby=\"caption-attachment-21968\" style=\"width: 680px\" class=\"wp-caption alignnone\"><img loading=\"lazy\" decoding=\"async\" class=\"size-full wp-image-21968\" src=\"https:\/\/www.organisator.ch\/wp-content\/uploads\/2023\/09\/Genuss-Momente-in-der-Arbeit-1_Organisator.jpg\" alt=\"\" width=\"680\" height=\"453\" srcset=\"https:\/\/www.organisator.ch\/wp-content\/uploads\/2023\/09\/Genuss-Momente-in-der-Arbeit-1_Organisator.jpg 680w, https:\/\/www.organisator.ch\/wp-content\/uploads\/2023\/09\/Genuss-Momente-in-der-Arbeit-1_Organisator-18x12.jpg 18w, https:\/\/www.organisator.ch\/wp-content\/uploads\/2023\/09\/Genuss-Momente-in-der-Arbeit-1_Organisator-375x250.jpg 375w, https:\/\/www.organisator.ch\/wp-content\/uploads\/2023\/09\/Genuss-Momente-in-der-Arbeit-1_Organisator-525x350.jpg 525w\" sizes=\"auto, (max-width: 680px) 100vw, 680px\" \/><figcaption id=\"caption-attachment-21968\" class=\"wp-caption-text\">Pour des moments de plaisir au travail : Dallmayr Kaffeegenuss. (Image : Dallmayr)<\/figcaption><\/figure>\n<p>Depuis 1968, Dallmayr apporte le plaisir du caf\u00e9 en Suisse. L'ancrage r\u00e9gional est un \u00e9l\u00e9ment important de la philosophie de l'entreprise. Entre-temps, l'entreprise emploie plus de 300 collaborateurs dans six filiales et couvre ainsi le r\u00e9seau de service dans toute la Suisse avec un suivi local.<\/p>\n<h3><strong>Enjoy local - Le meilleur de la Suisse au bout des doigts<\/strong><\/h3>\n<p>Dans le cadre d'une coop\u00e9ration avec regio garantie, le label de qualit\u00e9 de l'Association suisse des produits r\u00e9gionaux, Dallmayr a lanc\u00e9 les premiers distributeurs automatiques de snacks qui ne contiennent que des produits r\u00e9gionaux et sont g\u00e9r\u00e9s de mani\u00e8re responsable.<\/p>\n<figure id=\"attachment_21969\" aria-describedby=\"caption-attachment-21969\" style=\"width: 680px\" class=\"wp-caption alignnone\"><img loading=\"lazy\" decoding=\"async\" class=\"size-full wp-image-21969\" src=\"https:\/\/www.organisator.ch\/wp-content\/uploads\/2023\/09\/Genuss-Momente-in-der-Arbeit-2_Organisator.jpg\" alt=\"\" width=\"680\" height=\"453\" srcset=\"https:\/\/www.organisator.ch\/wp-content\/uploads\/2023\/09\/Genuss-Momente-in-der-Arbeit-2_Organisator.jpg 680w, https:\/\/www.organisator.ch\/wp-content\/uploads\/2023\/09\/Genuss-Momente-in-der-Arbeit-2_Organisator-18x12.jpg 18w, https:\/\/www.organisator.ch\/wp-content\/uploads\/2023\/09\/Genuss-Momente-in-der-Arbeit-2_Organisator-375x250.jpg 375w, https:\/\/www.organisator.ch\/wp-content\/uploads\/2023\/09\/Genuss-Momente-in-der-Arbeit-2_Organisator-525x350.jpg 525w\" sizes=\"auto, (max-width: 680px) 100vw, 680px\" \/><figcaption id=\"caption-attachment-21969\" class=\"wp-caption-text\">Distributeurs Enjoy local (image : Dallmayr)<\/figcaption><\/figure>\n<p>Avec \"Enjoy local\", vous apportez de la vari\u00e9t\u00e9 dans votre distributeur de snacks : des rafra\u00eechissements et des snacks passionnants, provenant de producteurs des r\u00e9gions suisses les plus diverses - fabriqu\u00e9s selon les directives de regio garantie.<\/p>\n<h3><strong>Ambiance Dallmayr<\/strong><\/h3>\n<p>Le home-office a chang\u00e9 le quotidien des bureaux. De nouveaux concepts d'espace sont demand\u00e9s, avec lesquels les entreprises peuvent marquer des points en tant qu'employeurs attractifs. Du Coffee Point compact au salon de caf\u00e9 enti\u00e8rement \u00e9quip\u00e9, Dallmayr trouve la solution adapt\u00e9e \u00e0 chaque entreprise et veille \u00e0 apporter un certain \"facteur de bien-\u00eatre\" sur le lieu de travail.<\/p>\n<figure id=\"attachment_21970\" aria-describedby=\"caption-attachment-21970\" style=\"width: 680px\" class=\"wp-caption alignnone\"><img loading=\"lazy\" decoding=\"async\" class=\"size-full wp-image-21970\" src=\"https:\/\/www.organisator.ch\/wp-content\/uploads\/2023\/09\/Genuss-Momente-in-der-Arbeit-3_Organisator.jpg\" alt=\"\" width=\"680\" height=\"453\" srcset=\"https:\/\/www.organisator.ch\/wp-content\/uploads\/2023\/09\/Genuss-Momente-in-der-Arbeit-3_Organisator.jpg 680w, https:\/\/www.organisator.ch\/wp-content\/uploads\/2023\/09\/Genuss-Momente-in-der-Arbeit-3_Organisator-18x12.jpg 18w, https:\/\/www.organisator.ch\/wp-content\/uploads\/2023\/09\/Genuss-Momente-in-der-Arbeit-3_Organisator-375x250.jpg 375w, https:\/\/www.organisator.ch\/wp-content\/uploads\/2023\/09\/Genuss-Momente-in-der-Arbeit-3_Organisator-525x350.jpg 525w\" sizes=\"auto, (max-width: 680px) 100vw, 680px\" \/><figcaption id=\"caption-attachment-21970\" class=\"wp-caption-text\">Lounge Dallmayr, Postfinance, Berne. (Image : Dallmayr)<\/figcaption><\/figure>\n<p>Qu'il s'agisse d'un groupe, d'un h\u00f4pital, d'un h\u00f4tel ou d'une PME, Dallmayr Vending &amp; Office se consid\u00e8re comme un partenaire pour toutes les tailles d'entreprises et propose \"le plaisir d'une seule main\". Et comment r\u00e9solvez-vous la question du caf\u00e9 ?<\/p>\n<p><em>Contactez-nous : <a href=\"http:\/\/www.dallmayr.ch\/automaten\">www.dallmayr.ch\/automaten<\/a><\/em><\/p>","protected":false},"excerpt":{"rendered":"<p>PUBLIREPORTAGE Accordez-vous, ainsi qu'\u00e0 votre \u00e9quipe, une pause avec du caf\u00e9 et du th\u00e9 Dallmayr. Des moments de d\u00e9tente dans une ambiance agr\u00e9able augmentent le bien-\u00eatre pour un parfait \"work-coffee-balance\".<\/p>","protected":false},"author":4,"featured_media":0,"comment_status":"closed","ping_status":"closed","sticky":false,"template":"","format":"standard","meta":{"_acf_changed":false,"_yoast_wpseo_focuskw":"Genuss-Momente","_yoast_wpseo_metadesc":"G\u00f6nnen Sie sich und Ihrem Team eine Pause mit Dallmayr Kaffee und Tee. Genuss-Momente der Entspannung steigern das Wohlbefinden.","articlekey":"","footnotes":""},"categories":[1],"tags":[51,208,3539,2696],"class_list":["post-21967","post","type-post","status-publish","format-standard","hentry","category-allgemein","tag-arbeitsplatzgestaltung","tag-fit-im-job","tag-mitarbeiterverpflegung","tag-publireportage"],"acf":[],"yoast_head":"<!-- This site is optimized with the Yoast SEO plugin v27.5 - https:\/\/yoast.com\/product\/yoast-seo-wordpress\/ -->\n<title>Genuss-Momente in der Arbeit - Organisator<\/title>\n<meta name=\"description\" content=\"G\u00f6nnen Sie sich und Ihrem Team eine Pause mit Dallmayr Kaffee und Tee. Genuss-Momente der Entspannung steigern das Wohlbefinden.\" \/>\n<meta name=\"robots\" content=\"index, follow, max-snippet:-1, max-image-preview:large, max-video-preview:-1\" \/>\n<link rel=\"canonical\" href=\"https:\/\/www.organisator.ch\/fr\/general\/2023-10-02\/genuss-momente-in-der-arbeit\/\" \/>\n<meta property=\"og:locale\" content=\"fr_FR\" \/>\n<meta property=\"og:type\" content=\"article\" \/>\n<meta property=\"og:title\" content=\"Genuss-Momente in der Arbeit - Organisator\" \/>\n<meta property=\"og:description\" content=\"G\u00f6nnen Sie sich und Ihrem Team eine Pause mit Dallmayr Kaffee und Tee. Genuss-Momente der Entspannung steigern das Wohlbefinden.\" \/>\n<meta property=\"og:url\" content=\"https:\/\/www.organisator.ch\/fr\/general\/2023-10-02\/genuss-momente-in-der-arbeit\/\" \/>\n<meta property=\"og:site_name\" content=\"Organisator\" \/>\n<meta property=\"article:publisher\" content=\"https:\/\/www.facebook.com\/OrganisatorFachmagazin\" \/>\n<meta property=\"article:published_time\" content=\"2023-10-01T22:18:42+00:00\" \/>\n<meta property=\"og:image\" content=\"https:\/\/www.organisator.ch\/wp-content\/uploads\/2023\/09\/Genuss-Momente-in-der-Arbeit-1_Organisator.jpg\" \/>\n<meta name=\"author\" content=\"thomas.berner\" \/>\n<meta name=\"twitter:card\" content=\"summary_large_image\" \/>\n<script type=\"application\/ld+json\" class=\"yoast-schema-graph\">{\"@context\":\"https:\\\/\\\/schema.org\",\"@graph\":[{\"@type\":\"Article\",\"@id\":\"https:\\\/\\\/www.organisator.ch\\\/allgemein\\\/2023-10-02\\\/genuss-momente-in-der-arbeit\\\/#article\",\"isPartOf\":{\"@id\":\"https:\\\/\\\/www.organisator.ch\\\/allgemein\\\/2023-10-02\\\/genuss-momente-in-der-arbeit\\\/\"},\"author\":{\"name\":\"thomas.berner\",\"@id\":\"https:\\\/\\\/www.organisator.ch\\\/#\\\/schema\\\/person\\\/6f650f90b2842cd4c0cc334b4e36f67e\"},\"headline\":\"Genuss-Momente in der Arbeit\",\"datePublished\":\"2023-10-01T22:18:42+00:00\",\"mainEntityOfPage\":{\"@id\":\"https:\\\/\\\/www.organisator.ch\\\/allgemein\\\/2023-10-02\\\/genuss-momente-in-der-arbeit\\\/\"},\"wordCount\":241,\"publisher\":{\"@id\":\"https:\\\/\\\/www.organisator.ch\\\/#organization\"},\"image\":{\"@id\":\"https:\\\/\\\/www.organisator.ch\\\/allgemein\\\/2023-10-02\\\/genuss-momente-in-der-arbeit\\\/#primaryimage\"},\"thumbnailUrl\":\"https:\\\/\\\/www.organisator.ch\\\/wp-content\\\/uploads\\\/2023\\\/09\\\/Genuss-Momente-in-der-Arbeit-1_Organisator.jpg\",\"keywords\":[\"Arbeitsplatzgestaltung\",\"Fit im Job\",\"Mitarbeiterverpflegung\",\"Publireportage\"],\"articleSection\":[\"Allgemein\"],\"inLanguage\":\"fr-FR\"},{\"@type\":\"WebPage\",\"@id\":\"https:\\\/\\\/www.organisator.ch\\\/allgemein\\\/2023-10-02\\\/genuss-momente-in-der-arbeit\\\/\",\"url\":\"https:\\\/\\\/www.organisator.ch\\\/allgemein\\\/2023-10-02\\\/genuss-momente-in-der-arbeit\\\/\",\"name\":\"Genuss-Momente in der Arbeit - Organisator\",\"isPartOf\":{\"@id\":\"https:\\\/\\\/www.organisator.ch\\\/#website\"},\"primaryImageOfPage\":{\"@id\":\"https:\\\/\\\/www.organisator.ch\\\/allgemein\\\/2023-10-02\\\/genuss-momente-in-der-arbeit\\\/#primaryimage\"},\"image\":{\"@id\":\"https:\\\/\\\/www.organisator.ch\\\/allgemein\\\/2023-10-02\\\/genuss-momente-in-der-arbeit\\\/#primaryimage\"},\"thumbnailUrl\":\"https:\\\/\\\/www.organisator.ch\\\/wp-content\\\/uploads\\\/2023\\\/09\\\/Genuss-Momente-in-der-Arbeit-1_Organisator.jpg\",\"datePublished\":\"2023-10-01T22:18:42+00:00\",\"description\":\"G\u00f6nnen Sie sich und Ihrem Team eine Pause mit Dallmayr Kaffee und Tee. Genuss-Momente der Entspannung steigern das Wohlbefinden.\",\"breadcrumb\":{\"@id\":\"https:\\\/\\\/www.organisator.ch\\\/allgemein\\\/2023-10-02\\\/genuss-momente-in-der-arbeit\\\/#breadcrumb\"},\"inLanguage\":\"fr-FR\",\"potentialAction\":[{\"@type\":\"ReadAction\",\"target\":[\"https:\\\/\\\/www.organisator.ch\\\/allgemein\\\/2023-10-02\\\/genuss-momente-in-der-arbeit\\\/\"]}]},{\"@type\":\"ImageObject\",\"inLanguage\":\"fr-FR\",\"@id\":\"https:\\\/\\\/www.organisator.ch\\\/allgemein\\\/2023-10-02\\\/genuss-momente-in-der-arbeit\\\/#primaryimage\",\"url\":\"https:\\\/\\\/www.organisator.ch\\\/wp-content\\\/uploads\\\/2023\\\/09\\\/Genuss-Momente-in-der-Arbeit-1_Organisator.jpg\",\"contentUrl\":\"https:\\\/\\\/www.organisator.ch\\\/wp-content\\\/uploads\\\/2023\\\/09\\\/Genuss-Momente-in-der-Arbeit-1_Organisator.jpg\"},{\"@type\":\"BreadcrumbList\",\"@id\":\"https:\\\/\\\/www.organisator.ch\\\/allgemein\\\/2023-10-02\\\/genuss-momente-in-der-arbeit\\\/#breadcrumb\",\"itemListElement\":[{\"@type\":\"ListItem\",\"position\":1,\"name\":\"Home\",\"item\":\"https:\\\/\\\/www.organisator.ch\\\/\"},{\"@type\":\"ListItem\",\"position\":2,\"name\":\"Genuss-Momente in der Arbeit\"}]},{\"@type\":\"WebSite\",\"@id\":\"https:\\\/\\\/www.organisator.ch\\\/#website\",\"url\":\"https:\\\/\\\/www.organisator.ch\\\/\",\"name\":\"Organisator\",\"description\":\"Kompetent. Praxisnah. Der ORGANISATOR bereitet in 10 Ausgaben pro Jahr die wesentlichen Themen f\u00fcr F\u00fchrungskr\u00e4fte von KMU auf.\",\"publisher\":{\"@id\":\"https:\\\/\\\/www.organisator.ch\\\/#organization\"},\"potentialAction\":[{\"@type\":\"SearchAction\",\"target\":{\"@type\":\"EntryPoint\",\"urlTemplate\":\"https:\\\/\\\/www.organisator.ch\\\/?s={search_term_string}\"},\"query-input\":{\"@type\":\"PropertyValueSpecification\",\"valueRequired\":true,\"valueName\":\"search_term_string\"}}],\"inLanguage\":\"fr-FR\"},{\"@type\":\"Organization\",\"@id\":\"https:\\\/\\\/www.organisator.ch\\\/#organization\",\"name\":\"Organisator\",\"url\":\"https:\\\/\\\/www.organisator.ch\\\/\",\"logo\":{\"@type\":\"ImageObject\",\"inLanguage\":\"fr-FR\",\"@id\":\"https:\\\/\\\/www.organisator.ch\\\/#\\\/schema\\\/logo\\\/image\\\/\",\"url\":\"https:\\\/\\\/www.organisator.ch\\\/wp-content\\\/uploads\\\/2022\\\/01\\\/Logo_Organisator_Website.png\",\"contentUrl\":\"https:\\\/\\\/www.organisator.ch\\\/wp-content\\\/uploads\\\/2022\\\/01\\\/Logo_Organisator_Website.png\",\"width\":800,\"height\":77,\"caption\":\"Organisator\"},\"image\":{\"@id\":\"https:\\\/\\\/www.organisator.ch\\\/#\\\/schema\\\/logo\\\/image\\\/\"},\"sameAs\":[\"https:\\\/\\\/www.facebook.com\\\/OrganisatorFachmagazin\",\"https:\\\/\\\/www.linkedin.com\\\/showcase\\\/organisator-das-magazin-fr-kmu\",\"https:\\\/\\\/www.xing.com\\\/news\\\/pages\\\/organisator-ch-695\",\"https:\\\/\\\/www.youtube.com\\\/channel\\\/UCGP2Sq0iWaZwT3BdIAQFYpw\"]},{\"@type\":\"Person\",\"@id\":\"https:\\\/\\\/www.organisator.ch\\\/#\\\/schema\\\/person\\\/6f650f90b2842cd4c0cc334b4e36f67e\",\"name\":\"thomas.berner\",\"image\":{\"@type\":\"ImageObject\",\"inLanguage\":\"fr-FR\",\"@id\":\"https:\\\/\\\/secure.gravatar.com\\\/avatar\\\/ac5001d2a36cb6c6cd3e50789007ffca834b477b74a2144564522e944eabff61?s=96&d=mm&r=g\",\"url\":\"https:\\\/\\\/secure.gravatar.com\\\/avatar\\\/ac5001d2a36cb6c6cd3e50789007ffca834b477b74a2144564522e944eabff61?s=96&d=mm&r=g\",\"contentUrl\":\"https:\\\/\\\/secure.gravatar.com\\\/avatar\\\/ac5001d2a36cb6c6cd3e50789007ffca834b477b74a2144564522e944eabff61?s=96&d=mm&r=g\",\"caption\":\"thomas.berner\"},\"url\":\"https:\\\/\\\/www.organisator.ch\\\/fr\\\/author\\\/thomas-berner\\\/\"}]}<\/script>\n<!-- \/ Yoast SEO plugin. -->","yoast_head_json":{"title":"Moments de plaisir au travail - Organisateur","description":"Accordez-vous, ainsi qu'\u00e0 votre \u00e9quipe, une pause avec du caf\u00e9 et du th\u00e9 Dallmayr. Des moments de plaisir et de d\u00e9tente augmentent le bien-\u00eatre.","robots":{"index":"index","follow":"follow","max-snippet":"max-snippet:-1","max-image-preview":"max-image-preview:large","max-video-preview":"max-video-preview:-1"},"canonical":"https:\/\/www.organisator.ch\/fr\/general\/2023-10-02\/genuss-momente-in-der-arbeit\/","og_locale":"fr_FR","og_type":"article","og_title":"Genuss-Momente in der Arbeit - Organisator","og_description":"G\u00f6nnen Sie sich und Ihrem Team eine Pause mit Dallmayr Kaffee und Tee. Genuss-Momente der Entspannung steigern das Wohlbefinden.","og_url":"https:\/\/www.organisator.ch\/fr\/general\/2023-10-02\/genuss-momente-in-der-arbeit\/","og_site_name":"Organisator","article_publisher":"https:\/\/www.facebook.com\/OrganisatorFachmagazin","article_published_time":"2023-10-01T22:18:42+00:00","og_image":[{"url":"https:\/\/www.organisator.ch\/wp-content\/uploads\/2023\/09\/Genuss-Momente-in-der-Arbeit-1_Organisator.jpg","type":"","width":"","height":""}],"author":"thomas.berner","twitter_card":"summary_large_image","schema":{"@context":"https:\/\/schema.org","@graph":[{"@type":"Article","@id":"https:\/\/www.organisator.ch\/allgemein\/2023-10-02\/genuss-momente-in-der-arbeit\/#article","isPartOf":{"@id":"https:\/\/www.organisator.ch\/allgemein\/2023-10-02\/genuss-momente-in-der-arbeit\/"},"author":{"name":"thomas.berner","@id":"https:\/\/www.organisator.ch\/#\/schema\/person\/6f650f90b2842cd4c0cc334b4e36f67e"},"headline":"Genuss-Momente in der Arbeit","datePublished":"2023-10-01T22:18:42+00:00","mainEntityOfPage":{"@id":"https:\/\/www.organisator.ch\/allgemein\/2023-10-02\/genuss-momente-in-der-arbeit\/"},"wordCount":241,"publisher":{"@id":"https:\/\/www.organisator.ch\/#organization"},"image":{"@id":"https:\/\/www.organisator.ch\/allgemein\/2023-10-02\/genuss-momente-in-der-arbeit\/#primaryimage"},"thumbnailUrl":"https:\/\/www.organisator.ch\/wp-content\/uploads\/2023\/09\/Genuss-Momente-in-der-Arbeit-1_Organisator.jpg","keywords":["Arbeitsplatzgestaltung","Fit im Job","Mitarbeiterverpflegung","Publireportage"],"articleSection":["Allgemein"],"inLanguage":"fr-FR"},{"@type":"WebPage","@id":"https:\/\/www.organisator.ch\/allgemein\/2023-10-02\/genuss-momente-in-der-arbeit\/","url":"https:\/\/www.organisator.ch\/allgemein\/2023-10-02\/genuss-momente-in-der-arbeit\/","name":"Moments de plaisir au travail - Organisateur","isPartOf":{"@id":"https:\/\/www.organisator.ch\/#website"},"primaryImageOfPage":{"@id":"https:\/\/www.organisator.ch\/allgemein\/2023-10-02\/genuss-momente-in-der-arbeit\/#primaryimage"},"image":{"@id":"https:\/\/www.organisator.ch\/allgemein\/2023-10-02\/genuss-momente-in-der-arbeit\/#primaryimage"},"thumbnailUrl":"https:\/\/www.organisator.ch\/wp-content\/uploads\/2023\/09\/Genuss-Momente-in-der-Arbeit-1_Organisator.jpg","datePublished":"2023-10-01T22:18:42+00:00","description":"Accordez-vous, ainsi qu'\u00e0 votre \u00e9quipe, une pause avec du caf\u00e9 et du th\u00e9 Dallmayr. Des moments de plaisir et de d\u00e9tente augmentent le bien-\u00eatre.","breadcrumb":{"@id":"https:\/\/www.organisator.ch\/allgemein\/2023-10-02\/genuss-momente-in-der-arbeit\/#breadcrumb"},"inLanguage":"fr-FR","potentialAction":[{"@type":"ReadAction","target":["https:\/\/www.organisator.ch\/allgemein\/2023-10-02\/genuss-momente-in-der-arbeit\/"]}]},{"@type":"ImageObject","inLanguage":"fr-FR","@id":"https:\/\/www.organisator.ch\/allgemein\/2023-10-02\/genuss-momente-in-der-arbeit\/#primaryimage","url":"https:\/\/www.organisator.ch\/wp-content\/uploads\/2023\/09\/Genuss-Momente-in-der-Arbeit-1_Organisator.jpg","contentUrl":"https:\/\/www.organisator.ch\/wp-content\/uploads\/2023\/09\/Genuss-Momente-in-der-Arbeit-1_Organisator.jpg"},{"@type":"BreadcrumbList","@id":"https:\/\/www.organisator.ch\/allgemein\/2023-10-02\/genuss-momente-in-der-arbeit\/#breadcrumb","itemListElement":[{"@type":"ListItem","position":1,"name":"Home","item":"https:\/\/www.organisator.ch\/"},{"@type":"ListItem","position":2,"name":"Genuss-Momente in der Arbeit"}]},{"@type":"WebSite","@id":"https:\/\/www.organisator.ch\/#website","url":"https:\/\/www.organisator.ch\/","name":"Organisateur","description":"Comp\u00e9tence et comp\u00e9tence. Proches de la pratique. L'ORGANISATEUR pr\u00e9pare 10 num\u00e9ros par an sur les th\u00e8mes essentiels pour les dirigeants de PME.","publisher":{"@id":"https:\/\/www.organisator.ch\/#organization"},"potentialAction":[{"@type":"SearchAction","target":{"@type":"EntryPoint","urlTemplate":"https:\/\/www.organisator.ch\/?s={search_term_string}"},"query-input":{"@type":"PropertyValueSpecification","valueRequired":true,"valueName":"search_term_string"}}],"inLanguage":"fr-FR"},{"@type":"Organization","@id":"https:\/\/www.organisator.ch\/#organization","name":"Organisateur","url":"https:\/\/www.organisator.ch\/","logo":{"@type":"ImageObject","inLanguage":"fr-FR","@id":"https:\/\/www.organisator.ch\/#\/schema\/logo\/image\/","url":"https:\/\/www.organisator.ch\/wp-content\/uploads\/2022\/01\/Logo_Organisator_Website.png","contentUrl":"https:\/\/www.organisator.ch\/wp-content\/uploads\/2022\/01\/Logo_Organisator_Website.png","width":800,"height":77,"caption":"Organisator"},"image":{"@id":"https:\/\/www.organisator.ch\/#\/schema\/logo\/image\/"},"sameAs":["https:\/\/www.facebook.com\/OrganisatorFachmagazin","https:\/\/www.linkedin.com\/showcase\/organisator-das-magazin-fr-kmu","https:\/\/www.xing.com\/news\/pages\/organisator-ch-695","https:\/\/www.youtube.com\/channel\/UCGP2Sq0iWaZwT3BdIAQFYpw"]},{"@type":"Person","@id":"https:\/\/www.organisator.ch\/#\/schema\/person\/6f650f90b2842cd4c0cc334b4e36f67e","name":"thomas.berner","image":{"@type":"ImageObject","inLanguage":"fr-FR","@id":"https:\/\/secure.gravatar.com\/avatar\/ac5001d2a36cb6c6cd3e50789007ffca834b477b74a2144564522e944eabff61?s=96&d=mm&r=g","url":"https:\/\/secure.gravatar.com\/avatar\/ac5001d2a36cb6c6cd3e50789007ffca834b477b74a2144564522e944eabff61?s=96&d=mm&r=g","contentUrl":"https:\/\/secure.gravatar.com\/avatar\/ac5001d2a36cb6c6cd3e50789007ffca834b477b74a2144564522e944eabff61?s=96&d=mm&r=g","caption":"thomas.berner"},"url":"https:\/\/www.organisator.ch\/fr\/author\/thomas-berner\/"}]}},"_links":{"self":[{"href":"https:\/\/www.organisator.ch\/fr\/wp-json\/wp\/v2\/posts\/21967","targetHints":{"allow":["GET"]}}],"collection":[{"href":"https:\/\/www.organisator.ch\/fr\/wp-json\/wp\/v2\/posts"}],"about":[{"href":"https:\/\/www.organisator.ch\/fr\/wp-json\/wp\/v2\/types\/post"}],"author":[{"embeddable":true,"href":"https:\/\/www.organisator.ch\/fr\/wp-json\/wp\/v2\/users\/4"}],"replies":[{"embeddable":true,"href":"https:\/\/www.organisator.ch\/fr\/wp-json\/wp\/v2\/comments?post=21967"}],"version-history":[{"count":1,"href":"https:\/\/www.organisator.ch\/fr\/wp-json\/wp\/v2\/posts\/21967\/revisions"}],"predecessor-version":[{"id":21971,"href":"https:\/\/www.organisator.ch\/fr\/wp-json\/wp\/v2\/posts\/21967\/revisions\/21971"}],"wp:attachment":[{"href":"https:\/\/www.organisator.ch\/fr\/wp-json\/wp\/v2\/media?parent=21967"}],"wp:term":[{"taxonomy":"category","embeddable":true,"href":"https:\/\/www.organisator.ch\/fr\/wp-json\/wp\/v2\/categories?post=21967"},{"taxonomy":"post_tag","embeddable":true,"href":"https:\/\/www.organisator.ch\/fr\/wp-json\/wp\/v2\/tags?post=21967"}],"curies":[{"name":"wp","href":"https:\/\/api.w.org\/{rel}","templated":true}]}}