{"id":21987,"date":"2023-09-28T11:23:13","date_gmt":"2023-09-28T09:23:13","guid":{"rendered":"https:\/\/www.organisator.ch\/?p=21987"},"modified":"2023-09-28T11:23:13","modified_gmt":"2023-09-28T09:23:13","slug":"kursaal-bern-ag-isabel-niklaus-wird-coo","status":"publish","type":"post","link":"https:\/\/www.organisator.ch\/fr\/management\/2023-09-28\/kursaal-bern-ag-isabel-niklaus-wird-coo\/","title":{"rendered":"Kursaal Bern AG : Isabel Niklaus devient COO"},"content":{"rendered":"<figure id=\"attachment_21988\" aria-describedby=\"caption-attachment-21988\" style=\"width: 680px\" class=\"wp-caption alignnone\"><img loading=\"lazy\" decoding=\"async\" class=\"wp-image-21988 size-full\" src=\"https:\/\/www.organisator.ch\/wp-content\/uploads\/2023\/09\/Isabel-Niklaus_Bild1_ps-e1695892807929.jpg\" alt=\"\" width=\"680\" height=\"547\" srcset=\"https:\/\/www.organisator.ch\/wp-content\/uploads\/2023\/09\/Isabel-Niklaus_Bild1_ps-e1695892807929.jpg 680w, https:\/\/www.organisator.ch\/wp-content\/uploads\/2023\/09\/Isabel-Niklaus_Bild1_ps-e1695892807929-15x12.jpg 15w, https:\/\/www.organisator.ch\/wp-content\/uploads\/2023\/09\/Isabel-Niklaus_Bild1_ps-e1695892807929-373x300.jpg 373w, https:\/\/www.organisator.ch\/wp-content\/uploads\/2023\/09\/Isabel-Niklaus_Bild1_ps-e1695892807929-435x350.jpg 435w\" sizes=\"auto, (max-width: 680px) 100vw, 680px\" \/><figcaption id=\"caption-attachment-21988\" class=\"wp-caption-text\">COO du centre de congr\u00e8s de Kursaal Bern AG \u00e0 partir de janvier 2024 : Isabel Niklaus. (Image : www.kursaal-bern.ch)<\/figcaption><\/figure>\n<p>Isabel Niklaus, 37 ans, passe de NZZ Connect &amp; Swiss Economic Forum au Kursaal Berne. Elle dispose d'une exp\u00e9rience vari\u00e9e dans le secteur des \u00e9v\u00e9nements \u00e9conomiques et est une experte reconnue en mati\u00e8re de d\u00e9veloppement durable. De plus, elle a une longue exp\u00e9rience dans le domaine de la restauration et a notamment obtenu un Bachelor of Science \u00e0 l'Ecole h\u00f4teli\u00e8re de Lausanne. Elle succ\u00e8de \u00e0 Lukas Meier, qui quittera l'entreprise fin septembre.<\/p>\n<p>Daniel Buser, pr\u00e9sident du conseil d'administration de Kursaal Bern AG, est convaincu : \"Avec Isabel Niklaus, nous avons pu recruter une COO qui, gr\u00e2ce \u00e0 ses connaissances et \u00e0 son exp\u00e9rience dans le domaine de l'\u00e9v\u00e9nementiel, nous aidera \u00e0 devenir le premier centre de congr\u00e8s de Suisse. De plus, ses connaissances dans le domaine de la durabilit\u00e9 correspondent parfaitement \u00e0 notre engagement en faveur du d\u00e9veloppement durable\".<\/p>\n<p><em>Source : <a href=\"https:\/\/kursaal-bern.ch\/\">www.kursaal-bern.ch<\/a><\/em><\/p>","protected":false},"excerpt":{"rendered":"<p>Le conseil d'administration de Kursaal Bern AG a nomm\u00e9 Isabel Niklaus COO du centre de congr\u00e8s de Kursaal Bern AG. Elle entrera en fonction d\u00e9but janvier et rejoindra ainsi la direction.<\/p>","protected":false},"author":58,"featured_media":21988,"comment_status":"closed","ping_status":"closed","sticky":false,"template":"","format":"standard","meta":{"_acf_changed":false,"_yoast_wpseo_focuskw":"Isabel Niklaus","_yoast_wpseo_metadesc":"Der Verwaltungsrat der Kursaal Bern AG hat Isabel Niklaus zur COO des Kongresszentrums Kursaal Bern ernannt.","articlekey":"","footnotes":""},"categories":[28],"tags":[334,339,381],"class_list":["post-21987","post","type-post","status-publish","format-standard","has-post-thumbnail","hentry","category-management","tag-management","tag-marketing","tag-personalia"],"acf":[],"yoast_head":"<!-- This site is optimized with the Yoast SEO plugin v27.5 - https:\/\/yoast.com\/product\/yoast-seo-wordpress\/ -->\n<title>Kursaal Bern AG: Isabel Niklaus wird COO - Organisator<\/title>\n<meta name=\"description\" content=\"Der Verwaltungsrat der Kursaal Bern AG hat Isabel Niklaus zur COO des Kongresszentrums Kursaal Bern ernannt.\" \/>\n<meta name=\"robots\" content=\"index, follow, max-snippet:-1, max-image-preview:large, max-video-preview:-1\" \/>\n<link rel=\"canonical\" href=\"https:\/\/www.organisator.ch\/fr\/gestion-2\/2023-09-28\/kursaal-bern-ag-isabel-niklaus-wird-coo\/\" \/>\n<meta property=\"og:locale\" content=\"fr_FR\" \/>\n<meta property=\"og:type\" content=\"article\" \/>\n<meta property=\"og:title\" content=\"Kursaal Bern AG: Isabel Niklaus wird COO\" \/>\n<meta property=\"og:description\" content=\"Der Verwaltungsrat der Kursaal Bern AG hat Isabel Niklaus zur COO des Kongresszentrums Kursaal Bern AG ernannt.\" \/>\n<meta property=\"og:url\" content=\"https:\/\/www.organisator.ch\/fr\/gestion-2\/2023-09-28\/kursaal-bern-ag-isabel-niklaus-wird-coo\/\" \/>\n<meta property=\"og:site_name\" content=\"Organisator\" \/>\n<meta property=\"article:publisher\" content=\"https:\/\/www.facebook.com\/OrganisatorFachmagazin\" \/>\n<meta property=\"article:published_time\" content=\"2023-09-28T09:23:13+00:00\" \/>\n<meta property=\"og:image\" content=\"https:\/\/www.organisator.ch\/wp-content\/uploads\/2023\/09\/Isabel-Niklaus_Bild1_ps-e1695892807929.jpg\" \/>\n\t<meta property=\"og:image:width\" content=\"680\" \/>\n\t<meta property=\"og:image:height\" content=\"547\" \/>\n\t<meta property=\"og:image:type\" content=\"image\/jpeg\" \/>\n<meta name=\"author\" content=\"Adelisa Kalajdzini\" \/>\n<meta name=\"twitter:card\" content=\"summary_large_image\" \/>\n<meta name=\"twitter:title\" content=\"Kursaal Bern AG: Isabel #Niklaus wird #COO\" \/>\n<meta name=\"twitter:description\" content=\"Der Verwaltungsrat der Kursaal Bern AG hat Isabel Niklaus zur #COO des Kongresszentrums #Kursaal Bern AG ernannt.\" \/>\n<meta name=\"twitter:image\" content=\"https:\/\/www.organisator.ch\/wp-content\/uploads\/2023\/09\/Isabel-Niklaus_Bild1_ps-e1695892807929.jpg\" \/>\n<script type=\"application\/ld+json\" class=\"yoast-schema-graph\">{\"@context\":\"https:\\\/\\\/schema.org\",\"@graph\":[{\"@type\":\"Article\",\"@id\":\"https:\\\/\\\/www.organisator.ch\\\/management\\\/2023-09-28\\\/kursaal-bern-ag-isabel-niklaus-wird-coo\\\/#article\",\"isPartOf\":{\"@id\":\"https:\\\/\\\/www.organisator.ch\\\/management\\\/2023-09-28\\\/kursaal-bern-ag-isabel-niklaus-wird-coo\\\/\"},\"author\":{\"name\":\"Adelisa Kalajdzini\",\"@id\":\"https:\\\/\\\/www.organisator.ch\\\/#\\\/schema\\\/person\\\/2e1314a2172123f874db408d8911d3f3\"},\"headline\":\"Kursaal Bern AG: Isabel Niklaus wird COO\",\"datePublished\":\"2023-09-28T09:23:13+00:00\",\"mainEntityOfPage\":{\"@id\":\"https:\\\/\\\/www.organisator.ch\\\/management\\\/2023-09-28\\\/kursaal-bern-ag-isabel-niklaus-wird-coo\\\/\"},\"wordCount\":156,\"publisher\":{\"@id\":\"https:\\\/\\\/www.organisator.ch\\\/#organization\"},\"image\":{\"@id\":\"https:\\\/\\\/www.organisator.ch\\\/management\\\/2023-09-28\\\/kursaal-bern-ag-isabel-niklaus-wird-coo\\\/#primaryimage\"},\"thumbnailUrl\":\"https:\\\/\\\/www.organisator.ch\\\/wp-content\\\/uploads\\\/2023\\\/09\\\/Isabel-Niklaus_Bild1_ps-e1695892807929.jpg\",\"keywords\":[\"Management\",\"Marketing\",\"Personalia\"],\"articleSection\":[\"MANAGEMENT\"],\"inLanguage\":\"fr-FR\"},{\"@type\":\"WebPage\",\"@id\":\"https:\\\/\\\/www.organisator.ch\\\/management\\\/2023-09-28\\\/kursaal-bern-ag-isabel-niklaus-wird-coo\\\/\",\"url\":\"https:\\\/\\\/www.organisator.ch\\\/management\\\/2023-09-28\\\/kursaal-bern-ag-isabel-niklaus-wird-coo\\\/\",\"name\":\"Kursaal Bern AG: Isabel Niklaus wird COO - Organisator\",\"isPartOf\":{\"@id\":\"https:\\\/\\\/www.organisator.ch\\\/#website\"},\"primaryImageOfPage\":{\"@id\":\"https:\\\/\\\/www.organisator.ch\\\/management\\\/2023-09-28\\\/kursaal-bern-ag-isabel-niklaus-wird-coo\\\/#primaryimage\"},\"image\":{\"@id\":\"https:\\\/\\\/www.organisator.ch\\\/management\\\/2023-09-28\\\/kursaal-bern-ag-isabel-niklaus-wird-coo\\\/#primaryimage\"},\"thumbnailUrl\":\"https:\\\/\\\/www.organisator.ch\\\/wp-content\\\/uploads\\\/2023\\\/09\\\/Isabel-Niklaus_Bild1_ps-e1695892807929.jpg\",\"datePublished\":\"2023-09-28T09:23:13+00:00\",\"description\":\"Der Verwaltungsrat der Kursaal Bern AG hat Isabel Niklaus zur COO des Kongresszentrums Kursaal Bern ernannt.\",\"breadcrumb\":{\"@id\":\"https:\\\/\\\/www.organisator.ch\\\/management\\\/2023-09-28\\\/kursaal-bern-ag-isabel-niklaus-wird-coo\\\/#breadcrumb\"},\"inLanguage\":\"fr-FR\",\"potentialAction\":[{\"@type\":\"ReadAction\",\"target\":[\"https:\\\/\\\/www.organisator.ch\\\/management\\\/2023-09-28\\\/kursaal-bern-ag-isabel-niklaus-wird-coo\\\/\"]}]},{\"@type\":\"ImageObject\",\"inLanguage\":\"fr-FR\",\"@id\":\"https:\\\/\\\/www.organisator.ch\\\/management\\\/2023-09-28\\\/kursaal-bern-ag-isabel-niklaus-wird-coo\\\/#primaryimage\",\"url\":\"https:\\\/\\\/www.organisator.ch\\\/wp-content\\\/uploads\\\/2023\\\/09\\\/Isabel-Niklaus_Bild1_ps-e1695892807929.jpg\",\"contentUrl\":\"https:\\\/\\\/www.organisator.ch\\\/wp-content\\\/uploads\\\/2023\\\/09\\\/Isabel-Niklaus_Bild1_ps-e1695892807929.jpg\",\"width\":680,\"height\":547,\"caption\":\"Ab Januar 2024 COO des Kongresszentrums der Kursaal Bern AG: Isabel Niklaus. (Bild: www.kursaal-bern.ch)\"},{\"@type\":\"BreadcrumbList\",\"@id\":\"https:\\\/\\\/www.organisator.ch\\\/management\\\/2023-09-28\\\/kursaal-bern-ag-isabel-niklaus-wird-coo\\\/#breadcrumb\",\"itemListElement\":[{\"@type\":\"ListItem\",\"position\":1,\"name\":\"Home\",\"item\":\"https:\\\/\\\/www.organisator.ch\\\/\"},{\"@type\":\"ListItem\",\"position\":2,\"name\":\"Kursaal Bern AG: Isabel Niklaus wird COO\"}]},{\"@type\":\"WebSite\",\"@id\":\"https:\\\/\\\/www.organisator.ch\\\/#website\",\"url\":\"https:\\\/\\\/www.organisator.ch\\\/\",\"name\":\"Organisator\",\"description\":\"Kompetent. Praxisnah. Der ORGANISATOR bereitet in 10 Ausgaben pro Jahr die wesentlichen Themen f\u00fcr F\u00fchrungskr\u00e4fte von KMU auf.\",\"publisher\":{\"@id\":\"https:\\\/\\\/www.organisator.ch\\\/#organization\"},\"potentialAction\":[{\"@type\":\"SearchAction\",\"target\":{\"@type\":\"EntryPoint\",\"urlTemplate\":\"https:\\\/\\\/www.organisator.ch\\\/?s={search_term_string}\"},\"query-input\":{\"@type\":\"PropertyValueSpecification\",\"valueRequired\":true,\"valueName\":\"search_term_string\"}}],\"inLanguage\":\"fr-FR\"},{\"@type\":\"Organization\",\"@id\":\"https:\\\/\\\/www.organisator.ch\\\/#organization\",\"name\":\"Organisator\",\"url\":\"https:\\\/\\\/www.organisator.ch\\\/\",\"logo\":{\"@type\":\"ImageObject\",\"inLanguage\":\"fr-FR\",\"@id\":\"https:\\\/\\\/www.organisator.ch\\\/#\\\/schema\\\/logo\\\/image\\\/\",\"url\":\"https:\\\/\\\/www.organisator.ch\\\/wp-content\\\/uploads\\\/2022\\\/01\\\/Logo_Organisator_Website.png\",\"contentUrl\":\"https:\\\/\\\/www.organisator.ch\\\/wp-content\\\/uploads\\\/2022\\\/01\\\/Logo_Organisator_Website.png\",\"width\":800,\"height\":77,\"caption\":\"Organisator\"},\"image\":{\"@id\":\"https:\\\/\\\/www.organisator.ch\\\/#\\\/schema\\\/logo\\\/image\\\/\"},\"sameAs\":[\"https:\\\/\\\/www.facebook.com\\\/OrganisatorFachmagazin\",\"https:\\\/\\\/www.linkedin.com\\\/showcase\\\/organisator-das-magazin-fr-kmu\",\"https:\\\/\\\/www.xing.com\\\/news\\\/pages\\\/organisator-ch-695\",\"https:\\\/\\\/www.youtube.com\\\/channel\\\/UCGP2Sq0iWaZwT3BdIAQFYpw\"]},{\"@type\":\"Person\",\"@id\":\"https:\\\/\\\/www.organisator.ch\\\/#\\\/schema\\\/person\\\/2e1314a2172123f874db408d8911d3f3\",\"name\":\"Adelisa Kalajdzini\",\"image\":{\"@type\":\"ImageObject\",\"inLanguage\":\"fr-FR\",\"@id\":\"https:\\\/\\\/secure.gravatar.com\\\/avatar\\\/09a397c22ac58cad6f160ee8306348599df9df58a8ede73696226897b9fa4b24?s=96&d=mm&r=g\",\"url\":\"https:\\\/\\\/secure.gravatar.com\\\/avatar\\\/09a397c22ac58cad6f160ee8306348599df9df58a8ede73696226897b9fa4b24?s=96&d=mm&r=g\",\"contentUrl\":\"https:\\\/\\\/secure.gravatar.com\\\/avatar\\\/09a397c22ac58cad6f160ee8306348599df9df58a8ede73696226897b9fa4b24?s=96&d=mm&r=g\",\"caption\":\"Adelisa Kalajdzini\"},\"url\":\"https:\\\/\\\/www.organisator.ch\\\/fr\\\/author\\\/adelisa-kalajdzini\\\/\"}]}<\/script>\n<!-- \/ Yoast SEO plugin. -->","yoast_head_json":{"title":"Kursaal Bern AG : Isabel Niklaus devient COO - Organisateur","description":"Le conseil d'administration de Kursaal Bern AG a nomm\u00e9 Isabel Niklaus COO du centre de congr\u00e8s Kursaal Bern.","robots":{"index":"index","follow":"follow","max-snippet":"max-snippet:-1","max-image-preview":"max-image-preview:large","max-video-preview":"max-video-preview:-1"},"canonical":"https:\/\/www.organisator.ch\/fr\/gestion-2\/2023-09-28\/kursaal-bern-ag-isabel-niklaus-wird-coo\/","og_locale":"fr_FR","og_type":"article","og_title":"Kursaal Bern AG: Isabel Niklaus wird COO","og_description":"Der Verwaltungsrat der Kursaal Bern AG hat Isabel Niklaus zur COO des Kongresszentrums Kursaal Bern AG ernannt.","og_url":"https:\/\/www.organisator.ch\/fr\/gestion-2\/2023-09-28\/kursaal-bern-ag-isabel-niklaus-wird-coo\/","og_site_name":"Organisator","article_publisher":"https:\/\/www.facebook.com\/OrganisatorFachmagazin","article_published_time":"2023-09-28T09:23:13+00:00","og_image":[{"width":680,"height":547,"url":"https:\/\/www.organisator.ch\/wp-content\/uploads\/2023\/09\/Isabel-Niklaus_Bild1_ps-e1695892807929.jpg","type":"image\/jpeg"}],"author":"Adelisa Kalajdzini","twitter_card":"summary_large_image","twitter_title":"Kursaal Bern AG: Isabel #Niklaus wird #COO","twitter_description":"Der Verwaltungsrat der Kursaal Bern AG hat Isabel Niklaus zur #COO des Kongresszentrums #Kursaal Bern AG ernannt.","twitter_image":"https:\/\/www.organisator.ch\/wp-content\/uploads\/2023\/09\/Isabel-Niklaus_Bild1_ps-e1695892807929.jpg","schema":{"@context":"https:\/\/schema.org","@graph":[{"@type":"Article","@id":"https:\/\/www.organisator.ch\/management\/2023-09-28\/kursaal-bern-ag-isabel-niklaus-wird-coo\/#article","isPartOf":{"@id":"https:\/\/www.organisator.ch\/management\/2023-09-28\/kursaal-bern-ag-isabel-niklaus-wird-coo\/"},"author":{"name":"Adelisa Kalajdzini","@id":"https:\/\/www.organisator.ch\/#\/schema\/person\/2e1314a2172123f874db408d8911d3f3"},"headline":"Kursaal Bern AG: Isabel Niklaus wird COO","datePublished":"2023-09-28T09:23:13+00:00","mainEntityOfPage":{"@id":"https:\/\/www.organisator.ch\/management\/2023-09-28\/kursaal-bern-ag-isabel-niklaus-wird-coo\/"},"wordCount":156,"publisher":{"@id":"https:\/\/www.organisator.ch\/#organization"},"image":{"@id":"https:\/\/www.organisator.ch\/management\/2023-09-28\/kursaal-bern-ag-isabel-niklaus-wird-coo\/#primaryimage"},"thumbnailUrl":"https:\/\/www.organisator.ch\/wp-content\/uploads\/2023\/09\/Isabel-Niklaus_Bild1_ps-e1695892807929.jpg","keywords":["Management","Marketing","Personalia"],"articleSection":["MANAGEMENT"],"inLanguage":"fr-FR"},{"@type":"WebPage","@id":"https:\/\/www.organisator.ch\/management\/2023-09-28\/kursaal-bern-ag-isabel-niklaus-wird-coo\/","url":"https:\/\/www.organisator.ch\/management\/2023-09-28\/kursaal-bern-ag-isabel-niklaus-wird-coo\/","name":"Kursaal Bern AG : Isabel Niklaus devient COO - Organisateur","isPartOf":{"@id":"https:\/\/www.organisator.ch\/#website"},"primaryImageOfPage":{"@id":"https:\/\/www.organisator.ch\/management\/2023-09-28\/kursaal-bern-ag-isabel-niklaus-wird-coo\/#primaryimage"},"image":{"@id":"https:\/\/www.organisator.ch\/management\/2023-09-28\/kursaal-bern-ag-isabel-niklaus-wird-coo\/#primaryimage"},"thumbnailUrl":"https:\/\/www.organisator.ch\/wp-content\/uploads\/2023\/09\/Isabel-Niklaus_Bild1_ps-e1695892807929.jpg","datePublished":"2023-09-28T09:23:13+00:00","description":"Le conseil d'administration de Kursaal Bern AG a nomm\u00e9 Isabel Niklaus COO du centre de congr\u00e8s Kursaal Bern.","breadcrumb":{"@id":"https:\/\/www.organisator.ch\/management\/2023-09-28\/kursaal-bern-ag-isabel-niklaus-wird-coo\/#breadcrumb"},"inLanguage":"fr-FR","potentialAction":[{"@type":"ReadAction","target":["https:\/\/www.organisator.ch\/management\/2023-09-28\/kursaal-bern-ag-isabel-niklaus-wird-coo\/"]}]},{"@type":"ImageObject","inLanguage":"fr-FR","@id":"https:\/\/www.organisator.ch\/management\/2023-09-28\/kursaal-bern-ag-isabel-niklaus-wird-coo\/#primaryimage","url":"https:\/\/www.organisator.ch\/wp-content\/uploads\/2023\/09\/Isabel-Niklaus_Bild1_ps-e1695892807929.jpg","contentUrl":"https:\/\/www.organisator.ch\/wp-content\/uploads\/2023\/09\/Isabel-Niklaus_Bild1_ps-e1695892807929.jpg","width":680,"height":547,"caption":"Ab Januar 2024 COO des Kongresszentrums der Kursaal Bern AG: Isabel Niklaus. (Bild: www.kursaal-bern.ch)"},{"@type":"BreadcrumbList","@id":"https:\/\/www.organisator.ch\/management\/2023-09-28\/kursaal-bern-ag-isabel-niklaus-wird-coo\/#breadcrumb","itemListElement":[{"@type":"ListItem","position":1,"name":"Home","item":"https:\/\/www.organisator.ch\/"},{"@type":"ListItem","position":2,"name":"Kursaal Bern AG: Isabel Niklaus wird COO"}]},{"@type":"WebSite","@id":"https:\/\/www.organisator.ch\/#website","url":"https:\/\/www.organisator.ch\/","name":"Organisateur","description":"Comp\u00e9tence et comp\u00e9tence. Proches de la pratique. L'ORGANISATEUR pr\u00e9pare 10 num\u00e9ros par an sur les th\u00e8mes essentiels pour les dirigeants de PME.","publisher":{"@id":"https:\/\/www.organisator.ch\/#organization"},"potentialAction":[{"@type":"SearchAction","target":{"@type":"EntryPoint","urlTemplate":"https:\/\/www.organisator.ch\/?s={search_term_string}"},"query-input":{"@type":"PropertyValueSpecification","valueRequired":true,"valueName":"search_term_string"}}],"inLanguage":"fr-FR"},{"@type":"Organization","@id":"https:\/\/www.organisator.ch\/#organization","name":"Organisateur","url":"https:\/\/www.organisator.ch\/","logo":{"@type":"ImageObject","inLanguage":"fr-FR","@id":"https:\/\/www.organisator.ch\/#\/schema\/logo\/image\/","url":"https:\/\/www.organisator.ch\/wp-content\/uploads\/2022\/01\/Logo_Organisator_Website.png","contentUrl":"https:\/\/www.organisator.ch\/wp-content\/uploads\/2022\/01\/Logo_Organisator_Website.png","width":800,"height":77,"caption":"Organisator"},"image":{"@id":"https:\/\/www.organisator.ch\/#\/schema\/logo\/image\/"},"sameAs":["https:\/\/www.facebook.com\/OrganisatorFachmagazin","https:\/\/www.linkedin.com\/showcase\/organisator-das-magazin-fr-kmu","https:\/\/www.xing.com\/news\/pages\/organisator-ch-695","https:\/\/www.youtube.com\/channel\/UCGP2Sq0iWaZwT3BdIAQFYpw"]},{"@type":"Person","@id":"https:\/\/www.organisator.ch\/#\/schema\/person\/2e1314a2172123f874db408d8911d3f3","name":"Adelisa Kalajdzini","image":{"@type":"ImageObject","inLanguage":"fr-FR","@id":"https:\/\/secure.gravatar.com\/avatar\/09a397c22ac58cad6f160ee8306348599df9df58a8ede73696226897b9fa4b24?s=96&d=mm&r=g","url":"https:\/\/secure.gravatar.com\/avatar\/09a397c22ac58cad6f160ee8306348599df9df58a8ede73696226897b9fa4b24?s=96&d=mm&r=g","contentUrl":"https:\/\/secure.gravatar.com\/avatar\/09a397c22ac58cad6f160ee8306348599df9df58a8ede73696226897b9fa4b24?s=96&d=mm&r=g","caption":"Adelisa Kalajdzini"},"url":"https:\/\/www.organisator.ch\/fr\/author\/adelisa-kalajdzini\/"}]}},"_links":{"self":[{"href":"https:\/\/www.organisator.ch\/fr\/wp-json\/wp\/v2\/posts\/21987","targetHints":{"allow":["GET"]}}],"collection":[{"href":"https:\/\/www.organisator.ch\/fr\/wp-json\/wp\/v2\/posts"}],"about":[{"href":"https:\/\/www.organisator.ch\/fr\/wp-json\/wp\/v2\/types\/post"}],"author":[{"embeddable":true,"href":"https:\/\/www.organisator.ch\/fr\/wp-json\/wp\/v2\/users\/58"}],"replies":[{"embeddable":true,"href":"https:\/\/www.organisator.ch\/fr\/wp-json\/wp\/v2\/comments?post=21987"}],"version-history":[{"count":4,"href":"https:\/\/www.organisator.ch\/fr\/wp-json\/wp\/v2\/posts\/21987\/revisions"}],"predecessor-version":[{"id":22012,"href":"https:\/\/www.organisator.ch\/fr\/wp-json\/wp\/v2\/posts\/21987\/revisions\/22012"}],"wp:featuredmedia":[{"embeddable":true,"href":"https:\/\/www.organisator.ch\/fr\/wp-json\/wp\/v2\/media\/21988"}],"wp:attachment":[{"href":"https:\/\/www.organisator.ch\/fr\/wp-json\/wp\/v2\/media?parent=21987"}],"wp:term":[{"taxonomy":"category","embeddable":true,"href":"https:\/\/www.organisator.ch\/fr\/wp-json\/wp\/v2\/categories?post=21987"},{"taxonomy":"post_tag","embeddable":true,"href":"https:\/\/www.organisator.ch\/fr\/wp-json\/wp\/v2\/tags?post=21987"}],"curies":[{"name":"wp","href":"https:\/\/api.w.org\/{rel}","templated":true}]}}