{"id":2202,"date":"2019-06-17T11:20:25","date_gmt":"2019-06-17T09:20:25","guid":{"rendered":"https:\/\/www.umweltperspektiven.ch\/?p=2202"},"modified":"2019-06-17T11:20:25","modified_gmt":"2019-06-17T09:20:25","slug":"erster-swiss-medical-spa-hospitality-think-tank","status":"publish","type":"post","link":"https:\/\/www.organisator.ch\/fr\/allgemein\/2019-06-17\/erster-swiss-medical-spa-hospitality-think-tank\/","title":{"rendered":"Premier groupe de r\u00e9flexion Swiss Medical Spa &amp; Hospitality"},"content":{"rendered":"<figure id=\"attachment_2203\" aria-describedby=\"caption-attachment-2203\" style=\"width: 640px\" class=\"wp-caption alignnone\"><img loading=\"lazy\" decoding=\"async\" class=\"size-full wp-image-2203\" src=\"\/\/www.umweltperspektiven.ch\/wp-content\/uploads\/2019\/06\/Swiss-Medical-Spa-Hospitality-Think-Tank-UP_Umwelt-Perspektiven_neu.jpg\" alt=\"\" width=\"640\" height=\"400\" \/><figcaption id=\"caption-attachment-2203\" class=\"wp-caption-text\">Le lieu de r\u00e9union du premier Swiss Medical Spa Hospitality &amp; Think Tank : l'EHL Swiss School of Tourism and Hospitality \u00e0 Coire-Passugg. (Image : EHL Swiss School of Tourism and Hospitality)<\/figcaption><\/figure>\n<p>Lors du premier Swiss Medical Spa &amp; Hospitality Think Tank, il s'agissait de r\u00e9fl\u00e9chir \u00e0 des exemples de bonnes pratiques et de sonder les potentiels d'avenir qui r\u00e9sultent de la combinaison des nouvelles tendances de la m\u00e9decine et du spa dans le secteur de l'hospitalit\u00e9. Les soins personnels et le bien-\u00eatre occupent aujourd'hui une place de plus en plus importante. Il en r\u00e9sulte une demande croissante de services m\u00e9dicaux dans le secteur de l'accueil et du tourisme.<\/p>\n<p><strong>Une croissance \u00e9lev\u00e9e<\/strong><\/p>\n<p>Selon le Global Wellness Institute, le tourisme de bien-\u00eatre devrait conna\u00eetre une croissance annuelle moyenne de 7,5 % d'ici 2022. 58 % de ces d\u00e9penses mondiales de sant\u00e9 sont consacr\u00e9es au bien-\u00eatre - un march\u00e9 qui m\u00e9rite donc toute notre attention. Les clients d'aujourd'hui attendent un ensemble \u00e9quilibr\u00e9 d'approches pr\u00e9ventives dans l'int\u00e9r\u00eat de la sant\u00e9 g\u00e9n\u00e9rale, telles que l'alimentation et le fitness, le coaching de vie ou la gestion du stress, ainsi qu'un environnement qui permette de se remettre rapidement d'une maladie particuli\u00e8re.<\/p>\n<p>\"La croissance du march\u00e9 mondial des spas m\u00e9dicaux est stimul\u00e9e par l'augmentation des chiffres dans le domaine de la m\u00e9decine esth\u00e9tique et des possibilit\u00e9s de traitement cosm\u00e9tique, ainsi que par la croissance des tendances en mati\u00e8re de bien-\u00eatre dans les pays industrialis\u00e9s. Un autre moteur devrait \u00eatre l'augmentation du tourisme m\u00e9dical sur des march\u00e9s en croissance comme l'Inde, la Chine et le Br\u00e9sil\", a d\u00e9clar\u00e9 CV Wijeratne, Head of Spa &amp; Wellness Management Major \u00e0 la SSTH.<\/p>\n<p>Dans la suite de la conf\u00e9rence, diff\u00e9rents orateurs ont montr\u00e9 qu'une demande croissante d'expertise et de talents en mati\u00e8re d'hospitalit\u00e9 est \u00e9galement perceptible dans les traitements m\u00e9dicaux traditionnels. Le Dr Peter Yesawich du Brown Legacy Group a expliqu\u00e9 que derri\u00e8re le \"Mother Standard\u00ae\", tel qu'il est pratiqu\u00e9 dans les Cancer Treatment Centers of America\u00ae, se cache l'orientation cons\u00e9quente vers l'exp\u00e9rience gastronomique, respectivement vers l'exp\u00e9rience du patient. Dans l'esprit de cette approche globale, qui vise \u00e0 optimiser l'exp\u00e9rience du client \u00e0 chaque point de contact, Lisa Clarke, de l'agence de d\u00e9veloppement \u00e9conomique du Destination Medical Center, a r\u00e9nov\u00e9 l'infrastructure de la Mayo Clinic \u00e0 Rochester, Minnesota. La clinique elle-m\u00eame jouit d'une excellente r\u00e9putation, mais ne disposait pas jusqu'\u00e0 pr\u00e9sent d'h\u00f4tes capables d'offrir aux patients un refuge s\u00fbr et un environnement accessible et attrayant entre les traitements, afin de r\u00e9duire leur stress physique et \u00e9motionnel.<\/p>\n<p>D'autres interventions lors de la r\u00e9union du groupe de r\u00e9flexion ont \u00e9t\u00e9 faites par des experts renomm\u00e9s tels que<\/p>\n<ul>\n<li>Dr Radesh Palikurthi, Universit\u00e9 de Memphis : \"Destinations pr\u00e9f\u00e9r\u00e9es des consommateurs am\u00e9ricains pour le tourisme de sant\u00e9 et de bien-\u00eatre : Une analyse de trade-off des principaux facteurs de d\u00e9cision\".<\/li>\n<li>Dr Ali Poorani, Universit\u00e9 du Delaware : \"Hospitality-Associates pour la recherche &amp; l'\u00e9ducation : Marketing et \u00e9valuation sensorielle\"<\/li>\n<li>Dr Frederick J. De Micco, Universit\u00e9 du Delaware et CV Wijeratne, SSTH : pr\u00e9sentation des r\u00e9sultats actuels de la recherche et panel d'experts \"Bridging Healthcare to Hospitality (H2H)\".<br \/>\nDans le cadre du panel d'experts, les intervenants ont discut\u00e9 des principaux moteurs de changement et des opportunit\u00e9s dans les domaines de la sant\u00e9, du spa et du bien-\u00eatre, de la m\u00e9decine et de l'hospitalit\u00e9, ainsi que des \u00e9l\u00e9ments possibles d'un programme d'\u00e9tudes orient\u00e9 en cons\u00e9quence.<\/li>\n<\/ul>\n<p>Michael Hartmann, Managing Director de la SSTH, a d\u00e9velopp\u00e9 l'option principale Spa- und Wellness-Management pour le cursus d'H\u00f4teli\u00e8re-Restauratrice\/H\u00f4telier-Restaurateur ES. Cette option ne transmet pas seulement des comp\u00e9tences de gestion op\u00e9rationnelles, mais renforce aussi de mani\u00e8re cibl\u00e9e les soft skills. \"Les gens recherchent des exp\u00e9riences et veulent que tous leurs sens soient stimul\u00e9s. Ils veulent que l'on s'appuie sur leurs souvenirs d'enfance. Cela est particuli\u00e8rement pertinent pour le tourisme de sant\u00e9 et de bien-\u00eatre, car les h\u00f4tes ont des attentes et des besoins tr\u00e8s sp\u00e9cifiques. La m\u00e9decine et l'hospitalit\u00e9 associent donc leurs comp\u00e9tences pour offrir aux patients et aux h\u00f4tes une exp\u00e9rience de qualit\u00e9 \u00e0 tous \u00e9gards\". L'approche affective et scientifique de la m\u00e9thode d'enseignement de la SSTH garantit que les \u00e9tudiants r\u00e9pondent \u00e0 ces attentes dans la pratique : Ils pratiquent l'autor\u00e9flexion, acqui\u00e8rent de l'ind\u00e9pendance, d\u00e9veloppent leur assurance et aiguisent leur empathie et leur professionnalisme avant d'assumer leur r\u00f4le de \"metteurs en sc\u00e8ne\" dans ce nouveau paysage de l'hospitalit\u00e9.<\/p>\n<p><strong>\u00c0 propos du groupe EHL<\/strong><\/p>\n<p><em>Le groupe EHL, dont le si\u00e8ge est \u00e0 Lausanne, en Suisse, comprend un portefeuille de diff\u00e9rentes unit\u00e9s d'entreprise sp\u00e9cialis\u00e9es dans les formations et les innovations en mati\u00e8re de gestion internationale de l'accueil :<\/em><\/p>\n<p><em>Le site <a href=\"\/\/www.ehl.edu\/\">EHL Ecole h\u00f4teli\u00e8re de Lausanne<\/a> est, depuis sa cr\u00e9ation en 1893, le symbole de l'hospitalit\u00e9 suisse. Elle fait figure de pionni\u00e8re en mati\u00e8re de formation dans le secteur de l'h\u00f4tellerie et de l'accueil. Il en r\u00e9sulte une communaut\u00e9 mondiale unique en son genre, compos\u00e9e de 25'000 cadres et \u00e9tudiants du secteur de l'accueil issus de 120 pays.<\/em><\/p>\n<p><em>En tant que haute \u00e9cole sp\u00e9cialis\u00e9e leader dans le domaine de l'hospitality management, l'EHL offre <a href=\"\/\/www.ehl.edu\/en\/study\">Fili\u00e8res d'\u00e9tudes<\/a> pour les \u00e9tudiants enthousiastes, talentueux et ambitieux - sur ses campus de Lausanne et de Passugg ainsi qu'en ligne.<\/em><\/p>\n<p><em>L'\u00e9cole se classe premi\u00e8re dans les classements mondiaux QS et CEO. Son restaurant \"Berceau des Sens\" est le seul restaurant de formation au monde \u00e0 avoir obtenu une \u00e9toile Michelin.<\/em><\/p>\n<p><em>Le site <a href=\"\/\/www.ssth.ch\/\">EHL Swiss School of Tourism and Hospitality (Coire-Passugg)<\/a> compte depuis 50 ans parmi les principales \u00e9coles de gestion h\u00f4teli\u00e8re et d'accueil pour les professionnels de l'h\u00f4tellerie. Situ\u00e9e \u00e0 Passugg, dans les Grisons, dans un h\u00f4tel de cure datant du XIXe si\u00e8cle et r\u00e9cemment r\u00e9nov\u00e9, elle propose aux \u00e9tudiants suisses et internationaux de 20 pays des formations de niveau professionnel et universitaire accr\u00e9dit\u00e9es par la Suisse.<\/em><\/p>\n<p><em><a href=\"\/\/www.ehladvisory.com\/\">Services de conseil EHL<\/a> est la plus grande soci\u00e9t\u00e9 de conseil suisse dans le domaine de l'accueil, avec une expertise dans le d\u00e9veloppement de mod\u00e8les de formation, dans l'assurance qualit\u00e9 pour les centres d'apprentissage ainsi que dans le conseil strat\u00e9gique et op\u00e9rationnel aux entreprises, notamment dans la mise en \u0153uvre d'une culture de service de r\u00e9f\u00e9rence pour les entreprises au sein et en dehors du secteur de l'accueil. EHL Advisory Services dispose de bureaux \u00e0 Lausanne, P\u00e9kin, Shanghai ainsi qu'\u00e0 New Delhi et a assum\u00e9 des mandats dans plus de 60 pays au cours des 40 derni\u00e8res ann\u00e9es.<\/em><\/p>\n<p><a href=\"\/\/www.ehl.edu\/\">www.ehl.edu<\/a><\/p>","protected":false},"excerpt":{"rendered":"<p>Am ersten Swiss Medical Spa &amp; Hospitality Think Tank ging es darum \u00fcber Best-Practice-Beispiele nachzudenken und Zukunftspotenziale auszuloten, die sich aus der Kombination neuer Medizin- und Spa-Trends in der Hospitality-Branche ergeben. Selbstpflege und Wohlbefinden r\u00fccken heute immer mehr in den Vordergrund. Dadurch steigt die Nachfrage nach medizinischen Dienstleistungen im Hospitality- und Tourismusbereich. Hohes Wachstum Laut [&hellip;]<\/p>\n","protected":false},"author":5,"featured_media":9616,"comment_status":"open","ping_status":"open","sticky":false,"template":"","format":"standard","meta":{"_acf_changed":false,"_yoast_wpseo_focuskw":"Swiss School of Tourism and Hospitality","_yoast_wpseo_metadesc":"Die EHL Swiss School of Tourism and Hospitality (SSTH) f\u00fchrte am 6. Juni 2019 den ersten Swiss Medical Spa & Hospitality Think Tank durch.","articlekey":"","footnotes":""},"categories":[1],"tags":[1352,1377,1676,1762,424],"class_list":["post-2202","post","type-post","status-publish","format-standard","has-post-thumbnail","hentry","category-allgemein","tag-health","tag-hospitality","tag-medical-spa","tag-nachhaltige-hotellerie","tag-schweiz"],"acf":[],"yoast_head":"<!-- This site is optimized with the Yoast SEO plugin v27.5 - https:\/\/yoast.com\/product\/yoast-seo-wordpress\/ -->\n<title>Erster Swiss Medical Spa &amp; Hospitality Think Tank - Organisator<\/title>\n<meta name=\"description\" content=\"Die EHL Swiss School of Tourism and Hospitality (SSTH) f\u00fchrte am 6. Juni 2019 den ersten Swiss Medical Spa &amp; Hospitality Think Tank durch.\" \/>\n<meta name=\"robots\" content=\"index, follow, max-snippet:-1, max-image-preview:large, max-video-preview:-1\" \/>\n<link rel=\"canonical\" href=\"https:\/\/www.organisator.ch\/fr\/general\/2019-06-17\/erster-swiss-medical-spa-hospitality-think-tank\/\" \/>\n<meta property=\"og:locale\" content=\"fr_FR\" \/>\n<meta property=\"og:type\" content=\"article\" \/>\n<meta property=\"og:title\" content=\"Erster Swiss Medical Spa &amp; Hospitality Think Tank - Organisator\" \/>\n<meta property=\"og:description\" content=\"Die EHL Swiss School of Tourism and Hospitality (SSTH) f\u00fchrte am 6. Juni 2019 den ersten Swiss Medical Spa &amp; Hospitality Think Tank durch.\" \/>\n<meta property=\"og:url\" content=\"https:\/\/www.organisator.ch\/fr\/general\/2019-06-17\/erster-swiss-medical-spa-hospitality-think-tank\/\" \/>\n<meta property=\"og:site_name\" content=\"Organisator\" \/>\n<meta property=\"article:publisher\" content=\"https:\/\/www.facebook.com\/OrganisatorFachmagazin\" \/>\n<meta property=\"article:published_time\" content=\"2019-06-17T09:20:25+00:00\" \/>\n<meta property=\"og:image\" content=\"https:\/\/www.organisator.ch\/wp-content\/uploads\/2019\/06\/Swiss-Medical-Spa-Hospitality-Think-Tank-UP_Umwelt-Perspektiven_neu.jpg\" \/>\n\t<meta property=\"og:image:width\" content=\"640\" \/>\n\t<meta property=\"og:image:height\" content=\"400\" \/>\n\t<meta property=\"og:image:type\" content=\"image\/jpeg\" \/>\n<meta name=\"author\" content=\"michael.merz\" \/>\n<meta name=\"twitter:card\" content=\"summary_large_image\" \/>\n<script type=\"application\/ld+json\" class=\"yoast-schema-graph\">{\"@context\":\"https:\\\/\\\/schema.org\",\"@graph\":[{\"@type\":\"Article\",\"@id\":\"https:\\\/\\\/www.organisator.ch\\\/en\\\/general\\\/2019-06-17\\\/erster-swiss-medical-spa-hospitality-think-tank\\\/#article\",\"isPartOf\":{\"@id\":\"https:\\\/\\\/www.organisator.ch\\\/en\\\/general\\\/2019-06-17\\\/erster-swiss-medical-spa-hospitality-think-tank\\\/\"},\"author\":{\"name\":\"michael.merz\",\"@id\":\"https:\\\/\\\/www.organisator.ch\\\/#\\\/schema\\\/person\\\/134708ca9321c57b0362cceb7948ffbd\"},\"headline\":\"Erster Swiss Medical Spa &#038; Hospitality Think Tank\",\"datePublished\":\"2019-06-17T09:20:25+00:00\",\"mainEntityOfPage\":{\"@id\":\"https:\\\/\\\/www.organisator.ch\\\/en\\\/general\\\/2019-06-17\\\/erster-swiss-medical-spa-hospitality-think-tank\\\/\"},\"wordCount\":879,\"commentCount\":0,\"publisher\":{\"@id\":\"https:\\\/\\\/www.organisator.ch\\\/#organization\"},\"image\":{\"@id\":\"https:\\\/\\\/www.organisator.ch\\\/en\\\/general\\\/2019-06-17\\\/erster-swiss-medical-spa-hospitality-think-tank\\\/#primaryimage\"},\"thumbnailUrl\":\"https:\\\/\\\/www.organisator.ch\\\/wp-content\\\/uploads\\\/2019\\\/06\\\/Swiss-Medical-Spa-Hospitality-Think-Tank-UP_Umwelt-Perspektiven_neu.jpg\",\"keywords\":[\"Health\",\"Hospitality\",\"Medical Spa\",\"Nachhaltige Hotellerie\",\"Schweiz\"],\"articleSection\":[\"Allgemein\"],\"inLanguage\":\"fr-FR\"},{\"@type\":\"WebPage\",\"@id\":\"https:\\\/\\\/www.organisator.ch\\\/en\\\/general\\\/2019-06-17\\\/erster-swiss-medical-spa-hospitality-think-tank\\\/\",\"url\":\"https:\\\/\\\/www.organisator.ch\\\/en\\\/general\\\/2019-06-17\\\/erster-swiss-medical-spa-hospitality-think-tank\\\/\",\"name\":\"Erster Swiss Medical Spa & Hospitality Think Tank - Organisator\",\"isPartOf\":{\"@id\":\"https:\\\/\\\/www.organisator.ch\\\/#website\"},\"primaryImageOfPage\":{\"@id\":\"https:\\\/\\\/www.organisator.ch\\\/en\\\/general\\\/2019-06-17\\\/erster-swiss-medical-spa-hospitality-think-tank\\\/#primaryimage\"},\"image\":{\"@id\":\"https:\\\/\\\/www.organisator.ch\\\/en\\\/general\\\/2019-06-17\\\/erster-swiss-medical-spa-hospitality-think-tank\\\/#primaryimage\"},\"thumbnailUrl\":\"https:\\\/\\\/www.organisator.ch\\\/wp-content\\\/uploads\\\/2019\\\/06\\\/Swiss-Medical-Spa-Hospitality-Think-Tank-UP_Umwelt-Perspektiven_neu.jpg\",\"datePublished\":\"2019-06-17T09:20:25+00:00\",\"description\":\"Die EHL Swiss School of Tourism and Hospitality (SSTH) f\u00fchrte am 6. Juni 2019 den ersten Swiss Medical Spa & Hospitality Think Tank durch.\",\"breadcrumb\":{\"@id\":\"https:\\\/\\\/www.organisator.ch\\\/en\\\/general\\\/2019-06-17\\\/erster-swiss-medical-spa-hospitality-think-tank\\\/#breadcrumb\"},\"inLanguage\":\"fr-FR\",\"potentialAction\":[{\"@type\":\"ReadAction\",\"target\":[\"https:\\\/\\\/www.organisator.ch\\\/en\\\/general\\\/2019-06-17\\\/erster-swiss-medical-spa-hospitality-think-tank\\\/\"]}]},{\"@type\":\"ImageObject\",\"inLanguage\":\"fr-FR\",\"@id\":\"https:\\\/\\\/www.organisator.ch\\\/en\\\/general\\\/2019-06-17\\\/erster-swiss-medical-spa-hospitality-think-tank\\\/#primaryimage\",\"url\":\"https:\\\/\\\/www.organisator.ch\\\/wp-content\\\/uploads\\\/2019\\\/06\\\/Swiss-Medical-Spa-Hospitality-Think-Tank-UP_Umwelt-Perspektiven_neu.jpg\",\"contentUrl\":\"https:\\\/\\\/www.organisator.ch\\\/wp-content\\\/uploads\\\/2019\\\/06\\\/Swiss-Medical-Spa-Hospitality-Think-Tank-UP_Umwelt-Perspektiven_neu.jpg\",\"width\":640,\"height\":400,\"caption\":\"Der Tagungsort des ersten Swiss Medical Spa Hospitality & Think Tanks: Die EHL Swiss School of Tourism and Hospitality in Chur-Passugg. (Bild: EHL Swiss School of Tourism and Hospitality)\"},{\"@type\":\"BreadcrumbList\",\"@id\":\"https:\\\/\\\/www.organisator.ch\\\/en\\\/general\\\/2019-06-17\\\/erster-swiss-medical-spa-hospitality-think-tank\\\/#breadcrumb\",\"itemListElement\":[{\"@type\":\"ListItem\",\"position\":1,\"name\":\"Home\",\"item\":\"https:\\\/\\\/www.organisator.ch\\\/\"},{\"@type\":\"ListItem\",\"position\":2,\"name\":\"Erster Swiss Medical Spa &#038; Hospitality Think Tank\"}]},{\"@type\":\"WebSite\",\"@id\":\"https:\\\/\\\/www.organisator.ch\\\/#website\",\"url\":\"https:\\\/\\\/www.organisator.ch\\\/\",\"name\":\"Organisator\",\"description\":\"Kompetent. Praxisnah. Der ORGANISATOR bereitet in 10 Ausgaben pro Jahr die wesentlichen Themen f\u00fcr F\u00fchrungskr\u00e4fte von KMU auf.\",\"publisher\":{\"@id\":\"https:\\\/\\\/www.organisator.ch\\\/#organization\"},\"potentialAction\":[{\"@type\":\"SearchAction\",\"target\":{\"@type\":\"EntryPoint\",\"urlTemplate\":\"https:\\\/\\\/www.organisator.ch\\\/?s={search_term_string}\"},\"query-input\":{\"@type\":\"PropertyValueSpecification\",\"valueRequired\":true,\"valueName\":\"search_term_string\"}}],\"inLanguage\":\"fr-FR\"},{\"@type\":\"Organization\",\"@id\":\"https:\\\/\\\/www.organisator.ch\\\/#organization\",\"name\":\"Organisator\",\"url\":\"https:\\\/\\\/www.organisator.ch\\\/\",\"logo\":{\"@type\":\"ImageObject\",\"inLanguage\":\"fr-FR\",\"@id\":\"https:\\\/\\\/www.organisator.ch\\\/#\\\/schema\\\/logo\\\/image\\\/\",\"url\":\"https:\\\/\\\/www.organisator.ch\\\/wp-content\\\/uploads\\\/2022\\\/01\\\/Logo_Organisator_Website.png\",\"contentUrl\":\"https:\\\/\\\/www.organisator.ch\\\/wp-content\\\/uploads\\\/2022\\\/01\\\/Logo_Organisator_Website.png\",\"width\":800,\"height\":77,\"caption\":\"Organisator\"},\"image\":{\"@id\":\"https:\\\/\\\/www.organisator.ch\\\/#\\\/schema\\\/logo\\\/image\\\/\"},\"sameAs\":[\"https:\\\/\\\/www.facebook.com\\\/OrganisatorFachmagazin\",\"https:\\\/\\\/www.linkedin.com\\\/showcase\\\/organisator-das-magazin-fr-kmu\",\"https:\\\/\\\/www.xing.com\\\/news\\\/pages\\\/organisator-ch-695\",\"https:\\\/\\\/www.youtube.com\\\/channel\\\/UCGP2Sq0iWaZwT3BdIAQFYpw\"]},{\"@type\":\"Person\",\"@id\":\"https:\\\/\\\/www.organisator.ch\\\/#\\\/schema\\\/person\\\/134708ca9321c57b0362cceb7948ffbd\",\"name\":\"michael.merz\",\"image\":{\"@type\":\"ImageObject\",\"inLanguage\":\"fr-FR\",\"@id\":\"https:\\\/\\\/secure.gravatar.com\\\/avatar\\\/?s=96&d=mm&r=g\",\"url\":\"https:\\\/\\\/secure.gravatar.com\\\/avatar\\\/?s=96&d=mm&r=g\",\"contentUrl\":\"https:\\\/\\\/secure.gravatar.com\\\/avatar\\\/?s=96&d=mm&r=g\",\"caption\":\"michael.merz\"},\"url\":\"https:\\\/\\\/www.organisator.ch\\\/fr\\\/author\\\/michael-merz\\\/\"}]}<\/script>\n<!-- \/ Yoast SEO plugin. -->","yoast_head_json":{"title":"Premier Swiss Medical Spa &amp; Hospitality Think Tank - organisateur","description":"L'EHL Swiss School of Tourism and Hospitality (SSTH) a organis\u00e9 le premier Swiss Medical Spa &amp; Hospitality Think Tank le 6 juin 2019.","robots":{"index":"index","follow":"follow","max-snippet":"max-snippet:-1","max-image-preview":"max-image-preview:large","max-video-preview":"max-video-preview:-1"},"canonical":"https:\/\/www.organisator.ch\/fr\/general\/2019-06-17\/erster-swiss-medical-spa-hospitality-think-tank\/","og_locale":"fr_FR","og_type":"article","og_title":"Erster Swiss Medical Spa & Hospitality Think Tank - Organisator","og_description":"Die EHL Swiss School of Tourism and Hospitality (SSTH) f\u00fchrte am 6. Juni 2019 den ersten Swiss Medical Spa & Hospitality Think Tank durch.","og_url":"https:\/\/www.organisator.ch\/fr\/general\/2019-06-17\/erster-swiss-medical-spa-hospitality-think-tank\/","og_site_name":"Organisator","article_publisher":"https:\/\/www.facebook.com\/OrganisatorFachmagazin","article_published_time":"2019-06-17T09:20:25+00:00","og_image":[{"width":640,"height":400,"url":"https:\/\/www.organisator.ch\/wp-content\/uploads\/2019\/06\/Swiss-Medical-Spa-Hospitality-Think-Tank-UP_Umwelt-Perspektiven_neu.jpg","type":"image\/jpeg"}],"author":"michael.merz","twitter_card":"summary_large_image","schema":{"@context":"https:\/\/schema.org","@graph":[{"@type":"Article","@id":"https:\/\/www.organisator.ch\/en\/general\/2019-06-17\/erster-swiss-medical-spa-hospitality-think-tank\/#article","isPartOf":{"@id":"https:\/\/www.organisator.ch\/en\/general\/2019-06-17\/erster-swiss-medical-spa-hospitality-think-tank\/"},"author":{"name":"michael.merz","@id":"https:\/\/www.organisator.ch\/#\/schema\/person\/134708ca9321c57b0362cceb7948ffbd"},"headline":"Erster Swiss Medical Spa &#038; Hospitality Think Tank","datePublished":"2019-06-17T09:20:25+00:00","mainEntityOfPage":{"@id":"https:\/\/www.organisator.ch\/en\/general\/2019-06-17\/erster-swiss-medical-spa-hospitality-think-tank\/"},"wordCount":879,"commentCount":0,"publisher":{"@id":"https:\/\/www.organisator.ch\/#organization"},"image":{"@id":"https:\/\/www.organisator.ch\/en\/general\/2019-06-17\/erster-swiss-medical-spa-hospitality-think-tank\/#primaryimage"},"thumbnailUrl":"https:\/\/www.organisator.ch\/wp-content\/uploads\/2019\/06\/Swiss-Medical-Spa-Hospitality-Think-Tank-UP_Umwelt-Perspektiven_neu.jpg","keywords":["Health","Hospitality","Medical Spa","Nachhaltige Hotellerie","Schweiz"],"articleSection":["Allgemein"],"inLanguage":"fr-FR"},{"@type":"WebPage","@id":"https:\/\/www.organisator.ch\/en\/general\/2019-06-17\/erster-swiss-medical-spa-hospitality-think-tank\/","url":"https:\/\/www.organisator.ch\/en\/general\/2019-06-17\/erster-swiss-medical-spa-hospitality-think-tank\/","name":"Premier Swiss Medical Spa &amp; Hospitality Think Tank - organisateur","isPartOf":{"@id":"https:\/\/www.organisator.ch\/#website"},"primaryImageOfPage":{"@id":"https:\/\/www.organisator.ch\/en\/general\/2019-06-17\/erster-swiss-medical-spa-hospitality-think-tank\/#primaryimage"},"image":{"@id":"https:\/\/www.organisator.ch\/en\/general\/2019-06-17\/erster-swiss-medical-spa-hospitality-think-tank\/#primaryimage"},"thumbnailUrl":"https:\/\/www.organisator.ch\/wp-content\/uploads\/2019\/06\/Swiss-Medical-Spa-Hospitality-Think-Tank-UP_Umwelt-Perspektiven_neu.jpg","datePublished":"2019-06-17T09:20:25+00:00","description":"L'EHL Swiss School of Tourism and Hospitality (SSTH) a organis\u00e9 le premier Swiss Medical Spa &amp; Hospitality Think Tank le 6 juin 2019.","breadcrumb":{"@id":"https:\/\/www.organisator.ch\/en\/general\/2019-06-17\/erster-swiss-medical-spa-hospitality-think-tank\/#breadcrumb"},"inLanguage":"fr-FR","potentialAction":[{"@type":"ReadAction","target":["https:\/\/www.organisator.ch\/en\/general\/2019-06-17\/erster-swiss-medical-spa-hospitality-think-tank\/"]}]},{"@type":"ImageObject","inLanguage":"fr-FR","@id":"https:\/\/www.organisator.ch\/en\/general\/2019-06-17\/erster-swiss-medical-spa-hospitality-think-tank\/#primaryimage","url":"https:\/\/www.organisator.ch\/wp-content\/uploads\/2019\/06\/Swiss-Medical-Spa-Hospitality-Think-Tank-UP_Umwelt-Perspektiven_neu.jpg","contentUrl":"https:\/\/www.organisator.ch\/wp-content\/uploads\/2019\/06\/Swiss-Medical-Spa-Hospitality-Think-Tank-UP_Umwelt-Perspektiven_neu.jpg","width":640,"height":400,"caption":"Der Tagungsort des ersten Swiss Medical Spa Hospitality & Think Tanks: Die EHL Swiss School of Tourism and Hospitality in Chur-Passugg. (Bild: EHL Swiss School of Tourism and Hospitality)"},{"@type":"BreadcrumbList","@id":"https:\/\/www.organisator.ch\/en\/general\/2019-06-17\/erster-swiss-medical-spa-hospitality-think-tank\/#breadcrumb","itemListElement":[{"@type":"ListItem","position":1,"name":"Home","item":"https:\/\/www.organisator.ch\/"},{"@type":"ListItem","position":2,"name":"Erster Swiss Medical Spa &#038; Hospitality Think Tank"}]},{"@type":"WebSite","@id":"https:\/\/www.organisator.ch\/#website","url":"https:\/\/www.organisator.ch\/","name":"Organisateur","description":"Comp\u00e9tence et comp\u00e9tence. Proches de la pratique. L'ORGANISATEUR pr\u00e9pare 10 num\u00e9ros par an sur les th\u00e8mes essentiels pour les dirigeants de PME.","publisher":{"@id":"https:\/\/www.organisator.ch\/#organization"},"potentialAction":[{"@type":"SearchAction","target":{"@type":"EntryPoint","urlTemplate":"https:\/\/www.organisator.ch\/?s={search_term_string}"},"query-input":{"@type":"PropertyValueSpecification","valueRequired":true,"valueName":"search_term_string"}}],"inLanguage":"fr-FR"},{"@type":"Organization","@id":"https:\/\/www.organisator.ch\/#organization","name":"Organisateur","url":"https:\/\/www.organisator.ch\/","logo":{"@type":"ImageObject","inLanguage":"fr-FR","@id":"https:\/\/www.organisator.ch\/#\/schema\/logo\/image\/","url":"https:\/\/www.organisator.ch\/wp-content\/uploads\/2022\/01\/Logo_Organisator_Website.png","contentUrl":"https:\/\/www.organisator.ch\/wp-content\/uploads\/2022\/01\/Logo_Organisator_Website.png","width":800,"height":77,"caption":"Organisator"},"image":{"@id":"https:\/\/www.organisator.ch\/#\/schema\/logo\/image\/"},"sameAs":["https:\/\/www.facebook.com\/OrganisatorFachmagazin","https:\/\/www.linkedin.com\/showcase\/organisator-das-magazin-fr-kmu","https:\/\/www.xing.com\/news\/pages\/organisator-ch-695","https:\/\/www.youtube.com\/channel\/UCGP2Sq0iWaZwT3BdIAQFYpw"]},{"@type":"Person","@id":"https:\/\/www.organisator.ch\/#\/schema\/person\/134708ca9321c57b0362cceb7948ffbd","name":"michael.merz","image":{"@type":"ImageObject","inLanguage":"fr-FR","@id":"https:\/\/secure.gravatar.com\/avatar\/?s=96&d=mm&r=g","url":"https:\/\/secure.gravatar.com\/avatar\/?s=96&d=mm&r=g","contentUrl":"https:\/\/secure.gravatar.com\/avatar\/?s=96&d=mm&r=g","caption":"michael.merz"},"url":"https:\/\/www.organisator.ch\/fr\/author\/michael-merz\/"}]}},"_links":{"self":[{"href":"https:\/\/www.organisator.ch\/fr\/wp-json\/wp\/v2\/posts\/2202","targetHints":{"allow":["GET"]}}],"collection":[{"href":"https:\/\/www.organisator.ch\/fr\/wp-json\/wp\/v2\/posts"}],"about":[{"href":"https:\/\/www.organisator.ch\/fr\/wp-json\/wp\/v2\/types\/post"}],"author":[{"embeddable":true,"href":"https:\/\/www.organisator.ch\/fr\/wp-json\/wp\/v2\/users\/5"}],"replies":[{"embeddable":true,"href":"https:\/\/www.organisator.ch\/fr\/wp-json\/wp\/v2\/comments?post=2202"}],"version-history":[{"count":0,"href":"https:\/\/www.organisator.ch\/fr\/wp-json\/wp\/v2\/posts\/2202\/revisions"}],"wp:featuredmedia":[{"embeddable":true,"href":"https:\/\/www.organisator.ch\/fr\/wp-json\/wp\/v2\/media\/9616"}],"wp:attachment":[{"href":"https:\/\/www.organisator.ch\/fr\/wp-json\/wp\/v2\/media?parent=2202"}],"wp:term":[{"taxonomy":"category","embeddable":true,"href":"https:\/\/www.organisator.ch\/fr\/wp-json\/wp\/v2\/categories?post=2202"},{"taxonomy":"post_tag","embeddable":true,"href":"https:\/\/www.organisator.ch\/fr\/wp-json\/wp\/v2\/tags?post=2202"}],"curies":[{"name":"wp","href":"https:\/\/api.w.org\/{rel}","templated":true}]}}