{"id":22148,"date":"2023-10-05T14:28:49","date_gmt":"2023-10-05T12:28:49","guid":{"rendered":"https:\/\/www.organisator.ch\/?p=22148"},"modified":"2023-10-05T14:28:49","modified_gmt":"2023-10-05T12:28:49","slug":"diplomvergabe-an-der-hochschule-fuer-wirtschaft-fhnw","status":"publish","type":"post","link":"https:\/\/www.organisator.ch\/fr\/weiterbildung\/2023-10-05\/diplomvergabe-an-der-hochschule-fuer-wirtschaft-fhnw\/","title":{"rendered":"Remise des dipl\u00f4mes \u00e0 la Haute \u00e9cole d'\u00e9conomie FHNW"},"content":{"rendered":"<figure id=\"attachment_22149\" aria-describedby=\"caption-attachment-22149\" style=\"width: 680px\" class=\"wp-caption alignnone\"><img loading=\"lazy\" decoding=\"async\" class=\"size-full wp-image-22149\" src=\"https:\/\/www.organisator.ch\/wp-content\/uploads\/2023\/10\/FHNW_Diplomfeier_Bild1_ps.jpg\" alt=\"\" width=\"680\" height=\"453\" srcset=\"https:\/\/www.organisator.ch\/wp-content\/uploads\/2023\/10\/FHNW_Diplomfeier_Bild1_ps.jpg 680w, https:\/\/www.organisator.ch\/wp-content\/uploads\/2023\/10\/FHNW_Diplomfeier_Bild1_ps-18x12.jpg 18w, https:\/\/www.organisator.ch\/wp-content\/uploads\/2023\/10\/FHNW_Diplomfeier_Bild1_ps-375x250.jpg 375w, https:\/\/www.organisator.ch\/wp-content\/uploads\/2023\/10\/FHNW_Diplomfeier_Bild1_ps-525x350.jpg 525w\" sizes=\"auto, (max-width: 680px) 100vw, 680px\" \/><figcaption id=\"caption-attachment-22149\" class=\"wp-caption-text\">FHNW Campus Brugg-Windisch. (Image : WEISSWERT C. Morin &amp; M. Indermaur - www.fhnw.ch)<\/figcaption><\/figure>\n<p>Au total, 482 \u00e9tudiants des fili\u00e8res de bachelor en \u00e9conomie d'entreprise, informatique de gestion, Business Administration (International Management) et Business Information Technology et 65 \u00e9tudiants des fili\u00e8res de master International Management et Business Information Systems ont termin\u00e9 avec succ\u00e8s leurs \u00e9tudes \u00e0 la Fachhochschule Nordwestschweiz FHNW.<\/p>\n<h3><strong>La Haute \u00e9cole sp\u00e9cialis\u00e9e du Nord-Ouest de la Suisse FHNW<\/strong><\/h3>\n<p>La Haute \u00e9cole sp\u00e9cialis\u00e9e du Nord-Ouest de la Suisse FHNW regroupe neuf hautes \u00e9coles sp\u00e9cialis\u00e9es dans les domaines suivants : psychologie appliqu\u00e9e, architecture, construction et g\u00e9omatique, arts et design, sciences de la vie, musique, formation des enseignants, travail social, technique et \u00e9conomie.  Les campus de la FHNW sont situ\u00e9s dans les quatre cantons responsables, \u00e0 savoir Argovie, B\u00e2le-Campagne, B\u00e2le-Ville et Soleure. Plus de 13 600 \u00e9tudiants sont immatricul\u00e9s \u00e0 la FHNW. Pr\u00e8s de 1 400 professeurs transmettent un savoir orient\u00e9 vers la pratique et le march\u00e9 dans 31 fili\u00e8res de bachelor et 20 fili\u00e8res de master ainsi que dans de nombreuses offres de formation continue. Les dipl\u00f4m\u00e9s de la FHNW sont des sp\u00e9cialistes recherch\u00e9s.<\/p>\n<h3><strong>La Haute \u00e9cole de gestion FHNW<\/strong><\/h3>\n<p>La Haute \u00e9cole de gestion FHNW est orient\u00e9e vers l'international et la pratique. Elle forme \u00e0 B\u00e2le, Brugg-Windisch et Olten environ 3 000 \u00e9tudiants en bachelor et en master of science et est leader parmi les hautes \u00e9coles sp\u00e9cialis\u00e9es de Suisse gr\u00e2ce \u00e0 sa vaste offre de formation continue en business. Elle compte plus de 160 partenaires de coop\u00e9ration dans le monde entier et propose des programmes de formation internationaux sur mesure. Elle est ancr\u00e9e au niveau r\u00e9gional et est l'interlocutrice des petites et moyennes entreprises ainsi que des organisations (\u00e0 but non lucratif). Depuis 2021, elle fait partie des 5 pour cent de toutes les hautes \u00e9coles de gestion dans le monde qui sont accr\u00e9dit\u00e9es par AACSB.<\/p>\n<h3><strong>Nouveaux cursus de bachelor<\/strong><\/h3>\n<p>L'offre d'\u00e9tudes de la Hochschule f\u00fcr Wirtschaft FHNW s'oriente aussi bien vers les besoins des \u00e9tudiants que vers ceux de l'\u00e9conomie suisse. Ainsi, la Hochschule f\u00fcr Wirtschaft FHNW a introduit deux nouvelles fili\u00e8res de bachelor pour le semestre d'automne 2023 : BSc in Wirtschaftsrecht et BSc in Business Artificial Intelligence. Ces cursus ont \u00e9t\u00e9 bien accueillis : ainsi, 140 \u00e9tudiants au total ont commenc\u00e9 leurs \u00e9tudes en septembre dans l'une des nouvelles offres.<\/p>\n<p><em>Source : <a href=\"https:\/\/www.fhnw.ch\/de\">www.fhnw.ch\u00a0<\/a><\/em><\/p>","protected":false},"excerpt":{"rendered":"<p>La Haute \u00e9cole de gestion FHNW a d\u00e9cern\u00e9 547 dipl\u00f4mes de bachelor et de master. Du 28 au 30 septembre, les remises de dipl\u00f4mes de la Hochschule f\u00fcr Wirtschaft de la Fachhochschule Nordwestschweiz FHNW ont eu lieu \u00e0 B\u00e2le, Brugg-Windisch et Olten.<\/p>","protected":false},"author":58,"featured_media":22149,"comment_status":"closed","ping_status":"closed","sticky":false,"template":"","format":"standard","meta":{"_acf_changed":false,"_yoast_wpseo_focuskw":"Hochschule f\u00fcr Wirtschaft FHNW","_yoast_wpseo_metadesc":"In Basel, Brugg-Windisch und Olten fanden die Diplom\u00fcbergaben der Hochschule f\u00fcr Wirtschaft FHNW (Fachhochschule Nordwestschweiz) statt.","articlekey":"","footnotes":""},"categories":[30],"tags":[62,3265,192,1168],"class_list":["post-22148","post","type-post","status-publish","format-standard","has-post-thumbnail","hentry","category-weiterbildung","tag-aus-weiterbildung","tag-diplomfeier","tag-fachhochschulen","tag-fhnw"],"acf":[],"yoast_head":"<!-- This site is optimized with the Yoast SEO plugin v27.5 - https:\/\/yoast.com\/product\/yoast-seo-wordpress\/ -->\n<title>Diplomvergabe an der Hochschule f\u00fcr Wirtschaft FHNW - Organisator<\/title>\n<meta name=\"description\" content=\"In Basel, Brugg-Windisch und Olten fanden die Diplom\u00fcbergaben der Hochschule f\u00fcr Wirtschaft FHNW (Fachhochschule Nordwestschweiz) statt.\" \/>\n<meta name=\"robots\" content=\"index, follow, max-snippet:-1, max-image-preview:large, max-video-preview:-1\" \/>\n<link rel=\"canonical\" href=\"https:\/\/www.organisator.ch\/fr\/formation-continue-2\/2023-10-05\/diplomvergabe-an-der-hochschule-fuer-wirtschaft-fhnw\/\" \/>\n<meta property=\"og:locale\" content=\"fr_FR\" \/>\n<meta property=\"og:type\" content=\"article\" \/>\n<meta property=\"og:title\" content=\"Diplomvergabe an der Hochschule f\u00fcr Wirtschaft FHNW\" \/>\n<meta property=\"og:description\" content=\"In Basel, Brugg-Windisch und Olten fanden die Diplom\u00fcbergaben der Hochschule f\u00fcr Wirtschaft FHNW (Fachhochschule Nordwestschweiz) statt.\" \/>\n<meta property=\"og:url\" content=\"https:\/\/www.organisator.ch\/fr\/formation-continue-2\/2023-10-05\/diplomvergabe-an-der-hochschule-fuer-wirtschaft-fhnw\/\" \/>\n<meta property=\"og:site_name\" content=\"Organisator\" \/>\n<meta property=\"article:publisher\" content=\"https:\/\/www.facebook.com\/OrganisatorFachmagazin\" \/>\n<meta property=\"article:published_time\" content=\"2023-10-05T12:28:49+00:00\" \/>\n<meta property=\"og:image\" content=\"https:\/\/www.organisator.ch\/wp-content\/uploads\/2023\/10\/FHNW_Diplomfeier_Bild1_ps.jpg\" \/>\n\t<meta property=\"og:image:width\" content=\"680\" \/>\n\t<meta property=\"og:image:height\" content=\"453\" \/>\n\t<meta property=\"og:image:type\" content=\"image\/jpeg\" \/>\n<meta name=\"author\" content=\"Adelisa Kalajdzini\" \/>\n<meta name=\"twitter:card\" content=\"summary_large_image\" \/>\n<meta name=\"twitter:title\" content=\"#Diplomvergabe an der Hochschule f\u00fcr Wirtschaft #FHNW\" \/>\n<meta name=\"twitter:description\" content=\"In Basel, Brugg-Windisch und Olten fanden die #Diplom\u00fcbergaben der Hochschule f\u00fcr Wirtschaft #FHNW (Fachhochschule Nordwestschweiz) statt.\" \/>\n<meta name=\"twitter:image\" content=\"https:\/\/www.organisator.ch\/wp-content\/uploads\/2023\/10\/FHNW_Diplomfeier_Bild1_ps.jpg\" \/>\n<script type=\"application\/ld+json\" class=\"yoast-schema-graph\">{\"@context\":\"https:\\\/\\\/schema.org\",\"@graph\":[{\"@type\":\"Article\",\"@id\":\"https:\\\/\\\/www.organisator.ch\\\/weiterbildung\\\/2023-10-05\\\/diplomvergabe-an-der-hochschule-fuer-wirtschaft-fhnw\\\/#article\",\"isPartOf\":{\"@id\":\"https:\\\/\\\/www.organisator.ch\\\/weiterbildung\\\/2023-10-05\\\/diplomvergabe-an-der-hochschule-fuer-wirtschaft-fhnw\\\/\"},\"author\":{\"name\":\"Adelisa Kalajdzini\",\"@id\":\"https:\\\/\\\/www.organisator.ch\\\/#\\\/schema\\\/person\\\/2e1314a2172123f874db408d8911d3f3\"},\"headline\":\"Diplomvergabe an der Hochschule f\u00fcr Wirtschaft FHNW\",\"datePublished\":\"2023-10-05T12:28:49+00:00\",\"mainEntityOfPage\":{\"@id\":\"https:\\\/\\\/www.organisator.ch\\\/weiterbildung\\\/2023-10-05\\\/diplomvergabe-an-der-hochschule-fuer-wirtschaft-fhnw\\\/\"},\"wordCount\":310,\"publisher\":{\"@id\":\"https:\\\/\\\/www.organisator.ch\\\/#organization\"},\"image\":{\"@id\":\"https:\\\/\\\/www.organisator.ch\\\/weiterbildung\\\/2023-10-05\\\/diplomvergabe-an-der-hochschule-fuer-wirtschaft-fhnw\\\/#primaryimage\"},\"thumbnailUrl\":\"https:\\\/\\\/www.organisator.ch\\\/wp-content\\\/uploads\\\/2023\\\/10\\\/FHNW_Diplomfeier_Bild1_ps.jpg\",\"keywords\":[\"Aus-\\\/Weiterbildung\",\"Diplomfeier\",\"Fachhochschulen\",\"FHNW\"],\"articleSection\":[\"WEITERBILDUNG\"],\"inLanguage\":\"fr-FR\"},{\"@type\":\"WebPage\",\"@id\":\"https:\\\/\\\/www.organisator.ch\\\/weiterbildung\\\/2023-10-05\\\/diplomvergabe-an-der-hochschule-fuer-wirtschaft-fhnw\\\/\",\"url\":\"https:\\\/\\\/www.organisator.ch\\\/weiterbildung\\\/2023-10-05\\\/diplomvergabe-an-der-hochschule-fuer-wirtschaft-fhnw\\\/\",\"name\":\"Diplomvergabe an der Hochschule f\u00fcr Wirtschaft FHNW - Organisator\",\"isPartOf\":{\"@id\":\"https:\\\/\\\/www.organisator.ch\\\/#website\"},\"primaryImageOfPage\":{\"@id\":\"https:\\\/\\\/www.organisator.ch\\\/weiterbildung\\\/2023-10-05\\\/diplomvergabe-an-der-hochschule-fuer-wirtschaft-fhnw\\\/#primaryimage\"},\"image\":{\"@id\":\"https:\\\/\\\/www.organisator.ch\\\/weiterbildung\\\/2023-10-05\\\/diplomvergabe-an-der-hochschule-fuer-wirtschaft-fhnw\\\/#primaryimage\"},\"thumbnailUrl\":\"https:\\\/\\\/www.organisator.ch\\\/wp-content\\\/uploads\\\/2023\\\/10\\\/FHNW_Diplomfeier_Bild1_ps.jpg\",\"datePublished\":\"2023-10-05T12:28:49+00:00\",\"description\":\"In Basel, Brugg-Windisch und Olten fanden die Diplom\u00fcbergaben der Hochschule f\u00fcr Wirtschaft FHNW (Fachhochschule Nordwestschweiz) statt.\",\"breadcrumb\":{\"@id\":\"https:\\\/\\\/www.organisator.ch\\\/weiterbildung\\\/2023-10-05\\\/diplomvergabe-an-der-hochschule-fuer-wirtschaft-fhnw\\\/#breadcrumb\"},\"inLanguage\":\"fr-FR\",\"potentialAction\":[{\"@type\":\"ReadAction\",\"target\":[\"https:\\\/\\\/www.organisator.ch\\\/weiterbildung\\\/2023-10-05\\\/diplomvergabe-an-der-hochschule-fuer-wirtschaft-fhnw\\\/\"]}]},{\"@type\":\"ImageObject\",\"inLanguage\":\"fr-FR\",\"@id\":\"https:\\\/\\\/www.organisator.ch\\\/weiterbildung\\\/2023-10-05\\\/diplomvergabe-an-der-hochschule-fuer-wirtschaft-fhnw\\\/#primaryimage\",\"url\":\"https:\\\/\\\/www.organisator.ch\\\/wp-content\\\/uploads\\\/2023\\\/10\\\/FHNW_Diplomfeier_Bild1_ps.jpg\",\"contentUrl\":\"https:\\\/\\\/www.organisator.ch\\\/wp-content\\\/uploads\\\/2023\\\/10\\\/FHNW_Diplomfeier_Bild1_ps.jpg\",\"width\":680,\"height\":453,\"caption\":\"FHNW Campus Brugg-Windisch. (Bild: WEISSWERT C. Morin M. Indermaur - www.fhnw.ch)\"},{\"@type\":\"BreadcrumbList\",\"@id\":\"https:\\\/\\\/www.organisator.ch\\\/weiterbildung\\\/2023-10-05\\\/diplomvergabe-an-der-hochschule-fuer-wirtschaft-fhnw\\\/#breadcrumb\",\"itemListElement\":[{\"@type\":\"ListItem\",\"position\":1,\"name\":\"Home\",\"item\":\"https:\\\/\\\/www.organisator.ch\\\/\"},{\"@type\":\"ListItem\",\"position\":2,\"name\":\"Diplomvergabe an der Hochschule f\u00fcr Wirtschaft FHNW\"}]},{\"@type\":\"WebSite\",\"@id\":\"https:\\\/\\\/www.organisator.ch\\\/#website\",\"url\":\"https:\\\/\\\/www.organisator.ch\\\/\",\"name\":\"Organisator\",\"description\":\"Kompetent. Praxisnah. Der ORGANISATOR bereitet in 10 Ausgaben pro Jahr die wesentlichen Themen f\u00fcr F\u00fchrungskr\u00e4fte von KMU auf.\",\"publisher\":{\"@id\":\"https:\\\/\\\/www.organisator.ch\\\/#organization\"},\"potentialAction\":[{\"@type\":\"SearchAction\",\"target\":{\"@type\":\"EntryPoint\",\"urlTemplate\":\"https:\\\/\\\/www.organisator.ch\\\/?s={search_term_string}\"},\"query-input\":{\"@type\":\"PropertyValueSpecification\",\"valueRequired\":true,\"valueName\":\"search_term_string\"}}],\"inLanguage\":\"fr-FR\"},{\"@type\":\"Organization\",\"@id\":\"https:\\\/\\\/www.organisator.ch\\\/#organization\",\"name\":\"Organisator\",\"url\":\"https:\\\/\\\/www.organisator.ch\\\/\",\"logo\":{\"@type\":\"ImageObject\",\"inLanguage\":\"fr-FR\",\"@id\":\"https:\\\/\\\/www.organisator.ch\\\/#\\\/schema\\\/logo\\\/image\\\/\",\"url\":\"https:\\\/\\\/www.organisator.ch\\\/wp-content\\\/uploads\\\/2022\\\/01\\\/Logo_Organisator_Website.png\",\"contentUrl\":\"https:\\\/\\\/www.organisator.ch\\\/wp-content\\\/uploads\\\/2022\\\/01\\\/Logo_Organisator_Website.png\",\"width\":800,\"height\":77,\"caption\":\"Organisator\"},\"image\":{\"@id\":\"https:\\\/\\\/www.organisator.ch\\\/#\\\/schema\\\/logo\\\/image\\\/\"},\"sameAs\":[\"https:\\\/\\\/www.facebook.com\\\/OrganisatorFachmagazin\",\"https:\\\/\\\/www.linkedin.com\\\/showcase\\\/organisator-das-magazin-fr-kmu\",\"https:\\\/\\\/www.xing.com\\\/news\\\/pages\\\/organisator-ch-695\",\"https:\\\/\\\/www.youtube.com\\\/channel\\\/UCGP2Sq0iWaZwT3BdIAQFYpw\"]},{\"@type\":\"Person\",\"@id\":\"https:\\\/\\\/www.organisator.ch\\\/#\\\/schema\\\/person\\\/2e1314a2172123f874db408d8911d3f3\",\"name\":\"Adelisa Kalajdzini\",\"image\":{\"@type\":\"ImageObject\",\"inLanguage\":\"fr-FR\",\"@id\":\"https:\\\/\\\/secure.gravatar.com\\\/avatar\\\/09a397c22ac58cad6f160ee8306348599df9df58a8ede73696226897b9fa4b24?s=96&d=mm&r=g\",\"url\":\"https:\\\/\\\/secure.gravatar.com\\\/avatar\\\/09a397c22ac58cad6f160ee8306348599df9df58a8ede73696226897b9fa4b24?s=96&d=mm&r=g\",\"contentUrl\":\"https:\\\/\\\/secure.gravatar.com\\\/avatar\\\/09a397c22ac58cad6f160ee8306348599df9df58a8ede73696226897b9fa4b24?s=96&d=mm&r=g\",\"caption\":\"Adelisa Kalajdzini\"},\"url\":\"https:\\\/\\\/www.organisator.ch\\\/fr\\\/author\\\/adelisa-kalajdzini\\\/\"}]}<\/script>\n<!-- \/ Yoast SEO plugin. -->","yoast_head_json":{"title":"Remise des dipl\u00f4mes \u00e0 la Hochschule f\u00fcr Wirtschaft FHNW - Organisateur","description":"Les remises de dipl\u00f4mes de la Haute \u00e9cole d'\u00e9conomie FHNW (Fachhochschule Nordwestschweiz) ont eu lieu \u00e0 B\u00e2le, Brugg-Windisch et Olten.","robots":{"index":"index","follow":"follow","max-snippet":"max-snippet:-1","max-image-preview":"max-image-preview:large","max-video-preview":"max-video-preview:-1"},"canonical":"https:\/\/www.organisator.ch\/fr\/formation-continue-2\/2023-10-05\/diplomvergabe-an-der-hochschule-fuer-wirtschaft-fhnw\/","og_locale":"fr_FR","og_type":"article","og_title":"Diplomvergabe an der Hochschule f\u00fcr Wirtschaft FHNW","og_description":"In Basel, Brugg-Windisch und Olten fanden die Diplom\u00fcbergaben der Hochschule f\u00fcr Wirtschaft FHNW (Fachhochschule Nordwestschweiz) statt.","og_url":"https:\/\/www.organisator.ch\/fr\/formation-continue-2\/2023-10-05\/diplomvergabe-an-der-hochschule-fuer-wirtschaft-fhnw\/","og_site_name":"Organisator","article_publisher":"https:\/\/www.facebook.com\/OrganisatorFachmagazin","article_published_time":"2023-10-05T12:28:49+00:00","og_image":[{"width":680,"height":453,"url":"https:\/\/www.organisator.ch\/wp-content\/uploads\/2023\/10\/FHNW_Diplomfeier_Bild1_ps.jpg","type":"image\/jpeg"}],"author":"Adelisa Kalajdzini","twitter_card":"summary_large_image","twitter_title":"#Diplomvergabe an der Hochschule f\u00fcr Wirtschaft #FHNW","twitter_description":"In Basel, Brugg-Windisch und Olten fanden die #Diplom\u00fcbergaben der Hochschule f\u00fcr Wirtschaft #FHNW (Fachhochschule Nordwestschweiz) statt.","twitter_image":"https:\/\/www.organisator.ch\/wp-content\/uploads\/2023\/10\/FHNW_Diplomfeier_Bild1_ps.jpg","schema":{"@context":"https:\/\/schema.org","@graph":[{"@type":"Article","@id":"https:\/\/www.organisator.ch\/weiterbildung\/2023-10-05\/diplomvergabe-an-der-hochschule-fuer-wirtschaft-fhnw\/#article","isPartOf":{"@id":"https:\/\/www.organisator.ch\/weiterbildung\/2023-10-05\/diplomvergabe-an-der-hochschule-fuer-wirtschaft-fhnw\/"},"author":{"name":"Adelisa Kalajdzini","@id":"https:\/\/www.organisator.ch\/#\/schema\/person\/2e1314a2172123f874db408d8911d3f3"},"headline":"Diplomvergabe an der Hochschule f\u00fcr Wirtschaft FHNW","datePublished":"2023-10-05T12:28:49+00:00","mainEntityOfPage":{"@id":"https:\/\/www.organisator.ch\/weiterbildung\/2023-10-05\/diplomvergabe-an-der-hochschule-fuer-wirtschaft-fhnw\/"},"wordCount":310,"publisher":{"@id":"https:\/\/www.organisator.ch\/#organization"},"image":{"@id":"https:\/\/www.organisator.ch\/weiterbildung\/2023-10-05\/diplomvergabe-an-der-hochschule-fuer-wirtschaft-fhnw\/#primaryimage"},"thumbnailUrl":"https:\/\/www.organisator.ch\/wp-content\/uploads\/2023\/10\/FHNW_Diplomfeier_Bild1_ps.jpg","keywords":["Aus-\/Weiterbildung","Diplomfeier","Fachhochschulen","FHNW"],"articleSection":["WEITERBILDUNG"],"inLanguage":"fr-FR"},{"@type":"WebPage","@id":"https:\/\/www.organisator.ch\/weiterbildung\/2023-10-05\/diplomvergabe-an-der-hochschule-fuer-wirtschaft-fhnw\/","url":"https:\/\/www.organisator.ch\/weiterbildung\/2023-10-05\/diplomvergabe-an-der-hochschule-fuer-wirtschaft-fhnw\/","name":"Remise des dipl\u00f4mes \u00e0 la Hochschule f\u00fcr Wirtschaft FHNW - Organisateur","isPartOf":{"@id":"https:\/\/www.organisator.ch\/#website"},"primaryImageOfPage":{"@id":"https:\/\/www.organisator.ch\/weiterbildung\/2023-10-05\/diplomvergabe-an-der-hochschule-fuer-wirtschaft-fhnw\/#primaryimage"},"image":{"@id":"https:\/\/www.organisator.ch\/weiterbildung\/2023-10-05\/diplomvergabe-an-der-hochschule-fuer-wirtschaft-fhnw\/#primaryimage"},"thumbnailUrl":"https:\/\/www.organisator.ch\/wp-content\/uploads\/2023\/10\/FHNW_Diplomfeier_Bild1_ps.jpg","datePublished":"2023-10-05T12:28:49+00:00","description":"Les remises de dipl\u00f4mes de la Haute \u00e9cole d'\u00e9conomie FHNW (Fachhochschule Nordwestschweiz) ont eu lieu \u00e0 B\u00e2le, Brugg-Windisch et Olten.","breadcrumb":{"@id":"https:\/\/www.organisator.ch\/weiterbildung\/2023-10-05\/diplomvergabe-an-der-hochschule-fuer-wirtschaft-fhnw\/#breadcrumb"},"inLanguage":"fr-FR","potentialAction":[{"@type":"ReadAction","target":["https:\/\/www.organisator.ch\/weiterbildung\/2023-10-05\/diplomvergabe-an-der-hochschule-fuer-wirtschaft-fhnw\/"]}]},{"@type":"ImageObject","inLanguage":"fr-FR","@id":"https:\/\/www.organisator.ch\/weiterbildung\/2023-10-05\/diplomvergabe-an-der-hochschule-fuer-wirtschaft-fhnw\/#primaryimage","url":"https:\/\/www.organisator.ch\/wp-content\/uploads\/2023\/10\/FHNW_Diplomfeier_Bild1_ps.jpg","contentUrl":"https:\/\/www.organisator.ch\/wp-content\/uploads\/2023\/10\/FHNW_Diplomfeier_Bild1_ps.jpg","width":680,"height":453,"caption":"FHNW Campus Brugg-Windisch. (Bild: WEISSWERT C. Morin M. Indermaur - www.fhnw.ch)"},{"@type":"BreadcrumbList","@id":"https:\/\/www.organisator.ch\/weiterbildung\/2023-10-05\/diplomvergabe-an-der-hochschule-fuer-wirtschaft-fhnw\/#breadcrumb","itemListElement":[{"@type":"ListItem","position":1,"name":"Home","item":"https:\/\/www.organisator.ch\/"},{"@type":"ListItem","position":2,"name":"Diplomvergabe an der Hochschule f\u00fcr Wirtschaft FHNW"}]},{"@type":"WebSite","@id":"https:\/\/www.organisator.ch\/#website","url":"https:\/\/www.organisator.ch\/","name":"Organisateur","description":"Comp\u00e9tence et comp\u00e9tence. Proches de la pratique. L'ORGANISATEUR pr\u00e9pare 10 num\u00e9ros par an sur les th\u00e8mes essentiels pour les dirigeants de PME.","publisher":{"@id":"https:\/\/www.organisator.ch\/#organization"},"potentialAction":[{"@type":"SearchAction","target":{"@type":"EntryPoint","urlTemplate":"https:\/\/www.organisator.ch\/?s={search_term_string}"},"query-input":{"@type":"PropertyValueSpecification","valueRequired":true,"valueName":"search_term_string"}}],"inLanguage":"fr-FR"},{"@type":"Organization","@id":"https:\/\/www.organisator.ch\/#organization","name":"Organisateur","url":"https:\/\/www.organisator.ch\/","logo":{"@type":"ImageObject","inLanguage":"fr-FR","@id":"https:\/\/www.organisator.ch\/#\/schema\/logo\/image\/","url":"https:\/\/www.organisator.ch\/wp-content\/uploads\/2022\/01\/Logo_Organisator_Website.png","contentUrl":"https:\/\/www.organisator.ch\/wp-content\/uploads\/2022\/01\/Logo_Organisator_Website.png","width":800,"height":77,"caption":"Organisator"},"image":{"@id":"https:\/\/www.organisator.ch\/#\/schema\/logo\/image\/"},"sameAs":["https:\/\/www.facebook.com\/OrganisatorFachmagazin","https:\/\/www.linkedin.com\/showcase\/organisator-das-magazin-fr-kmu","https:\/\/www.xing.com\/news\/pages\/organisator-ch-695","https:\/\/www.youtube.com\/channel\/UCGP2Sq0iWaZwT3BdIAQFYpw"]},{"@type":"Person","@id":"https:\/\/www.organisator.ch\/#\/schema\/person\/2e1314a2172123f874db408d8911d3f3","name":"Adelisa Kalajdzini","image":{"@type":"ImageObject","inLanguage":"fr-FR","@id":"https:\/\/secure.gravatar.com\/avatar\/09a397c22ac58cad6f160ee8306348599df9df58a8ede73696226897b9fa4b24?s=96&d=mm&r=g","url":"https:\/\/secure.gravatar.com\/avatar\/09a397c22ac58cad6f160ee8306348599df9df58a8ede73696226897b9fa4b24?s=96&d=mm&r=g","contentUrl":"https:\/\/secure.gravatar.com\/avatar\/09a397c22ac58cad6f160ee8306348599df9df58a8ede73696226897b9fa4b24?s=96&d=mm&r=g","caption":"Adelisa Kalajdzini"},"url":"https:\/\/www.organisator.ch\/fr\/author\/adelisa-kalajdzini\/"}]}},"_links":{"self":[{"href":"https:\/\/www.organisator.ch\/fr\/wp-json\/wp\/v2\/posts\/22148","targetHints":{"allow":["GET"]}}],"collection":[{"href":"https:\/\/www.organisator.ch\/fr\/wp-json\/wp\/v2\/posts"}],"about":[{"href":"https:\/\/www.organisator.ch\/fr\/wp-json\/wp\/v2\/types\/post"}],"author":[{"embeddable":true,"href":"https:\/\/www.organisator.ch\/fr\/wp-json\/wp\/v2\/users\/58"}],"replies":[{"embeddable":true,"href":"https:\/\/www.organisator.ch\/fr\/wp-json\/wp\/v2\/comments?post=22148"}],"version-history":[{"count":3,"href":"https:\/\/www.organisator.ch\/fr\/wp-json\/wp\/v2\/posts\/22148\/revisions"}],"predecessor-version":[{"id":22163,"href":"https:\/\/www.organisator.ch\/fr\/wp-json\/wp\/v2\/posts\/22148\/revisions\/22163"}],"wp:featuredmedia":[{"embeddable":true,"href":"https:\/\/www.organisator.ch\/fr\/wp-json\/wp\/v2\/media\/22149"}],"wp:attachment":[{"href":"https:\/\/www.organisator.ch\/fr\/wp-json\/wp\/v2\/media?parent=22148"}],"wp:term":[{"taxonomy":"category","embeddable":true,"href":"https:\/\/www.organisator.ch\/fr\/wp-json\/wp\/v2\/categories?post=22148"},{"taxonomy":"post_tag","embeddable":true,"href":"https:\/\/www.organisator.ch\/fr\/wp-json\/wp\/v2\/tags?post=22148"}],"curies":[{"name":"wp","href":"https:\/\/api.w.org\/{rel}","templated":true}]}}