{"id":2219,"date":"2019-06-20T12:05:21","date_gmt":"2019-06-20T10:05:21","guid":{"rendered":"https:\/\/www.umweltperspektiven.ch\/?p=2219"},"modified":"2022-02-09T11:10:06","modified_gmt":"2022-02-09T10:10:06","slug":"das-ppp-modell-ist-etabliert-nun-will-smart-city-die-staedte-voranbringen","status":"publish","type":"post","link":"https:\/\/www.organisator.ch\/fr\/sustainability\/2019-06-20\/das-ppp-modell-ist-etabliert-nun-will-smart-city-die-staedte-voranbringen\/","title":{"rendered":"Le mod\u00e8le PPP est \u00e9tabli ; Smart City veut maintenant faire avancer les villes"},"content":{"rendered":"<p>&nbsp;<\/p>\n<figure id=\"attachment_2220\" aria-describedby=\"caption-attachment-2220\" style=\"width: 621px\" class=\"wp-caption alignnone\"><img loading=\"lazy\" decoding=\"async\" class=\"size-full wp-image-2220\" src=\"\/\/www.umweltperspektiven.ch\/wp-content\/uploads\/2019\/06\/PPP_Modell_Zueri_Velo_UP_Umwelt-Perspektiven.jpg\" alt=\"\" width=\"621\" height=\"435\" \/><figcaption id=\"caption-attachment-2220\" class=\"wp-caption-text\">Un syst\u00e8me de location automatique de v\u00e9los est en service dans la ville de Zurich selon le mod\u00e8le PPP. Le partenaire priv\u00e9 responsable de la planification, de la construction, de l'exploitation et du financement des plus de 150 stations est la filiale de CarPostal \"PubliBike\". \"Z\u00fcri Velo\" a \u00e9t\u00e9 lanc\u00e9 le 6 avril 2018 ; d'ici l'\u00e9t\u00e9 2019, son r\u00e9seau de location devrait \u00eatre enti\u00e8rement op\u00e9rationnel avec un total de 2250 v\u00e9los, dont la moiti\u00e9 de v\u00e9los \u00e9lectriques et la moiti\u00e9 de v\u00e9los \u00e0 propulsion conventionnelle. (Image : PubliBike)<\/figcaption><\/figure>\n<p>Lorenz B\u00f6sch, pr\u00e9sident de l'Association PPP Suisse, a soulign\u00e9 \u00e0 l'occasion de l'assembl\u00e9e g\u00e9n\u00e9rale \u00e0 Berne que le mod\u00e8le PPP est aujourd'hui bien ancr\u00e9 en Suisse et qu'il est de plus en plus souvent envisag\u00e9 pour des projets et des t\u00e2ches de grande envergure. Les publications et les manifestations organis\u00e9es par l'association au cours des derni\u00e8res ann\u00e9es y ont largement contribu\u00e9.<\/p>\n<p>Une standardisation du mod\u00e8le PPP s'est solidement \u00e9tablie dans certains domaines. Les efforts de l'association ont contribu\u00e9 \u00e0 ce que les \u00e9l\u00e9ments cl\u00e9s du mod\u00e8le PPP soient int\u00e9gr\u00e9s et inscrits dans les directives obligatoires de la Conf\u00e9d\u00e9ration, de la Conf\u00e9rence des achats de la Conf\u00e9d\u00e9ration et de nombreuses autres administrations.<\/p>\n<p>Le savoir \u00e9labor\u00e9 avec le soutien de nombreux experts est accessible au public. L'association a ainsi largement atteint les objectifs qu'elle s'\u00e9tait fix\u00e9s et cessera ses activit\u00e9s \u00e0 la fin du mois.<\/p>\n<p><strong>Smart City - que signifie concr\u00e8tement cette expression ?<\/strong><\/p>\n<p>L'Association PPP Suisse, fond\u00e9e en 2006, a mis un terme \u00e0 ses activit\u00e9s en organisant une derni\u00e8re s\u00e9ance d'information publique sur le th\u00e8me de la \"Smart City\". L'association s'\u00e9tait fix\u00e9 pour objectif d'ancrer en Suisse le nouveau mod\u00e8le de partenariats public-priv\u00e9 pour l'accomplissement de t\u00e2ches publiques et de promouvoir sa standardisation. Le th\u00e8me Smart City, \u00e9galement bas\u00e9 sur les partenariats, vise une durabilit\u00e9 \u00e9cologique, \u00e9conomique et sociale, en particulier dans les villes, et pr\u00e9sente de nombreux points communs avec les efforts d\u00e9ploy\u00e9s jusqu'\u00e0 pr\u00e9sent par l'association. Selon les projections actuelles, la Suisse comptera environ dix millions d'habitants en 2045, dont la majorit\u00e9 dans les grandes villes.<\/p>\n<p>Smart City est un terme g\u00e9n\u00e9rique d\u00e9signant des concepts de d\u00e9veloppement globaux visant \u00e0 rendre les villes plus efficaces, plus avanc\u00e9es sur le plan technologique, plus vertes et plus inclusives sur le plan social. Ces concepts impliquent des innovations techniques, \u00e9conomiques et sociales.<\/p>\n<p>Selon le Dr Christian Geiger, pr\u00e9sident de l'association Smart City Hub Suisse, des dispositions sont n\u00e9cessaires pour maintenir la qualit\u00e9 de vie et la qualit\u00e9 du site en Suisse. Selon lui, cela n'est possible qu'en partenariat entre la soci\u00e9t\u00e9, la politique, l'administration et l'\u00e9conomie.<\/p>\n<p><strong>Un nouvel \u00e9lan pour les villes et une meilleure qualit\u00e9 de vie et de localisation<\/strong><\/p>\n<p>Smart City Hub Switzerland a \u00e9t\u00e9 fond\u00e9 en \u00e9t\u00e9 2018 par les villes de Saint-Gall, Winterthour, Zoug et Zurich, en collaboration avec les CFF, Swisscom et la Poste suisse. D'autres villes sont devenues membres au cours des derniers mois, comme B\u00e2le, Wil SG, Ittigen, Aarau, Lenzbourg, Lucerne et Schaffhouse. D'autres devraient suivre, notamment des villes de Suisse romande et du Tessin. L'association a pour objectif de faire avancer le th\u00e8me de la Smart City dans toute la Suisse avec des projets concrets. Une t\u00e2che centrale du Smart City Hub Switzerland est en outre de soutenir ses membres dans la mise en \u0153uvre de projets publics et priv\u00e9s.<\/p>\n<p>Philippe Stadler Benz, responsable par int\u00e9rim du programme Smart City aux CFF, a soulign\u00e9 que les CFF pouvaient apporter une contribution d\u00e9terminante \u00e0 une Suisse intelligente gr\u00e2ce \u00e0 leurs offres de mobilit\u00e9 en r\u00e9seau, leurs infrastructures \u00e0 l'\u00e9chelle de la Suisse et leurs sites centraux de grande envergure. Conscients de cette responsabilit\u00e9 \u00e9conomique, ils souhaitent soutenir les cantons, les villes et les communes en tant que partenaire solide sur la voie de la Smart City.<\/p>\n<p>Au printemps 2019, le canton de B\u00e2le-Ville et les CFF ont ouvert le Smart City Lab Basel sur l'Areal Wolf, \u00e0 quelques minutes \u00e0 v\u00e9lo au sud de la gare CFF de B\u00e2le. Le laboratoire permet aux partenaires de l'\u00e9conomie, de la science et de l'administration de d\u00e9velopper et de tester des solutions innovantes pour la ville de demain et pour am\u00e9liorer la qualit\u00e9 de vie et la comp\u00e9titivit\u00e9 de toute la Suisse. Jusqu'en 2024, le Smart City Lab de B\u00e2le offre un espace d'environ 160 000 m2 pour des projets pilotes de smart city et r\u00e9unit des id\u00e9es, des connaissances et des personnes afin de relever ensemble les d\u00e9fis actuels et futurs. L'accent th\u00e9matique est mis sur les domaines de la mobilit\u00e9 et de la logistique. Les premiers partenaires travaillent dans les domaines de la logistique urbaine, de la gestion de l'\u00e9clairage, de l'\u00e9nergie, du comptage du trafic et des donn\u00e9es 3D.<\/p>\n<p><strong>Le mod\u00e8le PPP est \u00e9tabli, l'Association PPP Suisse cesse ses activit\u00e9s<\/strong><\/p>\n<p><em>Le savoir \u00e9labor\u00e9 par l'association PPP et ses \u00e9crits seront \u00e0 l'avenir tenus \u00e0 la disposition du public par la Soci\u00e9t\u00e9 suisse des sciences administratives (<a href=\"\/\/www.sgvw.ch\">www.sgvw.ch<\/a>)<\/em><\/p>","protected":false},"excerpt":{"rendered":"<p>&nbsp; Lorenz B\u00f6sch, Pr\u00e4sident des Vereins PPP Schweiz betonte anl\u00e4sslich der General-Versammlung in Bern, dass das PPP-Modell heute in der Schweiz gut verankert sei und bei gr\u00f6sseren Vorhaben und Aufgaben immer h\u00e4ufiger in Erw\u00e4gung gezogen werde. Dazu h\u00e4tten die Publikationen und Veranstaltungen des Vereins in den vergangenen Jahren wesentlich beigetragen. Eine Standardisierung des PPP-Modells hat [&hellip;]<\/p>\n","protected":false},"author":5,"featured_media":9619,"comment_status":"open","ping_status":"open","sticky":false,"template":"","format":"standard","meta":{"_acf_changed":false,"_yoast_wpseo_focuskw":"PPP","_yoast_wpseo_metadesc":"Das PPP-Modell f\u00fcr \u00f6ffentlich-private Partnerschaften ist heute in der Schweiz etabliert und kommt vermehrt f\u00fcr Smart City Projekte zum Einsatz.","articlekey":"","footnotes":""},"categories":[580],"tags":[1604,424,2128,2443],"class_list":["post-2219","post","type-post","status-publish","format-standard","has-post-thumbnail","hentry","category-sustainability","tag-lebens-und-standortqualitaet","tag-schweiz","tag-smart-city","tag-verein"],"acf":[],"yoast_head":"<!-- This site is optimized with the Yoast SEO plugin v27.5 - https:\/\/yoast.com\/product\/yoast-seo-wordpress\/ -->\n<title>Das PPP-Modell ist etabliert; nun will Smart City die St\u00e4dte voranbringen - Organisator<\/title>\n<meta name=\"description\" content=\"Das PPP-Modell f\u00fcr \u00f6ffentlich-private Partnerschaften ist heute in der Schweiz etabliert und kommt vermehrt f\u00fcr Smart City Projekte zum Einsatz.\" \/>\n<meta name=\"robots\" content=\"index, follow, max-snippet:-1, max-image-preview:large, max-video-preview:-1\" \/>\n<link rel=\"canonical\" href=\"https:\/\/www.organisator.ch\/fr\/sustainability\/2019-06-20\/das-ppp-modell-ist-etabliert-nun-will-smart-city-die-staedte-voranbringen\/\" \/>\n<meta property=\"og:locale\" content=\"fr_FR\" \/>\n<meta property=\"og:type\" content=\"article\" \/>\n<meta property=\"og:title\" content=\"Das PPP-Modell ist etabliert; nun will Smart City die St\u00e4dte voranbringen - Organisator\" \/>\n<meta property=\"og:description\" content=\"Das PPP-Modell f\u00fcr \u00f6ffentlich-private Partnerschaften ist heute in der Schweiz etabliert und kommt vermehrt f\u00fcr Smart City Projekte zum Einsatz.\" \/>\n<meta property=\"og:url\" content=\"https:\/\/www.organisator.ch\/fr\/sustainability\/2019-06-20\/das-ppp-modell-ist-etabliert-nun-will-smart-city-die-staedte-voranbringen\/\" \/>\n<meta property=\"og:site_name\" content=\"Organisator\" \/>\n<meta property=\"article:publisher\" content=\"https:\/\/www.facebook.com\/OrganisatorFachmagazin\" \/>\n<meta property=\"article:published_time\" content=\"2019-06-20T10:05:21+00:00\" \/>\n<meta property=\"article:modified_time\" content=\"2022-02-09T10:10:06+00:00\" \/>\n<meta property=\"og:image\" content=\"https:\/\/www.organisator.ch\/wp-content\/uploads\/2019\/06\/PPP_Modell_Zueri_Velo_UP_Umwelt-Perspektiven.jpg\" \/>\n\t<meta property=\"og:image:width\" content=\"621\" \/>\n\t<meta property=\"og:image:height\" content=\"435\" \/>\n\t<meta property=\"og:image:type\" content=\"image\/jpeg\" \/>\n<meta name=\"author\" content=\"michael.merz\" \/>\n<meta name=\"twitter:card\" content=\"summary_large_image\" \/>\n<script type=\"application\/ld+json\" class=\"yoast-schema-graph\">{\"@context\":\"https:\\\/\\\/schema.org\",\"@graph\":[{\"@type\":\"Article\",\"@id\":\"https:\\\/\\\/www.organisator.ch\\\/sustainability\\\/2019-06-20\\\/das-ppp-modell-ist-etabliert-nun-will-smart-city-die-staedte-voranbringen\\\/#article\",\"isPartOf\":{\"@id\":\"https:\\\/\\\/www.organisator.ch\\\/sustainability\\\/2019-06-20\\\/das-ppp-modell-ist-etabliert-nun-will-smart-city-die-staedte-voranbringen\\\/\"},\"author\":{\"name\":\"michael.merz\",\"@id\":\"https:\\\/\\\/www.organisator.ch\\\/#\\\/schema\\\/person\\\/134708ca9321c57b0362cceb7948ffbd\"},\"headline\":\"Das PPP-Modell ist etabliert; nun will Smart City die St\u00e4dte voranbringen\",\"datePublished\":\"2019-06-20T10:05:21+00:00\",\"dateModified\":\"2022-02-09T10:10:06+00:00\",\"mainEntityOfPage\":{\"@id\":\"https:\\\/\\\/www.organisator.ch\\\/sustainability\\\/2019-06-20\\\/das-ppp-modell-ist-etabliert-nun-will-smart-city-die-staedte-voranbringen\\\/\"},\"wordCount\":733,\"commentCount\":0,\"publisher\":{\"@id\":\"https:\\\/\\\/www.organisator.ch\\\/#organization\"},\"image\":{\"@id\":\"https:\\\/\\\/www.organisator.ch\\\/sustainability\\\/2019-06-20\\\/das-ppp-modell-ist-etabliert-nun-will-smart-city-die-staedte-voranbringen\\\/#primaryimage\"},\"thumbnailUrl\":\"https:\\\/\\\/www.organisator.ch\\\/wp-content\\\/uploads\\\/2019\\\/06\\\/PPP_Modell_Zueri_Velo_UP_Umwelt-Perspektiven.jpg\",\"keywords\":[\"Lebens- und Standortqualit\u00e4t\",\"Schweiz\",\"Smart City\",\"Verein\"],\"articleSection\":[\"SUSTAINABILITY\"],\"inLanguage\":\"fr-FR\"},{\"@type\":\"WebPage\",\"@id\":\"https:\\\/\\\/www.organisator.ch\\\/sustainability\\\/2019-06-20\\\/das-ppp-modell-ist-etabliert-nun-will-smart-city-die-staedte-voranbringen\\\/\",\"url\":\"https:\\\/\\\/www.organisator.ch\\\/sustainability\\\/2019-06-20\\\/das-ppp-modell-ist-etabliert-nun-will-smart-city-die-staedte-voranbringen\\\/\",\"name\":\"Das PPP-Modell ist etabliert; nun will Smart City die St\u00e4dte voranbringen - Organisator\",\"isPartOf\":{\"@id\":\"https:\\\/\\\/www.organisator.ch\\\/#website\"},\"primaryImageOfPage\":{\"@id\":\"https:\\\/\\\/www.organisator.ch\\\/sustainability\\\/2019-06-20\\\/das-ppp-modell-ist-etabliert-nun-will-smart-city-die-staedte-voranbringen\\\/#primaryimage\"},\"image\":{\"@id\":\"https:\\\/\\\/www.organisator.ch\\\/sustainability\\\/2019-06-20\\\/das-ppp-modell-ist-etabliert-nun-will-smart-city-die-staedte-voranbringen\\\/#primaryimage\"},\"thumbnailUrl\":\"https:\\\/\\\/www.organisator.ch\\\/wp-content\\\/uploads\\\/2019\\\/06\\\/PPP_Modell_Zueri_Velo_UP_Umwelt-Perspektiven.jpg\",\"datePublished\":\"2019-06-20T10:05:21+00:00\",\"dateModified\":\"2022-02-09T10:10:06+00:00\",\"description\":\"Das PPP-Modell f\u00fcr \u00f6ffentlich-private Partnerschaften ist heute in der Schweiz etabliert und kommt vermehrt f\u00fcr Smart City Projekte zum Einsatz.\",\"breadcrumb\":{\"@id\":\"https:\\\/\\\/www.organisator.ch\\\/sustainability\\\/2019-06-20\\\/das-ppp-modell-ist-etabliert-nun-will-smart-city-die-staedte-voranbringen\\\/#breadcrumb\"},\"inLanguage\":\"fr-FR\",\"potentialAction\":[{\"@type\":\"ReadAction\",\"target\":[\"https:\\\/\\\/www.organisator.ch\\\/sustainability\\\/2019-06-20\\\/das-ppp-modell-ist-etabliert-nun-will-smart-city-die-staedte-voranbringen\\\/\"]}]},{\"@type\":\"ImageObject\",\"inLanguage\":\"fr-FR\",\"@id\":\"https:\\\/\\\/www.organisator.ch\\\/sustainability\\\/2019-06-20\\\/das-ppp-modell-ist-etabliert-nun-will-smart-city-die-staedte-voranbringen\\\/#primaryimage\",\"url\":\"https:\\\/\\\/www.organisator.ch\\\/wp-content\\\/uploads\\\/2019\\\/06\\\/PPP_Modell_Zueri_Velo_UP_Umwelt-Perspektiven.jpg\",\"contentUrl\":\"https:\\\/\\\/www.organisator.ch\\\/wp-content\\\/uploads\\\/2019\\\/06\\\/PPP_Modell_Zueri_Velo_UP_Umwelt-Perspektiven.jpg\",\"width\":621,\"height\":435,\"caption\":\"In der Stadt Z\u00fcrich ist ein automatisches Veloverleihsystem im PPP-Modell in Betrieb. Privater Partner und verantwortlich f\u00fcr Planung, Aufbau, Betrieb und Finanzierung der \u00fcber 150 Stationen ist die Postauto-Tochter \\\"PubliBike\\\". \u201cZ\u00fcri Velo\u201c ist am 6. April 2018 gestartet; bis im Sommer 2019 soll sein Verleihnetz mit insgesamt 2\u2018250 Fahrr\u00e4dern, je zur H\u00e4lfte aus E-Bikes und konventionell betriebenen Velos, komplett in Betrieb sein. (Bild: PubliBike)\"},{\"@type\":\"BreadcrumbList\",\"@id\":\"https:\\\/\\\/www.organisator.ch\\\/sustainability\\\/2019-06-20\\\/das-ppp-modell-ist-etabliert-nun-will-smart-city-die-staedte-voranbringen\\\/#breadcrumb\",\"itemListElement\":[{\"@type\":\"ListItem\",\"position\":1,\"name\":\"Home\",\"item\":\"https:\\\/\\\/www.organisator.ch\\\/\"},{\"@type\":\"ListItem\",\"position\":2,\"name\":\"Das PPP-Modell ist etabliert; nun will Smart City die St\u00e4dte voranbringen\"}]},{\"@type\":\"WebSite\",\"@id\":\"https:\\\/\\\/www.organisator.ch\\\/#website\",\"url\":\"https:\\\/\\\/www.organisator.ch\\\/\",\"name\":\"Organisator\",\"description\":\"Kompetent. Praxisnah. Der ORGANISATOR bereitet in 10 Ausgaben pro Jahr die wesentlichen Themen f\u00fcr F\u00fchrungskr\u00e4fte von KMU auf.\",\"publisher\":{\"@id\":\"https:\\\/\\\/www.organisator.ch\\\/#organization\"},\"potentialAction\":[{\"@type\":\"SearchAction\",\"target\":{\"@type\":\"EntryPoint\",\"urlTemplate\":\"https:\\\/\\\/www.organisator.ch\\\/?s={search_term_string}\"},\"query-input\":{\"@type\":\"PropertyValueSpecification\",\"valueRequired\":true,\"valueName\":\"search_term_string\"}}],\"inLanguage\":\"fr-FR\"},{\"@type\":\"Organization\",\"@id\":\"https:\\\/\\\/www.organisator.ch\\\/#organization\",\"name\":\"Organisator\",\"url\":\"https:\\\/\\\/www.organisator.ch\\\/\",\"logo\":{\"@type\":\"ImageObject\",\"inLanguage\":\"fr-FR\",\"@id\":\"https:\\\/\\\/www.organisator.ch\\\/#\\\/schema\\\/logo\\\/image\\\/\",\"url\":\"https:\\\/\\\/www.organisator.ch\\\/wp-content\\\/uploads\\\/2022\\\/01\\\/Logo_Organisator_Website.png\",\"contentUrl\":\"https:\\\/\\\/www.organisator.ch\\\/wp-content\\\/uploads\\\/2022\\\/01\\\/Logo_Organisator_Website.png\",\"width\":800,\"height\":77,\"caption\":\"Organisator\"},\"image\":{\"@id\":\"https:\\\/\\\/www.organisator.ch\\\/#\\\/schema\\\/logo\\\/image\\\/\"},\"sameAs\":[\"https:\\\/\\\/www.facebook.com\\\/OrganisatorFachmagazin\",\"https:\\\/\\\/www.linkedin.com\\\/showcase\\\/organisator-das-magazin-fr-kmu\",\"https:\\\/\\\/www.xing.com\\\/news\\\/pages\\\/organisator-ch-695\",\"https:\\\/\\\/www.youtube.com\\\/channel\\\/UCGP2Sq0iWaZwT3BdIAQFYpw\"]},{\"@type\":\"Person\",\"@id\":\"https:\\\/\\\/www.organisator.ch\\\/#\\\/schema\\\/person\\\/134708ca9321c57b0362cceb7948ffbd\",\"name\":\"michael.merz\",\"image\":{\"@type\":\"ImageObject\",\"inLanguage\":\"fr-FR\",\"@id\":\"https:\\\/\\\/secure.gravatar.com\\\/avatar\\\/?s=96&d=mm&r=g\",\"url\":\"https:\\\/\\\/secure.gravatar.com\\\/avatar\\\/?s=96&d=mm&r=g\",\"contentUrl\":\"https:\\\/\\\/secure.gravatar.com\\\/avatar\\\/?s=96&d=mm&r=g\",\"caption\":\"michael.merz\"},\"url\":\"https:\\\/\\\/www.organisator.ch\\\/fr\\\/author\\\/michael-merz\\\/\"}]}<\/script>\n<!-- \/ Yoast SEO plugin. -->","yoast_head_json":{"title":"Le mod\u00e8le PPP est \u00e9tabli ; Smart City veut maintenant faire avancer les villes - Organisateur","description":"Le mod\u00e8le PPP pour les partenariats public-priv\u00e9 est aujourd'hui bien \u00e9tabli en Suisse et est de plus en plus utilis\u00e9 pour les projets Smart City.","robots":{"index":"index","follow":"follow","max-snippet":"max-snippet:-1","max-image-preview":"max-image-preview:large","max-video-preview":"max-video-preview:-1"},"canonical":"https:\/\/www.organisator.ch\/fr\/sustainability\/2019-06-20\/das-ppp-modell-ist-etabliert-nun-will-smart-city-die-staedte-voranbringen\/","og_locale":"fr_FR","og_type":"article","og_title":"Das PPP-Modell ist etabliert; nun will Smart City die St\u00e4dte voranbringen - Organisator","og_description":"Das PPP-Modell f\u00fcr \u00f6ffentlich-private Partnerschaften ist heute in der Schweiz etabliert und kommt vermehrt f\u00fcr Smart City Projekte zum Einsatz.","og_url":"https:\/\/www.organisator.ch\/fr\/sustainability\/2019-06-20\/das-ppp-modell-ist-etabliert-nun-will-smart-city-die-staedte-voranbringen\/","og_site_name":"Organisator","article_publisher":"https:\/\/www.facebook.com\/OrganisatorFachmagazin","article_published_time":"2019-06-20T10:05:21+00:00","article_modified_time":"2022-02-09T10:10:06+00:00","og_image":[{"width":621,"height":435,"url":"https:\/\/www.organisator.ch\/wp-content\/uploads\/2019\/06\/PPP_Modell_Zueri_Velo_UP_Umwelt-Perspektiven.jpg","type":"image\/jpeg"}],"author":"michael.merz","twitter_card":"summary_large_image","schema":{"@context":"https:\/\/schema.org","@graph":[{"@type":"Article","@id":"https:\/\/www.organisator.ch\/sustainability\/2019-06-20\/das-ppp-modell-ist-etabliert-nun-will-smart-city-die-staedte-voranbringen\/#article","isPartOf":{"@id":"https:\/\/www.organisator.ch\/sustainability\/2019-06-20\/das-ppp-modell-ist-etabliert-nun-will-smart-city-die-staedte-voranbringen\/"},"author":{"name":"michael.merz","@id":"https:\/\/www.organisator.ch\/#\/schema\/person\/134708ca9321c57b0362cceb7948ffbd"},"headline":"Das PPP-Modell ist etabliert; nun will Smart City die St\u00e4dte voranbringen","datePublished":"2019-06-20T10:05:21+00:00","dateModified":"2022-02-09T10:10:06+00:00","mainEntityOfPage":{"@id":"https:\/\/www.organisator.ch\/sustainability\/2019-06-20\/das-ppp-modell-ist-etabliert-nun-will-smart-city-die-staedte-voranbringen\/"},"wordCount":733,"commentCount":0,"publisher":{"@id":"https:\/\/www.organisator.ch\/#organization"},"image":{"@id":"https:\/\/www.organisator.ch\/sustainability\/2019-06-20\/das-ppp-modell-ist-etabliert-nun-will-smart-city-die-staedte-voranbringen\/#primaryimage"},"thumbnailUrl":"https:\/\/www.organisator.ch\/wp-content\/uploads\/2019\/06\/PPP_Modell_Zueri_Velo_UP_Umwelt-Perspektiven.jpg","keywords":["Lebens- und Standortqualit\u00e4t","Schweiz","Smart City","Verein"],"articleSection":["SUSTAINABILITY"],"inLanguage":"fr-FR"},{"@type":"WebPage","@id":"https:\/\/www.organisator.ch\/sustainability\/2019-06-20\/das-ppp-modell-ist-etabliert-nun-will-smart-city-die-staedte-voranbringen\/","url":"https:\/\/www.organisator.ch\/sustainability\/2019-06-20\/das-ppp-modell-ist-etabliert-nun-will-smart-city-die-staedte-voranbringen\/","name":"Le mod\u00e8le PPP est \u00e9tabli ; Smart City veut maintenant faire avancer les villes - Organisateur","isPartOf":{"@id":"https:\/\/www.organisator.ch\/#website"},"primaryImageOfPage":{"@id":"https:\/\/www.organisator.ch\/sustainability\/2019-06-20\/das-ppp-modell-ist-etabliert-nun-will-smart-city-die-staedte-voranbringen\/#primaryimage"},"image":{"@id":"https:\/\/www.organisator.ch\/sustainability\/2019-06-20\/das-ppp-modell-ist-etabliert-nun-will-smart-city-die-staedte-voranbringen\/#primaryimage"},"thumbnailUrl":"https:\/\/www.organisator.ch\/wp-content\/uploads\/2019\/06\/PPP_Modell_Zueri_Velo_UP_Umwelt-Perspektiven.jpg","datePublished":"2019-06-20T10:05:21+00:00","dateModified":"2022-02-09T10:10:06+00:00","description":"Le mod\u00e8le PPP pour les partenariats public-priv\u00e9 est aujourd'hui bien \u00e9tabli en Suisse et est de plus en plus utilis\u00e9 pour les projets Smart City.","breadcrumb":{"@id":"https:\/\/www.organisator.ch\/sustainability\/2019-06-20\/das-ppp-modell-ist-etabliert-nun-will-smart-city-die-staedte-voranbringen\/#breadcrumb"},"inLanguage":"fr-FR","potentialAction":[{"@type":"ReadAction","target":["https:\/\/www.organisator.ch\/sustainability\/2019-06-20\/das-ppp-modell-ist-etabliert-nun-will-smart-city-die-staedte-voranbringen\/"]}]},{"@type":"ImageObject","inLanguage":"fr-FR","@id":"https:\/\/www.organisator.ch\/sustainability\/2019-06-20\/das-ppp-modell-ist-etabliert-nun-will-smart-city-die-staedte-voranbringen\/#primaryimage","url":"https:\/\/www.organisator.ch\/wp-content\/uploads\/2019\/06\/PPP_Modell_Zueri_Velo_UP_Umwelt-Perspektiven.jpg","contentUrl":"https:\/\/www.organisator.ch\/wp-content\/uploads\/2019\/06\/PPP_Modell_Zueri_Velo_UP_Umwelt-Perspektiven.jpg","width":621,"height":435,"caption":"In der Stadt Z\u00fcrich ist ein automatisches Veloverleihsystem im PPP-Modell in Betrieb. Privater Partner und verantwortlich f\u00fcr Planung, Aufbau, Betrieb und Finanzierung der \u00fcber 150 Stationen ist die Postauto-Tochter \"PubliBike\". \u201cZ\u00fcri Velo\u201c ist am 6. April 2018 gestartet; bis im Sommer 2019 soll sein Verleihnetz mit insgesamt 2\u2018250 Fahrr\u00e4dern, je zur H\u00e4lfte aus E-Bikes und konventionell betriebenen Velos, komplett in Betrieb sein. (Bild: PubliBike)"},{"@type":"BreadcrumbList","@id":"https:\/\/www.organisator.ch\/sustainability\/2019-06-20\/das-ppp-modell-ist-etabliert-nun-will-smart-city-die-staedte-voranbringen\/#breadcrumb","itemListElement":[{"@type":"ListItem","position":1,"name":"Home","item":"https:\/\/www.organisator.ch\/"},{"@type":"ListItem","position":2,"name":"Das PPP-Modell ist etabliert; nun will Smart City die St\u00e4dte voranbringen"}]},{"@type":"WebSite","@id":"https:\/\/www.organisator.ch\/#website","url":"https:\/\/www.organisator.ch\/","name":"Organisateur","description":"Comp\u00e9tence et comp\u00e9tence. Proches de la pratique. L'ORGANISATEUR pr\u00e9pare 10 num\u00e9ros par an sur les th\u00e8mes essentiels pour les dirigeants de PME.","publisher":{"@id":"https:\/\/www.organisator.ch\/#organization"},"potentialAction":[{"@type":"SearchAction","target":{"@type":"EntryPoint","urlTemplate":"https:\/\/www.organisator.ch\/?s={search_term_string}"},"query-input":{"@type":"PropertyValueSpecification","valueRequired":true,"valueName":"search_term_string"}}],"inLanguage":"fr-FR"},{"@type":"Organization","@id":"https:\/\/www.organisator.ch\/#organization","name":"Organisateur","url":"https:\/\/www.organisator.ch\/","logo":{"@type":"ImageObject","inLanguage":"fr-FR","@id":"https:\/\/www.organisator.ch\/#\/schema\/logo\/image\/","url":"https:\/\/www.organisator.ch\/wp-content\/uploads\/2022\/01\/Logo_Organisator_Website.png","contentUrl":"https:\/\/www.organisator.ch\/wp-content\/uploads\/2022\/01\/Logo_Organisator_Website.png","width":800,"height":77,"caption":"Organisator"},"image":{"@id":"https:\/\/www.organisator.ch\/#\/schema\/logo\/image\/"},"sameAs":["https:\/\/www.facebook.com\/OrganisatorFachmagazin","https:\/\/www.linkedin.com\/showcase\/organisator-das-magazin-fr-kmu","https:\/\/www.xing.com\/news\/pages\/organisator-ch-695","https:\/\/www.youtube.com\/channel\/UCGP2Sq0iWaZwT3BdIAQFYpw"]},{"@type":"Person","@id":"https:\/\/www.organisator.ch\/#\/schema\/person\/134708ca9321c57b0362cceb7948ffbd","name":"michael.merz","image":{"@type":"ImageObject","inLanguage":"fr-FR","@id":"https:\/\/secure.gravatar.com\/avatar\/?s=96&d=mm&r=g","url":"https:\/\/secure.gravatar.com\/avatar\/?s=96&d=mm&r=g","contentUrl":"https:\/\/secure.gravatar.com\/avatar\/?s=96&d=mm&r=g","caption":"michael.merz"},"url":"https:\/\/www.organisator.ch\/fr\/author\/michael-merz\/"}]}},"_links":{"self":[{"href":"https:\/\/www.organisator.ch\/fr\/wp-json\/wp\/v2\/posts\/2219","targetHints":{"allow":["GET"]}}],"collection":[{"href":"https:\/\/www.organisator.ch\/fr\/wp-json\/wp\/v2\/posts"}],"about":[{"href":"https:\/\/www.organisator.ch\/fr\/wp-json\/wp\/v2\/types\/post"}],"author":[{"embeddable":true,"href":"https:\/\/www.organisator.ch\/fr\/wp-json\/wp\/v2\/users\/5"}],"replies":[{"embeddable":true,"href":"https:\/\/www.organisator.ch\/fr\/wp-json\/wp\/v2\/comments?post=2219"}],"version-history":[{"count":1,"href":"https:\/\/www.organisator.ch\/fr\/wp-json\/wp\/v2\/posts\/2219\/revisions"}],"predecessor-version":[{"id":10900,"href":"https:\/\/www.organisator.ch\/fr\/wp-json\/wp\/v2\/posts\/2219\/revisions\/10900"}],"wp:featuredmedia":[{"embeddable":true,"href":"https:\/\/www.organisator.ch\/fr\/wp-json\/wp\/v2\/media\/9619"}],"wp:attachment":[{"href":"https:\/\/www.organisator.ch\/fr\/wp-json\/wp\/v2\/media?parent=2219"}],"wp:term":[{"taxonomy":"category","embeddable":true,"href":"https:\/\/www.organisator.ch\/fr\/wp-json\/wp\/v2\/categories?post=2219"},{"taxonomy":"post_tag","embeddable":true,"href":"https:\/\/www.organisator.ch\/fr\/wp-json\/wp\/v2\/tags?post=2219"}],"curies":[{"name":"wp","href":"https:\/\/api.w.org\/{rel}","templated":true}]}}