{"id":2220,"date":"2017-07-25T10:09:32","date_gmt":"2017-07-25T08:09:32","guid":{"rendered":"https:\/\/www.organisator.ch\/?p=2220"},"modified":"2017-07-25T10:09:32","modified_gmt":"2017-07-25T08:09:32","slug":"etliche-cybersicherheitsvorfaelle-verursachen-mitarbeitende","status":"publish","type":"post","link":"https:\/\/www.organisator.ch\/fr\/management\/it\/2017-07-25\/etliche-cybersicherheitsvorfaelle-verursachen-mitarbeitende\/","title":{"rendered":"De nombreux incidents de cybers\u00e9curit\u00e9 sont caus\u00e9s par les employ\u00e9s eux-m\u00eames"},"content":{"rendered":"<figure id=\"attachment_2221\" aria-describedby=\"caption-attachment-2221\" style=\"width: 640px\" class=\"wp-caption alignnone\"><img loading=\"lazy\" decoding=\"async\" class=\"size-full wp-image-2221\" src=\"https:\/\/www.organisator.ch\/wp-content\/uploads\/2017\/07\/Etliche-Cybersicherheitsvorfaelle-verursachen-Mitarbeitende-org-organisator.jpg\" alt=\"\" width=\"640\" height=\"427\" srcset=\"https:\/\/www.organisator.ch\/wp-content\/uploads\/2017\/07\/Etliche-Cybersicherheitsvorfaelle-verursachen-Mitarbeitende-org-organisator.jpg 640w, https:\/\/www.organisator.ch\/wp-content\/uploads\/2017\/07\/Etliche-Cybersicherheitsvorfaelle-verursachen-Mitarbeitende-org-organisator-16x12.jpg 16w, https:\/\/www.organisator.ch\/wp-content\/uploads\/2017\/07\/Etliche-Cybersicherheitsvorfaelle-verursachen-Mitarbeitende-org-organisator-262x175.jpg 262w, https:\/\/www.organisator.ch\/wp-content\/uploads\/2017\/07\/Etliche-Cybersicherheitsvorfaelle-verursachen-Mitarbeitende-org-organisator-525x350.jpg 525w, https:\/\/www.organisator.ch\/wp-content\/uploads\/2017\/07\/Etliche-Cybersicherheitsvorfaelle-verursachen-Mitarbeitende-org-organisator-300x200.jpg 300w\" sizes=\"auto, (max-width: 640px) 100vw, 640px\" \/><figcaption id=\"caption-attachment-2221\" class=\"wp-caption-text\">Dans deux entreprises sur cinq, les incidents sont dissimul\u00e9s dans l'entreprise. Selon l'\u00e9tude de Kaspersky, 46 pour cent de tous les incidents sont caus\u00e9s par des employ\u00e9s. (Image : Kaspersky)<\/figcaption><\/figure>\n<p>Les collaborateurs eux-m\u00eames repr\u00e9sentent un risque pour les organisations. Une \u00e9tude mondiale de Kaspersky Lab montre que 46 % des incidents de cybers\u00e9curit\u00e9 sont caus\u00e9s par les employ\u00e9s. De plus, dans 40 % des cas, les incidents de cybers\u00e9curit\u00e9 dont ils sont responsables sont tenus secrets.<\/p>\n<p>De nombreuses attaques en circulation ciblent les collaborateurs, qui manquent souvent de soin ou d'attention envers leurs documents. Les employ\u00e9s sont \"la porte d'entr\u00e9e la plus facile \u00e0 franchir pour les attaques de haute technologie et sp\u00e9cialis\u00e9es contre les entreprises\", souligne une r\u00e9cente \u00e9tude de Kaspersky.<\/p>\n<p><strong>Des m\u00e9thodes cibl\u00e9es<\/strong><\/p>\n<p>Selon Kaspersky Lab, 28 % de toutes les attaques cibl\u00e9es ont \u00e9t\u00e9 men\u00e9es l'ann\u00e9e derni\u00e8re par hame\u00e7onnage ou ing\u00e9nierie sociale. Par exemple, un e-mail contient un fichier malveillant d\u00e9guis\u00e9 en facture d'un fournisseur ; si un comptable insouciant l'ouvre, le r\u00e9seau de l'entreprise peut d\u00e9j\u00e0 \u00eatre infect\u00e9.<\/p>\n<p>\"Les employ\u00e9s ouvrent souvent les portes de l'infrastructure d'une entreprise aux cybercriminels\", explique David Jacoby, chercheur en s\u00e9curit\u00e9 chez Kaspersky Lab. \"L'\u00e9ventail des attaques va des e-mails d'hame\u00e7onnage aux mots de passe trop faibles en passant par les appels suppos\u00e9s du service d'assistance informatique. Une autre arnaque est celle des cartes m\u00e9moire apparemment perdues et compromises, plac\u00e9es de mani\u00e8re cibl\u00e9e sur le parking de l'entreprise ou dans le secr\u00e9tariat, puis trouv\u00e9es et lues par des coll\u00e8gues bien intentionn\u00e9s\".<\/p>\n<p><strong>La gestion d'entreprise est requise<\/strong><\/p>\n<p>Par peur des cons\u00e9quences, les employ\u00e9s h\u00e9sitent \u00e0 signaler les incidents de cybers\u00e9curit\u00e9 - selon l'\u00e9tude de Kaspersky, c'est le cas de 40 % des entreprises. Les cons\u00e9quences sont graves, car les experts en s\u00e9curit\u00e9 doivent identifier les incidents de cybers\u00e9curit\u00e9 le plus rapidement possible afin de pouvoir les combattre de mani\u00e8re ad\u00e9quate.<\/p>\n<p>Plut\u00f4t que de menacer avec des r\u00e8gles strictes et des cons\u00e9quences, les entreprises devraient donc encourager l'attention et la volont\u00e9 de coop\u00e9rer. \"La cybers\u00e9curit\u00e9 n'est pas seulement une question de technologie, mais aussi une question de culture d'entreprise. Le top management et les d\u00e9partements des ressources humaines devraient en \u00eatre conscients\", explique Slava Borilin, Security Education Program Manager chez Kaspersky Lab.<\/p>\n<p>\"Lorsque les collaborateurs dissimulent des incidents, il y a de bonnes raisons : des directives trop strictes et peu claires, trop de pression ou la recherche de coupables. Tout cela incite les collaborateurs \u00e0 dissimuler la v\u00e9rit\u00e9 par peur. De bien meilleurs r\u00e9sultats sont obtenus avec une culture positive de la cybers\u00e9curit\u00e9, qui mise sur la formation de la conscience et le flux d'informations et qui est mod\u00e9lis\u00e9e par la direction de l'entreprise\".<\/p>\n<p><strong>Information, bonne ambiance de travail et technique<\/strong><\/p>\n<p>La voie royale pour \u00e9viter les erreurs humaines de cybers\u00e9curit\u00e9 r\u00e9side dans la combinaison de mesures techniques et humaines, qui constituent deux niveaux principaux :<\/p>\n<ul>\n<li><em>Au niveau du personnel : formations \u00e0 la s\u00e9curit\u00e9, directives formul\u00e9es de mani\u00e8re claire et concise, mesures de formation continue et de motivation ainsi qu'un climat de travail positif. <\/em><\/li>\n<li><em>Niveau technologique : les solutions de s\u00e9curit\u00e9 des syst\u00e8mes d'extr\u00e9mit\u00e9 permettent d'endiguer les erreurs humaines des collaborateurs. Des mesures de protection pr\u00e9configur\u00e9es et des param\u00e8tres de s\u00e9curit\u00e9 avanc\u00e9s permettent de prendre en compte les exigences sp\u00e9cifiques des petites et moyennes entreprises et des grands groupes. <\/em><\/li>\n<\/ul>\n<p>L'\u00e9tude compl\u00e8te de Kaspersky \"Human Factor in IT Security : \"How Employees are Making Businesses Vulnerable from Within\" peut \u00eatre consult\u00e9e ci-dessous :<\/p>\n<blockquote class=\"wp-embedded-content\" data-secret=\"RJ8hcZzhXy\"><p><a href=\"https:\/\/www.kaspersky.de\/blog\/human-factor-weakest-link\/13885\/\">Le facteur humain : les employ\u00e9s peuvent-ils apprendre \u00e0 ne pas faire d'erreurs ?<\/a><\/p><\/blockquote>\n<p><iframe loading=\"lazy\" class=\"wp-embedded-content\" sandbox=\"allow-scripts\" security=\"restricted\" style=\"position: absolute; clip: rect(1px, 1px, 1px, 1px);\" title=\"&quot;Le facteur humain : les employ\u00e9s peuvent-ils apprendre \u00e0 ne pas faire d&#039;erreurs ?&quot; - Daily - French - French - www.kaspersky.de\/blog\" src=\"https:\/\/www.kaspersky.de\/blog\/human-factor-weakest-link\/13885\/embed\/#?secret=RJ8hcZzhXy\" data-secret=\"RJ8hcZzhXy\" width=\"600\" height=\"338\" frameborder=\"0\" marginwidth=\"0\" marginheight=\"0\" scrolling=\"no\"><\/iframe><\/p>\n<p>&nbsp;<\/p>\n<p>&nbsp;<\/p>\n<p>&nbsp;<\/p>","protected":false},"excerpt":{"rendered":"<p>Mitarbeitende selbst sind ein Risiko f\u00fcr Organisationen. Eine weltweite Studie von Kaspersky Lab zeigt, dass 46 Prozent aller Cybersicherheitsvorf\u00e4lle von Mitarbeitern verursacht werden. Hinzu kommt: Bei 40 Prozent werden selbst verschuldete Cybersicherheitsvorf\u00e4lle geheim gehalten. Viele kursierende Attacken haben es auf Mitarbeitende abgesehen, die oftmals eine mangelnde Sorgfalt oder Aufmerksamkeit gegen\u00fcber ihren Dokumenten aufweisen. Mitarbeiter sind [&hellip;]<\/p>\n","protected":false},"author":5,"featured_media":2221,"comment_status":"open","ping_status":"open","sticky":false,"template":"","format":"standard","meta":{"_acf_changed":false,"_yoast_wpseo_focuskw":"Mitarbeitende","_yoast_wpseo_metadesc":"Mitarbeitende sind ein Risiko f\u00fcr Organisationen. Eine Studie von Kaspersky Lab zeigt, dass 46 Prozent aller Vorf\u00e4lle von Mitarbeitern verursacht werden.","articlekey":"","footnotes":""},"categories":[27],"tags":[142,256,398,459],"class_list":["post-2220","post","type-post","status-publish","format-standard","has-post-thumbnail","hentry","category-it","tag-cyber-crime","tag-human-capital","tag-protection","tag-studie"],"acf":[],"yoast_head":"<!-- This site is optimized with the Yoast SEO plugin v27.5 - https:\/\/yoast.com\/product\/yoast-seo-wordpress\/ -->\n<title>Etliche Cybersicherheitsvorf\u00e4lle verursachen Mitarbeitende selbst - Organisator<\/title>\n<meta name=\"description\" content=\"Mitarbeitende sind ein Risiko f\u00fcr Organisationen. Eine Studie von Kaspersky Lab zeigt, dass 46 Prozent aller Vorf\u00e4lle von Mitarbeitern verursacht werden.\" \/>\n<meta name=\"robots\" content=\"index, follow, max-snippet:-1, max-image-preview:large, max-video-preview:-1\" \/>\n<link rel=\"canonical\" href=\"https:\/\/www.organisator.ch\/fr\/gestion-2\/it\/2017-07-25\/etliche-cybersicherheitsvorfaelle-verursachen-mitarbeitende\/\" \/>\n<meta property=\"og:locale\" content=\"fr_FR\" \/>\n<meta property=\"og:type\" content=\"article\" \/>\n<meta property=\"og:title\" content=\"Etliche Cybersicherheitsvorf\u00e4lle verursachen Mitarbeitende selbst - Organisator\" \/>\n<meta property=\"og:description\" content=\"Mitarbeitende sind ein Risiko f\u00fcr Organisationen. Eine Studie von Kaspersky Lab zeigt, dass 46 Prozent aller Vorf\u00e4lle von Mitarbeitern verursacht werden.\" \/>\n<meta property=\"og:url\" content=\"https:\/\/www.organisator.ch\/fr\/gestion-2\/it\/2017-07-25\/etliche-cybersicherheitsvorfaelle-verursachen-mitarbeitende\/\" \/>\n<meta property=\"og:site_name\" content=\"Organisator\" \/>\n<meta property=\"article:publisher\" content=\"https:\/\/www.facebook.com\/OrganisatorFachmagazin\" \/>\n<meta property=\"article:published_time\" content=\"2017-07-25T08:09:32+00:00\" \/>\n<meta property=\"og:image\" content=\"https:\/\/www.organisator.ch\/wp-content\/uploads\/2017\/07\/Etliche-Cybersicherheitsvorfaelle-verursachen-Mitarbeitende-org-organisator.jpg\" \/>\n\t<meta property=\"og:image:width\" content=\"640\" \/>\n\t<meta property=\"og:image:height\" content=\"427\" \/>\n\t<meta property=\"og:image:type\" content=\"image\/jpeg\" \/>\n<meta name=\"author\" content=\"michael.merz\" \/>\n<meta name=\"twitter:card\" content=\"summary_large_image\" \/>\n<script type=\"application\/ld+json\" class=\"yoast-schema-graph\">{\"@context\":\"https:\\\/\\\/schema.org\",\"@graph\":[{\"@type\":\"Article\",\"@id\":\"https:\\\/\\\/www.organisator.ch\\\/management\\\/it\\\/2017-07-25\\\/etliche-cybersicherheitsvorfaelle-verursachen-mitarbeitende\\\/#article\",\"isPartOf\":{\"@id\":\"https:\\\/\\\/www.organisator.ch\\\/management\\\/it\\\/2017-07-25\\\/etliche-cybersicherheitsvorfaelle-verursachen-mitarbeitende\\\/\"},\"author\":{\"name\":\"michael.merz\",\"@id\":\"https:\\\/\\\/www.organisator.ch\\\/#\\\/schema\\\/person\\\/134708ca9321c57b0362cceb7948ffbd\"},\"headline\":\"Etliche Cybersicherheitsvorf\u00e4lle verursachen Mitarbeitende selbst\",\"datePublished\":\"2017-07-25T08:09:32+00:00\",\"mainEntityOfPage\":{\"@id\":\"https:\\\/\\\/www.organisator.ch\\\/management\\\/it\\\/2017-07-25\\\/etliche-cybersicherheitsvorfaelle-verursachen-mitarbeitende\\\/\"},\"wordCount\":494,\"commentCount\":0,\"publisher\":{\"@id\":\"https:\\\/\\\/www.organisator.ch\\\/#organization\"},\"image\":{\"@id\":\"https:\\\/\\\/www.organisator.ch\\\/management\\\/it\\\/2017-07-25\\\/etliche-cybersicherheitsvorfaelle-verursachen-mitarbeitende\\\/#primaryimage\"},\"thumbnailUrl\":\"https:\\\/\\\/www.organisator.ch\\\/wp-content\\\/uploads\\\/2017\\\/07\\\/Etliche-Cybersicherheitsvorfaelle-verursachen-Mitarbeitende-org-organisator.jpg\",\"keywords\":[\"Cyber-Crime\",\"Human Capital\",\"Protection\",\"Studie\"],\"articleSection\":[\"IT\"],\"inLanguage\":\"fr-FR\"},{\"@type\":\"WebPage\",\"@id\":\"https:\\\/\\\/www.organisator.ch\\\/management\\\/it\\\/2017-07-25\\\/etliche-cybersicherheitsvorfaelle-verursachen-mitarbeitende\\\/\",\"url\":\"https:\\\/\\\/www.organisator.ch\\\/management\\\/it\\\/2017-07-25\\\/etliche-cybersicherheitsvorfaelle-verursachen-mitarbeitende\\\/\",\"name\":\"Etliche Cybersicherheitsvorf\u00e4lle verursachen Mitarbeitende selbst - Organisator\",\"isPartOf\":{\"@id\":\"https:\\\/\\\/www.organisator.ch\\\/#website\"},\"primaryImageOfPage\":{\"@id\":\"https:\\\/\\\/www.organisator.ch\\\/management\\\/it\\\/2017-07-25\\\/etliche-cybersicherheitsvorfaelle-verursachen-mitarbeitende\\\/#primaryimage\"},\"image\":{\"@id\":\"https:\\\/\\\/www.organisator.ch\\\/management\\\/it\\\/2017-07-25\\\/etliche-cybersicherheitsvorfaelle-verursachen-mitarbeitende\\\/#primaryimage\"},\"thumbnailUrl\":\"https:\\\/\\\/www.organisator.ch\\\/wp-content\\\/uploads\\\/2017\\\/07\\\/Etliche-Cybersicherheitsvorfaelle-verursachen-Mitarbeitende-org-organisator.jpg\",\"datePublished\":\"2017-07-25T08:09:32+00:00\",\"description\":\"Mitarbeitende sind ein Risiko f\u00fcr Organisationen. Eine Studie von Kaspersky Lab zeigt, dass 46 Prozent aller Vorf\u00e4lle von Mitarbeitern verursacht werden.\",\"breadcrumb\":{\"@id\":\"https:\\\/\\\/www.organisator.ch\\\/management\\\/it\\\/2017-07-25\\\/etliche-cybersicherheitsvorfaelle-verursachen-mitarbeitende\\\/#breadcrumb\"},\"inLanguage\":\"fr-FR\",\"potentialAction\":[{\"@type\":\"ReadAction\",\"target\":[\"https:\\\/\\\/www.organisator.ch\\\/management\\\/it\\\/2017-07-25\\\/etliche-cybersicherheitsvorfaelle-verursachen-mitarbeitende\\\/\"]}]},{\"@type\":\"ImageObject\",\"inLanguage\":\"fr-FR\",\"@id\":\"https:\\\/\\\/www.organisator.ch\\\/management\\\/it\\\/2017-07-25\\\/etliche-cybersicherheitsvorfaelle-verursachen-mitarbeitende\\\/#primaryimage\",\"url\":\"https:\\\/\\\/www.organisator.ch\\\/wp-content\\\/uploads\\\/2017\\\/07\\\/Etliche-Cybersicherheitsvorfaelle-verursachen-Mitarbeitende-org-organisator.jpg\",\"contentUrl\":\"https:\\\/\\\/www.organisator.ch\\\/wp-content\\\/uploads\\\/2017\\\/07\\\/Etliche-Cybersicherheitsvorfaelle-verursachen-Mitarbeitende-org-organisator.jpg\",\"width\":640,\"height\":427,\"caption\":\"In zwei von f\u00fcnf Unternehmen werden Vorf\u00e4lle im Betrieb vertuscht. 46 Prozent aller Vorf\u00e4lle werden laut der Kaspersky-Studie von Mitarbeitern verursacht. (Bild: Kaspersky)\"},{\"@type\":\"BreadcrumbList\",\"@id\":\"https:\\\/\\\/www.organisator.ch\\\/management\\\/it\\\/2017-07-25\\\/etliche-cybersicherheitsvorfaelle-verursachen-mitarbeitende\\\/#breadcrumb\",\"itemListElement\":[{\"@type\":\"ListItem\",\"position\":1,\"name\":\"Home\",\"item\":\"https:\\\/\\\/www.organisator.ch\\\/\"},{\"@type\":\"ListItem\",\"position\":2,\"name\":\"Etliche Cybersicherheitsvorf\u00e4lle verursachen Mitarbeitende selbst\"}]},{\"@type\":\"WebSite\",\"@id\":\"https:\\\/\\\/www.organisator.ch\\\/#website\",\"url\":\"https:\\\/\\\/www.organisator.ch\\\/\",\"name\":\"Organisator\",\"description\":\"Kompetent. Praxisnah. Der ORGANISATOR bereitet in 10 Ausgaben pro Jahr die wesentlichen Themen f\u00fcr F\u00fchrungskr\u00e4fte von KMU auf.\",\"publisher\":{\"@id\":\"https:\\\/\\\/www.organisator.ch\\\/#organization\"},\"potentialAction\":[{\"@type\":\"SearchAction\",\"target\":{\"@type\":\"EntryPoint\",\"urlTemplate\":\"https:\\\/\\\/www.organisator.ch\\\/?s={search_term_string}\"},\"query-input\":{\"@type\":\"PropertyValueSpecification\",\"valueRequired\":true,\"valueName\":\"search_term_string\"}}],\"inLanguage\":\"fr-FR\"},{\"@type\":\"Organization\",\"@id\":\"https:\\\/\\\/www.organisator.ch\\\/#organization\",\"name\":\"Organisator\",\"url\":\"https:\\\/\\\/www.organisator.ch\\\/\",\"logo\":{\"@type\":\"ImageObject\",\"inLanguage\":\"fr-FR\",\"@id\":\"https:\\\/\\\/www.organisator.ch\\\/#\\\/schema\\\/logo\\\/image\\\/\",\"url\":\"https:\\\/\\\/www.organisator.ch\\\/wp-content\\\/uploads\\\/2022\\\/01\\\/Logo_Organisator_Website.png\",\"contentUrl\":\"https:\\\/\\\/www.organisator.ch\\\/wp-content\\\/uploads\\\/2022\\\/01\\\/Logo_Organisator_Website.png\",\"width\":800,\"height\":77,\"caption\":\"Organisator\"},\"image\":{\"@id\":\"https:\\\/\\\/www.organisator.ch\\\/#\\\/schema\\\/logo\\\/image\\\/\"},\"sameAs\":[\"https:\\\/\\\/www.facebook.com\\\/OrganisatorFachmagazin\",\"https:\\\/\\\/www.linkedin.com\\\/showcase\\\/organisator-das-magazin-fr-kmu\",\"https:\\\/\\\/www.xing.com\\\/news\\\/pages\\\/organisator-ch-695\",\"https:\\\/\\\/www.youtube.com\\\/channel\\\/UCGP2Sq0iWaZwT3BdIAQFYpw\"]},{\"@type\":\"Person\",\"@id\":\"https:\\\/\\\/www.organisator.ch\\\/#\\\/schema\\\/person\\\/134708ca9321c57b0362cceb7948ffbd\",\"name\":\"michael.merz\",\"image\":{\"@type\":\"ImageObject\",\"inLanguage\":\"fr-FR\",\"@id\":\"https:\\\/\\\/secure.gravatar.com\\\/avatar\\\/?s=96&d=mm&r=g\",\"url\":\"https:\\\/\\\/secure.gravatar.com\\\/avatar\\\/?s=96&d=mm&r=g\",\"contentUrl\":\"https:\\\/\\\/secure.gravatar.com\\\/avatar\\\/?s=96&d=mm&r=g\",\"caption\":\"michael.merz\"},\"url\":\"https:\\\/\\\/www.organisator.ch\\\/fr\\\/author\\\/michael-merz\\\/\"}]}<\/script>\n<!-- \/ Yoast SEO plugin. -->","yoast_head_json":{"title":"Un grand nombre d'incidents de cybers\u00e9curit\u00e9 sont caus\u00e9s par les employ\u00e9s eux-m\u00eames - Organisateur","description":"Les collaborateurs repr\u00e9sentent un risque pour les organisations. Une \u00e9tude de Kaspersky Lab montre que 46% des incidents sont caus\u00e9s par des employ\u00e9s.","robots":{"index":"index","follow":"follow","max-snippet":"max-snippet:-1","max-image-preview":"max-image-preview:large","max-video-preview":"max-video-preview:-1"},"canonical":"https:\/\/www.organisator.ch\/fr\/gestion-2\/it\/2017-07-25\/etliche-cybersicherheitsvorfaelle-verursachen-mitarbeitende\/","og_locale":"fr_FR","og_type":"article","og_title":"Etliche Cybersicherheitsvorf\u00e4lle verursachen Mitarbeitende selbst - Organisator","og_description":"Mitarbeitende sind ein Risiko f\u00fcr Organisationen. Eine Studie von Kaspersky Lab zeigt, dass 46 Prozent aller Vorf\u00e4lle von Mitarbeitern verursacht werden.","og_url":"https:\/\/www.organisator.ch\/fr\/gestion-2\/it\/2017-07-25\/etliche-cybersicherheitsvorfaelle-verursachen-mitarbeitende\/","og_site_name":"Organisator","article_publisher":"https:\/\/www.facebook.com\/OrganisatorFachmagazin","article_published_time":"2017-07-25T08:09:32+00:00","og_image":[{"width":640,"height":427,"url":"https:\/\/www.organisator.ch\/wp-content\/uploads\/2017\/07\/Etliche-Cybersicherheitsvorfaelle-verursachen-Mitarbeitende-org-organisator.jpg","type":"image\/jpeg"}],"author":"michael.merz","twitter_card":"summary_large_image","schema":{"@context":"https:\/\/schema.org","@graph":[{"@type":"Article","@id":"https:\/\/www.organisator.ch\/management\/it\/2017-07-25\/etliche-cybersicherheitsvorfaelle-verursachen-mitarbeitende\/#article","isPartOf":{"@id":"https:\/\/www.organisator.ch\/management\/it\/2017-07-25\/etliche-cybersicherheitsvorfaelle-verursachen-mitarbeitende\/"},"author":{"name":"michael.merz","@id":"https:\/\/www.organisator.ch\/#\/schema\/person\/134708ca9321c57b0362cceb7948ffbd"},"headline":"Etliche Cybersicherheitsvorf\u00e4lle verursachen Mitarbeitende selbst","datePublished":"2017-07-25T08:09:32+00:00","mainEntityOfPage":{"@id":"https:\/\/www.organisator.ch\/management\/it\/2017-07-25\/etliche-cybersicherheitsvorfaelle-verursachen-mitarbeitende\/"},"wordCount":494,"commentCount":0,"publisher":{"@id":"https:\/\/www.organisator.ch\/#organization"},"image":{"@id":"https:\/\/www.organisator.ch\/management\/it\/2017-07-25\/etliche-cybersicherheitsvorfaelle-verursachen-mitarbeitende\/#primaryimage"},"thumbnailUrl":"https:\/\/www.organisator.ch\/wp-content\/uploads\/2017\/07\/Etliche-Cybersicherheitsvorfaelle-verursachen-Mitarbeitende-org-organisator.jpg","keywords":["Cyber-Crime","Human Capital","Protection","Studie"],"articleSection":["IT"],"inLanguage":"fr-FR"},{"@type":"WebPage","@id":"https:\/\/www.organisator.ch\/management\/it\/2017-07-25\/etliche-cybersicherheitsvorfaelle-verursachen-mitarbeitende\/","url":"https:\/\/www.organisator.ch\/management\/it\/2017-07-25\/etliche-cybersicherheitsvorfaelle-verursachen-mitarbeitende\/","name":"Un grand nombre d'incidents de cybers\u00e9curit\u00e9 sont caus\u00e9s par les employ\u00e9s eux-m\u00eames - Organisateur","isPartOf":{"@id":"https:\/\/www.organisator.ch\/#website"},"primaryImageOfPage":{"@id":"https:\/\/www.organisator.ch\/management\/it\/2017-07-25\/etliche-cybersicherheitsvorfaelle-verursachen-mitarbeitende\/#primaryimage"},"image":{"@id":"https:\/\/www.organisator.ch\/management\/it\/2017-07-25\/etliche-cybersicherheitsvorfaelle-verursachen-mitarbeitende\/#primaryimage"},"thumbnailUrl":"https:\/\/www.organisator.ch\/wp-content\/uploads\/2017\/07\/Etliche-Cybersicherheitsvorfaelle-verursachen-Mitarbeitende-org-organisator.jpg","datePublished":"2017-07-25T08:09:32+00:00","description":"Les collaborateurs repr\u00e9sentent un risque pour les organisations. Une \u00e9tude de Kaspersky Lab montre que 46% des incidents sont caus\u00e9s par des employ\u00e9s.","breadcrumb":{"@id":"https:\/\/www.organisator.ch\/management\/it\/2017-07-25\/etliche-cybersicherheitsvorfaelle-verursachen-mitarbeitende\/#breadcrumb"},"inLanguage":"fr-FR","potentialAction":[{"@type":"ReadAction","target":["https:\/\/www.organisator.ch\/management\/it\/2017-07-25\/etliche-cybersicherheitsvorfaelle-verursachen-mitarbeitende\/"]}]},{"@type":"ImageObject","inLanguage":"fr-FR","@id":"https:\/\/www.organisator.ch\/management\/it\/2017-07-25\/etliche-cybersicherheitsvorfaelle-verursachen-mitarbeitende\/#primaryimage","url":"https:\/\/www.organisator.ch\/wp-content\/uploads\/2017\/07\/Etliche-Cybersicherheitsvorfaelle-verursachen-Mitarbeitende-org-organisator.jpg","contentUrl":"https:\/\/www.organisator.ch\/wp-content\/uploads\/2017\/07\/Etliche-Cybersicherheitsvorfaelle-verursachen-Mitarbeitende-org-organisator.jpg","width":640,"height":427,"caption":"In zwei von f\u00fcnf Unternehmen werden Vorf\u00e4lle im Betrieb vertuscht. 46 Prozent aller Vorf\u00e4lle werden laut der Kaspersky-Studie von Mitarbeitern verursacht. (Bild: Kaspersky)"},{"@type":"BreadcrumbList","@id":"https:\/\/www.organisator.ch\/management\/it\/2017-07-25\/etliche-cybersicherheitsvorfaelle-verursachen-mitarbeitende\/#breadcrumb","itemListElement":[{"@type":"ListItem","position":1,"name":"Home","item":"https:\/\/www.organisator.ch\/"},{"@type":"ListItem","position":2,"name":"Etliche Cybersicherheitsvorf\u00e4lle verursachen Mitarbeitende selbst"}]},{"@type":"WebSite","@id":"https:\/\/www.organisator.ch\/#website","url":"https:\/\/www.organisator.ch\/","name":"Organisateur","description":"Comp\u00e9tence et comp\u00e9tence. Proches de la pratique. L'ORGANISATEUR pr\u00e9pare 10 num\u00e9ros par an sur les th\u00e8mes essentiels pour les dirigeants de PME.","publisher":{"@id":"https:\/\/www.organisator.ch\/#organization"},"potentialAction":[{"@type":"SearchAction","target":{"@type":"EntryPoint","urlTemplate":"https:\/\/www.organisator.ch\/?s={search_term_string}"},"query-input":{"@type":"PropertyValueSpecification","valueRequired":true,"valueName":"search_term_string"}}],"inLanguage":"fr-FR"},{"@type":"Organization","@id":"https:\/\/www.organisator.ch\/#organization","name":"Organisateur","url":"https:\/\/www.organisator.ch\/","logo":{"@type":"ImageObject","inLanguage":"fr-FR","@id":"https:\/\/www.organisator.ch\/#\/schema\/logo\/image\/","url":"https:\/\/www.organisator.ch\/wp-content\/uploads\/2022\/01\/Logo_Organisator_Website.png","contentUrl":"https:\/\/www.organisator.ch\/wp-content\/uploads\/2022\/01\/Logo_Organisator_Website.png","width":800,"height":77,"caption":"Organisator"},"image":{"@id":"https:\/\/www.organisator.ch\/#\/schema\/logo\/image\/"},"sameAs":["https:\/\/www.facebook.com\/OrganisatorFachmagazin","https:\/\/www.linkedin.com\/showcase\/organisator-das-magazin-fr-kmu","https:\/\/www.xing.com\/news\/pages\/organisator-ch-695","https:\/\/www.youtube.com\/channel\/UCGP2Sq0iWaZwT3BdIAQFYpw"]},{"@type":"Person","@id":"https:\/\/www.organisator.ch\/#\/schema\/person\/134708ca9321c57b0362cceb7948ffbd","name":"michael.merz","image":{"@type":"ImageObject","inLanguage":"fr-FR","@id":"https:\/\/secure.gravatar.com\/avatar\/?s=96&d=mm&r=g","url":"https:\/\/secure.gravatar.com\/avatar\/?s=96&d=mm&r=g","contentUrl":"https:\/\/secure.gravatar.com\/avatar\/?s=96&d=mm&r=g","caption":"michael.merz"},"url":"https:\/\/www.organisator.ch\/fr\/author\/michael-merz\/"}]}},"_links":{"self":[{"href":"https:\/\/www.organisator.ch\/fr\/wp-json\/wp\/v2\/posts\/2220","targetHints":{"allow":["GET"]}}],"collection":[{"href":"https:\/\/www.organisator.ch\/fr\/wp-json\/wp\/v2\/posts"}],"about":[{"href":"https:\/\/www.organisator.ch\/fr\/wp-json\/wp\/v2\/types\/post"}],"author":[{"embeddable":true,"href":"https:\/\/www.organisator.ch\/fr\/wp-json\/wp\/v2\/users\/5"}],"replies":[{"embeddable":true,"href":"https:\/\/www.organisator.ch\/fr\/wp-json\/wp\/v2\/comments?post=2220"}],"version-history":[{"count":0,"href":"https:\/\/www.organisator.ch\/fr\/wp-json\/wp\/v2\/posts\/2220\/revisions"}],"wp:featuredmedia":[{"embeddable":true,"href":"https:\/\/www.organisator.ch\/fr\/wp-json\/wp\/v2\/media\/2221"}],"wp:attachment":[{"href":"https:\/\/www.organisator.ch\/fr\/wp-json\/wp\/v2\/media?parent=2220"}],"wp:term":[{"taxonomy":"category","embeddable":true,"href":"https:\/\/www.organisator.ch\/fr\/wp-json\/wp\/v2\/categories?post=2220"},{"taxonomy":"post_tag","embeddable":true,"href":"https:\/\/www.organisator.ch\/fr\/wp-json\/wp\/v2\/tags?post=2220"}],"curies":[{"name":"wp","href":"https:\/\/api.w.org\/{rel}","templated":true}]}}