{"id":22242,"date":"2023-10-11T08:34:04","date_gmt":"2023-10-11T06:34:04","guid":{"rendered":"https:\/\/www.organisator.ch\/?p=22242"},"modified":"2023-10-11T08:34:04","modified_gmt":"2023-10-11T06:34:04","slug":"betterview-siebte-augenlaserklinik-und-startschuss-nach-london","status":"publish","type":"post","link":"https:\/\/www.organisator.ch\/fr\/management\/2023-10-11\/betterview-siebte-augenlaserklinik-und-startschuss-nach-london\/","title":{"rendered":"betterview : septi\u00e8me clinique laser pour les yeux et coup d'envoi vers Londres"},"content":{"rendered":"<figure id=\"attachment_22243\" aria-describedby=\"caption-attachment-22243\" style=\"width: 680px\" class=\"wp-caption alignnone\"><img loading=\"lazy\" decoding=\"async\" class=\"size-full wp-image-22243\" src=\"https:\/\/www.organisator.ch\/wp-content\/uploads\/2023\/10\/betterview_Bild1_ps.jpg\" alt=\"\" width=\"680\" height=\"757\" srcset=\"https:\/\/www.organisator.ch\/wp-content\/uploads\/2023\/10\/betterview_Bild1_ps.jpg 680w, https:\/\/www.organisator.ch\/wp-content\/uploads\/2023\/10\/betterview_Bild1_ps-11x12.jpg 11w, https:\/\/www.organisator.ch\/wp-content\/uploads\/2023\/10\/betterview_Bild1_ps-269x300.jpg 269w, https:\/\/www.organisator.ch\/wp-content\/uploads\/2023\/10\/betterview_Bild1_ps-314x350.jpg 314w\" sizes=\"auto, (max-width: 680px) 100vw, 680px\" \/><figcaption id=\"caption-attachment-22243\" class=\"wp-caption-text\">Les fondateurs de betterview : Rouven Mayer et David Holenstein. (Image : www.betterwiev.ch)<\/figcaption><\/figure>\n<p>La jeune entreprise suisse betterview a connu un \u00e9t\u00e9 int\u00e9ressant. Cette semaine, elle a ouvert une clinique \u00e0 Coire o\u00f9 - comme dans les six autres sites - les traitements au laser sont propos\u00e9s \u00e0 prix fixe. En outre, la start-up a fait le pas \u00e0 l'\u00e9tranger en fondant betterview Britain Ltd. La premi\u00e8re clinique devrait ouvrir ses portes \u00e0 Londres au deuxi\u00e8me trimestre 2024. Actuellement, l'entreprise est \u00e0 la recherche de locaux ad\u00e9quats et recrute du personnel m\u00e9dical.<\/p>\n<p>\"Nous avons \u00e9valu\u00e9 diff\u00e9rents march\u00e9s et sommes arriv\u00e9s \u00e0 la conclusion que Londres \u00e9tait l'endroit appropri\u00e9 pour continuer \u00e0 \u00e9crire la success story de betterview\", explique le cofondateur Rouven Mayer \u00e0 propos de ce choix. \"La situation du march\u00e9 est comparable \u00e0 celle de la Suisse et il n'existe pas encore de prestataire proposant le m\u00eame concept. En cons\u00e9quence, nous sommes confiants que notre offre sera \u00e9galement bien accueillie en Grande-Bretagne\". L'entreprise pr\u00e9voit de proposer \u00e0 Londres les m\u00eames services qu'en Suisse. De plus, il est pr\u00e9vu d'y d\u00e9velopper \u00e0 l'avenir \u00e9galement tout un r\u00e9seau de cliniques.<\/p>\n<figure id=\"attachment_22244\" aria-describedby=\"caption-attachment-22244\" style=\"width: 680px\" class=\"wp-caption alignnone\"><img loading=\"lazy\" decoding=\"async\" class=\"size-full wp-image-22244\" src=\"https:\/\/www.organisator.ch\/wp-content\/uploads\/2023\/10\/betterview_Bild2_ps.jpg\" alt=\"\" width=\"680\" height=\"453\" srcset=\"https:\/\/www.organisator.ch\/wp-content\/uploads\/2023\/10\/betterview_Bild2_ps.jpg 680w, https:\/\/www.organisator.ch\/wp-content\/uploads\/2023\/10\/betterview_Bild2_ps-18x12.jpg 18w, https:\/\/www.organisator.ch\/wp-content\/uploads\/2023\/10\/betterview_Bild2_ps-375x250.jpg 375w, https:\/\/www.organisator.ch\/wp-content\/uploads\/2023\/10\/betterview_Bild2_ps-525x350.jpg 525w\" sizes=\"auto, (max-width: 680px) 100vw, 680px\" \/><figcaption id=\"caption-attachment-22244\" class=\"wp-caption-text\">\"Flagship betterview\" sur environ 250m2. Place de la gare 1, Zurich. (image : www.betterview.ch)<\/figcaption><\/figure>\n<h3><strong>Un chiffre d'affaires \u00e0 deux chiffres en millions et des cliniques autosuffisantes<\/strong><\/h3>\n<p>Depuis sa cr\u00e9ation au printemps 2022, la demande de traitements ophtalmologiques au laser betterview est tr\u00e8s forte. Les cliniques sont d\u00e9j\u00e0 \u00e9conomiquement autonomes en elles-m\u00eames et le premier exercice a permis de r\u00e9aliser un chiffre d'affaires de plusieurs dizaines de millions. David Holenstein, cofondateur, explique : \"L'extension du r\u00e9seau de cliniques est enti\u00e8rement dict\u00e9e par la demande. \u00c0 Zurich, nous sommes m\u00eame d\u00e9sormais \u00e0 court de capacit\u00e9s, c'est pourquoi nous d\u00e9m\u00e9nageons \u00e0 la fin de l'ann\u00e9e dans un lieu nettement plus grand\". Un \"flagship betterview\" d'environ 250 m2 verra le jour \u00e0 la place de la gare 1, et donc \u00e0 un emplacement de choix au c\u0153ur de Zurich. Les locaux actuels ne seront toutefois pas abandonn\u00e9s, mais r\u00e9utilis\u00e9s. Une salle d'op\u00e9ration y sera construite afin de pouvoir \u00e0 l'avenir couvrir les traitements de lentilles en interne.<\/p>\n<p><em>Source :\u00a0<a href=\"https:\/\/betterview.ch\/de\/?wbraid=CjkKCQjwyY6pBhDkARIoAIxVarM94MruFx9WGm-buTDcD4O83LWqhrVrj70ltaZ2ipnhVvZtaRoCazk&amp;gad=1&amp;gclid=EAIaIQobChMIw-_ric_rgQMV-oVoCR0YPAw4EAAYASAAEgIUevD_BwE\">www.betterwiev.ch\u00a0<\/a><\/em><\/p>","protected":false},"excerpt":{"rendered":"<p>Cette semaine, le jeune prestataire suisse de traitements ophtalmologiques au laser betterview a ouvert une clinique \u00e0 Coire, devenant ainsi son septi\u00e8me site \u00e0 l'\u00e9chelle nationale. Pratiquement au m\u00eame moment, betterview Britain Ltd. a \u00e9t\u00e9 fond\u00e9e. C'est le d\u00e9but de l'expansion \u00e0 l'\u00e9tranger. En outre, l'entreprise ouvrira \u00e0 la fin de l'ann\u00e9e une clinique phare d'une surface d'environ 250 m2 \u00e0 la Bahnhofplatz 1, au c\u0153ur de Zurich.<\/p>","protected":false},"author":58,"featured_media":22244,"comment_status":"closed","ping_status":"closed","sticky":false,"template":"","format":"standard","meta":{"_acf_changed":false,"_yoast_wpseo_focuskw":"betterview","_yoast_wpseo_metadesc":"Das junge Unternehmen betterview er\u00f6ffnete k\u00fcrzlich eine Augenlaserbehandlungs-Klinik in Chur und peilt nun den britischen Markt an.","articlekey":"","footnotes":""},"categories":[28],"tags":[334,424,451,492],"class_list":["post-22242","post","type-post","status-publish","format-standard","has-post-thumbnail","hentry","category-management","tag-management","tag-schweiz","tag-startups","tag-unternehmen"],"acf":[],"yoast_head":"<!-- This site is optimized with the Yoast SEO plugin v27.5 - https:\/\/yoast.com\/product\/yoast-seo-wordpress\/ -->\n<title>betterview: siebte Augenlaserklinik und Startschuss nach London - Organisator<\/title>\n<meta name=\"description\" content=\"Das junge Unternehmen betterview er\u00f6ffnete k\u00fcrzlich eine Augenlaserbehandlungs-Klinik in Chur und peilt nun den britischen Markt an.\" \/>\n<meta name=\"robots\" content=\"index, follow, max-snippet:-1, max-image-preview:large, max-video-preview:-1\" \/>\n<link rel=\"canonical\" href=\"https:\/\/www.organisator.ch\/fr\/gestion-2\/2023-10-11\/betterview-siebte-augenlaserklinik-und-startschuss-nach-london\/\" \/>\n<meta property=\"og:locale\" content=\"fr_FR\" \/>\n<meta property=\"og:type\" content=\"article\" \/>\n<meta property=\"og:title\" content=\"betterview: siebte Augenlaserklinik und Startschuss nach London\" \/>\n<meta property=\"og:description\" content=\"Das junge Unternehmen betterview er\u00f6ffnete k\u00fcrzlich eine Augenlaserbehandlungs-Klinik in Chur und peilt nun den britischen Markt an.\" \/>\n<meta property=\"og:url\" content=\"https:\/\/www.organisator.ch\/fr\/gestion-2\/2023-10-11\/betterview-siebte-augenlaserklinik-und-startschuss-nach-london\/\" \/>\n<meta property=\"og:site_name\" content=\"Organisator\" \/>\n<meta property=\"article:publisher\" content=\"https:\/\/www.facebook.com\/OrganisatorFachmagazin\" \/>\n<meta property=\"article:published_time\" content=\"2023-10-11T06:34:04+00:00\" \/>\n<meta property=\"og:image\" content=\"https:\/\/www.organisator.ch\/wp-content\/uploads\/2023\/10\/betterview_Bild1_ps.jpg\" \/>\n\t<meta property=\"og:image:width\" content=\"680\" \/>\n\t<meta property=\"og:image:height\" content=\"757\" \/>\n\t<meta property=\"og:image:type\" content=\"image\/jpeg\" \/>\n<meta name=\"author\" content=\"Adelisa Kalajdzini\" \/>\n<meta name=\"twitter:card\" content=\"summary_large_image\" \/>\n<meta name=\"twitter:title\" content=\"#betterview: siebte #Augenlaserklinik und Startschuss nach #London\" \/>\n<meta name=\"twitter:description\" content=\"Das junge Unternehmen #betterview er\u00f6ffnete k\u00fcrzlich eine #Augenlaserbehandlungs-Klinik in Chur und peilt nun den britischen Markt an.\" \/>\n<meta name=\"twitter:image\" content=\"https:\/\/www.organisator.ch\/wp-content\/uploads\/2023\/10\/betterview_Bild1_ps.jpg\" \/>\n<script type=\"application\/ld+json\" class=\"yoast-schema-graph\">{\"@context\":\"https:\\\/\\\/schema.org\",\"@graph\":[{\"@type\":\"Article\",\"@id\":\"https:\\\/\\\/www.organisator.ch\\\/management\\\/2023-10-11\\\/betterview-siebte-augenlaserklinik-und-startschuss-nach-london\\\/#article\",\"isPartOf\":{\"@id\":\"https:\\\/\\\/www.organisator.ch\\\/management\\\/2023-10-11\\\/betterview-siebte-augenlaserklinik-und-startschuss-nach-london\\\/\"},\"author\":{\"name\":\"Adelisa Kalajdzini\",\"@id\":\"https:\\\/\\\/www.organisator.ch\\\/#\\\/schema\\\/person\\\/2e1314a2172123f874db408d8911d3f3\"},\"headline\":\"betterview: siebte Augenlaserklinik und Startschuss nach London\",\"datePublished\":\"2023-10-11T06:34:04+00:00\",\"mainEntityOfPage\":{\"@id\":\"https:\\\/\\\/www.organisator.ch\\\/management\\\/2023-10-11\\\/betterview-siebte-augenlaserklinik-und-startschuss-nach-london\\\/\"},\"wordCount\":328,\"publisher\":{\"@id\":\"https:\\\/\\\/www.organisator.ch\\\/#organization\"},\"image\":{\"@id\":\"https:\\\/\\\/www.organisator.ch\\\/management\\\/2023-10-11\\\/betterview-siebte-augenlaserklinik-und-startschuss-nach-london\\\/#primaryimage\"},\"thumbnailUrl\":\"https:\\\/\\\/www.organisator.ch\\\/wp-content\\\/uploads\\\/2023\\\/10\\\/betterview_Bild2_ps.jpg\",\"keywords\":[\"Management\",\"Schweiz\",\"Startups\",\"Unternehmen\"],\"articleSection\":[\"MANAGEMENT\"],\"inLanguage\":\"fr-FR\"},{\"@type\":\"WebPage\",\"@id\":\"https:\\\/\\\/www.organisator.ch\\\/management\\\/2023-10-11\\\/betterview-siebte-augenlaserklinik-und-startschuss-nach-london\\\/\",\"url\":\"https:\\\/\\\/www.organisator.ch\\\/management\\\/2023-10-11\\\/betterview-siebte-augenlaserklinik-und-startschuss-nach-london\\\/\",\"name\":\"betterview: siebte Augenlaserklinik und Startschuss nach London - Organisator\",\"isPartOf\":{\"@id\":\"https:\\\/\\\/www.organisator.ch\\\/#website\"},\"primaryImageOfPage\":{\"@id\":\"https:\\\/\\\/www.organisator.ch\\\/management\\\/2023-10-11\\\/betterview-siebte-augenlaserklinik-und-startschuss-nach-london\\\/#primaryimage\"},\"image\":{\"@id\":\"https:\\\/\\\/www.organisator.ch\\\/management\\\/2023-10-11\\\/betterview-siebte-augenlaserklinik-und-startschuss-nach-london\\\/#primaryimage\"},\"thumbnailUrl\":\"https:\\\/\\\/www.organisator.ch\\\/wp-content\\\/uploads\\\/2023\\\/10\\\/betterview_Bild2_ps.jpg\",\"datePublished\":\"2023-10-11T06:34:04+00:00\",\"description\":\"Das junge Unternehmen betterview er\u00f6ffnete k\u00fcrzlich eine Augenlaserbehandlungs-Klinik in Chur und peilt nun den britischen Markt an.\",\"breadcrumb\":{\"@id\":\"https:\\\/\\\/www.organisator.ch\\\/management\\\/2023-10-11\\\/betterview-siebte-augenlaserklinik-und-startschuss-nach-london\\\/#breadcrumb\"},\"inLanguage\":\"fr-FR\",\"potentialAction\":[{\"@type\":\"ReadAction\",\"target\":[\"https:\\\/\\\/www.organisator.ch\\\/management\\\/2023-10-11\\\/betterview-siebte-augenlaserklinik-und-startschuss-nach-london\\\/\"]}]},{\"@type\":\"ImageObject\",\"inLanguage\":\"fr-FR\",\"@id\":\"https:\\\/\\\/www.organisator.ch\\\/management\\\/2023-10-11\\\/betterview-siebte-augenlaserklinik-und-startschuss-nach-london\\\/#primaryimage\",\"url\":\"https:\\\/\\\/www.organisator.ch\\\/wp-content\\\/uploads\\\/2023\\\/10\\\/betterview_Bild2_ps.jpg\",\"contentUrl\":\"https:\\\/\\\/www.organisator.ch\\\/wp-content\\\/uploads\\\/2023\\\/10\\\/betterview_Bild2_ps.jpg\",\"width\":680,\"height\":453,\"caption\":\"\u00abbetterview Flagship\u00bb auf rund 250m2. Bahnhofplatz 1, Z\u00fcrich. (Bild: www.betterview.ch)\"},{\"@type\":\"BreadcrumbList\",\"@id\":\"https:\\\/\\\/www.organisator.ch\\\/management\\\/2023-10-11\\\/betterview-siebte-augenlaserklinik-und-startschuss-nach-london\\\/#breadcrumb\",\"itemListElement\":[{\"@type\":\"ListItem\",\"position\":1,\"name\":\"Home\",\"item\":\"https:\\\/\\\/www.organisator.ch\\\/\"},{\"@type\":\"ListItem\",\"position\":2,\"name\":\"betterview: siebte Augenlaserklinik und Startschuss nach London\"}]},{\"@type\":\"WebSite\",\"@id\":\"https:\\\/\\\/www.organisator.ch\\\/#website\",\"url\":\"https:\\\/\\\/www.organisator.ch\\\/\",\"name\":\"Organisator\",\"description\":\"Kompetent. Praxisnah. Der ORGANISATOR bereitet in 10 Ausgaben pro Jahr die wesentlichen Themen f\u00fcr F\u00fchrungskr\u00e4fte von KMU auf.\",\"publisher\":{\"@id\":\"https:\\\/\\\/www.organisator.ch\\\/#organization\"},\"potentialAction\":[{\"@type\":\"SearchAction\",\"target\":{\"@type\":\"EntryPoint\",\"urlTemplate\":\"https:\\\/\\\/www.organisator.ch\\\/?s={search_term_string}\"},\"query-input\":{\"@type\":\"PropertyValueSpecification\",\"valueRequired\":true,\"valueName\":\"search_term_string\"}}],\"inLanguage\":\"fr-FR\"},{\"@type\":\"Organization\",\"@id\":\"https:\\\/\\\/www.organisator.ch\\\/#organization\",\"name\":\"Organisator\",\"url\":\"https:\\\/\\\/www.organisator.ch\\\/\",\"logo\":{\"@type\":\"ImageObject\",\"inLanguage\":\"fr-FR\",\"@id\":\"https:\\\/\\\/www.organisator.ch\\\/#\\\/schema\\\/logo\\\/image\\\/\",\"url\":\"https:\\\/\\\/www.organisator.ch\\\/wp-content\\\/uploads\\\/2022\\\/01\\\/Logo_Organisator_Website.png\",\"contentUrl\":\"https:\\\/\\\/www.organisator.ch\\\/wp-content\\\/uploads\\\/2022\\\/01\\\/Logo_Organisator_Website.png\",\"width\":800,\"height\":77,\"caption\":\"Organisator\"},\"image\":{\"@id\":\"https:\\\/\\\/www.organisator.ch\\\/#\\\/schema\\\/logo\\\/image\\\/\"},\"sameAs\":[\"https:\\\/\\\/www.facebook.com\\\/OrganisatorFachmagazin\",\"https:\\\/\\\/www.linkedin.com\\\/showcase\\\/organisator-das-magazin-fr-kmu\",\"https:\\\/\\\/www.xing.com\\\/news\\\/pages\\\/organisator-ch-695\",\"https:\\\/\\\/www.youtube.com\\\/channel\\\/UCGP2Sq0iWaZwT3BdIAQFYpw\"]},{\"@type\":\"Person\",\"@id\":\"https:\\\/\\\/www.organisator.ch\\\/#\\\/schema\\\/person\\\/2e1314a2172123f874db408d8911d3f3\",\"name\":\"Adelisa Kalajdzini\",\"image\":{\"@type\":\"ImageObject\",\"inLanguage\":\"fr-FR\",\"@id\":\"https:\\\/\\\/secure.gravatar.com\\\/avatar\\\/09a397c22ac58cad6f160ee8306348599df9df58a8ede73696226897b9fa4b24?s=96&d=mm&r=g\",\"url\":\"https:\\\/\\\/secure.gravatar.com\\\/avatar\\\/09a397c22ac58cad6f160ee8306348599df9df58a8ede73696226897b9fa4b24?s=96&d=mm&r=g\",\"contentUrl\":\"https:\\\/\\\/secure.gravatar.com\\\/avatar\\\/09a397c22ac58cad6f160ee8306348599df9df58a8ede73696226897b9fa4b24?s=96&d=mm&r=g\",\"caption\":\"Adelisa Kalajdzini\"},\"url\":\"https:\\\/\\\/www.organisator.ch\\\/fr\\\/author\\\/adelisa-kalajdzini\\\/\"}]}<\/script>\n<!-- \/ Yoast SEO plugin. -->","yoast_head_json":{"title":"betterview : septi\u00e8me clinique laser pour les yeux et coup d'envoi vers Londres - Organisateur","description":"La jeune entreprise betterview a r\u00e9cemment ouvert une clinique de traitement des yeux au laser \u00e0 Coire et vise d\u00e9sormais le march\u00e9 britannique.","robots":{"index":"index","follow":"follow","max-snippet":"max-snippet:-1","max-image-preview":"max-image-preview:large","max-video-preview":"max-video-preview:-1"},"canonical":"https:\/\/www.organisator.ch\/fr\/gestion-2\/2023-10-11\/betterview-siebte-augenlaserklinik-und-startschuss-nach-london\/","og_locale":"fr_FR","og_type":"article","og_title":"betterview: siebte Augenlaserklinik und Startschuss nach London","og_description":"Das junge Unternehmen betterview er\u00f6ffnete k\u00fcrzlich eine Augenlaserbehandlungs-Klinik in Chur und peilt nun den britischen Markt an.","og_url":"https:\/\/www.organisator.ch\/fr\/gestion-2\/2023-10-11\/betterview-siebte-augenlaserklinik-und-startschuss-nach-london\/","og_site_name":"Organisator","article_publisher":"https:\/\/www.facebook.com\/OrganisatorFachmagazin","article_published_time":"2023-10-11T06:34:04+00:00","og_image":[{"width":680,"height":757,"url":"https:\/\/www.organisator.ch\/wp-content\/uploads\/2023\/10\/betterview_Bild1_ps.jpg","type":"image\/jpeg"}],"author":"Adelisa Kalajdzini","twitter_card":"summary_large_image","twitter_title":"#betterview: siebte #Augenlaserklinik und Startschuss nach #London","twitter_description":"Das junge Unternehmen #betterview er\u00f6ffnete k\u00fcrzlich eine #Augenlaserbehandlungs-Klinik in Chur und peilt nun den britischen Markt an.","twitter_image":"https:\/\/www.organisator.ch\/wp-content\/uploads\/2023\/10\/betterview_Bild1_ps.jpg","schema":{"@context":"https:\/\/schema.org","@graph":[{"@type":"Article","@id":"https:\/\/www.organisator.ch\/management\/2023-10-11\/betterview-siebte-augenlaserklinik-und-startschuss-nach-london\/#article","isPartOf":{"@id":"https:\/\/www.organisator.ch\/management\/2023-10-11\/betterview-siebte-augenlaserklinik-und-startschuss-nach-london\/"},"author":{"name":"Adelisa Kalajdzini","@id":"https:\/\/www.organisator.ch\/#\/schema\/person\/2e1314a2172123f874db408d8911d3f3"},"headline":"betterview: siebte Augenlaserklinik und Startschuss nach London","datePublished":"2023-10-11T06:34:04+00:00","mainEntityOfPage":{"@id":"https:\/\/www.organisator.ch\/management\/2023-10-11\/betterview-siebte-augenlaserklinik-und-startschuss-nach-london\/"},"wordCount":328,"publisher":{"@id":"https:\/\/www.organisator.ch\/#organization"},"image":{"@id":"https:\/\/www.organisator.ch\/management\/2023-10-11\/betterview-siebte-augenlaserklinik-und-startschuss-nach-london\/#primaryimage"},"thumbnailUrl":"https:\/\/www.organisator.ch\/wp-content\/uploads\/2023\/10\/betterview_Bild2_ps.jpg","keywords":["Management","Schweiz","Startups","Unternehmen"],"articleSection":["MANAGEMENT"],"inLanguage":"fr-FR"},{"@type":"WebPage","@id":"https:\/\/www.organisator.ch\/management\/2023-10-11\/betterview-siebte-augenlaserklinik-und-startschuss-nach-london\/","url":"https:\/\/www.organisator.ch\/management\/2023-10-11\/betterview-siebte-augenlaserklinik-und-startschuss-nach-london\/","name":"betterview : septi\u00e8me clinique laser pour les yeux et coup d'envoi vers Londres - Organisateur","isPartOf":{"@id":"https:\/\/www.organisator.ch\/#website"},"primaryImageOfPage":{"@id":"https:\/\/www.organisator.ch\/management\/2023-10-11\/betterview-siebte-augenlaserklinik-und-startschuss-nach-london\/#primaryimage"},"image":{"@id":"https:\/\/www.organisator.ch\/management\/2023-10-11\/betterview-siebte-augenlaserklinik-und-startschuss-nach-london\/#primaryimage"},"thumbnailUrl":"https:\/\/www.organisator.ch\/wp-content\/uploads\/2023\/10\/betterview_Bild2_ps.jpg","datePublished":"2023-10-11T06:34:04+00:00","description":"La jeune entreprise betterview a r\u00e9cemment ouvert une clinique de traitement des yeux au laser \u00e0 Coire et vise d\u00e9sormais le march\u00e9 britannique.","breadcrumb":{"@id":"https:\/\/www.organisator.ch\/management\/2023-10-11\/betterview-siebte-augenlaserklinik-und-startschuss-nach-london\/#breadcrumb"},"inLanguage":"fr-FR","potentialAction":[{"@type":"ReadAction","target":["https:\/\/www.organisator.ch\/management\/2023-10-11\/betterview-siebte-augenlaserklinik-und-startschuss-nach-london\/"]}]},{"@type":"ImageObject","inLanguage":"fr-FR","@id":"https:\/\/www.organisator.ch\/management\/2023-10-11\/betterview-siebte-augenlaserklinik-und-startschuss-nach-london\/#primaryimage","url":"https:\/\/www.organisator.ch\/wp-content\/uploads\/2023\/10\/betterview_Bild2_ps.jpg","contentUrl":"https:\/\/www.organisator.ch\/wp-content\/uploads\/2023\/10\/betterview_Bild2_ps.jpg","width":680,"height":453,"caption":"\u00abbetterview Flagship\u00bb auf rund 250m2. Bahnhofplatz 1, Z\u00fcrich. (Bild: www.betterview.ch)"},{"@type":"BreadcrumbList","@id":"https:\/\/www.organisator.ch\/management\/2023-10-11\/betterview-siebte-augenlaserklinik-und-startschuss-nach-london\/#breadcrumb","itemListElement":[{"@type":"ListItem","position":1,"name":"Home","item":"https:\/\/www.organisator.ch\/"},{"@type":"ListItem","position":2,"name":"betterview: siebte Augenlaserklinik und Startschuss nach London"}]},{"@type":"WebSite","@id":"https:\/\/www.organisator.ch\/#website","url":"https:\/\/www.organisator.ch\/","name":"Organisateur","description":"Comp\u00e9tence et comp\u00e9tence. Proches de la pratique. L'ORGANISATEUR pr\u00e9pare 10 num\u00e9ros par an sur les th\u00e8mes essentiels pour les dirigeants de PME.","publisher":{"@id":"https:\/\/www.organisator.ch\/#organization"},"potentialAction":[{"@type":"SearchAction","target":{"@type":"EntryPoint","urlTemplate":"https:\/\/www.organisator.ch\/?s={search_term_string}"},"query-input":{"@type":"PropertyValueSpecification","valueRequired":true,"valueName":"search_term_string"}}],"inLanguage":"fr-FR"},{"@type":"Organization","@id":"https:\/\/www.organisator.ch\/#organization","name":"Organisateur","url":"https:\/\/www.organisator.ch\/","logo":{"@type":"ImageObject","inLanguage":"fr-FR","@id":"https:\/\/www.organisator.ch\/#\/schema\/logo\/image\/","url":"https:\/\/www.organisator.ch\/wp-content\/uploads\/2022\/01\/Logo_Organisator_Website.png","contentUrl":"https:\/\/www.organisator.ch\/wp-content\/uploads\/2022\/01\/Logo_Organisator_Website.png","width":800,"height":77,"caption":"Organisator"},"image":{"@id":"https:\/\/www.organisator.ch\/#\/schema\/logo\/image\/"},"sameAs":["https:\/\/www.facebook.com\/OrganisatorFachmagazin","https:\/\/www.linkedin.com\/showcase\/organisator-das-magazin-fr-kmu","https:\/\/www.xing.com\/news\/pages\/organisator-ch-695","https:\/\/www.youtube.com\/channel\/UCGP2Sq0iWaZwT3BdIAQFYpw"]},{"@type":"Person","@id":"https:\/\/www.organisator.ch\/#\/schema\/person\/2e1314a2172123f874db408d8911d3f3","name":"Adelisa Kalajdzini","image":{"@type":"ImageObject","inLanguage":"fr-FR","@id":"https:\/\/secure.gravatar.com\/avatar\/09a397c22ac58cad6f160ee8306348599df9df58a8ede73696226897b9fa4b24?s=96&d=mm&r=g","url":"https:\/\/secure.gravatar.com\/avatar\/09a397c22ac58cad6f160ee8306348599df9df58a8ede73696226897b9fa4b24?s=96&d=mm&r=g","contentUrl":"https:\/\/secure.gravatar.com\/avatar\/09a397c22ac58cad6f160ee8306348599df9df58a8ede73696226897b9fa4b24?s=96&d=mm&r=g","caption":"Adelisa Kalajdzini"},"url":"https:\/\/www.organisator.ch\/fr\/author\/adelisa-kalajdzini\/"}]}},"_links":{"self":[{"href":"https:\/\/www.organisator.ch\/fr\/wp-json\/wp\/v2\/posts\/22242","targetHints":{"allow":["GET"]}}],"collection":[{"href":"https:\/\/www.organisator.ch\/fr\/wp-json\/wp\/v2\/posts"}],"about":[{"href":"https:\/\/www.organisator.ch\/fr\/wp-json\/wp\/v2\/types\/post"}],"author":[{"embeddable":true,"href":"https:\/\/www.organisator.ch\/fr\/wp-json\/wp\/v2\/users\/58"}],"replies":[{"embeddable":true,"href":"https:\/\/www.organisator.ch\/fr\/wp-json\/wp\/v2\/comments?post=22242"}],"version-history":[{"count":4,"href":"https:\/\/www.organisator.ch\/fr\/wp-json\/wp\/v2\/posts\/22242\/revisions"}],"predecessor-version":[{"id":22273,"href":"https:\/\/www.organisator.ch\/fr\/wp-json\/wp\/v2\/posts\/22242\/revisions\/22273"}],"wp:featuredmedia":[{"embeddable":true,"href":"https:\/\/www.organisator.ch\/fr\/wp-json\/wp\/v2\/media\/22244"}],"wp:attachment":[{"href":"https:\/\/www.organisator.ch\/fr\/wp-json\/wp\/v2\/media?parent=22242"}],"wp:term":[{"taxonomy":"category","embeddable":true,"href":"https:\/\/www.organisator.ch\/fr\/wp-json\/wp\/v2\/categories?post=22242"},{"taxonomy":"post_tag","embeddable":true,"href":"https:\/\/www.organisator.ch\/fr\/wp-json\/wp\/v2\/tags?post=22242"}],"curies":[{"name":"wp","href":"https:\/\/api.w.org\/{rel}","templated":true}]}}