{"id":2225,"date":"2019-06-25T16:26:23","date_gmt":"2019-06-25T14:26:23","guid":{"rendered":"https:\/\/www.umweltperspektiven.ch\/?p=2225"},"modified":"2022-02-09T11:10:06","modified_gmt":"2022-02-09T10:10:06","slug":"bundesraetin-sommaruga-eine-klimaneutrale-energieversorgung-gelingt-nur-zusammen-mit-der-wirtschaft","status":"publish","type":"post","link":"https:\/\/www.organisator.ch\/fr\/sustainability\/2019-06-25\/bundesraetin-sommaruga-eine-klimaneutrale-energieversorgung-gelingt-nur-zusammen-mit-der-wirtschaft\/","title":{"rendered":"La conseill\u00e8re f\u00e9d\u00e9rale Simonetta Sommaruga : \"Un approvisionnement \u00e9nerg\u00e9tique neutre sur le plan climatique ne sera possible qu'avec l'\u00e9conomie\"."},"content":{"rendered":"<figure id=\"attachment_2226\" aria-describedby=\"caption-attachment-2226\" style=\"width: 680px\" class=\"wp-caption alignnone\"><img loading=\"lazy\" decoding=\"async\" class=\"size-medium wp-image-2226\" src=\"\/\/www.umweltperspektiven.ch\/wp-content\/uploads\/2019\/06\/Medienmitteilung_Sommaruga_Foto.gif\" alt=\"\" width=\"680\" height=\"455\" \/><figcaption id=\"caption-attachment-2226\" class=\"wp-caption-text\">Dans son expos\u00e9 \u00e0 la HSR, la cheffe du D\u00e9partement f\u00e9d\u00e9ral de l'environnement, des transports et de l'\u00e9nergie s'est exprim\u00e9e sur le r\u00f4le des associations environnementales. (Image : swisscleantech)<\/figcaption><\/figure>\n<p>D'ici 2050, l'approvisionnement \u00e9nerg\u00e9tique doit \u00eatre enti\u00e8rement bas\u00e9 sur les \u00e9nergies renouvelables afin que la Suisse atteigne la neutralit\u00e9 climatique. Les technologies n\u00e9cessaires \u00e0 cet effet sont d\u00e9velopp\u00e9es \u00e0 la Haute \u00e9cole technique de Rapperswil (HSR). Lors de sa pr\u00e9sence \u00e0 l'\u00e9v\u00e9nement des membres de swisscleantech, la conseill\u00e8re f\u00e9d\u00e9rale Simonetta Sommaruga a \u00e9galement visit\u00e9 l'installation Power-to-Gas. Cette technologie cl\u00e9 pour un approvisionnement \u00e9nerg\u00e9tique neutre en CO2 est d\u00e9velopp\u00e9e par la HSR dans le cadre de projets de recherche. Elle permet de stocker \u00e0 long terme l'\u00e9lectricit\u00e9 renouvelable exc\u00e9dentaire et de remplacer les sources d'\u00e9nergie fossiles.<\/p>\n<p>Dans son expos\u00e9, la cheffe du D\u00e9partement f\u00e9d\u00e9ral de l'environnement, des transports, de l'\u00e9nergie et de la communication s'est exprim\u00e9e sur le r\u00f4le de l'\u00e9conomie et de l'association swisscleantech dans la protection du climat.<br \/>\n\"swisscleantech s'engage depuis dix ans pour un approvisionnement \u00e9nerg\u00e9tique climatiquement neutre. L'association \u00e9conomique joue ainsi un r\u00f4le central en Suisse pour r\u00e9ussir la n\u00e9cessaire sortie des \u00e9nergies fossiles. Ce changement ne peut se faire qu'en collaboration avec l'\u00e9conomie. En tant que site d'innovation, la Suisse est ici en tr\u00e8s bonne position\", a d\u00e9clar\u00e9 la conseill\u00e8re f\u00e9d\u00e9rale Simonetta Sommaruga.<\/p>\n<p><strong>Des entrepreneurs pour une protection ambitieuse du climat\u00a0<\/strong><br \/>\nL'appel \u00e0 une protection ambitieuse du climat a \u00e9galement atteint l'\u00e9conomie suisse. Le nombre croissant de membres qui soutiennent swisscleantech en t\u00e9moigne.<\/p>\n<p>\"Depuis le d\u00e9but de l'ann\u00e9e, nous avons pu recruter plus de 70 entreprises de secteurs tr\u00e8s divers comme membres. De plus en plus d'entrepreneurs reconnaissent que le moment est venu d'agir. Face au d\u00e9fi du changement climatique, l'innovation entrepreneuriale joue un r\u00f4le central, ce qui entra\u00eene de nombreuses opportunit\u00e9s \u00e9conomiques. Mais pour cela, il faut un cadre politique ad\u00e9quat. Depuis sa cr\u00e9ation il y a dix ans, swisscleantech s'engage pr\u00e9cis\u00e9ment dans ce sens\", explique Fabian Etter, vice-pr\u00e9sident de swisscleantech et pr\u00e9sident du conseil d'administration d'Elektro Etter AG.<\/p>\n<p><strong>La recherche suisse pour une protection ambitieuse du climat\u00a0<\/strong><br \/>\n\u00c0 la HSR, plus de 100 scientifiques r\u00e9partis dans quatre instituts font des recherches intensives dans les domaines de la technique \u00e9nerg\u00e9tique et environnementale pour un avenir durable. La HSR dispose d'un tr\u00e8s fort r\u00e9seau national et international et travaille en \u00e9troite collaboration avec l'\u00e9conomie et l'industrie ainsi qu'avec d'autres institutions de recherche.<\/p>\n<p>\"Deux tiers de la consommation \u00e9nerg\u00e9tique suisse reposent sur des sources fossiles et g\u00e9n\u00e8rent des \u00e9missions de CO2. Le passage \u00e0 un approvisionnement \u00e9nerg\u00e9tique sans \u00e9nergies fossiles pose de nombreuses questions de mise en \u0153uvre. La recherche appliqu\u00e9e et le d\u00e9veloppement de la HSR ont apport\u00e9 des r\u00e9ponses concr\u00e8tes \u00e0 ces questions. La transformation ne r\u00e9ussira que si l'on dispose d'un nombre suffisant de sp\u00e9cialistes bien form\u00e9s. La HSR a \u00e9t\u00e9 la premi\u00e8re haute \u00e9cole sp\u00e9cialis\u00e9e de Suisse \u00e0 cr\u00e9er une fili\u00e8re d'\u00e9tudes sur les \u00e9nergies renouvelables et les techniques environnementales et forme depuis 2010 de jeunes ing\u00e9nieurs pour la transition \u00e9nerg\u00e9tique\", explique Henrik Nordborg, responsable de la fili\u00e8re d'\u00e9tudes sur les \u00e9nergies renouvelables et les techniques environnementales \u00e0 la HSR.<\/p>\n<p><a href=\"\/\/swisscleantech.us16.list-manage.com\/track\/click?u=2bfb22b85cb31f7d1caa96a80&amp;id=8c06f44bac&amp;e=1f70cbc439\">www.swisscleantech.ch\/verband<\/a><\/p>","protected":false},"excerpt":{"rendered":"<p>Bis 2050 muss die Energieversorgung vollst\u00e4ndig auf erneuerbare Energien umgestellt werden, damit die Schweiz klimaneutral wird. Daf\u00fcr n\u00f6tige Technologien werden an der der HSR Hochschule f\u00fcr Technik Rapperswil entwickelt. Bei ihrem Auftritt am Mitgliederevent von swisscleantech besuchte Bundesr\u00e4tin Simonetta Sommaruga auch die Power-to-Gas-Anlage. Diese Schl\u00fcsseltechnologie f\u00fcr eine CO2-neutrale Energieversorgung treibt die HSR mit Forschungsprojekten voran. [&hellip;]<\/p>\n","protected":false},"author":5,"featured_media":2226,"comment_status":"open","ping_status":"open","sticky":false,"template":"","format":"standard","meta":{"_acf_changed":false,"_yoast_wpseo_focuskw":"Sommaruga","_yoast_wpseo_metadesc":"Bundesr\u00e4tin Simonetta Sommaruga war am Sommeranlass des Wirtschaftsverbands swisscleantech an der Hochschule f\u00fcr Technik Rapperswil.","articlekey":"","footnotes":""},"categories":[580],"tags":[712,888,584,2576],"class_list":["post-2225","post","type-post","status-publish","format-standard","has-post-thumbnail","hentry","category-sustainability","tag-anlass","tag-bundesraetin","tag-energie","tag-wirtschaft"],"acf":[],"yoast_head":"<!-- This site is optimized with the Yoast SEO plugin v27.4 - https:\/\/yoast.com\/product\/yoast-seo-wordpress\/ -->\n<title>Bundesr\u00e4tin Sommaruga: \u00abEine klimaneutrale Energieversorgung gelingt nur zusammen mit der Wirtschaft\u00bb - Organisator<\/title>\n<meta name=\"description\" content=\"Bundesr\u00e4tin Simonetta Sommaruga war am Sommeranlass des Wirtschaftsverbands swisscleantech an der Hochschule f\u00fcr Technik Rapperswil.\" \/>\n<meta name=\"robots\" content=\"index, follow, max-snippet:-1, max-image-preview:large, max-video-preview:-1\" \/>\n<link rel=\"canonical\" href=\"https:\/\/www.organisator.ch\/fr\/sustainability\/2019-06-25\/bundesraetin-sommaruga-eine-klimaneutrale-energieversorgung-gelingt-nur-zusammen-mit-der-wirtschaft\/\" \/>\n<meta property=\"og:locale\" content=\"fr_FR\" \/>\n<meta property=\"og:type\" content=\"article\" \/>\n<meta property=\"og:title\" content=\"Bundesr\u00e4tin Sommaruga: \u00abEine klimaneutrale Energieversorgung gelingt nur zusammen mit der Wirtschaft\u00bb - Organisator\" \/>\n<meta property=\"og:description\" content=\"Bundesr\u00e4tin Simonetta Sommaruga war am Sommeranlass des Wirtschaftsverbands swisscleantech an der Hochschule f\u00fcr Technik Rapperswil.\" \/>\n<meta property=\"og:url\" content=\"https:\/\/www.organisator.ch\/fr\/sustainability\/2019-06-25\/bundesraetin-sommaruga-eine-klimaneutrale-energieversorgung-gelingt-nur-zusammen-mit-der-wirtschaft\/\" \/>\n<meta property=\"og:site_name\" content=\"Organisator\" \/>\n<meta property=\"article:publisher\" content=\"https:\/\/www.facebook.com\/OrganisatorFachmagazin\" \/>\n<meta property=\"article:published_time\" content=\"2019-06-25T14:26:23+00:00\" \/>\n<meta property=\"article:modified_time\" content=\"2022-02-09T10:10:06+00:00\" \/>\n<meta property=\"og:image\" content=\"https:\/\/www.organisator.ch\/wp-content\/uploads\/2019\/06\/Medienmitteilung_Sommaruga_Foto.gif\" \/>\n\t<meta property=\"og:image:width\" content=\"776\" \/>\n\t<meta property=\"og:image:height\" content=\"519\" \/>\n\t<meta property=\"og:image:type\" content=\"image\/gif\" \/>\n<meta name=\"author\" content=\"michael.merz\" \/>\n<meta name=\"twitter:card\" content=\"summary_large_image\" \/>\n<script type=\"application\/ld+json\" class=\"yoast-schema-graph\">{\"@context\":\"https:\\\/\\\/schema.org\",\"@graph\":[{\"@type\":\"Article\",\"@id\":\"https:\\\/\\\/www.organisator.ch\\\/sustainability\\\/2019-06-25\\\/bundesraetin-sommaruga-eine-klimaneutrale-energieversorgung-gelingt-nur-zusammen-mit-der-wirtschaft\\\/#article\",\"isPartOf\":{\"@id\":\"https:\\\/\\\/www.organisator.ch\\\/sustainability\\\/2019-06-25\\\/bundesraetin-sommaruga-eine-klimaneutrale-energieversorgung-gelingt-nur-zusammen-mit-der-wirtschaft\\\/\"},\"author\":{\"name\":\"michael.merz\",\"@id\":\"https:\\\/\\\/www.organisator.ch\\\/#\\\/schema\\\/person\\\/134708ca9321c57b0362cceb7948ffbd\"},\"headline\":\"Bundesr\u00e4tin Sommaruga: \u00abEine klimaneutrale Energieversorgung gelingt nur zusammen mit der Wirtschaft\u00bb\",\"datePublished\":\"2019-06-25T14:26:23+00:00\",\"dateModified\":\"2022-02-09T10:10:06+00:00\",\"mainEntityOfPage\":{\"@id\":\"https:\\\/\\\/www.organisator.ch\\\/sustainability\\\/2019-06-25\\\/bundesraetin-sommaruga-eine-klimaneutrale-energieversorgung-gelingt-nur-zusammen-mit-der-wirtschaft\\\/\"},\"wordCount\":468,\"commentCount\":0,\"publisher\":{\"@id\":\"https:\\\/\\\/www.organisator.ch\\\/#organization\"},\"image\":{\"@id\":\"https:\\\/\\\/www.organisator.ch\\\/sustainability\\\/2019-06-25\\\/bundesraetin-sommaruga-eine-klimaneutrale-energieversorgung-gelingt-nur-zusammen-mit-der-wirtschaft\\\/#primaryimage\"},\"thumbnailUrl\":\"https:\\\/\\\/www.organisator.ch\\\/wp-content\\\/uploads\\\/2019\\\/06\\\/Medienmitteilung_Sommaruga_Foto.gif\",\"keywords\":[\"Anlass\",\"Bundesr\u00e4tin\",\"ENERGIE\",\"Wirtschaft\"],\"articleSection\":[\"SUSTAINABILITY\"],\"inLanguage\":\"fr-FR\"},{\"@type\":\"WebPage\",\"@id\":\"https:\\\/\\\/www.organisator.ch\\\/sustainability\\\/2019-06-25\\\/bundesraetin-sommaruga-eine-klimaneutrale-energieversorgung-gelingt-nur-zusammen-mit-der-wirtschaft\\\/\",\"url\":\"https:\\\/\\\/www.organisator.ch\\\/sustainability\\\/2019-06-25\\\/bundesraetin-sommaruga-eine-klimaneutrale-energieversorgung-gelingt-nur-zusammen-mit-der-wirtschaft\\\/\",\"name\":\"Bundesr\u00e4tin Sommaruga: \u00abEine klimaneutrale Energieversorgung gelingt nur zusammen mit der Wirtschaft\u00bb - Organisator\",\"isPartOf\":{\"@id\":\"https:\\\/\\\/www.organisator.ch\\\/#website\"},\"primaryImageOfPage\":{\"@id\":\"https:\\\/\\\/www.organisator.ch\\\/sustainability\\\/2019-06-25\\\/bundesraetin-sommaruga-eine-klimaneutrale-energieversorgung-gelingt-nur-zusammen-mit-der-wirtschaft\\\/#primaryimage\"},\"image\":{\"@id\":\"https:\\\/\\\/www.organisator.ch\\\/sustainability\\\/2019-06-25\\\/bundesraetin-sommaruga-eine-klimaneutrale-energieversorgung-gelingt-nur-zusammen-mit-der-wirtschaft\\\/#primaryimage\"},\"thumbnailUrl\":\"https:\\\/\\\/www.organisator.ch\\\/wp-content\\\/uploads\\\/2019\\\/06\\\/Medienmitteilung_Sommaruga_Foto.gif\",\"datePublished\":\"2019-06-25T14:26:23+00:00\",\"dateModified\":\"2022-02-09T10:10:06+00:00\",\"description\":\"Bundesr\u00e4tin Simonetta Sommaruga war am Sommeranlass des Wirtschaftsverbands swisscleantech an der Hochschule f\u00fcr Technik Rapperswil.\",\"breadcrumb\":{\"@id\":\"https:\\\/\\\/www.organisator.ch\\\/sustainability\\\/2019-06-25\\\/bundesraetin-sommaruga-eine-klimaneutrale-energieversorgung-gelingt-nur-zusammen-mit-der-wirtschaft\\\/#breadcrumb\"},\"inLanguage\":\"fr-FR\",\"potentialAction\":[{\"@type\":\"ReadAction\",\"target\":[\"https:\\\/\\\/www.organisator.ch\\\/sustainability\\\/2019-06-25\\\/bundesraetin-sommaruga-eine-klimaneutrale-energieversorgung-gelingt-nur-zusammen-mit-der-wirtschaft\\\/\"]}]},{\"@type\":\"ImageObject\",\"inLanguage\":\"fr-FR\",\"@id\":\"https:\\\/\\\/www.organisator.ch\\\/sustainability\\\/2019-06-25\\\/bundesraetin-sommaruga-eine-klimaneutrale-energieversorgung-gelingt-nur-zusammen-mit-der-wirtschaft\\\/#primaryimage\",\"url\":\"https:\\\/\\\/www.organisator.ch\\\/wp-content\\\/uploads\\\/2019\\\/06\\\/Medienmitteilung_Sommaruga_Foto.gif\",\"contentUrl\":\"https:\\\/\\\/www.organisator.ch\\\/wp-content\\\/uploads\\\/2019\\\/06\\\/Medienmitteilung_Sommaruga_Foto.gif\",\"width\":776,\"height\":519,\"caption\":\"In ihrem Referat an der HSR \u00e4usserte sich die Vorsteherin des Eidgen\u00f6ssischen Departements f\u00fcr Umwelt, Verkehr, Energie zur Rolle von Umweltverb\u00e4nden. (Bild: swisscleantech)\"},{\"@type\":\"BreadcrumbList\",\"@id\":\"https:\\\/\\\/www.organisator.ch\\\/sustainability\\\/2019-06-25\\\/bundesraetin-sommaruga-eine-klimaneutrale-energieversorgung-gelingt-nur-zusammen-mit-der-wirtschaft\\\/#breadcrumb\",\"itemListElement\":[{\"@type\":\"ListItem\",\"position\":1,\"name\":\"Home\",\"item\":\"https:\\\/\\\/www.organisator.ch\\\/\"},{\"@type\":\"ListItem\",\"position\":2,\"name\":\"Bundesr\u00e4tin Sommaruga: \u00abEine klimaneutrale Energieversorgung gelingt nur zusammen mit der Wirtschaft\u00bb\"}]},{\"@type\":\"WebSite\",\"@id\":\"https:\\\/\\\/www.organisator.ch\\\/#website\",\"url\":\"https:\\\/\\\/www.organisator.ch\\\/\",\"name\":\"Organisator\",\"description\":\"Kompetent. Praxisnah. Der ORGANISATOR bereitet in 10 Ausgaben pro Jahr die wesentlichen Themen f\u00fcr F\u00fchrungskr\u00e4fte von KMU auf.\",\"publisher\":{\"@id\":\"https:\\\/\\\/www.organisator.ch\\\/#organization\"},\"potentialAction\":[{\"@type\":\"SearchAction\",\"target\":{\"@type\":\"EntryPoint\",\"urlTemplate\":\"https:\\\/\\\/www.organisator.ch\\\/?s={search_term_string}\"},\"query-input\":{\"@type\":\"PropertyValueSpecification\",\"valueRequired\":true,\"valueName\":\"search_term_string\"}}],\"inLanguage\":\"fr-FR\"},{\"@type\":\"Organization\",\"@id\":\"https:\\\/\\\/www.organisator.ch\\\/#organization\",\"name\":\"Organisator\",\"url\":\"https:\\\/\\\/www.organisator.ch\\\/\",\"logo\":{\"@type\":\"ImageObject\",\"inLanguage\":\"fr-FR\",\"@id\":\"https:\\\/\\\/www.organisator.ch\\\/#\\\/schema\\\/logo\\\/image\\\/\",\"url\":\"https:\\\/\\\/www.organisator.ch\\\/wp-content\\\/uploads\\\/2022\\\/01\\\/Logo_Organisator_Website.png\",\"contentUrl\":\"https:\\\/\\\/www.organisator.ch\\\/wp-content\\\/uploads\\\/2022\\\/01\\\/Logo_Organisator_Website.png\",\"width\":800,\"height\":77,\"caption\":\"Organisator\"},\"image\":{\"@id\":\"https:\\\/\\\/www.organisator.ch\\\/#\\\/schema\\\/logo\\\/image\\\/\"},\"sameAs\":[\"https:\\\/\\\/www.facebook.com\\\/OrganisatorFachmagazin\",\"https:\\\/\\\/www.linkedin.com\\\/showcase\\\/organisator-das-magazin-fr-kmu\",\"https:\\\/\\\/www.xing.com\\\/news\\\/pages\\\/organisator-ch-695\",\"https:\\\/\\\/www.youtube.com\\\/channel\\\/UCGP2Sq0iWaZwT3BdIAQFYpw\"]},{\"@type\":\"Person\",\"@id\":\"https:\\\/\\\/www.organisator.ch\\\/#\\\/schema\\\/person\\\/134708ca9321c57b0362cceb7948ffbd\",\"name\":\"michael.merz\",\"image\":{\"@type\":\"ImageObject\",\"inLanguage\":\"fr-FR\",\"@id\":\"https:\\\/\\\/secure.gravatar.com\\\/avatar\\\/?s=96&d=mm&r=g\",\"url\":\"https:\\\/\\\/secure.gravatar.com\\\/avatar\\\/?s=96&d=mm&r=g\",\"contentUrl\":\"https:\\\/\\\/secure.gravatar.com\\\/avatar\\\/?s=96&d=mm&r=g\",\"caption\":\"michael.merz\"},\"url\":\"https:\\\/\\\/www.organisator.ch\\\/fr\\\/author\\\/michael-merz\\\/\"}]}<\/script>\n<!-- \/ Yoast SEO plugin. -->","yoast_head_json":{"title":"La conseill\u00e8re f\u00e9d\u00e9rale Simonetta Sommaruga : \"Un approvisionnement \u00e9nerg\u00e9tique neutre sur le plan climatique ne sera possible qu'avec l'\u00e9conomie\" - Organisateur","description":"La conseill\u00e8re f\u00e9d\u00e9rale Simonetta Sommaruga s'est rendue \u00e0 la manifestation estivale organis\u00e9e par l'association \u00e9conomique swisscleantech \u00e0 la Haute \u00e9cole technique de Rapperswil.","robots":{"index":"index","follow":"follow","max-snippet":"max-snippet:-1","max-image-preview":"max-image-preview:large","max-video-preview":"max-video-preview:-1"},"canonical":"https:\/\/www.organisator.ch\/fr\/sustainability\/2019-06-25\/bundesraetin-sommaruga-eine-klimaneutrale-energieversorgung-gelingt-nur-zusammen-mit-der-wirtschaft\/","og_locale":"fr_FR","og_type":"article","og_title":"Bundesr\u00e4tin Sommaruga: \u00abEine klimaneutrale Energieversorgung gelingt nur zusammen mit der Wirtschaft\u00bb - Organisator","og_description":"Bundesr\u00e4tin Simonetta Sommaruga war am Sommeranlass des Wirtschaftsverbands swisscleantech an der Hochschule f\u00fcr Technik Rapperswil.","og_url":"https:\/\/www.organisator.ch\/fr\/sustainability\/2019-06-25\/bundesraetin-sommaruga-eine-klimaneutrale-energieversorgung-gelingt-nur-zusammen-mit-der-wirtschaft\/","og_site_name":"Organisator","article_publisher":"https:\/\/www.facebook.com\/OrganisatorFachmagazin","article_published_time":"2019-06-25T14:26:23+00:00","article_modified_time":"2022-02-09T10:10:06+00:00","og_image":[{"width":776,"height":519,"url":"https:\/\/www.organisator.ch\/wp-content\/uploads\/2019\/06\/Medienmitteilung_Sommaruga_Foto.gif","type":"image\/gif"}],"author":"michael.merz","twitter_card":"summary_large_image","schema":{"@context":"https:\/\/schema.org","@graph":[{"@type":"Article","@id":"https:\/\/www.organisator.ch\/sustainability\/2019-06-25\/bundesraetin-sommaruga-eine-klimaneutrale-energieversorgung-gelingt-nur-zusammen-mit-der-wirtschaft\/#article","isPartOf":{"@id":"https:\/\/www.organisator.ch\/sustainability\/2019-06-25\/bundesraetin-sommaruga-eine-klimaneutrale-energieversorgung-gelingt-nur-zusammen-mit-der-wirtschaft\/"},"author":{"name":"michael.merz","@id":"https:\/\/www.organisator.ch\/#\/schema\/person\/134708ca9321c57b0362cceb7948ffbd"},"headline":"Bundesr\u00e4tin Sommaruga: \u00abEine klimaneutrale Energieversorgung gelingt nur zusammen mit der Wirtschaft\u00bb","datePublished":"2019-06-25T14:26:23+00:00","dateModified":"2022-02-09T10:10:06+00:00","mainEntityOfPage":{"@id":"https:\/\/www.organisator.ch\/sustainability\/2019-06-25\/bundesraetin-sommaruga-eine-klimaneutrale-energieversorgung-gelingt-nur-zusammen-mit-der-wirtschaft\/"},"wordCount":468,"commentCount":0,"publisher":{"@id":"https:\/\/www.organisator.ch\/#organization"},"image":{"@id":"https:\/\/www.organisator.ch\/sustainability\/2019-06-25\/bundesraetin-sommaruga-eine-klimaneutrale-energieversorgung-gelingt-nur-zusammen-mit-der-wirtschaft\/#primaryimage"},"thumbnailUrl":"https:\/\/www.organisator.ch\/wp-content\/uploads\/2019\/06\/Medienmitteilung_Sommaruga_Foto.gif","keywords":["Anlass","Bundesr\u00e4tin","ENERGIE","Wirtschaft"],"articleSection":["SUSTAINABILITY"],"inLanguage":"fr-FR"},{"@type":"WebPage","@id":"https:\/\/www.organisator.ch\/sustainability\/2019-06-25\/bundesraetin-sommaruga-eine-klimaneutrale-energieversorgung-gelingt-nur-zusammen-mit-der-wirtschaft\/","url":"https:\/\/www.organisator.ch\/sustainability\/2019-06-25\/bundesraetin-sommaruga-eine-klimaneutrale-energieversorgung-gelingt-nur-zusammen-mit-der-wirtschaft\/","name":"La conseill\u00e8re f\u00e9d\u00e9rale Simonetta Sommaruga : \"Un approvisionnement \u00e9nerg\u00e9tique neutre sur le plan climatique ne sera possible qu'avec l'\u00e9conomie\" - Organisateur","isPartOf":{"@id":"https:\/\/www.organisator.ch\/#website"},"primaryImageOfPage":{"@id":"https:\/\/www.organisator.ch\/sustainability\/2019-06-25\/bundesraetin-sommaruga-eine-klimaneutrale-energieversorgung-gelingt-nur-zusammen-mit-der-wirtschaft\/#primaryimage"},"image":{"@id":"https:\/\/www.organisator.ch\/sustainability\/2019-06-25\/bundesraetin-sommaruga-eine-klimaneutrale-energieversorgung-gelingt-nur-zusammen-mit-der-wirtschaft\/#primaryimage"},"thumbnailUrl":"https:\/\/www.organisator.ch\/wp-content\/uploads\/2019\/06\/Medienmitteilung_Sommaruga_Foto.gif","datePublished":"2019-06-25T14:26:23+00:00","dateModified":"2022-02-09T10:10:06+00:00","description":"La conseill\u00e8re f\u00e9d\u00e9rale Simonetta Sommaruga s'est rendue \u00e0 la manifestation estivale organis\u00e9e par l'association \u00e9conomique swisscleantech \u00e0 la Haute \u00e9cole technique de Rapperswil.","breadcrumb":{"@id":"https:\/\/www.organisator.ch\/sustainability\/2019-06-25\/bundesraetin-sommaruga-eine-klimaneutrale-energieversorgung-gelingt-nur-zusammen-mit-der-wirtschaft\/#breadcrumb"},"inLanguage":"fr-FR","potentialAction":[{"@type":"ReadAction","target":["https:\/\/www.organisator.ch\/sustainability\/2019-06-25\/bundesraetin-sommaruga-eine-klimaneutrale-energieversorgung-gelingt-nur-zusammen-mit-der-wirtschaft\/"]}]},{"@type":"ImageObject","inLanguage":"fr-FR","@id":"https:\/\/www.organisator.ch\/sustainability\/2019-06-25\/bundesraetin-sommaruga-eine-klimaneutrale-energieversorgung-gelingt-nur-zusammen-mit-der-wirtschaft\/#primaryimage","url":"https:\/\/www.organisator.ch\/wp-content\/uploads\/2019\/06\/Medienmitteilung_Sommaruga_Foto.gif","contentUrl":"https:\/\/www.organisator.ch\/wp-content\/uploads\/2019\/06\/Medienmitteilung_Sommaruga_Foto.gif","width":776,"height":519,"caption":"In ihrem Referat an der HSR \u00e4usserte sich die Vorsteherin des Eidgen\u00f6ssischen Departements f\u00fcr Umwelt, Verkehr, Energie zur Rolle von Umweltverb\u00e4nden. (Bild: swisscleantech)"},{"@type":"BreadcrumbList","@id":"https:\/\/www.organisator.ch\/sustainability\/2019-06-25\/bundesraetin-sommaruga-eine-klimaneutrale-energieversorgung-gelingt-nur-zusammen-mit-der-wirtschaft\/#breadcrumb","itemListElement":[{"@type":"ListItem","position":1,"name":"Home","item":"https:\/\/www.organisator.ch\/"},{"@type":"ListItem","position":2,"name":"Bundesr\u00e4tin Sommaruga: \u00abEine klimaneutrale Energieversorgung gelingt nur zusammen mit der Wirtschaft\u00bb"}]},{"@type":"WebSite","@id":"https:\/\/www.organisator.ch\/#website","url":"https:\/\/www.organisator.ch\/","name":"Organisateur","description":"Comp\u00e9tence et comp\u00e9tence. Proches de la pratique. L'ORGANISATEUR pr\u00e9pare 10 num\u00e9ros par an sur les th\u00e8mes essentiels pour les dirigeants de PME.","publisher":{"@id":"https:\/\/www.organisator.ch\/#organization"},"potentialAction":[{"@type":"SearchAction","target":{"@type":"EntryPoint","urlTemplate":"https:\/\/www.organisator.ch\/?s={search_term_string}"},"query-input":{"@type":"PropertyValueSpecification","valueRequired":true,"valueName":"search_term_string"}}],"inLanguage":"fr-FR"},{"@type":"Organization","@id":"https:\/\/www.organisator.ch\/#organization","name":"Organisateur","url":"https:\/\/www.organisator.ch\/","logo":{"@type":"ImageObject","inLanguage":"fr-FR","@id":"https:\/\/www.organisator.ch\/#\/schema\/logo\/image\/","url":"https:\/\/www.organisator.ch\/wp-content\/uploads\/2022\/01\/Logo_Organisator_Website.png","contentUrl":"https:\/\/www.organisator.ch\/wp-content\/uploads\/2022\/01\/Logo_Organisator_Website.png","width":800,"height":77,"caption":"Organisator"},"image":{"@id":"https:\/\/www.organisator.ch\/#\/schema\/logo\/image\/"},"sameAs":["https:\/\/www.facebook.com\/OrganisatorFachmagazin","https:\/\/www.linkedin.com\/showcase\/organisator-das-magazin-fr-kmu","https:\/\/www.xing.com\/news\/pages\/organisator-ch-695","https:\/\/www.youtube.com\/channel\/UCGP2Sq0iWaZwT3BdIAQFYpw"]},{"@type":"Person","@id":"https:\/\/www.organisator.ch\/#\/schema\/person\/134708ca9321c57b0362cceb7948ffbd","name":"michael.merz","image":{"@type":"ImageObject","inLanguage":"fr-FR","@id":"https:\/\/secure.gravatar.com\/avatar\/?s=96&d=mm&r=g","url":"https:\/\/secure.gravatar.com\/avatar\/?s=96&d=mm&r=g","contentUrl":"https:\/\/secure.gravatar.com\/avatar\/?s=96&d=mm&r=g","caption":"michael.merz"},"url":"https:\/\/www.organisator.ch\/fr\/author\/michael-merz\/"}]}},"_links":{"self":[{"href":"https:\/\/www.organisator.ch\/fr\/wp-json\/wp\/v2\/posts\/2225","targetHints":{"allow":["GET"]}}],"collection":[{"href":"https:\/\/www.organisator.ch\/fr\/wp-json\/wp\/v2\/posts"}],"about":[{"href":"https:\/\/www.organisator.ch\/fr\/wp-json\/wp\/v2\/types\/post"}],"author":[{"embeddable":true,"href":"https:\/\/www.organisator.ch\/fr\/wp-json\/wp\/v2\/users\/5"}],"replies":[{"embeddable":true,"href":"https:\/\/www.organisator.ch\/fr\/wp-json\/wp\/v2\/comments?post=2225"}],"version-history":[{"count":1,"href":"https:\/\/www.organisator.ch\/fr\/wp-json\/wp\/v2\/posts\/2225\/revisions"}],"predecessor-version":[{"id":10899,"href":"https:\/\/www.organisator.ch\/fr\/wp-json\/wp\/v2\/posts\/2225\/revisions\/10899"}],"wp:featuredmedia":[{"embeddable":true,"href":"https:\/\/www.organisator.ch\/fr\/wp-json\/wp\/v2\/media\/2226"}],"wp:attachment":[{"href":"https:\/\/www.organisator.ch\/fr\/wp-json\/wp\/v2\/media?parent=2225"}],"wp:term":[{"taxonomy":"category","embeddable":true,"href":"https:\/\/www.organisator.ch\/fr\/wp-json\/wp\/v2\/categories?post=2225"},{"taxonomy":"post_tag","embeddable":true,"href":"https:\/\/www.organisator.ch\/fr\/wp-json\/wp\/v2\/tags?post=2225"}],"curies":[{"name":"wp","href":"https:\/\/api.w.org\/{rel}","templated":true}]}}