{"id":22363,"date":"2023-10-16T15:20:02","date_gmt":"2023-10-16T13:20:02","guid":{"rendered":"https:\/\/www.m-q.ch\/?p=18735"},"modified":"2024-11-13T13:55:04","modified_gmt":"2024-11-13T12:55:04","slug":"xebia-bobby-leu-zum-neuen-managing-director-schweiz","status":"publish","type":"post","link":"https:\/\/www.organisator.ch\/fr\/operational-excellence\/2023-10-16\/xebia-bobby-leu-zum-neuen-managing-director-schweiz\/","title":{"rendered":"Xebia : Bobby Leu nomm\u00e9 nouveau Managing Director Suisse"},"content":{"rendered":"<figure id=\"attachment_18738\" class=\"wp-caption alignnone\" style=\"width: 680px\" aria-describedby=\"caption-attachment-18738\"><img class=\"alignnone wp-image-18738 size-full\" src=\"https:\/\/www.m-q.ch\/wp-content\/uploads\/2023\/10\/Xebia_Bild1_ps2.jpg\" alt=\"Bobby Leu Xebia\" width=\"680\" height=\"556\" \/>\r\n<figcaption id=\"caption-attachment-18738\" class=\"wp-caption-text\">Bobby Leu sera le nouveau Managing Director Suisse \u00e0 partir du 1er janvier 2024. Il d\u00e9veloppera et mettra en \u0153uvre la strat\u00e9gie de Xebia en Suisse. (Image : www.xebia.com)<\/figcaption>\r\n<\/figure>\r\n<p>Parmi ses douze ann\u00e9es d'exp\u00e9rience, Bobby Leu \u00e9tait en dernier lieu Chief Operating Officer chez SELISE (Secure Link Services AG) \u00e0 Zurich et Vice President Small &amp; Medium Business Switzerland and Austria chez UPC \u00e0 Zurich et Vienne. Dans ses fonctions pr\u00e9c\u00e9dentes, il a travaill\u00e9 entre autres pour Swiss Life et Deloitte. Bobby Leu est titulaire d'un BA en gestion d'entreprise de l'universit\u00e9 de Saint-Gall et d'un Global Executive MBA de l'INSEAD Business School \u00e0 Singapour.<\/p>\r\n<p>\"Avec Bobby Leu, c'est un expert reconnu en strat\u00e9gie et en technologie qui prend les r\u00eanes pour d\u00e9velopper notre pr\u00e9sence en Suisse\", d\u00e9clare Anand Sahay, CEO et Executive Director de Xebia. \"Il sait allier les possibilit\u00e9s des nouvelles technologies aux besoins entrepreneuriaux de nos clients. Il apporte une solide exp\u00e9rience en mati\u00e8re de conseil et de d\u00e9veloppement de logiciels nearshore et offshore, qu'il combine avec des connaissances approfondies de nombre de nos secteurs cl\u00e9s. Tout cela va soutenir et faire avancer de mani\u00e8re d\u00e9cisive la transformation num\u00e9rique de nos clients suisses\".<\/p>\r\n<p>Bobby Leu ajoute : \"La transformation num\u00e9rique n\u00e9cessite une compr\u00e9hension globale des d\u00e9fis auxquels nos clients sont confront\u00e9s. Notre objectif est de les aider \u00e0 devenir des leaders num\u00e9riques dans leur secteur et de fa\u00e7onner ces changements avec eux. Je me r\u00e9jouis de mener \u00e0 bien cette mission avec l'\u00e9quipe de Xebia\".<\/p>\r\n<p>Avec l'ach\u00e8vement de l'int\u00e9gration de SwissQ dans le groupe Xebia, Adrian Zwingli, fondateur et ancien CEO de SwissQ, se retire de la pr\u00e9sidence du conseil d'administration. \"Apr\u00e8s 17 ans de dur labeur, le moment est venu de remettre le destin de l'entreprise entre de nouvelles mains comp\u00e9tentes\", commente Zwingli. \u00a0<\/p>\r\n<p>Michel den Braver, directeur a. i. de Xebia Suisse, remercie \u00e9galement Adrian Zwingli et lui souhaite le meilleur pour l'avenir, tant sur le plan professionnel que personnel.<\/p>\r\n<p><em>Source :<\/em> <a href=\"https:\/\/xebia.com\/switzerland-de\/\">www.xebia.com\u00a0<\/a><\/p>\n<p class=\"syndicated-attribution\">Cet article est paru initialement sur m-q.ch - <a href=\"https:\/\/www.m-q.ch\/de\/xebia-bobby-leu-zum-neuen-managing-director-schweiz\/\" target=\"_blank\">https:\/\/www.m-q.ch\/de\/xebia-bobby-leu-zum-neuen-managing-director-schweiz\/<\/a><\/p>","protected":false},"excerpt":{"rendered":"<p>Depuis de nombreuses ann\u00e9es, Xebia soutient les entreprises suisses dans leur transformation num\u00e9rique et les aide ainsi \u00e0 rester comp\u00e9titives. \u00c0 partir du 1er janvier 2024, Bobby Leu, nouveau Managing Director pour la Suisse, d\u00e9veloppera et mettra en \u0153uvre la strat\u00e9gie de l'entreprise. Dans le cadre de ses fonctions, il assumera la pr\u00e9sidence de la direction.<\/p>","protected":false},"author":58,"featured_media":0,"comment_status":"closed","ping_status":"closed","sticky":false,"template":"","format":"standard","meta":{"_acf_changed":false,"_yoast_wpseo_focuskw":"Bobby Leu Xebia","_yoast_wpseo_metadesc":"Bobby Leu wird neuer Managing Director Schweiz bei Xebia. F\u00fchrt die digitale Transformation und st\u00e4rkt Schweizer Pr\u00e4senz.","articlekey":"","footnotes":""},"categories":[582],"tags":[],"class_list":["post-22363","post","type-post","status-publish","format-standard","hentry","category-operational-excellence"],"acf":[],"yoast_head":"<!-- This site is optimized with the Yoast SEO plugin v27.5 - https:\/\/yoast.com\/product\/yoast-seo-wordpress\/ -->\n<title>Xebia: Bobby Leu zum neuen Managing Director Schweiz - Organisator<\/title>\n<meta name=\"description\" content=\"Bobby Leu wird neuer Managing Director Schweiz bei Xebia. F\u00fchrt die digitale Transformation und st\u00e4rkt Schweizer Pr\u00e4senz.\" \/>\n<meta name=\"robots\" content=\"index, follow, max-snippet:-1, max-image-preview:large, max-video-preview:-1\" \/>\n<link rel=\"canonical\" href=\"https:\/\/www.organisator.ch\/fr\/excellence-operationnelle\/2023-10-16\/xebia-bobby-leu-zum-neuen-managing-director-schweiz\/\" \/>\n<meta property=\"og:locale\" content=\"fr_FR\" \/>\n<meta property=\"og:type\" content=\"article\" \/>\n<meta property=\"og:title\" content=\"Xebia: Bobby Leu zum neuen Managing Director Schweiz - Organisator\" \/>\n<meta property=\"og:description\" content=\"Bobby Leu wird neuer Managing Director Schweiz bei Xebia. F\u00fchrt die digitale Transformation und st\u00e4rkt Schweizer Pr\u00e4senz.\" \/>\n<meta property=\"og:url\" content=\"https:\/\/www.organisator.ch\/fr\/excellence-operationnelle\/2023-10-16\/xebia-bobby-leu-zum-neuen-managing-director-schweiz\/\" \/>\n<meta property=\"og:site_name\" content=\"Organisator\" \/>\n<meta property=\"article:publisher\" content=\"https:\/\/www.facebook.com\/OrganisatorFachmagazin\" \/>\n<meta property=\"article:published_time\" content=\"2023-10-16T13:20:02+00:00\" \/>\n<meta property=\"article:modified_time\" content=\"2024-11-13T12:55:04+00:00\" \/>\n<meta name=\"author\" content=\"Adelisa Kalajdzini\" \/>\n<meta name=\"twitter:card\" content=\"summary_large_image\" \/>\n<script type=\"application\/ld+json\" class=\"yoast-schema-graph\">{\"@context\":\"https:\\\/\\\/schema.org\",\"@graph\":[{\"@type\":\"Article\",\"@id\":\"https:\\\/\\\/www.organisator.ch\\\/operational-excellence\\\/2023-10-16\\\/xebia-bobby-leu-zum-neuen-managing-director-schweiz\\\/#article\",\"isPartOf\":{\"@id\":\"https:\\\/\\\/www.organisator.ch\\\/operational-excellence\\\/2023-10-16\\\/xebia-bobby-leu-zum-neuen-managing-director-schweiz\\\/\"},\"author\":{\"name\":\"Adelisa Kalajdzini\",\"@id\":\"https:\\\/\\\/www.organisator.ch\\\/#\\\/schema\\\/person\\\/2e1314a2172123f874db408d8911d3f3\"},\"headline\":\"Xebia: Bobby Leu zum neuen Managing Director Schweiz\",\"datePublished\":\"2023-10-16T13:20:02+00:00\",\"dateModified\":\"2024-11-13T12:55:04+00:00\",\"mainEntityOfPage\":{\"@id\":\"https:\\\/\\\/www.organisator.ch\\\/operational-excellence\\\/2023-10-16\\\/xebia-bobby-leu-zum-neuen-managing-director-schweiz\\\/\"},\"wordCount\":338,\"publisher\":{\"@id\":\"https:\\\/\\\/www.organisator.ch\\\/#organization\"},\"image\":{\"@id\":\"https:\\\/\\\/www.organisator.ch\\\/operational-excellence\\\/2023-10-16\\\/xebia-bobby-leu-zum-neuen-managing-director-schweiz\\\/#primaryimage\"},\"thumbnailUrl\":\"https:\\\/\\\/www.m-q.ch\\\/wp-content\\\/uploads\\\/2023\\\/10\\\/Xebia_Bild1_ps2.jpg\",\"articleSection\":[\"OPERATIONAL EXCELLENCE\"],\"inLanguage\":\"fr-FR\"},{\"@type\":\"WebPage\",\"@id\":\"https:\\\/\\\/www.organisator.ch\\\/operational-excellence\\\/2023-10-16\\\/xebia-bobby-leu-zum-neuen-managing-director-schweiz\\\/\",\"url\":\"https:\\\/\\\/www.organisator.ch\\\/operational-excellence\\\/2023-10-16\\\/xebia-bobby-leu-zum-neuen-managing-director-schweiz\\\/\",\"name\":\"Xebia: Bobby Leu zum neuen Managing Director Schweiz - Organisator\",\"isPartOf\":{\"@id\":\"https:\\\/\\\/www.organisator.ch\\\/#website\"},\"primaryImageOfPage\":{\"@id\":\"https:\\\/\\\/www.organisator.ch\\\/operational-excellence\\\/2023-10-16\\\/xebia-bobby-leu-zum-neuen-managing-director-schweiz\\\/#primaryimage\"},\"image\":{\"@id\":\"https:\\\/\\\/www.organisator.ch\\\/operational-excellence\\\/2023-10-16\\\/xebia-bobby-leu-zum-neuen-managing-director-schweiz\\\/#primaryimage\"},\"thumbnailUrl\":\"https:\\\/\\\/www.m-q.ch\\\/wp-content\\\/uploads\\\/2023\\\/10\\\/Xebia_Bild1_ps2.jpg\",\"datePublished\":\"2023-10-16T13:20:02+00:00\",\"dateModified\":\"2024-11-13T12:55:04+00:00\",\"description\":\"Bobby Leu wird neuer Managing Director Schweiz bei Xebia. F\u00fchrt die digitale Transformation und st\u00e4rkt Schweizer Pr\u00e4senz.\",\"breadcrumb\":{\"@id\":\"https:\\\/\\\/www.organisator.ch\\\/operational-excellence\\\/2023-10-16\\\/xebia-bobby-leu-zum-neuen-managing-director-schweiz\\\/#breadcrumb\"},\"inLanguage\":\"fr-FR\",\"potentialAction\":[{\"@type\":\"ReadAction\",\"target\":[\"https:\\\/\\\/www.organisator.ch\\\/operational-excellence\\\/2023-10-16\\\/xebia-bobby-leu-zum-neuen-managing-director-schweiz\\\/\"]}]},{\"@type\":\"ImageObject\",\"inLanguage\":\"fr-FR\",\"@id\":\"https:\\\/\\\/www.organisator.ch\\\/operational-excellence\\\/2023-10-16\\\/xebia-bobby-leu-zum-neuen-managing-director-schweiz\\\/#primaryimage\",\"url\":\"https:\\\/\\\/www.m-q.ch\\\/wp-content\\\/uploads\\\/2023\\\/10\\\/Xebia_Bild1_ps2.jpg\",\"contentUrl\":\"https:\\\/\\\/www.m-q.ch\\\/wp-content\\\/uploads\\\/2023\\\/10\\\/Xebia_Bild1_ps2.jpg\"},{\"@type\":\"BreadcrumbList\",\"@id\":\"https:\\\/\\\/www.organisator.ch\\\/operational-excellence\\\/2023-10-16\\\/xebia-bobby-leu-zum-neuen-managing-director-schweiz\\\/#breadcrumb\",\"itemListElement\":[{\"@type\":\"ListItem\",\"position\":1,\"name\":\"Home\",\"item\":\"https:\\\/\\\/www.organisator.ch\\\/\"},{\"@type\":\"ListItem\",\"position\":2,\"name\":\"Xebia: Bobby Leu zum neuen Managing Director Schweiz\"}]},{\"@type\":\"WebSite\",\"@id\":\"https:\\\/\\\/www.organisator.ch\\\/#website\",\"url\":\"https:\\\/\\\/www.organisator.ch\\\/\",\"name\":\"Organisator\",\"description\":\"Kompetent. Praxisnah. Der ORGANISATOR bereitet in 10 Ausgaben pro Jahr die wesentlichen Themen f\u00fcr F\u00fchrungskr\u00e4fte von KMU auf.\",\"publisher\":{\"@id\":\"https:\\\/\\\/www.organisator.ch\\\/#organization\"},\"potentialAction\":[{\"@type\":\"SearchAction\",\"target\":{\"@type\":\"EntryPoint\",\"urlTemplate\":\"https:\\\/\\\/www.organisator.ch\\\/?s={search_term_string}\"},\"query-input\":{\"@type\":\"PropertyValueSpecification\",\"valueRequired\":true,\"valueName\":\"search_term_string\"}}],\"inLanguage\":\"fr-FR\"},{\"@type\":\"Organization\",\"@id\":\"https:\\\/\\\/www.organisator.ch\\\/#organization\",\"name\":\"Organisator\",\"url\":\"https:\\\/\\\/www.organisator.ch\\\/\",\"logo\":{\"@type\":\"ImageObject\",\"inLanguage\":\"fr-FR\",\"@id\":\"https:\\\/\\\/www.organisator.ch\\\/#\\\/schema\\\/logo\\\/image\\\/\",\"url\":\"https:\\\/\\\/www.organisator.ch\\\/wp-content\\\/uploads\\\/2022\\\/01\\\/Logo_Organisator_Website.png\",\"contentUrl\":\"https:\\\/\\\/www.organisator.ch\\\/wp-content\\\/uploads\\\/2022\\\/01\\\/Logo_Organisator_Website.png\",\"width\":800,\"height\":77,\"caption\":\"Organisator\"},\"image\":{\"@id\":\"https:\\\/\\\/www.organisator.ch\\\/#\\\/schema\\\/logo\\\/image\\\/\"},\"sameAs\":[\"https:\\\/\\\/www.facebook.com\\\/OrganisatorFachmagazin\",\"https:\\\/\\\/www.linkedin.com\\\/showcase\\\/organisator-das-magazin-fr-kmu\",\"https:\\\/\\\/www.xing.com\\\/news\\\/pages\\\/organisator-ch-695\",\"https:\\\/\\\/www.youtube.com\\\/channel\\\/UCGP2Sq0iWaZwT3BdIAQFYpw\"]},{\"@type\":\"Person\",\"@id\":\"https:\\\/\\\/www.organisator.ch\\\/#\\\/schema\\\/person\\\/2e1314a2172123f874db408d8911d3f3\",\"name\":\"Adelisa Kalajdzini\",\"image\":{\"@type\":\"ImageObject\",\"inLanguage\":\"fr-FR\",\"@id\":\"https:\\\/\\\/secure.gravatar.com\\\/avatar\\\/09a397c22ac58cad6f160ee8306348599df9df58a8ede73696226897b9fa4b24?s=96&d=mm&r=g\",\"url\":\"https:\\\/\\\/secure.gravatar.com\\\/avatar\\\/09a397c22ac58cad6f160ee8306348599df9df58a8ede73696226897b9fa4b24?s=96&d=mm&r=g\",\"contentUrl\":\"https:\\\/\\\/secure.gravatar.com\\\/avatar\\\/09a397c22ac58cad6f160ee8306348599df9df58a8ede73696226897b9fa4b24?s=96&d=mm&r=g\",\"caption\":\"Adelisa Kalajdzini\"},\"url\":\"https:\\\/\\\/www.organisator.ch\\\/fr\\\/author\\\/adelisa-kalajdzini\\\/\"}]}<\/script>\n<!-- \/ Yoast SEO plugin. -->","yoast_head_json":{"title":"Xebia : Bobby Leu nomm\u00e9 nouveau Managing Director Suisse - Organisateur","description":"Bobby Leu devient le nouveau Managing Director Suisse de Xebia. Il dirige la transformation num\u00e9rique et renforce la pr\u00e9sence suisse.","robots":{"index":"index","follow":"follow","max-snippet":"max-snippet:-1","max-image-preview":"max-image-preview:large","max-video-preview":"max-video-preview:-1"},"canonical":"https:\/\/www.organisator.ch\/fr\/excellence-operationnelle\/2023-10-16\/xebia-bobby-leu-zum-neuen-managing-director-schweiz\/","og_locale":"fr_FR","og_type":"article","og_title":"Xebia: Bobby Leu zum neuen Managing Director Schweiz - Organisator","og_description":"Bobby Leu wird neuer Managing Director Schweiz bei Xebia. F\u00fchrt die digitale Transformation und st\u00e4rkt Schweizer Pr\u00e4senz.","og_url":"https:\/\/www.organisator.ch\/fr\/excellence-operationnelle\/2023-10-16\/xebia-bobby-leu-zum-neuen-managing-director-schweiz\/","og_site_name":"Organisator","article_publisher":"https:\/\/www.facebook.com\/OrganisatorFachmagazin","article_published_time":"2023-10-16T13:20:02+00:00","article_modified_time":"2024-11-13T12:55:04+00:00","author":"Adelisa Kalajdzini","twitter_card":"summary_large_image","schema":{"@context":"https:\/\/schema.org","@graph":[{"@type":"Article","@id":"https:\/\/www.organisator.ch\/operational-excellence\/2023-10-16\/xebia-bobby-leu-zum-neuen-managing-director-schweiz\/#article","isPartOf":{"@id":"https:\/\/www.organisator.ch\/operational-excellence\/2023-10-16\/xebia-bobby-leu-zum-neuen-managing-director-schweiz\/"},"author":{"name":"Adelisa Kalajdzini","@id":"https:\/\/www.organisator.ch\/#\/schema\/person\/2e1314a2172123f874db408d8911d3f3"},"headline":"Xebia: Bobby Leu zum neuen Managing Director Schweiz","datePublished":"2023-10-16T13:20:02+00:00","dateModified":"2024-11-13T12:55:04+00:00","mainEntityOfPage":{"@id":"https:\/\/www.organisator.ch\/operational-excellence\/2023-10-16\/xebia-bobby-leu-zum-neuen-managing-director-schweiz\/"},"wordCount":338,"publisher":{"@id":"https:\/\/www.organisator.ch\/#organization"},"image":{"@id":"https:\/\/www.organisator.ch\/operational-excellence\/2023-10-16\/xebia-bobby-leu-zum-neuen-managing-director-schweiz\/#primaryimage"},"thumbnailUrl":"https:\/\/www.m-q.ch\/wp-content\/uploads\/2023\/10\/Xebia_Bild1_ps2.jpg","articleSection":["OPERATIONAL EXCELLENCE"],"inLanguage":"fr-FR"},{"@type":"WebPage","@id":"https:\/\/www.organisator.ch\/operational-excellence\/2023-10-16\/xebia-bobby-leu-zum-neuen-managing-director-schweiz\/","url":"https:\/\/www.organisator.ch\/operational-excellence\/2023-10-16\/xebia-bobby-leu-zum-neuen-managing-director-schweiz\/","name":"Xebia : Bobby Leu nomm\u00e9 nouveau Managing Director Suisse - Organisateur","isPartOf":{"@id":"https:\/\/www.organisator.ch\/#website"},"primaryImageOfPage":{"@id":"https:\/\/www.organisator.ch\/operational-excellence\/2023-10-16\/xebia-bobby-leu-zum-neuen-managing-director-schweiz\/#primaryimage"},"image":{"@id":"https:\/\/www.organisator.ch\/operational-excellence\/2023-10-16\/xebia-bobby-leu-zum-neuen-managing-director-schweiz\/#primaryimage"},"thumbnailUrl":"https:\/\/www.m-q.ch\/wp-content\/uploads\/2023\/10\/Xebia_Bild1_ps2.jpg","datePublished":"2023-10-16T13:20:02+00:00","dateModified":"2024-11-13T12:55:04+00:00","description":"Bobby Leu devient le nouveau Managing Director Suisse de Xebia. Il dirige la transformation num\u00e9rique et renforce la pr\u00e9sence suisse.","breadcrumb":{"@id":"https:\/\/www.organisator.ch\/operational-excellence\/2023-10-16\/xebia-bobby-leu-zum-neuen-managing-director-schweiz\/#breadcrumb"},"inLanguage":"fr-FR","potentialAction":[{"@type":"ReadAction","target":["https:\/\/www.organisator.ch\/operational-excellence\/2023-10-16\/xebia-bobby-leu-zum-neuen-managing-director-schweiz\/"]}]},{"@type":"ImageObject","inLanguage":"fr-FR","@id":"https:\/\/www.organisator.ch\/operational-excellence\/2023-10-16\/xebia-bobby-leu-zum-neuen-managing-director-schweiz\/#primaryimage","url":"https:\/\/www.m-q.ch\/wp-content\/uploads\/2023\/10\/Xebia_Bild1_ps2.jpg","contentUrl":"https:\/\/www.m-q.ch\/wp-content\/uploads\/2023\/10\/Xebia_Bild1_ps2.jpg"},{"@type":"BreadcrumbList","@id":"https:\/\/www.organisator.ch\/operational-excellence\/2023-10-16\/xebia-bobby-leu-zum-neuen-managing-director-schweiz\/#breadcrumb","itemListElement":[{"@type":"ListItem","position":1,"name":"Home","item":"https:\/\/www.organisator.ch\/"},{"@type":"ListItem","position":2,"name":"Xebia: Bobby Leu zum neuen Managing Director Schweiz"}]},{"@type":"WebSite","@id":"https:\/\/www.organisator.ch\/#website","url":"https:\/\/www.organisator.ch\/","name":"Organisateur","description":"Comp\u00e9tence et comp\u00e9tence. Proches de la pratique. L'ORGANISATEUR pr\u00e9pare 10 num\u00e9ros par an sur les th\u00e8mes essentiels pour les dirigeants de PME.","publisher":{"@id":"https:\/\/www.organisator.ch\/#organization"},"potentialAction":[{"@type":"SearchAction","target":{"@type":"EntryPoint","urlTemplate":"https:\/\/www.organisator.ch\/?s={search_term_string}"},"query-input":{"@type":"PropertyValueSpecification","valueRequired":true,"valueName":"search_term_string"}}],"inLanguage":"fr-FR"},{"@type":"Organization","@id":"https:\/\/www.organisator.ch\/#organization","name":"Organisateur","url":"https:\/\/www.organisator.ch\/","logo":{"@type":"ImageObject","inLanguage":"fr-FR","@id":"https:\/\/www.organisator.ch\/#\/schema\/logo\/image\/","url":"https:\/\/www.organisator.ch\/wp-content\/uploads\/2022\/01\/Logo_Organisator_Website.png","contentUrl":"https:\/\/www.organisator.ch\/wp-content\/uploads\/2022\/01\/Logo_Organisator_Website.png","width":800,"height":77,"caption":"Organisator"},"image":{"@id":"https:\/\/www.organisator.ch\/#\/schema\/logo\/image\/"},"sameAs":["https:\/\/www.facebook.com\/OrganisatorFachmagazin","https:\/\/www.linkedin.com\/showcase\/organisator-das-magazin-fr-kmu","https:\/\/www.xing.com\/news\/pages\/organisator-ch-695","https:\/\/www.youtube.com\/channel\/UCGP2Sq0iWaZwT3BdIAQFYpw"]},{"@type":"Person","@id":"https:\/\/www.organisator.ch\/#\/schema\/person\/2e1314a2172123f874db408d8911d3f3","name":"Adelisa Kalajdzini","image":{"@type":"ImageObject","inLanguage":"fr-FR","@id":"https:\/\/secure.gravatar.com\/avatar\/09a397c22ac58cad6f160ee8306348599df9df58a8ede73696226897b9fa4b24?s=96&d=mm&r=g","url":"https:\/\/secure.gravatar.com\/avatar\/09a397c22ac58cad6f160ee8306348599df9df58a8ede73696226897b9fa4b24?s=96&d=mm&r=g","contentUrl":"https:\/\/secure.gravatar.com\/avatar\/09a397c22ac58cad6f160ee8306348599df9df58a8ede73696226897b9fa4b24?s=96&d=mm&r=g","caption":"Adelisa Kalajdzini"},"url":"https:\/\/www.organisator.ch\/fr\/author\/adelisa-kalajdzini\/"}]}},"_links":{"self":[{"href":"https:\/\/www.organisator.ch\/fr\/wp-json\/wp\/v2\/posts\/22363","targetHints":{"allow":["GET"]}}],"collection":[{"href":"https:\/\/www.organisator.ch\/fr\/wp-json\/wp\/v2\/posts"}],"about":[{"href":"https:\/\/www.organisator.ch\/fr\/wp-json\/wp\/v2\/types\/post"}],"author":[{"embeddable":true,"href":"https:\/\/www.organisator.ch\/fr\/wp-json\/wp\/v2\/users\/58"}],"replies":[{"embeddable":true,"href":"https:\/\/www.organisator.ch\/fr\/wp-json\/wp\/v2\/comments?post=22363"}],"version-history":[{"count":4,"href":"https:\/\/www.organisator.ch\/fr\/wp-json\/wp\/v2\/posts\/22363\/revisions"}],"predecessor-version":[{"id":32787,"href":"https:\/\/www.organisator.ch\/fr\/wp-json\/wp\/v2\/posts\/22363\/revisions\/32787"}],"wp:attachment":[{"href":"https:\/\/www.organisator.ch\/fr\/wp-json\/wp\/v2\/media?parent=22363"}],"wp:term":[{"taxonomy":"category","embeddable":true,"href":"https:\/\/www.organisator.ch\/fr\/wp-json\/wp\/v2\/categories?post=22363"},{"taxonomy":"post_tag","embeddable":true,"href":"https:\/\/www.organisator.ch\/fr\/wp-json\/wp\/v2\/tags?post=22363"}],"curies":[{"name":"wp","href":"https:\/\/api.w.org\/{rel}","templated":true}]}}