{"id":22414,"date":"2023-10-18T14:52:34","date_gmt":"2023-10-18T12:52:34","guid":{"rendered":"https:\/\/www.organisator.ch\/?p=22414"},"modified":"2023-10-18T14:56:21","modified_gmt":"2023-10-18T12:56:21","slug":"cybersecurity-report-die-unternehmen-rechnen-mit-cyberangriffen","status":"publish","type":"post","link":"https:\/\/www.organisator.ch\/fr\/management\/2023-10-18\/cybersecurity-report-die-unternehmen-rechnen-mit-cyberangriffen\/","title":{"rendered":"Rapport sur la cybers\u00e9curit\u00e9 : les entreprises s'attendent \u00e0 des cyberattaques"},"content":{"rendered":"<figure id=\"attachment_22415\" aria-describedby=\"caption-attachment-22415\" style=\"width: 680px\" class=\"wp-caption alignnone\"><img loading=\"lazy\" decoding=\"async\" class=\"size-full wp-image-22415\" src=\"https:\/\/www.organisator.ch\/wp-content\/uploads\/2023\/10\/IDC-Cybersecurity_Bild1_ps.jpg\" alt=\"\" width=\"680\" height=\"543\" srcset=\"https:\/\/www.organisator.ch\/wp-content\/uploads\/2023\/10\/IDC-Cybersecurity_Bild1_ps.jpg 680w, https:\/\/www.organisator.ch\/wp-content\/uploads\/2023\/10\/IDC-Cybersecurity_Bild1_ps-15x12.jpg 15w, https:\/\/www.organisator.ch\/wp-content\/uploads\/2023\/10\/IDC-Cybersecurity_Bild1_ps-375x300.jpg 375w, https:\/\/www.organisator.ch\/wp-content\/uploads\/2023\/10\/IDC-Cybersecurity_Bild1_ps-438x350.jpg 438w\" sizes=\"auto, (max-width: 680px) 100vw, 680px\" \/><figcaption id=\"caption-attachment-22415\" class=\"wp-caption-text\">Rapport Commvault\/IDC intitul\u00e9 \"The Cyber-Resilient Organization : Maximum Preparedness with Bullet-Proof Recovery Survey\". (Image : www.pixabay.com)<\/figcaption><\/figure>\n<p>Dans ce rapport, IDC a interrog\u00e9 plus de 500 responsables de la s\u00e9curit\u00e9 et des op\u00e9rations informatiques dans le monde entier afin d'obtenir un aper\u00e7u actualis\u00e9 de la mani\u00e8re dont les entreprises per\u00e7oivent les menaces de s\u00e9curit\u00e9 modernes et de la fa\u00e7on dont elles renforcent leur cyber-r\u00e9silience. Les principales conclusions de ce rapport peuvent \u00eatre regroup\u00e9es en trois domaines : L'engagement de la direction dans les initiatives de cyber-r\u00e9silience, les craintes de fuites de donn\u00e9es et de charges de travail vuln\u00e9rables, et le besoin d'automatisation.<\/p>\n<h3><strong>La cyber-r\u00e9silience commence-t-elle \u00e0 l'\u00e9tage de la direction ? <\/strong><\/h3>\n<p>L'\u00e9tude montre que dans de nombreux cas, les directeurs g\u00e9n\u00e9raux sont peu impliqu\u00e9s dans les initiatives de cyber-r\u00e9silience de leur entreprise - seulement un tiers (33 pour cent) des PDG ou des directeurs g\u00e9n\u00e9raux et moins d'un quart (21 pour cent) des autres cadres sup\u00e9rieurs sont fortement impliqu\u00e9s. Selon l'\u00e9tude, la majorit\u00e9 (52 pour cent) des cadres sup\u00e9rieurs ne sont pas impliqu\u00e9s dans les cyber-\u00e9v\u00e9nements de leur entreprise.<\/p>\n<p>Outre le manque d'engagement des dirigeants, il y a souvent un manque de clart\u00e9 entre les \u00e9quipes ITOps et SecOps quant \u00e0 savoir qui est responsable de quoi pour pr\u00e9parer la cyberd\u00e9fense. Seuls 30 % des \u00e9quipes SecOps comprennent parfaitement les t\u00e2ches et les responsabilit\u00e9s des ITOps en mati\u00e8re de pr\u00e9paration et de r\u00e9ponse aux cyberattaques. Seuls 29 % des \u00e9quipes ITOps savent quelles t\u00e2ches rel\u00e8vent de la responsabilit\u00e9 de SecOps.<\/p>\n<p>Selon IDC, les dirigeants ont un r\u00f4le cl\u00e9 \u00e0 jouer pour garantir que les entreprises donnent la priorit\u00e9 \u00e0 la pr\u00e9paration aux cyber-attaques. En outre, les organisations doivent veiller \u00e0 ce que les \u00e9quipes ITOps et SecOps agissent de mani\u00e8re totalement coordonn\u00e9e. Dans le cas contraire, les entreprises sont plus vuln\u00e9rables aux attaques r\u00e9ussies et les processus de r\u00e9cup\u00e9ration sont plus longs.<\/p>\n<h3><strong>Fuites de donn\u00e9es et charges de travail<\/strong><\/h3>\n<p>Selon l'\u00e9tude, les fuites de donn\u00e9es sont un probl\u00e8me majeur et les charges de travail sont plus ou moins vuln\u00e9rables. 61 % des personnes interrog\u00e9es pensent que les fuites de donn\u00e9es sont \"probables\" \u00e0 \"tr\u00e8s probables\" au cours des 12 prochains mois en raison d'attaques de plus en plus sophistiqu\u00e9es. Les participants \u00e0 l'\u00e9tude ont estim\u00e9 que les charges de travail locales \u00e9taient plus vuln\u00e9rables que les charges de travail en nuage. Sur une \u00e9chelle de un \u00e0 cinq, cinq \u00e9tant une vuln\u00e9rabilit\u00e9 \u00e9lev\u00e9e, les personnes interrog\u00e9es ont attribu\u00e9 une note de 2,8 aux magasins de donn\u00e9es locaux et de 2,77 aux charges de travail physiques, soit une note sup\u00e9rieure \u00e0 celle des charges de travail en nuage (2,67).<\/p>\n<h3><strong>Exfiltration de donn\u00e9es, tactique privil\u00e9gi\u00e9e<\/strong><\/h3>\n<p>L'\u00e9tude montre \u00e9galement que les attaques d'exfiltration de donn\u00e9es - dans lesquelles un logiciel malveillant ou un acteur malveillant effectue un transfert de donn\u00e9es non autoris\u00e9 - sont presque 50 % plus fr\u00e9quentes que les attaques dans lesquelles les pirates tentent de d\u00e9coder des donn\u00e9es crypt\u00e9es. Les personnes interrog\u00e9es ont class\u00e9 le phishing comme le plus grand danger \u00e0 combattre. En effet, la plupart des attaques de ransomware commencent par compromettre avec succ\u00e8s les donn\u00e9es de connexion des comptes utilisateurs.<\/p>\n<p>\u00c9tant donn\u00e9 que les cyber-attaquants utilisent toujours des tactiques intelligentes, il est tr\u00e8s probable que les anomalies et les attaques r\u00e9ussies passent inaper\u00e7ues si les responsables informatiques s'appuient sur des proc\u00e9dures manuelles de d\u00e9tection et de notification. Une solution possible serait l'automatisation, car les attaques et les risques pourraient \u00eatre d\u00e9tect\u00e9s plus rapidement afin de r\u00e9duire l'impact des attaques. Mais la plupart des entreprises (57 %) n'automatisent leurs fonctions cl\u00e9s que de mani\u00e8re limit\u00e9e. Cela augmente la probabilit\u00e9 qu'elles passent \u00e0 c\u00f4t\u00e9 d'une menace avant qu'elle ne se produise. Seules 22 % des personnes interrog\u00e9es d\u00e9clarent avoir enti\u00e8rement automatis\u00e9 leurs op\u00e9rations.<\/p>\n<p>\"Les cyber-attaquants ne se reposent jamais et d\u00e9couvrent constamment de nouvelles fa\u00e7ons d'exploiter les vuln\u00e9rabilit\u00e9s. Une strat\u00e9gie de cyber-r\u00e9silience r\u00e9ellement efficace doit aller au-del\u00e0 de la simple sauvegarde et restauration. Il est important que les entreprises adoptent une nouvelle approche qui englobe la pr\u00e9vention et la limitation des dommages ainsi que la r\u00e9cup\u00e9ration\", explique Phil Goodwin, vice-pr\u00e9sident de la recherche, Infrastructure Systems, Platforms and Technologies Group, IDC. \"Que ce soit sur site, dans le cloud ou dans un environnement hybride, les responsables de la s\u00e9curit\u00e9 doivent int\u00e9grer plusieurs niveaux de d\u00e9fense. L'IA \u00e9tant d\u00e9sormais un outil \u00e0 la fois d\u00e9fensif et offensif, l'urgence d'une cyber-r\u00e9silience globale n'a jamais \u00e9t\u00e9 aussi \u00e9vidente\".<\/p>\n<p>\"La simple r\u00e9action aux cybermenaces appartient au pass\u00e9. Les dirigeants doivent s'assurer que les \u00e9quipes donnent la priorit\u00e9 \u00e0 la d\u00e9fense proactive, \u00e0 l'analyse des risques en temps r\u00e9el et \u00e0 la gestion robuste des risques afin d'ouvrir la voie \u00e0 une v\u00e9ritable cyber-r\u00e9silience\", a d\u00e9clar\u00e9 Javier Dominguez, CISO, Commvault. \"Il est \u00e9galement essentiel que les \u00e9quipes SecOps et ITOps travaillent en \u00e9troite collaboration pour envisager leur situation de s\u00e9curit\u00e9 de mani\u00e8re globale et de bout en bout. Avec Commvault, la r\u00e9silience n'est pas une id\u00e9e a posteriori - c'est un plan directeur\".<\/p>\n<p><em>Source :<\/em> <a href=\"https:\/\/www.commvault.com\/\">www.commvault.com\u00a0<\/a><\/p>","protected":false},"excerpt":{"rendered":"<p>Commvault, le fournisseur de solutions de protection des donn\u00e9es et de cyber-r\u00e9silience pour les organisations de cloud hybride, a publi\u00e9 un nouveau rapport IDC intitul\u00e9 \"The Cyber-Resilient Organization : Maximum Preparedness with Bullet-Proof Recovery Survey\", command\u00e9 par Commvault.<\/p>","protected":false},"author":58,"featured_media":22415,"comment_status":"closed","ping_status":"closed","sticky":false,"template":"","format":"standard","meta":{"_acf_changed":false,"_yoast_wpseo_focuskw":"Cybersecurity","_yoast_wpseo_metadesc":"Commvault\/IDC haben den \u201eThe Cyber-Resilient Organization: Maximum Preparedness with Bullet-Proof Recovery Survey\u201c Bericht ver\u00f6ffentlicht.","articlekey":"","footnotes":""},"categories":[28],"tags":[142,286,334,459,492],"class_list":["post-22414","post","type-post","status-publish","format-standard","has-post-thumbnail","hentry","category-management","tag-cyber-crime","tag-it","tag-management","tag-studie","tag-unternehmen"],"acf":[],"yoast_head":"<!-- This site is optimized with the Yoast SEO plugin v27.5 - https:\/\/yoast.com\/product\/yoast-seo-wordpress\/ -->\n<title>Cybersecurity-Report: Die Unternehmen rechnen mit Cyberangriffen - Organisator<\/title>\n<meta name=\"description\" content=\"Commvault\/IDC haben den \u201eThe Cyber-Resilient Organization: Maximum Preparedness with Bullet-Proof Recovery Survey\u201c Bericht ver\u00f6ffentlicht.\" \/>\n<meta name=\"robots\" content=\"index, follow, max-snippet:-1, max-image-preview:large, max-video-preview:-1\" \/>\n<link rel=\"canonical\" href=\"https:\/\/www.organisator.ch\/fr\/gestion-2\/2023-10-18\/cybersecurity-report-die-unternehmen-rechnen-mit-cyberangriffen\/\" \/>\n<meta property=\"og:locale\" content=\"fr_FR\" \/>\n<meta property=\"og:type\" content=\"article\" \/>\n<meta property=\"og:title\" content=\"Cybersecurity-Report: Die Unternehmen rechnen mit Cyberangriffen\" \/>\n<meta property=\"og:description\" content=\"Commvault\/IDC haben den \u201eThe Cyber-Resilient Organization: Maximum Preparedness with Bullet-Proof Recovery Survey\u201c Bericht ver\u00f6ffentlicht.\" \/>\n<meta property=\"og:url\" content=\"https:\/\/www.organisator.ch\/fr\/gestion-2\/2023-10-18\/cybersecurity-report-die-unternehmen-rechnen-mit-cyberangriffen\/\" \/>\n<meta property=\"og:site_name\" content=\"Organisator\" \/>\n<meta property=\"article:publisher\" content=\"https:\/\/www.facebook.com\/OrganisatorFachmagazin\" \/>\n<meta property=\"article:published_time\" content=\"2023-10-18T12:52:34+00:00\" \/>\n<meta property=\"article:modified_time\" content=\"2023-10-18T12:56:21+00:00\" \/>\n<meta property=\"og:image\" content=\"https:\/\/www.organisator.ch\/wp-content\/uploads\/2023\/10\/IDC-Cybersecurity_Bild1_ps.jpg\" \/>\n\t<meta property=\"og:image:width\" content=\"680\" \/>\n\t<meta property=\"og:image:height\" content=\"543\" \/>\n\t<meta property=\"og:image:type\" content=\"image\/jpeg\" \/>\n<meta name=\"author\" content=\"Adelisa Kalajdzini\" \/>\n<meta name=\"twitter:card\" content=\"summary_large_image\" \/>\n<meta name=\"twitter:title\" content=\"Cybersecurity-Report: Die Unternehmen rechnen mit Cyberangriffen\" \/>\n<meta name=\"twitter:description\" content=\"#Commvault\/IDC haben den \u201eThe Cyber-Resilient Organization: Maximum Preparedness with Bullet-Proof Recovery Survey\u201c #Bericht ver\u00f6ffentlicht.\" \/>\n<meta name=\"twitter:image\" content=\"https:\/\/www.organisator.ch\/wp-content\/uploads\/2023\/10\/IDC-Cybersecurity_Bild1_ps.jpg\" \/>\n<script type=\"application\/ld+json\" class=\"yoast-schema-graph\">{\"@context\":\"https:\\\/\\\/schema.org\",\"@graph\":[{\"@type\":\"Article\",\"@id\":\"https:\\\/\\\/www.organisator.ch\\\/management\\\/2023-10-18\\\/cybersecurity-report-die-unternehmen-rechnen-mit-cyberangriffen\\\/#article\",\"isPartOf\":{\"@id\":\"https:\\\/\\\/www.organisator.ch\\\/management\\\/2023-10-18\\\/cybersecurity-report-die-unternehmen-rechnen-mit-cyberangriffen\\\/\"},\"author\":{\"name\":\"Adelisa Kalajdzini\",\"@id\":\"https:\\\/\\\/www.organisator.ch\\\/#\\\/schema\\\/person\\\/2e1314a2172123f874db408d8911d3f3\"},\"headline\":\"Cybersecurity-Report: Die Unternehmen rechnen mit Cyberangriffen\",\"datePublished\":\"2023-10-18T12:52:34+00:00\",\"dateModified\":\"2023-10-18T12:56:21+00:00\",\"mainEntityOfPage\":{\"@id\":\"https:\\\/\\\/www.organisator.ch\\\/management\\\/2023-10-18\\\/cybersecurity-report-die-unternehmen-rechnen-mit-cyberangriffen\\\/\"},\"wordCount\":716,\"publisher\":{\"@id\":\"https:\\\/\\\/www.organisator.ch\\\/#organization\"},\"image\":{\"@id\":\"https:\\\/\\\/www.organisator.ch\\\/management\\\/2023-10-18\\\/cybersecurity-report-die-unternehmen-rechnen-mit-cyberangriffen\\\/#primaryimage\"},\"thumbnailUrl\":\"https:\\\/\\\/www.organisator.ch\\\/wp-content\\\/uploads\\\/2023\\\/10\\\/IDC-Cybersecurity_Bild1_ps.jpg\",\"keywords\":[\"Cyber-Crime\",\"IT\",\"Management\",\"Studie\",\"Unternehmen\"],\"articleSection\":[\"MANAGEMENT\"],\"inLanguage\":\"fr-FR\"},{\"@type\":\"WebPage\",\"@id\":\"https:\\\/\\\/www.organisator.ch\\\/management\\\/2023-10-18\\\/cybersecurity-report-die-unternehmen-rechnen-mit-cyberangriffen\\\/\",\"url\":\"https:\\\/\\\/www.organisator.ch\\\/management\\\/2023-10-18\\\/cybersecurity-report-die-unternehmen-rechnen-mit-cyberangriffen\\\/\",\"name\":\"Cybersecurity-Report: Die Unternehmen rechnen mit Cyberangriffen - Organisator\",\"isPartOf\":{\"@id\":\"https:\\\/\\\/www.organisator.ch\\\/#website\"},\"primaryImageOfPage\":{\"@id\":\"https:\\\/\\\/www.organisator.ch\\\/management\\\/2023-10-18\\\/cybersecurity-report-die-unternehmen-rechnen-mit-cyberangriffen\\\/#primaryimage\"},\"image\":{\"@id\":\"https:\\\/\\\/www.organisator.ch\\\/management\\\/2023-10-18\\\/cybersecurity-report-die-unternehmen-rechnen-mit-cyberangriffen\\\/#primaryimage\"},\"thumbnailUrl\":\"https:\\\/\\\/www.organisator.ch\\\/wp-content\\\/uploads\\\/2023\\\/10\\\/IDC-Cybersecurity_Bild1_ps.jpg\",\"datePublished\":\"2023-10-18T12:52:34+00:00\",\"dateModified\":\"2023-10-18T12:56:21+00:00\",\"description\":\"Commvault\\\/IDC haben den \u201eThe Cyber-Resilient Organization: Maximum Preparedness with Bullet-Proof Recovery Survey\u201c Bericht ver\u00f6ffentlicht.\",\"breadcrumb\":{\"@id\":\"https:\\\/\\\/www.organisator.ch\\\/management\\\/2023-10-18\\\/cybersecurity-report-die-unternehmen-rechnen-mit-cyberangriffen\\\/#breadcrumb\"},\"inLanguage\":\"fr-FR\",\"potentialAction\":[{\"@type\":\"ReadAction\",\"target\":[\"https:\\\/\\\/www.organisator.ch\\\/management\\\/2023-10-18\\\/cybersecurity-report-die-unternehmen-rechnen-mit-cyberangriffen\\\/\"]}]},{\"@type\":\"ImageObject\",\"inLanguage\":\"fr-FR\",\"@id\":\"https:\\\/\\\/www.organisator.ch\\\/management\\\/2023-10-18\\\/cybersecurity-report-die-unternehmen-rechnen-mit-cyberangriffen\\\/#primaryimage\",\"url\":\"https:\\\/\\\/www.organisator.ch\\\/wp-content\\\/uploads\\\/2023\\\/10\\\/IDC-Cybersecurity_Bild1_ps.jpg\",\"contentUrl\":\"https:\\\/\\\/www.organisator.ch\\\/wp-content\\\/uploads\\\/2023\\\/10\\\/IDC-Cybersecurity_Bild1_ps.jpg\",\"width\":680,\"height\":543,\"caption\":\"Commvault\\\/IDC-Bericht mit dem Titel \u201eThe Cyber-Resilient Organization: Maximum Preparedness with Bullet-Proof Recovery Survey\u201c. (Bild: www.pixabay.com)\"},{\"@type\":\"BreadcrumbList\",\"@id\":\"https:\\\/\\\/www.organisator.ch\\\/management\\\/2023-10-18\\\/cybersecurity-report-die-unternehmen-rechnen-mit-cyberangriffen\\\/#breadcrumb\",\"itemListElement\":[{\"@type\":\"ListItem\",\"position\":1,\"name\":\"Home\",\"item\":\"https:\\\/\\\/www.organisator.ch\\\/\"},{\"@type\":\"ListItem\",\"position\":2,\"name\":\"Cybersecurity-Report: Die Unternehmen rechnen mit Cyberangriffen\"}]},{\"@type\":\"WebSite\",\"@id\":\"https:\\\/\\\/www.organisator.ch\\\/#website\",\"url\":\"https:\\\/\\\/www.organisator.ch\\\/\",\"name\":\"Organisator\",\"description\":\"Kompetent. Praxisnah. Der ORGANISATOR bereitet in 10 Ausgaben pro Jahr die wesentlichen Themen f\u00fcr F\u00fchrungskr\u00e4fte von KMU auf.\",\"publisher\":{\"@id\":\"https:\\\/\\\/www.organisator.ch\\\/#organization\"},\"potentialAction\":[{\"@type\":\"SearchAction\",\"target\":{\"@type\":\"EntryPoint\",\"urlTemplate\":\"https:\\\/\\\/www.organisator.ch\\\/?s={search_term_string}\"},\"query-input\":{\"@type\":\"PropertyValueSpecification\",\"valueRequired\":true,\"valueName\":\"search_term_string\"}}],\"inLanguage\":\"fr-FR\"},{\"@type\":\"Organization\",\"@id\":\"https:\\\/\\\/www.organisator.ch\\\/#organization\",\"name\":\"Organisator\",\"url\":\"https:\\\/\\\/www.organisator.ch\\\/\",\"logo\":{\"@type\":\"ImageObject\",\"inLanguage\":\"fr-FR\",\"@id\":\"https:\\\/\\\/www.organisator.ch\\\/#\\\/schema\\\/logo\\\/image\\\/\",\"url\":\"https:\\\/\\\/www.organisator.ch\\\/wp-content\\\/uploads\\\/2022\\\/01\\\/Logo_Organisator_Website.png\",\"contentUrl\":\"https:\\\/\\\/www.organisator.ch\\\/wp-content\\\/uploads\\\/2022\\\/01\\\/Logo_Organisator_Website.png\",\"width\":800,\"height\":77,\"caption\":\"Organisator\"},\"image\":{\"@id\":\"https:\\\/\\\/www.organisator.ch\\\/#\\\/schema\\\/logo\\\/image\\\/\"},\"sameAs\":[\"https:\\\/\\\/www.facebook.com\\\/OrganisatorFachmagazin\",\"https:\\\/\\\/www.linkedin.com\\\/showcase\\\/organisator-das-magazin-fr-kmu\",\"https:\\\/\\\/www.xing.com\\\/news\\\/pages\\\/organisator-ch-695\",\"https:\\\/\\\/www.youtube.com\\\/channel\\\/UCGP2Sq0iWaZwT3BdIAQFYpw\"]},{\"@type\":\"Person\",\"@id\":\"https:\\\/\\\/www.organisator.ch\\\/#\\\/schema\\\/person\\\/2e1314a2172123f874db408d8911d3f3\",\"name\":\"Adelisa Kalajdzini\",\"image\":{\"@type\":\"ImageObject\",\"inLanguage\":\"fr-FR\",\"@id\":\"https:\\\/\\\/secure.gravatar.com\\\/avatar\\\/09a397c22ac58cad6f160ee8306348599df9df58a8ede73696226897b9fa4b24?s=96&d=mm&r=g\",\"url\":\"https:\\\/\\\/secure.gravatar.com\\\/avatar\\\/09a397c22ac58cad6f160ee8306348599df9df58a8ede73696226897b9fa4b24?s=96&d=mm&r=g\",\"contentUrl\":\"https:\\\/\\\/secure.gravatar.com\\\/avatar\\\/09a397c22ac58cad6f160ee8306348599df9df58a8ede73696226897b9fa4b24?s=96&d=mm&r=g\",\"caption\":\"Adelisa Kalajdzini\"},\"url\":\"https:\\\/\\\/www.organisator.ch\\\/fr\\\/author\\\/adelisa-kalajdzini\\\/\"}]}<\/script>\n<!-- \/ Yoast SEO plugin. -->","yoast_head_json":{"title":"Rapport sur la cybers\u00e9curit\u00e9 : les entreprises s'attendent \u00e0 des cyberattaques - Organisateur","description":"Commvault\/IDC ont publi\u00e9 le rapport \"The Cyber-Resilient Organization : Maximum Preparedness with Bullet-Proof Recovery Survey\".","robots":{"index":"index","follow":"follow","max-snippet":"max-snippet:-1","max-image-preview":"max-image-preview:large","max-video-preview":"max-video-preview:-1"},"canonical":"https:\/\/www.organisator.ch\/fr\/gestion-2\/2023-10-18\/cybersecurity-report-die-unternehmen-rechnen-mit-cyberangriffen\/","og_locale":"fr_FR","og_type":"article","og_title":"Cybersecurity-Report: Die Unternehmen rechnen mit Cyberangriffen","og_description":"Commvault\/IDC haben den \u201eThe Cyber-Resilient Organization: Maximum Preparedness with Bullet-Proof Recovery Survey\u201c Bericht ver\u00f6ffentlicht.","og_url":"https:\/\/www.organisator.ch\/fr\/gestion-2\/2023-10-18\/cybersecurity-report-die-unternehmen-rechnen-mit-cyberangriffen\/","og_site_name":"Organisator","article_publisher":"https:\/\/www.facebook.com\/OrganisatorFachmagazin","article_published_time":"2023-10-18T12:52:34+00:00","article_modified_time":"2023-10-18T12:56:21+00:00","og_image":[{"width":680,"height":543,"url":"https:\/\/www.organisator.ch\/wp-content\/uploads\/2023\/10\/IDC-Cybersecurity_Bild1_ps.jpg","type":"image\/jpeg"}],"author":"Adelisa Kalajdzini","twitter_card":"summary_large_image","twitter_title":"Cybersecurity-Report: Die Unternehmen rechnen mit Cyberangriffen","twitter_description":"#Commvault\/IDC haben den \u201eThe Cyber-Resilient Organization: Maximum Preparedness with Bullet-Proof Recovery Survey\u201c #Bericht ver\u00f6ffentlicht.","twitter_image":"https:\/\/www.organisator.ch\/wp-content\/uploads\/2023\/10\/IDC-Cybersecurity_Bild1_ps.jpg","schema":{"@context":"https:\/\/schema.org","@graph":[{"@type":"Article","@id":"https:\/\/www.organisator.ch\/management\/2023-10-18\/cybersecurity-report-die-unternehmen-rechnen-mit-cyberangriffen\/#article","isPartOf":{"@id":"https:\/\/www.organisator.ch\/management\/2023-10-18\/cybersecurity-report-die-unternehmen-rechnen-mit-cyberangriffen\/"},"author":{"name":"Adelisa Kalajdzini","@id":"https:\/\/www.organisator.ch\/#\/schema\/person\/2e1314a2172123f874db408d8911d3f3"},"headline":"Cybersecurity-Report: Die Unternehmen rechnen mit Cyberangriffen","datePublished":"2023-10-18T12:52:34+00:00","dateModified":"2023-10-18T12:56:21+00:00","mainEntityOfPage":{"@id":"https:\/\/www.organisator.ch\/management\/2023-10-18\/cybersecurity-report-die-unternehmen-rechnen-mit-cyberangriffen\/"},"wordCount":716,"publisher":{"@id":"https:\/\/www.organisator.ch\/#organization"},"image":{"@id":"https:\/\/www.organisator.ch\/management\/2023-10-18\/cybersecurity-report-die-unternehmen-rechnen-mit-cyberangriffen\/#primaryimage"},"thumbnailUrl":"https:\/\/www.organisator.ch\/wp-content\/uploads\/2023\/10\/IDC-Cybersecurity_Bild1_ps.jpg","keywords":["Cyber-Crime","IT","Management","Studie","Unternehmen"],"articleSection":["MANAGEMENT"],"inLanguage":"fr-FR"},{"@type":"WebPage","@id":"https:\/\/www.organisator.ch\/management\/2023-10-18\/cybersecurity-report-die-unternehmen-rechnen-mit-cyberangriffen\/","url":"https:\/\/www.organisator.ch\/management\/2023-10-18\/cybersecurity-report-die-unternehmen-rechnen-mit-cyberangriffen\/","name":"Rapport sur la cybers\u00e9curit\u00e9 : les entreprises s'attendent \u00e0 des cyberattaques - Organisateur","isPartOf":{"@id":"https:\/\/www.organisator.ch\/#website"},"primaryImageOfPage":{"@id":"https:\/\/www.organisator.ch\/management\/2023-10-18\/cybersecurity-report-die-unternehmen-rechnen-mit-cyberangriffen\/#primaryimage"},"image":{"@id":"https:\/\/www.organisator.ch\/management\/2023-10-18\/cybersecurity-report-die-unternehmen-rechnen-mit-cyberangriffen\/#primaryimage"},"thumbnailUrl":"https:\/\/www.organisator.ch\/wp-content\/uploads\/2023\/10\/IDC-Cybersecurity_Bild1_ps.jpg","datePublished":"2023-10-18T12:52:34+00:00","dateModified":"2023-10-18T12:56:21+00:00","description":"Commvault\/IDC ont publi\u00e9 le rapport \"The Cyber-Resilient Organization : Maximum Preparedness with Bullet-Proof Recovery Survey\".","breadcrumb":{"@id":"https:\/\/www.organisator.ch\/management\/2023-10-18\/cybersecurity-report-die-unternehmen-rechnen-mit-cyberangriffen\/#breadcrumb"},"inLanguage":"fr-FR","potentialAction":[{"@type":"ReadAction","target":["https:\/\/www.organisator.ch\/management\/2023-10-18\/cybersecurity-report-die-unternehmen-rechnen-mit-cyberangriffen\/"]}]},{"@type":"ImageObject","inLanguage":"fr-FR","@id":"https:\/\/www.organisator.ch\/management\/2023-10-18\/cybersecurity-report-die-unternehmen-rechnen-mit-cyberangriffen\/#primaryimage","url":"https:\/\/www.organisator.ch\/wp-content\/uploads\/2023\/10\/IDC-Cybersecurity_Bild1_ps.jpg","contentUrl":"https:\/\/www.organisator.ch\/wp-content\/uploads\/2023\/10\/IDC-Cybersecurity_Bild1_ps.jpg","width":680,"height":543,"caption":"Commvault\/IDC-Bericht mit dem Titel \u201eThe Cyber-Resilient Organization: Maximum Preparedness with Bullet-Proof Recovery Survey\u201c. (Bild: www.pixabay.com)"},{"@type":"BreadcrumbList","@id":"https:\/\/www.organisator.ch\/management\/2023-10-18\/cybersecurity-report-die-unternehmen-rechnen-mit-cyberangriffen\/#breadcrumb","itemListElement":[{"@type":"ListItem","position":1,"name":"Home","item":"https:\/\/www.organisator.ch\/"},{"@type":"ListItem","position":2,"name":"Cybersecurity-Report: Die Unternehmen rechnen mit Cyberangriffen"}]},{"@type":"WebSite","@id":"https:\/\/www.organisator.ch\/#website","url":"https:\/\/www.organisator.ch\/","name":"Organisateur","description":"Comp\u00e9tence et comp\u00e9tence. Proches de la pratique. L'ORGANISATEUR pr\u00e9pare 10 num\u00e9ros par an sur les th\u00e8mes essentiels pour les dirigeants de PME.","publisher":{"@id":"https:\/\/www.organisator.ch\/#organization"},"potentialAction":[{"@type":"SearchAction","target":{"@type":"EntryPoint","urlTemplate":"https:\/\/www.organisator.ch\/?s={search_term_string}"},"query-input":{"@type":"PropertyValueSpecification","valueRequired":true,"valueName":"search_term_string"}}],"inLanguage":"fr-FR"},{"@type":"Organization","@id":"https:\/\/www.organisator.ch\/#organization","name":"Organisateur","url":"https:\/\/www.organisator.ch\/","logo":{"@type":"ImageObject","inLanguage":"fr-FR","@id":"https:\/\/www.organisator.ch\/#\/schema\/logo\/image\/","url":"https:\/\/www.organisator.ch\/wp-content\/uploads\/2022\/01\/Logo_Organisator_Website.png","contentUrl":"https:\/\/www.organisator.ch\/wp-content\/uploads\/2022\/01\/Logo_Organisator_Website.png","width":800,"height":77,"caption":"Organisator"},"image":{"@id":"https:\/\/www.organisator.ch\/#\/schema\/logo\/image\/"},"sameAs":["https:\/\/www.facebook.com\/OrganisatorFachmagazin","https:\/\/www.linkedin.com\/showcase\/organisator-das-magazin-fr-kmu","https:\/\/www.xing.com\/news\/pages\/organisator-ch-695","https:\/\/www.youtube.com\/channel\/UCGP2Sq0iWaZwT3BdIAQFYpw"]},{"@type":"Person","@id":"https:\/\/www.organisator.ch\/#\/schema\/person\/2e1314a2172123f874db408d8911d3f3","name":"Adelisa Kalajdzini","image":{"@type":"ImageObject","inLanguage":"fr-FR","@id":"https:\/\/secure.gravatar.com\/avatar\/09a397c22ac58cad6f160ee8306348599df9df58a8ede73696226897b9fa4b24?s=96&d=mm&r=g","url":"https:\/\/secure.gravatar.com\/avatar\/09a397c22ac58cad6f160ee8306348599df9df58a8ede73696226897b9fa4b24?s=96&d=mm&r=g","contentUrl":"https:\/\/secure.gravatar.com\/avatar\/09a397c22ac58cad6f160ee8306348599df9df58a8ede73696226897b9fa4b24?s=96&d=mm&r=g","caption":"Adelisa Kalajdzini"},"url":"https:\/\/www.organisator.ch\/fr\/author\/adelisa-kalajdzini\/"}]}},"_links":{"self":[{"href":"https:\/\/www.organisator.ch\/fr\/wp-json\/wp\/v2\/posts\/22414","targetHints":{"allow":["GET"]}}],"collection":[{"href":"https:\/\/www.organisator.ch\/fr\/wp-json\/wp\/v2\/posts"}],"about":[{"href":"https:\/\/www.organisator.ch\/fr\/wp-json\/wp\/v2\/types\/post"}],"author":[{"embeddable":true,"href":"https:\/\/www.organisator.ch\/fr\/wp-json\/wp\/v2\/users\/58"}],"replies":[{"embeddable":true,"href":"https:\/\/www.organisator.ch\/fr\/wp-json\/wp\/v2\/comments?post=22414"}],"version-history":[{"count":2,"href":"https:\/\/www.organisator.ch\/fr\/wp-json\/wp\/v2\/posts\/22414\/revisions"}],"predecessor-version":[{"id":22417,"href":"https:\/\/www.organisator.ch\/fr\/wp-json\/wp\/v2\/posts\/22414\/revisions\/22417"}],"wp:featuredmedia":[{"embeddable":true,"href":"https:\/\/www.organisator.ch\/fr\/wp-json\/wp\/v2\/media\/22415"}],"wp:attachment":[{"href":"https:\/\/www.organisator.ch\/fr\/wp-json\/wp\/v2\/media?parent=22414"}],"wp:term":[{"taxonomy":"category","embeddable":true,"href":"https:\/\/www.organisator.ch\/fr\/wp-json\/wp\/v2\/categories?post=22414"},{"taxonomy":"post_tag","embeddable":true,"href":"https:\/\/www.organisator.ch\/fr\/wp-json\/wp\/v2\/tags?post=22414"}],"curies":[{"name":"wp","href":"https:\/\/api.w.org\/{rel}","templated":true}]}}