{"id":22458,"date":"2023-10-20T13:30:03","date_gmt":"2023-10-20T11:30:03","guid":{"rendered":"https:\/\/www.m-q.ch\/?p=18763"},"modified":"2024-11-13T13:08:53","modified_gmt":"2024-11-13T12:08:53","slug":"myxpert-epaper-displays-die-digitale-anzeigetechnologie","status":"publish","type":"post","link":"https:\/\/www.organisator.ch\/fr\/operational-excellence\/2023-10-20\/myxpert-epaper-displays-die-digitale-anzeigetechnologie\/","title":{"rendered":"MyXPert ePaper Displays - La technologie d'affichage num\u00e9rique"},"content":{"rendered":"<figure id=\"attachment_18764\" class=\"wp-caption alignnone\" style=\"width: 680px\" aria-describedby=\"caption-attachment-18764\"><img class=\"alignnone wp-image-18764 size-full\" src=\"https:\/\/www.m-q.ch\/wp-content\/uploads\/2023\/10\/ePaper_Bild1_ps.jpg\" alt=\"\u00c9crans MyXPert ePaper\" width=\"680\" height=\"383\" \/>\r\n<figcaption id=\"caption-attachment-18764\" class=\"wp-caption-text\">MyXPert ePaper Displays, la nouvelle technologie d'affichage \u00e0 faible consommation d'\u00e9nergie. (Image : www.mysolutions-group.com)<\/figcaption>\r\n<\/figure>\r\n<p>Jusqu'\u00e0 pr\u00e9sent, le d\u00e9bat entre papier et \u00e9cran \u00e9tait sans fin. Avec les solutions papier \u00e9lectroniques de MyXPert, plus personne n'a \u00e0 choisir. Cette technologie d'affichage \u00e0 faible consommation d'\u00e9nergie est id\u00e9ale pour une utilisation dans l'industrie, sans pour autant perdre les avantages du papier.<\/p>\r\n<p>Cette solution innovante repose sur de minuscules microcapsules contenant des pigments noirs et blancs charg\u00e9s \u00e9lectriquement. Selon la tension, ceux-ci peuvent \u00eatre amen\u00e9s \u00e0 la surface pour cr\u00e9er une image. Les couleurs sont rendues possibles gr\u00e2ce \u00e0 des filtres color\u00e9s plac\u00e9s au-dessus des microcapsules.<\/p>\r\n<p>Les points forts techniques de la solution d'affichage MyXPert ePaper sont la bonne lisibilit\u00e9, l'\u00e9conomie d'\u00e9nergie, la flexibilit\u00e9, l'\u00e9conomie de co\u00fbts (r\u00e9duction des temps d'arr\u00eat et faible consommation de mat\u00e9riel) et l'automatisation (logiciel de haute qualit\u00e9 pour une communication et des mises \u00e0 jour centralis\u00e9es).<\/p>\r\n<p>Les multiples domaines d'application des \u00e9crans MyXPert ePaper sont pratiquement illimit\u00e9s. Ils vont de l'affichage de l'\u00e9tat et de l'avancement de la production aux alertes et aux notifications en cas de probl\u00e8mes, en passant par les stocks et les informations logistiques. En outre, ils peuvent \u00eatre utilis\u00e9s pour des plaques de porte avec des informations changeantes sur l'occupation des locaux pour les salles de conf\u00e9rence et de r\u00e9union, des syst\u00e8mes de guidage num\u00e9riques dans les b\u00e2timents publics et les entreprises, ainsi que des \u00e9crans d'information publics dans le secteur du tourisme et du marketing.<\/p>\r\n<p>Avec les \u00e9crans MyXPert ePaper, l'avenir de la technologie d'affichage num\u00e9rique est red\u00e9fini.<\/p>\r\n<p><em>Source :<\/em> <a href=\"https:\/\/mysolutions-group.com\/de\/\">www.mysolutions-group.com\u00a0<\/a><\/p>\n<p class=\"syndicated-attribution\">Cet article est paru initialement sur m-q.ch - <a href=\"https:\/\/www.m-q.ch\/de\/myxpert-epaper-displays-die-digitale-anzeigetechnologie\/\" target=\"_blank\">https:\/\/www.m-q.ch\/de\/myxpert-epaper-displays-die-digitale-anzeigetechnologie\/<\/a><\/p>","protected":false},"excerpt":{"rendered":"<p>MySolutions AG pr\u00e9sente sa nouvelle innovation, les \u00e9crans MyXPert ePaper. Cette technologie combine les meilleurs aspects du papier et de l'affichage et offre une solution qui est \u00e0 la fois \u00e9conome en \u00e9nergie et polyvalente. Les \u00e9crans MyXPert ePaper sont presque universels, car ils affichent des textes, des progr\u00e8s, des graphiques et autres, sans perdre en lisibilit\u00e9 ou en contraste.<\/p>","protected":false},"author":58,"featured_media":0,"comment_status":"closed","ping_status":"closed","sticky":false,"template":"","format":"standard","meta":{"_acf_changed":false,"_yoast_wpseo_focuskw":"MyXPert ePaper Displays","_yoast_wpseo_metadesc":"MyXPert ePaper Displays: Stromsparende Technologie f\u00fcr vielf\u00e4ltige industrielle Anwendungen. Zukunft der Anzeigetechnologie.","articlekey":"","footnotes":""},"categories":[582],"tags":[],"class_list":["post-22458","post","type-post","status-publish","format-standard","hentry","category-operational-excellence"],"acf":[],"yoast_head":"<!-- This site is optimized with the Yoast SEO plugin v27.5 - https:\/\/yoast.com\/product\/yoast-seo-wordpress\/ -->\n<title>MyXPert ePaper Displays \u2013 Die digitale Anzeigetechnologie - Organisator<\/title>\n<meta name=\"description\" content=\"MyXPert ePaper Displays: Stromsparende Technologie f\u00fcr vielf\u00e4ltige industrielle Anwendungen. Zukunft der Anzeigetechnologie.\" \/>\n<meta name=\"robots\" content=\"index, follow, max-snippet:-1, max-image-preview:large, max-video-preview:-1\" \/>\n<link rel=\"canonical\" href=\"https:\/\/www.organisator.ch\/fr\/excellence-operationnelle\/2023-10-20\/myxpert-epaper-displays-die-digitale-anzeigetechnologie\/\" \/>\n<meta property=\"og:locale\" content=\"fr_FR\" \/>\n<meta property=\"og:type\" content=\"article\" \/>\n<meta property=\"og:title\" content=\"MyXPert ePaper Displays \u2013 Die digitale Anzeigetechnologie - Organisator\" \/>\n<meta property=\"og:description\" content=\"MyXPert ePaper Displays: Stromsparende Technologie f\u00fcr vielf\u00e4ltige industrielle Anwendungen. Zukunft der Anzeigetechnologie.\" \/>\n<meta property=\"og:url\" content=\"https:\/\/www.organisator.ch\/fr\/excellence-operationnelle\/2023-10-20\/myxpert-epaper-displays-die-digitale-anzeigetechnologie\/\" \/>\n<meta property=\"og:site_name\" content=\"Organisator\" \/>\n<meta property=\"article:publisher\" content=\"https:\/\/www.facebook.com\/OrganisatorFachmagazin\" \/>\n<meta property=\"article:published_time\" content=\"2023-10-20T11:30:03+00:00\" \/>\n<meta property=\"article:modified_time\" content=\"2024-11-13T12:08:53+00:00\" \/>\n<meta name=\"author\" content=\"Adelisa Kalajdzini\" \/>\n<meta name=\"twitter:card\" content=\"summary_large_image\" \/>\n<script type=\"application\/ld+json\" class=\"yoast-schema-graph\">{\"@context\":\"https:\\\/\\\/schema.org\",\"@graph\":[{\"@type\":\"Article\",\"@id\":\"https:\\\/\\\/www.organisator.ch\\\/operational-excellence\\\/2023-10-20\\\/myxpert-epaper-displays-die-digitale-anzeigetechnologie\\\/#article\",\"isPartOf\":{\"@id\":\"https:\\\/\\\/www.organisator.ch\\\/operational-excellence\\\/2023-10-20\\\/myxpert-epaper-displays-die-digitale-anzeigetechnologie\\\/\"},\"author\":{\"name\":\"Adelisa Kalajdzini\",\"@id\":\"https:\\\/\\\/www.organisator.ch\\\/#\\\/schema\\\/person\\\/2e1314a2172123f874db408d8911d3f3\"},\"headline\":\"MyXPert ePaper Displays \u2013 Die digitale Anzeigetechnologie\",\"datePublished\":\"2023-10-20T11:30:03+00:00\",\"dateModified\":\"2024-11-13T12:08:53+00:00\",\"mainEntityOfPage\":{\"@id\":\"https:\\\/\\\/www.organisator.ch\\\/operational-excellence\\\/2023-10-20\\\/myxpert-epaper-displays-die-digitale-anzeigetechnologie\\\/\"},\"wordCount\":224,\"publisher\":{\"@id\":\"https:\\\/\\\/www.organisator.ch\\\/#organization\"},\"image\":{\"@id\":\"https:\\\/\\\/www.organisator.ch\\\/operational-excellence\\\/2023-10-20\\\/myxpert-epaper-displays-die-digitale-anzeigetechnologie\\\/#primaryimage\"},\"thumbnailUrl\":\"https:\\\/\\\/www.m-q.ch\\\/wp-content\\\/uploads\\\/2023\\\/10\\\/ePaper_Bild1_ps.jpg\",\"articleSection\":[\"OPERATIONAL EXCELLENCE\"],\"inLanguage\":\"fr-FR\"},{\"@type\":\"WebPage\",\"@id\":\"https:\\\/\\\/www.organisator.ch\\\/operational-excellence\\\/2023-10-20\\\/myxpert-epaper-displays-die-digitale-anzeigetechnologie\\\/\",\"url\":\"https:\\\/\\\/www.organisator.ch\\\/operational-excellence\\\/2023-10-20\\\/myxpert-epaper-displays-die-digitale-anzeigetechnologie\\\/\",\"name\":\"MyXPert ePaper Displays \u2013 Die digitale Anzeigetechnologie - Organisator\",\"isPartOf\":{\"@id\":\"https:\\\/\\\/www.organisator.ch\\\/#website\"},\"primaryImageOfPage\":{\"@id\":\"https:\\\/\\\/www.organisator.ch\\\/operational-excellence\\\/2023-10-20\\\/myxpert-epaper-displays-die-digitale-anzeigetechnologie\\\/#primaryimage\"},\"image\":{\"@id\":\"https:\\\/\\\/www.organisator.ch\\\/operational-excellence\\\/2023-10-20\\\/myxpert-epaper-displays-die-digitale-anzeigetechnologie\\\/#primaryimage\"},\"thumbnailUrl\":\"https:\\\/\\\/www.m-q.ch\\\/wp-content\\\/uploads\\\/2023\\\/10\\\/ePaper_Bild1_ps.jpg\",\"datePublished\":\"2023-10-20T11:30:03+00:00\",\"dateModified\":\"2024-11-13T12:08:53+00:00\",\"description\":\"MyXPert ePaper Displays: Stromsparende Technologie f\u00fcr vielf\u00e4ltige industrielle Anwendungen. Zukunft der Anzeigetechnologie.\",\"breadcrumb\":{\"@id\":\"https:\\\/\\\/www.organisator.ch\\\/operational-excellence\\\/2023-10-20\\\/myxpert-epaper-displays-die-digitale-anzeigetechnologie\\\/#breadcrumb\"},\"inLanguage\":\"fr-FR\",\"potentialAction\":[{\"@type\":\"ReadAction\",\"target\":[\"https:\\\/\\\/www.organisator.ch\\\/operational-excellence\\\/2023-10-20\\\/myxpert-epaper-displays-die-digitale-anzeigetechnologie\\\/\"]}]},{\"@type\":\"ImageObject\",\"inLanguage\":\"fr-FR\",\"@id\":\"https:\\\/\\\/www.organisator.ch\\\/operational-excellence\\\/2023-10-20\\\/myxpert-epaper-displays-die-digitale-anzeigetechnologie\\\/#primaryimage\",\"url\":\"https:\\\/\\\/www.m-q.ch\\\/wp-content\\\/uploads\\\/2023\\\/10\\\/ePaper_Bild1_ps.jpg\",\"contentUrl\":\"https:\\\/\\\/www.m-q.ch\\\/wp-content\\\/uploads\\\/2023\\\/10\\\/ePaper_Bild1_ps.jpg\"},{\"@type\":\"BreadcrumbList\",\"@id\":\"https:\\\/\\\/www.organisator.ch\\\/operational-excellence\\\/2023-10-20\\\/myxpert-epaper-displays-die-digitale-anzeigetechnologie\\\/#breadcrumb\",\"itemListElement\":[{\"@type\":\"ListItem\",\"position\":1,\"name\":\"Home\",\"item\":\"https:\\\/\\\/www.organisator.ch\\\/\"},{\"@type\":\"ListItem\",\"position\":2,\"name\":\"MyXPert ePaper Displays \u2013 Die digitale Anzeigetechnologie\"}]},{\"@type\":\"WebSite\",\"@id\":\"https:\\\/\\\/www.organisator.ch\\\/#website\",\"url\":\"https:\\\/\\\/www.organisator.ch\\\/\",\"name\":\"Organisator\",\"description\":\"Kompetent. Praxisnah. Der ORGANISATOR bereitet in 10 Ausgaben pro Jahr die wesentlichen Themen f\u00fcr F\u00fchrungskr\u00e4fte von KMU auf.\",\"publisher\":{\"@id\":\"https:\\\/\\\/www.organisator.ch\\\/#organization\"},\"potentialAction\":[{\"@type\":\"SearchAction\",\"target\":{\"@type\":\"EntryPoint\",\"urlTemplate\":\"https:\\\/\\\/www.organisator.ch\\\/?s={search_term_string}\"},\"query-input\":{\"@type\":\"PropertyValueSpecification\",\"valueRequired\":true,\"valueName\":\"search_term_string\"}}],\"inLanguage\":\"fr-FR\"},{\"@type\":\"Organization\",\"@id\":\"https:\\\/\\\/www.organisator.ch\\\/#organization\",\"name\":\"Organisator\",\"url\":\"https:\\\/\\\/www.organisator.ch\\\/\",\"logo\":{\"@type\":\"ImageObject\",\"inLanguage\":\"fr-FR\",\"@id\":\"https:\\\/\\\/www.organisator.ch\\\/#\\\/schema\\\/logo\\\/image\\\/\",\"url\":\"https:\\\/\\\/www.organisator.ch\\\/wp-content\\\/uploads\\\/2022\\\/01\\\/Logo_Organisator_Website.png\",\"contentUrl\":\"https:\\\/\\\/www.organisator.ch\\\/wp-content\\\/uploads\\\/2022\\\/01\\\/Logo_Organisator_Website.png\",\"width\":800,\"height\":77,\"caption\":\"Organisator\"},\"image\":{\"@id\":\"https:\\\/\\\/www.organisator.ch\\\/#\\\/schema\\\/logo\\\/image\\\/\"},\"sameAs\":[\"https:\\\/\\\/www.facebook.com\\\/OrganisatorFachmagazin\",\"https:\\\/\\\/www.linkedin.com\\\/showcase\\\/organisator-das-magazin-fr-kmu\",\"https:\\\/\\\/www.xing.com\\\/news\\\/pages\\\/organisator-ch-695\",\"https:\\\/\\\/www.youtube.com\\\/channel\\\/UCGP2Sq0iWaZwT3BdIAQFYpw\"]},{\"@type\":\"Person\",\"@id\":\"https:\\\/\\\/www.organisator.ch\\\/#\\\/schema\\\/person\\\/2e1314a2172123f874db408d8911d3f3\",\"name\":\"Adelisa Kalajdzini\",\"image\":{\"@type\":\"ImageObject\",\"inLanguage\":\"fr-FR\",\"@id\":\"https:\\\/\\\/secure.gravatar.com\\\/avatar\\\/09a397c22ac58cad6f160ee8306348599df9df58a8ede73696226897b9fa4b24?s=96&d=mm&r=g\",\"url\":\"https:\\\/\\\/secure.gravatar.com\\\/avatar\\\/09a397c22ac58cad6f160ee8306348599df9df58a8ede73696226897b9fa4b24?s=96&d=mm&r=g\",\"contentUrl\":\"https:\\\/\\\/secure.gravatar.com\\\/avatar\\\/09a397c22ac58cad6f160ee8306348599df9df58a8ede73696226897b9fa4b24?s=96&d=mm&r=g\",\"caption\":\"Adelisa Kalajdzini\"},\"url\":\"https:\\\/\\\/www.organisator.ch\\\/fr\\\/author\\\/adelisa-kalajdzini\\\/\"}]}<\/script>\n<!-- \/ Yoast SEO plugin. -->","yoast_head_json":{"title":"MyXPert ePaper Displays - La technologie d'affichage num\u00e9rique - Organisateur","description":"MyXPert ePaper Displays : une technologie \u00e0 faible consommation d'\u00e9nergie pour de multiples applications industrielles. L'avenir de la technologie d'affichage.","robots":{"index":"index","follow":"follow","max-snippet":"max-snippet:-1","max-image-preview":"max-image-preview:large","max-video-preview":"max-video-preview:-1"},"canonical":"https:\/\/www.organisator.ch\/fr\/excellence-operationnelle\/2023-10-20\/myxpert-epaper-displays-die-digitale-anzeigetechnologie\/","og_locale":"fr_FR","og_type":"article","og_title":"MyXPert ePaper Displays \u2013 Die digitale Anzeigetechnologie - Organisator","og_description":"MyXPert ePaper Displays: Stromsparende Technologie f\u00fcr vielf\u00e4ltige industrielle Anwendungen. Zukunft der Anzeigetechnologie.","og_url":"https:\/\/www.organisator.ch\/fr\/excellence-operationnelle\/2023-10-20\/myxpert-epaper-displays-die-digitale-anzeigetechnologie\/","og_site_name":"Organisator","article_publisher":"https:\/\/www.facebook.com\/OrganisatorFachmagazin","article_published_time":"2023-10-20T11:30:03+00:00","article_modified_time":"2024-11-13T12:08:53+00:00","author":"Adelisa Kalajdzini","twitter_card":"summary_large_image","schema":{"@context":"https:\/\/schema.org","@graph":[{"@type":"Article","@id":"https:\/\/www.organisator.ch\/operational-excellence\/2023-10-20\/myxpert-epaper-displays-die-digitale-anzeigetechnologie\/#article","isPartOf":{"@id":"https:\/\/www.organisator.ch\/operational-excellence\/2023-10-20\/myxpert-epaper-displays-die-digitale-anzeigetechnologie\/"},"author":{"name":"Adelisa Kalajdzini","@id":"https:\/\/www.organisator.ch\/#\/schema\/person\/2e1314a2172123f874db408d8911d3f3"},"headline":"MyXPert ePaper Displays \u2013 Die digitale Anzeigetechnologie","datePublished":"2023-10-20T11:30:03+00:00","dateModified":"2024-11-13T12:08:53+00:00","mainEntityOfPage":{"@id":"https:\/\/www.organisator.ch\/operational-excellence\/2023-10-20\/myxpert-epaper-displays-die-digitale-anzeigetechnologie\/"},"wordCount":224,"publisher":{"@id":"https:\/\/www.organisator.ch\/#organization"},"image":{"@id":"https:\/\/www.organisator.ch\/operational-excellence\/2023-10-20\/myxpert-epaper-displays-die-digitale-anzeigetechnologie\/#primaryimage"},"thumbnailUrl":"https:\/\/www.m-q.ch\/wp-content\/uploads\/2023\/10\/ePaper_Bild1_ps.jpg","articleSection":["OPERATIONAL EXCELLENCE"],"inLanguage":"fr-FR"},{"@type":"WebPage","@id":"https:\/\/www.organisator.ch\/operational-excellence\/2023-10-20\/myxpert-epaper-displays-die-digitale-anzeigetechnologie\/","url":"https:\/\/www.organisator.ch\/operational-excellence\/2023-10-20\/myxpert-epaper-displays-die-digitale-anzeigetechnologie\/","name":"MyXPert ePaper Displays - La technologie d'affichage num\u00e9rique - Organisateur","isPartOf":{"@id":"https:\/\/www.organisator.ch\/#website"},"primaryImageOfPage":{"@id":"https:\/\/www.organisator.ch\/operational-excellence\/2023-10-20\/myxpert-epaper-displays-die-digitale-anzeigetechnologie\/#primaryimage"},"image":{"@id":"https:\/\/www.organisator.ch\/operational-excellence\/2023-10-20\/myxpert-epaper-displays-die-digitale-anzeigetechnologie\/#primaryimage"},"thumbnailUrl":"https:\/\/www.m-q.ch\/wp-content\/uploads\/2023\/10\/ePaper_Bild1_ps.jpg","datePublished":"2023-10-20T11:30:03+00:00","dateModified":"2024-11-13T12:08:53+00:00","description":"MyXPert ePaper Displays : une technologie \u00e0 faible consommation d'\u00e9nergie pour de multiples applications industrielles. L'avenir de la technologie d'affichage.","breadcrumb":{"@id":"https:\/\/www.organisator.ch\/operational-excellence\/2023-10-20\/myxpert-epaper-displays-die-digitale-anzeigetechnologie\/#breadcrumb"},"inLanguage":"fr-FR","potentialAction":[{"@type":"ReadAction","target":["https:\/\/www.organisator.ch\/operational-excellence\/2023-10-20\/myxpert-epaper-displays-die-digitale-anzeigetechnologie\/"]}]},{"@type":"ImageObject","inLanguage":"fr-FR","@id":"https:\/\/www.organisator.ch\/operational-excellence\/2023-10-20\/myxpert-epaper-displays-die-digitale-anzeigetechnologie\/#primaryimage","url":"https:\/\/www.m-q.ch\/wp-content\/uploads\/2023\/10\/ePaper_Bild1_ps.jpg","contentUrl":"https:\/\/www.m-q.ch\/wp-content\/uploads\/2023\/10\/ePaper_Bild1_ps.jpg"},{"@type":"BreadcrumbList","@id":"https:\/\/www.organisator.ch\/operational-excellence\/2023-10-20\/myxpert-epaper-displays-die-digitale-anzeigetechnologie\/#breadcrumb","itemListElement":[{"@type":"ListItem","position":1,"name":"Home","item":"https:\/\/www.organisator.ch\/"},{"@type":"ListItem","position":2,"name":"MyXPert ePaper Displays \u2013 Die digitale Anzeigetechnologie"}]},{"@type":"WebSite","@id":"https:\/\/www.organisator.ch\/#website","url":"https:\/\/www.organisator.ch\/","name":"Organisateur","description":"Comp\u00e9tence et comp\u00e9tence. Proches de la pratique. L'ORGANISATEUR pr\u00e9pare 10 num\u00e9ros par an sur les th\u00e8mes essentiels pour les dirigeants de PME.","publisher":{"@id":"https:\/\/www.organisator.ch\/#organization"},"potentialAction":[{"@type":"SearchAction","target":{"@type":"EntryPoint","urlTemplate":"https:\/\/www.organisator.ch\/?s={search_term_string}"},"query-input":{"@type":"PropertyValueSpecification","valueRequired":true,"valueName":"search_term_string"}}],"inLanguage":"fr-FR"},{"@type":"Organization","@id":"https:\/\/www.organisator.ch\/#organization","name":"Organisateur","url":"https:\/\/www.organisator.ch\/","logo":{"@type":"ImageObject","inLanguage":"fr-FR","@id":"https:\/\/www.organisator.ch\/#\/schema\/logo\/image\/","url":"https:\/\/www.organisator.ch\/wp-content\/uploads\/2022\/01\/Logo_Organisator_Website.png","contentUrl":"https:\/\/www.organisator.ch\/wp-content\/uploads\/2022\/01\/Logo_Organisator_Website.png","width":800,"height":77,"caption":"Organisator"},"image":{"@id":"https:\/\/www.organisator.ch\/#\/schema\/logo\/image\/"},"sameAs":["https:\/\/www.facebook.com\/OrganisatorFachmagazin","https:\/\/www.linkedin.com\/showcase\/organisator-das-magazin-fr-kmu","https:\/\/www.xing.com\/news\/pages\/organisator-ch-695","https:\/\/www.youtube.com\/channel\/UCGP2Sq0iWaZwT3BdIAQFYpw"]},{"@type":"Person","@id":"https:\/\/www.organisator.ch\/#\/schema\/person\/2e1314a2172123f874db408d8911d3f3","name":"Adelisa Kalajdzini","image":{"@type":"ImageObject","inLanguage":"fr-FR","@id":"https:\/\/secure.gravatar.com\/avatar\/09a397c22ac58cad6f160ee8306348599df9df58a8ede73696226897b9fa4b24?s=96&d=mm&r=g","url":"https:\/\/secure.gravatar.com\/avatar\/09a397c22ac58cad6f160ee8306348599df9df58a8ede73696226897b9fa4b24?s=96&d=mm&r=g","contentUrl":"https:\/\/secure.gravatar.com\/avatar\/09a397c22ac58cad6f160ee8306348599df9df58a8ede73696226897b9fa4b24?s=96&d=mm&r=g","caption":"Adelisa Kalajdzini"},"url":"https:\/\/www.organisator.ch\/fr\/author\/adelisa-kalajdzini\/"}]}},"_links":{"self":[{"href":"https:\/\/www.organisator.ch\/fr\/wp-json\/wp\/v2\/posts\/22458","targetHints":{"allow":["GET"]}}],"collection":[{"href":"https:\/\/www.organisator.ch\/fr\/wp-json\/wp\/v2\/posts"}],"about":[{"href":"https:\/\/www.organisator.ch\/fr\/wp-json\/wp\/v2\/types\/post"}],"author":[{"embeddable":true,"href":"https:\/\/www.organisator.ch\/fr\/wp-json\/wp\/v2\/users\/58"}],"replies":[{"embeddable":true,"href":"https:\/\/www.organisator.ch\/fr\/wp-json\/wp\/v2\/comments?post=22458"}],"version-history":[{"count":5,"href":"https:\/\/www.organisator.ch\/fr\/wp-json\/wp\/v2\/posts\/22458\/revisions"}],"predecessor-version":[{"id":32771,"href":"https:\/\/www.organisator.ch\/fr\/wp-json\/wp\/v2\/posts\/22458\/revisions\/32771"}],"wp:attachment":[{"href":"https:\/\/www.organisator.ch\/fr\/wp-json\/wp\/v2\/media?parent=22458"}],"wp:term":[{"taxonomy":"category","embeddable":true,"href":"https:\/\/www.organisator.ch\/fr\/wp-json\/wp\/v2\/categories?post=22458"},{"taxonomy":"post_tag","embeddable":true,"href":"https:\/\/www.organisator.ch\/fr\/wp-json\/wp\/v2\/tags?post=22458"}],"curies":[{"name":"wp","href":"https:\/\/api.w.org\/{rel}","templated":true}]}}