{"id":22480,"date":"2023-10-24T06:09:06","date_gmt":"2023-10-24T04:09:06","guid":{"rendered":"https:\/\/www.organisator.ch\/de\/?p=22480"},"modified":"2023-10-23T16:24:30","modified_gmt":"2023-10-23T14:24:30","slug":"strom-gehoert-nun-auf-die-risk-map","status":"publish","type":"post","link":"https:\/\/www.organisator.ch\/fr\/management\/2023-10-24\/strom-gehoert-nun-auf-die-risk-map\/","title":{"rendered":"\"L'\u00e9lectricit\u00e9 fait d\u00e9sormais partie de la carte des risques\""},"content":{"rendered":"<div class=\"swpm-post-not-logged-in-msg\">Vous devez \u00eatre connect\u00e9 pour voir ce contenu. Veuillez <a class=\"swpm-login-link\" href=\"https:\/\/www.organisator.ch\/login\/\">Se connecter<\/a>. Pas un membre ? <a href=\"https:\/\/www.organisator.ch\/shop\/\">Nous Rejoindre<\/a><\/div>","protected":false},"excerpt":{"rendered":"<p>Depuis un peu plus d'un an, Helene Budliger Artieda est la cheffe du Seco. Si elle se r\u00e9jouit de la robustesse de l'\u00e9conomie suisse, elle s'inqui\u00e8te n\u00e9anmoins de la coh\u00e9sion sociale.<\/p>","protected":false},"author":1,"featured_media":22478,"comment_status":"closed","ping_status":"closed","sticky":false,"template":"","format":"standard","meta":{"_acf_changed":false,"_yoast_wpseo_focuskw":"Risk-Map","_yoast_wpseo_metadesc":"Seit etwas mehr als einem Jahr ist Helene Budliger Artieda Vorsteherin des Seco. Sie sorgt sich um den gesellschaftlichen Zusammenhalt.","articlekey":"66703","footnotes":""},"categories":[578,28],"tags":[283,381,418,531],"class_list":["post-22480","post","type-post","status-publish","format-standard","has-post-thumbnail","hentry","category-abo","category-management","tag-interview","tag-personalia","tag-risikomanagement","tag-wirtschaftspolitik"],"acf":[],"yoast_head":"<!-- This site is optimized with the Yoast SEO plugin v27.4 - https:\/\/yoast.com\/product\/yoast-seo-wordpress\/ -->\n<title>\u00abStrom geh\u00f6rt nun auf die Risk-Map\u00bb - Organisator<\/title>\n<meta name=\"description\" content=\"Seit etwas mehr als einem Jahr ist Helene Budliger Artieda Vorsteherin des Seco. Sie sorgt sich um den gesellschaftlichen Zusammenhalt.\" \/>\n<meta name=\"robots\" content=\"index, follow, max-snippet:-1, max-image-preview:large, max-video-preview:-1\" \/>\n<link rel=\"canonical\" href=\"https:\/\/www.organisator.ch\/fr\/gestion-2\/2023-10-24\/strom-gehoert-nun-auf-die-risk-map\/\" \/>\n<meta property=\"og:locale\" content=\"fr_FR\" \/>\n<meta property=\"og:type\" content=\"article\" \/>\n<meta property=\"og:title\" content=\"\u00abStrom geh\u00f6rt nun auf die Risk-Map\u00bb - Organisator\" \/>\n<meta property=\"og:description\" content=\"Seit etwas mehr als einem Jahr ist Helene Budliger Artieda Vorsteherin des Seco. Sie sorgt sich um den gesellschaftlichen Zusammenhalt.\" \/>\n<meta property=\"og:url\" content=\"https:\/\/www.organisator.ch\/fr\/gestion-2\/2023-10-24\/strom-gehoert-nun-auf-die-risk-map\/\" \/>\n<meta property=\"og:site_name\" content=\"Organisator\" \/>\n<meta property=\"article:publisher\" content=\"https:\/\/www.facebook.com\/OrganisatorFachmagazin\" \/>\n<meta property=\"article:published_time\" content=\"2023-10-24T04:09:06+00:00\" \/>\n<meta property=\"og:image\" content=\"https:\/\/www.organisator.ch\/wp-content\/uploads\/2023\/10\/Management_Budliger-Artieda_Bild_organisator_66739.jpg\" \/>\n\t<meta property=\"og:image:width\" content=\"1214\" \/>\n\t<meta property=\"og:image:height\" content=\"1174\" \/>\n\t<meta property=\"og:image:type\" content=\"image\/jpeg\" \/>\n<meta name=\"author\" content=\"admin\" \/>\n<meta name=\"twitter:card\" content=\"summary_large_image\" \/>\n<script type=\"application\/ld+json\" class=\"yoast-schema-graph\">{\"@context\":\"https:\\\/\\\/schema.org\",\"@graph\":[{\"@type\":\"Article\",\"@id\":\"https:\\\/\\\/www.organisator.ch\\\/management\\\/2023-10-24\\\/strom-gehoert-nun-auf-die-risk-map\\\/#article\",\"isPartOf\":{\"@id\":\"https:\\\/\\\/www.organisator.ch\\\/management\\\/2023-10-24\\\/strom-gehoert-nun-auf-die-risk-map\\\/\"},\"author\":{\"name\":\"admin\",\"@id\":\"https:\\\/\\\/www.organisator.ch\\\/#\\\/schema\\\/person\\\/aa2bace6c5c5aad60102004a50c4eb1c\"},\"headline\":\"\u00abStrom geh\u00f6rt nun auf die Risk-Map\u00bb\",\"datePublished\":\"2023-10-24T04:09:06+00:00\",\"mainEntityOfPage\":{\"@id\":\"https:\\\/\\\/www.organisator.ch\\\/management\\\/2023-10-24\\\/strom-gehoert-nun-auf-die-risk-map\\\/\"},\"wordCount\":1452,\"publisher\":{\"@id\":\"https:\\\/\\\/www.organisator.ch\\\/#organization\"},\"image\":{\"@id\":\"https:\\\/\\\/www.organisator.ch\\\/management\\\/2023-10-24\\\/strom-gehoert-nun-auf-die-risk-map\\\/#primaryimage\"},\"thumbnailUrl\":\"https:\\\/\\\/www.organisator.ch\\\/wp-content\\\/uploads\\\/2023\\\/10\\\/Management_Budliger-Artieda_Bild_organisator_66739.jpg\",\"keywords\":[\"Interview\",\"Personalia\",\"Risikomanagement\",\"Wirtschaftspolitik\"],\"articleSection\":[\"ABO+\",\"MANAGEMENT\"],\"inLanguage\":\"fr-FR\"},{\"@type\":\"WebPage\",\"@id\":\"https:\\\/\\\/www.organisator.ch\\\/management\\\/2023-10-24\\\/strom-gehoert-nun-auf-die-risk-map\\\/\",\"url\":\"https:\\\/\\\/www.organisator.ch\\\/management\\\/2023-10-24\\\/strom-gehoert-nun-auf-die-risk-map\\\/\",\"name\":\"\u00abStrom geh\u00f6rt nun auf die Risk-Map\u00bb - Organisator\",\"isPartOf\":{\"@id\":\"https:\\\/\\\/www.organisator.ch\\\/#website\"},\"primaryImageOfPage\":{\"@id\":\"https:\\\/\\\/www.organisator.ch\\\/management\\\/2023-10-24\\\/strom-gehoert-nun-auf-die-risk-map\\\/#primaryimage\"},\"image\":{\"@id\":\"https:\\\/\\\/www.organisator.ch\\\/management\\\/2023-10-24\\\/strom-gehoert-nun-auf-die-risk-map\\\/#primaryimage\"},\"thumbnailUrl\":\"https:\\\/\\\/www.organisator.ch\\\/wp-content\\\/uploads\\\/2023\\\/10\\\/Management_Budliger-Artieda_Bild_organisator_66739.jpg\",\"datePublished\":\"2023-10-24T04:09:06+00:00\",\"description\":\"Seit etwas mehr als einem Jahr ist Helene Budliger Artieda Vorsteherin des Seco. Sie sorgt sich um den gesellschaftlichen Zusammenhalt.\",\"breadcrumb\":{\"@id\":\"https:\\\/\\\/www.organisator.ch\\\/management\\\/2023-10-24\\\/strom-gehoert-nun-auf-die-risk-map\\\/#breadcrumb\"},\"inLanguage\":\"fr-FR\",\"potentialAction\":[{\"@type\":\"ReadAction\",\"target\":[\"https:\\\/\\\/www.organisator.ch\\\/management\\\/2023-10-24\\\/strom-gehoert-nun-auf-die-risk-map\\\/\"]}]},{\"@type\":\"ImageObject\",\"inLanguage\":\"fr-FR\",\"@id\":\"https:\\\/\\\/www.organisator.ch\\\/management\\\/2023-10-24\\\/strom-gehoert-nun-auf-die-risk-map\\\/#primaryimage\",\"url\":\"https:\\\/\\\/www.organisator.ch\\\/wp-content\\\/uploads\\\/2023\\\/10\\\/Management_Budliger-Artieda_Bild_organisator_66739.jpg\",\"contentUrl\":\"https:\\\/\\\/www.organisator.ch\\\/wp-content\\\/uploads\\\/2023\\\/10\\\/Management_Budliger-Artieda_Bild_organisator_66739.jpg\",\"width\":1214,\"height\":1174,\"caption\":\"\u00a9 Seco\"},{\"@type\":\"BreadcrumbList\",\"@id\":\"https:\\\/\\\/www.organisator.ch\\\/management\\\/2023-10-24\\\/strom-gehoert-nun-auf-die-risk-map\\\/#breadcrumb\",\"itemListElement\":[{\"@type\":\"ListItem\",\"position\":1,\"name\":\"Home\",\"item\":\"https:\\\/\\\/www.organisator.ch\\\/\"},{\"@type\":\"ListItem\",\"position\":2,\"name\":\"\u00abStrom geh\u00f6rt nun auf die Risk-Map\u00bb\"}]},{\"@type\":\"WebSite\",\"@id\":\"https:\\\/\\\/www.organisator.ch\\\/#website\",\"url\":\"https:\\\/\\\/www.organisator.ch\\\/\",\"name\":\"Organisator\",\"description\":\"Kompetent. Praxisnah. Der ORGANISATOR bereitet in 10 Ausgaben pro Jahr die wesentlichen Themen f\u00fcr F\u00fchrungskr\u00e4fte von KMU auf.\",\"publisher\":{\"@id\":\"https:\\\/\\\/www.organisator.ch\\\/#organization\"},\"potentialAction\":[{\"@type\":\"SearchAction\",\"target\":{\"@type\":\"EntryPoint\",\"urlTemplate\":\"https:\\\/\\\/www.organisator.ch\\\/?s={search_term_string}\"},\"query-input\":{\"@type\":\"PropertyValueSpecification\",\"valueRequired\":true,\"valueName\":\"search_term_string\"}}],\"inLanguage\":\"fr-FR\"},{\"@type\":\"Organization\",\"@id\":\"https:\\\/\\\/www.organisator.ch\\\/#organization\",\"name\":\"Organisator\",\"url\":\"https:\\\/\\\/www.organisator.ch\\\/\",\"logo\":{\"@type\":\"ImageObject\",\"inLanguage\":\"fr-FR\",\"@id\":\"https:\\\/\\\/www.organisator.ch\\\/#\\\/schema\\\/logo\\\/image\\\/\",\"url\":\"https:\\\/\\\/www.organisator.ch\\\/wp-content\\\/uploads\\\/2022\\\/01\\\/Logo_Organisator_Website.png\",\"contentUrl\":\"https:\\\/\\\/www.organisator.ch\\\/wp-content\\\/uploads\\\/2022\\\/01\\\/Logo_Organisator_Website.png\",\"width\":800,\"height\":77,\"caption\":\"Organisator\"},\"image\":{\"@id\":\"https:\\\/\\\/www.organisator.ch\\\/#\\\/schema\\\/logo\\\/image\\\/\"},\"sameAs\":[\"https:\\\/\\\/www.facebook.com\\\/OrganisatorFachmagazin\",\"https:\\\/\\\/www.linkedin.com\\\/showcase\\\/organisator-das-magazin-fr-kmu\",\"https:\\\/\\\/www.xing.com\\\/news\\\/pages\\\/organisator-ch-695\",\"https:\\\/\\\/www.youtube.com\\\/channel\\\/UCGP2Sq0iWaZwT3BdIAQFYpw\"]},{\"@type\":\"Person\",\"@id\":\"https:\\\/\\\/www.organisator.ch\\\/#\\\/schema\\\/person\\\/aa2bace6c5c5aad60102004a50c4eb1c\",\"name\":\"admin\",\"image\":{\"@type\":\"ImageObject\",\"inLanguage\":\"fr-FR\",\"@id\":\"https:\\\/\\\/secure.gravatar.com\\\/avatar\\\/ae2f4d718e6c49043e314ce431e7e645d646302a24a5ef5a8bc8e3f5a032e319?s=96&d=mm&r=g\",\"url\":\"https:\\\/\\\/secure.gravatar.com\\\/avatar\\\/ae2f4d718e6c49043e314ce431e7e645d646302a24a5ef5a8bc8e3f5a032e319?s=96&d=mm&r=g\",\"contentUrl\":\"https:\\\/\\\/secure.gravatar.com\\\/avatar\\\/ae2f4d718e6c49043e314ce431e7e645d646302a24a5ef5a8bc8e3f5a032e319?s=96&d=mm&r=g\",\"caption\":\"admin\"},\"sameAs\":[\"https:\\\/\\\/www.organisator.ch\"],\"url\":\"https:\\\/\\\/www.organisator.ch\\\/fr\\\/author\\\/admin\\\/\"}]}<\/script>\n<!-- \/ Yoast SEO plugin. -->","yoast_head_json":{"title":"\"L'\u00e9lectricit\u00e9 fait d\u00e9sormais partie de la carte des risques\" - Organisateur","description":"Depuis un peu plus d'un an, Helene Budliger Artieda est la cheffe du Seco. Elle se pr\u00e9occupe de la coh\u00e9sion sociale.","robots":{"index":"index","follow":"follow","max-snippet":"max-snippet:-1","max-image-preview":"max-image-preview:large","max-video-preview":"max-video-preview:-1"},"canonical":"https:\/\/www.organisator.ch\/fr\/gestion-2\/2023-10-24\/strom-gehoert-nun-auf-die-risk-map\/","og_locale":"fr_FR","og_type":"article","og_title":"\u00abStrom geh\u00f6rt nun auf die Risk-Map\u00bb - Organisator","og_description":"Seit etwas mehr als einem Jahr ist Helene Budliger Artieda Vorsteherin des Seco. Sie sorgt sich um den gesellschaftlichen Zusammenhalt.","og_url":"https:\/\/www.organisator.ch\/fr\/gestion-2\/2023-10-24\/strom-gehoert-nun-auf-die-risk-map\/","og_site_name":"Organisator","article_publisher":"https:\/\/www.facebook.com\/OrganisatorFachmagazin","article_published_time":"2023-10-24T04:09:06+00:00","og_image":[{"width":1214,"height":1174,"url":"https:\/\/www.organisator.ch\/wp-content\/uploads\/2023\/10\/Management_Budliger-Artieda_Bild_organisator_66739.jpg","type":"image\/jpeg"}],"author":"admin","twitter_card":"summary_large_image","schema":{"@context":"https:\/\/schema.org","@graph":[{"@type":"Article","@id":"https:\/\/www.organisator.ch\/management\/2023-10-24\/strom-gehoert-nun-auf-die-risk-map\/#article","isPartOf":{"@id":"https:\/\/www.organisator.ch\/management\/2023-10-24\/strom-gehoert-nun-auf-die-risk-map\/"},"author":{"name":"admin","@id":"https:\/\/www.organisator.ch\/#\/schema\/person\/aa2bace6c5c5aad60102004a50c4eb1c"},"headline":"\u00abStrom geh\u00f6rt nun auf die Risk-Map\u00bb","datePublished":"2023-10-24T04:09:06+00:00","mainEntityOfPage":{"@id":"https:\/\/www.organisator.ch\/management\/2023-10-24\/strom-gehoert-nun-auf-die-risk-map\/"},"wordCount":1452,"publisher":{"@id":"https:\/\/www.organisator.ch\/#organization"},"image":{"@id":"https:\/\/www.organisator.ch\/management\/2023-10-24\/strom-gehoert-nun-auf-die-risk-map\/#primaryimage"},"thumbnailUrl":"https:\/\/www.organisator.ch\/wp-content\/uploads\/2023\/10\/Management_Budliger-Artieda_Bild_organisator_66739.jpg","keywords":["Interview","Personalia","Risikomanagement","Wirtschaftspolitik"],"articleSection":["ABO+","MANAGEMENT"],"inLanguage":"fr-FR"},{"@type":"WebPage","@id":"https:\/\/www.organisator.ch\/management\/2023-10-24\/strom-gehoert-nun-auf-die-risk-map\/","url":"https:\/\/www.organisator.ch\/management\/2023-10-24\/strom-gehoert-nun-auf-die-risk-map\/","name":"\"L'\u00e9lectricit\u00e9 fait d\u00e9sormais partie de la carte des risques\" - Organisateur","isPartOf":{"@id":"https:\/\/www.organisator.ch\/#website"},"primaryImageOfPage":{"@id":"https:\/\/www.organisator.ch\/management\/2023-10-24\/strom-gehoert-nun-auf-die-risk-map\/#primaryimage"},"image":{"@id":"https:\/\/www.organisator.ch\/management\/2023-10-24\/strom-gehoert-nun-auf-die-risk-map\/#primaryimage"},"thumbnailUrl":"https:\/\/www.organisator.ch\/wp-content\/uploads\/2023\/10\/Management_Budliger-Artieda_Bild_organisator_66739.jpg","datePublished":"2023-10-24T04:09:06+00:00","description":"Depuis un peu plus d'un an, Helene Budliger Artieda est la cheffe du Seco. Elle se pr\u00e9occupe de la coh\u00e9sion sociale.","breadcrumb":{"@id":"https:\/\/www.organisator.ch\/management\/2023-10-24\/strom-gehoert-nun-auf-die-risk-map\/#breadcrumb"},"inLanguage":"fr-FR","potentialAction":[{"@type":"ReadAction","target":["https:\/\/www.organisator.ch\/management\/2023-10-24\/strom-gehoert-nun-auf-die-risk-map\/"]}]},{"@type":"ImageObject","inLanguage":"fr-FR","@id":"https:\/\/www.organisator.ch\/management\/2023-10-24\/strom-gehoert-nun-auf-die-risk-map\/#primaryimage","url":"https:\/\/www.organisator.ch\/wp-content\/uploads\/2023\/10\/Management_Budliger-Artieda_Bild_organisator_66739.jpg","contentUrl":"https:\/\/www.organisator.ch\/wp-content\/uploads\/2023\/10\/Management_Budliger-Artieda_Bild_organisator_66739.jpg","width":1214,"height":1174,"caption":"\u00a9 Seco"},{"@type":"BreadcrumbList","@id":"https:\/\/www.organisator.ch\/management\/2023-10-24\/strom-gehoert-nun-auf-die-risk-map\/#breadcrumb","itemListElement":[{"@type":"ListItem","position":1,"name":"Home","item":"https:\/\/www.organisator.ch\/"},{"@type":"ListItem","position":2,"name":"\u00abStrom geh\u00f6rt nun auf die Risk-Map\u00bb"}]},{"@type":"WebSite","@id":"https:\/\/www.organisator.ch\/#website","url":"https:\/\/www.organisator.ch\/","name":"Organisateur","description":"Comp\u00e9tence et comp\u00e9tence. Proches de la pratique. L'ORGANISATEUR pr\u00e9pare 10 num\u00e9ros par an sur les th\u00e8mes essentiels pour les dirigeants de PME.","publisher":{"@id":"https:\/\/www.organisator.ch\/#organization"},"potentialAction":[{"@type":"SearchAction","target":{"@type":"EntryPoint","urlTemplate":"https:\/\/www.organisator.ch\/?s={search_term_string}"},"query-input":{"@type":"PropertyValueSpecification","valueRequired":true,"valueName":"search_term_string"}}],"inLanguage":"fr-FR"},{"@type":"Organization","@id":"https:\/\/www.organisator.ch\/#organization","name":"Organisateur","url":"https:\/\/www.organisator.ch\/","logo":{"@type":"ImageObject","inLanguage":"fr-FR","@id":"https:\/\/www.organisator.ch\/#\/schema\/logo\/image\/","url":"https:\/\/www.organisator.ch\/wp-content\/uploads\/2022\/01\/Logo_Organisator_Website.png","contentUrl":"https:\/\/www.organisator.ch\/wp-content\/uploads\/2022\/01\/Logo_Organisator_Website.png","width":800,"height":77,"caption":"Organisator"},"image":{"@id":"https:\/\/www.organisator.ch\/#\/schema\/logo\/image\/"},"sameAs":["https:\/\/www.facebook.com\/OrganisatorFachmagazin","https:\/\/www.linkedin.com\/showcase\/organisator-das-magazin-fr-kmu","https:\/\/www.xing.com\/news\/pages\/organisator-ch-695","https:\/\/www.youtube.com\/channel\/UCGP2Sq0iWaZwT3BdIAQFYpw"]},{"@type":"Person","@id":"https:\/\/www.organisator.ch\/#\/schema\/person\/aa2bace6c5c5aad60102004a50c4eb1c","name":"admin","image":{"@type":"ImageObject","inLanguage":"fr-FR","@id":"https:\/\/secure.gravatar.com\/avatar\/ae2f4d718e6c49043e314ce431e7e645d646302a24a5ef5a8bc8e3f5a032e319?s=96&d=mm&r=g","url":"https:\/\/secure.gravatar.com\/avatar\/ae2f4d718e6c49043e314ce431e7e645d646302a24a5ef5a8bc8e3f5a032e319?s=96&d=mm&r=g","contentUrl":"https:\/\/secure.gravatar.com\/avatar\/ae2f4d718e6c49043e314ce431e7e645d646302a24a5ef5a8bc8e3f5a032e319?s=96&d=mm&r=g","caption":"admin"},"sameAs":["https:\/\/www.organisator.ch"],"url":"https:\/\/www.organisator.ch\/fr\/author\/admin\/"}]}},"_links":{"self":[{"href":"https:\/\/www.organisator.ch\/fr\/wp-json\/wp\/v2\/posts\/22480","targetHints":{"allow":["GET"]}}],"collection":[{"href":"https:\/\/www.organisator.ch\/fr\/wp-json\/wp\/v2\/posts"}],"about":[{"href":"https:\/\/www.organisator.ch\/fr\/wp-json\/wp\/v2\/types\/post"}],"author":[{"embeddable":true,"href":"https:\/\/www.organisator.ch\/fr\/wp-json\/wp\/v2\/users\/1"}],"replies":[{"embeddable":true,"href":"https:\/\/www.organisator.ch\/fr\/wp-json\/wp\/v2\/comments?post=22480"}],"version-history":[{"count":2,"href":"https:\/\/www.organisator.ch\/fr\/wp-json\/wp\/v2\/posts\/22480\/revisions"}],"predecessor-version":[{"id":22628,"href":"https:\/\/www.organisator.ch\/fr\/wp-json\/wp\/v2\/posts\/22480\/revisions\/22628"}],"wp:featuredmedia":[{"embeddable":true,"href":"https:\/\/www.organisator.ch\/fr\/wp-json\/wp\/v2\/media\/22478"}],"wp:attachment":[{"href":"https:\/\/www.organisator.ch\/fr\/wp-json\/wp\/v2\/media?parent=22480"}],"wp:term":[{"taxonomy":"category","embeddable":true,"href":"https:\/\/www.organisator.ch\/fr\/wp-json\/wp\/v2\/categories?post=22480"},{"taxonomy":"post_tag","embeddable":true,"href":"https:\/\/www.organisator.ch\/fr\/wp-json\/wp\/v2\/tags?post=22480"}],"curies":[{"name":"wp","href":"https:\/\/api.w.org\/{rel}","templated":true}]}}