{"id":22486,"date":"2023-10-24T05:52:39","date_gmt":"2023-10-24T03:52:39","guid":{"rendered":"https:\/\/www.organisator.ch\/de\/?p=22486"},"modified":"2023-10-23T15:57:30","modified_gmt":"2023-10-23T13:57:30","slug":"diversity-als-chance-nutzen-von-inklusion-praktische-wege-finden","status":"publish","type":"post","link":"https:\/\/www.organisator.ch\/fr\/human-resources\/2023-10-24\/diversity-als-chance-nutzen-von-inklusion-praktische-wege-finden\/","title":{"rendered":"La diversit\u00e9 comme opportunit\u00e9, profiter de l'inclusion : trouver des moyens pratiques"},"content":{"rendered":"<div class=\"swpm-post-not-logged-in-msg\">Vous devez \u00eatre connect\u00e9 pour voir ce contenu. Veuillez <a class=\"swpm-login-link\" href=\"https:\/\/www.organisator.ch\/login\/\">Se connecter<\/a>. Pas un membre ? <a href=\"https:\/\/www.organisator.ch\/shop\/\">Nous Rejoindre<\/a><\/div>","protected":false},"excerpt":{"rendered":"<p>\"L'inclusion ne signifie pas seulement que nous pouvons \u00eatre pr\u00e9sents, mais que nous sommes valoris\u00e9s. J'ai toujours dit que les \u00e9quipes intelligentes peuvent r\u00e9aliser des choses \u00e9tonnantes, mais que les \u00e9quipes vraiment diversifi\u00e9es peuvent r\u00e9aliser l'impossible\", a d\u00e9clar\u00e9 Claudia Brind-Woody, vice-pr\u00e9sidente d'IBM.  Les questions qui se posent maintenant sont : \"Quand une \u00e9quipe est-elle diversifi\u00e9e ?\" et \"Comment mesure-t-on l'estime ?<\/p>","protected":false},"author":1,"featured_media":22484,"comment_status":"closed","ping_status":"closed","sticky":false,"template":"","format":"standard","meta":{"_acf_changed":false,"_yoast_wpseo_focuskw":"Diversity","_yoast_wpseo_metadesc":"Beim Thema Diversity & Inclusion stellen sich die Fragen: Wann ist ein Team vielf\u00e4ltig? Und wie misst man Wertsch\u00e4tzung?","articlekey":"67208","footnotes":""},"categories":[578,579],"tags":[3383,254,335],"class_list":["post-22486","post","type-post","status-publish","format-standard","has-post-thumbnail","hentry","category-abo","category-human-resources","tag-diversity-and-inclusion-management","tag-hrm","tag-management-und-unternehmensfuehrung"],"acf":[],"yoast_head":"<!-- This site is optimized with the Yoast SEO plugin v27.5 - https:\/\/yoast.com\/product\/yoast-seo-wordpress\/ -->\n<title>Diversity als Chance, Nutzen von Inklusion: Praktische Wege finden - Organisator<\/title>\n<meta name=\"description\" content=\"Beim Thema Diversity &amp; Inclusion stellen sich die Fragen: Wann ist ein Team vielf\u00e4ltig? Und wie misst man Wertsch\u00e4tzung?\" \/>\n<meta name=\"robots\" content=\"index, follow, max-snippet:-1, max-image-preview:large, max-video-preview:-1\" \/>\n<link rel=\"canonical\" href=\"https:\/\/www.organisator.ch\/fr\/abonnement\/2023-10-24\/diversity-als-chance-nutzen-von-inklusion-praktische-wege-finden\/\" \/>\n<meta property=\"og:locale\" content=\"fr_FR\" \/>\n<meta property=\"og:type\" content=\"article\" \/>\n<meta property=\"og:title\" content=\"Diversity als Chance, Nutzen von Inklusion: Praktische Wege finden - Organisator\" \/>\n<meta property=\"og:description\" content=\"Beim Thema Diversity &amp; Inclusion stellen sich die Fragen: Wann ist ein Team vielf\u00e4ltig? Und wie misst man Wertsch\u00e4tzung?\" \/>\n<meta property=\"og:url\" content=\"https:\/\/www.organisator.ch\/fr\/abonnement\/2023-10-24\/diversity-als-chance-nutzen-von-inklusion-praktische-wege-finden\/\" \/>\n<meta property=\"og:site_name\" content=\"Organisator\" \/>\n<meta property=\"article:publisher\" content=\"https:\/\/www.facebook.com\/OrganisatorFachmagazin\" \/>\n<meta property=\"article:published_time\" content=\"2023-10-24T03:52:39+00:00\" \/>\n<meta property=\"og:image\" content=\"https:\/\/www.organisator.ch\/wp-content\/uploads\/2023\/10\/HRM_HealthMedicalService_Bild_NEU_organisator_69041-scaled.jpg\" \/>\n\t<meta property=\"og:image:width\" content=\"1400\" \/>\n\t<meta property=\"og:image:height\" content=\"758\" \/>\n\t<meta property=\"og:image:type\" content=\"image\/jpeg\" \/>\n<meta name=\"author\" content=\"admin\" \/>\n<meta name=\"twitter:card\" content=\"summary_large_image\" \/>\n<script type=\"application\/ld+json\" class=\"yoast-schema-graph\">{\"@context\":\"https:\\\/\\\/schema.org\",\"@graph\":[{\"@type\":\"Article\",\"@id\":\"https:\\\/\\\/www.organisator.ch\\\/abo\\\/2023-10-24\\\/diversity-als-chance-nutzen-von-inklusion-praktische-wege-finden\\\/#article\",\"isPartOf\":{\"@id\":\"https:\\\/\\\/www.organisator.ch\\\/abo\\\/2023-10-24\\\/diversity-als-chance-nutzen-von-inklusion-praktische-wege-finden\\\/\"},\"author\":{\"name\":\"admin\",\"@id\":\"https:\\\/\\\/www.organisator.ch\\\/#\\\/schema\\\/person\\\/aa2bace6c5c5aad60102004a50c4eb1c\"},\"headline\":\"Diversity als Chance, Nutzen von Inklusion: Praktische Wege finden\",\"datePublished\":\"2023-10-24T03:52:39+00:00\",\"mainEntityOfPage\":{\"@id\":\"https:\\\/\\\/www.organisator.ch\\\/abo\\\/2023-10-24\\\/diversity-als-chance-nutzen-von-inklusion-praktische-wege-finden\\\/\"},\"wordCount\":851,\"publisher\":{\"@id\":\"https:\\\/\\\/www.organisator.ch\\\/#organization\"},\"image\":{\"@id\":\"https:\\\/\\\/www.organisator.ch\\\/abo\\\/2023-10-24\\\/diversity-als-chance-nutzen-von-inklusion-praktische-wege-finden\\\/#primaryimage\"},\"thumbnailUrl\":\"https:\\\/\\\/www.organisator.ch\\\/wp-content\\\/uploads\\\/2023\\\/10\\\/HRM_HealthMedicalService_Bild_NEU_organisator_69041-scaled.jpg\",\"keywords\":[\"Diversity and Inclusion Management\",\"HRM\",\"Management und Unternehmensf\u00fchrung\"],\"articleSection\":[\"ABO+\",\"HUMAN RESOURCES\"],\"inLanguage\":\"fr-FR\"},{\"@type\":\"WebPage\",\"@id\":\"https:\\\/\\\/www.organisator.ch\\\/abo\\\/2023-10-24\\\/diversity-als-chance-nutzen-von-inklusion-praktische-wege-finden\\\/\",\"url\":\"https:\\\/\\\/www.organisator.ch\\\/abo\\\/2023-10-24\\\/diversity-als-chance-nutzen-von-inklusion-praktische-wege-finden\\\/\",\"name\":\"Diversity als Chance, Nutzen von Inklusion: Praktische Wege finden - Organisator\",\"isPartOf\":{\"@id\":\"https:\\\/\\\/www.organisator.ch\\\/#website\"},\"primaryImageOfPage\":{\"@id\":\"https:\\\/\\\/www.organisator.ch\\\/abo\\\/2023-10-24\\\/diversity-als-chance-nutzen-von-inklusion-praktische-wege-finden\\\/#primaryimage\"},\"image\":{\"@id\":\"https:\\\/\\\/www.organisator.ch\\\/abo\\\/2023-10-24\\\/diversity-als-chance-nutzen-von-inklusion-praktische-wege-finden\\\/#primaryimage\"},\"thumbnailUrl\":\"https:\\\/\\\/www.organisator.ch\\\/wp-content\\\/uploads\\\/2023\\\/10\\\/HRM_HealthMedicalService_Bild_NEU_organisator_69041-scaled.jpg\",\"datePublished\":\"2023-10-24T03:52:39+00:00\",\"description\":\"Beim Thema Diversity & Inclusion stellen sich die Fragen: Wann ist ein Team vielf\u00e4ltig? Und wie misst man Wertsch\u00e4tzung?\",\"breadcrumb\":{\"@id\":\"https:\\\/\\\/www.organisator.ch\\\/abo\\\/2023-10-24\\\/diversity-als-chance-nutzen-von-inklusion-praktische-wege-finden\\\/#breadcrumb\"},\"inLanguage\":\"fr-FR\",\"potentialAction\":[{\"@type\":\"ReadAction\",\"target\":[\"https:\\\/\\\/www.organisator.ch\\\/abo\\\/2023-10-24\\\/diversity-als-chance-nutzen-von-inklusion-praktische-wege-finden\\\/\"]}]},{\"@type\":\"ImageObject\",\"inLanguage\":\"fr-FR\",\"@id\":\"https:\\\/\\\/www.organisator.ch\\\/abo\\\/2023-10-24\\\/diversity-als-chance-nutzen-von-inklusion-praktische-wege-finden\\\/#primaryimage\",\"url\":\"https:\\\/\\\/www.organisator.ch\\\/wp-content\\\/uploads\\\/2023\\\/10\\\/HRM_HealthMedicalService_Bild_NEU_organisator_69041-scaled.jpg\",\"contentUrl\":\"https:\\\/\\\/www.organisator.ch\\\/wp-content\\\/uploads\\\/2023\\\/10\\\/HRM_HealthMedicalService_Bild_NEU_organisator_69041-scaled.jpg\",\"width\":1400,\"height\":758,\"caption\":\"Zugeh\u00f6rigkeit: Alle Personen sollen sich als akzeptierte und vollwertige Mitglieder ihres Teams f\u00fchlen. \u00a9 Pixabay.com\"},{\"@type\":\"BreadcrumbList\",\"@id\":\"https:\\\/\\\/www.organisator.ch\\\/abo\\\/2023-10-24\\\/diversity-als-chance-nutzen-von-inklusion-praktische-wege-finden\\\/#breadcrumb\",\"itemListElement\":[{\"@type\":\"ListItem\",\"position\":1,\"name\":\"Home\",\"item\":\"https:\\\/\\\/www.organisator.ch\\\/\"},{\"@type\":\"ListItem\",\"position\":2,\"name\":\"Diversity als Chance, Nutzen von Inklusion: Praktische Wege finden\"}]},{\"@type\":\"WebSite\",\"@id\":\"https:\\\/\\\/www.organisator.ch\\\/#website\",\"url\":\"https:\\\/\\\/www.organisator.ch\\\/\",\"name\":\"Organisator\",\"description\":\"Kompetent. Praxisnah. Der ORGANISATOR bereitet in 10 Ausgaben pro Jahr die wesentlichen Themen f\u00fcr F\u00fchrungskr\u00e4fte von KMU auf.\",\"publisher\":{\"@id\":\"https:\\\/\\\/www.organisator.ch\\\/#organization\"},\"potentialAction\":[{\"@type\":\"SearchAction\",\"target\":{\"@type\":\"EntryPoint\",\"urlTemplate\":\"https:\\\/\\\/www.organisator.ch\\\/?s={search_term_string}\"},\"query-input\":{\"@type\":\"PropertyValueSpecification\",\"valueRequired\":true,\"valueName\":\"search_term_string\"}}],\"inLanguage\":\"fr-FR\"},{\"@type\":\"Organization\",\"@id\":\"https:\\\/\\\/www.organisator.ch\\\/#organization\",\"name\":\"Organisator\",\"url\":\"https:\\\/\\\/www.organisator.ch\\\/\",\"logo\":{\"@type\":\"ImageObject\",\"inLanguage\":\"fr-FR\",\"@id\":\"https:\\\/\\\/www.organisator.ch\\\/#\\\/schema\\\/logo\\\/image\\\/\",\"url\":\"https:\\\/\\\/www.organisator.ch\\\/wp-content\\\/uploads\\\/2022\\\/01\\\/Logo_Organisator_Website.png\",\"contentUrl\":\"https:\\\/\\\/www.organisator.ch\\\/wp-content\\\/uploads\\\/2022\\\/01\\\/Logo_Organisator_Website.png\",\"width\":800,\"height\":77,\"caption\":\"Organisator\"},\"image\":{\"@id\":\"https:\\\/\\\/www.organisator.ch\\\/#\\\/schema\\\/logo\\\/image\\\/\"},\"sameAs\":[\"https:\\\/\\\/www.facebook.com\\\/OrganisatorFachmagazin\",\"https:\\\/\\\/www.linkedin.com\\\/showcase\\\/organisator-das-magazin-fr-kmu\",\"https:\\\/\\\/www.xing.com\\\/news\\\/pages\\\/organisator-ch-695\",\"https:\\\/\\\/www.youtube.com\\\/channel\\\/UCGP2Sq0iWaZwT3BdIAQFYpw\"]},{\"@type\":\"Person\",\"@id\":\"https:\\\/\\\/www.organisator.ch\\\/#\\\/schema\\\/person\\\/aa2bace6c5c5aad60102004a50c4eb1c\",\"name\":\"admin\",\"image\":{\"@type\":\"ImageObject\",\"inLanguage\":\"fr-FR\",\"@id\":\"https:\\\/\\\/secure.gravatar.com\\\/avatar\\\/ae2f4d718e6c49043e314ce431e7e645d646302a24a5ef5a8bc8e3f5a032e319?s=96&d=mm&r=g\",\"url\":\"https:\\\/\\\/secure.gravatar.com\\\/avatar\\\/ae2f4d718e6c49043e314ce431e7e645d646302a24a5ef5a8bc8e3f5a032e319?s=96&d=mm&r=g\",\"contentUrl\":\"https:\\\/\\\/secure.gravatar.com\\\/avatar\\\/ae2f4d718e6c49043e314ce431e7e645d646302a24a5ef5a8bc8e3f5a032e319?s=96&d=mm&r=g\",\"caption\":\"admin\"},\"sameAs\":[\"https:\\\/\\\/www.organisator.ch\"],\"url\":\"https:\\\/\\\/www.organisator.ch\\\/fr\\\/author\\\/admin\\\/\"}]}<\/script>\n<!-- \/ Yoast SEO plugin. -->","yoast_head_json":{"title":"La diversit\u00e9 comme opportunit\u00e9, profiter de l'inclusion : trouver des moyens pratiques - Organisateur","description":"Le th\u00e8me de la diversit\u00e9 et de l'inclusion soul\u00e8ve des questions : quand une \u00e9quipe est-elle diversifi\u00e9e ? Et comment mesure-t-on l'estime ?","robots":{"index":"index","follow":"follow","max-snippet":"max-snippet:-1","max-image-preview":"max-image-preview:large","max-video-preview":"max-video-preview:-1"},"canonical":"https:\/\/www.organisator.ch\/fr\/abonnement\/2023-10-24\/diversity-als-chance-nutzen-von-inklusion-praktische-wege-finden\/","og_locale":"fr_FR","og_type":"article","og_title":"Diversity als Chance, Nutzen von Inklusion: Praktische Wege finden - Organisator","og_description":"Beim Thema Diversity & Inclusion stellen sich die Fragen: Wann ist ein Team vielf\u00e4ltig? Und wie misst man Wertsch\u00e4tzung?","og_url":"https:\/\/www.organisator.ch\/fr\/abonnement\/2023-10-24\/diversity-als-chance-nutzen-von-inklusion-praktische-wege-finden\/","og_site_name":"Organisator","article_publisher":"https:\/\/www.facebook.com\/OrganisatorFachmagazin","article_published_time":"2023-10-24T03:52:39+00:00","og_image":[{"width":1400,"height":758,"url":"https:\/\/www.organisator.ch\/wp-content\/uploads\/2023\/10\/HRM_HealthMedicalService_Bild_NEU_organisator_69041-scaled.jpg","type":"image\/jpeg"}],"author":"admin","twitter_card":"summary_large_image","schema":{"@context":"https:\/\/schema.org","@graph":[{"@type":"Article","@id":"https:\/\/www.organisator.ch\/abo\/2023-10-24\/diversity-als-chance-nutzen-von-inklusion-praktische-wege-finden\/#article","isPartOf":{"@id":"https:\/\/www.organisator.ch\/abo\/2023-10-24\/diversity-als-chance-nutzen-von-inklusion-praktische-wege-finden\/"},"author":{"name":"admin","@id":"https:\/\/www.organisator.ch\/#\/schema\/person\/aa2bace6c5c5aad60102004a50c4eb1c"},"headline":"Diversity als Chance, Nutzen von Inklusion: Praktische Wege finden","datePublished":"2023-10-24T03:52:39+00:00","mainEntityOfPage":{"@id":"https:\/\/www.organisator.ch\/abo\/2023-10-24\/diversity-als-chance-nutzen-von-inklusion-praktische-wege-finden\/"},"wordCount":851,"publisher":{"@id":"https:\/\/www.organisator.ch\/#organization"},"image":{"@id":"https:\/\/www.organisator.ch\/abo\/2023-10-24\/diversity-als-chance-nutzen-von-inklusion-praktische-wege-finden\/#primaryimage"},"thumbnailUrl":"https:\/\/www.organisator.ch\/wp-content\/uploads\/2023\/10\/HRM_HealthMedicalService_Bild_NEU_organisator_69041-scaled.jpg","keywords":["Diversity and Inclusion Management","HRM","Management und Unternehmensf\u00fchrung"],"articleSection":["ABO+","HUMAN RESOURCES"],"inLanguage":"fr-FR"},{"@type":"WebPage","@id":"https:\/\/www.organisator.ch\/abo\/2023-10-24\/diversity-als-chance-nutzen-von-inklusion-praktische-wege-finden\/","url":"https:\/\/www.organisator.ch\/abo\/2023-10-24\/diversity-als-chance-nutzen-von-inklusion-praktische-wege-finden\/","name":"La diversit\u00e9 comme opportunit\u00e9, profiter de l'inclusion : trouver des moyens pratiques - Organisateur","isPartOf":{"@id":"https:\/\/www.organisator.ch\/#website"},"primaryImageOfPage":{"@id":"https:\/\/www.organisator.ch\/abo\/2023-10-24\/diversity-als-chance-nutzen-von-inklusion-praktische-wege-finden\/#primaryimage"},"image":{"@id":"https:\/\/www.organisator.ch\/abo\/2023-10-24\/diversity-als-chance-nutzen-von-inklusion-praktische-wege-finden\/#primaryimage"},"thumbnailUrl":"https:\/\/www.organisator.ch\/wp-content\/uploads\/2023\/10\/HRM_HealthMedicalService_Bild_NEU_organisator_69041-scaled.jpg","datePublished":"2023-10-24T03:52:39+00:00","description":"Le th\u00e8me de la diversit\u00e9 et de l'inclusion soul\u00e8ve des questions : quand une \u00e9quipe est-elle diversifi\u00e9e ? Et comment mesure-t-on l'estime ?","breadcrumb":{"@id":"https:\/\/www.organisator.ch\/abo\/2023-10-24\/diversity-als-chance-nutzen-von-inklusion-praktische-wege-finden\/#breadcrumb"},"inLanguage":"fr-FR","potentialAction":[{"@type":"ReadAction","target":["https:\/\/www.organisator.ch\/abo\/2023-10-24\/diversity-als-chance-nutzen-von-inklusion-praktische-wege-finden\/"]}]},{"@type":"ImageObject","inLanguage":"fr-FR","@id":"https:\/\/www.organisator.ch\/abo\/2023-10-24\/diversity-als-chance-nutzen-von-inklusion-praktische-wege-finden\/#primaryimage","url":"https:\/\/www.organisator.ch\/wp-content\/uploads\/2023\/10\/HRM_HealthMedicalService_Bild_NEU_organisator_69041-scaled.jpg","contentUrl":"https:\/\/www.organisator.ch\/wp-content\/uploads\/2023\/10\/HRM_HealthMedicalService_Bild_NEU_organisator_69041-scaled.jpg","width":1400,"height":758,"caption":"Zugeh\u00f6rigkeit: Alle Personen sollen sich als akzeptierte und vollwertige Mitglieder ihres Teams f\u00fchlen. \u00a9 Pixabay.com"},{"@type":"BreadcrumbList","@id":"https:\/\/www.organisator.ch\/abo\/2023-10-24\/diversity-als-chance-nutzen-von-inklusion-praktische-wege-finden\/#breadcrumb","itemListElement":[{"@type":"ListItem","position":1,"name":"Home","item":"https:\/\/www.organisator.ch\/"},{"@type":"ListItem","position":2,"name":"Diversity als Chance, Nutzen von Inklusion: Praktische Wege finden"}]},{"@type":"WebSite","@id":"https:\/\/www.organisator.ch\/#website","url":"https:\/\/www.organisator.ch\/","name":"Organisateur","description":"Comp\u00e9tence et comp\u00e9tence. Proches de la pratique. L'ORGANISATEUR pr\u00e9pare 10 num\u00e9ros par an sur les th\u00e8mes essentiels pour les dirigeants de PME.","publisher":{"@id":"https:\/\/www.organisator.ch\/#organization"},"potentialAction":[{"@type":"SearchAction","target":{"@type":"EntryPoint","urlTemplate":"https:\/\/www.organisator.ch\/?s={search_term_string}"},"query-input":{"@type":"PropertyValueSpecification","valueRequired":true,"valueName":"search_term_string"}}],"inLanguage":"fr-FR"},{"@type":"Organization","@id":"https:\/\/www.organisator.ch\/#organization","name":"Organisateur","url":"https:\/\/www.organisator.ch\/","logo":{"@type":"ImageObject","inLanguage":"fr-FR","@id":"https:\/\/www.organisator.ch\/#\/schema\/logo\/image\/","url":"https:\/\/www.organisator.ch\/wp-content\/uploads\/2022\/01\/Logo_Organisator_Website.png","contentUrl":"https:\/\/www.organisator.ch\/wp-content\/uploads\/2022\/01\/Logo_Organisator_Website.png","width":800,"height":77,"caption":"Organisator"},"image":{"@id":"https:\/\/www.organisator.ch\/#\/schema\/logo\/image\/"},"sameAs":["https:\/\/www.facebook.com\/OrganisatorFachmagazin","https:\/\/www.linkedin.com\/showcase\/organisator-das-magazin-fr-kmu","https:\/\/www.xing.com\/news\/pages\/organisator-ch-695","https:\/\/www.youtube.com\/channel\/UCGP2Sq0iWaZwT3BdIAQFYpw"]},{"@type":"Person","@id":"https:\/\/www.organisator.ch\/#\/schema\/person\/aa2bace6c5c5aad60102004a50c4eb1c","name":"admin","image":{"@type":"ImageObject","inLanguage":"fr-FR","@id":"https:\/\/secure.gravatar.com\/avatar\/ae2f4d718e6c49043e314ce431e7e645d646302a24a5ef5a8bc8e3f5a032e319?s=96&d=mm&r=g","url":"https:\/\/secure.gravatar.com\/avatar\/ae2f4d718e6c49043e314ce431e7e645d646302a24a5ef5a8bc8e3f5a032e319?s=96&d=mm&r=g","contentUrl":"https:\/\/secure.gravatar.com\/avatar\/ae2f4d718e6c49043e314ce431e7e645d646302a24a5ef5a8bc8e3f5a032e319?s=96&d=mm&r=g","caption":"admin"},"sameAs":["https:\/\/www.organisator.ch"],"url":"https:\/\/www.organisator.ch\/fr\/author\/admin\/"}]}},"_links":{"self":[{"href":"https:\/\/www.organisator.ch\/fr\/wp-json\/wp\/v2\/posts\/22486","targetHints":{"allow":["GET"]}}],"collection":[{"href":"https:\/\/www.organisator.ch\/fr\/wp-json\/wp\/v2\/posts"}],"about":[{"href":"https:\/\/www.organisator.ch\/fr\/wp-json\/wp\/v2\/types\/post"}],"author":[{"embeddable":true,"href":"https:\/\/www.organisator.ch\/fr\/wp-json\/wp\/v2\/users\/1"}],"replies":[{"embeddable":true,"href":"https:\/\/www.organisator.ch\/fr\/wp-json\/wp\/v2\/comments?post=22486"}],"version-history":[{"count":2,"href":"https:\/\/www.organisator.ch\/fr\/wp-json\/wp\/v2\/posts\/22486\/revisions"}],"predecessor-version":[{"id":22623,"href":"https:\/\/www.organisator.ch\/fr\/wp-json\/wp\/v2\/posts\/22486\/revisions\/22623"}],"wp:featuredmedia":[{"embeddable":true,"href":"https:\/\/www.organisator.ch\/fr\/wp-json\/wp\/v2\/media\/22484"}],"wp:attachment":[{"href":"https:\/\/www.organisator.ch\/fr\/wp-json\/wp\/v2\/media?parent=22486"}],"wp:term":[{"taxonomy":"category","embeddable":true,"href":"https:\/\/www.organisator.ch\/fr\/wp-json\/wp\/v2\/categories?post=22486"},{"taxonomy":"post_tag","embeddable":true,"href":"https:\/\/www.organisator.ch\/fr\/wp-json\/wp\/v2\/tags?post=22486"}],"curies":[{"name":"wp","href":"https:\/\/api.w.org\/{rel}","templated":true}]}}