{"id":22493,"date":"2023-10-23T10:12:24","date_gmt":"2023-10-23T08:12:24","guid":{"rendered":"https:\/\/www.organisator.ch\/?p=22493"},"modified":"2023-10-23T10:12:24","modified_gmt":"2023-10-23T08:12:24","slug":"strategische-neuausrichtung-job-suche-in-den-mittelpunkt","status":"publish","type":"post","link":"https:\/\/www.organisator.ch\/fr\/management\/2023-10-23\/strategische-neuausrichtung-job-suche-in-den-mittelpunkt\/","title":{"rendered":"R\u00e9orientation strat\u00e9gique : la recherche d'emploi au centre des pr\u00e9occupations"},"content":{"rendered":"<figure id=\"attachment_22510\" aria-describedby=\"caption-attachment-22510\" style=\"width: 680px\" class=\"wp-caption alignnone\"><img loading=\"lazy\" decoding=\"async\" class=\"wp-image-22510 size-full\" src=\"https:\/\/www.organisator.ch\/wp-content\/uploads\/2023\/10\/XING_Bild2_ps.jpg\" alt=\"\" width=\"680\" height=\"523\" srcset=\"https:\/\/www.organisator.ch\/wp-content\/uploads\/2023\/10\/XING_Bild2_ps.jpg 680w, https:\/\/www.organisator.ch\/wp-content\/uploads\/2023\/10\/XING_Bild2_ps-16x12.jpg 16w, https:\/\/www.organisator.ch\/wp-content\/uploads\/2023\/10\/XING_Bild2_ps-375x288.jpg 375w, https:\/\/www.organisator.ch\/wp-content\/uploads\/2023\/10\/XING_Bild2_ps-455x350.jpg 455w\" sizes=\"auto, (max-width: 680px) 100vw, 680px\" \/><figcaption id=\"caption-attachment-22510\" class=\"wp-caption-text\">XING : la recherche d'emploi de mani\u00e8re intelligente. (Image : www.xing.ch)<\/figcaption><\/figure>\n<p>\"Nous vivons aujourd'hui dans un march\u00e9 de travailleurs o\u00f9 il y a suffisamment de postes vacants mais pas assez de main-d'\u0153uvre. Les travailleurs ont aujourd'hui le choix de l'employeur qu'ils souhaitent rejoindre. En tant que r\u00e9seau d'emploi, notre objectif est de les aider \u00e0 trouver l'emploi qui leur convient vraiment\", explique Thomas Kindler, Managing Director de XING.<\/p>\n<p>L'accent mis \u00e0 l'avenir par XING sur le th\u00e8me de l'emploi se manifeste d\u00e8s l'ouverture de l'application ou du site web de XING. Sur la nouvelle page d'accueil, les utilisateurs sont inspir\u00e9s \u00e0 regarder autour d'eux avec des propositions adapt\u00e9es \u00e0 leurs besoins, m\u00eame s'ils ne sont pas actuellement en recherche active d'emploi. Ainsi, on y trouve \u00e9galement des emplois pour les personnes qui changent d'orientation professionnelle ou des entreprises qui offrent une culture d'entreprise tr\u00e8s particuli\u00e8re. Gr\u00e2ce \u00e0 la nouvelle fonction \"Souhaits d'emploi\", les membres de XING recevront \u00e0 l'avenir des propositions d'emploi personnalis\u00e9es sur la base des pr\u00e9f\u00e9rences et des donn\u00e9es de profil qu'ils auront pr\u00e9alablement indiqu\u00e9es. Les utilisateurs ont ainsi la possibilit\u00e9 d'indiquer de mani\u00e8re encore plus cibl\u00e9e ce qui est important pour eux chez un employeur potentiel ou un nouvel emploi.<\/p>\n<p>Les chercheurs d'emploi actifs peuvent ainsi augmenter jusqu'\u00e0 70% leurs chances de recevoir des recommandations d'emploi qui leur correspondent directement sur XING. Avec plus de 20 000 recruteurs sur la plate-forme, XING n'est pas seulement int\u00e9ressant pour les chercheurs d'emploi actifs, mais offre \u00e9galement des avantages aux chercheurs d'emploi passifs.<\/p>\n<p>Thomas Kindler, Managing Director de XING, se r\u00e9jouit des r\u00e9actions positives des utilisateurs \u00e0 la nouvelle offre : \"Les tests approfondis que nous avons r\u00e9alis\u00e9s en amont du d\u00e9ploiement de la nouvelle page d'accueil de XING montrent que nos membres acceptent la transformation de XING en un r\u00e9seau d'emploi. Le trafic dans la section emploi a doubl\u00e9, les utilisateurs ont postul\u00e9 environ quatre fois plus souvent aux meilleures offres d'emploi et les taux de r\u00e9ponse aux demandes des recruteurs ont \u00e9galement augment\u00e9 d'environ 50 %. La transformation de XING est loin d'\u00eatre termin\u00e9e, mais nous sommes sur la bonne voie\".<\/p>\n<h3><strong>Le march\u00e9 de l'emploi XING<\/strong><\/h3>\n<p>Outre les nombreuses offres d'emploi, les personnes \u00e0 la recherche d'un emploi profitent de pr\u00e9visions salariales directement int\u00e9gr\u00e9es dans les posts d'emploi, d'informations passionnantes sur la culture d'entreprise et d'\u00e9valuations des employeurs. Les membres qui ont enti\u00e8rement rempli leur profil et qui l'actualisent en permanence ont la possibilit\u00e9 de postuler en un seul clic \u00e0 un emploi qui les int\u00e9resse. Le g\u00e9n\u00e9rateur de CV \"Lebenslauf.com\" de la r\u00e9gion DACH est directement impl\u00e9ment\u00e9 sur XING. \u00c0 l'avenir, les personnes \u00e0 la recherche d'un emploi pourront facilement et confortablement reprendre les donn\u00e9es de leur profil XING, choisir l'un des nombreux mod\u00e8les de design, compl\u00e9ter encore des indications et soumettre ensuite avec succ\u00e8s leur candidature avec un CV g\u00e9n\u00e9r\u00e9 automatiquement.<\/p>\n<h3><strong>Le r\u00e9seautage reste possible\u00a0<\/strong><\/h3>\n<p>M\u00eame si la nouvelle orientation strat\u00e9gique de XING met l'accent sur la recherche d'emploi, il est toujours possible de cr\u00e9er un r\u00e9seau et d'\u00e9changer des informations avec les quelque 22 millions de membres. En outre, on y trouve \u00e9galement des articles et des conseils de plus de 250 professionnels et initi\u00e9s exp\u00e9riment\u00e9s sur les th\u00e8mes de la recherche d'emploi, des offres d'emploi, des parcours professionnels et des tendances du march\u00e9 du travail, ainsi que les tr\u00e8s populaires XING-News, qui tiennent les personnes int\u00e9ress\u00e9es au courant des nouveaux d\u00e9veloppements dans certains secteurs.<\/p>\n<p>Thomas Kindler r\u00e9sume parfaitement les avantages de XING : \"Il existe de nombreuses plates-formes d'emploi, mais un seul r\u00e9seau d'emploi, et c'est XING. Nous offrons \u00e0 nos utilisateurs une plate-forme sur laquelle ils peuvent trouver des emplois int\u00e9ressants et, en m\u00eame temps, \u00eatre trouv\u00e9s par des entreprises passionnantes et des recruteurs de premier plan. Nous les aidons \u00e0 postuler facilement \u00e0 des emplois int\u00e9ressants et nous continuons bien s\u00fbr \u00e0 encourager les \u00e9changes entre nous\".<\/p>\n<p><em>Source : <a href=\"https:\/\/www.xing.com\/\">www.xing.ch\u00a0<\/a><\/em><\/p>","protected":false},"excerpt":{"rendered":"<p>XING se transforme d'un r\u00e9seau professionnel g\u00e9n\u00e9ral en un r\u00e9seau d'emploi. Avec cette r\u00e9orientation strat\u00e9gique, XING r\u00e9agit, dans sa 20e ann\u00e9e d'existence, \u00e0 une situation de march\u00e9 modifi\u00e9e par le changement d\u00e9mographique et la p\u00e9nurie de main-d'\u0153uvre qualifi\u00e9e. <\/p>","protected":false},"author":58,"featured_media":22510,"comment_status":"closed","ping_status":"closed","sticky":false,"template":"","format":"standard","meta":{"_acf_changed":false,"_yoast_wpseo_focuskw":"Job-Suche","_yoast_wpseo_metadesc":"XING transformiert sich von einem allgemeinen beruflichen Netzwerk zu einem Jobs-Netzwerk. Der Grund: eine ver\u00e4nderte Marktsituation.","articlekey":"","footnotes":""},"categories":[28],"tags":[156,194,1463,334],"class_list":["post-22493","post","type-post","status-publish","format-standard","has-post-thumbnail","hentry","category-management","tag-digitalisierung","tag-fachkraeftemangel","tag-job","tag-management"],"acf":[],"yoast_head":"<!-- This site is optimized with the Yoast SEO plugin v27.5 - https:\/\/yoast.com\/product\/yoast-seo-wordpress\/ -->\n<title>Strategische Neuausrichtung: Job-Suche in den Mittelpunkt - Organisator<\/title>\n<meta name=\"description\" content=\"XING transformiert sich von einem allgemeinen beruflichen Netzwerk zu einem Jobs-Netzwerk. Der Grund: eine ver\u00e4nderte Marktsituation.\" \/>\n<meta name=\"robots\" content=\"index, follow, max-snippet:-1, max-image-preview:large, max-video-preview:-1\" \/>\n<link rel=\"canonical\" href=\"https:\/\/www.organisator.ch\/fr\/gestion-2\/2023-10-23\/strategische-neuausrichtung-job-suche-in-den-mittelpunkt\/\" \/>\n<meta property=\"og:locale\" content=\"fr_FR\" \/>\n<meta property=\"og:type\" content=\"article\" \/>\n<meta property=\"og:title\" content=\"Strategische Neuausrichtung: Job-Suche in den Mittelpunkt\" \/>\n<meta property=\"og:description\" content=\"XING transformiert sich von einem allgemeinen beruflichen Netzwerk zu einem Jobs-Netzwerk. Der Grund: eine ver\u00e4nderte Marktsituation.\" \/>\n<meta property=\"og:url\" content=\"https:\/\/www.organisator.ch\/fr\/gestion-2\/2023-10-23\/strategische-neuausrichtung-job-suche-in-den-mittelpunkt\/\" \/>\n<meta property=\"og:site_name\" content=\"Organisator\" \/>\n<meta property=\"article:publisher\" content=\"https:\/\/www.facebook.com\/OrganisatorFachmagazin\" \/>\n<meta property=\"article:published_time\" content=\"2023-10-23T08:12:24+00:00\" \/>\n<meta property=\"og:image\" content=\"https:\/\/www.organisator.ch\/wp-content\/uploads\/2023\/10\/XING_Bild2_ps.jpg\" \/>\n\t<meta property=\"og:image:width\" content=\"680\" \/>\n\t<meta property=\"og:image:height\" content=\"523\" \/>\n\t<meta property=\"og:image:type\" content=\"image\/jpeg\" \/>\n<meta name=\"author\" content=\"Adelisa Kalajdzini\" \/>\n<meta name=\"twitter:card\" content=\"summary_large_image\" \/>\n<meta name=\"twitter:title\" content=\"Strategische Neuausrichtung: Job-Suche in den Mittelpunkt\" \/>\n<meta name=\"twitter:description\" content=\"#XING transformiert sich von einem allgemeinen beruflichen #Netzwerk zu einem #Jobs-Netzwerk. Der Grund: eine ver\u00e4nderte #Marktsituation.\" \/>\n<meta name=\"twitter:image\" content=\"https:\/\/www.organisator.ch\/wp-content\/uploads\/2023\/10\/XING_Bild2_ps.jpg\" \/>\n<script type=\"application\/ld+json\" class=\"yoast-schema-graph\">{\"@context\":\"https:\\\/\\\/schema.org\",\"@graph\":[{\"@type\":\"Article\",\"@id\":\"https:\\\/\\\/www.organisator.ch\\\/management\\\/2023-10-23\\\/strategische-neuausrichtung-job-suche-in-den-mittelpunkt\\\/#article\",\"isPartOf\":{\"@id\":\"https:\\\/\\\/www.organisator.ch\\\/management\\\/2023-10-23\\\/strategische-neuausrichtung-job-suche-in-den-mittelpunkt\\\/\"},\"author\":{\"name\":\"Adelisa Kalajdzini\",\"@id\":\"https:\\\/\\\/www.organisator.ch\\\/#\\\/schema\\\/person\\\/2e1314a2172123f874db408d8911d3f3\"},\"headline\":\"Strategische Neuausrichtung: Job-Suche in den Mittelpunkt\",\"datePublished\":\"2023-10-23T08:12:24+00:00\",\"mainEntityOfPage\":{\"@id\":\"https:\\\/\\\/www.organisator.ch\\\/management\\\/2023-10-23\\\/strategische-neuausrichtung-job-suche-in-den-mittelpunkt\\\/\"},\"wordCount\":576,\"publisher\":{\"@id\":\"https:\\\/\\\/www.organisator.ch\\\/#organization\"},\"image\":{\"@id\":\"https:\\\/\\\/www.organisator.ch\\\/management\\\/2023-10-23\\\/strategische-neuausrichtung-job-suche-in-den-mittelpunkt\\\/#primaryimage\"},\"thumbnailUrl\":\"https:\\\/\\\/www.organisator.ch\\\/wp-content\\\/uploads\\\/2023\\\/10\\\/XING_Bild2_ps.jpg\",\"keywords\":[\"Digitalisierung\",\"Fachkr\u00e4ftemangel\",\"Job\",\"Management\"],\"articleSection\":[\"MANAGEMENT\"],\"inLanguage\":\"fr-FR\"},{\"@type\":\"WebPage\",\"@id\":\"https:\\\/\\\/www.organisator.ch\\\/management\\\/2023-10-23\\\/strategische-neuausrichtung-job-suche-in-den-mittelpunkt\\\/\",\"url\":\"https:\\\/\\\/www.organisator.ch\\\/management\\\/2023-10-23\\\/strategische-neuausrichtung-job-suche-in-den-mittelpunkt\\\/\",\"name\":\"Strategische Neuausrichtung: Job-Suche in den Mittelpunkt - Organisator\",\"isPartOf\":{\"@id\":\"https:\\\/\\\/www.organisator.ch\\\/#website\"},\"primaryImageOfPage\":{\"@id\":\"https:\\\/\\\/www.organisator.ch\\\/management\\\/2023-10-23\\\/strategische-neuausrichtung-job-suche-in-den-mittelpunkt\\\/#primaryimage\"},\"image\":{\"@id\":\"https:\\\/\\\/www.organisator.ch\\\/management\\\/2023-10-23\\\/strategische-neuausrichtung-job-suche-in-den-mittelpunkt\\\/#primaryimage\"},\"thumbnailUrl\":\"https:\\\/\\\/www.organisator.ch\\\/wp-content\\\/uploads\\\/2023\\\/10\\\/XING_Bild2_ps.jpg\",\"datePublished\":\"2023-10-23T08:12:24+00:00\",\"description\":\"XING transformiert sich von einem allgemeinen beruflichen Netzwerk zu einem Jobs-Netzwerk. Der Grund: eine ver\u00e4nderte Marktsituation.\",\"breadcrumb\":{\"@id\":\"https:\\\/\\\/www.organisator.ch\\\/management\\\/2023-10-23\\\/strategische-neuausrichtung-job-suche-in-den-mittelpunkt\\\/#breadcrumb\"},\"inLanguage\":\"fr-FR\",\"potentialAction\":[{\"@type\":\"ReadAction\",\"target\":[\"https:\\\/\\\/www.organisator.ch\\\/management\\\/2023-10-23\\\/strategische-neuausrichtung-job-suche-in-den-mittelpunkt\\\/\"]}]},{\"@type\":\"ImageObject\",\"inLanguage\":\"fr-FR\",\"@id\":\"https:\\\/\\\/www.organisator.ch\\\/management\\\/2023-10-23\\\/strategische-neuausrichtung-job-suche-in-den-mittelpunkt\\\/#primaryimage\",\"url\":\"https:\\\/\\\/www.organisator.ch\\\/wp-content\\\/uploads\\\/2023\\\/10\\\/XING_Bild2_ps.jpg\",\"contentUrl\":\"https:\\\/\\\/www.organisator.ch\\\/wp-content\\\/uploads\\\/2023\\\/10\\\/XING_Bild2_ps.jpg\",\"width\":680,\"height\":523,\"caption\":\"XING: Entdecke Jobs auf die smarte Art. (Bild: www.xing.ch)\"},{\"@type\":\"BreadcrumbList\",\"@id\":\"https:\\\/\\\/www.organisator.ch\\\/management\\\/2023-10-23\\\/strategische-neuausrichtung-job-suche-in-den-mittelpunkt\\\/#breadcrumb\",\"itemListElement\":[{\"@type\":\"ListItem\",\"position\":1,\"name\":\"Home\",\"item\":\"https:\\\/\\\/www.organisator.ch\\\/\"},{\"@type\":\"ListItem\",\"position\":2,\"name\":\"Strategische Neuausrichtung: Job-Suche in den Mittelpunkt\"}]},{\"@type\":\"WebSite\",\"@id\":\"https:\\\/\\\/www.organisator.ch\\\/#website\",\"url\":\"https:\\\/\\\/www.organisator.ch\\\/\",\"name\":\"Organisator\",\"description\":\"Kompetent. Praxisnah. Der ORGANISATOR bereitet in 10 Ausgaben pro Jahr die wesentlichen Themen f\u00fcr F\u00fchrungskr\u00e4fte von KMU auf.\",\"publisher\":{\"@id\":\"https:\\\/\\\/www.organisator.ch\\\/#organization\"},\"potentialAction\":[{\"@type\":\"SearchAction\",\"target\":{\"@type\":\"EntryPoint\",\"urlTemplate\":\"https:\\\/\\\/www.organisator.ch\\\/?s={search_term_string}\"},\"query-input\":{\"@type\":\"PropertyValueSpecification\",\"valueRequired\":true,\"valueName\":\"search_term_string\"}}],\"inLanguage\":\"fr-FR\"},{\"@type\":\"Organization\",\"@id\":\"https:\\\/\\\/www.organisator.ch\\\/#organization\",\"name\":\"Organisator\",\"url\":\"https:\\\/\\\/www.organisator.ch\\\/\",\"logo\":{\"@type\":\"ImageObject\",\"inLanguage\":\"fr-FR\",\"@id\":\"https:\\\/\\\/www.organisator.ch\\\/#\\\/schema\\\/logo\\\/image\\\/\",\"url\":\"https:\\\/\\\/www.organisator.ch\\\/wp-content\\\/uploads\\\/2022\\\/01\\\/Logo_Organisator_Website.png\",\"contentUrl\":\"https:\\\/\\\/www.organisator.ch\\\/wp-content\\\/uploads\\\/2022\\\/01\\\/Logo_Organisator_Website.png\",\"width\":800,\"height\":77,\"caption\":\"Organisator\"},\"image\":{\"@id\":\"https:\\\/\\\/www.organisator.ch\\\/#\\\/schema\\\/logo\\\/image\\\/\"},\"sameAs\":[\"https:\\\/\\\/www.facebook.com\\\/OrganisatorFachmagazin\",\"https:\\\/\\\/www.linkedin.com\\\/showcase\\\/organisator-das-magazin-fr-kmu\",\"https:\\\/\\\/www.xing.com\\\/news\\\/pages\\\/organisator-ch-695\",\"https:\\\/\\\/www.youtube.com\\\/channel\\\/UCGP2Sq0iWaZwT3BdIAQFYpw\"]},{\"@type\":\"Person\",\"@id\":\"https:\\\/\\\/www.organisator.ch\\\/#\\\/schema\\\/person\\\/2e1314a2172123f874db408d8911d3f3\",\"name\":\"Adelisa Kalajdzini\",\"image\":{\"@type\":\"ImageObject\",\"inLanguage\":\"fr-FR\",\"@id\":\"https:\\\/\\\/secure.gravatar.com\\\/avatar\\\/09a397c22ac58cad6f160ee8306348599df9df58a8ede73696226897b9fa4b24?s=96&d=mm&r=g\",\"url\":\"https:\\\/\\\/secure.gravatar.com\\\/avatar\\\/09a397c22ac58cad6f160ee8306348599df9df58a8ede73696226897b9fa4b24?s=96&d=mm&r=g\",\"contentUrl\":\"https:\\\/\\\/secure.gravatar.com\\\/avatar\\\/09a397c22ac58cad6f160ee8306348599df9df58a8ede73696226897b9fa4b24?s=96&d=mm&r=g\",\"caption\":\"Adelisa Kalajdzini\"},\"url\":\"https:\\\/\\\/www.organisator.ch\\\/fr\\\/author\\\/adelisa-kalajdzini\\\/\"}]}<\/script>\n<!-- \/ Yoast SEO plugin. -->","yoast_head_json":{"title":"R\u00e9orientation strat\u00e9gique : la recherche d'emploi au centre - Organisateur","description":"XING se transforme d'un r\u00e9seau professionnel g\u00e9n\u00e9ral en un r\u00e9seau d'emploi. La raison : un changement de la situation du march\u00e9.","robots":{"index":"index","follow":"follow","max-snippet":"max-snippet:-1","max-image-preview":"max-image-preview:large","max-video-preview":"max-video-preview:-1"},"canonical":"https:\/\/www.organisator.ch\/fr\/gestion-2\/2023-10-23\/strategische-neuausrichtung-job-suche-in-den-mittelpunkt\/","og_locale":"fr_FR","og_type":"article","og_title":"Strategische Neuausrichtung: Job-Suche in den Mittelpunkt","og_description":"XING transformiert sich von einem allgemeinen beruflichen Netzwerk zu einem Jobs-Netzwerk. Der Grund: eine ver\u00e4nderte Marktsituation.","og_url":"https:\/\/www.organisator.ch\/fr\/gestion-2\/2023-10-23\/strategische-neuausrichtung-job-suche-in-den-mittelpunkt\/","og_site_name":"Organisator","article_publisher":"https:\/\/www.facebook.com\/OrganisatorFachmagazin","article_published_time":"2023-10-23T08:12:24+00:00","og_image":[{"width":680,"height":523,"url":"https:\/\/www.organisator.ch\/wp-content\/uploads\/2023\/10\/XING_Bild2_ps.jpg","type":"image\/jpeg"}],"author":"Adelisa Kalajdzini","twitter_card":"summary_large_image","twitter_title":"Strategische Neuausrichtung: Job-Suche in den Mittelpunkt","twitter_description":"#XING transformiert sich von einem allgemeinen beruflichen #Netzwerk zu einem #Jobs-Netzwerk. Der Grund: eine ver\u00e4nderte #Marktsituation.","twitter_image":"https:\/\/www.organisator.ch\/wp-content\/uploads\/2023\/10\/XING_Bild2_ps.jpg","schema":{"@context":"https:\/\/schema.org","@graph":[{"@type":"Article","@id":"https:\/\/www.organisator.ch\/management\/2023-10-23\/strategische-neuausrichtung-job-suche-in-den-mittelpunkt\/#article","isPartOf":{"@id":"https:\/\/www.organisator.ch\/management\/2023-10-23\/strategische-neuausrichtung-job-suche-in-den-mittelpunkt\/"},"author":{"name":"Adelisa Kalajdzini","@id":"https:\/\/www.organisator.ch\/#\/schema\/person\/2e1314a2172123f874db408d8911d3f3"},"headline":"Strategische Neuausrichtung: Job-Suche in den Mittelpunkt","datePublished":"2023-10-23T08:12:24+00:00","mainEntityOfPage":{"@id":"https:\/\/www.organisator.ch\/management\/2023-10-23\/strategische-neuausrichtung-job-suche-in-den-mittelpunkt\/"},"wordCount":576,"publisher":{"@id":"https:\/\/www.organisator.ch\/#organization"},"image":{"@id":"https:\/\/www.organisator.ch\/management\/2023-10-23\/strategische-neuausrichtung-job-suche-in-den-mittelpunkt\/#primaryimage"},"thumbnailUrl":"https:\/\/www.organisator.ch\/wp-content\/uploads\/2023\/10\/XING_Bild2_ps.jpg","keywords":["Digitalisierung","Fachkr\u00e4ftemangel","Job","Management"],"articleSection":["MANAGEMENT"],"inLanguage":"fr-FR"},{"@type":"WebPage","@id":"https:\/\/www.organisator.ch\/management\/2023-10-23\/strategische-neuausrichtung-job-suche-in-den-mittelpunkt\/","url":"https:\/\/www.organisator.ch\/management\/2023-10-23\/strategische-neuausrichtung-job-suche-in-den-mittelpunkt\/","name":"R\u00e9orientation strat\u00e9gique : la recherche d'emploi au centre - Organisateur","isPartOf":{"@id":"https:\/\/www.organisator.ch\/#website"},"primaryImageOfPage":{"@id":"https:\/\/www.organisator.ch\/management\/2023-10-23\/strategische-neuausrichtung-job-suche-in-den-mittelpunkt\/#primaryimage"},"image":{"@id":"https:\/\/www.organisator.ch\/management\/2023-10-23\/strategische-neuausrichtung-job-suche-in-den-mittelpunkt\/#primaryimage"},"thumbnailUrl":"https:\/\/www.organisator.ch\/wp-content\/uploads\/2023\/10\/XING_Bild2_ps.jpg","datePublished":"2023-10-23T08:12:24+00:00","description":"XING se transforme d'un r\u00e9seau professionnel g\u00e9n\u00e9ral en un r\u00e9seau d'emploi. La raison : un changement de la situation du march\u00e9.","breadcrumb":{"@id":"https:\/\/www.organisator.ch\/management\/2023-10-23\/strategische-neuausrichtung-job-suche-in-den-mittelpunkt\/#breadcrumb"},"inLanguage":"fr-FR","potentialAction":[{"@type":"ReadAction","target":["https:\/\/www.organisator.ch\/management\/2023-10-23\/strategische-neuausrichtung-job-suche-in-den-mittelpunkt\/"]}]},{"@type":"ImageObject","inLanguage":"fr-FR","@id":"https:\/\/www.organisator.ch\/management\/2023-10-23\/strategische-neuausrichtung-job-suche-in-den-mittelpunkt\/#primaryimage","url":"https:\/\/www.organisator.ch\/wp-content\/uploads\/2023\/10\/XING_Bild2_ps.jpg","contentUrl":"https:\/\/www.organisator.ch\/wp-content\/uploads\/2023\/10\/XING_Bild2_ps.jpg","width":680,"height":523,"caption":"XING: Entdecke Jobs auf die smarte Art. (Bild: www.xing.ch)"},{"@type":"BreadcrumbList","@id":"https:\/\/www.organisator.ch\/management\/2023-10-23\/strategische-neuausrichtung-job-suche-in-den-mittelpunkt\/#breadcrumb","itemListElement":[{"@type":"ListItem","position":1,"name":"Home","item":"https:\/\/www.organisator.ch\/"},{"@type":"ListItem","position":2,"name":"Strategische Neuausrichtung: Job-Suche in den Mittelpunkt"}]},{"@type":"WebSite","@id":"https:\/\/www.organisator.ch\/#website","url":"https:\/\/www.organisator.ch\/","name":"Organisateur","description":"Comp\u00e9tence et comp\u00e9tence. Proches de la pratique. L'ORGANISATEUR pr\u00e9pare 10 num\u00e9ros par an sur les th\u00e8mes essentiels pour les dirigeants de PME.","publisher":{"@id":"https:\/\/www.organisator.ch\/#organization"},"potentialAction":[{"@type":"SearchAction","target":{"@type":"EntryPoint","urlTemplate":"https:\/\/www.organisator.ch\/?s={search_term_string}"},"query-input":{"@type":"PropertyValueSpecification","valueRequired":true,"valueName":"search_term_string"}}],"inLanguage":"fr-FR"},{"@type":"Organization","@id":"https:\/\/www.organisator.ch\/#organization","name":"Organisateur","url":"https:\/\/www.organisator.ch\/","logo":{"@type":"ImageObject","inLanguage":"fr-FR","@id":"https:\/\/www.organisator.ch\/#\/schema\/logo\/image\/","url":"https:\/\/www.organisator.ch\/wp-content\/uploads\/2022\/01\/Logo_Organisator_Website.png","contentUrl":"https:\/\/www.organisator.ch\/wp-content\/uploads\/2022\/01\/Logo_Organisator_Website.png","width":800,"height":77,"caption":"Organisator"},"image":{"@id":"https:\/\/www.organisator.ch\/#\/schema\/logo\/image\/"},"sameAs":["https:\/\/www.facebook.com\/OrganisatorFachmagazin","https:\/\/www.linkedin.com\/showcase\/organisator-das-magazin-fr-kmu","https:\/\/www.xing.com\/news\/pages\/organisator-ch-695","https:\/\/www.youtube.com\/channel\/UCGP2Sq0iWaZwT3BdIAQFYpw"]},{"@type":"Person","@id":"https:\/\/www.organisator.ch\/#\/schema\/person\/2e1314a2172123f874db408d8911d3f3","name":"Adelisa Kalajdzini","image":{"@type":"ImageObject","inLanguage":"fr-FR","@id":"https:\/\/secure.gravatar.com\/avatar\/09a397c22ac58cad6f160ee8306348599df9df58a8ede73696226897b9fa4b24?s=96&d=mm&r=g","url":"https:\/\/secure.gravatar.com\/avatar\/09a397c22ac58cad6f160ee8306348599df9df58a8ede73696226897b9fa4b24?s=96&d=mm&r=g","contentUrl":"https:\/\/secure.gravatar.com\/avatar\/09a397c22ac58cad6f160ee8306348599df9df58a8ede73696226897b9fa4b24?s=96&d=mm&r=g","caption":"Adelisa Kalajdzini"},"url":"https:\/\/www.organisator.ch\/fr\/author\/adelisa-kalajdzini\/"}]}},"_links":{"self":[{"href":"https:\/\/www.organisator.ch\/fr\/wp-json\/wp\/v2\/posts\/22493","targetHints":{"allow":["GET"]}}],"collection":[{"href":"https:\/\/www.organisator.ch\/fr\/wp-json\/wp\/v2\/posts"}],"about":[{"href":"https:\/\/www.organisator.ch\/fr\/wp-json\/wp\/v2\/types\/post"}],"author":[{"embeddable":true,"href":"https:\/\/www.organisator.ch\/fr\/wp-json\/wp\/v2\/users\/58"}],"replies":[{"embeddable":true,"href":"https:\/\/www.organisator.ch\/fr\/wp-json\/wp\/v2\/comments?post=22493"}],"version-history":[{"count":5,"href":"https:\/\/www.organisator.ch\/fr\/wp-json\/wp\/v2\/posts\/22493\/revisions"}],"predecessor-version":[{"id":22515,"href":"https:\/\/www.organisator.ch\/fr\/wp-json\/wp\/v2\/posts\/22493\/revisions\/22515"}],"wp:featuredmedia":[{"embeddable":true,"href":"https:\/\/www.organisator.ch\/fr\/wp-json\/wp\/v2\/media\/22510"}],"wp:attachment":[{"href":"https:\/\/www.organisator.ch\/fr\/wp-json\/wp\/v2\/media?parent=22493"}],"wp:term":[{"taxonomy":"category","embeddable":true,"href":"https:\/\/www.organisator.ch\/fr\/wp-json\/wp\/v2\/categories?post=22493"},{"taxonomy":"post_tag","embeddable":true,"href":"https:\/\/www.organisator.ch\/fr\/wp-json\/wp\/v2\/tags?post=22493"}],"curies":[{"name":"wp","href":"https:\/\/api.w.org\/{rel}","templated":true}]}}