{"id":22506,"date":"2023-10-23T20:45:02","date_gmt":"2023-10-23T18:45:02","guid":{"rendered":"https:\/\/www.organisator.ch\/de\/?p=22506"},"modified":"2023-10-23T10:54:24","modified_gmt":"2023-10-23T08:54:24","slug":"ich-sehe-teilweise-echte-kreativlosigkeit","status":"publish","type":"post","link":"https:\/\/www.organisator.ch\/fr\/human-resources\/2023-10-23\/ich-sehe-teilweise-echte-kreativlosigkeit\/","title":{"rendered":"\"Je constate parfois un v\u00e9ritable manque de cr\u00e9ativit\u00e9\""},"content":{"rendered":"<div class=\"swpm-post-not-logged-in-msg\">Vous devez \u00eatre connect\u00e9 pour voir ce contenu. Veuillez <a class=\"swpm-login-link\" href=\"https:\/\/www.organisator.ch\/login\/\">Se connecter<\/a>. Pas un membre ? <a href=\"https:\/\/www.organisator.ch\/shop\/\">Nous Rejoindre<\/a><\/div>","protected":false},"excerpt":{"rendered":"<p>Elle ne m\u00e2che pas ses mots lorsqu'il s'agit de diversit\u00e9 et d'inclusion : Gazelle Vollhase. Elle travaille depuis dix ans dans le recrutement et, en tant que cr\u00e9atrice de contenu sur TikTok, Instagram ou LinkedIn, elle met le doigt sur les points sensibles en mati\u00e8re de trans-identit\u00e9 ou de langage inclusif.<\/p>","protected":false},"author":1,"featured_media":22529,"comment_status":"closed","ping_status":"closed","sticky":false,"template":"","format":"standard","meta":{"_acf_changed":false,"_yoast_wpseo_focuskw":"Kreativlosigkeit","_yoast_wpseo_metadesc":"Gazelle Vollhase nimmt kein Blatt vor den Mund, wenn es um Diversity und Inklusion geht. Und sie ortet diesbez\u00fcglich viel Kreativlosigkeit.","articlekey":"65916","footnotes":""},"categories":[578,579],"tags":[3383,254,335,407],"class_list":["post-22506","post","type-post","status-publish","format-standard","has-post-thumbnail","hentry","category-abo","category-human-resources","tag-diversity-and-inclusion-management","tag-hrm","tag-management-und-unternehmensfuehrung","tag-recruiting"],"acf":[],"yoast_head":"<!-- This site is optimized with the Yoast SEO plugin v27.5 - https:\/\/yoast.com\/product\/yoast-seo-wordpress\/ -->\n<title>\u00abIch sehe teilweise echte Kreativlosigkeit\u00bb - Organisator<\/title>\n<meta name=\"description\" content=\"Gazelle Vollhase nimmt kein Blatt vor den Mund, wenn es um Diversity und Inklusion geht. Und sie ortet diesbez\u00fcglich viel Kreativlosigkeit.\" \/>\n<meta name=\"robots\" content=\"index, follow, max-snippet:-1, max-image-preview:large, max-video-preview:-1\" \/>\n<link rel=\"canonical\" href=\"https:\/\/www.organisator.ch\/fr\/abonnement\/2023-10-23\/ich-sehe-teilweise-echte-kreativlosigkeit\/\" \/>\n<meta property=\"og:locale\" content=\"fr_FR\" \/>\n<meta property=\"og:type\" content=\"article\" \/>\n<meta property=\"og:title\" content=\"\u00abIch sehe teilweise echte Kreativlosigkeit\u00bb - Organisator\" \/>\n<meta property=\"og:description\" content=\"Gazelle Vollhase nimmt kein Blatt vor den Mund, wenn es um Diversity und Inklusion geht. Und sie ortet diesbez\u00fcglich viel Kreativlosigkeit.\" \/>\n<meta property=\"og:url\" content=\"https:\/\/www.organisator.ch\/fr\/abonnement\/2023-10-23\/ich-sehe-teilweise-echte-kreativlosigkeit\/\" \/>\n<meta property=\"og:site_name\" content=\"Organisator\" \/>\n<meta property=\"article:publisher\" content=\"https:\/\/www.facebook.com\/OrganisatorFachmagazin\" \/>\n<meta property=\"article:published_time\" content=\"2023-10-23T18:45:02+00:00\" \/>\n<meta property=\"og:image\" content=\"https:\/\/www.organisator.ch\/wp-content\/uploads\/2023\/10\/HRM_Gazelle-Vollhase_Bild_web.jpg\" \/>\n\t<meta property=\"og:image:width\" content=\"680\" \/>\n\t<meta property=\"og:image:height\" content=\"494\" \/>\n\t<meta property=\"og:image:type\" content=\"image\/jpeg\" \/>\n<meta name=\"author\" content=\"admin\" \/>\n<meta name=\"twitter:card\" content=\"summary_large_image\" \/>\n<script type=\"application\/ld+json\" class=\"yoast-schema-graph\">{\"@context\":\"https:\\\/\\\/schema.org\",\"@graph\":[{\"@type\":\"Article\",\"@id\":\"https:\\\/\\\/www.organisator.ch\\\/abo\\\/2023-10-23\\\/ich-sehe-teilweise-echte-kreativlosigkeit\\\/#article\",\"isPartOf\":{\"@id\":\"https:\\\/\\\/www.organisator.ch\\\/abo\\\/2023-10-23\\\/ich-sehe-teilweise-echte-kreativlosigkeit\\\/\"},\"author\":{\"name\":\"admin\",\"@id\":\"https:\\\/\\\/www.organisator.ch\\\/#\\\/schema\\\/person\\\/aa2bace6c5c5aad60102004a50c4eb1c\"},\"headline\":\"\u00abIch sehe teilweise echte Kreativlosigkeit\u00bb\",\"datePublished\":\"2023-10-23T18:45:02+00:00\",\"mainEntityOfPage\":{\"@id\":\"https:\\\/\\\/www.organisator.ch\\\/abo\\\/2023-10-23\\\/ich-sehe-teilweise-echte-kreativlosigkeit\\\/\"},\"wordCount\":2037,\"publisher\":{\"@id\":\"https:\\\/\\\/www.organisator.ch\\\/#organization\"},\"image\":{\"@id\":\"https:\\\/\\\/www.organisator.ch\\\/abo\\\/2023-10-23\\\/ich-sehe-teilweise-echte-kreativlosigkeit\\\/#primaryimage\"},\"thumbnailUrl\":\"https:\\\/\\\/www.organisator.ch\\\/wp-content\\\/uploads\\\/2023\\\/10\\\/HRM_Gazelle-Vollhase_Bild_web.jpg\",\"keywords\":[\"Diversity and Inclusion Management\",\"HRM\",\"Management und Unternehmensf\u00fchrung\",\"Recruiting\"],\"articleSection\":[\"ABO+\",\"HUMAN RESOURCES\"],\"inLanguage\":\"fr-FR\"},{\"@type\":\"WebPage\",\"@id\":\"https:\\\/\\\/www.organisator.ch\\\/abo\\\/2023-10-23\\\/ich-sehe-teilweise-echte-kreativlosigkeit\\\/\",\"url\":\"https:\\\/\\\/www.organisator.ch\\\/abo\\\/2023-10-23\\\/ich-sehe-teilweise-echte-kreativlosigkeit\\\/\",\"name\":\"\u00abIch sehe teilweise echte Kreativlosigkeit\u00bb - Organisator\",\"isPartOf\":{\"@id\":\"https:\\\/\\\/www.organisator.ch\\\/#website\"},\"primaryImageOfPage\":{\"@id\":\"https:\\\/\\\/www.organisator.ch\\\/abo\\\/2023-10-23\\\/ich-sehe-teilweise-echte-kreativlosigkeit\\\/#primaryimage\"},\"image\":{\"@id\":\"https:\\\/\\\/www.organisator.ch\\\/abo\\\/2023-10-23\\\/ich-sehe-teilweise-echte-kreativlosigkeit\\\/#primaryimage\"},\"thumbnailUrl\":\"https:\\\/\\\/www.organisator.ch\\\/wp-content\\\/uploads\\\/2023\\\/10\\\/HRM_Gazelle-Vollhase_Bild_web.jpg\",\"datePublished\":\"2023-10-23T18:45:02+00:00\",\"description\":\"Gazelle Vollhase nimmt kein Blatt vor den Mund, wenn es um Diversity und Inklusion geht. Und sie ortet diesbez\u00fcglich viel Kreativlosigkeit.\",\"breadcrumb\":{\"@id\":\"https:\\\/\\\/www.organisator.ch\\\/abo\\\/2023-10-23\\\/ich-sehe-teilweise-echte-kreativlosigkeit\\\/#breadcrumb\"},\"inLanguage\":\"fr-FR\",\"potentialAction\":[{\"@type\":\"ReadAction\",\"target\":[\"https:\\\/\\\/www.organisator.ch\\\/abo\\\/2023-10-23\\\/ich-sehe-teilweise-echte-kreativlosigkeit\\\/\"]}]},{\"@type\":\"ImageObject\",\"inLanguage\":\"fr-FR\",\"@id\":\"https:\\\/\\\/www.organisator.ch\\\/abo\\\/2023-10-23\\\/ich-sehe-teilweise-echte-kreativlosigkeit\\\/#primaryimage\",\"url\":\"https:\\\/\\\/www.organisator.ch\\\/wp-content\\\/uploads\\\/2023\\\/10\\\/HRM_Gazelle-Vollhase_Bild_web.jpg\",\"contentUrl\":\"https:\\\/\\\/www.organisator.ch\\\/wp-content\\\/uploads\\\/2023\\\/10\\\/HRM_Gazelle-Vollhase_Bild_web.jpg\",\"width\":680,\"height\":494,\"caption\":\"R\u00e4umt unverbl\u00fcmt mit Mythen rund um Diversity und Inklusion auf: Gazelle Vollhase. (Bild: zVg \\\/ Gazelle Vollhase)\"},{\"@type\":\"BreadcrumbList\",\"@id\":\"https:\\\/\\\/www.organisator.ch\\\/abo\\\/2023-10-23\\\/ich-sehe-teilweise-echte-kreativlosigkeit\\\/#breadcrumb\",\"itemListElement\":[{\"@type\":\"ListItem\",\"position\":1,\"name\":\"Home\",\"item\":\"https:\\\/\\\/www.organisator.ch\\\/\"},{\"@type\":\"ListItem\",\"position\":2,\"name\":\"\u00abIch sehe teilweise echte Kreativlosigkeit\u00bb\"}]},{\"@type\":\"WebSite\",\"@id\":\"https:\\\/\\\/www.organisator.ch\\\/#website\",\"url\":\"https:\\\/\\\/www.organisator.ch\\\/\",\"name\":\"Organisator\",\"description\":\"Kompetent. Praxisnah. Der ORGANISATOR bereitet in 10 Ausgaben pro Jahr die wesentlichen Themen f\u00fcr F\u00fchrungskr\u00e4fte von KMU auf.\",\"publisher\":{\"@id\":\"https:\\\/\\\/www.organisator.ch\\\/#organization\"},\"potentialAction\":[{\"@type\":\"SearchAction\",\"target\":{\"@type\":\"EntryPoint\",\"urlTemplate\":\"https:\\\/\\\/www.organisator.ch\\\/?s={search_term_string}\"},\"query-input\":{\"@type\":\"PropertyValueSpecification\",\"valueRequired\":true,\"valueName\":\"search_term_string\"}}],\"inLanguage\":\"fr-FR\"},{\"@type\":\"Organization\",\"@id\":\"https:\\\/\\\/www.organisator.ch\\\/#organization\",\"name\":\"Organisator\",\"url\":\"https:\\\/\\\/www.organisator.ch\\\/\",\"logo\":{\"@type\":\"ImageObject\",\"inLanguage\":\"fr-FR\",\"@id\":\"https:\\\/\\\/www.organisator.ch\\\/#\\\/schema\\\/logo\\\/image\\\/\",\"url\":\"https:\\\/\\\/www.organisator.ch\\\/wp-content\\\/uploads\\\/2022\\\/01\\\/Logo_Organisator_Website.png\",\"contentUrl\":\"https:\\\/\\\/www.organisator.ch\\\/wp-content\\\/uploads\\\/2022\\\/01\\\/Logo_Organisator_Website.png\",\"width\":800,\"height\":77,\"caption\":\"Organisator\"},\"image\":{\"@id\":\"https:\\\/\\\/www.organisator.ch\\\/#\\\/schema\\\/logo\\\/image\\\/\"},\"sameAs\":[\"https:\\\/\\\/www.facebook.com\\\/OrganisatorFachmagazin\",\"https:\\\/\\\/www.linkedin.com\\\/showcase\\\/organisator-das-magazin-fr-kmu\",\"https:\\\/\\\/www.xing.com\\\/news\\\/pages\\\/organisator-ch-695\",\"https:\\\/\\\/www.youtube.com\\\/channel\\\/UCGP2Sq0iWaZwT3BdIAQFYpw\"]},{\"@type\":\"Person\",\"@id\":\"https:\\\/\\\/www.organisator.ch\\\/#\\\/schema\\\/person\\\/aa2bace6c5c5aad60102004a50c4eb1c\",\"name\":\"admin\",\"image\":{\"@type\":\"ImageObject\",\"inLanguage\":\"fr-FR\",\"@id\":\"https:\\\/\\\/secure.gravatar.com\\\/avatar\\\/ae2f4d718e6c49043e314ce431e7e645d646302a24a5ef5a8bc8e3f5a032e319?s=96&d=mm&r=g\",\"url\":\"https:\\\/\\\/secure.gravatar.com\\\/avatar\\\/ae2f4d718e6c49043e314ce431e7e645d646302a24a5ef5a8bc8e3f5a032e319?s=96&d=mm&r=g\",\"contentUrl\":\"https:\\\/\\\/secure.gravatar.com\\\/avatar\\\/ae2f4d718e6c49043e314ce431e7e645d646302a24a5ef5a8bc8e3f5a032e319?s=96&d=mm&r=g\",\"caption\":\"admin\"},\"sameAs\":[\"https:\\\/\\\/www.organisator.ch\"],\"url\":\"https:\\\/\\\/www.organisator.ch\\\/fr\\\/author\\\/admin\\\/\"}]}<\/script>\n<!-- \/ Yoast SEO plugin. -->","yoast_head_json":{"title":"\"Je constate parfois un v\u00e9ritable manque de cr\u00e9ativit\u00e9\" - organisateur","description":"Gazelle Vollhase ne m\u00e2che pas ses mots lorsqu'il s'agit de diversit\u00e9 et d'inclusion. Et elle constate un grand manque de cr\u00e9ativit\u00e9 dans ce domaine.","robots":{"index":"index","follow":"follow","max-snippet":"max-snippet:-1","max-image-preview":"max-image-preview:large","max-video-preview":"max-video-preview:-1"},"canonical":"https:\/\/www.organisator.ch\/fr\/abonnement\/2023-10-23\/ich-sehe-teilweise-echte-kreativlosigkeit\/","og_locale":"fr_FR","og_type":"article","og_title":"\u00abIch sehe teilweise echte Kreativlosigkeit\u00bb - Organisator","og_description":"Gazelle Vollhase nimmt kein Blatt vor den Mund, wenn es um Diversity und Inklusion geht. Und sie ortet diesbez\u00fcglich viel Kreativlosigkeit.","og_url":"https:\/\/www.organisator.ch\/fr\/abonnement\/2023-10-23\/ich-sehe-teilweise-echte-kreativlosigkeit\/","og_site_name":"Organisator","article_publisher":"https:\/\/www.facebook.com\/OrganisatorFachmagazin","article_published_time":"2023-10-23T18:45:02+00:00","og_image":[{"width":680,"height":494,"url":"https:\/\/www.organisator.ch\/wp-content\/uploads\/2023\/10\/HRM_Gazelle-Vollhase_Bild_web.jpg","type":"image\/jpeg"}],"author":"admin","twitter_card":"summary_large_image","schema":{"@context":"https:\/\/schema.org","@graph":[{"@type":"Article","@id":"https:\/\/www.organisator.ch\/abo\/2023-10-23\/ich-sehe-teilweise-echte-kreativlosigkeit\/#article","isPartOf":{"@id":"https:\/\/www.organisator.ch\/abo\/2023-10-23\/ich-sehe-teilweise-echte-kreativlosigkeit\/"},"author":{"name":"admin","@id":"https:\/\/www.organisator.ch\/#\/schema\/person\/aa2bace6c5c5aad60102004a50c4eb1c"},"headline":"\u00abIch sehe teilweise echte Kreativlosigkeit\u00bb","datePublished":"2023-10-23T18:45:02+00:00","mainEntityOfPage":{"@id":"https:\/\/www.organisator.ch\/abo\/2023-10-23\/ich-sehe-teilweise-echte-kreativlosigkeit\/"},"wordCount":2037,"publisher":{"@id":"https:\/\/www.organisator.ch\/#organization"},"image":{"@id":"https:\/\/www.organisator.ch\/abo\/2023-10-23\/ich-sehe-teilweise-echte-kreativlosigkeit\/#primaryimage"},"thumbnailUrl":"https:\/\/www.organisator.ch\/wp-content\/uploads\/2023\/10\/HRM_Gazelle-Vollhase_Bild_web.jpg","keywords":["Diversity and Inclusion Management","HRM","Management und Unternehmensf\u00fchrung","Recruiting"],"articleSection":["ABO+","HUMAN RESOURCES"],"inLanguage":"fr-FR"},{"@type":"WebPage","@id":"https:\/\/www.organisator.ch\/abo\/2023-10-23\/ich-sehe-teilweise-echte-kreativlosigkeit\/","url":"https:\/\/www.organisator.ch\/abo\/2023-10-23\/ich-sehe-teilweise-echte-kreativlosigkeit\/","name":"\"Je constate parfois un v\u00e9ritable manque de cr\u00e9ativit\u00e9\" - organisateur","isPartOf":{"@id":"https:\/\/www.organisator.ch\/#website"},"primaryImageOfPage":{"@id":"https:\/\/www.organisator.ch\/abo\/2023-10-23\/ich-sehe-teilweise-echte-kreativlosigkeit\/#primaryimage"},"image":{"@id":"https:\/\/www.organisator.ch\/abo\/2023-10-23\/ich-sehe-teilweise-echte-kreativlosigkeit\/#primaryimage"},"thumbnailUrl":"https:\/\/www.organisator.ch\/wp-content\/uploads\/2023\/10\/HRM_Gazelle-Vollhase_Bild_web.jpg","datePublished":"2023-10-23T18:45:02+00:00","description":"Gazelle Vollhase ne m\u00e2che pas ses mots lorsqu'il s'agit de diversit\u00e9 et d'inclusion. Et elle constate un grand manque de cr\u00e9ativit\u00e9 dans ce domaine.","breadcrumb":{"@id":"https:\/\/www.organisator.ch\/abo\/2023-10-23\/ich-sehe-teilweise-echte-kreativlosigkeit\/#breadcrumb"},"inLanguage":"fr-FR","potentialAction":[{"@type":"ReadAction","target":["https:\/\/www.organisator.ch\/abo\/2023-10-23\/ich-sehe-teilweise-echte-kreativlosigkeit\/"]}]},{"@type":"ImageObject","inLanguage":"fr-FR","@id":"https:\/\/www.organisator.ch\/abo\/2023-10-23\/ich-sehe-teilweise-echte-kreativlosigkeit\/#primaryimage","url":"https:\/\/www.organisator.ch\/wp-content\/uploads\/2023\/10\/HRM_Gazelle-Vollhase_Bild_web.jpg","contentUrl":"https:\/\/www.organisator.ch\/wp-content\/uploads\/2023\/10\/HRM_Gazelle-Vollhase_Bild_web.jpg","width":680,"height":494,"caption":"R\u00e4umt unverbl\u00fcmt mit Mythen rund um Diversity und Inklusion auf: Gazelle Vollhase. (Bild: zVg \/ Gazelle Vollhase)"},{"@type":"BreadcrumbList","@id":"https:\/\/www.organisator.ch\/abo\/2023-10-23\/ich-sehe-teilweise-echte-kreativlosigkeit\/#breadcrumb","itemListElement":[{"@type":"ListItem","position":1,"name":"Home","item":"https:\/\/www.organisator.ch\/"},{"@type":"ListItem","position":2,"name":"\u00abIch sehe teilweise echte Kreativlosigkeit\u00bb"}]},{"@type":"WebSite","@id":"https:\/\/www.organisator.ch\/#website","url":"https:\/\/www.organisator.ch\/","name":"Organisateur","description":"Comp\u00e9tence et comp\u00e9tence. Proches de la pratique. L'ORGANISATEUR pr\u00e9pare 10 num\u00e9ros par an sur les th\u00e8mes essentiels pour les dirigeants de PME.","publisher":{"@id":"https:\/\/www.organisator.ch\/#organization"},"potentialAction":[{"@type":"SearchAction","target":{"@type":"EntryPoint","urlTemplate":"https:\/\/www.organisator.ch\/?s={search_term_string}"},"query-input":{"@type":"PropertyValueSpecification","valueRequired":true,"valueName":"search_term_string"}}],"inLanguage":"fr-FR"},{"@type":"Organization","@id":"https:\/\/www.organisator.ch\/#organization","name":"Organisateur","url":"https:\/\/www.organisator.ch\/","logo":{"@type":"ImageObject","inLanguage":"fr-FR","@id":"https:\/\/www.organisator.ch\/#\/schema\/logo\/image\/","url":"https:\/\/www.organisator.ch\/wp-content\/uploads\/2022\/01\/Logo_Organisator_Website.png","contentUrl":"https:\/\/www.organisator.ch\/wp-content\/uploads\/2022\/01\/Logo_Organisator_Website.png","width":800,"height":77,"caption":"Organisator"},"image":{"@id":"https:\/\/www.organisator.ch\/#\/schema\/logo\/image\/"},"sameAs":["https:\/\/www.facebook.com\/OrganisatorFachmagazin","https:\/\/www.linkedin.com\/showcase\/organisator-das-magazin-fr-kmu","https:\/\/www.xing.com\/news\/pages\/organisator-ch-695","https:\/\/www.youtube.com\/channel\/UCGP2Sq0iWaZwT3BdIAQFYpw"]},{"@type":"Person","@id":"https:\/\/www.organisator.ch\/#\/schema\/person\/aa2bace6c5c5aad60102004a50c4eb1c","name":"admin","image":{"@type":"ImageObject","inLanguage":"fr-FR","@id":"https:\/\/secure.gravatar.com\/avatar\/ae2f4d718e6c49043e314ce431e7e645d646302a24a5ef5a8bc8e3f5a032e319?s=96&d=mm&r=g","url":"https:\/\/secure.gravatar.com\/avatar\/ae2f4d718e6c49043e314ce431e7e645d646302a24a5ef5a8bc8e3f5a032e319?s=96&d=mm&r=g","contentUrl":"https:\/\/secure.gravatar.com\/avatar\/ae2f4d718e6c49043e314ce431e7e645d646302a24a5ef5a8bc8e3f5a032e319?s=96&d=mm&r=g","caption":"admin"},"sameAs":["https:\/\/www.organisator.ch"],"url":"https:\/\/www.organisator.ch\/fr\/author\/admin\/"}]}},"_links":{"self":[{"href":"https:\/\/www.organisator.ch\/fr\/wp-json\/wp\/v2\/posts\/22506","targetHints":{"allow":["GET"]}}],"collection":[{"href":"https:\/\/www.organisator.ch\/fr\/wp-json\/wp\/v2\/posts"}],"about":[{"href":"https:\/\/www.organisator.ch\/fr\/wp-json\/wp\/v2\/types\/post"}],"author":[{"embeddable":true,"href":"https:\/\/www.organisator.ch\/fr\/wp-json\/wp\/v2\/users\/1"}],"replies":[{"embeddable":true,"href":"https:\/\/www.organisator.ch\/fr\/wp-json\/wp\/v2\/comments?post=22506"}],"version-history":[{"count":2,"href":"https:\/\/www.organisator.ch\/fr\/wp-json\/wp\/v2\/posts\/22506\/revisions"}],"predecessor-version":[{"id":22533,"href":"https:\/\/www.organisator.ch\/fr\/wp-json\/wp\/v2\/posts\/22506\/revisions\/22533"}],"wp:featuredmedia":[{"embeddable":true,"href":"https:\/\/www.organisator.ch\/fr\/wp-json\/wp\/v2\/media\/22529"}],"wp:attachment":[{"href":"https:\/\/www.organisator.ch\/fr\/wp-json\/wp\/v2\/media?parent=22506"}],"wp:term":[{"taxonomy":"category","embeddable":true,"href":"https:\/\/www.organisator.ch\/fr\/wp-json\/wp\/v2\/categories?post=22506"},{"taxonomy":"post_tag","embeddable":true,"href":"https:\/\/www.organisator.ch\/fr\/wp-json\/wp\/v2\/tags?post=22506"}],"curies":[{"name":"wp","href":"https:\/\/api.w.org\/{rel}","templated":true}]}}