{"id":22509,"date":"2023-10-23T20:38:55","date_gmt":"2023-10-23T18:38:55","guid":{"rendered":"https:\/\/www.organisator.ch\/de\/?p=22509"},"modified":"2023-10-23T10:44:44","modified_gmt":"2023-10-23T08:44:44","slug":"warum-business-continuity-management-unverzichtbar-ist","status":"publish","type":"post","link":"https:\/\/www.organisator.ch\/fr\/operational-excellence\/2023-10-23\/warum-business-continuity-management-unverzichtbar-ist\/","title":{"rendered":"Pourquoi la gestion de la continuit\u00e9 des activit\u00e9s est indispensable"},"content":{"rendered":"<div class=\"swpm-post-not-logged-in-msg\">Vous devez \u00eatre connect\u00e9 pour voir ce contenu. Veuillez <a class=\"swpm-login-link\" href=\"https:\/\/www.organisator.ch\/login\/\">Se connecter<\/a>. Pas un membre ? <a href=\"https:\/\/www.organisator.ch\/shop\/\">Nous Rejoindre<\/a><\/div>","protected":false},"excerpt":{"rendered":"<p>Les accidents tels que les incendies de b\u00e2timents ou de locaux commerciaux font r\u00e9guli\u00e8rement la une des m\u00e9dias. Ce que l'on oublie souvent, c'est qu'il s'agit de l'existence de propri\u00e9taires d'entreprises et de leurs collaborateurs. Que va-t-il se passer pour eux ?<\/p>","protected":false},"author":1,"featured_media":22508,"comment_status":"closed","ping_status":"closed","sticky":false,"template":"","format":"standard","meta":{"_acf_changed":false,"_yoast_wpseo_focuskw":"Business Continuity Management","_yoast_wpseo_metadesc":"Hinter vielen Ungl\u00fccksf\u00e4llen stehen Existenzen von Gesch\u00e4ftsinhaberinnen und -inhabern - und von Mitarbeitenden. Wie geht es f\u00fcr sie weiter?","articlekey":"67807","footnotes":""},"categories":[578,582],"tags":[3560,418,434],"class_list":["post-22509","post","type-post","status-publish","format-standard","has-post-thumbnail","hentry","category-abo","category-operational-excellence","tag-business-continuity-management","tag-risikomanagement","tag-sicherheit"],"acf":[],"yoast_head":"<!-- This site is optimized with the Yoast SEO plugin v27.4 - https:\/\/yoast.com\/product\/yoast-seo-wordpress\/ -->\n<title>Warum Business Continuity Management unverzichtbar ist - Organisator<\/title>\n<meta name=\"description\" content=\"Hinter vielen Ungl\u00fccksf\u00e4llen stehen Existenzen von Gesch\u00e4ftsinhaberinnen und -inhabern - und von Mitarbeitenden. Wie geht es f\u00fcr sie weiter?\" \/>\n<meta name=\"robots\" content=\"index, follow, max-snippet:-1, max-image-preview:large, max-video-preview:-1\" \/>\n<link rel=\"canonical\" href=\"https:\/\/www.organisator.ch\/fr\/abonnement\/2023-10-23\/warum-business-continuity-management-unverzichtbar-ist\/\" \/>\n<meta property=\"og:locale\" content=\"fr_FR\" \/>\n<meta property=\"og:type\" content=\"article\" \/>\n<meta property=\"og:title\" content=\"Warum Business Continuity Management unverzichtbar ist - Organisator\" \/>\n<meta property=\"og:description\" content=\"Hinter vielen Ungl\u00fccksf\u00e4llen stehen Existenzen von Gesch\u00e4ftsinhaberinnen und -inhabern - und von Mitarbeitenden. Wie geht es f\u00fcr sie weiter?\" \/>\n<meta property=\"og:url\" content=\"https:\/\/www.organisator.ch\/fr\/abonnement\/2023-10-23\/warum-business-continuity-management-unverzichtbar-ist\/\" \/>\n<meta property=\"og:site_name\" content=\"Organisator\" \/>\n<meta property=\"article:publisher\" content=\"https:\/\/www.facebook.com\/OrganisatorFachmagazin\" \/>\n<meta property=\"article:published_time\" content=\"2023-10-23T18:38:55+00:00\" \/>\n<meta property=\"og:image\" content=\"https:\/\/www.organisator.ch\/wp-content\/uploads\/2023\/10\/OpEx_Zimmermann_Bild_organisator_67829-scaled.jpg\" \/>\n\t<meta property=\"og:image:width\" content=\"1400\" \/>\n\t<meta property=\"og:image:height\" content=\"1120\" \/>\n\t<meta property=\"og:image:type\" content=\"image\/jpeg\" \/>\n<meta name=\"author\" content=\"admin\" \/>\n<meta name=\"twitter:card\" content=\"summary_large_image\" \/>\n<script type=\"application\/ld+json\" class=\"yoast-schema-graph\">{\"@context\":\"https:\\\/\\\/schema.org\",\"@graph\":[{\"@type\":\"Article\",\"@id\":\"https:\\\/\\\/www.organisator.ch\\\/abo\\\/2023-10-23\\\/warum-business-continuity-management-unverzichtbar-ist\\\/#article\",\"isPartOf\":{\"@id\":\"https:\\\/\\\/www.organisator.ch\\\/abo\\\/2023-10-23\\\/warum-business-continuity-management-unverzichtbar-ist\\\/\"},\"author\":{\"name\":\"admin\",\"@id\":\"https:\\\/\\\/www.organisator.ch\\\/#\\\/schema\\\/person\\\/aa2bace6c5c5aad60102004a50c4eb1c\"},\"headline\":\"Warum Business Continuity Management unverzichtbar ist\",\"datePublished\":\"2023-10-23T18:38:55+00:00\",\"mainEntityOfPage\":{\"@id\":\"https:\\\/\\\/www.organisator.ch\\\/abo\\\/2023-10-23\\\/warum-business-continuity-management-unverzichtbar-ist\\\/\"},\"wordCount\":1174,\"publisher\":{\"@id\":\"https:\\\/\\\/www.organisator.ch\\\/#organization\"},\"image\":{\"@id\":\"https:\\\/\\\/www.organisator.ch\\\/abo\\\/2023-10-23\\\/warum-business-continuity-management-unverzichtbar-ist\\\/#primaryimage\"},\"thumbnailUrl\":\"https:\\\/\\\/www.organisator.ch\\\/wp-content\\\/uploads\\\/2023\\\/10\\\/OpEx_Zimmermann_Bild_organisator_67829-scaled.jpg\",\"keywords\":[\"Business Continuity Management\",\"Risikomanagement\",\"Sicherheit\"],\"articleSection\":[\"ABO+\",\"OPERATIONAL EXCELLENCE\"],\"inLanguage\":\"fr-FR\"},{\"@type\":\"WebPage\",\"@id\":\"https:\\\/\\\/www.organisator.ch\\\/abo\\\/2023-10-23\\\/warum-business-continuity-management-unverzichtbar-ist\\\/\",\"url\":\"https:\\\/\\\/www.organisator.ch\\\/abo\\\/2023-10-23\\\/warum-business-continuity-management-unverzichtbar-ist\\\/\",\"name\":\"Warum Business Continuity Management unverzichtbar ist - Organisator\",\"isPartOf\":{\"@id\":\"https:\\\/\\\/www.organisator.ch\\\/#website\"},\"primaryImageOfPage\":{\"@id\":\"https:\\\/\\\/www.organisator.ch\\\/abo\\\/2023-10-23\\\/warum-business-continuity-management-unverzichtbar-ist\\\/#primaryimage\"},\"image\":{\"@id\":\"https:\\\/\\\/www.organisator.ch\\\/abo\\\/2023-10-23\\\/warum-business-continuity-management-unverzichtbar-ist\\\/#primaryimage\"},\"thumbnailUrl\":\"https:\\\/\\\/www.organisator.ch\\\/wp-content\\\/uploads\\\/2023\\\/10\\\/OpEx_Zimmermann_Bild_organisator_67829-scaled.jpg\",\"datePublished\":\"2023-10-23T18:38:55+00:00\",\"description\":\"Hinter vielen Ungl\u00fccksf\u00e4llen stehen Existenzen von Gesch\u00e4ftsinhaberinnen und -inhabern - und von Mitarbeitenden. Wie geht es f\u00fcr sie weiter?\",\"breadcrumb\":{\"@id\":\"https:\\\/\\\/www.organisator.ch\\\/abo\\\/2023-10-23\\\/warum-business-continuity-management-unverzichtbar-ist\\\/#breadcrumb\"},\"inLanguage\":\"fr-FR\",\"potentialAction\":[{\"@type\":\"ReadAction\",\"target\":[\"https:\\\/\\\/www.organisator.ch\\\/abo\\\/2023-10-23\\\/warum-business-continuity-management-unverzichtbar-ist\\\/\"]}]},{\"@type\":\"ImageObject\",\"inLanguage\":\"fr-FR\",\"@id\":\"https:\\\/\\\/www.organisator.ch\\\/abo\\\/2023-10-23\\\/warum-business-continuity-management-unverzichtbar-ist\\\/#primaryimage\",\"url\":\"https:\\\/\\\/www.organisator.ch\\\/wp-content\\\/uploads\\\/2023\\\/10\\\/OpEx_Zimmermann_Bild_organisator_67829-scaled.jpg\",\"contentUrl\":\"https:\\\/\\\/www.organisator.ch\\\/wp-content\\\/uploads\\\/2023\\\/10\\\/OpEx_Zimmermann_Bild_organisator_67829-scaled.jpg\",\"width\":1400,\"height\":1120,\"caption\":\"Lager- oder Produktionshalle abgebrannt: Wie kann sichergestellt werden, dass die Gesch\u00e4ftst\u00e4tigkeit nicht existenziell beeintr\u00e4chtigt wird? \u00a9Pixabay.com\"},{\"@type\":\"BreadcrumbList\",\"@id\":\"https:\\\/\\\/www.organisator.ch\\\/abo\\\/2023-10-23\\\/warum-business-continuity-management-unverzichtbar-ist\\\/#breadcrumb\",\"itemListElement\":[{\"@type\":\"ListItem\",\"position\":1,\"name\":\"Home\",\"item\":\"https:\\\/\\\/www.organisator.ch\\\/\"},{\"@type\":\"ListItem\",\"position\":2,\"name\":\"Warum Business Continuity Management unverzichtbar ist\"}]},{\"@type\":\"WebSite\",\"@id\":\"https:\\\/\\\/www.organisator.ch\\\/#website\",\"url\":\"https:\\\/\\\/www.organisator.ch\\\/\",\"name\":\"Organisator\",\"description\":\"Kompetent. Praxisnah. Der ORGANISATOR bereitet in 10 Ausgaben pro Jahr die wesentlichen Themen f\u00fcr F\u00fchrungskr\u00e4fte von KMU auf.\",\"publisher\":{\"@id\":\"https:\\\/\\\/www.organisator.ch\\\/#organization\"},\"potentialAction\":[{\"@type\":\"SearchAction\",\"target\":{\"@type\":\"EntryPoint\",\"urlTemplate\":\"https:\\\/\\\/www.organisator.ch\\\/?s={search_term_string}\"},\"query-input\":{\"@type\":\"PropertyValueSpecification\",\"valueRequired\":true,\"valueName\":\"search_term_string\"}}],\"inLanguage\":\"fr-FR\"},{\"@type\":\"Organization\",\"@id\":\"https:\\\/\\\/www.organisator.ch\\\/#organization\",\"name\":\"Organisator\",\"url\":\"https:\\\/\\\/www.organisator.ch\\\/\",\"logo\":{\"@type\":\"ImageObject\",\"inLanguage\":\"fr-FR\",\"@id\":\"https:\\\/\\\/www.organisator.ch\\\/#\\\/schema\\\/logo\\\/image\\\/\",\"url\":\"https:\\\/\\\/www.organisator.ch\\\/wp-content\\\/uploads\\\/2022\\\/01\\\/Logo_Organisator_Website.png\",\"contentUrl\":\"https:\\\/\\\/www.organisator.ch\\\/wp-content\\\/uploads\\\/2022\\\/01\\\/Logo_Organisator_Website.png\",\"width\":800,\"height\":77,\"caption\":\"Organisator\"},\"image\":{\"@id\":\"https:\\\/\\\/www.organisator.ch\\\/#\\\/schema\\\/logo\\\/image\\\/\"},\"sameAs\":[\"https:\\\/\\\/www.facebook.com\\\/OrganisatorFachmagazin\",\"https:\\\/\\\/www.linkedin.com\\\/showcase\\\/organisator-das-magazin-fr-kmu\",\"https:\\\/\\\/www.xing.com\\\/news\\\/pages\\\/organisator-ch-695\",\"https:\\\/\\\/www.youtube.com\\\/channel\\\/UCGP2Sq0iWaZwT3BdIAQFYpw\"]},{\"@type\":\"Person\",\"@id\":\"https:\\\/\\\/www.organisator.ch\\\/#\\\/schema\\\/person\\\/aa2bace6c5c5aad60102004a50c4eb1c\",\"name\":\"admin\",\"image\":{\"@type\":\"ImageObject\",\"inLanguage\":\"fr-FR\",\"@id\":\"https:\\\/\\\/secure.gravatar.com\\\/avatar\\\/ae2f4d718e6c49043e314ce431e7e645d646302a24a5ef5a8bc8e3f5a032e319?s=96&d=mm&r=g\",\"url\":\"https:\\\/\\\/secure.gravatar.com\\\/avatar\\\/ae2f4d718e6c49043e314ce431e7e645d646302a24a5ef5a8bc8e3f5a032e319?s=96&d=mm&r=g\",\"contentUrl\":\"https:\\\/\\\/secure.gravatar.com\\\/avatar\\\/ae2f4d718e6c49043e314ce431e7e645d646302a24a5ef5a8bc8e3f5a032e319?s=96&d=mm&r=g\",\"caption\":\"admin\"},\"sameAs\":[\"https:\\\/\\\/www.organisator.ch\"],\"url\":\"https:\\\/\\\/www.organisator.ch\\\/fr\\\/author\\\/admin\\\/\"}]}<\/script>\n<!-- \/ Yoast SEO plugin. -->","yoast_head_json":{"title":"Pourquoi la gestion de la continuit\u00e9 des activit\u00e9s est indispensable - Organisateur","description":"Derri\u00e8re de nombreux accidents se cachent les existences de propri\u00e9taires d'entreprises - et de collaborateurs. Que va-t-il se passer pour eux ?","robots":{"index":"index","follow":"follow","max-snippet":"max-snippet:-1","max-image-preview":"max-image-preview:large","max-video-preview":"max-video-preview:-1"},"canonical":"https:\/\/www.organisator.ch\/fr\/abonnement\/2023-10-23\/warum-business-continuity-management-unverzichtbar-ist\/","og_locale":"fr_FR","og_type":"article","og_title":"Warum Business Continuity Management unverzichtbar ist - Organisator","og_description":"Hinter vielen Ungl\u00fccksf\u00e4llen stehen Existenzen von Gesch\u00e4ftsinhaberinnen und -inhabern - und von Mitarbeitenden. Wie geht es f\u00fcr sie weiter?","og_url":"https:\/\/www.organisator.ch\/fr\/abonnement\/2023-10-23\/warum-business-continuity-management-unverzichtbar-ist\/","og_site_name":"Organisator","article_publisher":"https:\/\/www.facebook.com\/OrganisatorFachmagazin","article_published_time":"2023-10-23T18:38:55+00:00","og_image":[{"width":1400,"height":1120,"url":"https:\/\/www.organisator.ch\/wp-content\/uploads\/2023\/10\/OpEx_Zimmermann_Bild_organisator_67829-scaled.jpg","type":"image\/jpeg"}],"author":"admin","twitter_card":"summary_large_image","schema":{"@context":"https:\/\/schema.org","@graph":[{"@type":"Article","@id":"https:\/\/www.organisator.ch\/abo\/2023-10-23\/warum-business-continuity-management-unverzichtbar-ist\/#article","isPartOf":{"@id":"https:\/\/www.organisator.ch\/abo\/2023-10-23\/warum-business-continuity-management-unverzichtbar-ist\/"},"author":{"name":"admin","@id":"https:\/\/www.organisator.ch\/#\/schema\/person\/aa2bace6c5c5aad60102004a50c4eb1c"},"headline":"Warum Business Continuity Management unverzichtbar ist","datePublished":"2023-10-23T18:38:55+00:00","mainEntityOfPage":{"@id":"https:\/\/www.organisator.ch\/abo\/2023-10-23\/warum-business-continuity-management-unverzichtbar-ist\/"},"wordCount":1174,"publisher":{"@id":"https:\/\/www.organisator.ch\/#organization"},"image":{"@id":"https:\/\/www.organisator.ch\/abo\/2023-10-23\/warum-business-continuity-management-unverzichtbar-ist\/#primaryimage"},"thumbnailUrl":"https:\/\/www.organisator.ch\/wp-content\/uploads\/2023\/10\/OpEx_Zimmermann_Bild_organisator_67829-scaled.jpg","keywords":["Business Continuity Management","Risikomanagement","Sicherheit"],"articleSection":["ABO+","OPERATIONAL EXCELLENCE"],"inLanguage":"fr-FR"},{"@type":"WebPage","@id":"https:\/\/www.organisator.ch\/abo\/2023-10-23\/warum-business-continuity-management-unverzichtbar-ist\/","url":"https:\/\/www.organisator.ch\/abo\/2023-10-23\/warum-business-continuity-management-unverzichtbar-ist\/","name":"Pourquoi la gestion de la continuit\u00e9 des activit\u00e9s est indispensable - Organisateur","isPartOf":{"@id":"https:\/\/www.organisator.ch\/#website"},"primaryImageOfPage":{"@id":"https:\/\/www.organisator.ch\/abo\/2023-10-23\/warum-business-continuity-management-unverzichtbar-ist\/#primaryimage"},"image":{"@id":"https:\/\/www.organisator.ch\/abo\/2023-10-23\/warum-business-continuity-management-unverzichtbar-ist\/#primaryimage"},"thumbnailUrl":"https:\/\/www.organisator.ch\/wp-content\/uploads\/2023\/10\/OpEx_Zimmermann_Bild_organisator_67829-scaled.jpg","datePublished":"2023-10-23T18:38:55+00:00","description":"Derri\u00e8re de nombreux accidents se cachent les existences de propri\u00e9taires d'entreprises - et de collaborateurs. Que va-t-il se passer pour eux ?","breadcrumb":{"@id":"https:\/\/www.organisator.ch\/abo\/2023-10-23\/warum-business-continuity-management-unverzichtbar-ist\/#breadcrumb"},"inLanguage":"fr-FR","potentialAction":[{"@type":"ReadAction","target":["https:\/\/www.organisator.ch\/abo\/2023-10-23\/warum-business-continuity-management-unverzichtbar-ist\/"]}]},{"@type":"ImageObject","inLanguage":"fr-FR","@id":"https:\/\/www.organisator.ch\/abo\/2023-10-23\/warum-business-continuity-management-unverzichtbar-ist\/#primaryimage","url":"https:\/\/www.organisator.ch\/wp-content\/uploads\/2023\/10\/OpEx_Zimmermann_Bild_organisator_67829-scaled.jpg","contentUrl":"https:\/\/www.organisator.ch\/wp-content\/uploads\/2023\/10\/OpEx_Zimmermann_Bild_organisator_67829-scaled.jpg","width":1400,"height":1120,"caption":"Lager- oder Produktionshalle abgebrannt: Wie kann sichergestellt werden, dass die Gesch\u00e4ftst\u00e4tigkeit nicht existenziell beeintr\u00e4chtigt wird? \u00a9Pixabay.com"},{"@type":"BreadcrumbList","@id":"https:\/\/www.organisator.ch\/abo\/2023-10-23\/warum-business-continuity-management-unverzichtbar-ist\/#breadcrumb","itemListElement":[{"@type":"ListItem","position":1,"name":"Home","item":"https:\/\/www.organisator.ch\/"},{"@type":"ListItem","position":2,"name":"Warum Business Continuity Management unverzichtbar ist"}]},{"@type":"WebSite","@id":"https:\/\/www.organisator.ch\/#website","url":"https:\/\/www.organisator.ch\/","name":"Organisateur","description":"Comp\u00e9tence et comp\u00e9tence. Proches de la pratique. L'ORGANISATEUR pr\u00e9pare 10 num\u00e9ros par an sur les th\u00e8mes essentiels pour les dirigeants de PME.","publisher":{"@id":"https:\/\/www.organisator.ch\/#organization"},"potentialAction":[{"@type":"SearchAction","target":{"@type":"EntryPoint","urlTemplate":"https:\/\/www.organisator.ch\/?s={search_term_string}"},"query-input":{"@type":"PropertyValueSpecification","valueRequired":true,"valueName":"search_term_string"}}],"inLanguage":"fr-FR"},{"@type":"Organization","@id":"https:\/\/www.organisator.ch\/#organization","name":"Organisateur","url":"https:\/\/www.organisator.ch\/","logo":{"@type":"ImageObject","inLanguage":"fr-FR","@id":"https:\/\/www.organisator.ch\/#\/schema\/logo\/image\/","url":"https:\/\/www.organisator.ch\/wp-content\/uploads\/2022\/01\/Logo_Organisator_Website.png","contentUrl":"https:\/\/www.organisator.ch\/wp-content\/uploads\/2022\/01\/Logo_Organisator_Website.png","width":800,"height":77,"caption":"Organisator"},"image":{"@id":"https:\/\/www.organisator.ch\/#\/schema\/logo\/image\/"},"sameAs":["https:\/\/www.facebook.com\/OrganisatorFachmagazin","https:\/\/www.linkedin.com\/showcase\/organisator-das-magazin-fr-kmu","https:\/\/www.xing.com\/news\/pages\/organisator-ch-695","https:\/\/www.youtube.com\/channel\/UCGP2Sq0iWaZwT3BdIAQFYpw"]},{"@type":"Person","@id":"https:\/\/www.organisator.ch\/#\/schema\/person\/aa2bace6c5c5aad60102004a50c4eb1c","name":"admin","image":{"@type":"ImageObject","inLanguage":"fr-FR","@id":"https:\/\/secure.gravatar.com\/avatar\/ae2f4d718e6c49043e314ce431e7e645d646302a24a5ef5a8bc8e3f5a032e319?s=96&d=mm&r=g","url":"https:\/\/secure.gravatar.com\/avatar\/ae2f4d718e6c49043e314ce431e7e645d646302a24a5ef5a8bc8e3f5a032e319?s=96&d=mm&r=g","contentUrl":"https:\/\/secure.gravatar.com\/avatar\/ae2f4d718e6c49043e314ce431e7e645d646302a24a5ef5a8bc8e3f5a032e319?s=96&d=mm&r=g","caption":"admin"},"sameAs":["https:\/\/www.organisator.ch"],"url":"https:\/\/www.organisator.ch\/fr\/author\/admin\/"}]}},"_links":{"self":[{"href":"https:\/\/www.organisator.ch\/fr\/wp-json\/wp\/v2\/posts\/22509","targetHints":{"allow":["GET"]}}],"collection":[{"href":"https:\/\/www.organisator.ch\/fr\/wp-json\/wp\/v2\/posts"}],"about":[{"href":"https:\/\/www.organisator.ch\/fr\/wp-json\/wp\/v2\/types\/post"}],"author":[{"embeddable":true,"href":"https:\/\/www.organisator.ch\/fr\/wp-json\/wp\/v2\/users\/1"}],"replies":[{"embeddable":true,"href":"https:\/\/www.organisator.ch\/fr\/wp-json\/wp\/v2\/comments?post=22509"}],"version-history":[{"count":2,"href":"https:\/\/www.organisator.ch\/fr\/wp-json\/wp\/v2\/posts\/22509\/revisions"}],"predecessor-version":[{"id":22525,"href":"https:\/\/www.organisator.ch\/fr\/wp-json\/wp\/v2\/posts\/22509\/revisions\/22525"}],"wp:featuredmedia":[{"embeddable":true,"href":"https:\/\/www.organisator.ch\/fr\/wp-json\/wp\/v2\/media\/22508"}],"wp:attachment":[{"href":"https:\/\/www.organisator.ch\/fr\/wp-json\/wp\/v2\/media?parent=22509"}],"wp:term":[{"taxonomy":"category","embeddable":true,"href":"https:\/\/www.organisator.ch\/fr\/wp-json\/wp\/v2\/categories?post=22509"},{"taxonomy":"post_tag","embeddable":true,"href":"https:\/\/www.organisator.ch\/fr\/wp-json\/wp\/v2\/tags?post=22509"}],"curies":[{"name":"wp","href":"https:\/\/api.w.org\/{rel}","templated":true}]}}