{"id":22516,"date":"2023-10-24T10:12:55","date_gmt":"2023-10-24T08:12:55","guid":{"rendered":"https:\/\/www.organisator.ch\/?p=22516"},"modified":"2023-11-06T10:35:12","modified_gmt":"2023-11-06T09:35:12","slug":"warum-sie-immer-wieder-falsch-liegen","status":"publish","type":"post","link":"https:\/\/www.organisator.ch\/fr\/management\/2023-10-24\/warum-sie-immer-wieder-falsch-liegen\/","title":{"rendered":"Pourquoi vous vous trompez toujours"},"content":{"rendered":"<figure id=\"attachment_22519\" aria-describedby=\"caption-attachment-22519\" style=\"width: 680px\" class=\"wp-caption alignnone\"><img loading=\"lazy\" decoding=\"async\" class=\"size-full wp-image-22519\" src=\"https:\/\/www.organisator.ch\/wp-content\/uploads\/2023\/10\/Warum-Sie-immer-wieder-falsch-liegen_Organisator.jpg\" alt=\"\" width=\"680\" height=\"453\" srcset=\"https:\/\/www.organisator.ch\/wp-content\/uploads\/2023\/10\/Warum-Sie-immer-wieder-falsch-liegen_Organisator.jpg 680w, https:\/\/www.organisator.ch\/wp-content\/uploads\/2023\/10\/Warum-Sie-immer-wieder-falsch-liegen_Organisator-18x12.jpg 18w, https:\/\/www.organisator.ch\/wp-content\/uploads\/2023\/10\/Warum-Sie-immer-wieder-falsch-liegen_Organisator-375x250.jpg 375w, https:\/\/www.organisator.ch\/wp-content\/uploads\/2023\/10\/Warum-Sie-immer-wieder-falsch-liegen_Organisator-525x350.jpg 525w\" sizes=\"auto, (max-width: 680px) 100vw, 680px\" \/><figcaption id=\"caption-attachment-22519\" class=\"wp-caption-text\">En haut ou en bas ? Haut ou bas ? Souvent, nous adaptons simplement la r\u00e9alit\u00e9 \u00e0 nos croyances - mais cela peut donner lieu \u00e0 de nombreuses erreurs... (Image : Pixabay.com)<\/figcaption><\/figure>\n<p>Voici une histoire vraie : une secte am\u00e9ricaine croyait que le monde allait dispara\u00eetre \u00e0 une date bien pr\u00e9cise. Le seul moyen d'\u00e9chapper \u00e0 cette destruction \u00e9tait de se rassembler \u00e0 un endroit pr\u00e9cis \u00e0 une heure fixe et d'attendre qu'un vaisseau spatial vienne sauver ceux qui s'y trouvaient. Les gens qui se trouvaient l\u00e0 croyaient tellement \u00e0 cette histoire qu'ils se pr\u00e9paraient de toutes les mani\u00e8res possibles \u00e0 leur d\u00e9part de la Terre en perdition. Ils ont donc attendu le vaisseau spatial \u00e0 l'heure pr\u00e9vue. Et ils ont attendu. Et ils attendirent. Rien ne s'est pass\u00e9. Pas de vaisseau spatial. Pas de fin du monde. Au bout d'un moment, ils sont repartis.<\/p>\n<p>Et c'est l\u00e0 que le b\u00e2t blesse : Les membres de la secte n'ont pas admis par la suite qu'ils s'\u00e9taient tromp\u00e9s. Au lieu de cela, ils ont rapidement r\u00e9interpr\u00e9t\u00e9 l'absence de fin du monde. Si le monde n'a pas disparu, c'est pr\u00e9cis\u00e9ment parce que les puissances extraterrestres ont senti l'\u00e9nergie concentr\u00e9e des membres de la secte et ont donc renonc\u00e9 \u00e0 leur projet. En d'autres termes, les disciples de la fin ont simplement adapt\u00e9 la r\u00e9alit\u00e9 \u00e0 leur croyance, et non l'inverse.<\/p>\n<p>Bizarre, n'est-ce pas ? Cela ne vous arriverait jamais ! Certainement pas ! Vous pouvez penser rationnellement ! Vous en \u00eates s\u00fbr ?<\/p>\n<p>Eh bien, la v\u00e9rit\u00e9 est diff\u00e9rente : Nous plions tous de nombreuses r\u00e9alit\u00e9s \u00e0 nos croyances, \u00e0 nos convictions. Voici quelques exemples tir\u00e9s de la vie r\u00e9elle :<\/p>\n<ul>\n<li><strong><em>\"Le client ne regarde que le prix ; nous devons simplement accorder des rabais !\" <\/em><\/strong>Vraiment ? Peut-\u00eatre qu'en tant que vendeur, je ne suis tout simplement pas dou\u00e9 pour faire comprendre les avantages. Non, je crois simplement que les clients veulent toujours tout moins cher. Alors je n'ai pas besoin d'adapter mes croyances.<\/li>\n<li><strong><em>\"La g\u00e9n\u00e9ration Z ne veut tout simplement plus travailler !\" <\/em><\/strong>On peut le croire. Peut-\u00eatre que beaucoup ne veulent tout simplement pas se plier aux processus et aux id\u00e9es compliqu\u00e9s de leurs a\u00een\u00e9s. Mais justement : il est plus facile de d\u00e9former la r\u00e9alit\u00e9 que de changer sa propre croyance en sa propre supr\u00e9matie.<\/li>\n<li><strong><em>\"Ceux d'en haut \/ ceux d'en bas ne comprennent tout simplement pas ce qui se passe vraiment !\" <\/em><\/strong>Exactement : nous cr\u00e9ons ainsi notre propre bulle de foi et pr\u00e9f\u00e9rons ne plus \u00e9couter les autres. Le mieux, c'est de les \"annuler\" tout de suite. Car cela ne correspond pas \u00e0 notre foi.<\/li>\n<\/ul>\n<p>Comme souvent, la compr\u00e9hension du contexte est le premier pas vers le changement. Si vous vous rendez compte que vos convictions ne sont souvent que votre croyance dans le \"vaisseau spatial\" de l'exemple d'entr\u00e9e, vous serez plus enclin \u00e0 envisager d'autres points de vue.<\/p>\n<p>Est-ce que c'est facile ? Non, pas du tout. Mais le monde en sera certainement meilleur.<\/p>\n<p>&nbsp;<\/p>\n<p><em><strong>Vers l'auteur :<\/strong><br \/>\nVolkmar V\u00f6lzke est un maximisateur de succ\u00e8s. Auteur de livres. Conseiller et consultant. Coach de formation. Orateur.\u00a0<a href=\"http:\/\/www.volkmarvoelzke.ch\/\">www.volkmarvoelzke.ch<\/a><\/em><\/p>","protected":false},"excerpt":{"rendered":"<p>En se basant sur une histoire vraie, l'impulsion de r\u00e9ussite suivante montre que l'on adapte souvent simplement la r\u00e9alit\u00e9 \u00e0 ses croyances personnelles. Mais on n'a pas toujours raison...<\/p>","protected":false},"author":4,"featured_media":22519,"comment_status":"closed","ping_status":"closed","sticky":false,"template":"","format":"standard","meta":{"_acf_changed":false,"_yoast_wpseo_focuskw":"falsch liegen","_yoast_wpseo_metadesc":"Ein neuer Erfolgs-Impuls zeigt auf, dass wir h\u00e4ufig falsch liegen - einfach, indem wir die Realit\u00e4t unserem Glauben anzupassen pflegen...","articlekey":"","footnotes":""},"categories":[28],"tags":[177,334,429],"class_list":["post-22516","post","type-post","status-publish","format-standard","has-post-thumbnail","hentry","category-management","tag-erfolgs-impuls","tag-management","tag-selbstmanagement"],"acf":[],"yoast_head":"<!-- This site is optimized with the Yoast SEO plugin v27.4 - https:\/\/yoast.com\/product\/yoast-seo-wordpress\/ -->\n<title>Warum Sie immer wieder falsch liegen - Organisator<\/title>\n<meta name=\"description\" content=\"Ein neuer Erfolgs-Impuls zeigt auf, dass wir h\u00e4ufig falsch liegen - einfach, indem wir die Realit\u00e4t unserem Glauben anzupassen pflegen...\" \/>\n<meta name=\"robots\" content=\"index, follow, max-snippet:-1, max-image-preview:large, max-video-preview:-1\" \/>\n<link rel=\"canonical\" href=\"https:\/\/www.organisator.ch\/fr\/gestion-2\/2023-10-24\/warum-sie-immer-wieder-falsch-liegen\/\" \/>\n<meta property=\"og:locale\" content=\"fr_FR\" \/>\n<meta property=\"og:type\" content=\"article\" \/>\n<meta property=\"og:title\" content=\"Warum Sie immer wieder falsch liegen\" \/>\n<meta property=\"og:description\" content=\"Ein neuer Erfolgs-Impuls zeigt auf, dass wir h\u00e4ufig falsch liegen - einfach, indem wir die Realit\u00e4t unserem Glauben anzupassen pflegen...\" \/>\n<meta property=\"og:url\" content=\"https:\/\/www.organisator.ch\/fr\/gestion-2\/2023-10-24\/warum-sie-immer-wieder-falsch-liegen\/\" \/>\n<meta property=\"og:site_name\" content=\"Organisator\" \/>\n<meta property=\"article:publisher\" content=\"https:\/\/www.facebook.com\/OrganisatorFachmagazin\" \/>\n<meta property=\"article:published_time\" content=\"2023-10-24T08:12:55+00:00\" \/>\n<meta property=\"article:modified_time\" content=\"2023-11-06T09:35:12+00:00\" \/>\n<meta property=\"og:image\" content=\"https:\/\/www.organisator.ch\/wp-content\/uploads\/2023\/10\/Warum-Sie-immer-wieder-falsch-liegen_Organisator.jpg\" \/>\n\t<meta property=\"og:image:width\" content=\"680\" \/>\n\t<meta property=\"og:image:height\" content=\"453\" \/>\n\t<meta property=\"og:image:type\" content=\"image\/jpeg\" \/>\n<meta name=\"author\" content=\"thomas.berner\" \/>\n<meta name=\"twitter:card\" content=\"summary_large_image\" \/>\n<meta name=\"twitter:title\" content=\"Warum Sie immer wieder #falsch liegen\" \/>\n<meta name=\"twitter:description\" content=\"Ein neuer #Erfolgs-Impuls zeigt auf, dass wir h\u00e4ufig #falsch liegen - einfach, indem wir die #Realit\u00e4t unserem #Glauben anzupassen pflegen...\" \/>\n<meta name=\"twitter:image\" content=\"https:\/\/www.organisator.ch\/wp-content\/uploads\/2023\/10\/Warum-Sie-immer-wieder-falsch-liegen_Organisator.jpg\" \/>\n<script type=\"application\/ld+json\" class=\"yoast-schema-graph\">{\"@context\":\"https:\\\/\\\/schema.org\",\"@graph\":[{\"@type\":\"Article\",\"@id\":\"https:\\\/\\\/www.organisator.ch\\\/management\\\/2023-10-24\\\/warum-sie-immer-wieder-falsch-liegen\\\/#article\",\"isPartOf\":{\"@id\":\"https:\\\/\\\/www.organisator.ch\\\/management\\\/2023-10-24\\\/warum-sie-immer-wieder-falsch-liegen\\\/\"},\"author\":{\"name\":\"thomas.berner\",\"@id\":\"https:\\\/\\\/www.organisator.ch\\\/#\\\/schema\\\/person\\\/6f650f90b2842cd4c0cc334b4e36f67e\"},\"headline\":\"Warum Sie immer wieder falsch liegen\",\"datePublished\":\"2023-10-24T08:12:55+00:00\",\"dateModified\":\"2023-11-06T09:35:12+00:00\",\"mainEntityOfPage\":{\"@id\":\"https:\\\/\\\/www.organisator.ch\\\/management\\\/2023-10-24\\\/warum-sie-immer-wieder-falsch-liegen\\\/\"},\"wordCount\":466,\"publisher\":{\"@id\":\"https:\\\/\\\/www.organisator.ch\\\/#organization\"},\"image\":{\"@id\":\"https:\\\/\\\/www.organisator.ch\\\/management\\\/2023-10-24\\\/warum-sie-immer-wieder-falsch-liegen\\\/#primaryimage\"},\"thumbnailUrl\":\"https:\\\/\\\/www.organisator.ch\\\/wp-content\\\/uploads\\\/2023\\\/10\\\/Warum-Sie-immer-wieder-falsch-liegen_Organisator.jpg\",\"keywords\":[\"Erfolgs-Impuls\",\"Management\",\"Selbstmanagement\"],\"articleSection\":[\"MANAGEMENT\"],\"inLanguage\":\"fr-FR\"},{\"@type\":\"WebPage\",\"@id\":\"https:\\\/\\\/www.organisator.ch\\\/management\\\/2023-10-24\\\/warum-sie-immer-wieder-falsch-liegen\\\/\",\"url\":\"https:\\\/\\\/www.organisator.ch\\\/management\\\/2023-10-24\\\/warum-sie-immer-wieder-falsch-liegen\\\/\",\"name\":\"Warum Sie immer wieder falsch liegen - Organisator\",\"isPartOf\":{\"@id\":\"https:\\\/\\\/www.organisator.ch\\\/#website\"},\"primaryImageOfPage\":{\"@id\":\"https:\\\/\\\/www.organisator.ch\\\/management\\\/2023-10-24\\\/warum-sie-immer-wieder-falsch-liegen\\\/#primaryimage\"},\"image\":{\"@id\":\"https:\\\/\\\/www.organisator.ch\\\/management\\\/2023-10-24\\\/warum-sie-immer-wieder-falsch-liegen\\\/#primaryimage\"},\"thumbnailUrl\":\"https:\\\/\\\/www.organisator.ch\\\/wp-content\\\/uploads\\\/2023\\\/10\\\/Warum-Sie-immer-wieder-falsch-liegen_Organisator.jpg\",\"datePublished\":\"2023-10-24T08:12:55+00:00\",\"dateModified\":\"2023-11-06T09:35:12+00:00\",\"description\":\"Ein neuer Erfolgs-Impuls zeigt auf, dass wir h\u00e4ufig falsch liegen - einfach, indem wir die Realit\u00e4t unserem Glauben anzupassen pflegen...\",\"breadcrumb\":{\"@id\":\"https:\\\/\\\/www.organisator.ch\\\/management\\\/2023-10-24\\\/warum-sie-immer-wieder-falsch-liegen\\\/#breadcrumb\"},\"inLanguage\":\"fr-FR\",\"potentialAction\":[{\"@type\":\"ReadAction\",\"target\":[\"https:\\\/\\\/www.organisator.ch\\\/management\\\/2023-10-24\\\/warum-sie-immer-wieder-falsch-liegen\\\/\"]}]},{\"@type\":\"ImageObject\",\"inLanguage\":\"fr-FR\",\"@id\":\"https:\\\/\\\/www.organisator.ch\\\/management\\\/2023-10-24\\\/warum-sie-immer-wieder-falsch-liegen\\\/#primaryimage\",\"url\":\"https:\\\/\\\/www.organisator.ch\\\/wp-content\\\/uploads\\\/2023\\\/10\\\/Warum-Sie-immer-wieder-falsch-liegen_Organisator.jpg\",\"contentUrl\":\"https:\\\/\\\/www.organisator.ch\\\/wp-content\\\/uploads\\\/2023\\\/10\\\/Warum-Sie-immer-wieder-falsch-liegen_Organisator.jpg\",\"width\":680,\"height\":453,\"caption\":\"Oben oder unten? Hoch oder tief? Oft passen wir die Realit\u00e4t einfach unserem Glauben an - aber damit kann man vielfach falsch liegen... (Bild: Pixabay.com)\"},{\"@type\":\"BreadcrumbList\",\"@id\":\"https:\\\/\\\/www.organisator.ch\\\/management\\\/2023-10-24\\\/warum-sie-immer-wieder-falsch-liegen\\\/#breadcrumb\",\"itemListElement\":[{\"@type\":\"ListItem\",\"position\":1,\"name\":\"Home\",\"item\":\"https:\\\/\\\/www.organisator.ch\\\/\"},{\"@type\":\"ListItem\",\"position\":2,\"name\":\"Warum Sie immer wieder falsch liegen\"}]},{\"@type\":\"WebSite\",\"@id\":\"https:\\\/\\\/www.organisator.ch\\\/#website\",\"url\":\"https:\\\/\\\/www.organisator.ch\\\/\",\"name\":\"Organisator\",\"description\":\"Kompetent. Praxisnah. Der ORGANISATOR bereitet in 10 Ausgaben pro Jahr die wesentlichen Themen f\u00fcr F\u00fchrungskr\u00e4fte von KMU auf.\",\"publisher\":{\"@id\":\"https:\\\/\\\/www.organisator.ch\\\/#organization\"},\"potentialAction\":[{\"@type\":\"SearchAction\",\"target\":{\"@type\":\"EntryPoint\",\"urlTemplate\":\"https:\\\/\\\/www.organisator.ch\\\/?s={search_term_string}\"},\"query-input\":{\"@type\":\"PropertyValueSpecification\",\"valueRequired\":true,\"valueName\":\"search_term_string\"}}],\"inLanguage\":\"fr-FR\"},{\"@type\":\"Organization\",\"@id\":\"https:\\\/\\\/www.organisator.ch\\\/#organization\",\"name\":\"Organisator\",\"url\":\"https:\\\/\\\/www.organisator.ch\\\/\",\"logo\":{\"@type\":\"ImageObject\",\"inLanguage\":\"fr-FR\",\"@id\":\"https:\\\/\\\/www.organisator.ch\\\/#\\\/schema\\\/logo\\\/image\\\/\",\"url\":\"https:\\\/\\\/www.organisator.ch\\\/wp-content\\\/uploads\\\/2022\\\/01\\\/Logo_Organisator_Website.png\",\"contentUrl\":\"https:\\\/\\\/www.organisator.ch\\\/wp-content\\\/uploads\\\/2022\\\/01\\\/Logo_Organisator_Website.png\",\"width\":800,\"height\":77,\"caption\":\"Organisator\"},\"image\":{\"@id\":\"https:\\\/\\\/www.organisator.ch\\\/#\\\/schema\\\/logo\\\/image\\\/\"},\"sameAs\":[\"https:\\\/\\\/www.facebook.com\\\/OrganisatorFachmagazin\",\"https:\\\/\\\/www.linkedin.com\\\/showcase\\\/organisator-das-magazin-fr-kmu\",\"https:\\\/\\\/www.xing.com\\\/news\\\/pages\\\/organisator-ch-695\",\"https:\\\/\\\/www.youtube.com\\\/channel\\\/UCGP2Sq0iWaZwT3BdIAQFYpw\"]},{\"@type\":\"Person\",\"@id\":\"https:\\\/\\\/www.organisator.ch\\\/#\\\/schema\\\/person\\\/6f650f90b2842cd4c0cc334b4e36f67e\",\"name\":\"thomas.berner\",\"image\":{\"@type\":\"ImageObject\",\"inLanguage\":\"fr-FR\",\"@id\":\"https:\\\/\\\/secure.gravatar.com\\\/avatar\\\/ac5001d2a36cb6c6cd3e50789007ffca834b477b74a2144564522e944eabff61?s=96&d=mm&r=g\",\"url\":\"https:\\\/\\\/secure.gravatar.com\\\/avatar\\\/ac5001d2a36cb6c6cd3e50789007ffca834b477b74a2144564522e944eabff61?s=96&d=mm&r=g\",\"contentUrl\":\"https:\\\/\\\/secure.gravatar.com\\\/avatar\\\/ac5001d2a36cb6c6cd3e50789007ffca834b477b74a2144564522e944eabff61?s=96&d=mm&r=g\",\"caption\":\"thomas.berner\"},\"url\":\"https:\\\/\\\/www.organisator.ch\\\/fr\\\/author\\\/thomas-berner\\\/\"}]}<\/script>\n<!-- \/ Yoast SEO plugin. -->","yoast_head_json":{"title":"Pourquoi vous vous trompez toujours - Organisateur","description":"Une nouvelle impulsion vers le succ\u00e8s montre que nous avons souvent tort - simplement parce que nous avons tendance \u00e0 adapter la r\u00e9alit\u00e9 \u00e0 nos croyances...","robots":{"index":"index","follow":"follow","max-snippet":"max-snippet:-1","max-image-preview":"max-image-preview:large","max-video-preview":"max-video-preview:-1"},"canonical":"https:\/\/www.organisator.ch\/fr\/gestion-2\/2023-10-24\/warum-sie-immer-wieder-falsch-liegen\/","og_locale":"fr_FR","og_type":"article","og_title":"Warum Sie immer wieder falsch liegen","og_description":"Ein neuer Erfolgs-Impuls zeigt auf, dass wir h\u00e4ufig falsch liegen - einfach, indem wir die Realit\u00e4t unserem Glauben anzupassen pflegen...","og_url":"https:\/\/www.organisator.ch\/fr\/gestion-2\/2023-10-24\/warum-sie-immer-wieder-falsch-liegen\/","og_site_name":"Organisator","article_publisher":"https:\/\/www.facebook.com\/OrganisatorFachmagazin","article_published_time":"2023-10-24T08:12:55+00:00","article_modified_time":"2023-11-06T09:35:12+00:00","og_image":[{"width":680,"height":453,"url":"https:\/\/www.organisator.ch\/wp-content\/uploads\/2023\/10\/Warum-Sie-immer-wieder-falsch-liegen_Organisator.jpg","type":"image\/jpeg"}],"author":"thomas.berner","twitter_card":"summary_large_image","twitter_title":"Warum Sie immer wieder #falsch liegen","twitter_description":"Ein neuer #Erfolgs-Impuls zeigt auf, dass wir h\u00e4ufig #falsch liegen - einfach, indem wir die #Realit\u00e4t unserem #Glauben anzupassen pflegen...","twitter_image":"https:\/\/www.organisator.ch\/wp-content\/uploads\/2023\/10\/Warum-Sie-immer-wieder-falsch-liegen_Organisator.jpg","schema":{"@context":"https:\/\/schema.org","@graph":[{"@type":"Article","@id":"https:\/\/www.organisator.ch\/management\/2023-10-24\/warum-sie-immer-wieder-falsch-liegen\/#article","isPartOf":{"@id":"https:\/\/www.organisator.ch\/management\/2023-10-24\/warum-sie-immer-wieder-falsch-liegen\/"},"author":{"name":"thomas.berner","@id":"https:\/\/www.organisator.ch\/#\/schema\/person\/6f650f90b2842cd4c0cc334b4e36f67e"},"headline":"Warum Sie immer wieder falsch liegen","datePublished":"2023-10-24T08:12:55+00:00","dateModified":"2023-11-06T09:35:12+00:00","mainEntityOfPage":{"@id":"https:\/\/www.organisator.ch\/management\/2023-10-24\/warum-sie-immer-wieder-falsch-liegen\/"},"wordCount":466,"publisher":{"@id":"https:\/\/www.organisator.ch\/#organization"},"image":{"@id":"https:\/\/www.organisator.ch\/management\/2023-10-24\/warum-sie-immer-wieder-falsch-liegen\/#primaryimage"},"thumbnailUrl":"https:\/\/www.organisator.ch\/wp-content\/uploads\/2023\/10\/Warum-Sie-immer-wieder-falsch-liegen_Organisator.jpg","keywords":["Erfolgs-Impuls","Management","Selbstmanagement"],"articleSection":["MANAGEMENT"],"inLanguage":"fr-FR"},{"@type":"WebPage","@id":"https:\/\/www.organisator.ch\/management\/2023-10-24\/warum-sie-immer-wieder-falsch-liegen\/","url":"https:\/\/www.organisator.ch\/management\/2023-10-24\/warum-sie-immer-wieder-falsch-liegen\/","name":"Pourquoi vous vous trompez toujours - Organisateur","isPartOf":{"@id":"https:\/\/www.organisator.ch\/#website"},"primaryImageOfPage":{"@id":"https:\/\/www.organisator.ch\/management\/2023-10-24\/warum-sie-immer-wieder-falsch-liegen\/#primaryimage"},"image":{"@id":"https:\/\/www.organisator.ch\/management\/2023-10-24\/warum-sie-immer-wieder-falsch-liegen\/#primaryimage"},"thumbnailUrl":"https:\/\/www.organisator.ch\/wp-content\/uploads\/2023\/10\/Warum-Sie-immer-wieder-falsch-liegen_Organisator.jpg","datePublished":"2023-10-24T08:12:55+00:00","dateModified":"2023-11-06T09:35:12+00:00","description":"Une nouvelle impulsion vers le succ\u00e8s montre que nous avons souvent tort - simplement parce que nous avons tendance \u00e0 adapter la r\u00e9alit\u00e9 \u00e0 nos croyances...","breadcrumb":{"@id":"https:\/\/www.organisator.ch\/management\/2023-10-24\/warum-sie-immer-wieder-falsch-liegen\/#breadcrumb"},"inLanguage":"fr-FR","potentialAction":[{"@type":"ReadAction","target":["https:\/\/www.organisator.ch\/management\/2023-10-24\/warum-sie-immer-wieder-falsch-liegen\/"]}]},{"@type":"ImageObject","inLanguage":"fr-FR","@id":"https:\/\/www.organisator.ch\/management\/2023-10-24\/warum-sie-immer-wieder-falsch-liegen\/#primaryimage","url":"https:\/\/www.organisator.ch\/wp-content\/uploads\/2023\/10\/Warum-Sie-immer-wieder-falsch-liegen_Organisator.jpg","contentUrl":"https:\/\/www.organisator.ch\/wp-content\/uploads\/2023\/10\/Warum-Sie-immer-wieder-falsch-liegen_Organisator.jpg","width":680,"height":453,"caption":"Oben oder unten? Hoch oder tief? Oft passen wir die Realit\u00e4t einfach unserem Glauben an - aber damit kann man vielfach falsch liegen... (Bild: Pixabay.com)"},{"@type":"BreadcrumbList","@id":"https:\/\/www.organisator.ch\/management\/2023-10-24\/warum-sie-immer-wieder-falsch-liegen\/#breadcrumb","itemListElement":[{"@type":"ListItem","position":1,"name":"Home","item":"https:\/\/www.organisator.ch\/"},{"@type":"ListItem","position":2,"name":"Warum Sie immer wieder falsch liegen"}]},{"@type":"WebSite","@id":"https:\/\/www.organisator.ch\/#website","url":"https:\/\/www.organisator.ch\/","name":"Organisateur","description":"Comp\u00e9tence et comp\u00e9tence. Proches de la pratique. L'ORGANISATEUR pr\u00e9pare 10 num\u00e9ros par an sur les th\u00e8mes essentiels pour les dirigeants de PME.","publisher":{"@id":"https:\/\/www.organisator.ch\/#organization"},"potentialAction":[{"@type":"SearchAction","target":{"@type":"EntryPoint","urlTemplate":"https:\/\/www.organisator.ch\/?s={search_term_string}"},"query-input":{"@type":"PropertyValueSpecification","valueRequired":true,"valueName":"search_term_string"}}],"inLanguage":"fr-FR"},{"@type":"Organization","@id":"https:\/\/www.organisator.ch\/#organization","name":"Organisateur","url":"https:\/\/www.organisator.ch\/","logo":{"@type":"ImageObject","inLanguage":"fr-FR","@id":"https:\/\/www.organisator.ch\/#\/schema\/logo\/image\/","url":"https:\/\/www.organisator.ch\/wp-content\/uploads\/2022\/01\/Logo_Organisator_Website.png","contentUrl":"https:\/\/www.organisator.ch\/wp-content\/uploads\/2022\/01\/Logo_Organisator_Website.png","width":800,"height":77,"caption":"Organisator"},"image":{"@id":"https:\/\/www.organisator.ch\/#\/schema\/logo\/image\/"},"sameAs":["https:\/\/www.facebook.com\/OrganisatorFachmagazin","https:\/\/www.linkedin.com\/showcase\/organisator-das-magazin-fr-kmu","https:\/\/www.xing.com\/news\/pages\/organisator-ch-695","https:\/\/www.youtube.com\/channel\/UCGP2Sq0iWaZwT3BdIAQFYpw"]},{"@type":"Person","@id":"https:\/\/www.organisator.ch\/#\/schema\/person\/6f650f90b2842cd4c0cc334b4e36f67e","name":"thomas.berner","image":{"@type":"ImageObject","inLanguage":"fr-FR","@id":"https:\/\/secure.gravatar.com\/avatar\/ac5001d2a36cb6c6cd3e50789007ffca834b477b74a2144564522e944eabff61?s=96&d=mm&r=g","url":"https:\/\/secure.gravatar.com\/avatar\/ac5001d2a36cb6c6cd3e50789007ffca834b477b74a2144564522e944eabff61?s=96&d=mm&r=g","contentUrl":"https:\/\/secure.gravatar.com\/avatar\/ac5001d2a36cb6c6cd3e50789007ffca834b477b74a2144564522e944eabff61?s=96&d=mm&r=g","caption":"thomas.berner"},"url":"https:\/\/www.organisator.ch\/fr\/author\/thomas-berner\/"}]}},"_links":{"self":[{"href":"https:\/\/www.organisator.ch\/fr\/wp-json\/wp\/v2\/posts\/22516","targetHints":{"allow":["GET"]}}],"collection":[{"href":"https:\/\/www.organisator.ch\/fr\/wp-json\/wp\/v2\/posts"}],"about":[{"href":"https:\/\/www.organisator.ch\/fr\/wp-json\/wp\/v2\/types\/post"}],"author":[{"embeddable":true,"href":"https:\/\/www.organisator.ch\/fr\/wp-json\/wp\/v2\/users\/4"}],"replies":[{"embeddable":true,"href":"https:\/\/www.organisator.ch\/fr\/wp-json\/wp\/v2\/comments?post=22516"}],"version-history":[{"count":1,"href":"https:\/\/www.organisator.ch\/fr\/wp-json\/wp\/v2\/posts\/22516\/revisions"}],"predecessor-version":[{"id":22520,"href":"https:\/\/www.organisator.ch\/fr\/wp-json\/wp\/v2\/posts\/22516\/revisions\/22520"}],"wp:featuredmedia":[{"embeddable":true,"href":"https:\/\/www.organisator.ch\/fr\/wp-json\/wp\/v2\/media\/22519"}],"wp:attachment":[{"href":"https:\/\/www.organisator.ch\/fr\/wp-json\/wp\/v2\/media?parent=22516"}],"wp:term":[{"taxonomy":"category","embeddable":true,"href":"https:\/\/www.organisator.ch\/fr\/wp-json\/wp\/v2\/categories?post=22516"},{"taxonomy":"post_tag","embeddable":true,"href":"https:\/\/www.organisator.ch\/fr\/wp-json\/wp\/v2\/tags?post=22516"}],"curies":[{"name":"wp","href":"https:\/\/api.w.org\/{rel}","templated":true}]}}