{"id":22547,"date":"2023-10-23T15:50:50","date_gmt":"2023-10-23T13:50:50","guid":{"rendered":"https:\/\/www.organisator.ch\/?p=22547"},"modified":"2023-10-23T15:50:50","modified_gmt":"2023-10-23T13:50:50","slug":"mit-online-ticketing-an-den-digitaltag-zentralschweiz","status":"publish","type":"post","link":"https:\/\/www.organisator.ch\/fr\/marketing\/2023-10-23\/mit-online-ticketing-an-den-digitaltag-zentralschweiz\/","title":{"rendered":"Avec la billetterie en ligne \u00e0 la Journ\u00e9e num\u00e9rique de Suisse centrale"},"content":{"rendered":"<figure id=\"attachment_22548\" aria-describedby=\"caption-attachment-22548\" style=\"width: 680px\" class=\"wp-caption alignnone\"><img loading=\"lazy\" decoding=\"async\" class=\"wp-image-22548 size-full\" src=\"https:\/\/www.organisator.ch\/wp-content\/uploads\/2023\/10\/NextEvent_Bild1_ps.jpg\" alt=\"\" width=\"680\" height=\"453\" srcset=\"https:\/\/www.organisator.ch\/wp-content\/uploads\/2023\/10\/NextEvent_Bild1_ps.jpg 680w, https:\/\/www.organisator.ch\/wp-content\/uploads\/2023\/10\/NextEvent_Bild1_ps-18x12.jpg 18w, https:\/\/www.organisator.ch\/wp-content\/uploads\/2023\/10\/NextEvent_Bild1_ps-375x250.jpg 375w, https:\/\/www.organisator.ch\/wp-content\/uploads\/2023\/10\/NextEvent_Bild1_ps-525x350.jpg 525w\" sizes=\"auto, (max-width: 680px) 100vw, 680px\" \/><figcaption id=\"caption-attachment-22548\" class=\"wp-caption-text\">Solution de billetterie en ligne pour la Journ\u00e9e num\u00e9rique de Suisse centrale. (Image : www.unsplash.com)<\/figcaption><\/figure>\n<p>Les visiteurs de la Journ\u00e9e num\u00e9rique peuvent acheter leur billet num\u00e9riquement de mani\u00e8re autonome et s\u00e9curis\u00e9e. Le widget NextEvent int\u00e9gr\u00e9 sur le site web de digitalswitzerland Zentralschweiz permet de s'inscrire et d'acheter un ou plusieurs billets. En outre, il est possible de saisir et d'activer un code de r\u00e9duction ou une carte de membre, ce qui est bien s\u00fbr tr\u00e8s important pour les partenaires et les sponsors de la Journ\u00e9e du num\u00e9rique. Les visiteurs paient les billets choisis par carte de cr\u00e9dit, Postcard ou Twint et re\u00e7oivent leur billet par e-mail ou directement sauvegard\u00e9 dans le portefeuille mobile. Les participants sont ainsi guid\u00e9s rapidement et efficacement \u00e0 travers le processus de r\u00e9servation jusqu'au paiement, ce qui leur permet d'obtenir le billet souhait\u00e9 en toute s\u00e9curit\u00e9.<\/p>\n<p>Bruno Affentranger, pr\u00e9sident de digitalswitzerland Zentralschweiz, souligne : \"Gr\u00e2ce au syst\u00e8me de gestion de la billetterie efficace et s\u00e9curis\u00e9 de NextEvent, nous offrons \u00e0 nos visiteurs de la Journ\u00e9e num\u00e9rique une vente de billets en ligne pratique avec une technologie web de pointe. Pour notre collaboration, il est important que nous puissions faire confiance \u00e0 NextEvent et offrir ainsi aux visiteurs une exp\u00e9rience num\u00e9rique attrayante et un service client de haut niveau d\u00e8s la r\u00e9servation du billet\".<\/p>\n<h3><strong>La protection des donn\u00e9es est cruciale et une question de confiance<\/strong><\/h3>\n<p>Chaque organisateur dispose de son propre syst\u00e8me et peut ainsi s'assurer que ses donn\u00e9es lui appartiennent et que les ressources ne sont pas partag\u00e9es avec d'autres organisateurs. La protection des donn\u00e9es de NextEvent est la plus importante pour les organisateurs et les utilisateurs des services de NextEvent.<\/p>\n<p>La 3e Journ\u00e9e du num\u00e9rique, dont le th\u00e8me principal est \"Trust\", aura lieu au Mus\u00e9e suisse des transports \u00e0 Lucerne en collaboration avec des partenaires et des soutiens de renom, organis\u00e9e par digitagswitzerland Suisse centrale. Elle propose un programme vari\u00e9, des inputs passionnants et surprenants ainsi que la possibilit\u00e9 d'\u00e9changer et de r\u00e9seauter avec des passionn\u00e9s du num\u00e9rique et des d\u00e9cideurs de Suisse centrale sur les derniers d\u00e9veloppements dans le domaine de la num\u00e9risation. Des questions telles que : Comment g\u00e9rons-nous la (d\u00e9)s\u00e9curit\u00e9 des donn\u00e9es et qu'en est-il de la notion d'\u00e9cosyst\u00e8me de confiance ?<\/p>\n<p>Roger Kobel, CMO chez NextEvent, d\u00e9clare : \"Nous sommes tr\u00e8s fiers et heureux d'avoir gagn\u00e9 la confiance de digitalswitzerland Zentralschweiz avec notre syst\u00e8me de gestion de la billetterie technologiquement avanc\u00e9 et de pouvoir mettre cette solution attrayante, num\u00e9rique et facile \u00e0 utiliser \u00e0 la disposition des visiteurs de la 3e Journ\u00e9e num\u00e9rique de Suisse centrale\".<\/p>\n<p><em>Source : <a href=\"https:\/\/www.nextevent.com\/de\/\">www.nextevent.com\u00a0<\/a><\/em><\/p>","protected":false},"excerpt":{"rendered":"<p>La r\u00e9servation interactive de billets en ligne pour la 3e Journ\u00e9e num\u00e9rique de Suisse centrale 2023 avec NextEvent, un fournisseur suisse d'un logiciel \u00e9prouv\u00e9 de billetterie, de gestion d'\u00e9v\u00e9nements et de congr\u00e8s, est une nouvelle preuve de sa solution num\u00e9rique et pratique. L'ensemble de la vente de billets se fera via NextEvent.com avec sa solution de billetterie en ligne attrayante pour la Journ\u00e9e num\u00e9rique de Suisse centrale, dont le th\u00e8me principal est \"Trust\", le 7 novembre 2023 \u00e0 Lucerne.<\/p>","protected":false},"author":58,"featured_media":22548,"comment_status":"closed","ping_status":"closed","sticky":false,"template":"","format":"standard","meta":{"_acf_changed":false,"_yoast_wpseo_focuskw":"Digitaltag","_yoast_wpseo_metadesc":"Die Online-Ticketreservation f\u00fcr den Digitaltag Zentralschweiz mit NextEvent, der Ticketing-, Event- und Kongress-Management Software.","articlekey":"","footnotes":""},"categories":[29],"tags":[156,339,492,502],"class_list":["post-22547","post","type-post","status-publish","format-standard","has-post-thumbnail","hentry","category-marketing","tag-digitalisierung","tag-marketing","tag-unternehmen","tag-veranstaltungen"],"acf":[],"yoast_head":"<!-- This site is optimized with the Yoast SEO plugin v27.5 - https:\/\/yoast.com\/product\/yoast-seo-wordpress\/ -->\n<title>Mit Online-Ticketing an den Digitaltag Zentralschweiz - Organisator<\/title>\n<meta name=\"description\" content=\"Die Online-Ticketreservation f\u00fcr den Digitaltag Zentralschweiz mit NextEvent, der Ticketing-, Event- und Kongress-Management Software.\" \/>\n<meta name=\"robots\" content=\"index, follow, max-snippet:-1, max-image-preview:large, max-video-preview:-1\" \/>\n<link rel=\"canonical\" href=\"https:\/\/www.organisator.ch\/fr\/marketing\/2023-10-23\/mit-online-ticketing-an-den-digitaltag-zentralschweiz\/\" \/>\n<meta property=\"og:locale\" content=\"fr_FR\" \/>\n<meta property=\"og:type\" content=\"article\" \/>\n<meta property=\"og:title\" content=\"Mit Online-Ticketing an den Digitaltag Zentralschweiz\" \/>\n<meta property=\"og:description\" content=\"Die Online-Ticketreservation f\u00fcr den Digitaltag Zentralschweiz mit NextEvent, der Ticketing-, Event- und Kongress-Management Software.\" \/>\n<meta property=\"og:url\" content=\"https:\/\/www.organisator.ch\/fr\/marketing\/2023-10-23\/mit-online-ticketing-an-den-digitaltag-zentralschweiz\/\" \/>\n<meta property=\"og:site_name\" content=\"Organisator\" \/>\n<meta property=\"article:publisher\" content=\"https:\/\/www.facebook.com\/OrganisatorFachmagazin\" \/>\n<meta property=\"article:published_time\" content=\"2023-10-23T13:50:50+00:00\" \/>\n<meta property=\"og:image\" content=\"https:\/\/www.organisator.ch\/wp-content\/uploads\/2023\/10\/NextEvent_Bild1_ps.jpg\" \/>\n\t<meta property=\"og:image:width\" content=\"680\" \/>\n\t<meta property=\"og:image:height\" content=\"453\" \/>\n\t<meta property=\"og:image:type\" content=\"image\/jpeg\" \/>\n<meta name=\"author\" content=\"Adelisa Kalajdzini\" \/>\n<meta name=\"twitter:card\" content=\"summary_large_image\" \/>\n<meta name=\"twitter:title\" content=\"Mit Online-Ticketing an den Digitaltag Zentralschweiz\" \/>\n<meta name=\"twitter:description\" content=\"Die #Online-Ticketreservation f\u00fcr den #Digitaltag Zentralschweiz mit #NextEvent, der Ticketing-, Event- und Kongress-Management Software.\" \/>\n<meta name=\"twitter:image\" content=\"https:\/\/www.organisator.ch\/wp-content\/uploads\/2023\/10\/NextEvent_Bild1_ps.jpg\" \/>\n<script type=\"application\/ld+json\" class=\"yoast-schema-graph\">{\"@context\":\"https:\\\/\\\/schema.org\",\"@graph\":[{\"@type\":\"Article\",\"@id\":\"https:\\\/\\\/www.organisator.ch\\\/marketing\\\/2023-10-23\\\/mit-online-ticketing-an-den-digitaltag-zentralschweiz\\\/#article\",\"isPartOf\":{\"@id\":\"https:\\\/\\\/www.organisator.ch\\\/marketing\\\/2023-10-23\\\/mit-online-ticketing-an-den-digitaltag-zentralschweiz\\\/\"},\"author\":{\"name\":\"Adelisa Kalajdzini\",\"@id\":\"https:\\\/\\\/www.organisator.ch\\\/#\\\/schema\\\/person\\\/2e1314a2172123f874db408d8911d3f3\"},\"headline\":\"Mit Online-Ticketing an den Digitaltag Zentralschweiz\",\"datePublished\":\"2023-10-23T13:50:50+00:00\",\"mainEntityOfPage\":{\"@id\":\"https:\\\/\\\/www.organisator.ch\\\/marketing\\\/2023-10-23\\\/mit-online-ticketing-an-den-digitaltag-zentralschweiz\\\/\"},\"wordCount\":366,\"publisher\":{\"@id\":\"https:\\\/\\\/www.organisator.ch\\\/#organization\"},\"image\":{\"@id\":\"https:\\\/\\\/www.organisator.ch\\\/marketing\\\/2023-10-23\\\/mit-online-ticketing-an-den-digitaltag-zentralschweiz\\\/#primaryimage\"},\"thumbnailUrl\":\"https:\\\/\\\/www.organisator.ch\\\/wp-content\\\/uploads\\\/2023\\\/10\\\/NextEvent_Bild1_ps.jpg\",\"keywords\":[\"Digitalisierung\",\"Marketing\",\"Unternehmen\",\"Veranstaltungen\"],\"articleSection\":[\"MARKETING\"],\"inLanguage\":\"fr-FR\"},{\"@type\":\"WebPage\",\"@id\":\"https:\\\/\\\/www.organisator.ch\\\/marketing\\\/2023-10-23\\\/mit-online-ticketing-an-den-digitaltag-zentralschweiz\\\/\",\"url\":\"https:\\\/\\\/www.organisator.ch\\\/marketing\\\/2023-10-23\\\/mit-online-ticketing-an-den-digitaltag-zentralschweiz\\\/\",\"name\":\"Mit Online-Ticketing an den Digitaltag Zentralschweiz - Organisator\",\"isPartOf\":{\"@id\":\"https:\\\/\\\/www.organisator.ch\\\/#website\"},\"primaryImageOfPage\":{\"@id\":\"https:\\\/\\\/www.organisator.ch\\\/marketing\\\/2023-10-23\\\/mit-online-ticketing-an-den-digitaltag-zentralschweiz\\\/#primaryimage\"},\"image\":{\"@id\":\"https:\\\/\\\/www.organisator.ch\\\/marketing\\\/2023-10-23\\\/mit-online-ticketing-an-den-digitaltag-zentralschweiz\\\/#primaryimage\"},\"thumbnailUrl\":\"https:\\\/\\\/www.organisator.ch\\\/wp-content\\\/uploads\\\/2023\\\/10\\\/NextEvent_Bild1_ps.jpg\",\"datePublished\":\"2023-10-23T13:50:50+00:00\",\"description\":\"Die Online-Ticketreservation f\u00fcr den Digitaltag Zentralschweiz mit NextEvent, der Ticketing-, Event- und Kongress-Management Software.\",\"breadcrumb\":{\"@id\":\"https:\\\/\\\/www.organisator.ch\\\/marketing\\\/2023-10-23\\\/mit-online-ticketing-an-den-digitaltag-zentralschweiz\\\/#breadcrumb\"},\"inLanguage\":\"fr-FR\",\"potentialAction\":[{\"@type\":\"ReadAction\",\"target\":[\"https:\\\/\\\/www.organisator.ch\\\/marketing\\\/2023-10-23\\\/mit-online-ticketing-an-den-digitaltag-zentralschweiz\\\/\"]}]},{\"@type\":\"ImageObject\",\"inLanguage\":\"fr-FR\",\"@id\":\"https:\\\/\\\/www.organisator.ch\\\/marketing\\\/2023-10-23\\\/mit-online-ticketing-an-den-digitaltag-zentralschweiz\\\/#primaryimage\",\"url\":\"https:\\\/\\\/www.organisator.ch\\\/wp-content\\\/uploads\\\/2023\\\/10\\\/NextEvent_Bild1_ps.jpg\",\"contentUrl\":\"https:\\\/\\\/www.organisator.ch\\\/wp-content\\\/uploads\\\/2023\\\/10\\\/NextEvent_Bild1_ps.jpg\",\"width\":680,\"height\":453,\"caption\":\"Online Ticketing-L\u00f6sung f\u00fcr den Digitaltag Zentralschweiz mit dem Schwerpunktthema \u00abTrust\u00bb am 7. November 2023 in Luzern. (Bild: www.unsplash.com)\"},{\"@type\":\"BreadcrumbList\",\"@id\":\"https:\\\/\\\/www.organisator.ch\\\/marketing\\\/2023-10-23\\\/mit-online-ticketing-an-den-digitaltag-zentralschweiz\\\/#breadcrumb\",\"itemListElement\":[{\"@type\":\"ListItem\",\"position\":1,\"name\":\"Home\",\"item\":\"https:\\\/\\\/www.organisator.ch\\\/\"},{\"@type\":\"ListItem\",\"position\":2,\"name\":\"Mit Online-Ticketing an den Digitaltag Zentralschweiz\"}]},{\"@type\":\"WebSite\",\"@id\":\"https:\\\/\\\/www.organisator.ch\\\/#website\",\"url\":\"https:\\\/\\\/www.organisator.ch\\\/\",\"name\":\"Organisator\",\"description\":\"Kompetent. Praxisnah. Der ORGANISATOR bereitet in 10 Ausgaben pro Jahr die wesentlichen Themen f\u00fcr F\u00fchrungskr\u00e4fte von KMU auf.\",\"publisher\":{\"@id\":\"https:\\\/\\\/www.organisator.ch\\\/#organization\"},\"potentialAction\":[{\"@type\":\"SearchAction\",\"target\":{\"@type\":\"EntryPoint\",\"urlTemplate\":\"https:\\\/\\\/www.organisator.ch\\\/?s={search_term_string}\"},\"query-input\":{\"@type\":\"PropertyValueSpecification\",\"valueRequired\":true,\"valueName\":\"search_term_string\"}}],\"inLanguage\":\"fr-FR\"},{\"@type\":\"Organization\",\"@id\":\"https:\\\/\\\/www.organisator.ch\\\/#organization\",\"name\":\"Organisator\",\"url\":\"https:\\\/\\\/www.organisator.ch\\\/\",\"logo\":{\"@type\":\"ImageObject\",\"inLanguage\":\"fr-FR\",\"@id\":\"https:\\\/\\\/www.organisator.ch\\\/#\\\/schema\\\/logo\\\/image\\\/\",\"url\":\"https:\\\/\\\/www.organisator.ch\\\/wp-content\\\/uploads\\\/2022\\\/01\\\/Logo_Organisator_Website.png\",\"contentUrl\":\"https:\\\/\\\/www.organisator.ch\\\/wp-content\\\/uploads\\\/2022\\\/01\\\/Logo_Organisator_Website.png\",\"width\":800,\"height\":77,\"caption\":\"Organisator\"},\"image\":{\"@id\":\"https:\\\/\\\/www.organisator.ch\\\/#\\\/schema\\\/logo\\\/image\\\/\"},\"sameAs\":[\"https:\\\/\\\/www.facebook.com\\\/OrganisatorFachmagazin\",\"https:\\\/\\\/www.linkedin.com\\\/showcase\\\/organisator-das-magazin-fr-kmu\",\"https:\\\/\\\/www.xing.com\\\/news\\\/pages\\\/organisator-ch-695\",\"https:\\\/\\\/www.youtube.com\\\/channel\\\/UCGP2Sq0iWaZwT3BdIAQFYpw\"]},{\"@type\":\"Person\",\"@id\":\"https:\\\/\\\/www.organisator.ch\\\/#\\\/schema\\\/person\\\/2e1314a2172123f874db408d8911d3f3\",\"name\":\"Adelisa Kalajdzini\",\"image\":{\"@type\":\"ImageObject\",\"inLanguage\":\"fr-FR\",\"@id\":\"https:\\\/\\\/secure.gravatar.com\\\/avatar\\\/09a397c22ac58cad6f160ee8306348599df9df58a8ede73696226897b9fa4b24?s=96&d=mm&r=g\",\"url\":\"https:\\\/\\\/secure.gravatar.com\\\/avatar\\\/09a397c22ac58cad6f160ee8306348599df9df58a8ede73696226897b9fa4b24?s=96&d=mm&r=g\",\"contentUrl\":\"https:\\\/\\\/secure.gravatar.com\\\/avatar\\\/09a397c22ac58cad6f160ee8306348599df9df58a8ede73696226897b9fa4b24?s=96&d=mm&r=g\",\"caption\":\"Adelisa Kalajdzini\"},\"url\":\"https:\\\/\\\/www.organisator.ch\\\/fr\\\/author\\\/adelisa-kalajdzini\\\/\"}]}<\/script>\n<!-- \/ Yoast SEO plugin. -->","yoast_head_json":{"title":"Avec la billetterie en ligne \u00e0 la Journ\u00e9e num\u00e9rique de la Suisse centrale - Organisateur","description":"La r\u00e9servation en ligne de billets pour le Digitaltag Zentralschweiz avec NextEvent, le logiciel de billetterie, de gestion d'\u00e9v\u00e9nements et de congr\u00e8s.","robots":{"index":"index","follow":"follow","max-snippet":"max-snippet:-1","max-image-preview":"max-image-preview:large","max-video-preview":"max-video-preview:-1"},"canonical":"https:\/\/www.organisator.ch\/fr\/marketing\/2023-10-23\/mit-online-ticketing-an-den-digitaltag-zentralschweiz\/","og_locale":"fr_FR","og_type":"article","og_title":"Mit Online-Ticketing an den Digitaltag Zentralschweiz","og_description":"Die Online-Ticketreservation f\u00fcr den Digitaltag Zentralschweiz mit NextEvent, der Ticketing-, Event- und Kongress-Management Software.","og_url":"https:\/\/www.organisator.ch\/fr\/marketing\/2023-10-23\/mit-online-ticketing-an-den-digitaltag-zentralschweiz\/","og_site_name":"Organisator","article_publisher":"https:\/\/www.facebook.com\/OrganisatorFachmagazin","article_published_time":"2023-10-23T13:50:50+00:00","og_image":[{"width":680,"height":453,"url":"https:\/\/www.organisator.ch\/wp-content\/uploads\/2023\/10\/NextEvent_Bild1_ps.jpg","type":"image\/jpeg"}],"author":"Adelisa Kalajdzini","twitter_card":"summary_large_image","twitter_title":"Mit Online-Ticketing an den Digitaltag Zentralschweiz","twitter_description":"Die #Online-Ticketreservation f\u00fcr den #Digitaltag Zentralschweiz mit #NextEvent, der Ticketing-, Event- und Kongress-Management Software.","twitter_image":"https:\/\/www.organisator.ch\/wp-content\/uploads\/2023\/10\/NextEvent_Bild1_ps.jpg","schema":{"@context":"https:\/\/schema.org","@graph":[{"@type":"Article","@id":"https:\/\/www.organisator.ch\/marketing\/2023-10-23\/mit-online-ticketing-an-den-digitaltag-zentralschweiz\/#article","isPartOf":{"@id":"https:\/\/www.organisator.ch\/marketing\/2023-10-23\/mit-online-ticketing-an-den-digitaltag-zentralschweiz\/"},"author":{"name":"Adelisa Kalajdzini","@id":"https:\/\/www.organisator.ch\/#\/schema\/person\/2e1314a2172123f874db408d8911d3f3"},"headline":"Mit Online-Ticketing an den Digitaltag Zentralschweiz","datePublished":"2023-10-23T13:50:50+00:00","mainEntityOfPage":{"@id":"https:\/\/www.organisator.ch\/marketing\/2023-10-23\/mit-online-ticketing-an-den-digitaltag-zentralschweiz\/"},"wordCount":366,"publisher":{"@id":"https:\/\/www.organisator.ch\/#organization"},"image":{"@id":"https:\/\/www.organisator.ch\/marketing\/2023-10-23\/mit-online-ticketing-an-den-digitaltag-zentralschweiz\/#primaryimage"},"thumbnailUrl":"https:\/\/www.organisator.ch\/wp-content\/uploads\/2023\/10\/NextEvent_Bild1_ps.jpg","keywords":["Digitalisierung","Marketing","Unternehmen","Veranstaltungen"],"articleSection":["MARKETING"],"inLanguage":"fr-FR"},{"@type":"WebPage","@id":"https:\/\/www.organisator.ch\/marketing\/2023-10-23\/mit-online-ticketing-an-den-digitaltag-zentralschweiz\/","url":"https:\/\/www.organisator.ch\/marketing\/2023-10-23\/mit-online-ticketing-an-den-digitaltag-zentralschweiz\/","name":"Avec la billetterie en ligne \u00e0 la Journ\u00e9e num\u00e9rique de la Suisse centrale - Organisateur","isPartOf":{"@id":"https:\/\/www.organisator.ch\/#website"},"primaryImageOfPage":{"@id":"https:\/\/www.organisator.ch\/marketing\/2023-10-23\/mit-online-ticketing-an-den-digitaltag-zentralschweiz\/#primaryimage"},"image":{"@id":"https:\/\/www.organisator.ch\/marketing\/2023-10-23\/mit-online-ticketing-an-den-digitaltag-zentralschweiz\/#primaryimage"},"thumbnailUrl":"https:\/\/www.organisator.ch\/wp-content\/uploads\/2023\/10\/NextEvent_Bild1_ps.jpg","datePublished":"2023-10-23T13:50:50+00:00","description":"La r\u00e9servation en ligne de billets pour le Digitaltag Zentralschweiz avec NextEvent, le logiciel de billetterie, de gestion d'\u00e9v\u00e9nements et de congr\u00e8s.","breadcrumb":{"@id":"https:\/\/www.organisator.ch\/marketing\/2023-10-23\/mit-online-ticketing-an-den-digitaltag-zentralschweiz\/#breadcrumb"},"inLanguage":"fr-FR","potentialAction":[{"@type":"ReadAction","target":["https:\/\/www.organisator.ch\/marketing\/2023-10-23\/mit-online-ticketing-an-den-digitaltag-zentralschweiz\/"]}]},{"@type":"ImageObject","inLanguage":"fr-FR","@id":"https:\/\/www.organisator.ch\/marketing\/2023-10-23\/mit-online-ticketing-an-den-digitaltag-zentralschweiz\/#primaryimage","url":"https:\/\/www.organisator.ch\/wp-content\/uploads\/2023\/10\/NextEvent_Bild1_ps.jpg","contentUrl":"https:\/\/www.organisator.ch\/wp-content\/uploads\/2023\/10\/NextEvent_Bild1_ps.jpg","width":680,"height":453,"caption":"Online Ticketing-L\u00f6sung f\u00fcr den Digitaltag Zentralschweiz mit dem Schwerpunktthema \u00abTrust\u00bb am 7. November 2023 in Luzern. (Bild: www.unsplash.com)"},{"@type":"BreadcrumbList","@id":"https:\/\/www.organisator.ch\/marketing\/2023-10-23\/mit-online-ticketing-an-den-digitaltag-zentralschweiz\/#breadcrumb","itemListElement":[{"@type":"ListItem","position":1,"name":"Home","item":"https:\/\/www.organisator.ch\/"},{"@type":"ListItem","position":2,"name":"Mit Online-Ticketing an den Digitaltag Zentralschweiz"}]},{"@type":"WebSite","@id":"https:\/\/www.organisator.ch\/#website","url":"https:\/\/www.organisator.ch\/","name":"Organisateur","description":"Comp\u00e9tence et comp\u00e9tence. Proches de la pratique. L'ORGANISATEUR pr\u00e9pare 10 num\u00e9ros par an sur les th\u00e8mes essentiels pour les dirigeants de PME.","publisher":{"@id":"https:\/\/www.organisator.ch\/#organization"},"potentialAction":[{"@type":"SearchAction","target":{"@type":"EntryPoint","urlTemplate":"https:\/\/www.organisator.ch\/?s={search_term_string}"},"query-input":{"@type":"PropertyValueSpecification","valueRequired":true,"valueName":"search_term_string"}}],"inLanguage":"fr-FR"},{"@type":"Organization","@id":"https:\/\/www.organisator.ch\/#organization","name":"Organisateur","url":"https:\/\/www.organisator.ch\/","logo":{"@type":"ImageObject","inLanguage":"fr-FR","@id":"https:\/\/www.organisator.ch\/#\/schema\/logo\/image\/","url":"https:\/\/www.organisator.ch\/wp-content\/uploads\/2022\/01\/Logo_Organisator_Website.png","contentUrl":"https:\/\/www.organisator.ch\/wp-content\/uploads\/2022\/01\/Logo_Organisator_Website.png","width":800,"height":77,"caption":"Organisator"},"image":{"@id":"https:\/\/www.organisator.ch\/#\/schema\/logo\/image\/"},"sameAs":["https:\/\/www.facebook.com\/OrganisatorFachmagazin","https:\/\/www.linkedin.com\/showcase\/organisator-das-magazin-fr-kmu","https:\/\/www.xing.com\/news\/pages\/organisator-ch-695","https:\/\/www.youtube.com\/channel\/UCGP2Sq0iWaZwT3BdIAQFYpw"]},{"@type":"Person","@id":"https:\/\/www.organisator.ch\/#\/schema\/person\/2e1314a2172123f874db408d8911d3f3","name":"Adelisa Kalajdzini","image":{"@type":"ImageObject","inLanguage":"fr-FR","@id":"https:\/\/secure.gravatar.com\/avatar\/09a397c22ac58cad6f160ee8306348599df9df58a8ede73696226897b9fa4b24?s=96&d=mm&r=g","url":"https:\/\/secure.gravatar.com\/avatar\/09a397c22ac58cad6f160ee8306348599df9df58a8ede73696226897b9fa4b24?s=96&d=mm&r=g","contentUrl":"https:\/\/secure.gravatar.com\/avatar\/09a397c22ac58cad6f160ee8306348599df9df58a8ede73696226897b9fa4b24?s=96&d=mm&r=g","caption":"Adelisa Kalajdzini"},"url":"https:\/\/www.organisator.ch\/fr\/author\/adelisa-kalajdzini\/"}]}},"_links":{"self":[{"href":"https:\/\/www.organisator.ch\/fr\/wp-json\/wp\/v2\/posts\/22547","targetHints":{"allow":["GET"]}}],"collection":[{"href":"https:\/\/www.organisator.ch\/fr\/wp-json\/wp\/v2\/posts"}],"about":[{"href":"https:\/\/www.organisator.ch\/fr\/wp-json\/wp\/v2\/types\/post"}],"author":[{"embeddable":true,"href":"https:\/\/www.organisator.ch\/fr\/wp-json\/wp\/v2\/users\/58"}],"replies":[{"embeddable":true,"href":"https:\/\/www.organisator.ch\/fr\/wp-json\/wp\/v2\/comments?post=22547"}],"version-history":[{"count":2,"href":"https:\/\/www.organisator.ch\/fr\/wp-json\/wp\/v2\/posts\/22547\/revisions"}],"predecessor-version":[{"id":22550,"href":"https:\/\/www.organisator.ch\/fr\/wp-json\/wp\/v2\/posts\/22547\/revisions\/22550"}],"wp:featuredmedia":[{"embeddable":true,"href":"https:\/\/www.organisator.ch\/fr\/wp-json\/wp\/v2\/media\/22548"}],"wp:attachment":[{"href":"https:\/\/www.organisator.ch\/fr\/wp-json\/wp\/v2\/media?parent=22547"}],"wp:term":[{"taxonomy":"category","embeddable":true,"href":"https:\/\/www.organisator.ch\/fr\/wp-json\/wp\/v2\/categories?post=22547"},{"taxonomy":"post_tag","embeddable":true,"href":"https:\/\/www.organisator.ch\/fr\/wp-json\/wp\/v2\/tags?post=22547"}],"curies":[{"name":"wp","href":"https:\/\/api.w.org\/{rel}","templated":true}]}}