{"id":22584,"date":"2023-10-23T15:49:14","date_gmt":"2023-10-23T13:49:14","guid":{"rendered":"https:\/\/www.organisator.ch\/?p=22584"},"modified":"2023-10-23T15:49:14","modified_gmt":"2023-10-23T13:49:14","slug":"lernendenzufriedenheit-zweithoechster-wert-seit-8-jahren","status":"publish","type":"post","link":"https:\/\/www.organisator.ch\/fr\/weiterbildung\/2023-10-23\/lernendenzufriedenheit-zweithoechster-wert-seit-8-jahren\/","title":{"rendered":"Satisfaction des apprentis : deuxi\u00e8me valeur la plus \u00e9lev\u00e9e depuis 8 ans"},"content":{"rendered":"<figure id=\"attachment_22589\" aria-describedby=\"caption-attachment-22589\" style=\"width: 680px\" class=\"wp-caption alignnone\"><img loading=\"lazy\" decoding=\"async\" class=\"size-full wp-image-22589\" src=\"https:\/\/www.organisator.ch\/wp-content\/uploads\/2023\/10\/Lernende2_ps.jpg\" alt=\"\" width=\"680\" height=\"412\" srcset=\"https:\/\/www.organisator.ch\/wp-content\/uploads\/2023\/10\/Lernende2_ps.jpg 680w, https:\/\/www.organisator.ch\/wp-content\/uploads\/2023\/10\/Lernende2_ps-18x12.jpg 18w, https:\/\/www.organisator.ch\/wp-content\/uploads\/2023\/10\/Lernende2_ps-375x227.jpg 375w, https:\/\/www.organisator.ch\/wp-content\/uploads\/2023\/10\/Lernende2_ps-578x350.jpg 578w\" sizes=\"auto, (max-width: 680px) 100vw, 680px\" \/><figcaption id=\"caption-attachment-22589\" class=\"wp-caption-text\">La proportion d'apprentis lors d'un apprentissage est pass\u00e9e de 80% \u00e0 69%. (Image : www.professional.ch)<\/figcaption><\/figure>\n<h3><strong>Tendance \u00e0 la satisfaction g\u00e9n\u00e9rale interrompue<\/strong><\/h3>\n<p>En 2023, la satisfaction des apprentis atteint une valeur de 3,88 sur 5, ce qui est l\u00e9g\u00e8rement inf\u00e9rieur \u00e0 la valeur de 2021 (4,15 sur 5). Bien qu'une baisse soit visible pour la premi\u00e8re fois depuis 2015, la valeur de cette ann\u00e9e est toujours la deuxi\u00e8me plus \u00e9lev\u00e9e des cinq enqu\u00eates pr\u00e9c\u00e9dentes.<\/p>\n<p>La proportion d'apprentis qui choisiraient \u00e0 nouveau l'apprentissage a baiss\u00e9 de 80% \u00e0 69%. Ainsi, environ 7\/10 apprentis choisiraient actuellement \u00e0 nouveau la voie de l'apprentissage.<\/p>\n<h3><strong>Ces secteurs polarisent<\/strong><\/h3>\n<p>Les banques et les assurances occupent la premi\u00e8re place parmi les apprentis, l'informatique, la communication et Internet la deuxi\u00e8me et la m\u00e9tallurgie et la construction m\u00e9canique la troisi\u00e8me. La branche de l'\u00e9lectronique enregistre la plus forte baisse. Cette ann\u00e9e, elle ne fait plus partie du top 3.<\/p>\n<figure id=\"attachment_22587\" aria-describedby=\"caption-attachment-22587\" style=\"width: 680px\" class=\"wp-caption alignnone\"><img loading=\"lazy\" decoding=\"async\" class=\"size-full wp-image-22587\" src=\"https:\/\/www.organisator.ch\/wp-content\/uploads\/2023\/10\/Lernende1_ps.jpg\" alt=\"\" width=\"680\" height=\"468\" srcset=\"https:\/\/www.organisator.ch\/wp-content\/uploads\/2023\/10\/Lernende1_ps.jpg 680w, https:\/\/www.organisator.ch\/wp-content\/uploads\/2023\/10\/Lernende1_ps-18x12.jpg 18w, https:\/\/www.organisator.ch\/wp-content\/uploads\/2023\/10\/Lernende1_ps-375x258.jpg 375w, https:\/\/www.organisator.ch\/wp-content\/uploads\/2023\/10\/Lernende1_ps-509x350.jpg 509w\" sizes=\"auto, (max-width: 680px) 100vw, 680px\" \/><figcaption id=\"caption-attachment-22587\" class=\"wp-caption-text\">Les banques et les assurances occupent la premi\u00e8re place chez les apprentis. (Image : www.professional.ch)<\/figcaption><\/figure>\n<p>Selon Rafael Giobbi, responsable des services de formation de Swiss Banking, ce positionnement en t\u00eate du classement de la satisfaction des apprentis n'est pas sans fondement : \"L'introduction du syst\u00e8me de certification pour les formateurs pratiques, initi\u00e9 par l'Association suisse des banquiers, a cr\u00e9\u00e9 une possibilit\u00e9 pionni\u00e8re qui am\u00e9liore la qualit\u00e9 de la formation dans les entreprises formatrices. Les banques qui font partie de ce syst\u00e8me de certification sont tenues de fournir des preuves de qualit\u00e9, ce qui garantit que les apprentis travaillent dans un environnement propice \u00e0 l'apprentissage et b\u00e9n\u00e9ficient des avantages de ces conditions de formation de premier ordre\".<\/p>\n<h3><strong>Le respect et une bonne \u00e9quipe sont plus importants que le salaire <\/strong><\/h3>\n<p>Les apprentis placent le salaire en troisi\u00e8me position des facteurs de satisfaction les plus importants dans l'apprentissage. Mais le respect qui leur est t\u00e9moign\u00e9 (1\u00e8re place) et le fait qu'ils se sentent bien dans l'\u00e9quipe (2\u00e8me place) sont encore plus importants. Une ambiance de travail positive et des activit\u00e9s vari\u00e9es sont \u00e9galement tr\u00e8s importantes pour les apprentis et arrivent en 4e et 5e position. Le tableau est similaire \u00e0 celui de 2021 et il appara\u00eet \u00e0 nouveau clairement que les relations interpersonnelles et l'ambiance de travail sont en premier lieu d\u00e9terminantes.<\/p>\n<p><em>Source : <a href=\"https:\/\/www.professional.ch\/\">www.professional.ch\u00a0<\/a><\/em><\/p>","protected":false},"excerpt":{"rendered":"<p>Le barom\u00e8tre des apprentis 2023 de professional.ch, une entreprise de Yousty SA, montre la deuxi\u00e8me valeur la plus \u00e9lev\u00e9e de la satisfaction des apprentis depuis 2015. Le respect et l'\u00e9quipe dans laquelle les apprentis travaillent sont d\u00e9terminants pour cela. Un bon salaire ne suffit pas.<\/p>","protected":false},"author":58,"featured_media":22589,"comment_status":"closed","ping_status":"closed","sticky":false,"template":"","format":"standard","meta":{"_acf_changed":false,"_yoast_wpseo_focuskw":"Lernendenzufriedenheit","_yoast_wpseo_metadesc":"Der Lernendenbarometer 2023 von professional.ch, zeigt den zweith\u00f6chsten Wert der Lernendenzufriedenheit seit 2015.","articlekey":"","footnotes":""},"categories":[30],"tags":[51,62,294,487],"class_list":["post-22584","post","type-post","status-publish","format-standard","has-post-thumbnail","hentry","category-weiterbildung","tag-arbeitsplatzgestaltung","tag-aus-weiterbildung","tag-karriere","tag-umfrage"],"acf":[],"yoast_head":"<!-- This site is optimized with the Yoast SEO plugin v27.5 - https:\/\/yoast.com\/product\/yoast-seo-wordpress\/ -->\n<title>Lernendenzufriedenheit: Zweith\u00f6chster Wert seit 8 Jahren - Organisator<\/title>\n<meta name=\"description\" content=\"Der Lernendenbarometer 2023 von professional.ch, zeigt den zweith\u00f6chsten Wert der Lernendenzufriedenheit seit 2015.\" \/>\n<meta name=\"robots\" content=\"index, follow, max-snippet:-1, max-image-preview:large, max-video-preview:-1\" \/>\n<link rel=\"canonical\" href=\"https:\/\/www.organisator.ch\/fr\/formation-continue-2\/2023-10-23\/lernendenzufriedenheit-zweithoechster-wert-seit-8-jahren\/\" \/>\n<meta property=\"og:locale\" content=\"fr_FR\" \/>\n<meta property=\"og:type\" content=\"article\" \/>\n<meta property=\"og:title\" content=\"Lernendenzufriedenheit: Zweith\u00f6chster Wert seit 8 Jahren\" \/>\n<meta property=\"og:description\" content=\"Der Lernendenbarometer 2023 von professional.ch, zeigt den zweith\u00f6chsten Wert der Lernendenzufriedenheit seit 2015.\" \/>\n<meta property=\"og:url\" content=\"https:\/\/www.organisator.ch\/fr\/formation-continue-2\/2023-10-23\/lernendenzufriedenheit-zweithoechster-wert-seit-8-jahren\/\" \/>\n<meta property=\"og:site_name\" content=\"Organisator\" \/>\n<meta property=\"article:publisher\" content=\"https:\/\/www.facebook.com\/OrganisatorFachmagazin\" \/>\n<meta property=\"article:published_time\" content=\"2023-10-23T13:49:14+00:00\" \/>\n<meta property=\"og:image\" content=\"https:\/\/www.organisator.ch\/wp-content\/uploads\/2023\/10\/Lernende2_ps.jpg\" \/>\n\t<meta property=\"og:image:width\" content=\"680\" \/>\n\t<meta property=\"og:image:height\" content=\"412\" \/>\n\t<meta property=\"og:image:type\" content=\"image\/jpeg\" \/>\n<meta name=\"author\" content=\"Adelisa Kalajdzini\" \/>\n<meta name=\"twitter:card\" content=\"summary_large_image\" \/>\n<meta name=\"twitter:title\" content=\"Lernendenzufriedenheit: Zweith\u00f6chster Wert seit 8 Jahren\" \/>\n<meta name=\"twitter:description\" content=\"Der #Lernendenbarometer 2023 von #professional.ch, zeigt den zweith\u00f6chsten Wert der #Lernendenzufriedenheit seit 2015.\" \/>\n<meta name=\"twitter:image\" content=\"https:\/\/www.organisator.ch\/wp-content\/uploads\/2023\/10\/Lernende2_ps.jpg\" \/>\n<script type=\"application\/ld+json\" class=\"yoast-schema-graph\">{\"@context\":\"https:\\\/\\\/schema.org\",\"@graph\":[{\"@type\":\"Article\",\"@id\":\"https:\\\/\\\/www.organisator.ch\\\/weiterbildung\\\/2023-10-23\\\/lernendenzufriedenheit-zweithoechster-wert-seit-8-jahren\\\/#article\",\"isPartOf\":{\"@id\":\"https:\\\/\\\/www.organisator.ch\\\/weiterbildung\\\/2023-10-23\\\/lernendenzufriedenheit-zweithoechster-wert-seit-8-jahren\\\/\"},\"author\":{\"name\":\"Adelisa Kalajdzini\",\"@id\":\"https:\\\/\\\/www.organisator.ch\\\/#\\\/schema\\\/person\\\/2e1314a2172123f874db408d8911d3f3\"},\"headline\":\"Lernendenzufriedenheit: Zweith\u00f6chster Wert seit 8 Jahren\",\"datePublished\":\"2023-10-23T13:49:14+00:00\",\"mainEntityOfPage\":{\"@id\":\"https:\\\/\\\/www.organisator.ch\\\/weiterbildung\\\/2023-10-23\\\/lernendenzufriedenheit-zweithoechster-wert-seit-8-jahren\\\/\"},\"wordCount\":338,\"publisher\":{\"@id\":\"https:\\\/\\\/www.organisator.ch\\\/#organization\"},\"image\":{\"@id\":\"https:\\\/\\\/www.organisator.ch\\\/weiterbildung\\\/2023-10-23\\\/lernendenzufriedenheit-zweithoechster-wert-seit-8-jahren\\\/#primaryimage\"},\"thumbnailUrl\":\"https:\\\/\\\/www.organisator.ch\\\/wp-content\\\/uploads\\\/2023\\\/10\\\/Lernende2_ps.jpg\",\"keywords\":[\"Arbeitsplatzgestaltung\",\"Aus-\\\/Weiterbildung\",\"Karriere\",\"Umfrage\"],\"articleSection\":[\"WEITERBILDUNG\"],\"inLanguage\":\"fr-FR\"},{\"@type\":\"WebPage\",\"@id\":\"https:\\\/\\\/www.organisator.ch\\\/weiterbildung\\\/2023-10-23\\\/lernendenzufriedenheit-zweithoechster-wert-seit-8-jahren\\\/\",\"url\":\"https:\\\/\\\/www.organisator.ch\\\/weiterbildung\\\/2023-10-23\\\/lernendenzufriedenheit-zweithoechster-wert-seit-8-jahren\\\/\",\"name\":\"Lernendenzufriedenheit: Zweith\u00f6chster Wert seit 8 Jahren - Organisator\",\"isPartOf\":{\"@id\":\"https:\\\/\\\/www.organisator.ch\\\/#website\"},\"primaryImageOfPage\":{\"@id\":\"https:\\\/\\\/www.organisator.ch\\\/weiterbildung\\\/2023-10-23\\\/lernendenzufriedenheit-zweithoechster-wert-seit-8-jahren\\\/#primaryimage\"},\"image\":{\"@id\":\"https:\\\/\\\/www.organisator.ch\\\/weiterbildung\\\/2023-10-23\\\/lernendenzufriedenheit-zweithoechster-wert-seit-8-jahren\\\/#primaryimage\"},\"thumbnailUrl\":\"https:\\\/\\\/www.organisator.ch\\\/wp-content\\\/uploads\\\/2023\\\/10\\\/Lernende2_ps.jpg\",\"datePublished\":\"2023-10-23T13:49:14+00:00\",\"description\":\"Der Lernendenbarometer 2023 von professional.ch, zeigt den zweith\u00f6chsten Wert der Lernendenzufriedenheit seit 2015.\",\"breadcrumb\":{\"@id\":\"https:\\\/\\\/www.organisator.ch\\\/weiterbildung\\\/2023-10-23\\\/lernendenzufriedenheit-zweithoechster-wert-seit-8-jahren\\\/#breadcrumb\"},\"inLanguage\":\"fr-FR\",\"potentialAction\":[{\"@type\":\"ReadAction\",\"target\":[\"https:\\\/\\\/www.organisator.ch\\\/weiterbildung\\\/2023-10-23\\\/lernendenzufriedenheit-zweithoechster-wert-seit-8-jahren\\\/\"]}]},{\"@type\":\"ImageObject\",\"inLanguage\":\"fr-FR\",\"@id\":\"https:\\\/\\\/www.organisator.ch\\\/weiterbildung\\\/2023-10-23\\\/lernendenzufriedenheit-zweithoechster-wert-seit-8-jahren\\\/#primaryimage\",\"url\":\"https:\\\/\\\/www.organisator.ch\\\/wp-content\\\/uploads\\\/2023\\\/10\\\/Lernende2_ps.jpg\",\"contentUrl\":\"https:\\\/\\\/www.organisator.ch\\\/wp-content\\\/uploads\\\/2023\\\/10\\\/Lernende2_ps.jpg\",\"width\":680,\"height\":412,\"caption\":\"Der Anteil der Lernenden bei einer Berufslehre von 80% auf 69% gesunken. (Bild: www.professional.ch)\"},{\"@type\":\"BreadcrumbList\",\"@id\":\"https:\\\/\\\/www.organisator.ch\\\/weiterbildung\\\/2023-10-23\\\/lernendenzufriedenheit-zweithoechster-wert-seit-8-jahren\\\/#breadcrumb\",\"itemListElement\":[{\"@type\":\"ListItem\",\"position\":1,\"name\":\"Home\",\"item\":\"https:\\\/\\\/www.organisator.ch\\\/\"},{\"@type\":\"ListItem\",\"position\":2,\"name\":\"Lernendenzufriedenheit: Zweith\u00f6chster Wert seit 8 Jahren\"}]},{\"@type\":\"WebSite\",\"@id\":\"https:\\\/\\\/www.organisator.ch\\\/#website\",\"url\":\"https:\\\/\\\/www.organisator.ch\\\/\",\"name\":\"Organisator\",\"description\":\"Kompetent. Praxisnah. Der ORGANISATOR bereitet in 10 Ausgaben pro Jahr die wesentlichen Themen f\u00fcr F\u00fchrungskr\u00e4fte von KMU auf.\",\"publisher\":{\"@id\":\"https:\\\/\\\/www.organisator.ch\\\/#organization\"},\"potentialAction\":[{\"@type\":\"SearchAction\",\"target\":{\"@type\":\"EntryPoint\",\"urlTemplate\":\"https:\\\/\\\/www.organisator.ch\\\/?s={search_term_string}\"},\"query-input\":{\"@type\":\"PropertyValueSpecification\",\"valueRequired\":true,\"valueName\":\"search_term_string\"}}],\"inLanguage\":\"fr-FR\"},{\"@type\":\"Organization\",\"@id\":\"https:\\\/\\\/www.organisator.ch\\\/#organization\",\"name\":\"Organisator\",\"url\":\"https:\\\/\\\/www.organisator.ch\\\/\",\"logo\":{\"@type\":\"ImageObject\",\"inLanguage\":\"fr-FR\",\"@id\":\"https:\\\/\\\/www.organisator.ch\\\/#\\\/schema\\\/logo\\\/image\\\/\",\"url\":\"https:\\\/\\\/www.organisator.ch\\\/wp-content\\\/uploads\\\/2022\\\/01\\\/Logo_Organisator_Website.png\",\"contentUrl\":\"https:\\\/\\\/www.organisator.ch\\\/wp-content\\\/uploads\\\/2022\\\/01\\\/Logo_Organisator_Website.png\",\"width\":800,\"height\":77,\"caption\":\"Organisator\"},\"image\":{\"@id\":\"https:\\\/\\\/www.organisator.ch\\\/#\\\/schema\\\/logo\\\/image\\\/\"},\"sameAs\":[\"https:\\\/\\\/www.facebook.com\\\/OrganisatorFachmagazin\",\"https:\\\/\\\/www.linkedin.com\\\/showcase\\\/organisator-das-magazin-fr-kmu\",\"https:\\\/\\\/www.xing.com\\\/news\\\/pages\\\/organisator-ch-695\",\"https:\\\/\\\/www.youtube.com\\\/channel\\\/UCGP2Sq0iWaZwT3BdIAQFYpw\"]},{\"@type\":\"Person\",\"@id\":\"https:\\\/\\\/www.organisator.ch\\\/#\\\/schema\\\/person\\\/2e1314a2172123f874db408d8911d3f3\",\"name\":\"Adelisa Kalajdzini\",\"image\":{\"@type\":\"ImageObject\",\"inLanguage\":\"fr-FR\",\"@id\":\"https:\\\/\\\/secure.gravatar.com\\\/avatar\\\/09a397c22ac58cad6f160ee8306348599df9df58a8ede73696226897b9fa4b24?s=96&d=mm&r=g\",\"url\":\"https:\\\/\\\/secure.gravatar.com\\\/avatar\\\/09a397c22ac58cad6f160ee8306348599df9df58a8ede73696226897b9fa4b24?s=96&d=mm&r=g\",\"contentUrl\":\"https:\\\/\\\/secure.gravatar.com\\\/avatar\\\/09a397c22ac58cad6f160ee8306348599df9df58a8ede73696226897b9fa4b24?s=96&d=mm&r=g\",\"caption\":\"Adelisa Kalajdzini\"},\"url\":\"https:\\\/\\\/www.organisator.ch\\\/fr\\\/author\\\/adelisa-kalajdzini\\\/\"}]}<\/script>\n<!-- \/ Yoast SEO plugin. -->","yoast_head_json":{"title":"Satisfaction des apprentis : deuxi\u00e8me valeur la plus \u00e9lev\u00e9e depuis 8 ans - Organisateur","description":"Le barom\u00e8tre des apprentis 2023 de professional.ch, montre la deuxi\u00e8me valeur la plus \u00e9lev\u00e9e de la satisfaction des apprentis depuis 2015.","robots":{"index":"index","follow":"follow","max-snippet":"max-snippet:-1","max-image-preview":"max-image-preview:large","max-video-preview":"max-video-preview:-1"},"canonical":"https:\/\/www.organisator.ch\/fr\/formation-continue-2\/2023-10-23\/lernendenzufriedenheit-zweithoechster-wert-seit-8-jahren\/","og_locale":"fr_FR","og_type":"article","og_title":"Lernendenzufriedenheit: Zweith\u00f6chster Wert seit 8 Jahren","og_description":"Der Lernendenbarometer 2023 von professional.ch, zeigt den zweith\u00f6chsten Wert der Lernendenzufriedenheit seit 2015.","og_url":"https:\/\/www.organisator.ch\/fr\/formation-continue-2\/2023-10-23\/lernendenzufriedenheit-zweithoechster-wert-seit-8-jahren\/","og_site_name":"Organisator","article_publisher":"https:\/\/www.facebook.com\/OrganisatorFachmagazin","article_published_time":"2023-10-23T13:49:14+00:00","og_image":[{"width":680,"height":412,"url":"https:\/\/www.organisator.ch\/wp-content\/uploads\/2023\/10\/Lernende2_ps.jpg","type":"image\/jpeg"}],"author":"Adelisa Kalajdzini","twitter_card":"summary_large_image","twitter_title":"Lernendenzufriedenheit: Zweith\u00f6chster Wert seit 8 Jahren","twitter_description":"Der #Lernendenbarometer 2023 von #professional.ch, zeigt den zweith\u00f6chsten Wert der #Lernendenzufriedenheit seit 2015.","twitter_image":"https:\/\/www.organisator.ch\/wp-content\/uploads\/2023\/10\/Lernende2_ps.jpg","schema":{"@context":"https:\/\/schema.org","@graph":[{"@type":"Article","@id":"https:\/\/www.organisator.ch\/weiterbildung\/2023-10-23\/lernendenzufriedenheit-zweithoechster-wert-seit-8-jahren\/#article","isPartOf":{"@id":"https:\/\/www.organisator.ch\/weiterbildung\/2023-10-23\/lernendenzufriedenheit-zweithoechster-wert-seit-8-jahren\/"},"author":{"name":"Adelisa Kalajdzini","@id":"https:\/\/www.organisator.ch\/#\/schema\/person\/2e1314a2172123f874db408d8911d3f3"},"headline":"Lernendenzufriedenheit: Zweith\u00f6chster Wert seit 8 Jahren","datePublished":"2023-10-23T13:49:14+00:00","mainEntityOfPage":{"@id":"https:\/\/www.organisator.ch\/weiterbildung\/2023-10-23\/lernendenzufriedenheit-zweithoechster-wert-seit-8-jahren\/"},"wordCount":338,"publisher":{"@id":"https:\/\/www.organisator.ch\/#organization"},"image":{"@id":"https:\/\/www.organisator.ch\/weiterbildung\/2023-10-23\/lernendenzufriedenheit-zweithoechster-wert-seit-8-jahren\/#primaryimage"},"thumbnailUrl":"https:\/\/www.organisator.ch\/wp-content\/uploads\/2023\/10\/Lernende2_ps.jpg","keywords":["Arbeitsplatzgestaltung","Aus-\/Weiterbildung","Karriere","Umfrage"],"articleSection":["WEITERBILDUNG"],"inLanguage":"fr-FR"},{"@type":"WebPage","@id":"https:\/\/www.organisator.ch\/weiterbildung\/2023-10-23\/lernendenzufriedenheit-zweithoechster-wert-seit-8-jahren\/","url":"https:\/\/www.organisator.ch\/weiterbildung\/2023-10-23\/lernendenzufriedenheit-zweithoechster-wert-seit-8-jahren\/","name":"Satisfaction des apprentis : deuxi\u00e8me valeur la plus \u00e9lev\u00e9e depuis 8 ans - Organisateur","isPartOf":{"@id":"https:\/\/www.organisator.ch\/#website"},"primaryImageOfPage":{"@id":"https:\/\/www.organisator.ch\/weiterbildung\/2023-10-23\/lernendenzufriedenheit-zweithoechster-wert-seit-8-jahren\/#primaryimage"},"image":{"@id":"https:\/\/www.organisator.ch\/weiterbildung\/2023-10-23\/lernendenzufriedenheit-zweithoechster-wert-seit-8-jahren\/#primaryimage"},"thumbnailUrl":"https:\/\/www.organisator.ch\/wp-content\/uploads\/2023\/10\/Lernende2_ps.jpg","datePublished":"2023-10-23T13:49:14+00:00","description":"Le barom\u00e8tre des apprentis 2023 de professional.ch, montre la deuxi\u00e8me valeur la plus \u00e9lev\u00e9e de la satisfaction des apprentis depuis 2015.","breadcrumb":{"@id":"https:\/\/www.organisator.ch\/weiterbildung\/2023-10-23\/lernendenzufriedenheit-zweithoechster-wert-seit-8-jahren\/#breadcrumb"},"inLanguage":"fr-FR","potentialAction":[{"@type":"ReadAction","target":["https:\/\/www.organisator.ch\/weiterbildung\/2023-10-23\/lernendenzufriedenheit-zweithoechster-wert-seit-8-jahren\/"]}]},{"@type":"ImageObject","inLanguage":"fr-FR","@id":"https:\/\/www.organisator.ch\/weiterbildung\/2023-10-23\/lernendenzufriedenheit-zweithoechster-wert-seit-8-jahren\/#primaryimage","url":"https:\/\/www.organisator.ch\/wp-content\/uploads\/2023\/10\/Lernende2_ps.jpg","contentUrl":"https:\/\/www.organisator.ch\/wp-content\/uploads\/2023\/10\/Lernende2_ps.jpg","width":680,"height":412,"caption":"Der Anteil der Lernenden bei einer Berufslehre von 80% auf 69% gesunken. (Bild: www.professional.ch)"},{"@type":"BreadcrumbList","@id":"https:\/\/www.organisator.ch\/weiterbildung\/2023-10-23\/lernendenzufriedenheit-zweithoechster-wert-seit-8-jahren\/#breadcrumb","itemListElement":[{"@type":"ListItem","position":1,"name":"Home","item":"https:\/\/www.organisator.ch\/"},{"@type":"ListItem","position":2,"name":"Lernendenzufriedenheit: Zweith\u00f6chster Wert seit 8 Jahren"}]},{"@type":"WebSite","@id":"https:\/\/www.organisator.ch\/#website","url":"https:\/\/www.organisator.ch\/","name":"Organisateur","description":"Comp\u00e9tence et comp\u00e9tence. Proches de la pratique. L'ORGANISATEUR pr\u00e9pare 10 num\u00e9ros par an sur les th\u00e8mes essentiels pour les dirigeants de PME.","publisher":{"@id":"https:\/\/www.organisator.ch\/#organization"},"potentialAction":[{"@type":"SearchAction","target":{"@type":"EntryPoint","urlTemplate":"https:\/\/www.organisator.ch\/?s={search_term_string}"},"query-input":{"@type":"PropertyValueSpecification","valueRequired":true,"valueName":"search_term_string"}}],"inLanguage":"fr-FR"},{"@type":"Organization","@id":"https:\/\/www.organisator.ch\/#organization","name":"Organisateur","url":"https:\/\/www.organisator.ch\/","logo":{"@type":"ImageObject","inLanguage":"fr-FR","@id":"https:\/\/www.organisator.ch\/#\/schema\/logo\/image\/","url":"https:\/\/www.organisator.ch\/wp-content\/uploads\/2022\/01\/Logo_Organisator_Website.png","contentUrl":"https:\/\/www.organisator.ch\/wp-content\/uploads\/2022\/01\/Logo_Organisator_Website.png","width":800,"height":77,"caption":"Organisator"},"image":{"@id":"https:\/\/www.organisator.ch\/#\/schema\/logo\/image\/"},"sameAs":["https:\/\/www.facebook.com\/OrganisatorFachmagazin","https:\/\/www.linkedin.com\/showcase\/organisator-das-magazin-fr-kmu","https:\/\/www.xing.com\/news\/pages\/organisator-ch-695","https:\/\/www.youtube.com\/channel\/UCGP2Sq0iWaZwT3BdIAQFYpw"]},{"@type":"Person","@id":"https:\/\/www.organisator.ch\/#\/schema\/person\/2e1314a2172123f874db408d8911d3f3","name":"Adelisa Kalajdzini","image":{"@type":"ImageObject","inLanguage":"fr-FR","@id":"https:\/\/secure.gravatar.com\/avatar\/09a397c22ac58cad6f160ee8306348599df9df58a8ede73696226897b9fa4b24?s=96&d=mm&r=g","url":"https:\/\/secure.gravatar.com\/avatar\/09a397c22ac58cad6f160ee8306348599df9df58a8ede73696226897b9fa4b24?s=96&d=mm&r=g","contentUrl":"https:\/\/secure.gravatar.com\/avatar\/09a397c22ac58cad6f160ee8306348599df9df58a8ede73696226897b9fa4b24?s=96&d=mm&r=g","caption":"Adelisa Kalajdzini"},"url":"https:\/\/www.organisator.ch\/fr\/author\/adelisa-kalajdzini\/"}]}},"_links":{"self":[{"href":"https:\/\/www.organisator.ch\/fr\/wp-json\/wp\/v2\/posts\/22584","targetHints":{"allow":["GET"]}}],"collection":[{"href":"https:\/\/www.organisator.ch\/fr\/wp-json\/wp\/v2\/posts"}],"about":[{"href":"https:\/\/www.organisator.ch\/fr\/wp-json\/wp\/v2\/types\/post"}],"author":[{"embeddable":true,"href":"https:\/\/www.organisator.ch\/fr\/wp-json\/wp\/v2\/users\/58"}],"replies":[{"embeddable":true,"href":"https:\/\/www.organisator.ch\/fr\/wp-json\/wp\/v2\/comments?post=22584"}],"version-history":[{"count":4,"href":"https:\/\/www.organisator.ch\/fr\/wp-json\/wp\/v2\/posts\/22584\/revisions"}],"predecessor-version":[{"id":22621,"href":"https:\/\/www.organisator.ch\/fr\/wp-json\/wp\/v2\/posts\/22584\/revisions\/22621"}],"wp:featuredmedia":[{"embeddable":true,"href":"https:\/\/www.organisator.ch\/fr\/wp-json\/wp\/v2\/media\/22589"}],"wp:attachment":[{"href":"https:\/\/www.organisator.ch\/fr\/wp-json\/wp\/v2\/media?parent=22584"}],"wp:term":[{"taxonomy":"category","embeddable":true,"href":"https:\/\/www.organisator.ch\/fr\/wp-json\/wp\/v2\/categories?post=22584"},{"taxonomy":"post_tag","embeddable":true,"href":"https:\/\/www.organisator.ch\/fr\/wp-json\/wp\/v2\/tags?post=22584"}],"curies":[{"name":"wp","href":"https:\/\/api.w.org\/{rel}","templated":true}]}}