{"id":22637,"date":"2023-10-24T12:37:28","date_gmt":"2023-10-24T10:37:28","guid":{"rendered":"https:\/\/www.organisator.ch\/de\/?p=22637"},"modified":"2023-10-24T08:41:19","modified_gmt":"2023-10-24T06:41:19","slug":"ein-schicksalsschlag-kann-jeden-treffen","status":"publish","type":"post","link":"https:\/\/www.organisator.ch\/fr\/human-resources\/2023-10-24\/ein-schicksalsschlag-kann-jeden-treffen\/","title":{"rendered":"\"Un coup du sort peut toucher tout le monde\""},"content":{"rendered":"<div class=\"swpm-post-not-logged-in-msg\">Vous devez \u00eatre connect\u00e9 pour voir ce contenu. Veuillez <a class=\"swpm-login-link\" href=\"https:\/\/www.organisator.ch\/login\/\">Se connecter<\/a>. Pas un membre ? <a href=\"https:\/\/www.organisator.ch\/shop\/\">Nous Rejoindre<\/a><\/div>","protected":false},"excerpt":{"rendered":"<p>Emil Frey Betriebs AG emploie depuis des ann\u00e9es des personnes handicap\u00e9es. L'entreprise conna\u00eet les conditions qui doivent \u00eatre r\u00e9unies pour que cette relation de travail soit une chance et une valeur ajout\u00e9e pour tous.<\/p>","protected":false},"author":1,"featured_media":22635,"comment_status":"closed","ping_status":"closed","sticky":false,"template":"","format":"standard","meta":{"_acf_changed":false,"_yoast_wpseo_focuskw":"Schicksalsschlag","_yoast_wpseo_metadesc":"Die Emil Frey Betriebs AG besch\u00e4ftigt seit Jahren Menschen mit Behinderungen. Die Firma kennt die Voraussetzungen, die gegeben sein m\u00fcssen.","articlekey":"58858","footnotes":""},"categories":[578,579],"tags":[3383,254,345],"class_list":["post-22637","post","type-post","status-publish","format-standard","has-post-thumbnail","hentry","category-abo","category-human-resources","tag-diversity-and-inclusion-management","tag-hrm","tag-menschen-mit-handicap"],"acf":[],"yoast_head":"<!-- This site is optimized with the Yoast SEO plugin v27.5 - https:\/\/yoast.com\/product\/yoast-seo-wordpress\/ -->\n<title>\u00abEin Schicksalsschlag kann jeden treffen\u00bb - Organisator<\/title>\n<meta name=\"description\" content=\"Die Emil Frey Betriebs AG besch\u00e4ftigt seit Jahren Menschen mit Behinderungen. Die Firma kennt die Voraussetzungen, die gegeben sein m\u00fcssen.\" \/>\n<meta name=\"robots\" content=\"index, follow, max-snippet:-1, max-image-preview:large, max-video-preview:-1\" \/>\n<link rel=\"canonical\" href=\"https:\/\/www.organisator.ch\/fr\/abonnement\/2023-10-24\/ein-schicksalsschlag-kann-jeden-treffen\/\" \/>\n<meta property=\"og:locale\" content=\"fr_FR\" \/>\n<meta property=\"og:type\" content=\"article\" \/>\n<meta property=\"og:title\" content=\"\u00abEin Schicksalsschlag kann jeden treffen\u00bb - Organisator\" \/>\n<meta property=\"og:description\" content=\"Die Emil Frey Betriebs AG besch\u00e4ftigt seit Jahren Menschen mit Behinderungen. Die Firma kennt die Voraussetzungen, die gegeben sein m\u00fcssen.\" \/>\n<meta property=\"og:url\" content=\"https:\/\/www.organisator.ch\/fr\/abonnement\/2023-10-24\/ein-schicksalsschlag-kann-jeden-treffen\/\" \/>\n<meta property=\"og:site_name\" content=\"Organisator\" \/>\n<meta property=\"article:publisher\" content=\"https:\/\/www.facebook.com\/OrganisatorFachmagazin\" \/>\n<meta property=\"article:published_time\" content=\"2023-10-24T10:37:28+00:00\" \/>\n<meta property=\"og:image\" content=\"https:\/\/www.organisator.ch\/wp-content\/uploads\/2023\/10\/HRM_Auftakt_Bild1_organisator_65889-scaled.jpg\" \/>\n\t<meta property=\"og:image:width\" content=\"1043\" \/>\n\t<meta property=\"og:image:height\" content=\"1400\" \/>\n\t<meta property=\"og:image:type\" content=\"image\/jpeg\" \/>\n<meta name=\"author\" content=\"admin\" \/>\n<meta name=\"twitter:card\" content=\"summary_large_image\" \/>\n<script type=\"application\/ld+json\" class=\"yoast-schema-graph\">{\"@context\":\"https:\\\/\\\/schema.org\",\"@graph\":[{\"@type\":\"Article\",\"@id\":\"https:\\\/\\\/www.organisator.ch\\\/abo\\\/2023-10-24\\\/ein-schicksalsschlag-kann-jeden-treffen\\\/#article\",\"isPartOf\":{\"@id\":\"https:\\\/\\\/www.organisator.ch\\\/abo\\\/2023-10-24\\\/ein-schicksalsschlag-kann-jeden-treffen\\\/\"},\"author\":{\"name\":\"admin\",\"@id\":\"https:\\\/\\\/www.organisator.ch\\\/#\\\/schema\\\/person\\\/aa2bace6c5c5aad60102004a50c4eb1c\"},\"headline\":\"\u00abEin Schicksalsschlag kann jeden treffen\u00bb\",\"datePublished\":\"2023-10-24T10:37:28+00:00\",\"mainEntityOfPage\":{\"@id\":\"https:\\\/\\\/www.organisator.ch\\\/abo\\\/2023-10-24\\\/ein-schicksalsschlag-kann-jeden-treffen\\\/\"},\"wordCount\":1590,\"publisher\":{\"@id\":\"https:\\\/\\\/www.organisator.ch\\\/#organization\"},\"image\":{\"@id\":\"https:\\\/\\\/www.organisator.ch\\\/abo\\\/2023-10-24\\\/ein-schicksalsschlag-kann-jeden-treffen\\\/#primaryimage\"},\"thumbnailUrl\":\"https:\\\/\\\/www.organisator.ch\\\/wp-content\\\/uploads\\\/2023\\\/10\\\/HRM_Auftakt_Bild1_organisator_65889-scaled.jpg\",\"keywords\":[\"Diversity and Inclusion Management\",\"HRM\",\"Menschen mit Handicap\"],\"articleSection\":[\"ABO+\",\"HUMAN RESOURCES\"],\"inLanguage\":\"fr-FR\"},{\"@type\":\"WebPage\",\"@id\":\"https:\\\/\\\/www.organisator.ch\\\/abo\\\/2023-10-24\\\/ein-schicksalsschlag-kann-jeden-treffen\\\/\",\"url\":\"https:\\\/\\\/www.organisator.ch\\\/abo\\\/2023-10-24\\\/ein-schicksalsschlag-kann-jeden-treffen\\\/\",\"name\":\"\u00abEin Schicksalsschlag kann jeden treffen\u00bb - Organisator\",\"isPartOf\":{\"@id\":\"https:\\\/\\\/www.organisator.ch\\\/#website\"},\"primaryImageOfPage\":{\"@id\":\"https:\\\/\\\/www.organisator.ch\\\/abo\\\/2023-10-24\\\/ein-schicksalsschlag-kann-jeden-treffen\\\/#primaryimage\"},\"image\":{\"@id\":\"https:\\\/\\\/www.organisator.ch\\\/abo\\\/2023-10-24\\\/ein-schicksalsschlag-kann-jeden-treffen\\\/#primaryimage\"},\"thumbnailUrl\":\"https:\\\/\\\/www.organisator.ch\\\/wp-content\\\/uploads\\\/2023\\\/10\\\/HRM_Auftakt_Bild1_organisator_65889-scaled.jpg\",\"datePublished\":\"2023-10-24T10:37:28+00:00\",\"description\":\"Die Emil Frey Betriebs AG besch\u00e4ftigt seit Jahren Menschen mit Behinderungen. Die Firma kennt die Voraussetzungen, die gegeben sein m\u00fcssen.\",\"breadcrumb\":{\"@id\":\"https:\\\/\\\/www.organisator.ch\\\/abo\\\/2023-10-24\\\/ein-schicksalsschlag-kann-jeden-treffen\\\/#breadcrumb\"},\"inLanguage\":\"fr-FR\",\"potentialAction\":[{\"@type\":\"ReadAction\",\"target\":[\"https:\\\/\\\/www.organisator.ch\\\/abo\\\/2023-10-24\\\/ein-schicksalsschlag-kann-jeden-treffen\\\/\"]}]},{\"@type\":\"ImageObject\",\"inLanguage\":\"fr-FR\",\"@id\":\"https:\\\/\\\/www.organisator.ch\\\/abo\\\/2023-10-24\\\/ein-schicksalsschlag-kann-jeden-treffen\\\/#primaryimage\",\"url\":\"https:\\\/\\\/www.organisator.ch\\\/wp-content\\\/uploads\\\/2023\\\/10\\\/HRM_Auftakt_Bild1_organisator_65889-scaled.jpg\",\"contentUrl\":\"https:\\\/\\\/www.organisator.ch\\\/wp-content\\\/uploads\\\/2023\\\/10\\\/HRM_Auftakt_Bild1_organisator_65889-scaled.jpg\",\"width\":1043,\"height\":1400,\"caption\":\"Foto: Depositphotos.com\"},{\"@type\":\"BreadcrumbList\",\"@id\":\"https:\\\/\\\/www.organisator.ch\\\/abo\\\/2023-10-24\\\/ein-schicksalsschlag-kann-jeden-treffen\\\/#breadcrumb\",\"itemListElement\":[{\"@type\":\"ListItem\",\"position\":1,\"name\":\"Home\",\"item\":\"https:\\\/\\\/www.organisator.ch\\\/\"},{\"@type\":\"ListItem\",\"position\":2,\"name\":\"\u00abEin Schicksalsschlag kann jeden treffen\u00bb\"}]},{\"@type\":\"WebSite\",\"@id\":\"https:\\\/\\\/www.organisator.ch\\\/#website\",\"url\":\"https:\\\/\\\/www.organisator.ch\\\/\",\"name\":\"Organisator\",\"description\":\"Kompetent. Praxisnah. Der ORGANISATOR bereitet in 10 Ausgaben pro Jahr die wesentlichen Themen f\u00fcr F\u00fchrungskr\u00e4fte von KMU auf.\",\"publisher\":{\"@id\":\"https:\\\/\\\/www.organisator.ch\\\/#organization\"},\"potentialAction\":[{\"@type\":\"SearchAction\",\"target\":{\"@type\":\"EntryPoint\",\"urlTemplate\":\"https:\\\/\\\/www.organisator.ch\\\/?s={search_term_string}\"},\"query-input\":{\"@type\":\"PropertyValueSpecification\",\"valueRequired\":true,\"valueName\":\"search_term_string\"}}],\"inLanguage\":\"fr-FR\"},{\"@type\":\"Organization\",\"@id\":\"https:\\\/\\\/www.organisator.ch\\\/#organization\",\"name\":\"Organisator\",\"url\":\"https:\\\/\\\/www.organisator.ch\\\/\",\"logo\":{\"@type\":\"ImageObject\",\"inLanguage\":\"fr-FR\",\"@id\":\"https:\\\/\\\/www.organisator.ch\\\/#\\\/schema\\\/logo\\\/image\\\/\",\"url\":\"https:\\\/\\\/www.organisator.ch\\\/wp-content\\\/uploads\\\/2022\\\/01\\\/Logo_Organisator_Website.png\",\"contentUrl\":\"https:\\\/\\\/www.organisator.ch\\\/wp-content\\\/uploads\\\/2022\\\/01\\\/Logo_Organisator_Website.png\",\"width\":800,\"height\":77,\"caption\":\"Organisator\"},\"image\":{\"@id\":\"https:\\\/\\\/www.organisator.ch\\\/#\\\/schema\\\/logo\\\/image\\\/\"},\"sameAs\":[\"https:\\\/\\\/www.facebook.com\\\/OrganisatorFachmagazin\",\"https:\\\/\\\/www.linkedin.com\\\/showcase\\\/organisator-das-magazin-fr-kmu\",\"https:\\\/\\\/www.xing.com\\\/news\\\/pages\\\/organisator-ch-695\",\"https:\\\/\\\/www.youtube.com\\\/channel\\\/UCGP2Sq0iWaZwT3BdIAQFYpw\"]},{\"@type\":\"Person\",\"@id\":\"https:\\\/\\\/www.organisator.ch\\\/#\\\/schema\\\/person\\\/aa2bace6c5c5aad60102004a50c4eb1c\",\"name\":\"admin\",\"image\":{\"@type\":\"ImageObject\",\"inLanguage\":\"fr-FR\",\"@id\":\"https:\\\/\\\/secure.gravatar.com\\\/avatar\\\/ae2f4d718e6c49043e314ce431e7e645d646302a24a5ef5a8bc8e3f5a032e319?s=96&d=mm&r=g\",\"url\":\"https:\\\/\\\/secure.gravatar.com\\\/avatar\\\/ae2f4d718e6c49043e314ce431e7e645d646302a24a5ef5a8bc8e3f5a032e319?s=96&d=mm&r=g\",\"contentUrl\":\"https:\\\/\\\/secure.gravatar.com\\\/avatar\\\/ae2f4d718e6c49043e314ce431e7e645d646302a24a5ef5a8bc8e3f5a032e319?s=96&d=mm&r=g\",\"caption\":\"admin\"},\"sameAs\":[\"https:\\\/\\\/www.organisator.ch\"],\"url\":\"https:\\\/\\\/www.organisator.ch\\\/fr\\\/author\\\/admin\\\/\"}]}<\/script>\n<!-- \/ Yoast SEO plugin. -->","yoast_head_json":{"title":"\"Un coup du sort peut toucher tout le monde\" - organisateur","description":"L'entreprise Emil Frey Betriebs AG emploie depuis des ann\u00e9es des personnes handicap\u00e9es. L'entreprise conna\u00eet les conditions qui doivent \u00eatre remplies.","robots":{"index":"index","follow":"follow","max-snippet":"max-snippet:-1","max-image-preview":"max-image-preview:large","max-video-preview":"max-video-preview:-1"},"canonical":"https:\/\/www.organisator.ch\/fr\/abonnement\/2023-10-24\/ein-schicksalsschlag-kann-jeden-treffen\/","og_locale":"fr_FR","og_type":"article","og_title":"\u00abEin Schicksalsschlag kann jeden treffen\u00bb - Organisator","og_description":"Die Emil Frey Betriebs AG besch\u00e4ftigt seit Jahren Menschen mit Behinderungen. Die Firma kennt die Voraussetzungen, die gegeben sein m\u00fcssen.","og_url":"https:\/\/www.organisator.ch\/fr\/abonnement\/2023-10-24\/ein-schicksalsschlag-kann-jeden-treffen\/","og_site_name":"Organisator","article_publisher":"https:\/\/www.facebook.com\/OrganisatorFachmagazin","article_published_time":"2023-10-24T10:37:28+00:00","og_image":[{"width":1043,"height":1400,"url":"https:\/\/www.organisator.ch\/wp-content\/uploads\/2023\/10\/HRM_Auftakt_Bild1_organisator_65889-scaled.jpg","type":"image\/jpeg"}],"author":"admin","twitter_card":"summary_large_image","schema":{"@context":"https:\/\/schema.org","@graph":[{"@type":"Article","@id":"https:\/\/www.organisator.ch\/abo\/2023-10-24\/ein-schicksalsschlag-kann-jeden-treffen\/#article","isPartOf":{"@id":"https:\/\/www.organisator.ch\/abo\/2023-10-24\/ein-schicksalsschlag-kann-jeden-treffen\/"},"author":{"name":"admin","@id":"https:\/\/www.organisator.ch\/#\/schema\/person\/aa2bace6c5c5aad60102004a50c4eb1c"},"headline":"\u00abEin Schicksalsschlag kann jeden treffen\u00bb","datePublished":"2023-10-24T10:37:28+00:00","mainEntityOfPage":{"@id":"https:\/\/www.organisator.ch\/abo\/2023-10-24\/ein-schicksalsschlag-kann-jeden-treffen\/"},"wordCount":1590,"publisher":{"@id":"https:\/\/www.organisator.ch\/#organization"},"image":{"@id":"https:\/\/www.organisator.ch\/abo\/2023-10-24\/ein-schicksalsschlag-kann-jeden-treffen\/#primaryimage"},"thumbnailUrl":"https:\/\/www.organisator.ch\/wp-content\/uploads\/2023\/10\/HRM_Auftakt_Bild1_organisator_65889-scaled.jpg","keywords":["Diversity and Inclusion Management","HRM","Menschen mit Handicap"],"articleSection":["ABO+","HUMAN RESOURCES"],"inLanguage":"fr-FR"},{"@type":"WebPage","@id":"https:\/\/www.organisator.ch\/abo\/2023-10-24\/ein-schicksalsschlag-kann-jeden-treffen\/","url":"https:\/\/www.organisator.ch\/abo\/2023-10-24\/ein-schicksalsschlag-kann-jeden-treffen\/","name":"\"Un coup du sort peut toucher tout le monde\" - organisateur","isPartOf":{"@id":"https:\/\/www.organisator.ch\/#website"},"primaryImageOfPage":{"@id":"https:\/\/www.organisator.ch\/abo\/2023-10-24\/ein-schicksalsschlag-kann-jeden-treffen\/#primaryimage"},"image":{"@id":"https:\/\/www.organisator.ch\/abo\/2023-10-24\/ein-schicksalsschlag-kann-jeden-treffen\/#primaryimage"},"thumbnailUrl":"https:\/\/www.organisator.ch\/wp-content\/uploads\/2023\/10\/HRM_Auftakt_Bild1_organisator_65889-scaled.jpg","datePublished":"2023-10-24T10:37:28+00:00","description":"L'entreprise Emil Frey Betriebs AG emploie depuis des ann\u00e9es des personnes handicap\u00e9es. L'entreprise conna\u00eet les conditions qui doivent \u00eatre remplies.","breadcrumb":{"@id":"https:\/\/www.organisator.ch\/abo\/2023-10-24\/ein-schicksalsschlag-kann-jeden-treffen\/#breadcrumb"},"inLanguage":"fr-FR","potentialAction":[{"@type":"ReadAction","target":["https:\/\/www.organisator.ch\/abo\/2023-10-24\/ein-schicksalsschlag-kann-jeden-treffen\/"]}]},{"@type":"ImageObject","inLanguage":"fr-FR","@id":"https:\/\/www.organisator.ch\/abo\/2023-10-24\/ein-schicksalsschlag-kann-jeden-treffen\/#primaryimage","url":"https:\/\/www.organisator.ch\/wp-content\/uploads\/2023\/10\/HRM_Auftakt_Bild1_organisator_65889-scaled.jpg","contentUrl":"https:\/\/www.organisator.ch\/wp-content\/uploads\/2023\/10\/HRM_Auftakt_Bild1_organisator_65889-scaled.jpg","width":1043,"height":1400,"caption":"Foto: Depositphotos.com"},{"@type":"BreadcrumbList","@id":"https:\/\/www.organisator.ch\/abo\/2023-10-24\/ein-schicksalsschlag-kann-jeden-treffen\/#breadcrumb","itemListElement":[{"@type":"ListItem","position":1,"name":"Home","item":"https:\/\/www.organisator.ch\/"},{"@type":"ListItem","position":2,"name":"\u00abEin Schicksalsschlag kann jeden treffen\u00bb"}]},{"@type":"WebSite","@id":"https:\/\/www.organisator.ch\/#website","url":"https:\/\/www.organisator.ch\/","name":"Organisateur","description":"Comp\u00e9tence et comp\u00e9tence. Proches de la pratique. L'ORGANISATEUR pr\u00e9pare 10 num\u00e9ros par an sur les th\u00e8mes essentiels pour les dirigeants de PME.","publisher":{"@id":"https:\/\/www.organisator.ch\/#organization"},"potentialAction":[{"@type":"SearchAction","target":{"@type":"EntryPoint","urlTemplate":"https:\/\/www.organisator.ch\/?s={search_term_string}"},"query-input":{"@type":"PropertyValueSpecification","valueRequired":true,"valueName":"search_term_string"}}],"inLanguage":"fr-FR"},{"@type":"Organization","@id":"https:\/\/www.organisator.ch\/#organization","name":"Organisateur","url":"https:\/\/www.organisator.ch\/","logo":{"@type":"ImageObject","inLanguage":"fr-FR","@id":"https:\/\/www.organisator.ch\/#\/schema\/logo\/image\/","url":"https:\/\/www.organisator.ch\/wp-content\/uploads\/2022\/01\/Logo_Organisator_Website.png","contentUrl":"https:\/\/www.organisator.ch\/wp-content\/uploads\/2022\/01\/Logo_Organisator_Website.png","width":800,"height":77,"caption":"Organisator"},"image":{"@id":"https:\/\/www.organisator.ch\/#\/schema\/logo\/image\/"},"sameAs":["https:\/\/www.facebook.com\/OrganisatorFachmagazin","https:\/\/www.linkedin.com\/showcase\/organisator-das-magazin-fr-kmu","https:\/\/www.xing.com\/news\/pages\/organisator-ch-695","https:\/\/www.youtube.com\/channel\/UCGP2Sq0iWaZwT3BdIAQFYpw"]},{"@type":"Person","@id":"https:\/\/www.organisator.ch\/#\/schema\/person\/aa2bace6c5c5aad60102004a50c4eb1c","name":"admin","image":{"@type":"ImageObject","inLanguage":"fr-FR","@id":"https:\/\/secure.gravatar.com\/avatar\/ae2f4d718e6c49043e314ce431e7e645d646302a24a5ef5a8bc8e3f5a032e319?s=96&d=mm&r=g","url":"https:\/\/secure.gravatar.com\/avatar\/ae2f4d718e6c49043e314ce431e7e645d646302a24a5ef5a8bc8e3f5a032e319?s=96&d=mm&r=g","contentUrl":"https:\/\/secure.gravatar.com\/avatar\/ae2f4d718e6c49043e314ce431e7e645d646302a24a5ef5a8bc8e3f5a032e319?s=96&d=mm&r=g","caption":"admin"},"sameAs":["https:\/\/www.organisator.ch"],"url":"https:\/\/www.organisator.ch\/fr\/author\/admin\/"}]}},"_links":{"self":[{"href":"https:\/\/www.organisator.ch\/fr\/wp-json\/wp\/v2\/posts\/22637","targetHints":{"allow":["GET"]}}],"collection":[{"href":"https:\/\/www.organisator.ch\/fr\/wp-json\/wp\/v2\/posts"}],"about":[{"href":"https:\/\/www.organisator.ch\/fr\/wp-json\/wp\/v2\/types\/post"}],"author":[{"embeddable":true,"href":"https:\/\/www.organisator.ch\/fr\/wp-json\/wp\/v2\/users\/1"}],"replies":[{"embeddable":true,"href":"https:\/\/www.organisator.ch\/fr\/wp-json\/wp\/v2\/comments?post=22637"}],"version-history":[{"count":2,"href":"https:\/\/www.organisator.ch\/fr\/wp-json\/wp\/v2\/posts\/22637\/revisions"}],"predecessor-version":[{"id":22704,"href":"https:\/\/www.organisator.ch\/fr\/wp-json\/wp\/v2\/posts\/22637\/revisions\/22704"}],"wp:featuredmedia":[{"embeddable":true,"href":"https:\/\/www.organisator.ch\/fr\/wp-json\/wp\/v2\/media\/22635"}],"wp:attachment":[{"href":"https:\/\/www.organisator.ch\/fr\/wp-json\/wp\/v2\/media?parent=22637"}],"wp:term":[{"taxonomy":"category","embeddable":true,"href":"https:\/\/www.organisator.ch\/fr\/wp-json\/wp\/v2\/categories?post=22637"},{"taxonomy":"post_tag","embeddable":true,"href":"https:\/\/www.organisator.ch\/fr\/wp-json\/wp\/v2\/tags?post=22637"}],"curies":[{"name":"wp","href":"https:\/\/api.w.org\/{rel}","templated":true}]}}