{"id":22712,"date":"2023-10-24T09:27:03","date_gmt":"2023-10-24T07:27:03","guid":{"rendered":"https:\/\/www.organisator.ch\/?p=22712"},"modified":"2023-10-24T09:27:03","modified_gmt":"2023-10-24T07:27:03","slug":"schweizer-arbeitsmarkt-bleibt-trotz-herausforderungen-resilient","status":"publish","type":"post","link":"https:\/\/www.organisator.ch\/fr\/human-resources\/2023-10-24\/schweizer-arbeitsmarkt-bleibt-trotz-herausforderungen-resilient\/","title":{"rendered":"Le march\u00e9 suisse du travail reste r\u00e9silient malgr\u00e9 les d\u00e9fis"},"content":{"rendered":"<figure id=\"attachment_22715\" aria-describedby=\"caption-attachment-22715\" style=\"width: 680px\" class=\"wp-caption alignnone\"><img loading=\"lazy\" decoding=\"async\" class=\"size-full wp-image-22715\" src=\"https:\/\/www.organisator.ch\/wp-content\/uploads\/2023\/10\/1_DE_ps.jpg\" alt=\"\" width=\"680\" height=\"347\" srcset=\"https:\/\/www.organisator.ch\/wp-content\/uploads\/2023\/10\/1_DE_ps.jpg 680w, https:\/\/www.organisator.ch\/wp-content\/uploads\/2023\/10\/1_DE_ps-18x9.jpg 18w, https:\/\/www.organisator.ch\/wp-content\/uploads\/2023\/10\/1_DE_ps-375x191.jpg 375w\" sizes=\"auto, (max-width: 680px) 100vw, 680px\" \/><figcaption id=\"caption-attachment-22715\" class=\"wp-caption-text\">(Image : www.adeccogroup.ch)<\/figcaption><\/figure>\n<p>Apr\u00e8s une phase de stabilit\u00e9 au cours des deux trimestres pr\u00e9c\u00e9dents, l'Adecco Group Swiss Job Market Index enregistre \u00e0 nouveau une l\u00e9g\u00e8re croissance au troisi\u00e8me trimestre 2023. Par rapport au trimestre pr\u00e9c\u00e9dent (T2 2023), l'indice affiche une hausse de 3% d'offres d'emploi suppl\u00e9mentaires. Par rapport au m\u00eame trimestre de l'ann\u00e9e pr\u00e9c\u00e9dente (T3 2022), la croissance est de 7% d'offres d'emploi en plus.<\/p>\n<p>\"Bien qu'\u00e0 l'heure actuelle, de nombreux indicateurs conjoncturels laissent entrevoir une \u00e9volution \u00e9conomique difficile en Suisse, l'Adecco Group Swiss Job Market Index montre que le march\u00e9 du travail suisse fait preuve d'une impressionnante r\u00e9silience. Un coup d'\u0153il sur d'autres indicateurs du march\u00e9 du travail confirme cette r\u00e9silience. Selon l'indicateur de l'emploi du KOF, la plupart des entreprises pr\u00e9voient toujours d'augmenter leurs effectifs dans un avenir proche et le taux de ch\u00f4mage se maintient lui aussi \u00e0 un niveau historiquement bas, malgr\u00e9 une l\u00e9g\u00e8re hausse\", d\u00e9clare Marcel Keller, Country President du groupe Adecco Suisse.<\/p>\n<h3><strong>Demande soutenue pour les m\u00e9tiers de l'industrie des machines, des \u00e9quipements \u00e9lectriques et des m\u00e9taux<\/strong><\/h3>\n<figure id=\"attachment_22716\" aria-describedby=\"caption-attachment-22716\" style=\"width: 680px\" class=\"wp-caption alignnone\"><img loading=\"lazy\" decoding=\"async\" class=\"size-full wp-image-22716\" src=\"https:\/\/www.organisator.ch\/wp-content\/uploads\/2023\/10\/2_DE_ps.jpg\" alt=\"\" width=\"680\" height=\"339\" srcset=\"https:\/\/www.organisator.ch\/wp-content\/uploads\/2023\/10\/2_DE_ps.jpg 680w, https:\/\/www.organisator.ch\/wp-content\/uploads\/2023\/10\/2_DE_ps-18x9.jpg 18w, https:\/\/www.organisator.ch\/wp-content\/uploads\/2023\/10\/2_DE_ps-375x187.jpg 375w\" sizes=\"auto, (max-width: 680px) 100vw, 680px\" \/><figcaption id=\"caption-attachment-22716\" class=\"wp-caption-text\">(Image : www.adeccogroup.ch)<\/figcaption><\/figure>\n<p>L'\u00e9volution des postes vacants dans les professions MEM a connu des hauts et des bas au cours des huit derni\u00e8res ann\u00e9es. R\u00e9trospectivement, c'est tout d'abord l'ann\u00e9e 2018 qui se distingue, au cours de laquelle une augmentation remarquable des offres d'emploi a \u00e9t\u00e9 enregistr\u00e9e (+27%). Cette hausse s'est accompagn\u00e9e d'une croissance significative des entr\u00e9es de commandes, des chiffres d'affaires et des marges des entreprises MEM.<\/p>\n<p>En revanche, la situation s'est d\u00e9t\u00e9rior\u00e9e en 2019 pour l'industrie MEM. L'ann\u00e9e a \u00e9t\u00e9 marqu\u00e9e par un recul des entr\u00e9es de commandes, des chiffres d'affaires et des exportations. Malgr\u00e9 cela, le nombre d'employ\u00e9s dans l'industrie MEM a continu\u00e9 d'augmenter et le march\u00e9 du travail pour les professions MEM s'est \u00e9galement maintenu \u00e0 un niveau stable.<\/p>\n<p>Ce n'est qu'avec l'apparition de la pand\u00e9mie de coronavirus en 2020 que le march\u00e9 de l'emploi pour les professions MEM s'est trouv\u00e9 en mauvaise posture, avec une chute drastique de 26% d'offres d'emploi par rapport \u00e0 2019. Mais d\u00e8s 2022, le march\u00e9 de l'emploi MEM a d\u00e9pass\u00e9 son niveau d'avant la crise et atteint m\u00eame un nouveau sommet cette ann\u00e9e. Toutefois, on constate actuellement aussi un ralentissement de la dynamique de croissance des postes vacants. Alors qu'en 2022, on a enregistr\u00e9 une croissance impressionnante de 34% d'offres d'emploi en plus par rapport \u00e0 2021, le taux de croissance annuel s'est r\u00e9duit \u00e0 19% en 2023. Ce ralentissement de la dynamique de croissance semble donc refl\u00e9ter l'affaiblissement de la conjoncture dans l'industrie MEM.<\/p>\n<p>\"Bien que l'industrie MEM soit actuellement confront\u00e9e \u00e0 un ralentissement de la conjoncture, le march\u00e9 de l'emploi pour les professions MEM affiche remarquablement peu de pertes en comparaison annuelle. Les r\u00e9serves de commandes toujours \u00e9lev\u00e9es et la p\u00e9nurie persistante de main-d'\u0153uvre sp\u00e9cialis\u00e9e contribuent largement \u00e0 ce que l'utilisation des capacit\u00e9s dans la branche MEM reste sup\u00e9rieure \u00e0 la moyenne \u00e0 long terme et soutient ainsi la demande de main-d'\u0153uvre sp\u00e9cialis\u00e9e\" selon Yanik Kipfer, Moniteur du march\u00e9 de l'emploi suisse.<\/p>\n<figure id=\"attachment_22717\" aria-describedby=\"caption-attachment-22717\" style=\"width: 680px\" class=\"wp-caption alignnone\"><img loading=\"lazy\" decoding=\"async\" class=\"size-full wp-image-22717\" src=\"https:\/\/www.organisator.ch\/wp-content\/uploads\/2023\/10\/3_DE_ps.jpg\" alt=\"\" width=\"680\" height=\"338\" srcset=\"https:\/\/www.organisator.ch\/wp-content\/uploads\/2023\/10\/3_DE_ps.jpg 680w, https:\/\/www.organisator.ch\/wp-content\/uploads\/2023\/10\/3_DE_ps-18x9.jpg 18w, https:\/\/www.organisator.ch\/wp-content\/uploads\/2023\/10\/3_DE_ps-375x186.jpg 375w\" sizes=\"auto, (max-width: 680px) 100vw, 680px\" \/><figcaption id=\"caption-attachment-22717\" class=\"wp-caption-text\">(Image : www.adeccogroup.ch)<\/figcaption><\/figure>\n<p>La demande persistante pour les professions de l'industrie MEM ne se manifeste pas seulement dans l'analyse globale, mais aussi dans l'examen de groupes professionnels sp\u00e9cifiques.<\/p>\n<p>Il convient de souligner en particulier les <strong>Op\u00e9rateurs\/trices d'installations et m\u00e9tiers du montage <\/strong>(y compris les m\u00e9tiers tels que machinistes CNC, monteurs d'appareils ou \u00e9lectroplastes), o\u00f9 le nombre d'offres d'emploi a augment\u00e9 de 30% par rapport \u00e0 2022. De m\u00eame, les <strong>Technicien(ne)s, automaticien(ne)s et \u00e9lectronicien(ne)s <\/strong>(qui comprennent entre autres les techniciens en construction m\u00e9canique, les monteurs automatiques ou les \u00e9lectrotechniciens) sont tr\u00e8s demand\u00e9s, avec une augmentation de 24% d'offres d'emploi. Ils sont suivis de pr\u00e8s par <strong>Ing\u00e9nieur:int\u00e9rieur <\/strong>(ing\u00e9nieur(e)s de processus, ing\u00e9nieur(e)s \u00e9lectricien(ne)s ou ing\u00e9nieur(e)s m\u00e9canicien(ne)s) avec une augmentation de 19%.<\/p>\n<p>Malgr\u00e9 une croissance plus faible de 14% chacun en comparaison annuelle, les groupes professionnels des <strong>Travailleurs\/euses de la m\u00e9tallurgie <\/strong>(dont font partie des m\u00e9tiers tels que mouleur(se), polisseur(se) ou soudeur(se)) ainsi que la <strong>M\u00e9canicien(ne)s de v\u00e9hicules, de machines et d'outils <\/strong>(par ex. m\u00e9catronicien d'automobiles, polym\u00e9canicien ou microm\u00e9canicien) ont connu une nette tendance positive par rapport \u00e0 l'ann\u00e9e pr\u00e9c\u00e9dente.<\/p>\n<p>\"Nous observons une forte demande de main-d'\u0153uvre sp\u00e9cialis\u00e9e dans les m\u00e9tiers artisanaux. Les auxiliaires disposant de bonnes connaissances en allemand et d'une premi\u00e8re exp\u00e9rience professionnelle sont \u00e9galement de plus en plus recherch\u00e9s. Si la main-d'\u0153uvre de ces groupes de m\u00e9tiers dispose en outre de formations continues en rapport avec la profession et d'excellentes r\u00e9f\u00e9rences, elle a particuli\u00e8rement de bonnes chances sur le march\u00e9 du travail\", explique Martin Meyer, directeur d'Adecco Suisse al\u00e9manique.<\/p>\n<p><em>Source : <a href=\"https:\/\/www.adeccogroup.com\/de-ch\/\">www.adeccogroup.ch\u00a0<\/a><\/em><\/p>","protected":false},"excerpt":{"rendered":"<p>Apr\u00e8s une phase de stabilit\u00e9 au cours des deux trimestres pr\u00e9c\u00e9dents, l'Adecco Group Swiss Job Market Index enregistre une l\u00e9g\u00e8re croissance pour le troisi\u00e8me trimestre 2023. L'indice pour les professions de l'industrie des machines, des \u00e9quipements \u00e9lectriques et des m\u00e9taux (MEM) atteste \u00e9galement d'une augmentation en comparaison annuelle, malgr\u00e9 les d\u00e9fis conjoncturels actuels dans l'industrie MEM. C'est ce que montre l'Adecco Group Swiss Job Market Index, l'enqu\u00eate scientifiquement fond\u00e9e du groupe Adecco Suisse et du Moniteur du march\u00e9 de l'emploi suisse de l'Universit\u00e9 de Zurich.<\/p>","protected":false},"author":58,"featured_media":22717,"comment_status":"closed","ping_status":"closed","sticky":false,"template":"","format":"standard","meta":{"_acf_changed":false,"_yoast_wpseo_focuskw":"Arbeitsmarkt","_yoast_wpseo_metadesc":"Der Adecco Group Swiss Job Market Index verzeichnet nach einer stabilen Phase in den Vorquartalen f\u00fcr das dritte Quartal 2023 ein Wachstum.","articlekey":"","footnotes":""},"categories":[579],"tags":[47,424,459,487,492],"class_list":["post-22712","post","type-post","status-publish","format-standard","has-post-thumbnail","hentry","category-human-resources","tag-arbeitsmarkt","tag-schweiz","tag-studie","tag-umfrage","tag-unternehmen"],"acf":[],"yoast_head":"<!-- This site is optimized with the Yoast SEO plugin v27.5 - https:\/\/yoast.com\/product\/yoast-seo-wordpress\/ -->\n<title>Schweizer Arbeitsmarkt bleibt trotz Herausforderungen resilient - Organisator<\/title>\n<meta name=\"description\" content=\"Der Adecco Group Swiss Job Market Index verzeichnet nach einer stabilen Phase in den Vorquartalen f\u00fcr das dritte Quartal 2023 ein Wachstum.\" \/>\n<meta name=\"robots\" content=\"index, follow, max-snippet:-1, max-image-preview:large, max-video-preview:-1\" \/>\n<link rel=\"canonical\" href=\"https:\/\/www.organisator.ch\/fr\/ressources-humaines\/2023-10-24\/schweizer-arbeitsmarkt-bleibt-trotz-herausforderungen-resilient\/\" \/>\n<meta property=\"og:locale\" content=\"fr_FR\" \/>\n<meta property=\"og:type\" content=\"article\" \/>\n<meta property=\"og:title\" content=\"Schweizer Arbeitsmarkt bleibt trotz Herausforderungen resilient\" \/>\n<meta property=\"og:description\" content=\"Der Adecco Group Swiss Job Market Index verzeichnet nach einer stabilen Phase in den Vorquartalen f\u00fcr das dritte Quartal 2023 ein Wachstum.\" \/>\n<meta property=\"og:url\" content=\"https:\/\/www.organisator.ch\/fr\/ressources-humaines\/2023-10-24\/schweizer-arbeitsmarkt-bleibt-trotz-herausforderungen-resilient\/\" \/>\n<meta property=\"og:site_name\" content=\"Organisator\" \/>\n<meta property=\"article:publisher\" content=\"https:\/\/www.facebook.com\/OrganisatorFachmagazin\" \/>\n<meta property=\"article:published_time\" content=\"2023-10-24T07:27:03+00:00\" \/>\n<meta property=\"og:image\" content=\"https:\/\/www.organisator.ch\/wp-content\/uploads\/2023\/10\/3_DE_ps.jpg\" \/>\n\t<meta property=\"og:image:width\" content=\"680\" \/>\n\t<meta property=\"og:image:height\" content=\"338\" \/>\n\t<meta property=\"og:image:type\" content=\"image\/jpeg\" \/>\n<meta name=\"author\" content=\"Adelisa Kalajdzini\" \/>\n<meta name=\"twitter:card\" content=\"summary_large_image\" \/>\n<meta name=\"twitter:title\" content=\"Schweizer Arbeitsmarkt bleibt trotz Herausforderungen resilient\" \/>\n<meta name=\"twitter:description\" content=\"Der #Adecco Group Swiss Job Market Index verzeichnet nach einer stabilen Phase in den #Vorquartalen f\u00fcr das #dritte Quartal 2023 ein Wachstum.\" \/>\n<meta name=\"twitter:image\" content=\"https:\/\/www.organisator.ch\/wp-content\/uploads\/2023\/10\/3_DE_ps.jpg\" \/>\n<script type=\"application\/ld+json\" class=\"yoast-schema-graph\">{\"@context\":\"https:\\\/\\\/schema.org\",\"@graph\":[{\"@type\":\"Article\",\"@id\":\"https:\\\/\\\/www.organisator.ch\\\/human-resources\\\/2023-10-24\\\/schweizer-arbeitsmarkt-bleibt-trotz-herausforderungen-resilient\\\/#article\",\"isPartOf\":{\"@id\":\"https:\\\/\\\/www.organisator.ch\\\/human-resources\\\/2023-10-24\\\/schweizer-arbeitsmarkt-bleibt-trotz-herausforderungen-resilient\\\/\"},\"author\":{\"name\":\"Adelisa Kalajdzini\",\"@id\":\"https:\\\/\\\/www.organisator.ch\\\/#\\\/schema\\\/person\\\/2e1314a2172123f874db408d8911d3f3\"},\"headline\":\"Schweizer Arbeitsmarkt bleibt trotz Herausforderungen resilient\",\"datePublished\":\"2023-10-24T07:27:03+00:00\",\"mainEntityOfPage\":{\"@id\":\"https:\\\/\\\/www.organisator.ch\\\/human-resources\\\/2023-10-24\\\/schweizer-arbeitsmarkt-bleibt-trotz-herausforderungen-resilient\\\/\"},\"wordCount\":659,\"publisher\":{\"@id\":\"https:\\\/\\\/www.organisator.ch\\\/#organization\"},\"image\":{\"@id\":\"https:\\\/\\\/www.organisator.ch\\\/human-resources\\\/2023-10-24\\\/schweizer-arbeitsmarkt-bleibt-trotz-herausforderungen-resilient\\\/#primaryimage\"},\"thumbnailUrl\":\"https:\\\/\\\/www.organisator.ch\\\/wp-content\\\/uploads\\\/2023\\\/10\\\/3_DE_ps.jpg\",\"keywords\":[\"Arbeitsmarkt\",\"Schweiz\",\"Studie\",\"Umfrage\",\"Unternehmen\"],\"articleSection\":[\"HUMAN RESOURCES\"],\"inLanguage\":\"fr-FR\"},{\"@type\":\"WebPage\",\"@id\":\"https:\\\/\\\/www.organisator.ch\\\/human-resources\\\/2023-10-24\\\/schweizer-arbeitsmarkt-bleibt-trotz-herausforderungen-resilient\\\/\",\"url\":\"https:\\\/\\\/www.organisator.ch\\\/human-resources\\\/2023-10-24\\\/schweizer-arbeitsmarkt-bleibt-trotz-herausforderungen-resilient\\\/\",\"name\":\"Schweizer Arbeitsmarkt bleibt trotz Herausforderungen resilient - Organisator\",\"isPartOf\":{\"@id\":\"https:\\\/\\\/www.organisator.ch\\\/#website\"},\"primaryImageOfPage\":{\"@id\":\"https:\\\/\\\/www.organisator.ch\\\/human-resources\\\/2023-10-24\\\/schweizer-arbeitsmarkt-bleibt-trotz-herausforderungen-resilient\\\/#primaryimage\"},\"image\":{\"@id\":\"https:\\\/\\\/www.organisator.ch\\\/human-resources\\\/2023-10-24\\\/schweizer-arbeitsmarkt-bleibt-trotz-herausforderungen-resilient\\\/#primaryimage\"},\"thumbnailUrl\":\"https:\\\/\\\/www.organisator.ch\\\/wp-content\\\/uploads\\\/2023\\\/10\\\/3_DE_ps.jpg\",\"datePublished\":\"2023-10-24T07:27:03+00:00\",\"description\":\"Der Adecco Group Swiss Job Market Index verzeichnet nach einer stabilen Phase in den Vorquartalen f\u00fcr das dritte Quartal 2023 ein Wachstum.\",\"breadcrumb\":{\"@id\":\"https:\\\/\\\/www.organisator.ch\\\/human-resources\\\/2023-10-24\\\/schweizer-arbeitsmarkt-bleibt-trotz-herausforderungen-resilient\\\/#breadcrumb\"},\"inLanguage\":\"fr-FR\",\"potentialAction\":[{\"@type\":\"ReadAction\",\"target\":[\"https:\\\/\\\/www.organisator.ch\\\/human-resources\\\/2023-10-24\\\/schweizer-arbeitsmarkt-bleibt-trotz-herausforderungen-resilient\\\/\"]}]},{\"@type\":\"ImageObject\",\"inLanguage\":\"fr-FR\",\"@id\":\"https:\\\/\\\/www.organisator.ch\\\/human-resources\\\/2023-10-24\\\/schweizer-arbeitsmarkt-bleibt-trotz-herausforderungen-resilient\\\/#primaryimage\",\"url\":\"https:\\\/\\\/www.organisator.ch\\\/wp-content\\\/uploads\\\/2023\\\/10\\\/3_DE_ps.jpg\",\"contentUrl\":\"https:\\\/\\\/www.organisator.ch\\\/wp-content\\\/uploads\\\/2023\\\/10\\\/3_DE_ps.jpg\",\"width\":680,\"height\":338,\"caption\":\"(Bild: www.adeccogroup.ch)\"},{\"@type\":\"BreadcrumbList\",\"@id\":\"https:\\\/\\\/www.organisator.ch\\\/human-resources\\\/2023-10-24\\\/schweizer-arbeitsmarkt-bleibt-trotz-herausforderungen-resilient\\\/#breadcrumb\",\"itemListElement\":[{\"@type\":\"ListItem\",\"position\":1,\"name\":\"Home\",\"item\":\"https:\\\/\\\/www.organisator.ch\\\/\"},{\"@type\":\"ListItem\",\"position\":2,\"name\":\"Schweizer Arbeitsmarkt bleibt trotz Herausforderungen resilient\"}]},{\"@type\":\"WebSite\",\"@id\":\"https:\\\/\\\/www.organisator.ch\\\/#website\",\"url\":\"https:\\\/\\\/www.organisator.ch\\\/\",\"name\":\"Organisator\",\"description\":\"Kompetent. Praxisnah. Der ORGANISATOR bereitet in 10 Ausgaben pro Jahr die wesentlichen Themen f\u00fcr F\u00fchrungskr\u00e4fte von KMU auf.\",\"publisher\":{\"@id\":\"https:\\\/\\\/www.organisator.ch\\\/#organization\"},\"potentialAction\":[{\"@type\":\"SearchAction\",\"target\":{\"@type\":\"EntryPoint\",\"urlTemplate\":\"https:\\\/\\\/www.organisator.ch\\\/?s={search_term_string}\"},\"query-input\":{\"@type\":\"PropertyValueSpecification\",\"valueRequired\":true,\"valueName\":\"search_term_string\"}}],\"inLanguage\":\"fr-FR\"},{\"@type\":\"Organization\",\"@id\":\"https:\\\/\\\/www.organisator.ch\\\/#organization\",\"name\":\"Organisator\",\"url\":\"https:\\\/\\\/www.organisator.ch\\\/\",\"logo\":{\"@type\":\"ImageObject\",\"inLanguage\":\"fr-FR\",\"@id\":\"https:\\\/\\\/www.organisator.ch\\\/#\\\/schema\\\/logo\\\/image\\\/\",\"url\":\"https:\\\/\\\/www.organisator.ch\\\/wp-content\\\/uploads\\\/2022\\\/01\\\/Logo_Organisator_Website.png\",\"contentUrl\":\"https:\\\/\\\/www.organisator.ch\\\/wp-content\\\/uploads\\\/2022\\\/01\\\/Logo_Organisator_Website.png\",\"width\":800,\"height\":77,\"caption\":\"Organisator\"},\"image\":{\"@id\":\"https:\\\/\\\/www.organisator.ch\\\/#\\\/schema\\\/logo\\\/image\\\/\"},\"sameAs\":[\"https:\\\/\\\/www.facebook.com\\\/OrganisatorFachmagazin\",\"https:\\\/\\\/www.linkedin.com\\\/showcase\\\/organisator-das-magazin-fr-kmu\",\"https:\\\/\\\/www.xing.com\\\/news\\\/pages\\\/organisator-ch-695\",\"https:\\\/\\\/www.youtube.com\\\/channel\\\/UCGP2Sq0iWaZwT3BdIAQFYpw\"]},{\"@type\":\"Person\",\"@id\":\"https:\\\/\\\/www.organisator.ch\\\/#\\\/schema\\\/person\\\/2e1314a2172123f874db408d8911d3f3\",\"name\":\"Adelisa Kalajdzini\",\"image\":{\"@type\":\"ImageObject\",\"inLanguage\":\"fr-FR\",\"@id\":\"https:\\\/\\\/secure.gravatar.com\\\/avatar\\\/09a397c22ac58cad6f160ee8306348599df9df58a8ede73696226897b9fa4b24?s=96&d=mm&r=g\",\"url\":\"https:\\\/\\\/secure.gravatar.com\\\/avatar\\\/09a397c22ac58cad6f160ee8306348599df9df58a8ede73696226897b9fa4b24?s=96&d=mm&r=g\",\"contentUrl\":\"https:\\\/\\\/secure.gravatar.com\\\/avatar\\\/09a397c22ac58cad6f160ee8306348599df9df58a8ede73696226897b9fa4b24?s=96&d=mm&r=g\",\"caption\":\"Adelisa Kalajdzini\"},\"url\":\"https:\\\/\\\/www.organisator.ch\\\/fr\\\/author\\\/adelisa-kalajdzini\\\/\"}]}<\/script>\n<!-- \/ Yoast SEO plugin. -->","yoast_head_json":{"title":"Le march\u00e9 suisse du travail reste r\u00e9silient malgr\u00e9 les d\u00e9fis - Organisateur","description":"Apr\u00e8s une phase de stabilit\u00e9 au cours des trimestres pr\u00e9c\u00e9dents, l'Adecco Group Swiss Job Market Index enregistre une croissance pour le troisi\u00e8me trimestre 2023.","robots":{"index":"index","follow":"follow","max-snippet":"max-snippet:-1","max-image-preview":"max-image-preview:large","max-video-preview":"max-video-preview:-1"},"canonical":"https:\/\/www.organisator.ch\/fr\/ressources-humaines\/2023-10-24\/schweizer-arbeitsmarkt-bleibt-trotz-herausforderungen-resilient\/","og_locale":"fr_FR","og_type":"article","og_title":"Schweizer Arbeitsmarkt bleibt trotz Herausforderungen resilient","og_description":"Der Adecco Group Swiss Job Market Index verzeichnet nach einer stabilen Phase in den Vorquartalen f\u00fcr das dritte Quartal 2023 ein Wachstum.","og_url":"https:\/\/www.organisator.ch\/fr\/ressources-humaines\/2023-10-24\/schweizer-arbeitsmarkt-bleibt-trotz-herausforderungen-resilient\/","og_site_name":"Organisator","article_publisher":"https:\/\/www.facebook.com\/OrganisatorFachmagazin","article_published_time":"2023-10-24T07:27:03+00:00","og_image":[{"width":680,"height":338,"url":"https:\/\/www.organisator.ch\/wp-content\/uploads\/2023\/10\/3_DE_ps.jpg","type":"image\/jpeg"}],"author":"Adelisa Kalajdzini","twitter_card":"summary_large_image","twitter_title":"Schweizer Arbeitsmarkt bleibt trotz Herausforderungen resilient","twitter_description":"Der #Adecco Group Swiss Job Market Index verzeichnet nach einer stabilen Phase in den #Vorquartalen f\u00fcr das #dritte Quartal 2023 ein Wachstum.","twitter_image":"https:\/\/www.organisator.ch\/wp-content\/uploads\/2023\/10\/3_DE_ps.jpg","schema":{"@context":"https:\/\/schema.org","@graph":[{"@type":"Article","@id":"https:\/\/www.organisator.ch\/human-resources\/2023-10-24\/schweizer-arbeitsmarkt-bleibt-trotz-herausforderungen-resilient\/#article","isPartOf":{"@id":"https:\/\/www.organisator.ch\/human-resources\/2023-10-24\/schweizer-arbeitsmarkt-bleibt-trotz-herausforderungen-resilient\/"},"author":{"name":"Adelisa Kalajdzini","@id":"https:\/\/www.organisator.ch\/#\/schema\/person\/2e1314a2172123f874db408d8911d3f3"},"headline":"Schweizer Arbeitsmarkt bleibt trotz Herausforderungen resilient","datePublished":"2023-10-24T07:27:03+00:00","mainEntityOfPage":{"@id":"https:\/\/www.organisator.ch\/human-resources\/2023-10-24\/schweizer-arbeitsmarkt-bleibt-trotz-herausforderungen-resilient\/"},"wordCount":659,"publisher":{"@id":"https:\/\/www.organisator.ch\/#organization"},"image":{"@id":"https:\/\/www.organisator.ch\/human-resources\/2023-10-24\/schweizer-arbeitsmarkt-bleibt-trotz-herausforderungen-resilient\/#primaryimage"},"thumbnailUrl":"https:\/\/www.organisator.ch\/wp-content\/uploads\/2023\/10\/3_DE_ps.jpg","keywords":["Arbeitsmarkt","Schweiz","Studie","Umfrage","Unternehmen"],"articleSection":["HUMAN RESOURCES"],"inLanguage":"fr-FR"},{"@type":"WebPage","@id":"https:\/\/www.organisator.ch\/human-resources\/2023-10-24\/schweizer-arbeitsmarkt-bleibt-trotz-herausforderungen-resilient\/","url":"https:\/\/www.organisator.ch\/human-resources\/2023-10-24\/schweizer-arbeitsmarkt-bleibt-trotz-herausforderungen-resilient\/","name":"Le march\u00e9 suisse du travail reste r\u00e9silient malgr\u00e9 les d\u00e9fis - Organisateur","isPartOf":{"@id":"https:\/\/www.organisator.ch\/#website"},"primaryImageOfPage":{"@id":"https:\/\/www.organisator.ch\/human-resources\/2023-10-24\/schweizer-arbeitsmarkt-bleibt-trotz-herausforderungen-resilient\/#primaryimage"},"image":{"@id":"https:\/\/www.organisator.ch\/human-resources\/2023-10-24\/schweizer-arbeitsmarkt-bleibt-trotz-herausforderungen-resilient\/#primaryimage"},"thumbnailUrl":"https:\/\/www.organisator.ch\/wp-content\/uploads\/2023\/10\/3_DE_ps.jpg","datePublished":"2023-10-24T07:27:03+00:00","description":"Apr\u00e8s une phase de stabilit\u00e9 au cours des trimestres pr\u00e9c\u00e9dents, l'Adecco Group Swiss Job Market Index enregistre une croissance pour le troisi\u00e8me trimestre 2023.","breadcrumb":{"@id":"https:\/\/www.organisator.ch\/human-resources\/2023-10-24\/schweizer-arbeitsmarkt-bleibt-trotz-herausforderungen-resilient\/#breadcrumb"},"inLanguage":"fr-FR","potentialAction":[{"@type":"ReadAction","target":["https:\/\/www.organisator.ch\/human-resources\/2023-10-24\/schweizer-arbeitsmarkt-bleibt-trotz-herausforderungen-resilient\/"]}]},{"@type":"ImageObject","inLanguage":"fr-FR","@id":"https:\/\/www.organisator.ch\/human-resources\/2023-10-24\/schweizer-arbeitsmarkt-bleibt-trotz-herausforderungen-resilient\/#primaryimage","url":"https:\/\/www.organisator.ch\/wp-content\/uploads\/2023\/10\/3_DE_ps.jpg","contentUrl":"https:\/\/www.organisator.ch\/wp-content\/uploads\/2023\/10\/3_DE_ps.jpg","width":680,"height":338,"caption":"(Bild: www.adeccogroup.ch)"},{"@type":"BreadcrumbList","@id":"https:\/\/www.organisator.ch\/human-resources\/2023-10-24\/schweizer-arbeitsmarkt-bleibt-trotz-herausforderungen-resilient\/#breadcrumb","itemListElement":[{"@type":"ListItem","position":1,"name":"Home","item":"https:\/\/www.organisator.ch\/"},{"@type":"ListItem","position":2,"name":"Schweizer Arbeitsmarkt bleibt trotz Herausforderungen resilient"}]},{"@type":"WebSite","@id":"https:\/\/www.organisator.ch\/#website","url":"https:\/\/www.organisator.ch\/","name":"Organisateur","description":"Comp\u00e9tence et comp\u00e9tence. Proches de la pratique. L'ORGANISATEUR pr\u00e9pare 10 num\u00e9ros par an sur les th\u00e8mes essentiels pour les dirigeants de PME.","publisher":{"@id":"https:\/\/www.organisator.ch\/#organization"},"potentialAction":[{"@type":"SearchAction","target":{"@type":"EntryPoint","urlTemplate":"https:\/\/www.organisator.ch\/?s={search_term_string}"},"query-input":{"@type":"PropertyValueSpecification","valueRequired":true,"valueName":"search_term_string"}}],"inLanguage":"fr-FR"},{"@type":"Organization","@id":"https:\/\/www.organisator.ch\/#organization","name":"Organisateur","url":"https:\/\/www.organisator.ch\/","logo":{"@type":"ImageObject","inLanguage":"fr-FR","@id":"https:\/\/www.organisator.ch\/#\/schema\/logo\/image\/","url":"https:\/\/www.organisator.ch\/wp-content\/uploads\/2022\/01\/Logo_Organisator_Website.png","contentUrl":"https:\/\/www.organisator.ch\/wp-content\/uploads\/2022\/01\/Logo_Organisator_Website.png","width":800,"height":77,"caption":"Organisator"},"image":{"@id":"https:\/\/www.organisator.ch\/#\/schema\/logo\/image\/"},"sameAs":["https:\/\/www.facebook.com\/OrganisatorFachmagazin","https:\/\/www.linkedin.com\/showcase\/organisator-das-magazin-fr-kmu","https:\/\/www.xing.com\/news\/pages\/organisator-ch-695","https:\/\/www.youtube.com\/channel\/UCGP2Sq0iWaZwT3BdIAQFYpw"]},{"@type":"Person","@id":"https:\/\/www.organisator.ch\/#\/schema\/person\/2e1314a2172123f874db408d8911d3f3","name":"Adelisa Kalajdzini","image":{"@type":"ImageObject","inLanguage":"fr-FR","@id":"https:\/\/secure.gravatar.com\/avatar\/09a397c22ac58cad6f160ee8306348599df9df58a8ede73696226897b9fa4b24?s=96&d=mm&r=g","url":"https:\/\/secure.gravatar.com\/avatar\/09a397c22ac58cad6f160ee8306348599df9df58a8ede73696226897b9fa4b24?s=96&d=mm&r=g","contentUrl":"https:\/\/secure.gravatar.com\/avatar\/09a397c22ac58cad6f160ee8306348599df9df58a8ede73696226897b9fa4b24?s=96&d=mm&r=g","caption":"Adelisa Kalajdzini"},"url":"https:\/\/www.organisator.ch\/fr\/author\/adelisa-kalajdzini\/"}]}},"_links":{"self":[{"href":"https:\/\/www.organisator.ch\/fr\/wp-json\/wp\/v2\/posts\/22712","targetHints":{"allow":["GET"]}}],"collection":[{"href":"https:\/\/www.organisator.ch\/fr\/wp-json\/wp\/v2\/posts"}],"about":[{"href":"https:\/\/www.organisator.ch\/fr\/wp-json\/wp\/v2\/types\/post"}],"author":[{"embeddable":true,"href":"https:\/\/www.organisator.ch\/fr\/wp-json\/wp\/v2\/users\/58"}],"replies":[{"embeddable":true,"href":"https:\/\/www.organisator.ch\/fr\/wp-json\/wp\/v2\/comments?post=22712"}],"version-history":[{"count":4,"href":"https:\/\/www.organisator.ch\/fr\/wp-json\/wp\/v2\/posts\/22712\/revisions"}],"predecessor-version":[{"id":22720,"href":"https:\/\/www.organisator.ch\/fr\/wp-json\/wp\/v2\/posts\/22712\/revisions\/22720"}],"wp:featuredmedia":[{"embeddable":true,"href":"https:\/\/www.organisator.ch\/fr\/wp-json\/wp\/v2\/media\/22717"}],"wp:attachment":[{"href":"https:\/\/www.organisator.ch\/fr\/wp-json\/wp\/v2\/media?parent=22712"}],"wp:term":[{"taxonomy":"category","embeddable":true,"href":"https:\/\/www.organisator.ch\/fr\/wp-json\/wp\/v2\/categories?post=22712"},{"taxonomy":"post_tag","embeddable":true,"href":"https:\/\/www.organisator.ch\/fr\/wp-json\/wp\/v2\/tags?post=22712"}],"curies":[{"name":"wp","href":"https:\/\/api.w.org\/{rel}","templated":true}]}}