{"id":22721,"date":"2023-10-25T06:21:20","date_gmt":"2023-10-25T04:21:20","guid":{"rendered":"https:\/\/www.organisator.ch\/?p=22721"},"modified":"2023-10-24T10:22:28","modified_gmt":"2023-10-24T08:22:28","slug":"insolvenzen-sind-in-der-schweiz-2023-nochmals-um-8-gestiegen","status":"publish","type":"post","link":"https:\/\/www.organisator.ch\/fr\/management\/2023-10-25\/insolvenzen-sind-in-der-schweiz-2023-nochmals-um-8-gestiegen\/","title":{"rendered":"Les insolvabilit\u00e9s ont encore augment\u00e9 de 8 % en Suisse en 2023"},"content":{"rendered":"<figure id=\"attachment_22723\" aria-describedby=\"caption-attachment-22723\" style=\"width: 680px\" class=\"wp-caption alignnone\"><img loading=\"lazy\" decoding=\"async\" class=\"size-full wp-image-22723\" src=\"https:\/\/www.organisator.ch\/wp-content\/uploads\/2023\/10\/Allianz-Trade_ps.jpg\" alt=\"\" width=\"680\" height=\"481\" srcset=\"https:\/\/www.organisator.ch\/wp-content\/uploads\/2023\/10\/Allianz-Trade_ps.jpg 680w, https:\/\/www.organisator.ch\/wp-content\/uploads\/2023\/10\/Allianz-Trade_ps-18x12.jpg 18w, https:\/\/www.organisator.ch\/wp-content\/uploads\/2023\/10\/Allianz-Trade_ps-375x265.jpg 375w, https:\/\/www.organisator.ch\/wp-content\/uploads\/2023\/10\/Allianz-Trade_ps-495x350.jpg 495w\" sizes=\"auto, (max-width: 680px) 100vw, 680px\" \/><figcaption id=\"caption-attachment-22723\" class=\"wp-caption-text\">En 2022, la Suisse a enregistr\u00e9 une hausse record des insolvabilit\u00e9s avec + 32 %. Cette ann\u00e9e, les insolvabilit\u00e9s ont augment\u00e9 de 8%. (Image : www.pixabay.com)<\/figcaption><\/figure>\n<h3><strong>La diminution des r\u00e9serves de liquidit\u00e9s et la d\u00e9t\u00e9rioration de la rentabilit\u00e9 mettent de nombreux secteurs en danger<\/strong><\/h3>\n<p>Plusieurs facteurs sont \u00e0 l'origine de l'augmentation des faillites. La r\u00e9cession du chiffre d'affaires des entreprises gagne en force face \u00e0 la r\u00e9duction du pouvoir de fixation des prix et \u00e0 l'affaiblissement de la demande mondiale : au deuxi\u00e8me trimestre 2023, la r\u00e9cession du chiffre d'affaires s'observe pour la premi\u00e8re fois depuis la mi-2020 sur une large base dans toutes les r\u00e9gions (-1,9 % par rapport \u00e0 l'ann\u00e9e pr\u00e9c\u00e9dente). Combin\u00e9e \u00e0 la persistance de co\u00fbts \u00e9lev\u00e9s, cette situation p\u00e8se sur la rentabilit\u00e9. En cons\u00e9quence, la situation des liquidit\u00e9s se d\u00e9t\u00e9riore rapidement et ne s'am\u00e9liorera probablement pas avant 2025.<\/p>\n<h3><strong>Les faillites d'entreprises vont encore augmenter dans le monde entier<\/strong><\/h3>\n<p>\"Les entreprises disposent toujours d'une quantit\u00e9 consid\u00e9rable de liquidit\u00e9s exc\u00e9dentaires. Dans la zone euro, il s'agit de 3,4 billions d'euros et aux \u00c9tats-Unis de 2,5 billions de dollars. Ces tampons de liquidit\u00e9s restent toutefois fortement concentr\u00e9s dans les mains des grandes entreprises et dans certains secteurs comme la technologie et les biens de consommation cycliques. De plus, en g\u00e9n\u00e9ral, la plupart des entreprises ne sont pas en mesure d'augmenter leurs liquidit\u00e9s par le biais de leurs activit\u00e9s dans le cadre d'une croissance \u00e9conomique plus faible et prolong\u00e9e. Au total, apr\u00e8s +1 % en 2022, nous pr\u00e9voyons de nouvelles hausses des d\u00e9faillances d'entreprises dans le monde en 2023 (+6 %) et en 2024 (+10 %)\", explique Aylin Somersan Coqui, CEO d'Allianz Trade.<\/p>\n<h3><strong>La hausse des taux d'int\u00e9r\u00eat met diff\u00e9rents secteurs sous pression<\/strong><\/h3>\n<p>L'h\u00f4tellerie et la restauration, les transports ainsi que le commerce de gros et de d\u00e9tail se trouvent dans une situation difficile en 2023 et alimentent la hausse des insolvabilit\u00e9s. D'autres secteurs rattrapent rapidement leur retard, notamment le secteur de la construction, o\u00f9 les retards de travail ont presque \u00e9t\u00e9 combl\u00e9s, surtout dans la construction de logements. \"Dans le m\u00eame temps, les taux d'int\u00e9r\u00eat plus \u00e9lev\u00e9s \u00e0 plus long terme r\u00e9duisent la demande dans des secteurs tels que l'immobilier et les biens durables et exerceront une pression sur la solvabilit\u00e9 dans des secteurs tr\u00e8s endett\u00e9s comme les services publics et les t\u00e9l\u00e9communications, en plus du secteur immobilier des deux c\u00f4t\u00e9s de l'Atlantique. En outre, les besoins en fonds de roulement (BFR) mondiaux atteignent actuellement un niveau record de 86 jours, soit plus de +2 jours de plus qu'avant la pand\u00e9mie. Des taux d'int\u00e9r\u00eat plus \u00e9lev\u00e9s rendent encore plus co\u00fbteux pour les entreprises le financement d'un besoin en fonds de roulement structurellement plus \u00e9lev\u00e9, ce qui comporte des risques pour des secteurs tels que la construction et la fabrication de machines et de v\u00e9hicules\", explique Maxime Lemerle, analyste en chef de la recherche sur l'insolvabilit\u00e9 chez Allianz Trade.<\/p>\n<h3><strong>3 pays sur 5 atteindront le niveau pr\u00e9-pand\u00e9mique des faillites d'entreprises d'ici fin 2024<\/strong><\/h3>\n<p>Fin 2023, la normalisation des d\u00e9faillances d'entreprises sera achev\u00e9e dans la plupart des \u00e9conomies occidentales et 55 % des pays enregistreront probablement une forte augmentation \u00e0 deux chiffres. Il s'agit notamment des \u00c9tats-Unis (+47 %), de la France (+36 %), des Pays-Bas (+59 %), du Japon (+35 %) et de la Cor\u00e9e du Sud (+41 %). Au niveau mondial, trois pays sur cinq atteindront d'ici fin 2024 le niveau de faillites d'entreprises d'avant la pand\u00e9mie, dont de grands march\u00e9s comme les \u00c9tats-Unis et l'Allemagne. Des deux c\u00f4t\u00e9s de l'Atlantique, la croissance du PIB devrait doubler pour stabiliser le nombre de faillites, ce qui ne sera pas le cas avant 2025.<\/p>\n<h3><strong>Les habitudes de paiement se d\u00e9t\u00e9riorent encore<\/strong><\/h3>\n<p>\"De plus, dans un contexte de ralentissement de la croissance \u00e9conomique mondiale, les d\u00e9lais de paiement vont probablement s'allonger, ce qui va accentuer la hausse des insolvabilit\u00e9s au cours des prochains trimestres : Les d\u00e9lais de paiement au niveau mondial d\u00e9passent d\u00e9j\u00e0 60 jours pour 47 % des entreprises. Un jour de retard de paiement suppl\u00e9mentaire correspond \u00e0 un d\u00e9ficit de financement de 100 milliards de dollars aux \u00c9tats-Unis, de 90 milliards de dollars dans l'UE et de 140 milliards de dollars en Chine. Comme les cr\u00e9dits bancaires pour les PME se tarissent d\u00e9j\u00e0, combler ce d\u00e9ficit de financement pourrait constituer un d\u00e9fi majeur\", explique Somersan Coqui.<\/p>\n<p>Les insolvabilit\u00e9s en Suisse ont augment\u00e9 de 8% cette ann\u00e9e, mais apr\u00e8s le record de l'ann\u00e9e derni\u00e8re, les pr\u00e9visions d'Allianz Trade indiquent que les insolvabilit\u00e9s en Suisse ne devraient pas d\u00e9passer +4% en 2023. \u00a0<a href=\"https:\/\/www.organisator.ch\/de\/management\/finanzen_recht\/2023-04-26\/insolvenzen-in-der-schweiz-stabilisieren-sich-nach-rekordjahr-2022\/\">https:\/\/www.organisator.ch\/de\/management\/finanzen_recht\/2023-04-26\/insolvenzen-in-der-schweiz-stabilisieren-sich-nach-rekordjahr-2022\/<\/a><\/p>\n<p>En 2022, la Suisse a enregistr\u00e9 une hausse record des insolvabilit\u00e9s avec + 32 % et avait alors d\u00e9j\u00e0 atteint le niveau pr\u00e9-pand\u00e9mique, contrairement \u00e0 de nombreux autres pays. Avec +8 % pour l'ann\u00e9e 2023, la Suisse se situe certes 2 % au-dessus de la moyenne mondiale, mais pr\u00e9sente en Europe occidentale la plus faible croissance des insolvabilit\u00e9s de tous les pays apr\u00e8s l'Espagne, qui enregistre seule un recul cette ann\u00e9e.<\/p>\n<p>\"Pour la Suisse, nous nous attendons \u00e0 ce qu'elle soit le seul pays d'Europe occidentale \u00e0 conna\u00eetre un recul des insolvabilit\u00e9s d\u00e8s 2024, avec - 6 %. Pour 2025, nous pr\u00e9voyons m\u00eame une baisse de 10 %. La Suisse revient ainsi plus rapidement \u00e0 la normale que la plupart des pays\", explique Jan M\u00f6llmann, CEO d'Allianz Trade Switzerland.<\/p>\n<p><em>Source : <a href=\"https:\/\/www.allianz-trade.com\/de_CH.html?gad=1&amp;gclid=EAIaIQobChMI3vOGx52OggMVFweLCh2XSwXSEAAYASAAEgLXH_D_BwE\">www.allianz-trade.ch\u00a0<\/a><\/em><\/p>","protected":false},"excerpt":{"rendered":"<p>Selon ses derni\u00e8res pr\u00e9visions en mati\u00e8re d'insolvabilit\u00e9, le leader mondial de l'assurance-cr\u00e9dit Allianz Trade pr\u00e9voit une augmentation globale des insolvabilit\u00e9s de 6 % en 2023 et de 10 % en 2024. <\/p>","protected":false},"author":58,"featured_media":22723,"comment_status":"closed","ping_status":"closed","sticky":false,"template":"","format":"standard","meta":{"_acf_changed":false,"_yoast_wpseo_focuskw":"Insolvenzen","_yoast_wpseo_metadesc":"Die Schweiz verzeichnete 2022 einen Rekordanstieg der Insolvenzen mit + 32 %. Dieses Jahr sind die Insolvenzen um 8% gestiegen.","articlekey":"","footnotes":""},"categories":[28],"tags":[3741,334,424,459,492],"class_list":["post-22721","post","type-post","status-publish","format-standard","has-post-thumbnail","hentry","category-management","tag-insolvenzen","tag-management","tag-schweiz","tag-studie","tag-unternehmen"],"acf":[],"yoast_head":"<!-- This site is optimized with the Yoast SEO plugin v27.4 - https:\/\/yoast.com\/product\/yoast-seo-wordpress\/ -->\n<title>Insolvenzen sind in der Schweiz 2023 nochmals um 8 % gestiegen - Organisator<\/title>\n<meta name=\"description\" content=\"Die Schweiz verzeichnete 2022 einen Rekordanstieg der Insolvenzen mit + 32 %. Dieses Jahr sind die Insolvenzen um 8% gestiegen.\" \/>\n<meta name=\"robots\" content=\"index, follow, max-snippet:-1, max-image-preview:large, max-video-preview:-1\" \/>\n<link rel=\"canonical\" href=\"https:\/\/www.organisator.ch\/fr\/gestion-2\/2023-10-25\/insolvenzen-sind-in-der-schweiz-2023-nochmals-um-8-gestiegen\/\" \/>\n<meta property=\"og:locale\" content=\"fr_FR\" \/>\n<meta property=\"og:type\" content=\"article\" \/>\n<meta property=\"og:title\" content=\"Insolvenzen sind in der Schweiz 2023 nochmals um 8 % gestiegen\" \/>\n<meta property=\"og:description\" content=\"Die Schweiz verzeichnete 2022 einen Rekordanstieg der Insolvenzen mit + 32 %. Dieses Jahr sind die Insolvenzen um 8% gestiegen.\" \/>\n<meta property=\"og:url\" content=\"https:\/\/www.organisator.ch\/fr\/gestion-2\/2023-10-25\/insolvenzen-sind-in-der-schweiz-2023-nochmals-um-8-gestiegen\/\" \/>\n<meta property=\"og:site_name\" content=\"Organisator\" \/>\n<meta property=\"article:publisher\" content=\"https:\/\/www.facebook.com\/OrganisatorFachmagazin\" \/>\n<meta property=\"article:published_time\" content=\"2023-10-25T04:21:20+00:00\" \/>\n<meta property=\"og:image\" content=\"https:\/\/www.organisator.ch\/wp-content\/uploads\/2023\/10\/Allianz-Trade_ps.jpg\" \/>\n\t<meta property=\"og:image:width\" content=\"680\" \/>\n\t<meta property=\"og:image:height\" content=\"481\" \/>\n\t<meta property=\"og:image:type\" content=\"image\/jpeg\" \/>\n<meta name=\"author\" content=\"Adelisa Kalajdzini\" \/>\n<meta name=\"twitter:card\" content=\"summary_large_image\" \/>\n<meta name=\"twitter:title\" content=\"Insolvenzen sind in der Schweiz 2023 nochmals um 8 % gestiegen\" \/>\n<meta name=\"twitter:description\" content=\"Die #Schweiz verzeichnete 2022 einen #Rekordanstieg der #Insolvenzen mit + 32 %. Dieses Jahr sind die Insolvenzen um 8% gestiegen.\" \/>\n<meta name=\"twitter:image\" content=\"https:\/\/www.organisator.ch\/wp-content\/uploads\/2023\/10\/Allianz-Trade_ps.jpg\" \/>\n<script type=\"application\/ld+json\" class=\"yoast-schema-graph\">{\"@context\":\"https:\\\/\\\/schema.org\",\"@graph\":[{\"@type\":\"Article\",\"@id\":\"https:\\\/\\\/www.organisator.ch\\\/management\\\/2023-10-25\\\/insolvenzen-sind-in-der-schweiz-2023-nochmals-um-8-gestiegen\\\/#article\",\"isPartOf\":{\"@id\":\"https:\\\/\\\/www.organisator.ch\\\/management\\\/2023-10-25\\\/insolvenzen-sind-in-der-schweiz-2023-nochmals-um-8-gestiegen\\\/\"},\"author\":{\"name\":\"Adelisa Kalajdzini\",\"@id\":\"https:\\\/\\\/www.organisator.ch\\\/#\\\/schema\\\/person\\\/2e1314a2172123f874db408d8911d3f3\"},\"headline\":\"Insolvenzen sind in der Schweiz 2023 nochmals um 8 % gestiegen\",\"datePublished\":\"2023-10-25T04:21:20+00:00\",\"mainEntityOfPage\":{\"@id\":\"https:\\\/\\\/www.organisator.ch\\\/management\\\/2023-10-25\\\/insolvenzen-sind-in-der-schweiz-2023-nochmals-um-8-gestiegen\\\/\"},\"wordCount\":758,\"publisher\":{\"@id\":\"https:\\\/\\\/www.organisator.ch\\\/#organization\"},\"image\":{\"@id\":\"https:\\\/\\\/www.organisator.ch\\\/management\\\/2023-10-25\\\/insolvenzen-sind-in-der-schweiz-2023-nochmals-um-8-gestiegen\\\/#primaryimage\"},\"thumbnailUrl\":\"https:\\\/\\\/www.organisator.ch\\\/wp-content\\\/uploads\\\/2023\\\/10\\\/Allianz-Trade_ps.jpg\",\"keywords\":[\"Insolvenzen\",\"Management\",\"Schweiz\",\"Studie\",\"Unternehmen\"],\"articleSection\":[\"MANAGEMENT\"],\"inLanguage\":\"fr-FR\"},{\"@type\":\"WebPage\",\"@id\":\"https:\\\/\\\/www.organisator.ch\\\/management\\\/2023-10-25\\\/insolvenzen-sind-in-der-schweiz-2023-nochmals-um-8-gestiegen\\\/\",\"url\":\"https:\\\/\\\/www.organisator.ch\\\/management\\\/2023-10-25\\\/insolvenzen-sind-in-der-schweiz-2023-nochmals-um-8-gestiegen\\\/\",\"name\":\"Insolvenzen sind in der Schweiz 2023 nochmals um 8 % gestiegen - Organisator\",\"isPartOf\":{\"@id\":\"https:\\\/\\\/www.organisator.ch\\\/#website\"},\"primaryImageOfPage\":{\"@id\":\"https:\\\/\\\/www.organisator.ch\\\/management\\\/2023-10-25\\\/insolvenzen-sind-in-der-schweiz-2023-nochmals-um-8-gestiegen\\\/#primaryimage\"},\"image\":{\"@id\":\"https:\\\/\\\/www.organisator.ch\\\/management\\\/2023-10-25\\\/insolvenzen-sind-in-der-schweiz-2023-nochmals-um-8-gestiegen\\\/#primaryimage\"},\"thumbnailUrl\":\"https:\\\/\\\/www.organisator.ch\\\/wp-content\\\/uploads\\\/2023\\\/10\\\/Allianz-Trade_ps.jpg\",\"datePublished\":\"2023-10-25T04:21:20+00:00\",\"description\":\"Die Schweiz verzeichnete 2022 einen Rekordanstieg der Insolvenzen mit + 32 %. Dieses Jahr sind die Insolvenzen um 8% gestiegen.\",\"breadcrumb\":{\"@id\":\"https:\\\/\\\/www.organisator.ch\\\/management\\\/2023-10-25\\\/insolvenzen-sind-in-der-schweiz-2023-nochmals-um-8-gestiegen\\\/#breadcrumb\"},\"inLanguage\":\"fr-FR\",\"potentialAction\":[{\"@type\":\"ReadAction\",\"target\":[\"https:\\\/\\\/www.organisator.ch\\\/management\\\/2023-10-25\\\/insolvenzen-sind-in-der-schweiz-2023-nochmals-um-8-gestiegen\\\/\"]}]},{\"@type\":\"ImageObject\",\"inLanguage\":\"fr-FR\",\"@id\":\"https:\\\/\\\/www.organisator.ch\\\/management\\\/2023-10-25\\\/insolvenzen-sind-in-der-schweiz-2023-nochmals-um-8-gestiegen\\\/#primaryimage\",\"url\":\"https:\\\/\\\/www.organisator.ch\\\/wp-content\\\/uploads\\\/2023\\\/10\\\/Allianz-Trade_ps.jpg\",\"contentUrl\":\"https:\\\/\\\/www.organisator.ch\\\/wp-content\\\/uploads\\\/2023\\\/10\\\/Allianz-Trade_ps.jpg\",\"width\":680,\"height\":481,\"caption\":\"Die Schweiz verzeichnete 2022 einen Rekordanstieg der Insolvenzen mit + 32 %. Dieses Jahr sind die Insolvenzen um 8% gestiegen. (Bild: www.pixabay.com)\"},{\"@type\":\"BreadcrumbList\",\"@id\":\"https:\\\/\\\/www.organisator.ch\\\/management\\\/2023-10-25\\\/insolvenzen-sind-in-der-schweiz-2023-nochmals-um-8-gestiegen\\\/#breadcrumb\",\"itemListElement\":[{\"@type\":\"ListItem\",\"position\":1,\"name\":\"Home\",\"item\":\"https:\\\/\\\/www.organisator.ch\\\/\"},{\"@type\":\"ListItem\",\"position\":2,\"name\":\"Insolvenzen sind in der Schweiz 2023 nochmals um 8 % gestiegen\"}]},{\"@type\":\"WebSite\",\"@id\":\"https:\\\/\\\/www.organisator.ch\\\/#website\",\"url\":\"https:\\\/\\\/www.organisator.ch\\\/\",\"name\":\"Organisator\",\"description\":\"Kompetent. Praxisnah. Der ORGANISATOR bereitet in 10 Ausgaben pro Jahr die wesentlichen Themen f\u00fcr F\u00fchrungskr\u00e4fte von KMU auf.\",\"publisher\":{\"@id\":\"https:\\\/\\\/www.organisator.ch\\\/#organization\"},\"potentialAction\":[{\"@type\":\"SearchAction\",\"target\":{\"@type\":\"EntryPoint\",\"urlTemplate\":\"https:\\\/\\\/www.organisator.ch\\\/?s={search_term_string}\"},\"query-input\":{\"@type\":\"PropertyValueSpecification\",\"valueRequired\":true,\"valueName\":\"search_term_string\"}}],\"inLanguage\":\"fr-FR\"},{\"@type\":\"Organization\",\"@id\":\"https:\\\/\\\/www.organisator.ch\\\/#organization\",\"name\":\"Organisator\",\"url\":\"https:\\\/\\\/www.organisator.ch\\\/\",\"logo\":{\"@type\":\"ImageObject\",\"inLanguage\":\"fr-FR\",\"@id\":\"https:\\\/\\\/www.organisator.ch\\\/#\\\/schema\\\/logo\\\/image\\\/\",\"url\":\"https:\\\/\\\/www.organisator.ch\\\/wp-content\\\/uploads\\\/2022\\\/01\\\/Logo_Organisator_Website.png\",\"contentUrl\":\"https:\\\/\\\/www.organisator.ch\\\/wp-content\\\/uploads\\\/2022\\\/01\\\/Logo_Organisator_Website.png\",\"width\":800,\"height\":77,\"caption\":\"Organisator\"},\"image\":{\"@id\":\"https:\\\/\\\/www.organisator.ch\\\/#\\\/schema\\\/logo\\\/image\\\/\"},\"sameAs\":[\"https:\\\/\\\/www.facebook.com\\\/OrganisatorFachmagazin\",\"https:\\\/\\\/www.linkedin.com\\\/showcase\\\/organisator-das-magazin-fr-kmu\",\"https:\\\/\\\/www.xing.com\\\/news\\\/pages\\\/organisator-ch-695\",\"https:\\\/\\\/www.youtube.com\\\/channel\\\/UCGP2Sq0iWaZwT3BdIAQFYpw\"]},{\"@type\":\"Person\",\"@id\":\"https:\\\/\\\/www.organisator.ch\\\/#\\\/schema\\\/person\\\/2e1314a2172123f874db408d8911d3f3\",\"name\":\"Adelisa Kalajdzini\",\"image\":{\"@type\":\"ImageObject\",\"inLanguage\":\"fr-FR\",\"@id\":\"https:\\\/\\\/secure.gravatar.com\\\/avatar\\\/09a397c22ac58cad6f160ee8306348599df9df58a8ede73696226897b9fa4b24?s=96&d=mm&r=g\",\"url\":\"https:\\\/\\\/secure.gravatar.com\\\/avatar\\\/09a397c22ac58cad6f160ee8306348599df9df58a8ede73696226897b9fa4b24?s=96&d=mm&r=g\",\"contentUrl\":\"https:\\\/\\\/secure.gravatar.com\\\/avatar\\\/09a397c22ac58cad6f160ee8306348599df9df58a8ede73696226897b9fa4b24?s=96&d=mm&r=g\",\"caption\":\"Adelisa Kalajdzini\"},\"url\":\"https:\\\/\\\/www.organisator.ch\\\/fr\\\/author\\\/adelisa-kalajdzini\\\/\"}]}<\/script>\n<!-- \/ Yoast SEO plugin. -->","yoast_head_json":{"title":"Les insolvabilit\u00e9s ont encore augment\u00e9 de 8 % en Suisse en 2023 - Organisateur","description":"En 2022, la Suisse a enregistr\u00e9 une hausse record des insolvabilit\u00e9s avec + 32 %. Cette ann\u00e9e, les insolvabilit\u00e9s ont augment\u00e9 de 8%.","robots":{"index":"index","follow":"follow","max-snippet":"max-snippet:-1","max-image-preview":"max-image-preview:large","max-video-preview":"max-video-preview:-1"},"canonical":"https:\/\/www.organisator.ch\/fr\/gestion-2\/2023-10-25\/insolvenzen-sind-in-der-schweiz-2023-nochmals-um-8-gestiegen\/","og_locale":"fr_FR","og_type":"article","og_title":"Insolvenzen sind in der Schweiz 2023 nochmals um 8 % gestiegen","og_description":"Die Schweiz verzeichnete 2022 einen Rekordanstieg der Insolvenzen mit + 32 %. Dieses Jahr sind die Insolvenzen um 8% gestiegen.","og_url":"https:\/\/www.organisator.ch\/fr\/gestion-2\/2023-10-25\/insolvenzen-sind-in-der-schweiz-2023-nochmals-um-8-gestiegen\/","og_site_name":"Organisator","article_publisher":"https:\/\/www.facebook.com\/OrganisatorFachmagazin","article_published_time":"2023-10-25T04:21:20+00:00","og_image":[{"width":680,"height":481,"url":"https:\/\/www.organisator.ch\/wp-content\/uploads\/2023\/10\/Allianz-Trade_ps.jpg","type":"image\/jpeg"}],"author":"Adelisa Kalajdzini","twitter_card":"summary_large_image","twitter_title":"Insolvenzen sind in der Schweiz 2023 nochmals um 8 % gestiegen","twitter_description":"Die #Schweiz verzeichnete 2022 einen #Rekordanstieg der #Insolvenzen mit + 32 %. Dieses Jahr sind die Insolvenzen um 8% gestiegen.","twitter_image":"https:\/\/www.organisator.ch\/wp-content\/uploads\/2023\/10\/Allianz-Trade_ps.jpg","schema":{"@context":"https:\/\/schema.org","@graph":[{"@type":"Article","@id":"https:\/\/www.organisator.ch\/management\/2023-10-25\/insolvenzen-sind-in-der-schweiz-2023-nochmals-um-8-gestiegen\/#article","isPartOf":{"@id":"https:\/\/www.organisator.ch\/management\/2023-10-25\/insolvenzen-sind-in-der-schweiz-2023-nochmals-um-8-gestiegen\/"},"author":{"name":"Adelisa Kalajdzini","@id":"https:\/\/www.organisator.ch\/#\/schema\/person\/2e1314a2172123f874db408d8911d3f3"},"headline":"Insolvenzen sind in der Schweiz 2023 nochmals um 8 % gestiegen","datePublished":"2023-10-25T04:21:20+00:00","mainEntityOfPage":{"@id":"https:\/\/www.organisator.ch\/management\/2023-10-25\/insolvenzen-sind-in-der-schweiz-2023-nochmals-um-8-gestiegen\/"},"wordCount":758,"publisher":{"@id":"https:\/\/www.organisator.ch\/#organization"},"image":{"@id":"https:\/\/www.organisator.ch\/management\/2023-10-25\/insolvenzen-sind-in-der-schweiz-2023-nochmals-um-8-gestiegen\/#primaryimage"},"thumbnailUrl":"https:\/\/www.organisator.ch\/wp-content\/uploads\/2023\/10\/Allianz-Trade_ps.jpg","keywords":["Insolvenzen","Management","Schweiz","Studie","Unternehmen"],"articleSection":["MANAGEMENT"],"inLanguage":"fr-FR"},{"@type":"WebPage","@id":"https:\/\/www.organisator.ch\/management\/2023-10-25\/insolvenzen-sind-in-der-schweiz-2023-nochmals-um-8-gestiegen\/","url":"https:\/\/www.organisator.ch\/management\/2023-10-25\/insolvenzen-sind-in-der-schweiz-2023-nochmals-um-8-gestiegen\/","name":"Les insolvabilit\u00e9s ont encore augment\u00e9 de 8 % en Suisse en 2023 - Organisateur","isPartOf":{"@id":"https:\/\/www.organisator.ch\/#website"},"primaryImageOfPage":{"@id":"https:\/\/www.organisator.ch\/management\/2023-10-25\/insolvenzen-sind-in-der-schweiz-2023-nochmals-um-8-gestiegen\/#primaryimage"},"image":{"@id":"https:\/\/www.organisator.ch\/management\/2023-10-25\/insolvenzen-sind-in-der-schweiz-2023-nochmals-um-8-gestiegen\/#primaryimage"},"thumbnailUrl":"https:\/\/www.organisator.ch\/wp-content\/uploads\/2023\/10\/Allianz-Trade_ps.jpg","datePublished":"2023-10-25T04:21:20+00:00","description":"En 2022, la Suisse a enregistr\u00e9 une hausse record des insolvabilit\u00e9s avec + 32 %. Cette ann\u00e9e, les insolvabilit\u00e9s ont augment\u00e9 de 8%.","breadcrumb":{"@id":"https:\/\/www.organisator.ch\/management\/2023-10-25\/insolvenzen-sind-in-der-schweiz-2023-nochmals-um-8-gestiegen\/#breadcrumb"},"inLanguage":"fr-FR","potentialAction":[{"@type":"ReadAction","target":["https:\/\/www.organisator.ch\/management\/2023-10-25\/insolvenzen-sind-in-der-schweiz-2023-nochmals-um-8-gestiegen\/"]}]},{"@type":"ImageObject","inLanguage":"fr-FR","@id":"https:\/\/www.organisator.ch\/management\/2023-10-25\/insolvenzen-sind-in-der-schweiz-2023-nochmals-um-8-gestiegen\/#primaryimage","url":"https:\/\/www.organisator.ch\/wp-content\/uploads\/2023\/10\/Allianz-Trade_ps.jpg","contentUrl":"https:\/\/www.organisator.ch\/wp-content\/uploads\/2023\/10\/Allianz-Trade_ps.jpg","width":680,"height":481,"caption":"Die Schweiz verzeichnete 2022 einen Rekordanstieg der Insolvenzen mit + 32 %. Dieses Jahr sind die Insolvenzen um 8% gestiegen. (Bild: www.pixabay.com)"},{"@type":"BreadcrumbList","@id":"https:\/\/www.organisator.ch\/management\/2023-10-25\/insolvenzen-sind-in-der-schweiz-2023-nochmals-um-8-gestiegen\/#breadcrumb","itemListElement":[{"@type":"ListItem","position":1,"name":"Home","item":"https:\/\/www.organisator.ch\/"},{"@type":"ListItem","position":2,"name":"Insolvenzen sind in der Schweiz 2023 nochmals um 8 % gestiegen"}]},{"@type":"WebSite","@id":"https:\/\/www.organisator.ch\/#website","url":"https:\/\/www.organisator.ch\/","name":"Organisateur","description":"Comp\u00e9tence et comp\u00e9tence. Proches de la pratique. L'ORGANISATEUR pr\u00e9pare 10 num\u00e9ros par an sur les th\u00e8mes essentiels pour les dirigeants de PME.","publisher":{"@id":"https:\/\/www.organisator.ch\/#organization"},"potentialAction":[{"@type":"SearchAction","target":{"@type":"EntryPoint","urlTemplate":"https:\/\/www.organisator.ch\/?s={search_term_string}"},"query-input":{"@type":"PropertyValueSpecification","valueRequired":true,"valueName":"search_term_string"}}],"inLanguage":"fr-FR"},{"@type":"Organization","@id":"https:\/\/www.organisator.ch\/#organization","name":"Organisateur","url":"https:\/\/www.organisator.ch\/","logo":{"@type":"ImageObject","inLanguage":"fr-FR","@id":"https:\/\/www.organisator.ch\/#\/schema\/logo\/image\/","url":"https:\/\/www.organisator.ch\/wp-content\/uploads\/2022\/01\/Logo_Organisator_Website.png","contentUrl":"https:\/\/www.organisator.ch\/wp-content\/uploads\/2022\/01\/Logo_Organisator_Website.png","width":800,"height":77,"caption":"Organisator"},"image":{"@id":"https:\/\/www.organisator.ch\/#\/schema\/logo\/image\/"},"sameAs":["https:\/\/www.facebook.com\/OrganisatorFachmagazin","https:\/\/www.linkedin.com\/showcase\/organisator-das-magazin-fr-kmu","https:\/\/www.xing.com\/news\/pages\/organisator-ch-695","https:\/\/www.youtube.com\/channel\/UCGP2Sq0iWaZwT3BdIAQFYpw"]},{"@type":"Person","@id":"https:\/\/www.organisator.ch\/#\/schema\/person\/2e1314a2172123f874db408d8911d3f3","name":"Adelisa Kalajdzini","image":{"@type":"ImageObject","inLanguage":"fr-FR","@id":"https:\/\/secure.gravatar.com\/avatar\/09a397c22ac58cad6f160ee8306348599df9df58a8ede73696226897b9fa4b24?s=96&d=mm&r=g","url":"https:\/\/secure.gravatar.com\/avatar\/09a397c22ac58cad6f160ee8306348599df9df58a8ede73696226897b9fa4b24?s=96&d=mm&r=g","contentUrl":"https:\/\/secure.gravatar.com\/avatar\/09a397c22ac58cad6f160ee8306348599df9df58a8ede73696226897b9fa4b24?s=96&d=mm&r=g","caption":"Adelisa Kalajdzini"},"url":"https:\/\/www.organisator.ch\/fr\/author\/adelisa-kalajdzini\/"}]}},"_links":{"self":[{"href":"https:\/\/www.organisator.ch\/fr\/wp-json\/wp\/v2\/posts\/22721","targetHints":{"allow":["GET"]}}],"collection":[{"href":"https:\/\/www.organisator.ch\/fr\/wp-json\/wp\/v2\/posts"}],"about":[{"href":"https:\/\/www.organisator.ch\/fr\/wp-json\/wp\/v2\/types\/post"}],"author":[{"embeddable":true,"href":"https:\/\/www.organisator.ch\/fr\/wp-json\/wp\/v2\/users\/58"}],"replies":[{"embeddable":true,"href":"https:\/\/www.organisator.ch\/fr\/wp-json\/wp\/v2\/comments?post=22721"}],"version-history":[{"count":2,"href":"https:\/\/www.organisator.ch\/fr\/wp-json\/wp\/v2\/posts\/22721\/revisions"}],"predecessor-version":[{"id":22724,"href":"https:\/\/www.organisator.ch\/fr\/wp-json\/wp\/v2\/posts\/22721\/revisions\/22724"}],"wp:featuredmedia":[{"embeddable":true,"href":"https:\/\/www.organisator.ch\/fr\/wp-json\/wp\/v2\/media\/22723"}],"wp:attachment":[{"href":"https:\/\/www.organisator.ch\/fr\/wp-json\/wp\/v2\/media?parent=22721"}],"wp:term":[{"taxonomy":"category","embeddable":true,"href":"https:\/\/www.organisator.ch\/fr\/wp-json\/wp\/v2\/categories?post=22721"},{"taxonomy":"post_tag","embeddable":true,"href":"https:\/\/www.organisator.ch\/fr\/wp-json\/wp\/v2\/tags?post=22721"}],"curies":[{"name":"wp","href":"https:\/\/api.w.org\/{rel}","templated":true}]}}