{"id":22725,"date":"2023-10-24T15:38:59","date_gmt":"2023-10-24T13:38:59","guid":{"rendered":"https:\/\/www.organisator.ch\/?p=22725"},"modified":"2023-10-24T11:07:37","modified_gmt":"2023-10-24T09:07:37","slug":"die-hoehle-der-loewen-schweiz-2023-startet-mit-zwei-neuen-investor-innen","status":"publish","type":"post","link":"https:\/\/www.organisator.ch\/fr\/management\/2023-10-24\/die-hoehle-der-loewen-schweiz-2023-startet-mit-zwei-neuen-investor-innen\/","title":{"rendered":"L'\u00e9mission \"Die H\u00f6hle der L\u00f6wen Schweiz 2023\" d\u00e9marre avec deux nouveaux investisseurs"},"content":{"rendered":"<figure id=\"attachment_22727\" aria-describedby=\"caption-attachment-22727\" style=\"width: 680px\" class=\"wp-caption alignnone\"><img loading=\"lazy\" decoding=\"async\" class=\"wp-image-22727 size-full\" src=\"https:\/\/www.organisator.ch\/wp-content\/uploads\/2023\/10\/Die-Hoehle-der-Loewen-Schweiz-2023-startet-mit-zwei-neuen-Investorinnen_Organisator.jpg\" alt=\"\" width=\"680\" height=\"365\" srcset=\"https:\/\/www.organisator.ch\/wp-content\/uploads\/2023\/10\/Die-Hoehle-der-Loewen-Schweiz-2023-startet-mit-zwei-neuen-Investorinnen_Organisator.jpg 680w, https:\/\/www.organisator.ch\/wp-content\/uploads\/2023\/10\/Die-Hoehle-der-Loewen-Schweiz-2023-startet-mit-zwei-neuen-Investorinnen_Organisator-18x10.jpg 18w, https:\/\/www.organisator.ch\/wp-content\/uploads\/2023\/10\/Die-Hoehle-der-Loewen-Schweiz-2023-startet-mit-zwei-neuen-Investorinnen_Organisator-375x201.jpg 375w, https:\/\/www.organisator.ch\/wp-content\/uploads\/2023\/10\/Die-Hoehle-der-Loewen-Schweiz-2023-startet-mit-zwei-neuen-Investorinnen_Organisator-652x350.jpg 652w\" sizes=\"auto, (max-width: 680px) 100vw, 680px\" \/><figcaption id=\"caption-attachment-22727\" class=\"wp-caption-text\">Les investisseurs avec deux nouveaux visages dans Die H\u00f6hle der L\u00f6wen Schweiz (de g. \u00e0 d.) : Lukas Speiser, Bettina Hein, Nicole B\u00fcttner-Thiel, J\u00fcrg Schwarzenbach, Roland Brack, Tobias Reichmuth, Anja Graf et Felix Bertram. (Image : CH Media)<\/figcaption><\/figure>\n<p>L'\u00e9mission \"Die H\u00f6hle der L\u00f6wen\" est d\u00e9j\u00e0 diffus\u00e9e dans 35 pays. Aux Etats-Unis, le format est diffus\u00e9 depuis 2009 sous le titre \"Shark Tank\" et a permis la cr\u00e9ation de plusieurs milliers d'emplois depuis sa premi\u00e8re diffusion, est-il pr\u00e9cis\u00e9. L'id\u00e9e de ce format d'infotainment \u00e9conomique : \u00e0 chaque \u00e9pisode, plusieurs jeunes entrepreneurs se pr\u00e9sentent devant les investisseurs avec leurs id\u00e9es commerciales et leurs concepts d'entreprise innovants et sollicitent leur investissement.<\/p>\n<p>En Suisse, la cinqui\u00e8me saison de Die H\u00f6hle der L\u00f6wen d\u00e9butera le 31 octobre 2023, \u00e0 une heure de grande \u00e9coute. Et deux nouveaux investisseurs offrent cette ann\u00e9e de nouvelles chances de conclure un accord : le m\u00e9decin sp\u00e9cialis\u00e9 en dermatologie et v\u00e9n\u00e9rologie et speaker TedX Felix Bertram ainsi que l'entrepreneuse en IA Nicole B\u00fcttner-Thiel - une <a href=\"https:\/\/www.organisator.ch\/de\/management\/2023-10-23\/nicole-buettner-wichtig-ist-die-menschenzentriertheit\/\">grande interview avec elle<\/a> (payant) est paru dans ORGANISATOR 9-10\/2023. Dans la lutte pour un investissement, 42 jeunes entreprises doivent \u00e0 nouveau r\u00e9ussir \u00e0 convaincre les investisseurs de leurs id\u00e9es : outre les deux nouveaux lions mentionn\u00e9s, il s'agit de la pionni\u00e8re des appartements d'affaires Anja Graf, de l'entrepreneuse tech Bettina Hein, de l'expert en commerce en ligne et fondateur de brack.ch Roland Brack, de l'entrepreneur en d\u00e9veloppement durable Tobias Reichmuth, du cofondateur et CEO d'Amorana Lukas Speiser, du propri\u00e9taire de soci\u00e9t\u00e9 d'investissement J\u00fcrg Schwarzenbach. Parmi les startups remarquables issues des secteurs les plus divers, on trouve par exemple<\/p>\n<ul>\n<li>Nikin : la marque de v\u00eatements durables de Lenzburg (AG) fait planter un arbre par produit vendu. L'entreprise suisse, qui jouit d\u00e9j\u00e0 d'une grande notori\u00e9t\u00e9, ose franchir un nouveau pas commercial dans la \"Grotte des Lions\".<\/li>\n<li>Skimover : pour tous ceux qui aiment aller skier en transports publics : La start-up de Rheinau (ZH) rend le port des skis superflu - gr\u00e2ce \u00e0 une petite aide au transport sur roues.<\/li>\n<li>Hera Organics : deux jeunes entrepreneuses de Merlischachen (SZ) se sont donn\u00e9 pour mission de remplacer les serviettes hygi\u00e9niques et les tampons par des \u00e9ponges menstruelles naturellement d\u00e9gradables.<\/li>\n<li>Wedgram est une application de mariage : D\u00e9velopp\u00e9e \u00e0 Saint-Gall, Wedgram est la premi\u00e8re application de m\u00e9dias sociaux de mariage qui met en correspondance les prestataires de mariage et les couples.<\/li>\n<li>Madame Sum : la start-up de D\u00fcbendorf livre des dumplings surgel\u00e9s de haute qualit\u00e9 \u00e0 domicile : des saveurs cr\u00e9atives, made in Switzerland.<\/li>\n<li>Sashay : des chaussures en pommes - une femme de Thalwil rend cela possible : la partenaire de l'ex-ambassadeur Thomas Borer fait produire des chaussures styl\u00e9es en cuir de pomme.<\/li>\n<\/ul>\n<p>Comme par le pass\u00e9, nous allons rendre compte ici des diff\u00e9rentes \u00e9missions de Die H\u00f6hle der L\u00f6wen Schweiz. Cette ann\u00e9e encore, une entreprise va-t-elle recevoir un <a href=\"https:\/\/www.organisator.ch\/de\/management\/2022-10-12\/erneut-millionendeal-bei-die-hoehle-der-loewen-schweiz\/\">Deal d'un million de dollars<\/a> \u00e0 la mer ?<\/p>\n<p><em>Plus d'informations et dates de diffusion : <a href=\"https:\/\/www.oneplus.ch\/search\/detail\/1000604\">www.oneplus.ch<\/a><\/em><\/p>","protected":false},"excerpt":{"rendered":"<p>Le public suisse de la t\u00e9l\u00e9vision et du streaming peut \u00e0 nouveau se r\u00e9jouir d'incroyables id\u00e9es commerciales - et de deux nouveaux lions : avec le dermatologue et entrepreneur \u00e0 succ\u00e8s Felix Bertram et l'entrepreneuse visionnaire en intelligence artificielle Nicole B\u00fcttner-Thiel, deux investisseurs suppl\u00e9mentaires rejoignent Roland Brack, Anja Graf, Bettina Hein, Tobias Reichmuth, J\u00fcrg Schwarzenbach et Lukas Speiser \u00e0 bord de la cinqui\u00e8me saison de Die H\u00f6hle der L\u00f6wen Schweiz. 42 start-ups esp\u00e8rent conclure un accord. La saison d\u00e9butera \u00e0 nouveau le mardi 31 octobre sur la cha\u00eene de t\u00e9l\u00e9vision 3+.<\/p>","protected":false},"author":4,"featured_media":22727,"comment_status":"closed","ping_status":"closed","sticky":false,"template":"","format":"standard","meta":{"_acf_changed":false,"_yoast_wpseo_focuskw":"H\u00f6hle der L\u00f6wen Schweiz","_yoast_wpseo_metadesc":"Mit Felix Bertram und Nicole B\u00fcttner-Thiel sind in der f\u00fcnften Staffel von Die H\u00f6hle der L\u00f6wen Schweiz zwei neue Investor\/-innen am Start.","articlekey":"","footnotes":""},"categories":[28],"tags":[2683,451,3982,492],"class_list":["post-22725","post","type-post","status-publish","format-standard","has-post-thumbnail","hentry","category-management","tag-hoehle-der-loewen","tag-startups","tag-unterhaltung","tag-unternehmen"],"acf":[],"yoast_head":"<!-- This site is optimized with the Yoast SEO plugin v27.5 - https:\/\/yoast.com\/product\/yoast-seo-wordpress\/ -->\n<title>Die H\u00f6hle der L\u00f6wen Schweiz 2023 startet mit zwei neuen Investor\/-innen - Organisator<\/title>\n<meta name=\"description\" content=\"Mit Felix Bertram und Nicole B\u00fcttner-Thiel sind in der f\u00fcnften Staffel von Die H\u00f6hle der L\u00f6wen Schweiz zwei neue Investor\/-innen am Start.\" \/>\n<meta name=\"robots\" content=\"index, follow, max-snippet:-1, max-image-preview:large, max-video-preview:-1\" \/>\n<link rel=\"canonical\" href=\"https:\/\/www.organisator.ch\/fr\/gestion-2\/2023-10-24\/die-hoehle-der-loewen-schweiz-2023-startet-mit-zwei-neuen-investor-innen\/\" \/>\n<meta property=\"og:locale\" content=\"fr_FR\" \/>\n<meta property=\"og:type\" content=\"article\" \/>\n<meta property=\"og:title\" content=\"Die H\u00f6hle der L\u00f6wen Schweiz 2023 startet mit zwei neuen Investor\/-innen\" \/>\n<meta property=\"og:description\" content=\"Mit Felix Bertram und Nicole B\u00fcttner-Thiel sind in der f\u00fcnften Staffel von Die H\u00f6hle der L\u00f6wen Schweiz zwei neue Investor\/-innen am Start.\" \/>\n<meta property=\"og:url\" content=\"https:\/\/www.organisator.ch\/fr\/gestion-2\/2023-10-24\/die-hoehle-der-loewen-schweiz-2023-startet-mit-zwei-neuen-investor-innen\/\" \/>\n<meta property=\"og:site_name\" content=\"Organisator\" \/>\n<meta property=\"article:publisher\" content=\"https:\/\/www.facebook.com\/OrganisatorFachmagazin\" \/>\n<meta property=\"article:published_time\" content=\"2023-10-24T13:38:59+00:00\" \/>\n<meta property=\"og:image\" content=\"https:\/\/www.organisator.ch\/wp-content\/uploads\/2023\/10\/Die-Hoehle-der-Loewen-Schweiz-2023-startet-mit-zwei-neuen-Investorinnen_Organisator.jpg\" \/>\n\t<meta property=\"og:image:width\" content=\"680\" \/>\n\t<meta property=\"og:image:height\" content=\"365\" \/>\n\t<meta property=\"og:image:type\" content=\"image\/jpeg\" \/>\n<meta name=\"author\" content=\"thomas.berner\" \/>\n<meta name=\"twitter:card\" content=\"summary_large_image\" \/>\n<meta name=\"twitter:title\" content=\"Die H\u00f6hle der #L\u00f6wen Schweiz 2023 startet mit zwei neuen #Investor\/-innen\" \/>\n<meta name=\"twitter:description\" content=\"Mit Felix #Bertram und Nicole #B\u00fcttner-Thiel sind in der f\u00fcnften Staffel von Die H\u00f6hle der #L\u00f6wen Schweiz zwei neue #Investor\/-innen am Start.\" \/>\n<meta name=\"twitter:image\" content=\"https:\/\/www.organisator.ch\/wp-content\/uploads\/2023\/10\/Die-Hoehle-der-Loewen-Schweiz-2023-startet-mit-zwei-neuen-Investorinnen_Organisator.jpg\" \/>\n<script type=\"application\/ld+json\" class=\"yoast-schema-graph\">{\"@context\":\"https:\\\/\\\/schema.org\",\"@graph\":[{\"@type\":\"Article\",\"@id\":\"https:\\\/\\\/www.organisator.ch\\\/management\\\/2023-10-24\\\/die-hoehle-der-loewen-schweiz-2023-startet-mit-zwei-neuen-investor-innen\\\/#article\",\"isPartOf\":{\"@id\":\"https:\\\/\\\/www.organisator.ch\\\/management\\\/2023-10-24\\\/die-hoehle-der-loewen-schweiz-2023-startet-mit-zwei-neuen-investor-innen\\\/\"},\"author\":{\"name\":\"thomas.berner\",\"@id\":\"https:\\\/\\\/www.organisator.ch\\\/#\\\/schema\\\/person\\\/6f650f90b2842cd4c0cc334b4e36f67e\"},\"headline\":\"Die H\u00f6hle der L\u00f6wen Schweiz 2023 startet mit zwei neuen Investor\\\/-innen\",\"datePublished\":\"2023-10-24T13:38:59+00:00\",\"mainEntityOfPage\":{\"@id\":\"https:\\\/\\\/www.organisator.ch\\\/management\\\/2023-10-24\\\/die-hoehle-der-loewen-schweiz-2023-startet-mit-zwei-neuen-investor-innen\\\/\"},\"wordCount\":446,\"publisher\":{\"@id\":\"https:\\\/\\\/www.organisator.ch\\\/#organization\"},\"image\":{\"@id\":\"https:\\\/\\\/www.organisator.ch\\\/management\\\/2023-10-24\\\/die-hoehle-der-loewen-schweiz-2023-startet-mit-zwei-neuen-investor-innen\\\/#primaryimage\"},\"thumbnailUrl\":\"https:\\\/\\\/www.organisator.ch\\\/wp-content\\\/uploads\\\/2023\\\/10\\\/Die-Hoehle-der-Loewen-Schweiz-2023-startet-mit-zwei-neuen-Investorinnen_Organisator.jpg\",\"keywords\":[\"H\u00f6hle der L\u00f6wen\",\"Startups\",\"Unterhaltung\",\"Unternehmen\"],\"articleSection\":[\"MANAGEMENT\"],\"inLanguage\":\"fr-FR\"},{\"@type\":\"WebPage\",\"@id\":\"https:\\\/\\\/www.organisator.ch\\\/management\\\/2023-10-24\\\/die-hoehle-der-loewen-schweiz-2023-startet-mit-zwei-neuen-investor-innen\\\/\",\"url\":\"https:\\\/\\\/www.organisator.ch\\\/management\\\/2023-10-24\\\/die-hoehle-der-loewen-schweiz-2023-startet-mit-zwei-neuen-investor-innen\\\/\",\"name\":\"Die H\u00f6hle der L\u00f6wen Schweiz 2023 startet mit zwei neuen Investor\\\/-innen - Organisator\",\"isPartOf\":{\"@id\":\"https:\\\/\\\/www.organisator.ch\\\/#website\"},\"primaryImageOfPage\":{\"@id\":\"https:\\\/\\\/www.organisator.ch\\\/management\\\/2023-10-24\\\/die-hoehle-der-loewen-schweiz-2023-startet-mit-zwei-neuen-investor-innen\\\/#primaryimage\"},\"image\":{\"@id\":\"https:\\\/\\\/www.organisator.ch\\\/management\\\/2023-10-24\\\/die-hoehle-der-loewen-schweiz-2023-startet-mit-zwei-neuen-investor-innen\\\/#primaryimage\"},\"thumbnailUrl\":\"https:\\\/\\\/www.organisator.ch\\\/wp-content\\\/uploads\\\/2023\\\/10\\\/Die-Hoehle-der-Loewen-Schweiz-2023-startet-mit-zwei-neuen-Investorinnen_Organisator.jpg\",\"datePublished\":\"2023-10-24T13:38:59+00:00\",\"description\":\"Mit Felix Bertram und Nicole B\u00fcttner-Thiel sind in der f\u00fcnften Staffel von Die H\u00f6hle der L\u00f6wen Schweiz zwei neue Investor\\\/-innen am Start.\",\"breadcrumb\":{\"@id\":\"https:\\\/\\\/www.organisator.ch\\\/management\\\/2023-10-24\\\/die-hoehle-der-loewen-schweiz-2023-startet-mit-zwei-neuen-investor-innen\\\/#breadcrumb\"},\"inLanguage\":\"fr-FR\",\"potentialAction\":[{\"@type\":\"ReadAction\",\"target\":[\"https:\\\/\\\/www.organisator.ch\\\/management\\\/2023-10-24\\\/die-hoehle-der-loewen-schweiz-2023-startet-mit-zwei-neuen-investor-innen\\\/\"]}]},{\"@type\":\"ImageObject\",\"inLanguage\":\"fr-FR\",\"@id\":\"https:\\\/\\\/www.organisator.ch\\\/management\\\/2023-10-24\\\/die-hoehle-der-loewen-schweiz-2023-startet-mit-zwei-neuen-investor-innen\\\/#primaryimage\",\"url\":\"https:\\\/\\\/www.organisator.ch\\\/wp-content\\\/uploads\\\/2023\\\/10\\\/Die-Hoehle-der-Loewen-Schweiz-2023-startet-mit-zwei-neuen-Investorinnen_Organisator.jpg\",\"contentUrl\":\"https:\\\/\\\/www.organisator.ch\\\/wp-content\\\/uploads\\\/2023\\\/10\\\/Die-Hoehle-der-Loewen-Schweiz-2023-startet-mit-zwei-neuen-Investorinnen_Organisator.jpg\",\"width\":680,\"height\":365,\"caption\":\"Die Investor\\\/-innen mit zwei neuen Gesichtern bei Die H\u00f6hle der L\u00f6wen Schweiz (v.l.n.r): Lukas Speiser, Bettina Hein, Nicole B\u00fcttner-Thiel, J\u00fcrg Schwarzenbach, Roland Brack, Andreas Mollet, Anja Graf und Felix Bertram. Nicht im Bild: Tobias Reichmuth. (Bild: CH Media)\"},{\"@type\":\"BreadcrumbList\",\"@id\":\"https:\\\/\\\/www.organisator.ch\\\/management\\\/2023-10-24\\\/die-hoehle-der-loewen-schweiz-2023-startet-mit-zwei-neuen-investor-innen\\\/#breadcrumb\",\"itemListElement\":[{\"@type\":\"ListItem\",\"position\":1,\"name\":\"Home\",\"item\":\"https:\\\/\\\/www.organisator.ch\\\/\"},{\"@type\":\"ListItem\",\"position\":2,\"name\":\"Die H\u00f6hle der L\u00f6wen Schweiz 2023 startet mit zwei neuen Investor\\\/-innen\"}]},{\"@type\":\"WebSite\",\"@id\":\"https:\\\/\\\/www.organisator.ch\\\/#website\",\"url\":\"https:\\\/\\\/www.organisator.ch\\\/\",\"name\":\"Organisator\",\"description\":\"Kompetent. Praxisnah. Der ORGANISATOR bereitet in 10 Ausgaben pro Jahr die wesentlichen Themen f\u00fcr F\u00fchrungskr\u00e4fte von KMU auf.\",\"publisher\":{\"@id\":\"https:\\\/\\\/www.organisator.ch\\\/#organization\"},\"potentialAction\":[{\"@type\":\"SearchAction\",\"target\":{\"@type\":\"EntryPoint\",\"urlTemplate\":\"https:\\\/\\\/www.organisator.ch\\\/?s={search_term_string}\"},\"query-input\":{\"@type\":\"PropertyValueSpecification\",\"valueRequired\":true,\"valueName\":\"search_term_string\"}}],\"inLanguage\":\"fr-FR\"},{\"@type\":\"Organization\",\"@id\":\"https:\\\/\\\/www.organisator.ch\\\/#organization\",\"name\":\"Organisator\",\"url\":\"https:\\\/\\\/www.organisator.ch\\\/\",\"logo\":{\"@type\":\"ImageObject\",\"inLanguage\":\"fr-FR\",\"@id\":\"https:\\\/\\\/www.organisator.ch\\\/#\\\/schema\\\/logo\\\/image\\\/\",\"url\":\"https:\\\/\\\/www.organisator.ch\\\/wp-content\\\/uploads\\\/2022\\\/01\\\/Logo_Organisator_Website.png\",\"contentUrl\":\"https:\\\/\\\/www.organisator.ch\\\/wp-content\\\/uploads\\\/2022\\\/01\\\/Logo_Organisator_Website.png\",\"width\":800,\"height\":77,\"caption\":\"Organisator\"},\"image\":{\"@id\":\"https:\\\/\\\/www.organisator.ch\\\/#\\\/schema\\\/logo\\\/image\\\/\"},\"sameAs\":[\"https:\\\/\\\/www.facebook.com\\\/OrganisatorFachmagazin\",\"https:\\\/\\\/www.linkedin.com\\\/showcase\\\/organisator-das-magazin-fr-kmu\",\"https:\\\/\\\/www.xing.com\\\/news\\\/pages\\\/organisator-ch-695\",\"https:\\\/\\\/www.youtube.com\\\/channel\\\/UCGP2Sq0iWaZwT3BdIAQFYpw\"]},{\"@type\":\"Person\",\"@id\":\"https:\\\/\\\/www.organisator.ch\\\/#\\\/schema\\\/person\\\/6f650f90b2842cd4c0cc334b4e36f67e\",\"name\":\"thomas.berner\",\"image\":{\"@type\":\"ImageObject\",\"inLanguage\":\"fr-FR\",\"@id\":\"https:\\\/\\\/secure.gravatar.com\\\/avatar\\\/ac5001d2a36cb6c6cd3e50789007ffca834b477b74a2144564522e944eabff61?s=96&d=mm&r=g\",\"url\":\"https:\\\/\\\/secure.gravatar.com\\\/avatar\\\/ac5001d2a36cb6c6cd3e50789007ffca834b477b74a2144564522e944eabff61?s=96&d=mm&r=g\",\"contentUrl\":\"https:\\\/\\\/secure.gravatar.com\\\/avatar\\\/ac5001d2a36cb6c6cd3e50789007ffca834b477b74a2144564522e944eabff61?s=96&d=mm&r=g\",\"caption\":\"thomas.berner\"},\"url\":\"https:\\\/\\\/www.organisator.ch\\\/fr\\\/author\\\/thomas-berner\\\/\"}]}<\/script>\n<!-- \/ Yoast SEO plugin. -->","yoast_head_json":{"title":"Die H\u00f6hle der L\u00f6wen Schweiz 2023 d\u00e9marre avec deux nouveaux investisseurs - Organisateur","description":"Avec Felix Bertram et Nicole B\u00fcttner-Thiel, deux nouveaux investisseurs font leur entr\u00e9e dans la cinqui\u00e8me saison de Die H\u00f6hle der L\u00f6wen Schweiz.","robots":{"index":"index","follow":"follow","max-snippet":"max-snippet:-1","max-image-preview":"max-image-preview:large","max-video-preview":"max-video-preview:-1"},"canonical":"https:\/\/www.organisator.ch\/fr\/gestion-2\/2023-10-24\/die-hoehle-der-loewen-schweiz-2023-startet-mit-zwei-neuen-investor-innen\/","og_locale":"fr_FR","og_type":"article","og_title":"Die H\u00f6hle der L\u00f6wen Schweiz 2023 startet mit zwei neuen Investor\/-innen","og_description":"Mit Felix Bertram und Nicole B\u00fcttner-Thiel sind in der f\u00fcnften Staffel von Die H\u00f6hle der L\u00f6wen Schweiz zwei neue Investor\/-innen am Start.","og_url":"https:\/\/www.organisator.ch\/fr\/gestion-2\/2023-10-24\/die-hoehle-der-loewen-schweiz-2023-startet-mit-zwei-neuen-investor-innen\/","og_site_name":"Organisator","article_publisher":"https:\/\/www.facebook.com\/OrganisatorFachmagazin","article_published_time":"2023-10-24T13:38:59+00:00","og_image":[{"width":680,"height":365,"url":"https:\/\/www.organisator.ch\/wp-content\/uploads\/2023\/10\/Die-Hoehle-der-Loewen-Schweiz-2023-startet-mit-zwei-neuen-Investorinnen_Organisator.jpg","type":"image\/jpeg"}],"author":"thomas.berner","twitter_card":"summary_large_image","twitter_title":"Die H\u00f6hle der #L\u00f6wen Schweiz 2023 startet mit zwei neuen #Investor\/-innen","twitter_description":"Mit Felix #Bertram und Nicole #B\u00fcttner-Thiel sind in der f\u00fcnften Staffel von Die H\u00f6hle der #L\u00f6wen Schweiz zwei neue #Investor\/-innen am Start.","twitter_image":"https:\/\/www.organisator.ch\/wp-content\/uploads\/2023\/10\/Die-Hoehle-der-Loewen-Schweiz-2023-startet-mit-zwei-neuen-Investorinnen_Organisator.jpg","schema":{"@context":"https:\/\/schema.org","@graph":[{"@type":"Article","@id":"https:\/\/www.organisator.ch\/management\/2023-10-24\/die-hoehle-der-loewen-schweiz-2023-startet-mit-zwei-neuen-investor-innen\/#article","isPartOf":{"@id":"https:\/\/www.organisator.ch\/management\/2023-10-24\/die-hoehle-der-loewen-schweiz-2023-startet-mit-zwei-neuen-investor-innen\/"},"author":{"name":"thomas.berner","@id":"https:\/\/www.organisator.ch\/#\/schema\/person\/6f650f90b2842cd4c0cc334b4e36f67e"},"headline":"Die H\u00f6hle der L\u00f6wen Schweiz 2023 startet mit zwei neuen Investor\/-innen","datePublished":"2023-10-24T13:38:59+00:00","mainEntityOfPage":{"@id":"https:\/\/www.organisator.ch\/management\/2023-10-24\/die-hoehle-der-loewen-schweiz-2023-startet-mit-zwei-neuen-investor-innen\/"},"wordCount":446,"publisher":{"@id":"https:\/\/www.organisator.ch\/#organization"},"image":{"@id":"https:\/\/www.organisator.ch\/management\/2023-10-24\/die-hoehle-der-loewen-schweiz-2023-startet-mit-zwei-neuen-investor-innen\/#primaryimage"},"thumbnailUrl":"https:\/\/www.organisator.ch\/wp-content\/uploads\/2023\/10\/Die-Hoehle-der-Loewen-Schweiz-2023-startet-mit-zwei-neuen-Investorinnen_Organisator.jpg","keywords":["H\u00f6hle der L\u00f6wen","Startups","Unterhaltung","Unternehmen"],"articleSection":["MANAGEMENT"],"inLanguage":"fr-FR"},{"@type":"WebPage","@id":"https:\/\/www.organisator.ch\/management\/2023-10-24\/die-hoehle-der-loewen-schweiz-2023-startet-mit-zwei-neuen-investor-innen\/","url":"https:\/\/www.organisator.ch\/management\/2023-10-24\/die-hoehle-der-loewen-schweiz-2023-startet-mit-zwei-neuen-investor-innen\/","name":"Die H\u00f6hle der L\u00f6wen Schweiz 2023 d\u00e9marre avec deux nouveaux investisseurs - Organisateur","isPartOf":{"@id":"https:\/\/www.organisator.ch\/#website"},"primaryImageOfPage":{"@id":"https:\/\/www.organisator.ch\/management\/2023-10-24\/die-hoehle-der-loewen-schweiz-2023-startet-mit-zwei-neuen-investor-innen\/#primaryimage"},"image":{"@id":"https:\/\/www.organisator.ch\/management\/2023-10-24\/die-hoehle-der-loewen-schweiz-2023-startet-mit-zwei-neuen-investor-innen\/#primaryimage"},"thumbnailUrl":"https:\/\/www.organisator.ch\/wp-content\/uploads\/2023\/10\/Die-Hoehle-der-Loewen-Schweiz-2023-startet-mit-zwei-neuen-Investorinnen_Organisator.jpg","datePublished":"2023-10-24T13:38:59+00:00","description":"Avec Felix Bertram et Nicole B\u00fcttner-Thiel, deux nouveaux investisseurs font leur entr\u00e9e dans la cinqui\u00e8me saison de Die H\u00f6hle der L\u00f6wen Schweiz.","breadcrumb":{"@id":"https:\/\/www.organisator.ch\/management\/2023-10-24\/die-hoehle-der-loewen-schweiz-2023-startet-mit-zwei-neuen-investor-innen\/#breadcrumb"},"inLanguage":"fr-FR","potentialAction":[{"@type":"ReadAction","target":["https:\/\/www.organisator.ch\/management\/2023-10-24\/die-hoehle-der-loewen-schweiz-2023-startet-mit-zwei-neuen-investor-innen\/"]}]},{"@type":"ImageObject","inLanguage":"fr-FR","@id":"https:\/\/www.organisator.ch\/management\/2023-10-24\/die-hoehle-der-loewen-schweiz-2023-startet-mit-zwei-neuen-investor-innen\/#primaryimage","url":"https:\/\/www.organisator.ch\/wp-content\/uploads\/2023\/10\/Die-Hoehle-der-Loewen-Schweiz-2023-startet-mit-zwei-neuen-Investorinnen_Organisator.jpg","contentUrl":"https:\/\/www.organisator.ch\/wp-content\/uploads\/2023\/10\/Die-Hoehle-der-Loewen-Schweiz-2023-startet-mit-zwei-neuen-Investorinnen_Organisator.jpg","width":680,"height":365,"caption":"Die Investor\/-innen mit zwei neuen Gesichtern bei Die H\u00f6hle der L\u00f6wen Schweiz (v.l.n.r): Lukas Speiser, Bettina Hein, Nicole B\u00fcttner-Thiel, J\u00fcrg Schwarzenbach, Roland Brack, Andreas Mollet, Anja Graf und Felix Bertram. Nicht im Bild: Tobias Reichmuth. (Bild: CH Media)"},{"@type":"BreadcrumbList","@id":"https:\/\/www.organisator.ch\/management\/2023-10-24\/die-hoehle-der-loewen-schweiz-2023-startet-mit-zwei-neuen-investor-innen\/#breadcrumb","itemListElement":[{"@type":"ListItem","position":1,"name":"Home","item":"https:\/\/www.organisator.ch\/"},{"@type":"ListItem","position":2,"name":"Die H\u00f6hle der L\u00f6wen Schweiz 2023 startet mit zwei neuen Investor\/-innen"}]},{"@type":"WebSite","@id":"https:\/\/www.organisator.ch\/#website","url":"https:\/\/www.organisator.ch\/","name":"Organisateur","description":"Comp\u00e9tence et comp\u00e9tence. Proches de la pratique. L'ORGANISATEUR pr\u00e9pare 10 num\u00e9ros par an sur les th\u00e8mes essentiels pour les dirigeants de PME.","publisher":{"@id":"https:\/\/www.organisator.ch\/#organization"},"potentialAction":[{"@type":"SearchAction","target":{"@type":"EntryPoint","urlTemplate":"https:\/\/www.organisator.ch\/?s={search_term_string}"},"query-input":{"@type":"PropertyValueSpecification","valueRequired":true,"valueName":"search_term_string"}}],"inLanguage":"fr-FR"},{"@type":"Organization","@id":"https:\/\/www.organisator.ch\/#organization","name":"Organisateur","url":"https:\/\/www.organisator.ch\/","logo":{"@type":"ImageObject","inLanguage":"fr-FR","@id":"https:\/\/www.organisator.ch\/#\/schema\/logo\/image\/","url":"https:\/\/www.organisator.ch\/wp-content\/uploads\/2022\/01\/Logo_Organisator_Website.png","contentUrl":"https:\/\/www.organisator.ch\/wp-content\/uploads\/2022\/01\/Logo_Organisator_Website.png","width":800,"height":77,"caption":"Organisator"},"image":{"@id":"https:\/\/www.organisator.ch\/#\/schema\/logo\/image\/"},"sameAs":["https:\/\/www.facebook.com\/OrganisatorFachmagazin","https:\/\/www.linkedin.com\/showcase\/organisator-das-magazin-fr-kmu","https:\/\/www.xing.com\/news\/pages\/organisator-ch-695","https:\/\/www.youtube.com\/channel\/UCGP2Sq0iWaZwT3BdIAQFYpw"]},{"@type":"Person","@id":"https:\/\/www.organisator.ch\/#\/schema\/person\/6f650f90b2842cd4c0cc334b4e36f67e","name":"thomas.berner","image":{"@type":"ImageObject","inLanguage":"fr-FR","@id":"https:\/\/secure.gravatar.com\/avatar\/ac5001d2a36cb6c6cd3e50789007ffca834b477b74a2144564522e944eabff61?s=96&d=mm&r=g","url":"https:\/\/secure.gravatar.com\/avatar\/ac5001d2a36cb6c6cd3e50789007ffca834b477b74a2144564522e944eabff61?s=96&d=mm&r=g","contentUrl":"https:\/\/secure.gravatar.com\/avatar\/ac5001d2a36cb6c6cd3e50789007ffca834b477b74a2144564522e944eabff61?s=96&d=mm&r=g","caption":"thomas.berner"},"url":"https:\/\/www.organisator.ch\/fr\/author\/thomas-berner\/"}]}},"_links":{"self":[{"href":"https:\/\/www.organisator.ch\/fr\/wp-json\/wp\/v2\/posts\/22725","targetHints":{"allow":["GET"]}}],"collection":[{"href":"https:\/\/www.organisator.ch\/fr\/wp-json\/wp\/v2\/posts"}],"about":[{"href":"https:\/\/www.organisator.ch\/fr\/wp-json\/wp\/v2\/types\/post"}],"author":[{"embeddable":true,"href":"https:\/\/www.organisator.ch\/fr\/wp-json\/wp\/v2\/users\/4"}],"replies":[{"embeddable":true,"href":"https:\/\/www.organisator.ch\/fr\/wp-json\/wp\/v2\/comments?post=22725"}],"version-history":[{"count":2,"href":"https:\/\/www.organisator.ch\/fr\/wp-json\/wp\/v2\/posts\/22725\/revisions"}],"predecessor-version":[{"id":22733,"href":"https:\/\/www.organisator.ch\/fr\/wp-json\/wp\/v2\/posts\/22725\/revisions\/22733"}],"wp:featuredmedia":[{"embeddable":true,"href":"https:\/\/www.organisator.ch\/fr\/wp-json\/wp\/v2\/media\/22727"}],"wp:attachment":[{"href":"https:\/\/www.organisator.ch\/fr\/wp-json\/wp\/v2\/media?parent=22725"}],"wp:term":[{"taxonomy":"category","embeddable":true,"href":"https:\/\/www.organisator.ch\/fr\/wp-json\/wp\/v2\/categories?post=22725"},{"taxonomy":"post_tag","embeddable":true,"href":"https:\/\/www.organisator.ch\/fr\/wp-json\/wp\/v2\/tags?post=22725"}],"curies":[{"name":"wp","href":"https:\/\/api.w.org\/{rel}","templated":true}]}}