{"id":22726,"date":"2023-10-25T11:06:19","date_gmt":"2023-10-25T09:06:19","guid":{"rendered":"https:\/\/www.organisator.ch\/?p=22726"},"modified":"2023-10-25T13:33:26","modified_gmt":"2023-10-25T11:33:26","slug":"versandkosten-neun-fehler-die-haendler-ausbremsen","status":"publish","type":"post","link":"https:\/\/www.organisator.ch\/fr\/marketing\/2023-10-25\/versandkosten-neun-fehler-die-haendler-ausbremsen\/","title":{"rendered":"Frais de livraison : neuf erreurs qui freinent les commer\u00e7ants"},"content":{"rendered":"<figure id=\"attachment_22728\" aria-describedby=\"caption-attachment-22728\" style=\"width: 680px\" class=\"wp-caption alignnone\"><img loading=\"lazy\" decoding=\"async\" class=\"size-full wp-image-22728\" src=\"https:\/\/www.organisator.ch\/wp-content\/uploads\/2023\/10\/Simon-Kucher_Bild1_ps.jpg\" alt=\"\" width=\"680\" height=\"455\" srcset=\"https:\/\/www.organisator.ch\/wp-content\/uploads\/2023\/10\/Simon-Kucher_Bild1_ps.jpg 680w, https:\/\/www.organisator.ch\/wp-content\/uploads\/2023\/10\/Simon-Kucher_Bild1_ps-18x12.jpg 18w, https:\/\/www.organisator.ch\/wp-content\/uploads\/2023\/10\/Simon-Kucher_Bild1_ps-375x251.jpg 375w, https:\/\/www.organisator.ch\/wp-content\/uploads\/2023\/10\/Simon-Kucher_Bild1_ps-523x350.jpg 523w\" sizes=\"auto, (max-width: 680px) 100vw, 680px\" \/><figcaption id=\"caption-attachment-22728\" class=\"wp-caption-text\">La politique d'exp\u00e9dition de nombreux commer\u00e7ants est d\u00e9ficiente juste avant la haute saison. (Image : pixabay.com)<\/figcaption><\/figure>\n<p>Les consommateurs r\u00e9duisent leur consommation et la pression concurrentielle augmente. Dans le m\u00eame temps, il devient de plus en plus cher pour les commer\u00e7ants d'exp\u00e9dier leurs marchandises. Un dilemme \u00e0 l'approche des f\u00eates de fin d'ann\u00e9e. C'est maintenant que les commer\u00e7ants doivent \u00e9viter les neuf erreurs suivantes.<\/p>\n<h3><strong>Frais d'envoi forfaitaires<\/strong><\/h3>\n<p>Des frais de port indiff\u00e9renci\u00e9s, non adapt\u00e9s \u00e0 l'environnement du march\u00e9 ? Un probl\u00e8me de taille. De m\u00eame que la livraison d'un canap\u00e9 co\u00fbte g\u00e9n\u00e9ralement plus cher que celle d'un cadre photo, l'envoi d'un bracelet peut co\u00fbter plus cher que l'envoi de trois montres. Parce que les frais d'exp\u00e9dition ne doivent pas seulement \u00eatre calcul\u00e9s en fonction du poids, mais aussi de la marge. Bien entendu, il faut tenir compte des normes industrielles, des attentes des clients et des pratiques des principaux concurrents.<\/p>\n<h3><strong>Pas de valeur minimale de commande ou valeur minimale erron\u00e9e<\/strong><\/h3>\n<p>Autre probl\u00e8me : de nombreux commer\u00e7ants renoncent \u00e0 fixer un montant minimum de commande pour les frais de port gratuits. C'est une occasion manqu\u00e9e d'optimiser la taille du panier d'achat et d'atteindre un volume d'exp\u00e9dition efficace. Mais ce qui est important, c'est que le montant minimum de commande doit correspondre \u00e0 l'univers du produit. Si 500 francs ne posent pas de probl\u00e8me pour les produits \u00e9lectroniques de grande taille, ce n'est pas le cas pour les articles de droguerie simples.<\/p>\n<h3><strong>Pas d'offres pour les clients sensibles aux prix<\/strong><\/h3>\n<p>Indiquer les frais de livraison et s'\u00e9tonner ensuite que les clients sensibles au prix n'ach\u00e8tent rien ? Ce qui a \u00e9t\u00e9 oubli\u00e9 ici ? Il faut des sorties de secours pour les clients sensibles aux prix, c'est-\u00e0-dire des coupons pour des livraisons gratuites, des plages horaires d\u00e9finies sans frais de livraison et\/ou des programmes de fid\u00e9lisation pour des livraisons gratuites.<\/p>\n<h3><strong>Ne proposer que l'envoi standard<\/strong><\/h3>\n<p>Cinq jours de d\u00e9lai de livraison, alors que le produit est n\u00e9cessaire le plus rapidement possible. Ici, personne ne cliquera sur Commander. Si vous ne proposez pas d'options de livraison alternatives aujourd'hui, vous passez \u00e0 c\u00f4t\u00e9 de revenus importants. Outre la livraison express, il faut \u00e9galement envisager des d\u00e9lais de livraison flexibles et des livraisons le week-end. Important : les alternatives - au-del\u00e0 de l'envoi standard - doivent \u00eatre mon\u00e9tis\u00e9es en fonction de la valeur ajout\u00e9e pour le client et ne doivent pas \u00eatre propos\u00e9es gratuitement.<\/p>\n<h3><strong>Ne pas utiliser l'exp\u00e9dition pour le marketing<\/strong><\/h3>\n<p>Ce que le service marketing a perdu lors de la r\u00e9union sur la strat\u00e9gie d'exp\u00e9dition ? Qu'il s'agisse de la compensation des \u00e9missions de CO2, de la r\u00e9utilisation des cartons, de la r\u00e9duction de la consommation de plastique ou des factures num\u00e9riques : Les initiatives durables autour de l'exp\u00e9dition devraient \u00eatre communiqu\u00e9es activement. Y compris dans le panier d'achat num\u00e9rique. Cela ne sert pas seulement \u00e0 fid\u00e9liser les clients, mais contribue \u00e9galement au positionnement de la marque.<\/p>\n<h3><strong>Proposer des retours gratuits pour tous les produits<\/strong><\/h3>\n<p>Du point de vue des commer\u00e7ants, les retours sont consid\u00e9r\u00e9s comme des \"destructeurs de b\u00e9n\u00e9fices\", mais les consommateurs les prennent souvent pour acquis. Il est n\u00e9anmoins important de faire une distinction. Pour les produits particuli\u00e8rement volumineux ou lourds, comme les meubles, les appareils de sport, etc. Parall\u00e8lement, un montant minimum de commande pour les retours gratuits peut aider \u00e0 endiguer le facteur co\u00fbts. Seule exception : les marchandises endommag\u00e9es. Celles-ci devraient toujours pouvoir \u00eatre renvoy\u00e9es sans frais suppl\u00e9mentaires.<\/p>\n<h3><strong>Pas de mesures contre le bracketing<\/strong><\/h3>\n<p>Ceux qui commandent plusieurs produits similaires mais ne pr\u00e9voient d'en garder qu'un seul pratiquent le bracketing. Un cauchemar pour les commer\u00e7ants - surtout en cas de retours gratuits. Comment les commer\u00e7ants peuvent-ils limiter les d\u00e9g\u00e2ts ? En n'autorisant les retours gratuits que dans les filiales, en facturant les frais de retour mais en les remboursant sous forme de bon d'achat ou en n'autorisant les retours gratuits qu'\u00e0 condition de poss\u00e9der un compte utilisateur, de ne pas garder un seul des produits ou d'\u00e9changer directement les marchandises retourn\u00e9es contre d'autres produits.<\/p>\n<h3><strong>Les co\u00fbts ne sont pas transparents<\/strong><\/h3>\n<p>Frais d'exp\u00e9dition inattendus, taxes cach\u00e9es : voil\u00e0 qui g\u00e2che l'exp\u00e9rience d'achat. Si l'on doit payer un montant plus \u00e9lev\u00e9 que pr\u00e9vu au moment du check-out, on risque d'abandonner ses achats. Il est \u00e9galement probl\u00e9matique de faire de la publicit\u00e9 pour une livraison gratuite alors qu'il existe un montant minimum de commande ou d'autres conditions. Les commer\u00e7ants ne peuvent pas se permettre de perdre la confiance de leurs clients. Et pourtant, ils le font souvent. Ce qu'il faudrait faire : communiquer clairement les conditions de livraison tout au long du parcours client. Et plut\u00f4t que de faire de fausses promesses, il vaut mieux afficher le montant encore d\u00fb \u00e0 partir duquel l'envoi devient gratuit. Cela motive ensuite \u00e0 ajouter d'autres produits dans le panier.<\/p>\n<p>Celui qui optimise sa politique d'exp\u00e9dition peut non seulement augmenter ses revenus, mais aussi renforcer sa marque et la fid\u00e9lit\u00e9 de ses clients. Les commer\u00e7ants devraient donc v\u00e9rifier r\u00e9guli\u00e8rement leur propre strat\u00e9gie.<\/p>\n<p><em>Source : <a href=\"https:\/\/www.simon-kucher.com\/de\">www.simon-kucher.com\u00a0<\/a><\/em><\/p>","protected":false},"excerpt":{"rendered":"<p>Bien que la tendance n\u00e9gative du commerce \u00e9lectronique se poursuive, la politique d'exp\u00e9dition de nombreux commer\u00e7ants est d\u00e9ficiente \u00e0 l'approche de la haute saison. Cons\u00e9quence : de nombreux achats sont abandonn\u00e9s. Quelles sont les erreurs des commer\u00e7ants ? Et comment r\u00e9ussir \u00e0 trouver le juste milieu entre des avantages comp\u00e9titifs pour les clients et des co\u00fbts en hausse avant le Black Friday ? <\/p>","protected":false},"author":58,"featured_media":22728,"comment_status":"closed","ping_status":"closed","sticky":false,"template":"","format":"standard","meta":{"_acf_changed":false,"_yoast_wpseo_focuskw":"H\u00e4ndler","_yoast_wpseo_metadesc":"Obwohl sich der Negativtrend im E-Commerce weiter fortsetzt, ist die Versandpolitik vieler H\u00e4ndler kurz vor Hochsaison mangelhaft.","articlekey":"","footnotes":""},"categories":[29],"tags":[163,339,340,393,492],"class_list":["post-22726","post","type-post","status-publish","format-standard","has-post-thumbnail","hentry","category-marketing","tag-e-commerce","tag-marketing","tag-maerkte","tag-produkte","tag-unternehmen"],"acf":[],"yoast_head":"<!-- This site is optimized with the Yoast SEO plugin v27.4 - https:\/\/yoast.com\/product\/yoast-seo-wordpress\/ -->\n<title>Versandkosten: Neun Fehler, die H\u00e4ndler ausbremsen - Organisator<\/title>\n<meta name=\"description\" content=\"Obwohl sich der Negativtrend im E-Commerce weiter fortsetzt, ist die Versandpolitik vieler H\u00e4ndler kurz vor Hochsaison mangelhaft.\" \/>\n<meta name=\"robots\" content=\"index, follow, max-snippet:-1, max-image-preview:large, max-video-preview:-1\" \/>\n<link rel=\"canonical\" href=\"https:\/\/www.organisator.ch\/fr\/marketing\/2023-10-25\/versandkosten-neun-fehler-die-haendler-ausbremsen\/\" \/>\n<meta property=\"og:locale\" content=\"fr_FR\" \/>\n<meta property=\"og:type\" content=\"article\" \/>\n<meta property=\"og:title\" content=\"Versandkosten: Neun Fehler, die H\u00e4ndler ausbremsen\" \/>\n<meta property=\"og:description\" content=\"Obwohl sich der Negativtrend im E-Commerce weiter fortsetzt, ist die Versandpolitik vieler H\u00e4ndler kurz vor Hochsaison mangelhaft.\" \/>\n<meta property=\"og:url\" content=\"https:\/\/www.organisator.ch\/fr\/marketing\/2023-10-25\/versandkosten-neun-fehler-die-haendler-ausbremsen\/\" \/>\n<meta property=\"og:site_name\" content=\"Organisator\" \/>\n<meta property=\"article:publisher\" content=\"https:\/\/www.facebook.com\/OrganisatorFachmagazin\" \/>\n<meta property=\"article:published_time\" content=\"2023-10-25T09:06:19+00:00\" \/>\n<meta property=\"article:modified_time\" content=\"2023-10-25T11:33:26+00:00\" \/>\n<meta property=\"og:image\" content=\"https:\/\/www.organisator.ch\/wp-content\/uploads\/2023\/10\/Simon-Kucher_Bild1_ps.jpg\" \/>\n\t<meta property=\"og:image:width\" content=\"680\" \/>\n\t<meta property=\"og:image:height\" content=\"455\" \/>\n\t<meta property=\"og:image:type\" content=\"image\/jpeg\" \/>\n<meta name=\"author\" content=\"Adelisa Kalajdzini\" \/>\n<meta name=\"twitter:card\" content=\"summary_large_image\" \/>\n<meta name=\"twitter:title\" content=\"Versandkosten: Neun Fehler, die H\u00e4ndler ausbremsen\" \/>\n<meta name=\"twitter:description\" content=\"Obwohl sich der Negativtrend im #E-Commerce weiter fortsetzt, ist die Versandpolitik vieler #H\u00e4ndler kurz vor #Hochsaison mangelhaft.\" \/>\n<meta name=\"twitter:image\" content=\"https:\/\/www.organisator.ch\/wp-content\/uploads\/2023\/10\/Simon-Kucher_Bild1_ps.jpg\" \/>\n<script type=\"application\/ld+json\" class=\"yoast-schema-graph\">{\"@context\":\"https:\\\/\\\/schema.org\",\"@graph\":[{\"@type\":\"Article\",\"@id\":\"https:\\\/\\\/www.organisator.ch\\\/marketing\\\/2023-10-25\\\/versandkosten-neun-fehler-die-haendler-ausbremsen\\\/#article\",\"isPartOf\":{\"@id\":\"https:\\\/\\\/www.organisator.ch\\\/marketing\\\/2023-10-25\\\/versandkosten-neun-fehler-die-haendler-ausbremsen\\\/\"},\"author\":{\"name\":\"Adelisa Kalajdzini\",\"@id\":\"https:\\\/\\\/www.organisator.ch\\\/#\\\/schema\\\/person\\\/2e1314a2172123f874db408d8911d3f3\"},\"headline\":\"Versandkosten: Neun Fehler, die H\u00e4ndler ausbremsen\",\"datePublished\":\"2023-10-25T09:06:19+00:00\",\"dateModified\":\"2023-10-25T11:33:26+00:00\",\"mainEntityOfPage\":{\"@id\":\"https:\\\/\\\/www.organisator.ch\\\/marketing\\\/2023-10-25\\\/versandkosten-neun-fehler-die-haendler-ausbremsen\\\/\"},\"wordCount\":645,\"publisher\":{\"@id\":\"https:\\\/\\\/www.organisator.ch\\\/#organization\"},\"image\":{\"@id\":\"https:\\\/\\\/www.organisator.ch\\\/marketing\\\/2023-10-25\\\/versandkosten-neun-fehler-die-haendler-ausbremsen\\\/#primaryimage\"},\"thumbnailUrl\":\"https:\\\/\\\/www.organisator.ch\\\/wp-content\\\/uploads\\\/2023\\\/10\\\/Simon-Kucher_Bild1_ps.jpg\",\"keywords\":[\"E-Commerce\",\"Marketing\",\"M\u00e4rkte\",\"Produkte\",\"Unternehmen\"],\"articleSection\":[\"MARKETING\"],\"inLanguage\":\"fr-FR\"},{\"@type\":\"WebPage\",\"@id\":\"https:\\\/\\\/www.organisator.ch\\\/marketing\\\/2023-10-25\\\/versandkosten-neun-fehler-die-haendler-ausbremsen\\\/\",\"url\":\"https:\\\/\\\/www.organisator.ch\\\/marketing\\\/2023-10-25\\\/versandkosten-neun-fehler-die-haendler-ausbremsen\\\/\",\"name\":\"Versandkosten: Neun Fehler, die H\u00e4ndler ausbremsen - Organisator\",\"isPartOf\":{\"@id\":\"https:\\\/\\\/www.organisator.ch\\\/#website\"},\"primaryImageOfPage\":{\"@id\":\"https:\\\/\\\/www.organisator.ch\\\/marketing\\\/2023-10-25\\\/versandkosten-neun-fehler-die-haendler-ausbremsen\\\/#primaryimage\"},\"image\":{\"@id\":\"https:\\\/\\\/www.organisator.ch\\\/marketing\\\/2023-10-25\\\/versandkosten-neun-fehler-die-haendler-ausbremsen\\\/#primaryimage\"},\"thumbnailUrl\":\"https:\\\/\\\/www.organisator.ch\\\/wp-content\\\/uploads\\\/2023\\\/10\\\/Simon-Kucher_Bild1_ps.jpg\",\"datePublished\":\"2023-10-25T09:06:19+00:00\",\"dateModified\":\"2023-10-25T11:33:26+00:00\",\"description\":\"Obwohl sich der Negativtrend im E-Commerce weiter fortsetzt, ist die Versandpolitik vieler H\u00e4ndler kurz vor Hochsaison mangelhaft.\",\"breadcrumb\":{\"@id\":\"https:\\\/\\\/www.organisator.ch\\\/marketing\\\/2023-10-25\\\/versandkosten-neun-fehler-die-haendler-ausbremsen\\\/#breadcrumb\"},\"inLanguage\":\"fr-FR\",\"potentialAction\":[{\"@type\":\"ReadAction\",\"target\":[\"https:\\\/\\\/www.organisator.ch\\\/marketing\\\/2023-10-25\\\/versandkosten-neun-fehler-die-haendler-ausbremsen\\\/\"]}]},{\"@type\":\"ImageObject\",\"inLanguage\":\"fr-FR\",\"@id\":\"https:\\\/\\\/www.organisator.ch\\\/marketing\\\/2023-10-25\\\/versandkosten-neun-fehler-die-haendler-ausbremsen\\\/#primaryimage\",\"url\":\"https:\\\/\\\/www.organisator.ch\\\/wp-content\\\/uploads\\\/2023\\\/10\\\/Simon-Kucher_Bild1_ps.jpg\",\"contentUrl\":\"https:\\\/\\\/www.organisator.ch\\\/wp-content\\\/uploads\\\/2023\\\/10\\\/Simon-Kucher_Bild1_ps.jpg\",\"width\":680,\"height\":455,\"caption\":\"Die Versandpolitik vieler H\u00e4ndler kurz vor Hochsaison mangelhaft. (Bild: pixabay.com)\"},{\"@type\":\"BreadcrumbList\",\"@id\":\"https:\\\/\\\/www.organisator.ch\\\/marketing\\\/2023-10-25\\\/versandkosten-neun-fehler-die-haendler-ausbremsen\\\/#breadcrumb\",\"itemListElement\":[{\"@type\":\"ListItem\",\"position\":1,\"name\":\"Home\",\"item\":\"https:\\\/\\\/www.organisator.ch\\\/\"},{\"@type\":\"ListItem\",\"position\":2,\"name\":\"Versandkosten: Neun Fehler, die H\u00e4ndler ausbremsen\"}]},{\"@type\":\"WebSite\",\"@id\":\"https:\\\/\\\/www.organisator.ch\\\/#website\",\"url\":\"https:\\\/\\\/www.organisator.ch\\\/\",\"name\":\"Organisator\",\"description\":\"Kompetent. Praxisnah. Der ORGANISATOR bereitet in 10 Ausgaben pro Jahr die wesentlichen Themen f\u00fcr F\u00fchrungskr\u00e4fte von KMU auf.\",\"publisher\":{\"@id\":\"https:\\\/\\\/www.organisator.ch\\\/#organization\"},\"potentialAction\":[{\"@type\":\"SearchAction\",\"target\":{\"@type\":\"EntryPoint\",\"urlTemplate\":\"https:\\\/\\\/www.organisator.ch\\\/?s={search_term_string}\"},\"query-input\":{\"@type\":\"PropertyValueSpecification\",\"valueRequired\":true,\"valueName\":\"search_term_string\"}}],\"inLanguage\":\"fr-FR\"},{\"@type\":\"Organization\",\"@id\":\"https:\\\/\\\/www.organisator.ch\\\/#organization\",\"name\":\"Organisator\",\"url\":\"https:\\\/\\\/www.organisator.ch\\\/\",\"logo\":{\"@type\":\"ImageObject\",\"inLanguage\":\"fr-FR\",\"@id\":\"https:\\\/\\\/www.organisator.ch\\\/#\\\/schema\\\/logo\\\/image\\\/\",\"url\":\"https:\\\/\\\/www.organisator.ch\\\/wp-content\\\/uploads\\\/2022\\\/01\\\/Logo_Organisator_Website.png\",\"contentUrl\":\"https:\\\/\\\/www.organisator.ch\\\/wp-content\\\/uploads\\\/2022\\\/01\\\/Logo_Organisator_Website.png\",\"width\":800,\"height\":77,\"caption\":\"Organisator\"},\"image\":{\"@id\":\"https:\\\/\\\/www.organisator.ch\\\/#\\\/schema\\\/logo\\\/image\\\/\"},\"sameAs\":[\"https:\\\/\\\/www.facebook.com\\\/OrganisatorFachmagazin\",\"https:\\\/\\\/www.linkedin.com\\\/showcase\\\/organisator-das-magazin-fr-kmu\",\"https:\\\/\\\/www.xing.com\\\/news\\\/pages\\\/organisator-ch-695\",\"https:\\\/\\\/www.youtube.com\\\/channel\\\/UCGP2Sq0iWaZwT3BdIAQFYpw\"]},{\"@type\":\"Person\",\"@id\":\"https:\\\/\\\/www.organisator.ch\\\/#\\\/schema\\\/person\\\/2e1314a2172123f874db408d8911d3f3\",\"name\":\"Adelisa Kalajdzini\",\"image\":{\"@type\":\"ImageObject\",\"inLanguage\":\"fr-FR\",\"@id\":\"https:\\\/\\\/secure.gravatar.com\\\/avatar\\\/09a397c22ac58cad6f160ee8306348599df9df58a8ede73696226897b9fa4b24?s=96&d=mm&r=g\",\"url\":\"https:\\\/\\\/secure.gravatar.com\\\/avatar\\\/09a397c22ac58cad6f160ee8306348599df9df58a8ede73696226897b9fa4b24?s=96&d=mm&r=g\",\"contentUrl\":\"https:\\\/\\\/secure.gravatar.com\\\/avatar\\\/09a397c22ac58cad6f160ee8306348599df9df58a8ede73696226897b9fa4b24?s=96&d=mm&r=g\",\"caption\":\"Adelisa Kalajdzini\"},\"url\":\"https:\\\/\\\/www.organisator.ch\\\/fr\\\/author\\\/adelisa-kalajdzini\\\/\"}]}<\/script>\n<!-- \/ Yoast SEO plugin. -->","yoast_head_json":{"title":"Frais de livraison : neuf erreurs qui freinent les commer\u00e7ants - Organisator","description":"Bien que la tendance n\u00e9gative du commerce \u00e9lectronique se poursuive, la politique d'exp\u00e9dition de nombreux commer\u00e7ants est d\u00e9ficiente \u00e0 l'approche de la haute saison.","robots":{"index":"index","follow":"follow","max-snippet":"max-snippet:-1","max-image-preview":"max-image-preview:large","max-video-preview":"max-video-preview:-1"},"canonical":"https:\/\/www.organisator.ch\/fr\/marketing\/2023-10-25\/versandkosten-neun-fehler-die-haendler-ausbremsen\/","og_locale":"fr_FR","og_type":"article","og_title":"Versandkosten: Neun Fehler, die H\u00e4ndler ausbremsen","og_description":"Obwohl sich der Negativtrend im E-Commerce weiter fortsetzt, ist die Versandpolitik vieler H\u00e4ndler kurz vor Hochsaison mangelhaft.","og_url":"https:\/\/www.organisator.ch\/fr\/marketing\/2023-10-25\/versandkosten-neun-fehler-die-haendler-ausbremsen\/","og_site_name":"Organisator","article_publisher":"https:\/\/www.facebook.com\/OrganisatorFachmagazin","article_published_time":"2023-10-25T09:06:19+00:00","article_modified_time":"2023-10-25T11:33:26+00:00","og_image":[{"width":680,"height":455,"url":"https:\/\/www.organisator.ch\/wp-content\/uploads\/2023\/10\/Simon-Kucher_Bild1_ps.jpg","type":"image\/jpeg"}],"author":"Adelisa Kalajdzini","twitter_card":"summary_large_image","twitter_title":"Versandkosten: Neun Fehler, die H\u00e4ndler ausbremsen","twitter_description":"Obwohl sich der Negativtrend im #E-Commerce weiter fortsetzt, ist die Versandpolitik vieler #H\u00e4ndler kurz vor #Hochsaison mangelhaft.","twitter_image":"https:\/\/www.organisator.ch\/wp-content\/uploads\/2023\/10\/Simon-Kucher_Bild1_ps.jpg","schema":{"@context":"https:\/\/schema.org","@graph":[{"@type":"Article","@id":"https:\/\/www.organisator.ch\/marketing\/2023-10-25\/versandkosten-neun-fehler-die-haendler-ausbremsen\/#article","isPartOf":{"@id":"https:\/\/www.organisator.ch\/marketing\/2023-10-25\/versandkosten-neun-fehler-die-haendler-ausbremsen\/"},"author":{"name":"Adelisa Kalajdzini","@id":"https:\/\/www.organisator.ch\/#\/schema\/person\/2e1314a2172123f874db408d8911d3f3"},"headline":"Versandkosten: Neun Fehler, die H\u00e4ndler ausbremsen","datePublished":"2023-10-25T09:06:19+00:00","dateModified":"2023-10-25T11:33:26+00:00","mainEntityOfPage":{"@id":"https:\/\/www.organisator.ch\/marketing\/2023-10-25\/versandkosten-neun-fehler-die-haendler-ausbremsen\/"},"wordCount":645,"publisher":{"@id":"https:\/\/www.organisator.ch\/#organization"},"image":{"@id":"https:\/\/www.organisator.ch\/marketing\/2023-10-25\/versandkosten-neun-fehler-die-haendler-ausbremsen\/#primaryimage"},"thumbnailUrl":"https:\/\/www.organisator.ch\/wp-content\/uploads\/2023\/10\/Simon-Kucher_Bild1_ps.jpg","keywords":["E-Commerce","Marketing","M\u00e4rkte","Produkte","Unternehmen"],"articleSection":["MARKETING"],"inLanguage":"fr-FR"},{"@type":"WebPage","@id":"https:\/\/www.organisator.ch\/marketing\/2023-10-25\/versandkosten-neun-fehler-die-haendler-ausbremsen\/","url":"https:\/\/www.organisator.ch\/marketing\/2023-10-25\/versandkosten-neun-fehler-die-haendler-ausbremsen\/","name":"Frais de livraison : neuf erreurs qui freinent les commer\u00e7ants - Organisator","isPartOf":{"@id":"https:\/\/www.organisator.ch\/#website"},"primaryImageOfPage":{"@id":"https:\/\/www.organisator.ch\/marketing\/2023-10-25\/versandkosten-neun-fehler-die-haendler-ausbremsen\/#primaryimage"},"image":{"@id":"https:\/\/www.organisator.ch\/marketing\/2023-10-25\/versandkosten-neun-fehler-die-haendler-ausbremsen\/#primaryimage"},"thumbnailUrl":"https:\/\/www.organisator.ch\/wp-content\/uploads\/2023\/10\/Simon-Kucher_Bild1_ps.jpg","datePublished":"2023-10-25T09:06:19+00:00","dateModified":"2023-10-25T11:33:26+00:00","description":"Bien que la tendance n\u00e9gative du commerce \u00e9lectronique se poursuive, la politique d'exp\u00e9dition de nombreux commer\u00e7ants est d\u00e9ficiente \u00e0 l'approche de la haute saison.","breadcrumb":{"@id":"https:\/\/www.organisator.ch\/marketing\/2023-10-25\/versandkosten-neun-fehler-die-haendler-ausbremsen\/#breadcrumb"},"inLanguage":"fr-FR","potentialAction":[{"@type":"ReadAction","target":["https:\/\/www.organisator.ch\/marketing\/2023-10-25\/versandkosten-neun-fehler-die-haendler-ausbremsen\/"]}]},{"@type":"ImageObject","inLanguage":"fr-FR","@id":"https:\/\/www.organisator.ch\/marketing\/2023-10-25\/versandkosten-neun-fehler-die-haendler-ausbremsen\/#primaryimage","url":"https:\/\/www.organisator.ch\/wp-content\/uploads\/2023\/10\/Simon-Kucher_Bild1_ps.jpg","contentUrl":"https:\/\/www.organisator.ch\/wp-content\/uploads\/2023\/10\/Simon-Kucher_Bild1_ps.jpg","width":680,"height":455,"caption":"Die Versandpolitik vieler H\u00e4ndler kurz vor Hochsaison mangelhaft. (Bild: pixabay.com)"},{"@type":"BreadcrumbList","@id":"https:\/\/www.organisator.ch\/marketing\/2023-10-25\/versandkosten-neun-fehler-die-haendler-ausbremsen\/#breadcrumb","itemListElement":[{"@type":"ListItem","position":1,"name":"Home","item":"https:\/\/www.organisator.ch\/"},{"@type":"ListItem","position":2,"name":"Versandkosten: Neun Fehler, die H\u00e4ndler ausbremsen"}]},{"@type":"WebSite","@id":"https:\/\/www.organisator.ch\/#website","url":"https:\/\/www.organisator.ch\/","name":"Organisateur","description":"Comp\u00e9tence et comp\u00e9tence. Proches de la pratique. L'ORGANISATEUR pr\u00e9pare 10 num\u00e9ros par an sur les th\u00e8mes essentiels pour les dirigeants de PME.","publisher":{"@id":"https:\/\/www.organisator.ch\/#organization"},"potentialAction":[{"@type":"SearchAction","target":{"@type":"EntryPoint","urlTemplate":"https:\/\/www.organisator.ch\/?s={search_term_string}"},"query-input":{"@type":"PropertyValueSpecification","valueRequired":true,"valueName":"search_term_string"}}],"inLanguage":"fr-FR"},{"@type":"Organization","@id":"https:\/\/www.organisator.ch\/#organization","name":"Organisateur","url":"https:\/\/www.organisator.ch\/","logo":{"@type":"ImageObject","inLanguage":"fr-FR","@id":"https:\/\/www.organisator.ch\/#\/schema\/logo\/image\/","url":"https:\/\/www.organisator.ch\/wp-content\/uploads\/2022\/01\/Logo_Organisator_Website.png","contentUrl":"https:\/\/www.organisator.ch\/wp-content\/uploads\/2022\/01\/Logo_Organisator_Website.png","width":800,"height":77,"caption":"Organisator"},"image":{"@id":"https:\/\/www.organisator.ch\/#\/schema\/logo\/image\/"},"sameAs":["https:\/\/www.facebook.com\/OrganisatorFachmagazin","https:\/\/www.linkedin.com\/showcase\/organisator-das-magazin-fr-kmu","https:\/\/www.xing.com\/news\/pages\/organisator-ch-695","https:\/\/www.youtube.com\/channel\/UCGP2Sq0iWaZwT3BdIAQFYpw"]},{"@type":"Person","@id":"https:\/\/www.organisator.ch\/#\/schema\/person\/2e1314a2172123f874db408d8911d3f3","name":"Adelisa Kalajdzini","image":{"@type":"ImageObject","inLanguage":"fr-FR","@id":"https:\/\/secure.gravatar.com\/avatar\/09a397c22ac58cad6f160ee8306348599df9df58a8ede73696226897b9fa4b24?s=96&d=mm&r=g","url":"https:\/\/secure.gravatar.com\/avatar\/09a397c22ac58cad6f160ee8306348599df9df58a8ede73696226897b9fa4b24?s=96&d=mm&r=g","contentUrl":"https:\/\/secure.gravatar.com\/avatar\/09a397c22ac58cad6f160ee8306348599df9df58a8ede73696226897b9fa4b24?s=96&d=mm&r=g","caption":"Adelisa Kalajdzini"},"url":"https:\/\/www.organisator.ch\/fr\/author\/adelisa-kalajdzini\/"}]}},"_links":{"self":[{"href":"https:\/\/www.organisator.ch\/fr\/wp-json\/wp\/v2\/posts\/22726","targetHints":{"allow":["GET"]}}],"collection":[{"href":"https:\/\/www.organisator.ch\/fr\/wp-json\/wp\/v2\/posts"}],"about":[{"href":"https:\/\/www.organisator.ch\/fr\/wp-json\/wp\/v2\/types\/post"}],"author":[{"embeddable":true,"href":"https:\/\/www.organisator.ch\/fr\/wp-json\/wp\/v2\/users\/58"}],"replies":[{"embeddable":true,"href":"https:\/\/www.organisator.ch\/fr\/wp-json\/wp\/v2\/comments?post=22726"}],"version-history":[{"count":4,"href":"https:\/\/www.organisator.ch\/fr\/wp-json\/wp\/v2\/posts\/22726\/revisions"}],"predecessor-version":[{"id":22771,"href":"https:\/\/www.organisator.ch\/fr\/wp-json\/wp\/v2\/posts\/22726\/revisions\/22771"}],"wp:featuredmedia":[{"embeddable":true,"href":"https:\/\/www.organisator.ch\/fr\/wp-json\/wp\/v2\/media\/22728"}],"wp:attachment":[{"href":"https:\/\/www.organisator.ch\/fr\/wp-json\/wp\/v2\/media?parent=22726"}],"wp:term":[{"taxonomy":"category","embeddable":true,"href":"https:\/\/www.organisator.ch\/fr\/wp-json\/wp\/v2\/categories?post=22726"},{"taxonomy":"post_tag","embeddable":true,"href":"https:\/\/www.organisator.ch\/fr\/wp-json\/wp\/v2\/tags?post=22726"}],"curies":[{"name":"wp","href":"https:\/\/api.w.org\/{rel}","templated":true}]}}