{"id":22759,"date":"2023-10-26T07:56:03","date_gmt":"2023-10-26T05:56:03","guid":{"rendered":"https:\/\/www.organisator.ch\/?p=22759"},"modified":"2023-10-25T09:57:36","modified_gmt":"2023-10-25T07:57:36","slug":"hwz-hochschule-fuer-wirtschaft-zuerich-staerkt-den-verwaltungsrat","status":"publish","type":"post","link":"https:\/\/www.organisator.ch\/fr\/management\/2023-10-26\/hwz-hochschule-fuer-wirtschaft-zuerich-staerkt-den-verwaltungsrat\/","title":{"rendered":"La HWZ Hochschule f\u00fcr Wirtschaft Z\u00fcrich renforce son conseil d'administration"},"content":{"rendered":"<figure id=\"attachment_22762\" aria-describedby=\"caption-attachment-22762\" style=\"width: 680px\" class=\"wp-caption alignnone\"><img loading=\"lazy\" decoding=\"async\" class=\"wp-image-22762 size-full\" src=\"https:\/\/www.organisator.ch\/wp-content\/uploads\/2023\/10\/Claudia-Sidler_VR_HWZ_ps.jpg\" alt=\"\" width=\"680\" height=\"454\" srcset=\"https:\/\/www.organisator.ch\/wp-content\/uploads\/2023\/10\/Claudia-Sidler_VR_HWZ_ps.jpg 680w, https:\/\/www.organisator.ch\/wp-content\/uploads\/2023\/10\/Claudia-Sidler_VR_HWZ_ps-18x12.jpg 18w, https:\/\/www.organisator.ch\/wp-content\/uploads\/2023\/10\/Claudia-Sidler_VR_HWZ_ps-375x250.jpg 375w, https:\/\/www.organisator.ch\/wp-content\/uploads\/2023\/10\/Claudia-Sidler_VR_HWZ_ps-524x350.jpg 524w\" sizes=\"auto, (max-width: 680px) 100vw, 680px\" \/><figcaption id=\"caption-attachment-22762\" class=\"wp-caption-text\">Claudia Sidler-Brand - nouveau membre du conseil d'administration de la HWZ. (Image : www.fh-hwz.ch)<\/figcaption><\/figure>\n<p>Claudia Sidler-Brand, qui occupe depuis octobre 2023 le poste de directrice aux \u00e9coles Juventus, travaille d\u00e9j\u00e0 depuis janvier 2023 en tant que conseill\u00e8re sp\u00e9cialis\u00e9e en leadership \u00e0 la HWZ. Elle comprend les besoins en constante \u00e9volution de l'\u00e9conomie et de la soci\u00e9t\u00e9, ce qui est d'une importance capitale pour le d\u00e9veloppement de la HWZ et le d\u00e9veloppement de l'offre future de formation continue. Dr Claudia Sidler-Brand s'exprime sur sa nomination et d\u00e9clare : \"L'opportunit\u00e9 de faire partie du conseil d'administration de la HWZ m'a enthousiasm\u00e9e d\u00e8s le d\u00e9but. Le lien \u00e9troit entre la HWZ et les \u00e9coles Juventus promet des effets de synergie qui apporteront aux deux parties des avantages visibles et de vastes opportunit\u00e9s de d\u00e9veloppement\".<\/p>\n<p>Matthias R\u00fcegg, recteur de la HWZ, souligne : \"Avec Claudia Sidler-Brand, nous avons trouv\u00e9 un enrichissement id\u00e9al pour notre conseil d'administration. Elle apporte l'exp\u00e9rience n\u00e9cessaire et un pr\u00e9cieux r\u00e9seau issu du domaine de la formation et de l'\u00e9conomie priv\u00e9e pour atteindre et d\u00e9velopper en permanence nos objectifs ambitieux de haute \u00e9cole leader en Suisse pour les fili\u00e8res \u00e9conomiques en cours d'emploi\".<\/p>\n<p><em>Source : <a href=\"https:\/\/fh-hwz.ch\/?utm_term=fh+hwz&amp;utm_campaign=(p_dach)(g_commitment)(o_conversions)(i_dach)(n_gsn)(t_brand)(f_std-gsn)&amp;utm_source=adwords&amp;utm_medium=ppc&amp;hsa_acc=7787536494&amp;hsa_cam=177794120&amp;hsa_grp=10650888320&amp;hsa_ad=678288824861&amp;hsa_src=g&amp;hsa_tgt=kwd-68124868520&amp;hsa_kw=fh+hwz&amp;hsa_mt=e&amp;hsa_net=adwords&amp;hsa_ver=3&amp;gad=1&amp;gclid=EAIaIQobChMI9L3RttuQggMVTlhHAR26zwVVEAAYASAAEgIXhvD_BwE\">www.fh-hwz.ch\u00a0<\/a><\/em><\/p>","protected":false},"excerpt":{"rendered":"<p>La HWZ Hochschule f\u00fcr Wirtschaft Z\u00fcrich \u00e9largit d\u00e8s \u00e0 pr\u00e9sent son conseil d'administration avec Madame Dr. Claudia Sidler-Brand. Gr\u00e2ce \u00e0 ses excellentes connaissances dans le secteur de la formation, \u00e0 son expertise en mati\u00e8re de leadership et \u00e0 ses performances entrepreneuriales, elle compl\u00e8te id\u00e9alement le conseil d'administration. Claudia Sidler-Brand doit donner de nouvelles impulsions \u00e0 la haute \u00e9cole pour les cursus \u00e9conomiques en cours d'emploi.<\/p>","protected":false},"author":58,"featured_media":22762,"comment_status":"closed","ping_status":"closed","sticky":false,"template":"","format":"standard","meta":{"_acf_changed":false,"_yoast_wpseo_focuskw":"Hochschule f\u00fcr Wirtschaft","_yoast_wpseo_metadesc":"Die HWZ Hochschule f\u00fcr Wirtschaft Z\u00fcrich erweitert per sofort den Verwaltungsrat mit Frau Dr. Claudia Sidler-Brand.","articlekey":"","footnotes":""},"categories":[28],"tags":[1382,294,334,492,2471],"class_list":["post-22759","post","type-post","status-publish","format-standard","has-post-thumbnail","hentry","category-management","tag-hwz","tag-karriere","tag-management","tag-unternehmen","tag-verwaltungsrat"],"acf":[],"yoast_head":"<!-- This site is optimized with the Yoast SEO plugin v27.5 - https:\/\/yoast.com\/product\/yoast-seo-wordpress\/ -->\n<title>HWZ Hochschule f\u00fcr Wirtschaft Z\u00fcrich st\u00e4rkt den Verwaltungsrat - Organisator<\/title>\n<meta name=\"description\" content=\"Die HWZ Hochschule f\u00fcr Wirtschaft Z\u00fcrich erweitert per sofort den Verwaltungsrat mit Frau Dr. Claudia Sidler-Brand.\" \/>\n<meta name=\"robots\" content=\"index, follow, max-snippet:-1, max-image-preview:large, max-video-preview:-1\" \/>\n<link rel=\"canonical\" href=\"https:\/\/www.organisator.ch\/fr\/gestion-2\/2023-10-26\/hwz-hochschule-fuer-wirtschaft-zuerich-staerkt-den-verwaltungsrat\/\" \/>\n<meta property=\"og:locale\" content=\"fr_FR\" \/>\n<meta property=\"og:type\" content=\"article\" \/>\n<meta property=\"og:title\" content=\"HWZ Hochschule f\u00fcr Wirtschaft Z\u00fcrich st\u00e4rkt den Verwaltungsrat\" \/>\n<meta property=\"og:description\" content=\"Die HWZ Hochschule f\u00fcr Wirtschaft Z\u00fcrich erweitert per sofort den Verwaltungsrat mit Frau Dr. Claudia Sidler-Brand.\" \/>\n<meta property=\"og:url\" content=\"https:\/\/www.organisator.ch\/fr\/gestion-2\/2023-10-26\/hwz-hochschule-fuer-wirtschaft-zuerich-staerkt-den-verwaltungsrat\/\" \/>\n<meta property=\"og:site_name\" content=\"Organisator\" \/>\n<meta property=\"article:publisher\" content=\"https:\/\/www.facebook.com\/OrganisatorFachmagazin\" \/>\n<meta property=\"article:published_time\" content=\"2023-10-26T05:56:03+00:00\" \/>\n<meta property=\"og:image\" content=\"https:\/\/www.organisator.ch\/wp-content\/uploads\/2023\/10\/Claudia-Sidler_VR_HWZ_ps.jpg\" \/>\n\t<meta property=\"og:image:width\" content=\"680\" \/>\n\t<meta property=\"og:image:height\" content=\"454\" \/>\n\t<meta property=\"og:image:type\" content=\"image\/jpeg\" \/>\n<meta name=\"author\" content=\"Adelisa Kalajdzini\" \/>\n<meta name=\"twitter:card\" content=\"summary_large_image\" \/>\n<meta name=\"twitter:title\" content=\"HWZ Hochschule f\u00fcr Wirtschaft Z\u00fcrich st\u00e4rkt den Verwaltungsrat\" \/>\n<meta name=\"twitter:description\" content=\"Die #HWZ Hochschule f\u00fcr Wirtschaft Z\u00fcrich erweitert per sofort den Verwaltungsrat mit Frau #Dr. Claudia Sidler-Brand.\" \/>\n<meta name=\"twitter:image\" content=\"https:\/\/www.organisator.ch\/wp-content\/uploads\/2023\/10\/Claudia-Sidler_VR_HWZ_ps.jpg\" \/>\n<script type=\"application\/ld+json\" class=\"yoast-schema-graph\">{\"@context\":\"https:\\\/\\\/schema.org\",\"@graph\":[{\"@type\":\"Article\",\"@id\":\"https:\\\/\\\/www.organisator.ch\\\/management\\\/2023-10-26\\\/hwz-hochschule-fuer-wirtschaft-zuerich-staerkt-den-verwaltungsrat\\\/#article\",\"isPartOf\":{\"@id\":\"https:\\\/\\\/www.organisator.ch\\\/management\\\/2023-10-26\\\/hwz-hochschule-fuer-wirtschaft-zuerich-staerkt-den-verwaltungsrat\\\/\"},\"author\":{\"name\":\"Adelisa Kalajdzini\",\"@id\":\"https:\\\/\\\/www.organisator.ch\\\/#\\\/schema\\\/person\\\/2e1314a2172123f874db408d8911d3f3\"},\"headline\":\"HWZ Hochschule f\u00fcr Wirtschaft Z\u00fcrich st\u00e4rkt den Verwaltungsrat\",\"datePublished\":\"2023-10-26T05:56:03+00:00\",\"mainEntityOfPage\":{\"@id\":\"https:\\\/\\\/www.organisator.ch\\\/management\\\/2023-10-26\\\/hwz-hochschule-fuer-wirtschaft-zuerich-staerkt-den-verwaltungsrat\\\/\"},\"wordCount\":198,\"publisher\":{\"@id\":\"https:\\\/\\\/www.organisator.ch\\\/#organization\"},\"image\":{\"@id\":\"https:\\\/\\\/www.organisator.ch\\\/management\\\/2023-10-26\\\/hwz-hochschule-fuer-wirtschaft-zuerich-staerkt-den-verwaltungsrat\\\/#primaryimage\"},\"thumbnailUrl\":\"https:\\\/\\\/www.organisator.ch\\\/wp-content\\\/uploads\\\/2023\\\/10\\\/Claudia-Sidler_VR_HWZ_ps.jpg\",\"keywords\":[\"HWZ\",\"Karriere\",\"Management\",\"Unternehmen\",\"Verwaltungsrat\"],\"articleSection\":[\"MANAGEMENT\"],\"inLanguage\":\"fr-FR\"},{\"@type\":\"WebPage\",\"@id\":\"https:\\\/\\\/www.organisator.ch\\\/management\\\/2023-10-26\\\/hwz-hochschule-fuer-wirtschaft-zuerich-staerkt-den-verwaltungsrat\\\/\",\"url\":\"https:\\\/\\\/www.organisator.ch\\\/management\\\/2023-10-26\\\/hwz-hochschule-fuer-wirtschaft-zuerich-staerkt-den-verwaltungsrat\\\/\",\"name\":\"HWZ Hochschule f\u00fcr Wirtschaft Z\u00fcrich st\u00e4rkt den Verwaltungsrat - Organisator\",\"isPartOf\":{\"@id\":\"https:\\\/\\\/www.organisator.ch\\\/#website\"},\"primaryImageOfPage\":{\"@id\":\"https:\\\/\\\/www.organisator.ch\\\/management\\\/2023-10-26\\\/hwz-hochschule-fuer-wirtschaft-zuerich-staerkt-den-verwaltungsrat\\\/#primaryimage\"},\"image\":{\"@id\":\"https:\\\/\\\/www.organisator.ch\\\/management\\\/2023-10-26\\\/hwz-hochschule-fuer-wirtschaft-zuerich-staerkt-den-verwaltungsrat\\\/#primaryimage\"},\"thumbnailUrl\":\"https:\\\/\\\/www.organisator.ch\\\/wp-content\\\/uploads\\\/2023\\\/10\\\/Claudia-Sidler_VR_HWZ_ps.jpg\",\"datePublished\":\"2023-10-26T05:56:03+00:00\",\"description\":\"Die HWZ Hochschule f\u00fcr Wirtschaft Z\u00fcrich erweitert per sofort den Verwaltungsrat mit Frau Dr. Claudia Sidler-Brand.\",\"breadcrumb\":{\"@id\":\"https:\\\/\\\/www.organisator.ch\\\/management\\\/2023-10-26\\\/hwz-hochschule-fuer-wirtschaft-zuerich-staerkt-den-verwaltungsrat\\\/#breadcrumb\"},\"inLanguage\":\"fr-FR\",\"potentialAction\":[{\"@type\":\"ReadAction\",\"target\":[\"https:\\\/\\\/www.organisator.ch\\\/management\\\/2023-10-26\\\/hwz-hochschule-fuer-wirtschaft-zuerich-staerkt-den-verwaltungsrat\\\/\"]}]},{\"@type\":\"ImageObject\",\"inLanguage\":\"fr-FR\",\"@id\":\"https:\\\/\\\/www.organisator.ch\\\/management\\\/2023-10-26\\\/hwz-hochschule-fuer-wirtschaft-zuerich-staerkt-den-verwaltungsrat\\\/#primaryimage\",\"url\":\"https:\\\/\\\/www.organisator.ch\\\/wp-content\\\/uploads\\\/2023\\\/10\\\/Claudia-Sidler_VR_HWZ_ps.jpg\",\"contentUrl\":\"https:\\\/\\\/www.organisator.ch\\\/wp-content\\\/uploads\\\/2023\\\/10\\\/Claudia-Sidler_VR_HWZ_ps.jpg\",\"width\":680,\"height\":454,\"caption\":\"Claudia Sidler-Brand, neues Mitglied des Verwaltungsrats der HWZ. (Bild: www.fh.hwz.ch)\"},{\"@type\":\"BreadcrumbList\",\"@id\":\"https:\\\/\\\/www.organisator.ch\\\/management\\\/2023-10-26\\\/hwz-hochschule-fuer-wirtschaft-zuerich-staerkt-den-verwaltungsrat\\\/#breadcrumb\",\"itemListElement\":[{\"@type\":\"ListItem\",\"position\":1,\"name\":\"Home\",\"item\":\"https:\\\/\\\/www.organisator.ch\\\/\"},{\"@type\":\"ListItem\",\"position\":2,\"name\":\"HWZ Hochschule f\u00fcr Wirtschaft Z\u00fcrich st\u00e4rkt den Verwaltungsrat\"}]},{\"@type\":\"WebSite\",\"@id\":\"https:\\\/\\\/www.organisator.ch\\\/#website\",\"url\":\"https:\\\/\\\/www.organisator.ch\\\/\",\"name\":\"Organisator\",\"description\":\"Kompetent. Praxisnah. Der ORGANISATOR bereitet in 10 Ausgaben pro Jahr die wesentlichen Themen f\u00fcr F\u00fchrungskr\u00e4fte von KMU auf.\",\"publisher\":{\"@id\":\"https:\\\/\\\/www.organisator.ch\\\/#organization\"},\"potentialAction\":[{\"@type\":\"SearchAction\",\"target\":{\"@type\":\"EntryPoint\",\"urlTemplate\":\"https:\\\/\\\/www.organisator.ch\\\/?s={search_term_string}\"},\"query-input\":{\"@type\":\"PropertyValueSpecification\",\"valueRequired\":true,\"valueName\":\"search_term_string\"}}],\"inLanguage\":\"fr-FR\"},{\"@type\":\"Organization\",\"@id\":\"https:\\\/\\\/www.organisator.ch\\\/#organization\",\"name\":\"Organisator\",\"url\":\"https:\\\/\\\/www.organisator.ch\\\/\",\"logo\":{\"@type\":\"ImageObject\",\"inLanguage\":\"fr-FR\",\"@id\":\"https:\\\/\\\/www.organisator.ch\\\/#\\\/schema\\\/logo\\\/image\\\/\",\"url\":\"https:\\\/\\\/www.organisator.ch\\\/wp-content\\\/uploads\\\/2022\\\/01\\\/Logo_Organisator_Website.png\",\"contentUrl\":\"https:\\\/\\\/www.organisator.ch\\\/wp-content\\\/uploads\\\/2022\\\/01\\\/Logo_Organisator_Website.png\",\"width\":800,\"height\":77,\"caption\":\"Organisator\"},\"image\":{\"@id\":\"https:\\\/\\\/www.organisator.ch\\\/#\\\/schema\\\/logo\\\/image\\\/\"},\"sameAs\":[\"https:\\\/\\\/www.facebook.com\\\/OrganisatorFachmagazin\",\"https:\\\/\\\/www.linkedin.com\\\/showcase\\\/organisator-das-magazin-fr-kmu\",\"https:\\\/\\\/www.xing.com\\\/news\\\/pages\\\/organisator-ch-695\",\"https:\\\/\\\/www.youtube.com\\\/channel\\\/UCGP2Sq0iWaZwT3BdIAQFYpw\"]},{\"@type\":\"Person\",\"@id\":\"https:\\\/\\\/www.organisator.ch\\\/#\\\/schema\\\/person\\\/2e1314a2172123f874db408d8911d3f3\",\"name\":\"Adelisa Kalajdzini\",\"image\":{\"@type\":\"ImageObject\",\"inLanguage\":\"fr-FR\",\"@id\":\"https:\\\/\\\/secure.gravatar.com\\\/avatar\\\/09a397c22ac58cad6f160ee8306348599df9df58a8ede73696226897b9fa4b24?s=96&d=mm&r=g\",\"url\":\"https:\\\/\\\/secure.gravatar.com\\\/avatar\\\/09a397c22ac58cad6f160ee8306348599df9df58a8ede73696226897b9fa4b24?s=96&d=mm&r=g\",\"contentUrl\":\"https:\\\/\\\/secure.gravatar.com\\\/avatar\\\/09a397c22ac58cad6f160ee8306348599df9df58a8ede73696226897b9fa4b24?s=96&d=mm&r=g\",\"caption\":\"Adelisa Kalajdzini\"},\"url\":\"https:\\\/\\\/www.organisator.ch\\\/fr\\\/author\\\/adelisa-kalajdzini\\\/\"}]}<\/script>\n<!-- \/ Yoast SEO plugin. -->","yoast_head_json":{"title":"HWZ Hochschule f\u00fcr Wirtschaft Z\u00fcrich renforce son conseil d'administration - Organisateur","description":"La HWZ Hochschule f\u00fcr Wirtschaft Z\u00fcrich \u00e9largit d\u00e8s \u00e0 pr\u00e9sent son conseil d'administration avec l'arriv\u00e9e de Madame Dr. Claudia Sidler-Brand.","robots":{"index":"index","follow":"follow","max-snippet":"max-snippet:-1","max-image-preview":"max-image-preview:large","max-video-preview":"max-video-preview:-1"},"canonical":"https:\/\/www.organisator.ch\/fr\/gestion-2\/2023-10-26\/hwz-hochschule-fuer-wirtschaft-zuerich-staerkt-den-verwaltungsrat\/","og_locale":"fr_FR","og_type":"article","og_title":"HWZ Hochschule f\u00fcr Wirtschaft Z\u00fcrich st\u00e4rkt den Verwaltungsrat","og_description":"Die HWZ Hochschule f\u00fcr Wirtschaft Z\u00fcrich erweitert per sofort den Verwaltungsrat mit Frau Dr. Claudia Sidler-Brand.","og_url":"https:\/\/www.organisator.ch\/fr\/gestion-2\/2023-10-26\/hwz-hochschule-fuer-wirtschaft-zuerich-staerkt-den-verwaltungsrat\/","og_site_name":"Organisator","article_publisher":"https:\/\/www.facebook.com\/OrganisatorFachmagazin","article_published_time":"2023-10-26T05:56:03+00:00","og_image":[{"width":680,"height":454,"url":"https:\/\/www.organisator.ch\/wp-content\/uploads\/2023\/10\/Claudia-Sidler_VR_HWZ_ps.jpg","type":"image\/jpeg"}],"author":"Adelisa Kalajdzini","twitter_card":"summary_large_image","twitter_title":"HWZ Hochschule f\u00fcr Wirtschaft Z\u00fcrich st\u00e4rkt den Verwaltungsrat","twitter_description":"Die #HWZ Hochschule f\u00fcr Wirtschaft Z\u00fcrich erweitert per sofort den Verwaltungsrat mit Frau #Dr. Claudia Sidler-Brand.","twitter_image":"https:\/\/www.organisator.ch\/wp-content\/uploads\/2023\/10\/Claudia-Sidler_VR_HWZ_ps.jpg","schema":{"@context":"https:\/\/schema.org","@graph":[{"@type":"Article","@id":"https:\/\/www.organisator.ch\/management\/2023-10-26\/hwz-hochschule-fuer-wirtschaft-zuerich-staerkt-den-verwaltungsrat\/#article","isPartOf":{"@id":"https:\/\/www.organisator.ch\/management\/2023-10-26\/hwz-hochschule-fuer-wirtschaft-zuerich-staerkt-den-verwaltungsrat\/"},"author":{"name":"Adelisa Kalajdzini","@id":"https:\/\/www.organisator.ch\/#\/schema\/person\/2e1314a2172123f874db408d8911d3f3"},"headline":"HWZ Hochschule f\u00fcr Wirtschaft Z\u00fcrich st\u00e4rkt den Verwaltungsrat","datePublished":"2023-10-26T05:56:03+00:00","mainEntityOfPage":{"@id":"https:\/\/www.organisator.ch\/management\/2023-10-26\/hwz-hochschule-fuer-wirtschaft-zuerich-staerkt-den-verwaltungsrat\/"},"wordCount":198,"publisher":{"@id":"https:\/\/www.organisator.ch\/#organization"},"image":{"@id":"https:\/\/www.organisator.ch\/management\/2023-10-26\/hwz-hochschule-fuer-wirtschaft-zuerich-staerkt-den-verwaltungsrat\/#primaryimage"},"thumbnailUrl":"https:\/\/www.organisator.ch\/wp-content\/uploads\/2023\/10\/Claudia-Sidler_VR_HWZ_ps.jpg","keywords":["HWZ","Karriere","Management","Unternehmen","Verwaltungsrat"],"articleSection":["MANAGEMENT"],"inLanguage":"fr-FR"},{"@type":"WebPage","@id":"https:\/\/www.organisator.ch\/management\/2023-10-26\/hwz-hochschule-fuer-wirtschaft-zuerich-staerkt-den-verwaltungsrat\/","url":"https:\/\/www.organisator.ch\/management\/2023-10-26\/hwz-hochschule-fuer-wirtschaft-zuerich-staerkt-den-verwaltungsrat\/","name":"HWZ Hochschule f\u00fcr Wirtschaft Z\u00fcrich renforce son conseil d'administration - Organisateur","isPartOf":{"@id":"https:\/\/www.organisator.ch\/#website"},"primaryImageOfPage":{"@id":"https:\/\/www.organisator.ch\/management\/2023-10-26\/hwz-hochschule-fuer-wirtschaft-zuerich-staerkt-den-verwaltungsrat\/#primaryimage"},"image":{"@id":"https:\/\/www.organisator.ch\/management\/2023-10-26\/hwz-hochschule-fuer-wirtschaft-zuerich-staerkt-den-verwaltungsrat\/#primaryimage"},"thumbnailUrl":"https:\/\/www.organisator.ch\/wp-content\/uploads\/2023\/10\/Claudia-Sidler_VR_HWZ_ps.jpg","datePublished":"2023-10-26T05:56:03+00:00","description":"La HWZ Hochschule f\u00fcr Wirtschaft Z\u00fcrich \u00e9largit d\u00e8s \u00e0 pr\u00e9sent son conseil d'administration avec l'arriv\u00e9e de Madame Dr. Claudia Sidler-Brand.","breadcrumb":{"@id":"https:\/\/www.organisator.ch\/management\/2023-10-26\/hwz-hochschule-fuer-wirtschaft-zuerich-staerkt-den-verwaltungsrat\/#breadcrumb"},"inLanguage":"fr-FR","potentialAction":[{"@type":"ReadAction","target":["https:\/\/www.organisator.ch\/management\/2023-10-26\/hwz-hochschule-fuer-wirtschaft-zuerich-staerkt-den-verwaltungsrat\/"]}]},{"@type":"ImageObject","inLanguage":"fr-FR","@id":"https:\/\/www.organisator.ch\/management\/2023-10-26\/hwz-hochschule-fuer-wirtschaft-zuerich-staerkt-den-verwaltungsrat\/#primaryimage","url":"https:\/\/www.organisator.ch\/wp-content\/uploads\/2023\/10\/Claudia-Sidler_VR_HWZ_ps.jpg","contentUrl":"https:\/\/www.organisator.ch\/wp-content\/uploads\/2023\/10\/Claudia-Sidler_VR_HWZ_ps.jpg","width":680,"height":454,"caption":"Claudia Sidler-Brand, neues Mitglied des Verwaltungsrats der HWZ. (Bild: www.fh.hwz.ch)"},{"@type":"BreadcrumbList","@id":"https:\/\/www.organisator.ch\/management\/2023-10-26\/hwz-hochschule-fuer-wirtschaft-zuerich-staerkt-den-verwaltungsrat\/#breadcrumb","itemListElement":[{"@type":"ListItem","position":1,"name":"Home","item":"https:\/\/www.organisator.ch\/"},{"@type":"ListItem","position":2,"name":"HWZ Hochschule f\u00fcr Wirtschaft Z\u00fcrich st\u00e4rkt den Verwaltungsrat"}]},{"@type":"WebSite","@id":"https:\/\/www.organisator.ch\/#website","url":"https:\/\/www.organisator.ch\/","name":"Organisateur","description":"Comp\u00e9tence et comp\u00e9tence. Proches de la pratique. L'ORGANISATEUR pr\u00e9pare 10 num\u00e9ros par an sur les th\u00e8mes essentiels pour les dirigeants de PME.","publisher":{"@id":"https:\/\/www.organisator.ch\/#organization"},"potentialAction":[{"@type":"SearchAction","target":{"@type":"EntryPoint","urlTemplate":"https:\/\/www.organisator.ch\/?s={search_term_string}"},"query-input":{"@type":"PropertyValueSpecification","valueRequired":true,"valueName":"search_term_string"}}],"inLanguage":"fr-FR"},{"@type":"Organization","@id":"https:\/\/www.organisator.ch\/#organization","name":"Organisateur","url":"https:\/\/www.organisator.ch\/","logo":{"@type":"ImageObject","inLanguage":"fr-FR","@id":"https:\/\/www.organisator.ch\/#\/schema\/logo\/image\/","url":"https:\/\/www.organisator.ch\/wp-content\/uploads\/2022\/01\/Logo_Organisator_Website.png","contentUrl":"https:\/\/www.organisator.ch\/wp-content\/uploads\/2022\/01\/Logo_Organisator_Website.png","width":800,"height":77,"caption":"Organisator"},"image":{"@id":"https:\/\/www.organisator.ch\/#\/schema\/logo\/image\/"},"sameAs":["https:\/\/www.facebook.com\/OrganisatorFachmagazin","https:\/\/www.linkedin.com\/showcase\/organisator-das-magazin-fr-kmu","https:\/\/www.xing.com\/news\/pages\/organisator-ch-695","https:\/\/www.youtube.com\/channel\/UCGP2Sq0iWaZwT3BdIAQFYpw"]},{"@type":"Person","@id":"https:\/\/www.organisator.ch\/#\/schema\/person\/2e1314a2172123f874db408d8911d3f3","name":"Adelisa Kalajdzini","image":{"@type":"ImageObject","inLanguage":"fr-FR","@id":"https:\/\/secure.gravatar.com\/avatar\/09a397c22ac58cad6f160ee8306348599df9df58a8ede73696226897b9fa4b24?s=96&d=mm&r=g","url":"https:\/\/secure.gravatar.com\/avatar\/09a397c22ac58cad6f160ee8306348599df9df58a8ede73696226897b9fa4b24?s=96&d=mm&r=g","contentUrl":"https:\/\/secure.gravatar.com\/avatar\/09a397c22ac58cad6f160ee8306348599df9df58a8ede73696226897b9fa4b24?s=96&d=mm&r=g","caption":"Adelisa Kalajdzini"},"url":"https:\/\/www.organisator.ch\/fr\/author\/adelisa-kalajdzini\/"}]}},"_links":{"self":[{"href":"https:\/\/www.organisator.ch\/fr\/wp-json\/wp\/v2\/posts\/22759","targetHints":{"allow":["GET"]}}],"collection":[{"href":"https:\/\/www.organisator.ch\/fr\/wp-json\/wp\/v2\/posts"}],"about":[{"href":"https:\/\/www.organisator.ch\/fr\/wp-json\/wp\/v2\/types\/post"}],"author":[{"embeddable":true,"href":"https:\/\/www.organisator.ch\/fr\/wp-json\/wp\/v2\/users\/58"}],"replies":[{"embeddable":true,"href":"https:\/\/www.organisator.ch\/fr\/wp-json\/wp\/v2\/comments?post=22759"}],"version-history":[{"count":3,"href":"https:\/\/www.organisator.ch\/fr\/wp-json\/wp\/v2\/posts\/22759\/revisions"}],"predecessor-version":[{"id":22764,"href":"https:\/\/www.organisator.ch\/fr\/wp-json\/wp\/v2\/posts\/22759\/revisions\/22764"}],"wp:featuredmedia":[{"embeddable":true,"href":"https:\/\/www.organisator.ch\/fr\/wp-json\/wp\/v2\/media\/22762"}],"wp:attachment":[{"href":"https:\/\/www.organisator.ch\/fr\/wp-json\/wp\/v2\/media?parent=22759"}],"wp:term":[{"taxonomy":"category","embeddable":true,"href":"https:\/\/www.organisator.ch\/fr\/wp-json\/wp\/v2\/categories?post=22759"},{"taxonomy":"post_tag","embeddable":true,"href":"https:\/\/www.organisator.ch\/fr\/wp-json\/wp\/v2\/tags?post=22759"}],"curies":[{"name":"wp","href":"https:\/\/api.w.org\/{rel}","templated":true}]}}