{"id":22772,"date":"2023-10-26T11:35:29","date_gmt":"2023-10-26T09:35:29","guid":{"rendered":"https:\/\/www.organisator.ch\/?p=22772"},"modified":"2023-10-25T14:46:49","modified_gmt":"2023-10-25T12:46:49","slug":"drucker-als-gefahr-fuer-die-it-sicherheit-in-kmu","status":"publish","type":"post","link":"https:\/\/www.organisator.ch\/fr\/management\/2023-10-26\/drucker-als-gefahr-fuer-die-it-sicherheit-in-kmu\/","title":{"rendered":"Les imprimantes, une menace pour la s\u00e9curit\u00e9 informatique des PME"},"content":{"rendered":"<figure id=\"attachment_22774\" aria-describedby=\"caption-attachment-22774\" style=\"width: 680px\" class=\"wp-caption alignnone\"><img loading=\"lazy\" decoding=\"async\" class=\"size-full wp-image-22774\" src=\"https:\/\/www.organisator.ch\/wp-content\/uploads\/2023\/10\/Sharp_Bild1_ps.jpg\" alt=\"\" width=\"680\" height=\"454\" srcset=\"https:\/\/www.organisator.ch\/wp-content\/uploads\/2023\/10\/Sharp_Bild1_ps.jpg 680w, https:\/\/www.organisator.ch\/wp-content\/uploads\/2023\/10\/Sharp_Bild1_ps-18x12.jpg 18w, https:\/\/www.organisator.ch\/wp-content\/uploads\/2023\/10\/Sharp_Bild1_ps-375x250.jpg 375w, https:\/\/www.organisator.ch\/wp-content\/uploads\/2023\/10\/Sharp_Bild1_ps-524x350.jpg 524w\" sizes=\"auto, (max-width: 680px) 100vw, 680px\" \/><figcaption id=\"caption-attachment-22774\" class=\"wp-caption-text\">Le MFP comme faille de s\u00e9curit\u00e9 potentielle : Les connaissances insuffisantes des employ\u00e9s en mati\u00e8re de cybers\u00e9curit\u00e9 aggravent le probl\u00e8me. (Image : www.sharp.ch)<\/figcaption><\/figure>\n<p>C'est la conclusion d'une r\u00e9cente \u00e9tude men\u00e9e par Sharp aupr\u00e8s de plus de 500 d\u00e9cideurs et responsables de l'approvisionnement informatique de PME de diff\u00e9rents secteurs en Suisse.<\/p>\n<h3><strong>MFP non prot\u00e9g\u00e9s : pourquoi s'inqui\u00e9ter ?<\/strong><\/h3>\n<p>La situation des menaces dans le domaine des MFP est encore renforc\u00e9e par l'utilisation croissante de mod\u00e8les de travail hybrides. Ce sont surtout la protection souvent insuffisante des connexions r\u00e9seau et les erreurs humaines qui pr\u00e9occupent les d\u00e9cideurs informatiques interrog\u00e9s. Les risques de s\u00e9curit\u00e9 directement li\u00e9s aux MFP non prot\u00e9g\u00e9s ne sont toutefois une source d'inqui\u00e9tude que pour 6 % des personnes interrog\u00e9es. 17 % des personnes interrog\u00e9es indiquent que leur entreprise n'a pris aucune mesure de s\u00e9curit\u00e9 informatique sp\u00e9cifique aux imprimantes.<\/p>\n<h3><strong>Bo\u00eete noire de la s\u00e9curit\u00e9 informatique : le manque de savoir-faire aggrave les risques<\/strong><\/h3>\n<p>Dans le cadre de l'\u00e9tude, les d\u00e9cideurs informatiques ont \u00e9galement \u00e9t\u00e9 interrog\u00e9s sur leur confiance dans la capacit\u00e9 de leur entreprise \u00e0 g\u00e9rer de mani\u00e8re ad\u00e9quate les risques de s\u00e9curit\u00e9. Une autre question portait sur les \u00e9ventuels obstacles qui, selon les responsables, entravent les investissements dans les mesures de s\u00e9curit\u00e9 informatique. La g\u00e9n\u00e9ralisation croissante des mod\u00e8les de travail hybrides est cit\u00e9e par 28 % des PME interrog\u00e9es comme une raison de pr\u00e9occupation accrue en mati\u00e8re de s\u00e9curit\u00e9. Pr\u00e8s d'un tiers (31 %) s'inqui\u00e8te du manque de connaissances des collaborateurs en mati\u00e8re de s\u00e9curit\u00e9 informatique.<\/p>\n<p>Malgr\u00e9 ces inqui\u00e9tudes, seules 29 % des PME abordent les risques particuliers li\u00e9s au travail hybride dans le cadre de la formation \u00e0 la s\u00e9curit\u00e9 informatique. Et seul un quart environ des entreprises forment leurs employ\u00e9s \u00e0 la s\u00e9curit\u00e9 des imprimantes (24 %) et des scanners (28 %).<\/p>\n<h3><strong>Plus de s\u00e9curit\u00e9 \u00e0 moindre co\u00fbt <\/strong><\/h3>\n<p>\"Les cas de cybercriminalit\u00e9 et les incidents de s\u00e9curit\u00e9 informatique qui font la une des journaux sont souvent bas\u00e9s sur des m\u00e9thodes et des vecteurs d'attaque techniquement complexes. Mais pour les d\u00e9cideurs des PME, les risques et les vuln\u00e9rabilit\u00e9s potentiels quotidiens li\u00e9s \u00e0 des MFP non prot\u00e9g\u00e9s ou \u00e0 un comportement imprudent de leurs propres collaborateurs sont souvent les plus pertinents\", commente Antonio Papalo, COO chez Sharp Electronics Suisse, \u00e0 propos des r\u00e9sultats de l'enqu\u00eate.<\/p>\n<p>\"Les premi\u00e8res mesures importantes pour les entreprises seraient par exemple de maintenir \u00e0 jour les logiciels de leurs scanners et imprimantes et d'effectuer des sauvegardes r\u00e9guli\u00e8res. En outre, elles devraient introduire des normes de s\u00e9curit\u00e9 uniformes pour les \u00e9quipes travaillant en mode hybride et sensibiliser leurs collaborateurs aux questions de s\u00e9curit\u00e9 li\u00e9es aux MFP\", poursuit Antonio Papalo. \"Cela commence par exemple par le fait que les impressions et les copies confidentielles ne doivent pas \u00eatre laiss\u00e9es sans surveillance dans le bac de sortie du MFP ou \u00eatre jet\u00e9es sans \u00eatre s\u00e9curis\u00e9es. Outre le manque de pr\u00e9cautions techniques, ce sont souvent ces pr\u00e9tendues futilit\u00e9s qui augmentent de mani\u00e8re significative le risque de perte de donn\u00e9es ou d'utilisation abusive par des personnes non autoris\u00e9es. Un conseil d'experts peut en outre aider \u00e0 concevoir une strat\u00e9gie de s\u00e9curit\u00e9 globale et \u00e0 long terme afin de prendre les bonnes d\u00e9cisions au bon moment\".<\/p>\n<p><em>Source : <a href=\"https:\/\/www.sharp.ch\/de\/real-world-security\">www.sharp.ch<\/a><\/em><\/p>","protected":false},"excerpt":{"rendered":"<p>Les menaces de cybers\u00e9curit\u00e9 telles que le phishing ou les ransomwares repr\u00e9sentent un risque de plus en plus s\u00e9rieux pour les petites et moyennes entreprises (PME) en Suisse. Les imprimantes multifonctions (MFP) en r\u00e9seau constituent de plus en plus souvent le point de d\u00e9part des incidents de s\u00e9curit\u00e9 informatique : Pr\u00e8s d'une PME suisse sur quatre (27 %) a d\u00e9j\u00e0 \u00e9t\u00e9 touch\u00e9e par une violation de s\u00e9curit\u00e9 via un MFP. <\/p>","protected":false},"author":58,"featured_media":22774,"comment_status":"closed","ping_status":"closed","sticky":false,"template":"","format":"standard","meta":{"_acf_changed":false,"_yoast_wpseo_focuskw":"IT-Sicherheit","_yoast_wpseo_metadesc":"Cybersicherheitsbedrohungen werden auch f\u00fcr kleine und mittlere Unternehmen (KMU) in der Schweiz zunehmend zu einem ernstzunehmenden Risiko.","articlekey":"","footnotes":""},"categories":[28],"tags":[608,156,286,334,418],"class_list":["post-22772","post","type-post","status-publish","format-standard","has-post-thumbnail","hentry","category-management","tag-cybersicherheit","tag-digitalisierung","tag-it","tag-management","tag-risikomanagement"],"acf":[],"yoast_head":"<!-- This site is optimized with the Yoast SEO plugin v27.5 - https:\/\/yoast.com\/product\/yoast-seo-wordpress\/ -->\n<title>Drucker als Gefahr f\u00fcr die IT-Sicherheit in KMU - Organisator<\/title>\n<meta name=\"description\" content=\"Cybersicherheitsbedrohungen werden auch f\u00fcr kleine und mittlere Unternehmen (KMU) in der Schweiz zunehmend zu einem ernstzunehmenden Risiko.\" \/>\n<meta name=\"robots\" content=\"index, follow, max-snippet:-1, max-image-preview:large, max-video-preview:-1\" \/>\n<link rel=\"canonical\" href=\"https:\/\/www.organisator.ch\/fr\/gestion-2\/2023-10-26\/drucker-als-gefahr-fuer-die-it-sicherheit-in-kmu\/\" \/>\n<meta property=\"og:locale\" content=\"fr_FR\" \/>\n<meta property=\"og:type\" content=\"article\" \/>\n<meta property=\"og:title\" content=\"Drucker als Gefahr f\u00fcr die IT-Sicherheit in KMU\" \/>\n<meta property=\"og:description\" content=\"Cybersicherheitsbedrohungen werden auch f\u00fcr kleine und mittlere Unternehmen (KMU) in der Schweiz zunehmend zu einem ernstzunehmenden Risiko.\" \/>\n<meta property=\"og:url\" content=\"https:\/\/www.organisator.ch\/fr\/gestion-2\/2023-10-26\/drucker-als-gefahr-fuer-die-it-sicherheit-in-kmu\/\" \/>\n<meta property=\"og:site_name\" content=\"Organisator\" \/>\n<meta property=\"article:publisher\" content=\"https:\/\/www.facebook.com\/OrganisatorFachmagazin\" \/>\n<meta property=\"article:published_time\" content=\"2023-10-26T09:35:29+00:00\" \/>\n<meta property=\"og:image\" content=\"https:\/\/www.organisator.ch\/wp-content\/uploads\/2023\/10\/Sharp_Bild1_ps.jpg\" \/>\n\t<meta property=\"og:image:width\" content=\"680\" \/>\n\t<meta property=\"og:image:height\" content=\"454\" \/>\n\t<meta property=\"og:image:type\" content=\"image\/jpeg\" \/>\n<meta name=\"author\" content=\"Adelisa Kalajdzini\" \/>\n<meta name=\"twitter:card\" content=\"summary_large_image\" \/>\n<meta name=\"twitter:title\" content=\"Drucker als Gefahr f\u00fcr die IT-Sicherheit in KMU\" \/>\n<meta name=\"twitter:description\" content=\"#Cybersicherheitsbedrohungen werden auch f\u00fcr kleine und mittlere #Unternehmen (KMU) in der Schweiz zunehmend zu einem ernstzunehmenden #Risiko.\" \/>\n<meta name=\"twitter:image\" content=\"https:\/\/www.organisator.ch\/wp-content\/uploads\/2023\/10\/Sharp_Bild1_ps.jpg\" \/>\n<script type=\"application\/ld+json\" class=\"yoast-schema-graph\">{\"@context\":\"https:\\\/\\\/schema.org\",\"@graph\":[{\"@type\":\"Article\",\"@id\":\"https:\\\/\\\/www.organisator.ch\\\/management\\\/2023-10-26\\\/drucker-als-gefahr-fuer-die-it-sicherheit-in-kmu\\\/#article\",\"isPartOf\":{\"@id\":\"https:\\\/\\\/www.organisator.ch\\\/management\\\/2023-10-26\\\/drucker-als-gefahr-fuer-die-it-sicherheit-in-kmu\\\/\"},\"author\":{\"name\":\"Adelisa Kalajdzini\",\"@id\":\"https:\\\/\\\/www.organisator.ch\\\/#\\\/schema\\\/person\\\/2e1314a2172123f874db408d8911d3f3\"},\"headline\":\"Drucker als Gefahr f\u00fcr die IT-Sicherheit in KMU\",\"datePublished\":\"2023-10-26T09:35:29+00:00\",\"mainEntityOfPage\":{\"@id\":\"https:\\\/\\\/www.organisator.ch\\\/management\\\/2023-10-26\\\/drucker-als-gefahr-fuer-die-it-sicherheit-in-kmu\\\/\"},\"wordCount\":450,\"publisher\":{\"@id\":\"https:\\\/\\\/www.organisator.ch\\\/#organization\"},\"image\":{\"@id\":\"https:\\\/\\\/www.organisator.ch\\\/management\\\/2023-10-26\\\/drucker-als-gefahr-fuer-die-it-sicherheit-in-kmu\\\/#primaryimage\"},\"thumbnailUrl\":\"https:\\\/\\\/www.organisator.ch\\\/wp-content\\\/uploads\\\/2023\\\/10\\\/Sharp_Bild1_ps.jpg\",\"keywords\":[\"Cybersicherheit\",\"Digitalisierung\",\"IT\",\"Management\",\"Risikomanagement\"],\"articleSection\":[\"MANAGEMENT\"],\"inLanguage\":\"fr-FR\"},{\"@type\":\"WebPage\",\"@id\":\"https:\\\/\\\/www.organisator.ch\\\/management\\\/2023-10-26\\\/drucker-als-gefahr-fuer-die-it-sicherheit-in-kmu\\\/\",\"url\":\"https:\\\/\\\/www.organisator.ch\\\/management\\\/2023-10-26\\\/drucker-als-gefahr-fuer-die-it-sicherheit-in-kmu\\\/\",\"name\":\"Drucker als Gefahr f\u00fcr die IT-Sicherheit in KMU - Organisator\",\"isPartOf\":{\"@id\":\"https:\\\/\\\/www.organisator.ch\\\/#website\"},\"primaryImageOfPage\":{\"@id\":\"https:\\\/\\\/www.organisator.ch\\\/management\\\/2023-10-26\\\/drucker-als-gefahr-fuer-die-it-sicherheit-in-kmu\\\/#primaryimage\"},\"image\":{\"@id\":\"https:\\\/\\\/www.organisator.ch\\\/management\\\/2023-10-26\\\/drucker-als-gefahr-fuer-die-it-sicherheit-in-kmu\\\/#primaryimage\"},\"thumbnailUrl\":\"https:\\\/\\\/www.organisator.ch\\\/wp-content\\\/uploads\\\/2023\\\/10\\\/Sharp_Bild1_ps.jpg\",\"datePublished\":\"2023-10-26T09:35:29+00:00\",\"description\":\"Cybersicherheitsbedrohungen werden auch f\u00fcr kleine und mittlere Unternehmen (KMU) in der Schweiz zunehmend zu einem ernstzunehmenden Risiko.\",\"breadcrumb\":{\"@id\":\"https:\\\/\\\/www.organisator.ch\\\/management\\\/2023-10-26\\\/drucker-als-gefahr-fuer-die-it-sicherheit-in-kmu\\\/#breadcrumb\"},\"inLanguage\":\"fr-FR\",\"potentialAction\":[{\"@type\":\"ReadAction\",\"target\":[\"https:\\\/\\\/www.organisator.ch\\\/management\\\/2023-10-26\\\/drucker-als-gefahr-fuer-die-it-sicherheit-in-kmu\\\/\"]}]},{\"@type\":\"ImageObject\",\"inLanguage\":\"fr-FR\",\"@id\":\"https:\\\/\\\/www.organisator.ch\\\/management\\\/2023-10-26\\\/drucker-als-gefahr-fuer-die-it-sicherheit-in-kmu\\\/#primaryimage\",\"url\":\"https:\\\/\\\/www.organisator.ch\\\/wp-content\\\/uploads\\\/2023\\\/10\\\/Sharp_Bild1_ps.jpg\",\"contentUrl\":\"https:\\\/\\\/www.organisator.ch\\\/wp-content\\\/uploads\\\/2023\\\/10\\\/Sharp_Bild1_ps.jpg\",\"width\":680,\"height\":454,\"caption\":\"Der MFP als potenzielle Sicherheitsl\u00fccke: Unzureichende Kenntnisse von Angestellten beim Thema Cybersicherheit versch\u00e4rfen das Problem. (Bild: www.sharp.ch)\"},{\"@type\":\"BreadcrumbList\",\"@id\":\"https:\\\/\\\/www.organisator.ch\\\/management\\\/2023-10-26\\\/drucker-als-gefahr-fuer-die-it-sicherheit-in-kmu\\\/#breadcrumb\",\"itemListElement\":[{\"@type\":\"ListItem\",\"position\":1,\"name\":\"Home\",\"item\":\"https:\\\/\\\/www.organisator.ch\\\/\"},{\"@type\":\"ListItem\",\"position\":2,\"name\":\"Drucker als Gefahr f\u00fcr die IT-Sicherheit in KMU\"}]},{\"@type\":\"WebSite\",\"@id\":\"https:\\\/\\\/www.organisator.ch\\\/#website\",\"url\":\"https:\\\/\\\/www.organisator.ch\\\/\",\"name\":\"Organisator\",\"description\":\"Kompetent. Praxisnah. Der ORGANISATOR bereitet in 10 Ausgaben pro Jahr die wesentlichen Themen f\u00fcr F\u00fchrungskr\u00e4fte von KMU auf.\",\"publisher\":{\"@id\":\"https:\\\/\\\/www.organisator.ch\\\/#organization\"},\"potentialAction\":[{\"@type\":\"SearchAction\",\"target\":{\"@type\":\"EntryPoint\",\"urlTemplate\":\"https:\\\/\\\/www.organisator.ch\\\/?s={search_term_string}\"},\"query-input\":{\"@type\":\"PropertyValueSpecification\",\"valueRequired\":true,\"valueName\":\"search_term_string\"}}],\"inLanguage\":\"fr-FR\"},{\"@type\":\"Organization\",\"@id\":\"https:\\\/\\\/www.organisator.ch\\\/#organization\",\"name\":\"Organisator\",\"url\":\"https:\\\/\\\/www.organisator.ch\\\/\",\"logo\":{\"@type\":\"ImageObject\",\"inLanguage\":\"fr-FR\",\"@id\":\"https:\\\/\\\/www.organisator.ch\\\/#\\\/schema\\\/logo\\\/image\\\/\",\"url\":\"https:\\\/\\\/www.organisator.ch\\\/wp-content\\\/uploads\\\/2022\\\/01\\\/Logo_Organisator_Website.png\",\"contentUrl\":\"https:\\\/\\\/www.organisator.ch\\\/wp-content\\\/uploads\\\/2022\\\/01\\\/Logo_Organisator_Website.png\",\"width\":800,\"height\":77,\"caption\":\"Organisator\"},\"image\":{\"@id\":\"https:\\\/\\\/www.organisator.ch\\\/#\\\/schema\\\/logo\\\/image\\\/\"},\"sameAs\":[\"https:\\\/\\\/www.facebook.com\\\/OrganisatorFachmagazin\",\"https:\\\/\\\/www.linkedin.com\\\/showcase\\\/organisator-das-magazin-fr-kmu\",\"https:\\\/\\\/www.xing.com\\\/news\\\/pages\\\/organisator-ch-695\",\"https:\\\/\\\/www.youtube.com\\\/channel\\\/UCGP2Sq0iWaZwT3BdIAQFYpw\"]},{\"@type\":\"Person\",\"@id\":\"https:\\\/\\\/www.organisator.ch\\\/#\\\/schema\\\/person\\\/2e1314a2172123f874db408d8911d3f3\",\"name\":\"Adelisa Kalajdzini\",\"image\":{\"@type\":\"ImageObject\",\"inLanguage\":\"fr-FR\",\"@id\":\"https:\\\/\\\/secure.gravatar.com\\\/avatar\\\/09a397c22ac58cad6f160ee8306348599df9df58a8ede73696226897b9fa4b24?s=96&d=mm&r=g\",\"url\":\"https:\\\/\\\/secure.gravatar.com\\\/avatar\\\/09a397c22ac58cad6f160ee8306348599df9df58a8ede73696226897b9fa4b24?s=96&d=mm&r=g\",\"contentUrl\":\"https:\\\/\\\/secure.gravatar.com\\\/avatar\\\/09a397c22ac58cad6f160ee8306348599df9df58a8ede73696226897b9fa4b24?s=96&d=mm&r=g\",\"caption\":\"Adelisa Kalajdzini\"},\"url\":\"https:\\\/\\\/www.organisator.ch\\\/fr\\\/author\\\/adelisa-kalajdzini\\\/\"}]}<\/script>\n<!-- \/ Yoast SEO plugin. -->","yoast_head_json":{"title":"Les imprimantes, une menace pour la s\u00e9curit\u00e9 informatique des PME - Organisateur","description":"Les menaces de cybers\u00e9curit\u00e9 deviennent de plus en plus un risque s\u00e9rieux pour les petites et moyennes entreprises (PME) en Suisse \u00e9galement.","robots":{"index":"index","follow":"follow","max-snippet":"max-snippet:-1","max-image-preview":"max-image-preview:large","max-video-preview":"max-video-preview:-1"},"canonical":"https:\/\/www.organisator.ch\/fr\/gestion-2\/2023-10-26\/drucker-als-gefahr-fuer-die-it-sicherheit-in-kmu\/","og_locale":"fr_FR","og_type":"article","og_title":"Drucker als Gefahr f\u00fcr die IT-Sicherheit in KMU","og_description":"Cybersicherheitsbedrohungen werden auch f\u00fcr kleine und mittlere Unternehmen (KMU) in der Schweiz zunehmend zu einem ernstzunehmenden Risiko.","og_url":"https:\/\/www.organisator.ch\/fr\/gestion-2\/2023-10-26\/drucker-als-gefahr-fuer-die-it-sicherheit-in-kmu\/","og_site_name":"Organisator","article_publisher":"https:\/\/www.facebook.com\/OrganisatorFachmagazin","article_published_time":"2023-10-26T09:35:29+00:00","og_image":[{"width":680,"height":454,"url":"https:\/\/www.organisator.ch\/wp-content\/uploads\/2023\/10\/Sharp_Bild1_ps.jpg","type":"image\/jpeg"}],"author":"Adelisa Kalajdzini","twitter_card":"summary_large_image","twitter_title":"Drucker als Gefahr f\u00fcr die IT-Sicherheit in KMU","twitter_description":"#Cybersicherheitsbedrohungen werden auch f\u00fcr kleine und mittlere #Unternehmen (KMU) in der Schweiz zunehmend zu einem ernstzunehmenden #Risiko.","twitter_image":"https:\/\/www.organisator.ch\/wp-content\/uploads\/2023\/10\/Sharp_Bild1_ps.jpg","schema":{"@context":"https:\/\/schema.org","@graph":[{"@type":"Article","@id":"https:\/\/www.organisator.ch\/management\/2023-10-26\/drucker-als-gefahr-fuer-die-it-sicherheit-in-kmu\/#article","isPartOf":{"@id":"https:\/\/www.organisator.ch\/management\/2023-10-26\/drucker-als-gefahr-fuer-die-it-sicherheit-in-kmu\/"},"author":{"name":"Adelisa Kalajdzini","@id":"https:\/\/www.organisator.ch\/#\/schema\/person\/2e1314a2172123f874db408d8911d3f3"},"headline":"Drucker als Gefahr f\u00fcr die IT-Sicherheit in KMU","datePublished":"2023-10-26T09:35:29+00:00","mainEntityOfPage":{"@id":"https:\/\/www.organisator.ch\/management\/2023-10-26\/drucker-als-gefahr-fuer-die-it-sicherheit-in-kmu\/"},"wordCount":450,"publisher":{"@id":"https:\/\/www.organisator.ch\/#organization"},"image":{"@id":"https:\/\/www.organisator.ch\/management\/2023-10-26\/drucker-als-gefahr-fuer-die-it-sicherheit-in-kmu\/#primaryimage"},"thumbnailUrl":"https:\/\/www.organisator.ch\/wp-content\/uploads\/2023\/10\/Sharp_Bild1_ps.jpg","keywords":["Cybersicherheit","Digitalisierung","IT","Management","Risikomanagement"],"articleSection":["MANAGEMENT"],"inLanguage":"fr-FR"},{"@type":"WebPage","@id":"https:\/\/www.organisator.ch\/management\/2023-10-26\/drucker-als-gefahr-fuer-die-it-sicherheit-in-kmu\/","url":"https:\/\/www.organisator.ch\/management\/2023-10-26\/drucker-als-gefahr-fuer-die-it-sicherheit-in-kmu\/","name":"Les imprimantes, une menace pour la s\u00e9curit\u00e9 informatique des PME - Organisateur","isPartOf":{"@id":"https:\/\/www.organisator.ch\/#website"},"primaryImageOfPage":{"@id":"https:\/\/www.organisator.ch\/management\/2023-10-26\/drucker-als-gefahr-fuer-die-it-sicherheit-in-kmu\/#primaryimage"},"image":{"@id":"https:\/\/www.organisator.ch\/management\/2023-10-26\/drucker-als-gefahr-fuer-die-it-sicherheit-in-kmu\/#primaryimage"},"thumbnailUrl":"https:\/\/www.organisator.ch\/wp-content\/uploads\/2023\/10\/Sharp_Bild1_ps.jpg","datePublished":"2023-10-26T09:35:29+00:00","description":"Les menaces de cybers\u00e9curit\u00e9 deviennent de plus en plus un risque s\u00e9rieux pour les petites et moyennes entreprises (PME) en Suisse \u00e9galement.","breadcrumb":{"@id":"https:\/\/www.organisator.ch\/management\/2023-10-26\/drucker-als-gefahr-fuer-die-it-sicherheit-in-kmu\/#breadcrumb"},"inLanguage":"fr-FR","potentialAction":[{"@type":"ReadAction","target":["https:\/\/www.organisator.ch\/management\/2023-10-26\/drucker-als-gefahr-fuer-die-it-sicherheit-in-kmu\/"]}]},{"@type":"ImageObject","inLanguage":"fr-FR","@id":"https:\/\/www.organisator.ch\/management\/2023-10-26\/drucker-als-gefahr-fuer-die-it-sicherheit-in-kmu\/#primaryimage","url":"https:\/\/www.organisator.ch\/wp-content\/uploads\/2023\/10\/Sharp_Bild1_ps.jpg","contentUrl":"https:\/\/www.organisator.ch\/wp-content\/uploads\/2023\/10\/Sharp_Bild1_ps.jpg","width":680,"height":454,"caption":"Der MFP als potenzielle Sicherheitsl\u00fccke: Unzureichende Kenntnisse von Angestellten beim Thema Cybersicherheit versch\u00e4rfen das Problem. (Bild: www.sharp.ch)"},{"@type":"BreadcrumbList","@id":"https:\/\/www.organisator.ch\/management\/2023-10-26\/drucker-als-gefahr-fuer-die-it-sicherheit-in-kmu\/#breadcrumb","itemListElement":[{"@type":"ListItem","position":1,"name":"Home","item":"https:\/\/www.organisator.ch\/"},{"@type":"ListItem","position":2,"name":"Drucker als Gefahr f\u00fcr die IT-Sicherheit in KMU"}]},{"@type":"WebSite","@id":"https:\/\/www.organisator.ch\/#website","url":"https:\/\/www.organisator.ch\/","name":"Organisateur","description":"Comp\u00e9tence et comp\u00e9tence. Proches de la pratique. L'ORGANISATEUR pr\u00e9pare 10 num\u00e9ros par an sur les th\u00e8mes essentiels pour les dirigeants de PME.","publisher":{"@id":"https:\/\/www.organisator.ch\/#organization"},"potentialAction":[{"@type":"SearchAction","target":{"@type":"EntryPoint","urlTemplate":"https:\/\/www.organisator.ch\/?s={search_term_string}"},"query-input":{"@type":"PropertyValueSpecification","valueRequired":true,"valueName":"search_term_string"}}],"inLanguage":"fr-FR"},{"@type":"Organization","@id":"https:\/\/www.organisator.ch\/#organization","name":"Organisateur","url":"https:\/\/www.organisator.ch\/","logo":{"@type":"ImageObject","inLanguage":"fr-FR","@id":"https:\/\/www.organisator.ch\/#\/schema\/logo\/image\/","url":"https:\/\/www.organisator.ch\/wp-content\/uploads\/2022\/01\/Logo_Organisator_Website.png","contentUrl":"https:\/\/www.organisator.ch\/wp-content\/uploads\/2022\/01\/Logo_Organisator_Website.png","width":800,"height":77,"caption":"Organisator"},"image":{"@id":"https:\/\/www.organisator.ch\/#\/schema\/logo\/image\/"},"sameAs":["https:\/\/www.facebook.com\/OrganisatorFachmagazin","https:\/\/www.linkedin.com\/showcase\/organisator-das-magazin-fr-kmu","https:\/\/www.xing.com\/news\/pages\/organisator-ch-695","https:\/\/www.youtube.com\/channel\/UCGP2Sq0iWaZwT3BdIAQFYpw"]},{"@type":"Person","@id":"https:\/\/www.organisator.ch\/#\/schema\/person\/2e1314a2172123f874db408d8911d3f3","name":"Adelisa Kalajdzini","image":{"@type":"ImageObject","inLanguage":"fr-FR","@id":"https:\/\/secure.gravatar.com\/avatar\/09a397c22ac58cad6f160ee8306348599df9df58a8ede73696226897b9fa4b24?s=96&d=mm&r=g","url":"https:\/\/secure.gravatar.com\/avatar\/09a397c22ac58cad6f160ee8306348599df9df58a8ede73696226897b9fa4b24?s=96&d=mm&r=g","contentUrl":"https:\/\/secure.gravatar.com\/avatar\/09a397c22ac58cad6f160ee8306348599df9df58a8ede73696226897b9fa4b24?s=96&d=mm&r=g","caption":"Adelisa Kalajdzini"},"url":"https:\/\/www.organisator.ch\/fr\/author\/adelisa-kalajdzini\/"}]}},"_links":{"self":[{"href":"https:\/\/www.organisator.ch\/fr\/wp-json\/wp\/v2\/posts\/22772","targetHints":{"allow":["GET"]}}],"collection":[{"href":"https:\/\/www.organisator.ch\/fr\/wp-json\/wp\/v2\/posts"}],"about":[{"href":"https:\/\/www.organisator.ch\/fr\/wp-json\/wp\/v2\/types\/post"}],"author":[{"embeddable":true,"href":"https:\/\/www.organisator.ch\/fr\/wp-json\/wp\/v2\/users\/58"}],"replies":[{"embeddable":true,"href":"https:\/\/www.organisator.ch\/fr\/wp-json\/wp\/v2\/comments?post=22772"}],"version-history":[{"count":5,"href":"https:\/\/www.organisator.ch\/fr\/wp-json\/wp\/v2\/posts\/22772\/revisions"}],"predecessor-version":[{"id":22779,"href":"https:\/\/www.organisator.ch\/fr\/wp-json\/wp\/v2\/posts\/22772\/revisions\/22779"}],"wp:featuredmedia":[{"embeddable":true,"href":"https:\/\/www.organisator.ch\/fr\/wp-json\/wp\/v2\/media\/22774"}],"wp:attachment":[{"href":"https:\/\/www.organisator.ch\/fr\/wp-json\/wp\/v2\/media?parent=22772"}],"wp:term":[{"taxonomy":"category","embeddable":true,"href":"https:\/\/www.organisator.ch\/fr\/wp-json\/wp\/v2\/categories?post=22772"},{"taxonomy":"post_tag","embeddable":true,"href":"https:\/\/www.organisator.ch\/fr\/wp-json\/wp\/v2\/tags?post=22772"}],"curies":[{"name":"wp","href":"https:\/\/api.w.org\/{rel}","templated":true}]}}